{"id":23369,"date":"2021-07-27T09:52:21","date_gmt":"2021-07-27T07:52:21","guid":{"rendered":"https:\/\/www.subaru.es\/blog\/?p=23369"},"modified":"2021-07-27T09:52:30","modified_gmt":"2021-07-27T07:52:30","slug":"protege-la-carroceria-de-tu-subaru-para-que-dure-mas","status":"publish","type":"post","link":"https:\/\/www.subaru.es\/blog\/nuestra-marca\/protege-la-carroceria-de-tu-subaru-para-que-dure-mas\/","title":{"rendered":"Protege la carrocer\u00eda de tu Subaru para que dure m\u00e1s"},"content":{"rendered":"\n<p><strong>La carrocer\u00eda es el espejo del alma de cualquier veh\u00edculo<\/strong>, y a trav\u00e9s de ella podemos deducir el mantenimiento que realiza su propietario. Pero que una carrocer\u00eda luzca radiante no es f\u00e1cil:&nbsp;la climatolog\u00eda y otros factores externos afectan negativamente a la <strong>carrocer\u00eda del coche<\/strong>. Por eso, desde&nbsp;<a href=\"https:\/\/www.subaru.es\/\" target=\"_blank\" rel=\"noreferrer noopener\"><strong>Subaru<\/strong> <\/a>queremos darte una serie de consejos y recomendaciones para que cuides la carrocer\u00eda de tu veh\u00edculo.<\/p>\n\n\n\n<h1 class=\"wp-block-heading\">Consejos para mantener la carrocer\u00eda de tu coche en buen estado<\/h1>\n\n\n\n<p>Te mostramos&nbsp;los <strong>cuidados de la carrocer\u00eda<\/strong>&nbsp;m\u00e1s importantes que debes llevar a cabo. \u00a1Presta atenci\u00f3n!&nbsp;<\/p>\n\n\n\n<h2 class=\"wp-block-heading\">Guarda&nbsp;el coche en un garaje<\/h2>\n\n\n\n<p><\/p>\n\n\n\n<p>Es la <strong>mejor manera de proteger la pintura y la chapa<\/strong> de la radiaci\u00f3n ultravioleta del sol. Y tambi\u00e9n de\u00a0la lluvia y\u00a0las temperaturas extremas etc\u00e9tera. Adem\u00e1s, los <strong>coches seguros\u00a0<\/strong>guardados en garaje\u00a0minimizan\u00a0el riesgo de sufrir un impacto de otro veh\u00edculo al aparcar. Eso s\u00ed:\u00a0sabemos que tal vez no puedas costearte uno. En ese caso, trata de buscar zonas de estacionamiento amplias y con sombra, pero que no est\u00e9n cubiertas por \u00e1rboles. Otra opci\u00f3n es tapar el coche con una lona;\u00a0algo muy \u00fatil si\u00a0conduces poco.<\/p>\n\n\n\n<figure class=\"wp-block-image size-medium\"><img decoding=\"async\" width=\"560\" height=\"373\" data-src=\"https:\/\/www.subaru.es\/blog\/wp-content\/uploads\/2021\/07\/Nuevo-Forester-ECO-HYBRID-Exterior-Llanta-18-2-1-560x373.jpg\" alt=\"Forester Hybrid garaje\" class=\"wp-image-23375 lazyload\" data-srcset=\"https:\/\/www.subaru.es\/blog\/wp-content\/uploads\/2021\/07\/Nuevo-Forester-ECO-HYBRID-Exterior-Llanta-18-2-1-560x373.jpg 560w, https:\/\/www.subaru.es\/blog\/wp-content\/uploads\/2021\/07\/Nuevo-Forester-ECO-HYBRID-Exterior-Llanta-18-2-1-1440x960.jpg 1440w, https:\/\/www.subaru.es\/blog\/wp-content\/uploads\/2021\/07\/Nuevo-Forester-ECO-HYBRID-Exterior-Llanta-18-2-1-768x512.jpg 768w, https:\/\/www.subaru.es\/blog\/wp-content\/uploads\/2021\/07\/Nuevo-Forester-ECO-HYBRID-Exterior-Llanta-18-2-1-1536x1024.jpg 1536w, https:\/\/www.subaru.es\/blog\/wp-content\/uploads\/2021\/07\/Nuevo-Forester-ECO-HYBRID-Exterior-Llanta-18-2-1-2048x1366.jpg 2048w\" data-sizes=\"(max-width: 560px) 100vw, 560px\" src=\"data:image\/svg+xml;base64,PHN2ZyB3aWR0aD0iMSIgaGVpZ2h0PSIxIiB4bWxucz0iaHR0cDovL3d3dy53My5vcmcvMjAwMC9zdmciPjwvc3ZnPg==\" style=\"--smush-placeholder-width: 560px; --smush-placeholder-aspect-ratio: 560\/373;\" \/><\/figure>\n\n\n\n<h2 class=\"wp-block-heading\">Lava el coche, al menos, una vez al mes<\/h2>\n\n\n\n<p><br>No es una simple cuesti\u00f3n de est\u00e9tica. Al lavar tu coche retiras todos los restos de suciedad r\u00e1pidamente, incluidos aquellos que<strong> da\u00f1an carrocer\u00eda del coche<\/strong>. Hablamos, por ejemplo, de la <strong>sal marina<\/strong>, si vives en una zona de costa. Te recomendamos que lo laves a mano, ya que los rodillos de los t\u00faneles de lavado pueden ara\u00f1ar la carrocer\u00eda.&nbsp;<\/p>\n\n\n\n<figure class=\"wp-block-embed-youtube aligncenter wp-block-embed is-type-video is-provider-youtube wp-embed-aspect-16-9 wp-has-aspect-ratio\"><div class=\"wp-block-embed__wrapper\">\n<iframe title=\"Subaru | \u00a1Divi\u00e9rtete y llena de barro tu Forester ecoHybrid!\" width=\"800\" height=\"450\" data-src=\"https:\/\/www.youtube.com\/embed\/nmOrFZFCA1c?feature=oembed\" frameborder=\"0\" allow=\"accelerometer; autoplay; clipboard-write; encrypted-media; gyroscope; picture-in-picture; web-share\" referrerpolicy=\"strict-origin-when-cross-origin\" allowfullscreen src=\"data:image\/svg+xml;base64,PHN2ZyB3aWR0aD0iMSIgaGVpZ2h0PSIxIiB4bWxucz0iaHR0cDovL3d3dy53My5vcmcvMjAwMC9zdmciPjwvc3ZnPg==\" class=\"lazyload\" data-load-mode=\"1\"><\/iframe>\n<\/div><\/figure>\n\n\n\n<h2 class=\"wp-block-heading\">Utiliza productos espec\u00edficos para la carrocer\u00eda del coche<\/h2>\n\n\n\n<p><\/p>\n\n\n\n<p>Puede parecerte que los limpiadores quitagrasas o los detergentes lavavajillas retiran eficazmente la suciedad del veh\u00edculo, y que resultan m\u00e1s econ\u00f3micos que los productos espec\u00edficos. Sin embargo, tienen&nbsp;<strong>ingredientes qu\u00edmicos que pueden da\u00f1ar&nbsp;la pintura<\/strong>.<br><br>Aunque los productos especializados te salgan un poco m\u00e1s caros, lo cierto es que es recomendable invertir en ellos. Adem\u00e1s, ofrecen una buena lubricaci\u00f3n, evitando&nbsp;los ara\u00f1azos al frotar. Al aplicarlos&nbsp;recuerda&nbsp;<strong>utilizar pa\u00f1os de microfibra en lugar de esponjas<\/strong>, ya que son menos abrasivos.<\/p>\n\n\n\n<h2 class=\"wp-block-heading\">No olvides encerar tu veh\u00edculo&nbsp;<\/h2>\n\n\n\n<p><br>La cera no solo consigue que la pintura luzca m\u00e1s brillante y bonita.&nbsp;Tambi\u00e9n crea una <strong>pel\u00edcula protectora<\/strong> que reduce los efectos adversos de los factores externos. Intenta usar la cera recomendada por el fabricante del veh\u00edculo, y del modo en que lo especifique.<\/p>\n\n\n\n<div class=\"wp-block-image\"><figure class=\"aligncenter size-medium\"><img decoding=\"async\" width=\"560\" height=\"373\" data-src=\"https:\/\/www.subaru.es\/blog\/wp-content\/uploads\/2021\/07\/Nuevo-Forester-ECO-HYBRID-Exterior-Llanta-18-42-1-560x373.jpg\" alt=\"Forester Hibrido Autorecargable Paisaje\" class=\"wp-image-23379 lazyload\" data-srcset=\"https:\/\/www.subaru.es\/blog\/wp-content\/uploads\/2021\/07\/Nuevo-Forester-ECO-HYBRID-Exterior-Llanta-18-42-1-560x373.jpg 560w, https:\/\/www.subaru.es\/blog\/wp-content\/uploads\/2021\/07\/Nuevo-Forester-ECO-HYBRID-Exterior-Llanta-18-42-1-1440x960.jpg 1440w, https:\/\/www.subaru.es\/blog\/wp-content\/uploads\/2021\/07\/Nuevo-Forester-ECO-HYBRID-Exterior-Llanta-18-42-1-768x512.jpg 768w, https:\/\/www.subaru.es\/blog\/wp-content\/uploads\/2021\/07\/Nuevo-Forester-ECO-HYBRID-Exterior-Llanta-18-42-1-1536x1024.jpg 1536w, https:\/\/www.subaru.es\/blog\/wp-content\/uploads\/2021\/07\/Nuevo-Forester-ECO-HYBRID-Exterior-Llanta-18-42-1-2048x1365.jpg 2048w\" data-sizes=\"(max-width: 560px) 100vw, 560px\" src=\"data:image\/svg+xml;base64,PHN2ZyB3aWR0aD0iMSIgaGVpZ2h0PSIxIiB4bWxucz0iaHR0cDovL3d3dy53My5vcmcvMjAwMC9zdmciPjwvc3ZnPg==\" style=\"--smush-placeholder-width: 560px; --smush-placeholder-aspect-ratio: 560\/373;\" \/><\/figure><\/div>\n\n\n\n<h2 class=\"wp-block-heading\">Descontamina la pintura<\/h2>\n\n\n\n<p><br>Con el tiempo suelen&nbsp;aparecer&nbsp;<strong>residuos y dep\u00f3sitos ferrosos sobre la pintura<\/strong>. Y, si no los eliminas, acabar\u00e1n generando puntos de oxidaci\u00f3n. Nuestro consejo es que, cada par de a\u00f1os, lleves el coche al taller para que descontaminen la pintura. Tambi\u00e9n lo puedes hacer t\u00fa mismo, comprando productos espec\u00edficos. Son baratos, y se aplican pr\u00e1cticamente igual que la cera.&nbsp;<br><br><strong>Cuidar la carrocer\u00eda del coche en general<\/strong> es una <a href=\"https:\/\/www.subaru.es\/postventa\" target=\"_blank\" rel=\"noreferrer noopener\">tarea de mantenimiento<\/a> fundamental para garantizar la durabilidad del veh\u00edculo. Sigue estos consejos para que tu veh\u00edculo luzca radiante durante toda su vida \u00fatil.&nbsp;<br><br><\/p>\n","protected":false},"excerpt":{"rendered":"<p>La carrocer\u00eda es el espejo del alma de cualquier veh\u00edculo, y a trav\u00e9s de ella podemos deducir el mantenimiento que realiza su propietario. Pero que una carrocer\u00eda luzca radiante no es f\u00e1cil:&nbsp;la climatolog\u00eda y otros factores externos afectan negativamente a la carrocer\u00eda del coche. Por eso, desde&nbsp;Subaru queremos darte una serie de consejos y recomendaciones [&hellip;]<\/p>\n","protected":false},"author":21,"featured_media":23376,"comment_status":"open","ping_status":"closed","sticky":false,"template":"","format":"standard","meta":{"_acf_changed":false,"_eb_attr":"","inline_featured_image":false,"footnotes":""},"categories":[4401],"tags":[4405,5246,5106,5166,5245,4939,5228,5229,5227,5247,5136,4575,4950,4540,5231,5120,4219,4464,3528],"class_list":["post-23369","post","type-post","status-publish","format-standard","has-post-thumbnail","hentry","category-nuestra-marca","tag-all-around-safety","tag-carroceria-coche","tag-coches-eco","tag-conduccion-nieve","tag-conduccion-verano","tag-eco","tag-forester-hybrid","tag-gama-hybrid","tag-gama-subaru-hybrid","tag-mantenimiento-carroceria","tag-s-awd","tag-seguridad-subaru","tag-sistema-eyesight","tag-sistema-xmode","tag-subaru-forester-hybrid","tag-tarjeta-eco","tag-tecnologia-subaru","tag-traccion-total-simetrica","tag-vehiculos-hibridos"],"acf":[],"yoast_head":"<!-- This site is optimized with the Yoast SEO plugin v27.3 - https:\/\/yoast.com\/product\/yoast-seo-wordpress\/ -->\n<title>Protege la carrocer\u00eda de tu Subaru para que dure m\u00e1s - Universo Subaru<\/title>\n<meta name=\"description\" content=\"La carrocer\u00eda del coche es el elemento que m\u00e1s sufre por los factores externos. Aqu\u00ed te explicamos qu\u00e9 debes hacer para cuidarla y mantenerla perfectamente\" \/>\n<meta name=\"robots\" content=\"index, follow, max-snippet:-1, max-image-preview:large, max-video-preview:-1\" \/>\n<link rel=\"canonical\" href=\"https:\/\/www.subaru.es\/blog\/nuestra-marca\/protege-la-carroceria-de-tu-subaru-para-que-dure-mas\/\" \/>\n<meta property=\"og:locale\" content=\"es_ES\" \/>\n<meta property=\"og:type\" content=\"article\" \/>\n<meta property=\"og:title\" content=\"Protege la carrocer\u00eda de tu Subaru para que dure m\u00e1s - Universo Subaru\" \/>\n<meta property=\"og:description\" content=\"La carrocer\u00eda del coche es el elemento que m\u00e1s sufre por los factores externos. Aqu\u00ed te explicamos qu\u00e9 debes hacer para cuidarla y mantenerla perfectamente\" \/>\n<meta property=\"og:url\" content=\"https:\/\/www.subaru.es\/blog\/nuestra-marca\/protege-la-carroceria-de-tu-subaru-para-que-dure-mas\/\" \/>\n<meta property=\"og:site_name\" content=\"Universo Subaru\" \/>\n<meta property=\"article:publisher\" content=\"https:\/\/www.facebook.com\/subaruespana\" \/>\n<meta property=\"article:published_time\" content=\"2021-07-27T07:52:21+00:00\" \/>\n<meta property=\"article:modified_time\" content=\"2021-07-27T07:52:30+00:00\" \/>\n<meta property=\"og:image\" content=\"https:\/\/www.subaru.es\/blog\/wp-content\/uploads\/2021\/07\/Nuevo-Forester-ECO-HYBRID-Exterior-Llanta-18-44-portada.jpg\" \/>\n\t<meta property=\"og:image:width\" content=\"4819\" \/>\n\t<meta property=\"og:image:height\" content=\"1752\" \/>\n\t<meta property=\"og:image:type\" content=\"image\/jpeg\" \/>\n<meta name=\"author\" content=\"Subaru\" \/>\n<meta name=\"twitter:card\" content=\"summary_large_image\" \/>\n<meta name=\"twitter:label1\" content=\"Escrito por\" \/>\n\t<meta name=\"twitter:data1\" content=\"Subaru\" \/>\n\t<meta name=\"twitter:label2\" content=\"Tiempo de lectura\" \/>\n\t<meta name=\"twitter:data2\" content=\"3 minutos\" \/>\n<script type=\"application\/ld+json\" class=\"yoast-schema-graph\">{\"@context\":\"https:\\\/\\\/schema.org\",\"@graph\":[{\"@type\":\"Article\",\"@id\":\"https:\\\/\\\/www.subaru.es\\\/blog\\\/nuestra-marca\\\/protege-la-carroceria-de-tu-subaru-para-que-dure-mas\\\/#article\",\"isPartOf\":{\"@id\":\"https:\\\/\\\/www.subaru.es\\\/blog\\\/nuestra-marca\\\/protege-la-carroceria-de-tu-subaru-para-que-dure-mas\\\/\"},\"author\":{\"name\":\"Subaru\",\"@id\":\"https:\\\/\\\/www.subaru.es\\\/blog\\\/#\\\/schema\\\/person\\\/19a90b892230b8e0ec752704ddf4aa10\"},\"headline\":\"Protege la carrocer\u00eda de tu Subaru para que dure m\u00e1s\",\"datePublished\":\"2021-07-27T07:52:21+00:00\",\"dateModified\":\"2021-07-27T07:52:30+00:00\",\"mainEntityOfPage\":{\"@id\":\"https:\\\/\\\/www.subaru.es\\\/blog\\\/nuestra-marca\\\/protege-la-carroceria-de-tu-subaru-para-que-dure-mas\\\/\"},\"wordCount\":583,\"commentCount\":0,\"publisher\":{\"@id\":\"https:\\\/\\\/www.subaru.es\\\/blog\\\/#organization\"},\"image\":{\"@id\":\"https:\\\/\\\/www.subaru.es\\\/blog\\\/nuestra-marca\\\/protege-la-carroceria-de-tu-subaru-para-que-dure-mas\\\/#primaryimage\"},\"thumbnailUrl\":\"https:\\\/\\\/www.subaru.es\\\/blog\\\/wp-content\\\/uploads\\\/2021\\\/07\\\/Nuevo-Forester-ECO-HYBRID-Exterior-Llanta-18-44-portada-scaled.jpg\",\"keywords\":[\"all around safety\",\"carrocer\u00eda coche\",\"coches eco\",\"conducci\u00f3n nieve\",\"conducci\u00f3n verano\",\"eco\",\"Forester Hybrid\",\"gama hybrid\",\"Gama Subaru HYBRID\",\"mantenimiento carrocer\u00eda\",\"S-AWD\",\"Seguridad Subaru\",\"Sistema EyeSight\",\"sistema xmode\",\"Subaru Forester HYBRID\",\"Tarjeta eco\",\"Tecnolog\u00eda Subaru\",\"Traccion Total Simetrica\",\"veh\u00edculos h\u00edbridos\"],\"articleSection\":[\"Nuestra marca\"],\"inLanguage\":\"es\",\"potentialAction\":[{\"@type\":\"CommentAction\",\"name\":\"Comment\",\"target\":[\"https:\\\/\\\/www.subaru.es\\\/blog\\\/nuestra-marca\\\/protege-la-carroceria-de-tu-subaru-para-que-dure-mas\\\/#respond\"]}]},{\"@type\":\"WebPage\",\"@id\":\"https:\\\/\\\/www.subaru.es\\\/blog\\\/nuestra-marca\\\/protege-la-carroceria-de-tu-subaru-para-que-dure-mas\\\/\",\"url\":\"https:\\\/\\\/www.subaru.es\\\/blog\\\/nuestra-marca\\\/protege-la-carroceria-de-tu-subaru-para-que-dure-mas\\\/\",\"name\":\"Protege la carrocer\u00eda de tu Subaru para que dure m\u00e1s - Universo Subaru\",\"isPartOf\":{\"@id\":\"https:\\\/\\\/www.subaru.es\\\/blog\\\/#website\"},\"primaryImageOfPage\":{\"@id\":\"https:\\\/\\\/www.subaru.es\\\/blog\\\/nuestra-marca\\\/protege-la-carroceria-de-tu-subaru-para-que-dure-mas\\\/#primaryimage\"},\"image\":{\"@id\":\"https:\\\/\\\/www.subaru.es\\\/blog\\\/nuestra-marca\\\/protege-la-carroceria-de-tu-subaru-para-que-dure-mas\\\/#primaryimage\"},\"thumbnailUrl\":\"https:\\\/\\\/www.subaru.es\\\/blog\\\/wp-content\\\/uploads\\\/2021\\\/07\\\/Nuevo-Forester-ECO-HYBRID-Exterior-Llanta-18-44-portada-scaled.jpg\",\"datePublished\":\"2021-07-27T07:52:21+00:00\",\"dateModified\":\"2021-07-27T07:52:30+00:00\",\"description\":\"La carrocer\u00eda del coche es el elemento que m\u00e1s sufre por los factores externos. Aqu\u00ed te explicamos qu\u00e9 debes hacer para cuidarla y mantenerla perfectamente\",\"breadcrumb\":{\"@id\":\"https:\\\/\\\/www.subaru.es\\\/blog\\\/nuestra-marca\\\/protege-la-carroceria-de-tu-subaru-para-que-dure-mas\\\/#breadcrumb\"},\"inLanguage\":\"es\",\"potentialAction\":[{\"@type\":\"ReadAction\",\"target\":[\"https:\\\/\\\/www.subaru.es\\\/blog\\\/nuestra-marca\\\/protege-la-carroceria-de-tu-subaru-para-que-dure-mas\\\/\"]}]},{\"@type\":\"ImageObject\",\"inLanguage\":\"es\",\"@id\":\"https:\\\/\\\/www.subaru.es\\\/blog\\\/nuestra-marca\\\/protege-la-carroceria-de-tu-subaru-para-que-dure-mas\\\/#primaryimage\",\"url\":\"https:\\\/\\\/www.subaru.es\\\/blog\\\/wp-content\\\/uploads\\\/2021\\\/07\\\/Nuevo-Forester-ECO-HYBRID-Exterior-Llanta-18-44-portada-scaled.jpg\",\"contentUrl\":\"https:\\\/\\\/www.subaru.es\\\/blog\\\/wp-content\\\/uploads\\\/2021\\\/07\\\/Nuevo-Forester-ECO-HYBRID-Exterior-Llanta-18-44-portada-scaled.jpg\",\"width\":2560,\"height\":931,\"caption\":\"Forester Hybrid Playa\"},{\"@type\":\"BreadcrumbList\",\"@id\":\"https:\\\/\\\/www.subaru.es\\\/blog\\\/nuestra-marca\\\/protege-la-carroceria-de-tu-subaru-para-que-dure-mas\\\/#breadcrumb\",\"itemListElement\":[{\"@type\":\"ListItem\",\"position\":1,\"name\":\"Portada\",\"item\":\"https:\\\/\\\/www.subaru.es\\\/blog\\\/\"},{\"@type\":\"ListItem\",\"position\":2,\"name\":\"Protege la carrocer\u00eda de tu Subaru para que dure m\u00e1s\"}]},{\"@type\":\"WebSite\",\"@id\":\"https:\\\/\\\/www.subaru.es\\\/blog\\\/#website\",\"url\":\"https:\\\/\\\/www.subaru.es\\\/blog\\\/\",\"name\":\"Universo Subaru\",\"description\":\"Descubre este apasionante espacio de Subaru donde vas a conocer todo sobre nuestros coches y las experiencias que vivimos con ellos. Si est\u00e1s preparado para dejarte seducir por la filosof\u00eda Subaru, qu\u00e9date con nosotros.\",\"publisher\":{\"@id\":\"https:\\\/\\\/www.subaru.es\\\/blog\\\/#organization\"},\"potentialAction\":[{\"@type\":\"SearchAction\",\"target\":{\"@type\":\"EntryPoint\",\"urlTemplate\":\"https:\\\/\\\/www.subaru.es\\\/blog\\\/?s={search_term_string}\"},\"query-input\":{\"@type\":\"PropertyValueSpecification\",\"valueRequired\":true,\"valueName\":\"search_term_string\"}}],\"inLanguage\":\"es\"},{\"@type\":\"Organization\",\"@id\":\"https:\\\/\\\/www.subaru.es\\\/blog\\\/#organization\",\"name\":\"Subaru Espa\u00f1a S.A.\",\"url\":\"https:\\\/\\\/www.subaru.es\\\/blog\\\/\",\"logo\":{\"@type\":\"ImageObject\",\"inLanguage\":\"es\",\"@id\":\"https:\\\/\\\/www.subaru.es\\\/blog\\\/#\\\/schema\\\/logo\\\/image\\\/\",\"url\":\"https:\\\/\\\/www.subaru.es\\\/blog\\\/wp-content\\\/uploads\\\/2016\\\/12\\\/Logo-Subaru-TypeV_C300-scaled.jpg\",\"contentUrl\":\"https:\\\/\\\/www.subaru.es\\\/blog\\\/wp-content\\\/uploads\\\/2016\\\/12\\\/Logo-Subaru-TypeV_C300-scaled.jpg\",\"width\":2560,\"height\":1864,\"caption\":\"Subaru Espa\u00f1a S.A.\"},\"image\":{\"@id\":\"https:\\\/\\\/www.subaru.es\\\/blog\\\/#\\\/schema\\\/logo\\\/image\\\/\"},\"sameAs\":[\"https:\\\/\\\/www.facebook.com\\\/subaruespana\",\"https:\\\/\\\/www.instagram.com\\\/subarues\\\/\",\"https:\\\/\\\/www.youtube.com\\\/user\\\/subaruespana\"]},{\"@type\":\"Person\",\"@id\":\"https:\\\/\\\/www.subaru.es\\\/blog\\\/#\\\/schema\\\/person\\\/19a90b892230b8e0ec752704ddf4aa10\",\"name\":\"Subaru\",\"url\":\"https:\\\/\\\/www.subaru.es\\\/blog\\\/author\\\/subaria\\\/\"}]}<\/script>\n<!-- \/ Yoast SEO plugin. -->","yoast_head_json":{"title":"Protege la carrocer\u00eda de tu Subaru para que dure m\u00e1s - Universo Subaru","description":"La carrocer\u00eda del coche es el elemento que m\u00e1s sufre por los factores externos. Aqu\u00ed te explicamos qu\u00e9 debes hacer para cuidarla y mantenerla perfectamente","robots":{"index":"index","follow":"follow","max-snippet":"max-snippet:-1","max-image-preview":"max-image-preview:large","max-video-preview":"max-video-preview:-1"},"canonical":"https:\/\/www.subaru.es\/blog\/nuestra-marca\/protege-la-carroceria-de-tu-subaru-para-que-dure-mas\/","og_locale":"es_ES","og_type":"article","og_title":"Protege la carrocer\u00eda de tu Subaru para que dure m\u00e1s - Universo Subaru","og_description":"La carrocer\u00eda del coche es el elemento que m\u00e1s sufre por los factores externos. Aqu\u00ed te explicamos qu\u00e9 debes hacer para cuidarla y mantenerla perfectamente","og_url":"https:\/\/www.subaru.es\/blog\/nuestra-marca\/protege-la-carroceria-de-tu-subaru-para-que-dure-mas\/","og_site_name":"Universo Subaru","article_publisher":"https:\/\/www.facebook.com\/subaruespana","article_published_time":"2021-07-27T07:52:21+00:00","article_modified_time":"2021-07-27T07:52:30+00:00","og_image":[{"width":4819,"height":1752,"url":"https:\/\/www.subaru.es\/blog\/wp-content\/uploads\/2021\/07\/Nuevo-Forester-ECO-HYBRID-Exterior-Llanta-18-44-portada.jpg","type":"image\/jpeg"}],"author":"Subaru","twitter_card":"summary_large_image","twitter_misc":{"Escrito por":"Subaru","Tiempo de lectura":"3 minutos"},"schema":{"@context":"https:\/\/schema.org","@graph":[{"@type":"Article","@id":"https:\/\/www.subaru.es\/blog\/nuestra-marca\/protege-la-carroceria-de-tu-subaru-para-que-dure-mas\/#article","isPartOf":{"@id":"https:\/\/www.subaru.es\/blog\/nuestra-marca\/protege-la-carroceria-de-tu-subaru-para-que-dure-mas\/"},"author":{"name":"Subaru","@id":"https:\/\/www.subaru.es\/blog\/#\/schema\/person\/19a90b892230b8e0ec752704ddf4aa10"},"headline":"Protege la carrocer\u00eda de tu Subaru para que dure m\u00e1s","datePublished":"2021-07-27T07:52:21+00:00","dateModified":"2021-07-27T07:52:30+00:00","mainEntityOfPage":{"@id":"https:\/\/www.subaru.es\/blog\/nuestra-marca\/protege-la-carroceria-de-tu-subaru-para-que-dure-mas\/"},"wordCount":583,"commentCount":0,"publisher":{"@id":"https:\/\/www.subaru.es\/blog\/#organization"},"image":{"@id":"https:\/\/www.subaru.es\/blog\/nuestra-marca\/protege-la-carroceria-de-tu-subaru-para-que-dure-mas\/#primaryimage"},"thumbnailUrl":"https:\/\/www.subaru.es\/blog\/wp-content\/uploads\/2021\/07\/Nuevo-Forester-ECO-HYBRID-Exterior-Llanta-18-44-portada-scaled.jpg","keywords":["all around safety","carrocer\u00eda coche","coches eco","conducci\u00f3n nieve","conducci\u00f3n verano","eco","Forester Hybrid","gama hybrid","Gama Subaru HYBRID","mantenimiento carrocer\u00eda","S-AWD","Seguridad Subaru","Sistema EyeSight","sistema xmode","Subaru Forester HYBRID","Tarjeta eco","Tecnolog\u00eda Subaru","Traccion Total Simetrica","veh\u00edculos h\u00edbridos"],"articleSection":["Nuestra marca"],"inLanguage":"es","potentialAction":[{"@type":"CommentAction","name":"Comment","target":["https:\/\/www.subaru.es\/blog\/nuestra-marca\/protege-la-carroceria-de-tu-subaru-para-que-dure-mas\/#respond"]}]},{"@type":"WebPage","@id":"https:\/\/www.subaru.es\/blog\/nuestra-marca\/protege-la-carroceria-de-tu-subaru-para-que-dure-mas\/","url":"https:\/\/www.subaru.es\/blog\/nuestra-marca\/protege-la-carroceria-de-tu-subaru-para-que-dure-mas\/","name":"Protege la carrocer\u00eda de tu Subaru para que dure m\u00e1s - Universo Subaru","isPartOf":{"@id":"https:\/\/www.subaru.es\/blog\/#website"},"primaryImageOfPage":{"@id":"https:\/\/www.subaru.es\/blog\/nuestra-marca\/protege-la-carroceria-de-tu-subaru-para-que-dure-mas\/#primaryimage"},"image":{"@id":"https:\/\/www.subaru.es\/blog\/nuestra-marca\/protege-la-carroceria-de-tu-subaru-para-que-dure-mas\/#primaryimage"},"thumbnailUrl":"https:\/\/www.subaru.es\/blog\/wp-content\/uploads\/2021\/07\/Nuevo-Forester-ECO-HYBRID-Exterior-Llanta-18-44-portada-scaled.jpg","datePublished":"2021-07-27T07:52:21+00:00","dateModified":"2021-07-27T07:52:30+00:00","description":"La carrocer\u00eda del coche es el elemento que m\u00e1s sufre por los factores externos. Aqu\u00ed te explicamos qu\u00e9 debes hacer para cuidarla y mantenerla perfectamente","breadcrumb":{"@id":"https:\/\/www.subaru.es\/blog\/nuestra-marca\/protege-la-carroceria-de-tu-subaru-para-que-dure-mas\/#breadcrumb"},"inLanguage":"es","potentialAction":[{"@type":"ReadAction","target":["https:\/\/www.subaru.es\/blog\/nuestra-marca\/protege-la-carroceria-de-tu-subaru-para-que-dure-mas\/"]}]},{"@type":"ImageObject","inLanguage":"es","@id":"https:\/\/www.subaru.es\/blog\/nuestra-marca\/protege-la-carroceria-de-tu-subaru-para-que-dure-mas\/#primaryimage","url":"https:\/\/www.subaru.es\/blog\/wp-content\/uploads\/2021\/07\/Nuevo-Forester-ECO-HYBRID-Exterior-Llanta-18-44-portada-scaled.jpg","contentUrl":"https:\/\/www.subaru.es\/blog\/wp-content\/uploads\/2021\/07\/Nuevo-Forester-ECO-HYBRID-Exterior-Llanta-18-44-portada-scaled.jpg","width":2560,"height":931,"caption":"Forester Hybrid Playa"},{"@type":"BreadcrumbList","@id":"https:\/\/www.subaru.es\/blog\/nuestra-marca\/protege-la-carroceria-de-tu-subaru-para-que-dure-mas\/#breadcrumb","itemListElement":[{"@type":"ListItem","position":1,"name":"Portada","item":"https:\/\/www.subaru.es\/blog\/"},{"@type":"ListItem","position":2,"name":"Protege la carrocer\u00eda de tu Subaru para que dure m\u00e1s"}]},{"@type":"WebSite","@id":"https:\/\/www.subaru.es\/blog\/#website","url":"https:\/\/www.subaru.es\/blog\/","name":"Universo Subaru","description":"Descubre este apasionante espacio de Subaru donde vas a conocer todo sobre nuestros coches y las experiencias que vivimos con ellos. Si est\u00e1s preparado para dejarte seducir por la filosof\u00eda Subaru, qu\u00e9date con nosotros.","publisher":{"@id":"https:\/\/www.subaru.es\/blog\/#organization"},"potentialAction":[{"@type":"SearchAction","target":{"@type":"EntryPoint","urlTemplate":"https:\/\/www.subaru.es\/blog\/?s={search_term_string}"},"query-input":{"@type":"PropertyValueSpecification","valueRequired":true,"valueName":"search_term_string"}}],"inLanguage":"es"},{"@type":"Organization","@id":"https:\/\/www.subaru.es\/blog\/#organization","name":"Subaru Espa\u00f1a S.A.","url":"https:\/\/www.subaru.es\/blog\/","logo":{"@type":"ImageObject","inLanguage":"es","@id":"https:\/\/www.subaru.es\/blog\/#\/schema\/logo\/image\/","url":"https:\/\/www.subaru.es\/blog\/wp-content\/uploads\/2016\/12\/Logo-Subaru-TypeV_C300-scaled.jpg","contentUrl":"https:\/\/www.subaru.es\/blog\/wp-content\/uploads\/2016\/12\/Logo-Subaru-TypeV_C300-scaled.jpg","width":2560,"height":1864,"caption":"Subaru Espa\u00f1a S.A."},"image":{"@id":"https:\/\/www.subaru.es\/blog\/#\/schema\/logo\/image\/"},"sameAs":["https:\/\/www.facebook.com\/subaruespana","https:\/\/www.instagram.com\/subarues\/","https:\/\/www.youtube.com\/user\/subaruespana"]},{"@type":"Person","@id":"https:\/\/www.subaru.es\/blog\/#\/schema\/person\/19a90b892230b8e0ec752704ddf4aa10","name":"Subaru","url":"https:\/\/www.subaru.es\/blog\/author\/subaria\/"}]}},"_links":{"self":[{"href":"https:\/\/www.subaru.es\/blog\/wp-json\/wp\/v2\/posts\/23369","targetHints":{"allow":["GET"]}}],"collection":[{"href":"https:\/\/www.subaru.es\/blog\/wp-json\/wp\/v2\/posts"}],"about":[{"href":"https:\/\/www.subaru.es\/blog\/wp-json\/wp\/v2\/types\/post"}],"author":[{"embeddable":true,"href":"https:\/\/www.subaru.es\/blog\/wp-json\/wp\/v2\/users\/21"}],"replies":[{"embeddable":true,"href":"https:\/\/www.subaru.es\/blog\/wp-json\/wp\/v2\/comments?post=23369"}],"version-history":[{"count":7,"href":"https:\/\/www.subaru.es\/blog\/wp-json\/wp\/v2\/posts\/23369\/revisions"}],"predecessor-version":[{"id":23393,"href":"https:\/\/www.subaru.es\/blog\/wp-json\/wp\/v2\/posts\/23369\/revisions\/23393"}],"wp:featuredmedia":[{"embeddable":true,"href":"https:\/\/www.subaru.es\/blog\/wp-json\/wp\/v2\/media\/23376"}],"wp:attachment":[{"href":"https:\/\/www.subaru.es\/blog\/wp-json\/wp\/v2\/media?parent=23369"}],"wp:term":[{"taxonomy":"category","embeddable":true,"href":"https:\/\/www.subaru.es\/blog\/wp-json\/wp\/v2\/categories?post=23369"},{"taxonomy":"post_tag","embeddable":true,"href":"https:\/\/www.subaru.es\/blog\/wp-json\/wp\/v2\/tags?post=23369"}],"curies":[{"name":"wp","href":"https:\/\/api.w.org\/{rel}","templated":true}]}}