{"id":23314,"date":"2021-07-06T10:09:00","date_gmt":"2021-07-06T08:09:00","guid":{"rendered":"https:\/\/www.subaru.es\/blog\/?p=23314"},"modified":"2021-07-06T10:09:47","modified_gmt":"2021-07-06T08:09:47","slug":"javier-medina-siempre-al-volante-de-su-forester-hybrid","status":"publish","type":"post","link":"https:\/\/www.subaru.es\/blog\/subaru-lifestyle\/javier-medina-siempre-al-volante-de-su-forester-hybrid\/","title":{"rendered":"Javier Medina: siempre al volante de su Forester Hybrid"},"content":{"rendered":"\n<p>Para m\u00ed es muy importante encontrar el equilibrio en mi d\u00eda a d\u00eda. Tomarme mi tiempo para hacer las cosas bien, respetar la naturaleza artesana de mi trabajo y <a href=\"https:\/\/www.instagram.com\/p\/CCTTDsPAP63\/\">vivir sin prisas<\/a> es fundamental para m\u00ed. En mi trabajo y en mi vida intento conseguir <strong>un espacio donde parar y respirar para llevar a cabo nuevos planes<\/strong>. Todo ello siempre con el objetivo de estar vinculado al medioambiente y al entorno que me rodea.<\/p>\n\n\n\n<p>Vivir en el centro de una gran ciudad como Madrid y <strong>conjugar diferentes proyectos puede ser estresante<\/strong>. A\u00fan as\u00ed, en cuanto <a href=\"https:\/\/www.subaru.es\/blog\/subaru-lifestyle\/la-decision-valiente-de-javier-medina\/\">entro en mi taller<\/a> siento que puedo desconectar de todo y centrarme en mi trabajo.<\/p>\n\n\n\n<div class=\"wp-block-image\"><figure class=\"aligncenter size-medium\"><img decoding=\"async\" width=\"560\" height=\"428\" data-src=\"https:\/\/www.subaru.es\/blog\/wp-content\/uploads\/2021\/06\/Post-Javier-S.-Medina-Imagen-2-560x428.jpeg\" alt=\"Forester Hybrid: Javier Medina\" class=\"wp-image-23319 lazyload\" data-srcset=\"https:\/\/www.subaru.es\/blog\/wp-content\/uploads\/2021\/06\/Post-Javier-S.-Medina-Imagen-2-560x428.jpeg 560w, https:\/\/www.subaru.es\/blog\/wp-content\/uploads\/2021\/06\/Post-Javier-S.-Medina-Imagen-2-1440x1101.jpeg 1440w, https:\/\/www.subaru.es\/blog\/wp-content\/uploads\/2021\/06\/Post-Javier-S.-Medina-Imagen-2-768x587.jpeg 768w, https:\/\/www.subaru.es\/blog\/wp-content\/uploads\/2021\/06\/Post-Javier-S.-Medina-Imagen-2-1536x1175.jpeg 1536w, https:\/\/www.subaru.es\/blog\/wp-content\/uploads\/2021\/06\/Post-Javier-S.-Medina-Imagen-2-2048x1566.jpeg 2048w\" data-sizes=\"(max-width: 560px) 100vw, 560px\" src=\"data:image\/svg+xml;base64,PHN2ZyB3aWR0aD0iMSIgaGVpZ2h0PSIxIiB4bWxucz0iaHR0cDovL3d3dy53My5vcmcvMjAwMC9zdmciPjwvc3ZnPg==\" style=\"--smush-placeholder-width: 560px; --smush-placeholder-aspect-ratio: 560\/428;\" \/><\/figure><\/div>\n\n\n\n<p>La paciencia que requiere el trabajar a mano las fibras naturales es una v\u00e1lvula de escape. Previamente tengo que <strong>seleccionarlas y recolectarlas<\/strong>, uno de los procesos que m\u00e1s me gustan de mi oficio. Es muy importante tocar, deslizar, domar y <strong>conseguir que la fibra siga el camino que le marcas<\/strong>, pero siempre respetando su naturaleza. Hay cosas que no se pueden explicar y solo puedes sentirlas para comprenderlas. Por eso <strong>me siento afortunado haciendo lo que me gusta hacer <\/strong>y <a href=\"https:\/\/www.youtube.com\/watch?v=EvF_cW6-YUk\">trabajando como creo que se debe<\/a>: cuidando el entorno que me rodea.<\/p>\n\n\n\n<h2 class=\"wp-block-heading\">Recolectar los materiales de una manera segura y sostenible<\/h2>\n\n\n\n<p><\/p>\n\n\n\n<p>Cuando me pongo al volante de mi coche, la sensaci\u00f3n es muy similar. Adem\u00e1s, la mayor\u00eda de los <strong>materiales que utilizo provienen de mi querida Extremadura<\/strong>. Conducir mi <a href=\"https:\/\/www.subaru.es\/\">Subaru<\/a> Forester Hybrid y viajar hasta all\u00ed forma parte de ese compromiso y respeto con el medio ambiente.<\/p>\n\n\n\n<div class=\"wp-block-image\"><figure class=\"aligncenter size-large\"><img decoding=\"async\" width=\"480\" height=\"640\" data-src=\"https:\/\/www.subaru.es\/blog\/wp-content\/uploads\/2021\/06\/Post-Javier-S.-Medina-Imagen-3-rotated.jpeg\" alt=\"Forester Hybrid autorrecargable en el campo\" class=\"wp-image-23320 lazyload\" src=\"data:image\/svg+xml;base64,PHN2ZyB3aWR0aD0iMSIgaGVpZ2h0PSIxIiB4bWxucz0iaHR0cDovL3d3dy53My5vcmcvMjAwMC9zdmciPjwvc3ZnPg==\" style=\"--smush-placeholder-width: 480px; --smush-placeholder-aspect-ratio: 480\/640;\" \/><\/figure><\/div>\n\n\n\n<p>Con mi Forester Hybrid da igual que el clima no acompa\u00f1e o que el camino sea complicado. <strong>Puedo ir hasta el lugar m\u00e1s recondito<\/strong> con facilidad gracias a la incredible estabilidad de la <a href=\"https:\/\/www.subaru.es\/blog\/nuestra-marca\/plataforma-global-de-subaru-seguridad-espacio-y-diversion\/\">Plataforma Global Subaru<\/a> y su tracci\u00f3n AWD. No hay nada que me haga sentir m\u00e1s seguro mientras viajo.<\/p>\n\n\n\n<p>En caso de que tenga alg\u00fan problema, su tecnolog\u00eda <a href=\"https:\/\/www.subaru.es\/blog\/nuestra-marca\/sistema-seguridad-eyesight-tecnologia-lider\/\">EyeSight <\/a>me mantiene atento y seguro en la carretera gracias a sus avisos. Con su seguridad activa <strong>tengo un control preciso cuando accedo a cualquier camino<\/strong> a recoger las fibras naturales que necesito para elaborar mis proyectos.<\/p>\n\n\n\n<div class=\"wp-block-image\"><figure class=\"aligncenter size-large\"><img decoding=\"async\" width=\"480\" height=\"640\" data-src=\"https:\/\/www.subaru.es\/blog\/wp-content\/uploads\/2021\/06\/Post-Javier-S.-Medina-Imagen-4-rotated.jpeg\" alt=\"\" class=\"wp-image-23321 lazyload\" src=\"data:image\/svg+xml;base64,PHN2ZyB3aWR0aD0iMSIgaGVpZ2h0PSIxIiB4bWxucz0iaHR0cDovL3d3dy53My5vcmcvMjAwMC9zdmciPjwvc3ZnPg==\" style=\"--smush-placeholder-width: 480px; --smush-placeholder-aspect-ratio: 480\/640;\" \/><\/figure><\/div>\n\n\n\n<h2 class=\"wp-block-heading\">Forester Hybrid: Un aliado perfecto para mi trabajo<\/h2>\n\n\n\n<p><\/p>\n\n\n\n<p>Por si fuera poco, nunca he tenido problemas para guardar todos estos materiales. <strong>Mi <a href=\"https:\/\/www.subaru.es\/vehiculos\/forester\" target=\"_blank\" rel=\"noreferrer noopener\">Forester Hybrid<\/a> es un veh\u00edculo muy espacioso <\/strong>dise\u00f1ado precisamente para un estilo de vida tan activo como el m\u00edo.<\/p>\n\n\n\n<p>Escapar con <a href=\"https:\/\/www.subaru.es\/blog\/nuestra-marca\/subaru-forester-ecohybrid-maxima-seguridad-y-comodidad\/\">mi Forester<\/a> me hace sentir totalmente libre. Es el <strong>perfecto aliado para hacer que mi trabajo y mi forma de viajar converjan<\/strong> y me permitan estar en consonancia con el medioambiente.<\/p>\n\n\n\n<p>Seguir\u00e9 viajando a Extremadura, tierra que llevo en el coraz\u00f3n, para continuar desarrollando mis proyectos, <strong>siempre al volante de mi Forester Hybrid. <\/strong><strong>Con \u00e9l puedo dejar<\/strong> la menor huella e impacto posible en el entorno y en cada camino que recorra con \u00e9l.<\/p>\n","protected":false},"excerpt":{"rendered":"<p>Para m\u00ed es muy importante encontrar el equilibrio en mi d\u00eda a d\u00eda. Tomarme mi tiempo para hacer las cosas bien, respetar la naturaleza artesana de mi trabajo y vivir sin prisas es fundamental para m\u00ed. En mi trabajo y en mi vida intento conseguir un espacio donde parar y respirar para llevar a cabo [&hellip;]<\/p>\n","protected":false},"author":27,"featured_media":23318,"comment_status":"open","ping_status":"closed","sticky":false,"template":"","format":"standard","meta":{"_acf_changed":false,"_eb_attr":"","inline_featured_image":false,"footnotes":""},"categories":[4520],"tags":[663,4710,5221,5175,5236,5239,5105,4938,5237,5005,5167,5121,5045,4575,4950,491,5231,5230,5238,125,3893,4218],"class_list":["post-23314","post","type-post","status-publish","format-standard","has-post-thumbnail","hentry","category-subaru-lifestyle","tag-4x4","tag-artesano","tag-capacidad-offroad","tag-coche-eco","tag-coche-hibrido","tag-coche-hibrido-autorrecargable","tag-coches-seguros","tag-etiqueta-eco","tag-forester-hibrido-autorrecargable","tag-gama-hibrida-subaru","tag-javier-medina","tag-maxima-seguridad-de-serie","tag-sawd","tag-seguridad-subaru","tag-sistema-eyesight","tag-subaru-forester","tag-subaru-forester-hybrid","tag-subaru-hybrid","tag-subaru-hybrid-autorrecargable","tag-suv","tag-todoterreno","tag-traccion-total-permanente"],"acf":[],"yoast_head":"<!-- This site is optimized with the Yoast SEO plugin v27.3 - https:\/\/yoast.com\/product\/yoast-seo-wordpress\/ -->\n<title>Javier Medina: siempre al volante de su Forester Hybrid - Universo Subaru<\/title>\n<meta name=\"description\" content=\"Con Forester Hybrid da igual que el clima no acompa\u00f1e o que el camino sea complicado. Puedo ir hasta el lugar m\u00e1s recondito con facilidad gracias a su incredible estabilidad y su tracci\u00f3n AWD. No hay nada que me haga sentir m\u00e1s seguro mientras viajo.\" \/>\n<meta name=\"robots\" content=\"index, follow, max-snippet:-1, max-image-preview:large, max-video-preview:-1\" \/>\n<link rel=\"canonical\" href=\"https:\/\/www.subaru.es\/blog\/subaru-lifestyle\/javier-medina-siempre-al-volante-de-su-forester-hybrid\/\" \/>\n<meta property=\"og:locale\" content=\"es_ES\" \/>\n<meta property=\"og:type\" content=\"article\" \/>\n<meta property=\"og:title\" content=\"Javier Medina: siempre al volante de su Forester Hybrid - Universo Subaru\" \/>\n<meta property=\"og:description\" content=\"Con Forester Hybrid da igual que el clima no acompa\u00f1e o que el camino sea complicado. Puedo ir hasta el lugar m\u00e1s recondito con facilidad gracias a su incredible estabilidad y su tracci\u00f3n AWD. No hay nada que me haga sentir m\u00e1s seguro mientras viajo.\" \/>\n<meta property=\"og:url\" content=\"https:\/\/www.subaru.es\/blog\/subaru-lifestyle\/javier-medina-siempre-al-volante-de-su-forester-hybrid\/\" \/>\n<meta property=\"og:site_name\" content=\"Universo Subaru\" \/>\n<meta property=\"article:publisher\" content=\"https:\/\/www.facebook.com\/subaruespana\" \/>\n<meta property=\"article:published_time\" content=\"2021-07-06T08:09:00+00:00\" \/>\n<meta property=\"article:modified_time\" content=\"2021-07-06T08:09:47+00:00\" \/>\n<meta property=\"og:image\" content=\"https:\/\/www.subaru.es\/blog\/wp-content\/uploads\/2021\/06\/Post-Javier-S.-Medina-Imagen-1-PORTADA-1.jpg\" \/>\n\t<meta property=\"og:image:width\" content=\"3023\" \/>\n\t<meta property=\"og:image:height\" content=\"1111\" \/>\n\t<meta property=\"og:image:type\" content=\"image\/jpeg\" \/>\n<meta name=\"author\" content=\"Javier S Medina\" \/>\n<meta name=\"twitter:card\" content=\"summary_large_image\" \/>\n<meta name=\"twitter:label1\" content=\"Escrito por\" \/>\n\t<meta name=\"twitter:data1\" content=\"Javier S Medina\" \/>\n\t<meta name=\"twitter:label2\" content=\"Tiempo de lectura\" \/>\n\t<meta name=\"twitter:data2\" content=\"2 minutos\" \/>\n<script type=\"application\/ld+json\" class=\"yoast-schema-graph\">{\"@context\":\"https:\\\/\\\/schema.org\",\"@graph\":[{\"@type\":\"Article\",\"@id\":\"https:\\\/\\\/www.subaru.es\\\/blog\\\/subaru-lifestyle\\\/javier-medina-siempre-al-volante-de-su-forester-hybrid\\\/#article\",\"isPartOf\":{\"@id\":\"https:\\\/\\\/www.subaru.es\\\/blog\\\/subaru-lifestyle\\\/javier-medina-siempre-al-volante-de-su-forester-hybrid\\\/\"},\"author\":{\"name\":\"Javier S Medina\",\"@id\":\"https:\\\/\\\/www.subaru.es\\\/blog\\\/#\\\/schema\\\/person\\\/3cfbe43a6fd4c042c9e3586f790a2a78\"},\"headline\":\"Javier Medina: siempre al volante de su Forester Hybrid\",\"datePublished\":\"2021-07-06T08:09:00+00:00\",\"dateModified\":\"2021-07-06T08:09:47+00:00\",\"mainEntityOfPage\":{\"@id\":\"https:\\\/\\\/www.subaru.es\\\/blog\\\/subaru-lifestyle\\\/javier-medina-siempre-al-volante-de-su-forester-hybrid\\\/\"},\"wordCount\":498,\"commentCount\":0,\"publisher\":{\"@id\":\"https:\\\/\\\/www.subaru.es\\\/blog\\\/#organization\"},\"image\":{\"@id\":\"https:\\\/\\\/www.subaru.es\\\/blog\\\/subaru-lifestyle\\\/javier-medina-siempre-al-volante-de-su-forester-hybrid\\\/#primaryimage\"},\"thumbnailUrl\":\"https:\\\/\\\/www.subaru.es\\\/blog\\\/wp-content\\\/uploads\\\/2021\\\/06\\\/Post-Javier-S.-Medina-Imagen-1-PORTADA-1-scaled.jpg\",\"keywords\":[\"4x4\",\"artesano\",\"Capacidad OffRoad\",\"Coche eco\",\"coche hibrido\",\"coche hibrido autorrecargable\",\"coches seguros\",\"etiqueta eco\",\"Forester hibrido autorrecargable\",\"gama h\u00edbrida Subaru\",\"Javier Medina\",\"M\u00e1xima Seguridad de Serie\",\"SAWD\",\"Seguridad Subaru\",\"Sistema EyeSight\",\"subaru forester\",\"Subaru Forester HYBRID\",\"Subaru hybrid\",\"Subaru Hybrid autorrecargable\",\"suv\",\"todoterreno\",\"Tracci\u00f3n total permanente\"],\"articleSection\":[\"Subaru LifeStyle\"],\"inLanguage\":\"es\",\"potentialAction\":[{\"@type\":\"CommentAction\",\"name\":\"Comment\",\"target\":[\"https:\\\/\\\/www.subaru.es\\\/blog\\\/subaru-lifestyle\\\/javier-medina-siempre-al-volante-de-su-forester-hybrid\\\/#respond\"]}]},{\"@type\":\"WebPage\",\"@id\":\"https:\\\/\\\/www.subaru.es\\\/blog\\\/subaru-lifestyle\\\/javier-medina-siempre-al-volante-de-su-forester-hybrid\\\/\",\"url\":\"https:\\\/\\\/www.subaru.es\\\/blog\\\/subaru-lifestyle\\\/javier-medina-siempre-al-volante-de-su-forester-hybrid\\\/\",\"name\":\"Javier Medina: siempre al volante de su Forester Hybrid - Universo Subaru\",\"isPartOf\":{\"@id\":\"https:\\\/\\\/www.subaru.es\\\/blog\\\/#website\"},\"primaryImageOfPage\":{\"@id\":\"https:\\\/\\\/www.subaru.es\\\/blog\\\/subaru-lifestyle\\\/javier-medina-siempre-al-volante-de-su-forester-hybrid\\\/#primaryimage\"},\"image\":{\"@id\":\"https:\\\/\\\/www.subaru.es\\\/blog\\\/subaru-lifestyle\\\/javier-medina-siempre-al-volante-de-su-forester-hybrid\\\/#primaryimage\"},\"thumbnailUrl\":\"https:\\\/\\\/www.subaru.es\\\/blog\\\/wp-content\\\/uploads\\\/2021\\\/06\\\/Post-Javier-S.-Medina-Imagen-1-PORTADA-1-scaled.jpg\",\"datePublished\":\"2021-07-06T08:09:00+00:00\",\"dateModified\":\"2021-07-06T08:09:47+00:00\",\"description\":\"Con Forester Hybrid da igual que el clima no acompa\u00f1e o que el camino sea complicado. Puedo ir hasta el lugar m\u00e1s recondito con facilidad gracias a su incredible estabilidad y su tracci\u00f3n AWD. No hay nada que me haga sentir m\u00e1s seguro mientras viajo.\",\"breadcrumb\":{\"@id\":\"https:\\\/\\\/www.subaru.es\\\/blog\\\/subaru-lifestyle\\\/javier-medina-siempre-al-volante-de-su-forester-hybrid\\\/#breadcrumb\"},\"inLanguage\":\"es\",\"potentialAction\":[{\"@type\":\"ReadAction\",\"target\":[\"https:\\\/\\\/www.subaru.es\\\/blog\\\/subaru-lifestyle\\\/javier-medina-siempre-al-volante-de-su-forester-hybrid\\\/\"]}]},{\"@type\":\"ImageObject\",\"inLanguage\":\"es\",\"@id\":\"https:\\\/\\\/www.subaru.es\\\/blog\\\/subaru-lifestyle\\\/javier-medina-siempre-al-volante-de-su-forester-hybrid\\\/#primaryimage\",\"url\":\"https:\\\/\\\/www.subaru.es\\\/blog\\\/wp-content\\\/uploads\\\/2021\\\/06\\\/Post-Javier-S.-Medina-Imagen-1-PORTADA-1-scaled.jpg\",\"contentUrl\":\"https:\\\/\\\/www.subaru.es\\\/blog\\\/wp-content\\\/uploads\\\/2021\\\/06\\\/Post-Javier-S.-Medina-Imagen-1-PORTADA-1-scaled.jpg\",\"width\":2560,\"height\":941,\"caption\":\"Javier Medina: Forester Hybrid\"},{\"@type\":\"BreadcrumbList\",\"@id\":\"https:\\\/\\\/www.subaru.es\\\/blog\\\/subaru-lifestyle\\\/javier-medina-siempre-al-volante-de-su-forester-hybrid\\\/#breadcrumb\",\"itemListElement\":[{\"@type\":\"ListItem\",\"position\":1,\"name\":\"Portada\",\"item\":\"https:\\\/\\\/www.subaru.es\\\/blog\\\/\"},{\"@type\":\"ListItem\",\"position\":2,\"name\":\"Javier Medina: siempre al volante de su Forester Hybrid\"}]},{\"@type\":\"WebSite\",\"@id\":\"https:\\\/\\\/www.subaru.es\\\/blog\\\/#website\",\"url\":\"https:\\\/\\\/www.subaru.es\\\/blog\\\/\",\"name\":\"Universo Subaru\",\"description\":\"Descubre este apasionante espacio de Subaru donde vas a conocer todo sobre nuestros coches y las experiencias que vivimos con ellos. Si est\u00e1s preparado para dejarte seducir por la filosof\u00eda Subaru, qu\u00e9date con nosotros.\",\"publisher\":{\"@id\":\"https:\\\/\\\/www.subaru.es\\\/blog\\\/#organization\"},\"potentialAction\":[{\"@type\":\"SearchAction\",\"target\":{\"@type\":\"EntryPoint\",\"urlTemplate\":\"https:\\\/\\\/www.subaru.es\\\/blog\\\/?s={search_term_string}\"},\"query-input\":{\"@type\":\"PropertyValueSpecification\",\"valueRequired\":true,\"valueName\":\"search_term_string\"}}],\"inLanguage\":\"es\"},{\"@type\":\"Organization\",\"@id\":\"https:\\\/\\\/www.subaru.es\\\/blog\\\/#organization\",\"name\":\"Subaru Espa\u00f1a S.A.\",\"url\":\"https:\\\/\\\/www.subaru.es\\\/blog\\\/\",\"logo\":{\"@type\":\"ImageObject\",\"inLanguage\":\"es\",\"@id\":\"https:\\\/\\\/www.subaru.es\\\/blog\\\/#\\\/schema\\\/logo\\\/image\\\/\",\"url\":\"https:\\\/\\\/www.subaru.es\\\/blog\\\/wp-content\\\/uploads\\\/2016\\\/12\\\/Logo-Subaru-TypeV_C300-scaled.jpg\",\"contentUrl\":\"https:\\\/\\\/www.subaru.es\\\/blog\\\/wp-content\\\/uploads\\\/2016\\\/12\\\/Logo-Subaru-TypeV_C300-scaled.jpg\",\"width\":2560,\"height\":1864,\"caption\":\"Subaru Espa\u00f1a S.A.\"},\"image\":{\"@id\":\"https:\\\/\\\/www.subaru.es\\\/blog\\\/#\\\/schema\\\/logo\\\/image\\\/\"},\"sameAs\":[\"https:\\\/\\\/www.facebook.com\\\/subaruespana\",\"https:\\\/\\\/www.instagram.com\\\/subarues\\\/\",\"https:\\\/\\\/www.youtube.com\\\/user\\\/subaruespana\"]},{\"@type\":\"Person\",\"@id\":\"https:\\\/\\\/www.subaru.es\\\/blog\\\/#\\\/schema\\\/person\\\/3cfbe43a6fd4c042c9e3586f790a2a78\",\"name\":\"Javier S Medina\",\"url\":\"https:\\\/\\\/www.subaru.es\\\/blog\\\/author\\\/javier-medina\\\/\"}]}<\/script>\n<!-- \/ Yoast SEO plugin. -->","yoast_head_json":{"title":"Javier Medina: siempre al volante de su Forester Hybrid - Universo Subaru","description":"Con Forester Hybrid da igual que el clima no acompa\u00f1e o que el camino sea complicado. Puedo ir hasta el lugar m\u00e1s recondito con facilidad gracias a su incredible estabilidad y su tracci\u00f3n AWD. No hay nada que me haga sentir m\u00e1s seguro mientras viajo.","robots":{"index":"index","follow":"follow","max-snippet":"max-snippet:-1","max-image-preview":"max-image-preview:large","max-video-preview":"max-video-preview:-1"},"canonical":"https:\/\/www.subaru.es\/blog\/subaru-lifestyle\/javier-medina-siempre-al-volante-de-su-forester-hybrid\/","og_locale":"es_ES","og_type":"article","og_title":"Javier Medina: siempre al volante de su Forester Hybrid - Universo Subaru","og_description":"Con Forester Hybrid da igual que el clima no acompa\u00f1e o que el camino sea complicado. Puedo ir hasta el lugar m\u00e1s recondito con facilidad gracias a su incredible estabilidad y su tracci\u00f3n AWD. No hay nada que me haga sentir m\u00e1s seguro mientras viajo.","og_url":"https:\/\/www.subaru.es\/blog\/subaru-lifestyle\/javier-medina-siempre-al-volante-de-su-forester-hybrid\/","og_site_name":"Universo Subaru","article_publisher":"https:\/\/www.facebook.com\/subaruespana","article_published_time":"2021-07-06T08:09:00+00:00","article_modified_time":"2021-07-06T08:09:47+00:00","og_image":[{"width":3023,"height":1111,"url":"https:\/\/www.subaru.es\/blog\/wp-content\/uploads\/2021\/06\/Post-Javier-S.-Medina-Imagen-1-PORTADA-1.jpg","type":"image\/jpeg"}],"author":"Javier S Medina","twitter_card":"summary_large_image","twitter_misc":{"Escrito por":"Javier S Medina","Tiempo de lectura":"2 minutos"},"schema":{"@context":"https:\/\/schema.org","@graph":[{"@type":"Article","@id":"https:\/\/www.subaru.es\/blog\/subaru-lifestyle\/javier-medina-siempre-al-volante-de-su-forester-hybrid\/#article","isPartOf":{"@id":"https:\/\/www.subaru.es\/blog\/subaru-lifestyle\/javier-medina-siempre-al-volante-de-su-forester-hybrid\/"},"author":{"name":"Javier S Medina","@id":"https:\/\/www.subaru.es\/blog\/#\/schema\/person\/3cfbe43a6fd4c042c9e3586f790a2a78"},"headline":"Javier Medina: siempre al volante de su Forester Hybrid","datePublished":"2021-07-06T08:09:00+00:00","dateModified":"2021-07-06T08:09:47+00:00","mainEntityOfPage":{"@id":"https:\/\/www.subaru.es\/blog\/subaru-lifestyle\/javier-medina-siempre-al-volante-de-su-forester-hybrid\/"},"wordCount":498,"commentCount":0,"publisher":{"@id":"https:\/\/www.subaru.es\/blog\/#organization"},"image":{"@id":"https:\/\/www.subaru.es\/blog\/subaru-lifestyle\/javier-medina-siempre-al-volante-de-su-forester-hybrid\/#primaryimage"},"thumbnailUrl":"https:\/\/www.subaru.es\/blog\/wp-content\/uploads\/2021\/06\/Post-Javier-S.-Medina-Imagen-1-PORTADA-1-scaled.jpg","keywords":["4x4","artesano","Capacidad OffRoad","Coche eco","coche hibrido","coche hibrido autorrecargable","coches seguros","etiqueta eco","Forester hibrido autorrecargable","gama h\u00edbrida Subaru","Javier Medina","M\u00e1xima Seguridad de Serie","SAWD","Seguridad Subaru","Sistema EyeSight","subaru forester","Subaru Forester HYBRID","Subaru hybrid","Subaru Hybrid autorrecargable","suv","todoterreno","Tracci\u00f3n total permanente"],"articleSection":["Subaru LifeStyle"],"inLanguage":"es","potentialAction":[{"@type":"CommentAction","name":"Comment","target":["https:\/\/www.subaru.es\/blog\/subaru-lifestyle\/javier-medina-siempre-al-volante-de-su-forester-hybrid\/#respond"]}]},{"@type":"WebPage","@id":"https:\/\/www.subaru.es\/blog\/subaru-lifestyle\/javier-medina-siempre-al-volante-de-su-forester-hybrid\/","url":"https:\/\/www.subaru.es\/blog\/subaru-lifestyle\/javier-medina-siempre-al-volante-de-su-forester-hybrid\/","name":"Javier Medina: siempre al volante de su Forester Hybrid - Universo Subaru","isPartOf":{"@id":"https:\/\/www.subaru.es\/blog\/#website"},"primaryImageOfPage":{"@id":"https:\/\/www.subaru.es\/blog\/subaru-lifestyle\/javier-medina-siempre-al-volante-de-su-forester-hybrid\/#primaryimage"},"image":{"@id":"https:\/\/www.subaru.es\/blog\/subaru-lifestyle\/javier-medina-siempre-al-volante-de-su-forester-hybrid\/#primaryimage"},"thumbnailUrl":"https:\/\/www.subaru.es\/blog\/wp-content\/uploads\/2021\/06\/Post-Javier-S.-Medina-Imagen-1-PORTADA-1-scaled.jpg","datePublished":"2021-07-06T08:09:00+00:00","dateModified":"2021-07-06T08:09:47+00:00","description":"Con Forester Hybrid da igual que el clima no acompa\u00f1e o que el camino sea complicado. Puedo ir hasta el lugar m\u00e1s recondito con facilidad gracias a su incredible estabilidad y su tracci\u00f3n AWD. No hay nada que me haga sentir m\u00e1s seguro mientras viajo.","breadcrumb":{"@id":"https:\/\/www.subaru.es\/blog\/subaru-lifestyle\/javier-medina-siempre-al-volante-de-su-forester-hybrid\/#breadcrumb"},"inLanguage":"es","potentialAction":[{"@type":"ReadAction","target":["https:\/\/www.subaru.es\/blog\/subaru-lifestyle\/javier-medina-siempre-al-volante-de-su-forester-hybrid\/"]}]},{"@type":"ImageObject","inLanguage":"es","@id":"https:\/\/www.subaru.es\/blog\/subaru-lifestyle\/javier-medina-siempre-al-volante-de-su-forester-hybrid\/#primaryimage","url":"https:\/\/www.subaru.es\/blog\/wp-content\/uploads\/2021\/06\/Post-Javier-S.-Medina-Imagen-1-PORTADA-1-scaled.jpg","contentUrl":"https:\/\/www.subaru.es\/blog\/wp-content\/uploads\/2021\/06\/Post-Javier-S.-Medina-Imagen-1-PORTADA-1-scaled.jpg","width":2560,"height":941,"caption":"Javier Medina: Forester Hybrid"},{"@type":"BreadcrumbList","@id":"https:\/\/www.subaru.es\/blog\/subaru-lifestyle\/javier-medina-siempre-al-volante-de-su-forester-hybrid\/#breadcrumb","itemListElement":[{"@type":"ListItem","position":1,"name":"Portada","item":"https:\/\/www.subaru.es\/blog\/"},{"@type":"ListItem","position":2,"name":"Javier Medina: siempre al volante de su Forester Hybrid"}]},{"@type":"WebSite","@id":"https:\/\/www.subaru.es\/blog\/#website","url":"https:\/\/www.subaru.es\/blog\/","name":"Universo Subaru","description":"Descubre este apasionante espacio de Subaru donde vas a conocer todo sobre nuestros coches y las experiencias que vivimos con ellos. Si est\u00e1s preparado para dejarte seducir por la filosof\u00eda Subaru, qu\u00e9date con nosotros.","publisher":{"@id":"https:\/\/www.subaru.es\/blog\/#organization"},"potentialAction":[{"@type":"SearchAction","target":{"@type":"EntryPoint","urlTemplate":"https:\/\/www.subaru.es\/blog\/?s={search_term_string}"},"query-input":{"@type":"PropertyValueSpecification","valueRequired":true,"valueName":"search_term_string"}}],"inLanguage":"es"},{"@type":"Organization","@id":"https:\/\/www.subaru.es\/blog\/#organization","name":"Subaru Espa\u00f1a S.A.","url":"https:\/\/www.subaru.es\/blog\/","logo":{"@type":"ImageObject","inLanguage":"es","@id":"https:\/\/www.subaru.es\/blog\/#\/schema\/logo\/image\/","url":"https:\/\/www.subaru.es\/blog\/wp-content\/uploads\/2016\/12\/Logo-Subaru-TypeV_C300-scaled.jpg","contentUrl":"https:\/\/www.subaru.es\/blog\/wp-content\/uploads\/2016\/12\/Logo-Subaru-TypeV_C300-scaled.jpg","width":2560,"height":1864,"caption":"Subaru Espa\u00f1a S.A."},"image":{"@id":"https:\/\/www.subaru.es\/blog\/#\/schema\/logo\/image\/"},"sameAs":["https:\/\/www.facebook.com\/subaruespana","https:\/\/www.instagram.com\/subarues\/","https:\/\/www.youtube.com\/user\/subaruespana"]},{"@type":"Person","@id":"https:\/\/www.subaru.es\/blog\/#\/schema\/person\/3cfbe43a6fd4c042c9e3586f790a2a78","name":"Javier S Medina","url":"https:\/\/www.subaru.es\/blog\/author\/javier-medina\/"}]}},"_links":{"self":[{"href":"https:\/\/www.subaru.es\/blog\/wp-json\/wp\/v2\/posts\/23314","targetHints":{"allow":["GET"]}}],"collection":[{"href":"https:\/\/www.subaru.es\/blog\/wp-json\/wp\/v2\/posts"}],"about":[{"href":"https:\/\/www.subaru.es\/blog\/wp-json\/wp\/v2\/types\/post"}],"author":[{"embeddable":true,"href":"https:\/\/www.subaru.es\/blog\/wp-json\/wp\/v2\/users\/27"}],"replies":[{"embeddable":true,"href":"https:\/\/www.subaru.es\/blog\/wp-json\/wp\/v2\/comments?post=23314"}],"version-history":[{"count":6,"href":"https:\/\/www.subaru.es\/blog\/wp-json\/wp\/v2\/posts\/23314\/revisions"}],"predecessor-version":[{"id":23327,"href":"https:\/\/www.subaru.es\/blog\/wp-json\/wp\/v2\/posts\/23314\/revisions\/23327"}],"wp:featuredmedia":[{"embeddable":true,"href":"https:\/\/www.subaru.es\/blog\/wp-json\/wp\/v2\/media\/23318"}],"wp:attachment":[{"href":"https:\/\/www.subaru.es\/blog\/wp-json\/wp\/v2\/media?parent=23314"}],"wp:term":[{"taxonomy":"category","embeddable":true,"href":"https:\/\/www.subaru.es\/blog\/wp-json\/wp\/v2\/categories?post=23314"},{"taxonomy":"post_tag","embeddable":true,"href":"https:\/\/www.subaru.es\/blog\/wp-json\/wp\/v2\/tags?post=23314"}],"curies":[{"name":"wp","href":"https:\/\/api.w.org\/{rel}","templated":true}]}}