{"id":2327,"date":"2009-10-29T10:02:16","date_gmt":"2009-10-29T08:02:16","guid":{"rendered":"http:\/\/subaru.preproduccion.com\/blog\/wp-content\/2009\/10\/29\/subaru-100-eficiente\/"},"modified":"2016-10-17T15:08:49","modified_gmt":"2016-10-17T13:08:49","slug":"subaru-100-eficiente","status":"publish","type":"post","link":"https:\/\/www.subaru.es\/blog\/nuestra-marca\/subaru-100-eficiente\/","title":{"rendered":"Subaru, 100% eficiente"},"content":{"rendered":"<p><a href=\"https:\/\/www.subaru.es\/blog\/wp-content\/uploads\/2009\/10\/logo_subaru1.jpg\" title=\"logo\"><img decoding=\"async\" data-src=\"https:\/\/www.subaru.es\/blog\/wp-content\/uploads\/2009\/10\/logo_subaru1.jpg\" alt=\"logo\" src=\"data:image\/svg+xml;base64,PHN2ZyB3aWR0aD0iMSIgaGVpZ2h0PSIxIiB4bWxucz0iaHR0cDovL3d3dy53My5vcmcvMjAwMC9zdmciPjwvc3ZnPg==\" class=\"lazyload\" style=\"--smush-placeholder-width: 400px; --smush-placeholder-aspect-ratio: 400\/267;\" \/><\/a><\/p>\n<p>Las <strong>energ\u00edas alternativas <\/strong>y la <strong>eficiencia <\/strong>marcan el presente en el <strong>mercado del autom\u00f3vil<\/strong>. Y <strong>Subaru <\/strong>tiene mucha culpa de ello.<\/p>\n<p>La firma nipona va a <strong>potenciar tecnolog\u00edas h\u00edbridas <\/strong>en sus productos a partir del a\u00f1o que viene, con <strong>h\u00edbridos y el\u00e9ctrica <\/strong>en sus modelos actuales y en sus nuevas creaciones. Como primer paso de esa ofensiva, la marca del grupo industrial <strong>Fuji Heavy Industries <\/strong>va a presentar en el pr\u00f3ximo <strong><a href=\"http:\/\/www.tokyo-motorshow.com\/en\/index.html\">Sal\u00f3n del Autom\u00f3vil de Tokio <\/a><\/strong>, que se celebrar\u00e1 del 23 de octubre al 4 de noviembre, un <strong>prototipo h\u00edbrido <\/strong>con <strong>tracci\u00f3n 4&#215;4<\/strong>, que funcionar\u00e1 con <strong>tres motores <\/strong>(<strong>dos el\u00e9ctricos y uno de gasolina<\/strong>).<\/p>\n<p><a href=\"https:\/\/www.subaru.es\/blog\/wp-content\/uploads\/2009\/10\/10d0b9subaruhybridtourer_598p.jpg\" title=\"Subaru Hybrid Tourer Concept2\"><img decoding=\"async\" data-src=\"https:\/\/www.subaru.es\/blog\/wp-content\/uploads\/2009\/10\/10d0b9subaruhybridtourer_598p.jpg\" alt=\"Subaru Hybrid Tourer Concept2\" src=\"data:image\/svg+xml;base64,PHN2ZyB3aWR0aD0iMSIgaGVpZ2h0PSIxIiB4bWxucz0iaHR0cDovL3d3dy53My5vcmcvMjAwMC9zdmciPjwvc3ZnPg==\" class=\"lazyload\" style=\"--smush-placeholder-width: 456px; --smush-placeholder-aspect-ratio: 456\/213;\" \/><\/a><\/p>\n<p>Este concepto se une en la relaci\u00f3n al <strong>R1-E<\/strong>, un <strong>el\u00e9ctrico <\/strong>que ya puso en marcha con car\u00e1cter experimental hace dos a\u00f1os, que alcanza una velocidad m\u00e1xima de 100 km\/h, una autonom\u00eda de 80 km, una <strong>vida \u00fatil <\/strong>de las bater\u00edas de diez a\u00f1os o de 160.000 kil\u00f3metros, recarga r\u00e1pida de una hora.<\/p>\n<p>A este veh\u00edculo se une otro el\u00e9ctrico como es el <strong>Subaru Stella<\/strong>, dise\u00f1ado para cuatro pasajeros y que est\u00e1 incluido en el cat\u00e1logo del <strong><a href=\"http:\/\/www.idae.es\/index.php\/mod.pags\/mem.detalle\/id.407\">Proyecto Movele <\/a><\/strong>, por lo que es posible su desembarco en Espa\u00f1a. El <strong>G4-E<\/strong> es otro el\u00e9ctrico con capacidad para cinco pasajeros y una autonom\u00eda que se eleva a 200 kil\u00f3metros. En cuanto a otras opciones energ\u00e9ticas figura el <strong>Forester bi-fuel<\/strong>, que funciona con <strong>gas licuado del petr\u00f3leo<\/strong>, pero con la novedosa <strong>tecnolog\u00eda de inyecci\u00f3n de propano l\u00edquido<\/strong>.<\/p>\n","protected":false},"excerpt":{"rendered":"<p>Las energ\u00edas alternativas y la eficiencia marcan el presente en el mercado del autom\u00f3vil. Y Subaru tiene mucha culpa de ello. La firma nipona va a potenciar tecnolog\u00edas h\u00edbridas en sus productos a partir del a\u00f1o que viene, con h\u00edbridos y el\u00e9ctrica en sus modelos actuales y en sus nuevas creaciones. Como primer paso de [&hellip;]<\/p>\n","protected":false},"author":21,"featured_media":0,"comment_status":"open","ping_status":"open","sticky":false,"template":"","format":"standard","meta":{"_acf_changed":false,"_eb_attr":"","inline_featured_image":false,"footnotes":""},"categories":[4401],"tags":[196,2652,2658,2653,2661,2664,1475,2663,2657,2654,428,2655,1471,2662,2660,2592,4390,2656,2659],"class_list":["post-2327","post","type-post","status-publish","format-standard","hentry","category-nuestra-marca","tag-eficiencia","tag-eficiente","tag-electrica","tag-energias-alternativas","tag-estella","tag-forester-bi-fuel","tag-fuji-heavy-industries","tag-g4-e","tag-hibridos","tag-mercado-del-automovil","tag-motores","tag-potenciar","tag-prototipo","tag-proyecto-movele","tag-r1-e","tag-salon-del-automovil-de-tokio","tag-subaru","tag-tecnologias-hibridas","tag-traccion-4x4"],"acf":[],"yoast_head":"<!-- This site is optimized with the Yoast SEO plugin v27.3 - https:\/\/yoast.com\/product\/yoast-seo-wordpress\/ -->\n<title>Subaru, 100% eficiente - Universo Subaru<\/title>\n<meta name=\"robots\" content=\"index, follow, max-snippet:-1, max-image-preview:large, max-video-preview:-1\" \/>\n<link rel=\"canonical\" href=\"https:\/\/www.subaru.es\/blog\/nuestra-marca\/subaru-100-eficiente\/\" \/>\n<meta property=\"og:locale\" content=\"es_ES\" \/>\n<meta property=\"og:type\" content=\"article\" \/>\n<meta property=\"og:title\" content=\"Subaru, 100% eficiente - Universo Subaru\" \/>\n<meta property=\"og:description\" content=\"Las energ\u00edas alternativas y la eficiencia marcan el presente en el mercado del autom\u00f3vil. Y Subaru tiene mucha culpa de ello. La firma nipona va a potenciar tecnolog\u00edas h\u00edbridas en sus productos a partir del a\u00f1o que viene, con h\u00edbridos y el\u00e9ctrica en sus modelos actuales y en sus nuevas creaciones. Como primer paso de [&hellip;]\" \/>\n<meta property=\"og:url\" content=\"https:\/\/www.subaru.es\/blog\/nuestra-marca\/subaru-100-eficiente\/\" \/>\n<meta property=\"og:site_name\" content=\"Universo Subaru\" \/>\n<meta property=\"article:publisher\" content=\"https:\/\/www.facebook.com\/subaruespana\" \/>\n<meta property=\"article:published_time\" content=\"2009-10-29T08:02:16+00:00\" \/>\n<meta property=\"article:modified_time\" content=\"2016-10-17T13:08:49+00:00\" \/>\n<meta property=\"og:image\" content=\"https:\/\/www.subaru.es\/blog\/wp-content\/uploads\/2009\/10\/logo_subaru1.jpg\" \/>\n<meta name=\"author\" content=\"Subaru\" \/>\n<meta name=\"twitter:card\" content=\"summary_large_image\" \/>\n<meta name=\"twitter:label1\" content=\"Escrito por\" \/>\n\t<meta name=\"twitter:data1\" content=\"Subaru\" \/>\n\t<meta name=\"twitter:label2\" content=\"Tiempo de lectura\" \/>\n\t<meta name=\"twitter:data2\" content=\"1 minuto\" \/>\n<script type=\"application\/ld+json\" class=\"yoast-schema-graph\">{\"@context\":\"https:\\\/\\\/schema.org\",\"@graph\":[{\"@type\":\"Article\",\"@id\":\"https:\\\/\\\/www.subaru.es\\\/blog\\\/nuestra-marca\\\/subaru-100-eficiente\\\/#article\",\"isPartOf\":{\"@id\":\"https:\\\/\\\/www.subaru.es\\\/blog\\\/nuestra-marca\\\/subaru-100-eficiente\\\/\"},\"author\":{\"name\":\"Subaru\",\"@id\":\"https:\\\/\\\/www.subaru.es\\\/blog\\\/#\\\/schema\\\/person\\\/19a90b892230b8e0ec752704ddf4aa10\"},\"headline\":\"Subaru, 100% eficiente\",\"datePublished\":\"2009-10-29T08:02:16+00:00\",\"dateModified\":\"2016-10-17T13:08:49+00:00\",\"mainEntityOfPage\":{\"@id\":\"https:\\\/\\\/www.subaru.es\\\/blog\\\/nuestra-marca\\\/subaru-100-eficiente\\\/\"},\"wordCount\":273,\"commentCount\":0,\"publisher\":{\"@id\":\"https:\\\/\\\/www.subaru.es\\\/blog\\\/#organization\"},\"image\":{\"@id\":\"https:\\\/\\\/www.subaru.es\\\/blog\\\/nuestra-marca\\\/subaru-100-eficiente\\\/#primaryimage\"},\"thumbnailUrl\":\"https:\\\/\\\/www.subaru.es\\\/blog\\\/wp-content\\\/uploads\\\/2009\\\/10\\\/logo_subaru1.jpg\",\"keywords\":[\"eficiencia\",\"eficiente\",\"el\u00e9ctrica\",\"energ\u00edas alternativas\",\"Estella\",\"Forester bi-fuel\",\"Fuji Heavy Industries\",\"G4-E\",\"h\u00edbridos\",\"mercado del autom\u00f3vil\",\"motores\",\"potenciar\",\"prototipo\",\"Proyecto Movele\",\"R1-E\",\"Sal\u00f3n del Autom\u00f3vil de Tokio\",\"Subaru\",\"tecnolog\u00edas h\u00edbridas\",\"tracci\u00f3n 4x4\"],\"articleSection\":[\"Nuestra marca\"],\"inLanguage\":\"es\",\"potentialAction\":[{\"@type\":\"CommentAction\",\"name\":\"Comment\",\"target\":[\"https:\\\/\\\/www.subaru.es\\\/blog\\\/nuestra-marca\\\/subaru-100-eficiente\\\/#respond\"]}]},{\"@type\":\"WebPage\",\"@id\":\"https:\\\/\\\/www.subaru.es\\\/blog\\\/nuestra-marca\\\/subaru-100-eficiente\\\/\",\"url\":\"https:\\\/\\\/www.subaru.es\\\/blog\\\/nuestra-marca\\\/subaru-100-eficiente\\\/\",\"name\":\"Subaru, 100% eficiente - Universo Subaru\",\"isPartOf\":{\"@id\":\"https:\\\/\\\/www.subaru.es\\\/blog\\\/#website\"},\"primaryImageOfPage\":{\"@id\":\"https:\\\/\\\/www.subaru.es\\\/blog\\\/nuestra-marca\\\/subaru-100-eficiente\\\/#primaryimage\"},\"image\":{\"@id\":\"https:\\\/\\\/www.subaru.es\\\/blog\\\/nuestra-marca\\\/subaru-100-eficiente\\\/#primaryimage\"},\"thumbnailUrl\":\"https:\\\/\\\/www.subaru.es\\\/blog\\\/wp-content\\\/uploads\\\/2009\\\/10\\\/logo_subaru1.jpg\",\"datePublished\":\"2009-10-29T08:02:16+00:00\",\"dateModified\":\"2016-10-17T13:08:49+00:00\",\"breadcrumb\":{\"@id\":\"https:\\\/\\\/www.subaru.es\\\/blog\\\/nuestra-marca\\\/subaru-100-eficiente\\\/#breadcrumb\"},\"inLanguage\":\"es\",\"potentialAction\":[{\"@type\":\"ReadAction\",\"target\":[\"https:\\\/\\\/www.subaru.es\\\/blog\\\/nuestra-marca\\\/subaru-100-eficiente\\\/\"]}]},{\"@type\":\"ImageObject\",\"inLanguage\":\"es\",\"@id\":\"https:\\\/\\\/www.subaru.es\\\/blog\\\/nuestra-marca\\\/subaru-100-eficiente\\\/#primaryimage\",\"url\":\"https:\\\/\\\/www.subaru.es\\\/blog\\\/wp-content\\\/uploads\\\/2009\\\/10\\\/logo_subaru1.jpg\",\"contentUrl\":\"https:\\\/\\\/www.subaru.es\\\/blog\\\/wp-content\\\/uploads\\\/2009\\\/10\\\/logo_subaru1.jpg\",\"width\":400,\"height\":267},{\"@type\":\"BreadcrumbList\",\"@id\":\"https:\\\/\\\/www.subaru.es\\\/blog\\\/nuestra-marca\\\/subaru-100-eficiente\\\/#breadcrumb\",\"itemListElement\":[{\"@type\":\"ListItem\",\"position\":1,\"name\":\"Portada\",\"item\":\"https:\\\/\\\/www.subaru.es\\\/blog\\\/\"},{\"@type\":\"ListItem\",\"position\":2,\"name\":\"Subaru, 100% eficiente\"}]},{\"@type\":\"WebSite\",\"@id\":\"https:\\\/\\\/www.subaru.es\\\/blog\\\/#website\",\"url\":\"https:\\\/\\\/www.subaru.es\\\/blog\\\/\",\"name\":\"Universo Subaru\",\"description\":\"Descubre este apasionante espacio de Subaru donde vas a conocer todo sobre nuestros coches y las experiencias que vivimos con ellos. Si est\u00e1s preparado para dejarte seducir por la filosof\u00eda Subaru, qu\u00e9date con nosotros.\",\"publisher\":{\"@id\":\"https:\\\/\\\/www.subaru.es\\\/blog\\\/#organization\"},\"potentialAction\":[{\"@type\":\"SearchAction\",\"target\":{\"@type\":\"EntryPoint\",\"urlTemplate\":\"https:\\\/\\\/www.subaru.es\\\/blog\\\/?s={search_term_string}\"},\"query-input\":{\"@type\":\"PropertyValueSpecification\",\"valueRequired\":true,\"valueName\":\"search_term_string\"}}],\"inLanguage\":\"es\"},{\"@type\":\"Organization\",\"@id\":\"https:\\\/\\\/www.subaru.es\\\/blog\\\/#organization\",\"name\":\"Subaru Espa\u00f1a S.A.\",\"url\":\"https:\\\/\\\/www.subaru.es\\\/blog\\\/\",\"logo\":{\"@type\":\"ImageObject\",\"inLanguage\":\"es\",\"@id\":\"https:\\\/\\\/www.subaru.es\\\/blog\\\/#\\\/schema\\\/logo\\\/image\\\/\",\"url\":\"https:\\\/\\\/www.subaru.es\\\/blog\\\/wp-content\\\/uploads\\\/2016\\\/12\\\/Logo-Subaru-TypeV_C300-scaled.jpg\",\"contentUrl\":\"https:\\\/\\\/www.subaru.es\\\/blog\\\/wp-content\\\/uploads\\\/2016\\\/12\\\/Logo-Subaru-TypeV_C300-scaled.jpg\",\"width\":2560,\"height\":1864,\"caption\":\"Subaru Espa\u00f1a S.A.\"},\"image\":{\"@id\":\"https:\\\/\\\/www.subaru.es\\\/blog\\\/#\\\/schema\\\/logo\\\/image\\\/\"},\"sameAs\":[\"https:\\\/\\\/www.facebook.com\\\/subaruespana\",\"https:\\\/\\\/www.instagram.com\\\/subarues\\\/\",\"https:\\\/\\\/www.youtube.com\\\/user\\\/subaruespana\"]},{\"@type\":\"Person\",\"@id\":\"https:\\\/\\\/www.subaru.es\\\/blog\\\/#\\\/schema\\\/person\\\/19a90b892230b8e0ec752704ddf4aa10\",\"name\":\"Subaru\",\"url\":\"https:\\\/\\\/www.subaru.es\\\/blog\\\/author\\\/subaria\\\/\"}]}<\/script>\n<!-- \/ Yoast SEO plugin. -->","yoast_head_json":{"title":"Subaru, 100% eficiente - Universo Subaru","robots":{"index":"index","follow":"follow","max-snippet":"max-snippet:-1","max-image-preview":"max-image-preview:large","max-video-preview":"max-video-preview:-1"},"canonical":"https:\/\/www.subaru.es\/blog\/nuestra-marca\/subaru-100-eficiente\/","og_locale":"es_ES","og_type":"article","og_title":"Subaru, 100% eficiente - Universo Subaru","og_description":"Las energ\u00edas alternativas y la eficiencia marcan el presente en el mercado del autom\u00f3vil. Y Subaru tiene mucha culpa de ello. La firma nipona va a potenciar tecnolog\u00edas h\u00edbridas en sus productos a partir del a\u00f1o que viene, con h\u00edbridos y el\u00e9ctrica en sus modelos actuales y en sus nuevas creaciones. Como primer paso de [&hellip;]","og_url":"https:\/\/www.subaru.es\/blog\/nuestra-marca\/subaru-100-eficiente\/","og_site_name":"Universo Subaru","article_publisher":"https:\/\/www.facebook.com\/subaruespana","article_published_time":"2009-10-29T08:02:16+00:00","article_modified_time":"2016-10-17T13:08:49+00:00","og_image":[{"url":"https:\/\/www.subaru.es\/blog\/wp-content\/uploads\/2009\/10\/logo_subaru1.jpg","type":"","width":"","height":""}],"author":"Subaru","twitter_card":"summary_large_image","twitter_misc":{"Escrito por":"Subaru","Tiempo de lectura":"1 minuto"},"schema":{"@context":"https:\/\/schema.org","@graph":[{"@type":"Article","@id":"https:\/\/www.subaru.es\/blog\/nuestra-marca\/subaru-100-eficiente\/#article","isPartOf":{"@id":"https:\/\/www.subaru.es\/blog\/nuestra-marca\/subaru-100-eficiente\/"},"author":{"name":"Subaru","@id":"https:\/\/www.subaru.es\/blog\/#\/schema\/person\/19a90b892230b8e0ec752704ddf4aa10"},"headline":"Subaru, 100% eficiente","datePublished":"2009-10-29T08:02:16+00:00","dateModified":"2016-10-17T13:08:49+00:00","mainEntityOfPage":{"@id":"https:\/\/www.subaru.es\/blog\/nuestra-marca\/subaru-100-eficiente\/"},"wordCount":273,"commentCount":0,"publisher":{"@id":"https:\/\/www.subaru.es\/blog\/#organization"},"image":{"@id":"https:\/\/www.subaru.es\/blog\/nuestra-marca\/subaru-100-eficiente\/#primaryimage"},"thumbnailUrl":"https:\/\/www.subaru.es\/blog\/wp-content\/uploads\/2009\/10\/logo_subaru1.jpg","keywords":["eficiencia","eficiente","el\u00e9ctrica","energ\u00edas alternativas","Estella","Forester bi-fuel","Fuji Heavy Industries","G4-E","h\u00edbridos","mercado del autom\u00f3vil","motores","potenciar","prototipo","Proyecto Movele","R1-E","Sal\u00f3n del Autom\u00f3vil de Tokio","Subaru","tecnolog\u00edas h\u00edbridas","tracci\u00f3n 4x4"],"articleSection":["Nuestra marca"],"inLanguage":"es","potentialAction":[{"@type":"CommentAction","name":"Comment","target":["https:\/\/www.subaru.es\/blog\/nuestra-marca\/subaru-100-eficiente\/#respond"]}]},{"@type":"WebPage","@id":"https:\/\/www.subaru.es\/blog\/nuestra-marca\/subaru-100-eficiente\/","url":"https:\/\/www.subaru.es\/blog\/nuestra-marca\/subaru-100-eficiente\/","name":"Subaru, 100% eficiente - Universo Subaru","isPartOf":{"@id":"https:\/\/www.subaru.es\/blog\/#website"},"primaryImageOfPage":{"@id":"https:\/\/www.subaru.es\/blog\/nuestra-marca\/subaru-100-eficiente\/#primaryimage"},"image":{"@id":"https:\/\/www.subaru.es\/blog\/nuestra-marca\/subaru-100-eficiente\/#primaryimage"},"thumbnailUrl":"https:\/\/www.subaru.es\/blog\/wp-content\/uploads\/2009\/10\/logo_subaru1.jpg","datePublished":"2009-10-29T08:02:16+00:00","dateModified":"2016-10-17T13:08:49+00:00","breadcrumb":{"@id":"https:\/\/www.subaru.es\/blog\/nuestra-marca\/subaru-100-eficiente\/#breadcrumb"},"inLanguage":"es","potentialAction":[{"@type":"ReadAction","target":["https:\/\/www.subaru.es\/blog\/nuestra-marca\/subaru-100-eficiente\/"]}]},{"@type":"ImageObject","inLanguage":"es","@id":"https:\/\/www.subaru.es\/blog\/nuestra-marca\/subaru-100-eficiente\/#primaryimage","url":"https:\/\/www.subaru.es\/blog\/wp-content\/uploads\/2009\/10\/logo_subaru1.jpg","contentUrl":"https:\/\/www.subaru.es\/blog\/wp-content\/uploads\/2009\/10\/logo_subaru1.jpg","width":400,"height":267},{"@type":"BreadcrumbList","@id":"https:\/\/www.subaru.es\/blog\/nuestra-marca\/subaru-100-eficiente\/#breadcrumb","itemListElement":[{"@type":"ListItem","position":1,"name":"Portada","item":"https:\/\/www.subaru.es\/blog\/"},{"@type":"ListItem","position":2,"name":"Subaru, 100% eficiente"}]},{"@type":"WebSite","@id":"https:\/\/www.subaru.es\/blog\/#website","url":"https:\/\/www.subaru.es\/blog\/","name":"Universo Subaru","description":"Descubre este apasionante espacio de Subaru donde vas a conocer todo sobre nuestros coches y las experiencias que vivimos con ellos. Si est\u00e1s preparado para dejarte seducir por la filosof\u00eda Subaru, qu\u00e9date con nosotros.","publisher":{"@id":"https:\/\/www.subaru.es\/blog\/#organization"},"potentialAction":[{"@type":"SearchAction","target":{"@type":"EntryPoint","urlTemplate":"https:\/\/www.subaru.es\/blog\/?s={search_term_string}"},"query-input":{"@type":"PropertyValueSpecification","valueRequired":true,"valueName":"search_term_string"}}],"inLanguage":"es"},{"@type":"Organization","@id":"https:\/\/www.subaru.es\/blog\/#organization","name":"Subaru Espa\u00f1a S.A.","url":"https:\/\/www.subaru.es\/blog\/","logo":{"@type":"ImageObject","inLanguage":"es","@id":"https:\/\/www.subaru.es\/blog\/#\/schema\/logo\/image\/","url":"https:\/\/www.subaru.es\/blog\/wp-content\/uploads\/2016\/12\/Logo-Subaru-TypeV_C300-scaled.jpg","contentUrl":"https:\/\/www.subaru.es\/blog\/wp-content\/uploads\/2016\/12\/Logo-Subaru-TypeV_C300-scaled.jpg","width":2560,"height":1864,"caption":"Subaru Espa\u00f1a S.A."},"image":{"@id":"https:\/\/www.subaru.es\/blog\/#\/schema\/logo\/image\/"},"sameAs":["https:\/\/www.facebook.com\/subaruespana","https:\/\/www.instagram.com\/subarues\/","https:\/\/www.youtube.com\/user\/subaruespana"]},{"@type":"Person","@id":"https:\/\/www.subaru.es\/blog\/#\/schema\/person\/19a90b892230b8e0ec752704ddf4aa10","name":"Subaru","url":"https:\/\/www.subaru.es\/blog\/author\/subaria\/"}]}},"_links":{"self":[{"href":"https:\/\/www.subaru.es\/blog\/wp-json\/wp\/v2\/posts\/2327","targetHints":{"allow":["GET"]}}],"collection":[{"href":"https:\/\/www.subaru.es\/blog\/wp-json\/wp\/v2\/posts"}],"about":[{"href":"https:\/\/www.subaru.es\/blog\/wp-json\/wp\/v2\/types\/post"}],"author":[{"embeddable":true,"href":"https:\/\/www.subaru.es\/blog\/wp-json\/wp\/v2\/users\/21"}],"replies":[{"embeddable":true,"href":"https:\/\/www.subaru.es\/blog\/wp-json\/wp\/v2\/comments?post=2327"}],"version-history":[{"count":1,"href":"https:\/\/www.subaru.es\/blog\/wp-json\/wp\/v2\/posts\/2327\/revisions"}],"predecessor-version":[{"id":15146,"href":"https:\/\/www.subaru.es\/blog\/wp-json\/wp\/v2\/posts\/2327\/revisions\/15146"}],"wp:attachment":[{"href":"https:\/\/www.subaru.es\/blog\/wp-json\/wp\/v2\/media?parent=2327"}],"wp:term":[{"taxonomy":"category","embeddable":true,"href":"https:\/\/www.subaru.es\/blog\/wp-json\/wp\/v2\/categories?post=2327"},{"taxonomy":"post_tag","embeddable":true,"href":"https:\/\/www.subaru.es\/blog\/wp-json\/wp\/v2\/tags?post=2327"}],"curies":[{"name":"wp","href":"https:\/\/api.w.org\/{rel}","templated":true}]}}