{"id":23201,"date":"2021-06-01T10:42:00","date_gmt":"2021-06-01T08:42:00","guid":{"rendered":"https:\/\/www.subaru.es\/blog\/?p=23201"},"modified":"2021-06-01T10:43:18","modified_gmt":"2021-06-01T08:43:18","slug":"vacaciones-flexibles-staycation-subaru","status":"publish","type":"post","link":"https:\/\/www.subaru.es\/blog\/subaru-lifestyle\/vacaciones-flexibles-staycation-subaru\/","title":{"rendered":"Staycations, la tendencia viajera del 2021"},"content":{"rendered":"\n<p>La crisis sanitaria provocada por la COVID-19 ha cambiado la situaci\u00f3n en muchos \u00e1mbitos, y&nbsp;esto es especialmente palpable&nbsp;en el sector de los viajes. Sin embargo, la pandemia no tiene por qu\u00e9 impedirte&nbsp;disfrutar de unas <strong>vacaciones flexibles y relajantes<\/strong>. En este sentido, el concepto de <strong><em>staycations<\/em><\/strong> ha cobrado m\u00e1s fuerza que nunca,&nbsp;y&nbsp;desde <strong><a href=\"https:\/\/www.subaru.es\/\" target=\"_blank\" rel=\"noreferrer noopener\">Subaru&nbsp;<\/a><\/strong>queremos explicarte&nbsp;en qu\u00e9 consiste.<\/p>\n\n\n\n<p><h2>\u00bfA qu\u00e9 se llama staycation?<\/h2><\/p>\n\n\n\n<p><strong><em>Staycation<\/em><\/strong> es una palabra que surge de la combinaci\u00f3n de los t\u00e9rminos en ingl\u00e9s <em>stay<\/em> (\u00abquedarse\u00bb) y <em>vacation<\/em> (\u00abvacaciones\u00bb). Puede traducirse, literalmente, como \u00ab<strong>pasar las<\/strong> <strong>vacaciones en casa<\/strong>\u00bb. Sin embargo, realmente hace referencia a planear actividades cerca del domicilio durante nuestros d\u00edas de ocio. As\u00ed no hace falta realizar largos trayectos en coche, tren o avi\u00f3n, ni reservar alojamientos en los que pernoctar.<\/p>\n\n\n\n<figure class=\"wp-block-image size-medium\"><img decoding=\"async\" width=\"560\" height=\"373\" data-src=\"https:\/\/www.subaru.es\/blog\/wp-content\/uploads\/2021\/05\/LR_iAP_1M4A5856-560x373.jpg\" alt=\"Vacaciones flexibles Subaru\" class=\"wp-image-23205 lazyload\" data-srcset=\"https:\/\/www.subaru.es\/blog\/wp-content\/uploads\/2021\/05\/LR_iAP_1M4A5856-560x373.jpg 560w, https:\/\/www.subaru.es\/blog\/wp-content\/uploads\/2021\/05\/LR_iAP_1M4A5856-1440x960.jpg 1440w, https:\/\/www.subaru.es\/blog\/wp-content\/uploads\/2021\/05\/LR_iAP_1M4A5856-768x512.jpg 768w, https:\/\/www.subaru.es\/blog\/wp-content\/uploads\/2021\/05\/LR_iAP_1M4A5856-1536x1024.jpg 1536w, https:\/\/www.subaru.es\/blog\/wp-content\/uploads\/2021\/05\/LR_iAP_1M4A5856-2048x1365.jpg 2048w\" data-sizes=\"(max-width: 560px) 100vw, 560px\" src=\"data:image\/svg+xml;base64,PHN2ZyB3aWR0aD0iMSIgaGVpZ2h0PSIxIiB4bWxucz0iaHR0cDovL3d3dy53My5vcmcvMjAwMC9zdmciPjwvc3ZnPg==\" style=\"--smush-placeholder-width: 560px; --smush-placeholder-aspect-ratio: 560\/373;\" \/><\/figure>\n\n\n\n<p><br>Pero, adem\u00e1s, las<strong> <em>staycations<\/em><\/strong> brindan muchas otras ventajas. Te las mostramos.&nbsp;<\/p>\n\n\n\n<ul class=\"wp-block-list\"><li><strong>Son vacaciones flexibles que ofrecen total libertad<\/strong>. Puesto que realizar\u00e1s las actividades cerca de casa, no hace falta planear nada con mucha antelaci\u00f3n. Y, si cambias de idea&nbsp;tampoco te supondr\u00e1 una gran p\u00e9rdida econ\u00f3mica.<\/li><li><strong>Resultan menos costosas que las vacaciones tradicionales<\/strong>. Al ahorrarte el alojamiento y los billetes de tren o avi\u00f3n, acabar\u00e1s gastando mucho menos.<\/li><li><strong>No generan estr\u00e9s<\/strong>. Sinceramente, preparar las maletas, esperar la cola del control de seguridad del aeropuerto o,&nbsp;incluso,&nbsp;volar, son elementos que nos generan ansiedad e irritabilidad.&nbsp;<\/li><li><strong>Permiten conocer lugares inexplorados<\/strong>. Aunque lleves viviendo en la misma ciudad toda la vida, seguro que hay sitios que no conoces. A veces&nbsp;lo que tenemos m\u00e1s cerca es lo que m\u00e1s nos cuesta visitar, porque siempre lo dejamos para m\u00e1s adelante.<\/li><\/ul>\n\n\n\n<p><\/p>\n\n\n\n<h2 class=\"wp-block-heading\">Subaru, tu colaborador en staycations<\/h2>\n\n\n\n<p><\/p>\n\n\n\n<p>Por \u00faltimo, hay un beneficio de pasar las vacaciones en casa que no hemos comentado anteriormente. Hablamos de las <strong>ventajas para el planeta<\/strong> que supone no desplazarte hasta un pa\u00eds extranjero. Ten presente que el avi\u00f3n es el medio de transporte que m\u00e1s contaminaci\u00f3n libera a la atm\u00f3sfera.<\/p>\n\n\n\n<figure class=\"wp-block-image size-medium\"><img decoding=\"async\" width=\"560\" height=\"373\" data-src=\"https:\/\/www.subaru.es\/blog\/wp-content\/uploads\/2021\/05\/LR_iAP_1M4A7571-560x373.jpg\" alt=\"Staycations Subaru\" class=\"wp-image-23207 lazyload\" data-srcset=\"https:\/\/www.subaru.es\/blog\/wp-content\/uploads\/2021\/05\/LR_iAP_1M4A7571-560x373.jpg 560w, https:\/\/www.subaru.es\/blog\/wp-content\/uploads\/2021\/05\/LR_iAP_1M4A7571-1440x960.jpg 1440w, https:\/\/www.subaru.es\/blog\/wp-content\/uploads\/2021\/05\/LR_iAP_1M4A7571-768x512.jpg 768w, https:\/\/www.subaru.es\/blog\/wp-content\/uploads\/2021\/05\/LR_iAP_1M4A7571-1536x1024.jpg 1536w, https:\/\/www.subaru.es\/blog\/wp-content\/uploads\/2021\/05\/LR_iAP_1M4A7571-2048x1365.jpg 2048w\" data-sizes=\"(max-width: 560px) 100vw, 560px\" src=\"data:image\/svg+xml;base64,PHN2ZyB3aWR0aD0iMSIgaGVpZ2h0PSIxIiB4bWxucz0iaHR0cDovL3d3dy53My5vcmcvMjAwMC9zdmciPjwvc3ZnPg==\" style=\"--smush-placeholder-width: 560px; --smush-placeholder-aspect-ratio: 560\/373;\" \/><\/figure>\n\n\n\n<p><br>Sin embargo, si apuestas por este tipo de vacaciones&nbsp;realizar\u00e1s la mayor\u00eda de desplazamientos en tu veh\u00edculo&#8230; Por eso&nbsp;la <strong>gama de coches ECO de Subaru<\/strong>&nbsp;puede convertirse&nbsp;en tu mejor opci\u00f3n. Brindan una experiencia de conducci\u00f3n excelente gracias a sus sistemas de tracci\u00f3n a las cuatro ruedas, gastan poco combustible y generan a\u00fan menos gases contaminantes.<br><br>A esto debemos a\u00f1adir, adem\u00e1s, que<strong> <a href=\"https:\/\/www.youtube.com\/watch?v=3WvZHuziGas\" target=\"_blank\" rel=\"noreferrer noopener\">viajar en un Subaru es c\u00f3modo y seguro<\/a><\/strong>. Los coches de nuestra gama ECO est\u00e1n pensados para que toda la familia pueda ir a bordo. No habr\u00e1 problemas de espacio, y ofrecen multitud de opciones en t\u00e9rminos de conectividad. Por eso, gracias a nosotros, cualquier desplazamiento por carretera se convierte en un aut\u00e9ntico placer.<\/p>\n\n\n\n<p>Si te apetece disfrutar de unas <strong>vacaciones flexibles<\/strong> este verano, piensa en todas las ventajas que te ofrecen las <strong><em>staycations<\/em><\/strong>. Ahorrar\u00e1s dinero, no te ver\u00e1s sometido al estr\u00e9s de los viajes y conocer\u00e1s rincones cercanos a ti y que hasta ahora te hab\u00edan pasado inadvertidos. Adem\u00e1s, cuidar\u00e1s el medio ambiente&#8230;&nbsp;\u00a1Sobre todo&nbsp;si apuestas por los coches de <strong>la <a href=\"https:\/\/www.subaru.es\/gamaeco-glp\/\" target=\"_blank\" rel=\"noreferrer noopener\">gama ECO de Subaru<\/a><\/strong>!&nbsp;<br><\/p>\n","protected":false},"excerpt":{"rendered":"<p>Unas vacaciones flexibles en forma de staycation pueden venirte muy bien. Una excelente alternativa a los viajes al extranjero que no entiende de pandemias<\/p>\n","protected":false},"author":21,"featured_media":23209,"comment_status":"open","ping_status":"closed","sticky":false,"template":"","format":"standard","meta":{"_acf_changed":false,"_eb_attr":"","inline_featured_image":false,"footnotes":""},"categories":[4520],"tags":[5218,5221,5106,5108,5111,5129,5219,5127,5136,4575,5216,491,1076,4398,4464,5217],"class_list":["post-23201","post","type-post","status-publish","format-standard","has-post-thumbnail","hentry","category-subaru-lifestyle","tag-aventura-subaru","tag-capacidad-offroad","tag-coches-eco","tag-coches-hibridos-2","tag-gama-eco-glp","tag-gama-subaru-ecohybrid","tag-hibrido-autorrecargable-2","tag-motor-boxer-2","tag-s-awd","tag-seguridad-subaru","tag-staycation","tag-subaru-forester","tag-subaru-outback","tag-subaru-xv","tag-traccion-total-simetrica","tag-vacaciones-flexibles"],"acf":[],"yoast_head":"<!-- This site is optimized with the Yoast SEO plugin v27.3 - https:\/\/yoast.com\/product\/yoast-seo-wordpress\/ -->\n<title>Staycations, la tendencia viajera del 2021 - Universo Subaru<\/title>\n<meta name=\"description\" content=\"Unas vacaciones flexibles en forma de staycation pueden venirte muy bien. Una excelente alternativa a los viajes al extranjero que no entiende de pandemias\" \/>\n<meta name=\"robots\" content=\"index, follow, max-snippet:-1, max-image-preview:large, max-video-preview:-1\" \/>\n<link rel=\"canonical\" href=\"https:\/\/www.subaru.es\/blog\/subaru-lifestyle\/vacaciones-flexibles-staycation-subaru\/\" \/>\n<meta property=\"og:locale\" content=\"es_ES\" \/>\n<meta property=\"og:type\" content=\"article\" \/>\n<meta property=\"og:title\" content=\"Staycations, la tendencia viajera del 2021 - Universo Subaru\" \/>\n<meta property=\"og:description\" content=\"Unas vacaciones flexibles en forma de staycation pueden venirte muy bien. Una excelente alternativa a los viajes al extranjero que no entiende de pandemias\" \/>\n<meta property=\"og:url\" content=\"https:\/\/www.subaru.es\/blog\/subaru-lifestyle\/vacaciones-flexibles-staycation-subaru\/\" \/>\n<meta property=\"og:site_name\" content=\"Universo Subaru\" \/>\n<meta property=\"article:publisher\" content=\"https:\/\/www.facebook.com\/subaruespana\" \/>\n<meta property=\"article:published_time\" content=\"2021-06-01T08:42:00+00:00\" \/>\n<meta property=\"article:modified_time\" content=\"2021-06-01T08:43:18+00:00\" \/>\n<meta property=\"og:image\" content=\"https:\/\/www.subaru.es\/blog\/wp-content\/uploads\/2021\/05\/staycations_cabecera2-1440x578.jpg\" \/>\n\t<meta property=\"og:image:width\" content=\"1440\" \/>\n\t<meta property=\"og:image:height\" content=\"578\" \/>\n\t<meta property=\"og:image:type\" content=\"image\/jpeg\" \/>\n<meta name=\"author\" content=\"Subaru\" \/>\n<meta name=\"twitter:card\" content=\"summary_large_image\" \/>\n<meta name=\"twitter:label1\" content=\"Escrito por\" \/>\n\t<meta name=\"twitter:data1\" content=\"Subaru\" \/>\n\t<meta name=\"twitter:label2\" content=\"Tiempo de lectura\" \/>\n\t<meta name=\"twitter:data2\" content=\"3 minutos\" \/>\n<script type=\"application\/ld+json\" class=\"yoast-schema-graph\">{\"@context\":\"https:\\\/\\\/schema.org\",\"@graph\":[{\"@type\":\"Article\",\"@id\":\"https:\\\/\\\/www.subaru.es\\\/blog\\\/subaru-lifestyle\\\/vacaciones-flexibles-staycation-subaru\\\/#article\",\"isPartOf\":{\"@id\":\"https:\\\/\\\/www.subaru.es\\\/blog\\\/subaru-lifestyle\\\/vacaciones-flexibles-staycation-subaru\\\/\"},\"author\":{\"name\":\"Subaru\",\"@id\":\"https:\\\/\\\/www.subaru.es\\\/blog\\\/#\\\/schema\\\/person\\\/19a90b892230b8e0ec752704ddf4aa10\"},\"headline\":\"Staycations, la tendencia viajera del 2021\",\"datePublished\":\"2021-06-01T08:42:00+00:00\",\"dateModified\":\"2021-06-01T08:43:18+00:00\",\"mainEntityOfPage\":{\"@id\":\"https:\\\/\\\/www.subaru.es\\\/blog\\\/subaru-lifestyle\\\/vacaciones-flexibles-staycation-subaru\\\/\"},\"wordCount\":568,\"commentCount\":0,\"publisher\":{\"@id\":\"https:\\\/\\\/www.subaru.es\\\/blog\\\/#organization\"},\"image\":{\"@id\":\"https:\\\/\\\/www.subaru.es\\\/blog\\\/subaru-lifestyle\\\/vacaciones-flexibles-staycation-subaru\\\/#primaryimage\"},\"thumbnailUrl\":\"https:\\\/\\\/www.subaru.es\\\/blog\\\/wp-content\\\/uploads\\\/2021\\\/05\\\/staycations_cabecera2-scaled.jpg\",\"keywords\":[\"aventura Subaru\",\"Capacidad OffRoad\",\"coches eco\",\"coches hibridos\",\"Gama eco GLP\",\"Gama Subaru ecoHYBRID\",\"hibrido autorrecargable\",\"Motor B\u00f3xer\",\"S-AWD\",\"Seguridad Subaru\",\"staycation\",\"subaru forester\",\"subaru outback\",\"Subaru XV\",\"Traccion Total Simetrica\",\"vacaciones flexibles\"],\"articleSection\":[\"Subaru LifeStyle\"],\"inLanguage\":\"es\",\"potentialAction\":[{\"@type\":\"CommentAction\",\"name\":\"Comment\",\"target\":[\"https:\\\/\\\/www.subaru.es\\\/blog\\\/subaru-lifestyle\\\/vacaciones-flexibles-staycation-subaru\\\/#respond\"]}]},{\"@type\":\"WebPage\",\"@id\":\"https:\\\/\\\/www.subaru.es\\\/blog\\\/subaru-lifestyle\\\/vacaciones-flexibles-staycation-subaru\\\/\",\"url\":\"https:\\\/\\\/www.subaru.es\\\/blog\\\/subaru-lifestyle\\\/vacaciones-flexibles-staycation-subaru\\\/\",\"name\":\"Staycations, la tendencia viajera del 2021 - Universo Subaru\",\"isPartOf\":{\"@id\":\"https:\\\/\\\/www.subaru.es\\\/blog\\\/#website\"},\"primaryImageOfPage\":{\"@id\":\"https:\\\/\\\/www.subaru.es\\\/blog\\\/subaru-lifestyle\\\/vacaciones-flexibles-staycation-subaru\\\/#primaryimage\"},\"image\":{\"@id\":\"https:\\\/\\\/www.subaru.es\\\/blog\\\/subaru-lifestyle\\\/vacaciones-flexibles-staycation-subaru\\\/#primaryimage\"},\"thumbnailUrl\":\"https:\\\/\\\/www.subaru.es\\\/blog\\\/wp-content\\\/uploads\\\/2021\\\/05\\\/staycations_cabecera2-scaled.jpg\",\"datePublished\":\"2021-06-01T08:42:00+00:00\",\"dateModified\":\"2021-06-01T08:43:18+00:00\",\"description\":\"Unas vacaciones flexibles en forma de staycation pueden venirte muy bien. Una excelente alternativa a los viajes al extranjero que no entiende de pandemias\",\"breadcrumb\":{\"@id\":\"https:\\\/\\\/www.subaru.es\\\/blog\\\/subaru-lifestyle\\\/vacaciones-flexibles-staycation-subaru\\\/#breadcrumb\"},\"inLanguage\":\"es\",\"potentialAction\":[{\"@type\":\"ReadAction\",\"target\":[\"https:\\\/\\\/www.subaru.es\\\/blog\\\/subaru-lifestyle\\\/vacaciones-flexibles-staycation-subaru\\\/\"]}]},{\"@type\":\"ImageObject\",\"inLanguage\":\"es\",\"@id\":\"https:\\\/\\\/www.subaru.es\\\/blog\\\/subaru-lifestyle\\\/vacaciones-flexibles-staycation-subaru\\\/#primaryimage\",\"url\":\"https:\\\/\\\/www.subaru.es\\\/blog\\\/wp-content\\\/uploads\\\/2021\\\/05\\\/staycations_cabecera2-scaled.jpg\",\"contentUrl\":\"https:\\\/\\\/www.subaru.es\\\/blog\\\/wp-content\\\/uploads\\\/2021\\\/05\\\/staycations_cabecera2-scaled.jpg\",\"width\":2560,\"height\":1027,\"caption\":\"vacaciones flexibles\"},{\"@type\":\"BreadcrumbList\",\"@id\":\"https:\\\/\\\/www.subaru.es\\\/blog\\\/subaru-lifestyle\\\/vacaciones-flexibles-staycation-subaru\\\/#breadcrumb\",\"itemListElement\":[{\"@type\":\"ListItem\",\"position\":1,\"name\":\"Portada\",\"item\":\"https:\\\/\\\/www.subaru.es\\\/blog\\\/\"},{\"@type\":\"ListItem\",\"position\":2,\"name\":\"Staycations, la tendencia viajera del 2021\"}]},{\"@type\":\"WebSite\",\"@id\":\"https:\\\/\\\/www.subaru.es\\\/blog\\\/#website\",\"url\":\"https:\\\/\\\/www.subaru.es\\\/blog\\\/\",\"name\":\"Universo Subaru\",\"description\":\"Descubre este apasionante espacio de Subaru donde vas a conocer todo sobre nuestros coches y las experiencias que vivimos con ellos. Si est\u00e1s preparado para dejarte seducir por la filosof\u00eda Subaru, qu\u00e9date con nosotros.\",\"publisher\":{\"@id\":\"https:\\\/\\\/www.subaru.es\\\/blog\\\/#organization\"},\"potentialAction\":[{\"@type\":\"SearchAction\",\"target\":{\"@type\":\"EntryPoint\",\"urlTemplate\":\"https:\\\/\\\/www.subaru.es\\\/blog\\\/?s={search_term_string}\"},\"query-input\":{\"@type\":\"PropertyValueSpecification\",\"valueRequired\":true,\"valueName\":\"search_term_string\"}}],\"inLanguage\":\"es\"},{\"@type\":\"Organization\",\"@id\":\"https:\\\/\\\/www.subaru.es\\\/blog\\\/#organization\",\"name\":\"Subaru Espa\u00f1a S.A.\",\"url\":\"https:\\\/\\\/www.subaru.es\\\/blog\\\/\",\"logo\":{\"@type\":\"ImageObject\",\"inLanguage\":\"es\",\"@id\":\"https:\\\/\\\/www.subaru.es\\\/blog\\\/#\\\/schema\\\/logo\\\/image\\\/\",\"url\":\"https:\\\/\\\/www.subaru.es\\\/blog\\\/wp-content\\\/uploads\\\/2016\\\/12\\\/Logo-Subaru-TypeV_C300-scaled.jpg\",\"contentUrl\":\"https:\\\/\\\/www.subaru.es\\\/blog\\\/wp-content\\\/uploads\\\/2016\\\/12\\\/Logo-Subaru-TypeV_C300-scaled.jpg\",\"width\":2560,\"height\":1864,\"caption\":\"Subaru Espa\u00f1a S.A.\"},\"image\":{\"@id\":\"https:\\\/\\\/www.subaru.es\\\/blog\\\/#\\\/schema\\\/logo\\\/image\\\/\"},\"sameAs\":[\"https:\\\/\\\/www.facebook.com\\\/subaruespana\",\"https:\\\/\\\/www.instagram.com\\\/subarues\\\/\",\"https:\\\/\\\/www.youtube.com\\\/user\\\/subaruespana\"]},{\"@type\":\"Person\",\"@id\":\"https:\\\/\\\/www.subaru.es\\\/blog\\\/#\\\/schema\\\/person\\\/19a90b892230b8e0ec752704ddf4aa10\",\"name\":\"Subaru\",\"url\":\"https:\\\/\\\/www.subaru.es\\\/blog\\\/author\\\/subaria\\\/\"}]}<\/script>\n<!-- \/ Yoast SEO plugin. -->","yoast_head_json":{"title":"Staycations, la tendencia viajera del 2021 - Universo Subaru","description":"Unas vacaciones flexibles en forma de staycation pueden venirte muy bien. Una excelente alternativa a los viajes al extranjero que no entiende de pandemias","robots":{"index":"index","follow":"follow","max-snippet":"max-snippet:-1","max-image-preview":"max-image-preview:large","max-video-preview":"max-video-preview:-1"},"canonical":"https:\/\/www.subaru.es\/blog\/subaru-lifestyle\/vacaciones-flexibles-staycation-subaru\/","og_locale":"es_ES","og_type":"article","og_title":"Staycations, la tendencia viajera del 2021 - Universo Subaru","og_description":"Unas vacaciones flexibles en forma de staycation pueden venirte muy bien. Una excelente alternativa a los viajes al extranjero que no entiende de pandemias","og_url":"https:\/\/www.subaru.es\/blog\/subaru-lifestyle\/vacaciones-flexibles-staycation-subaru\/","og_site_name":"Universo Subaru","article_publisher":"https:\/\/www.facebook.com\/subaruespana","article_published_time":"2021-06-01T08:42:00+00:00","article_modified_time":"2021-06-01T08:43:18+00:00","og_image":[{"width":1440,"height":578,"url":"https:\/\/www.subaru.es\/blog\/wp-content\/uploads\/2021\/05\/staycations_cabecera2-1440x578.jpg","type":"image\/jpeg"}],"author":"Subaru","twitter_card":"summary_large_image","twitter_misc":{"Escrito por":"Subaru","Tiempo de lectura":"3 minutos"},"schema":{"@context":"https:\/\/schema.org","@graph":[{"@type":"Article","@id":"https:\/\/www.subaru.es\/blog\/subaru-lifestyle\/vacaciones-flexibles-staycation-subaru\/#article","isPartOf":{"@id":"https:\/\/www.subaru.es\/blog\/subaru-lifestyle\/vacaciones-flexibles-staycation-subaru\/"},"author":{"name":"Subaru","@id":"https:\/\/www.subaru.es\/blog\/#\/schema\/person\/19a90b892230b8e0ec752704ddf4aa10"},"headline":"Staycations, la tendencia viajera del 2021","datePublished":"2021-06-01T08:42:00+00:00","dateModified":"2021-06-01T08:43:18+00:00","mainEntityOfPage":{"@id":"https:\/\/www.subaru.es\/blog\/subaru-lifestyle\/vacaciones-flexibles-staycation-subaru\/"},"wordCount":568,"commentCount":0,"publisher":{"@id":"https:\/\/www.subaru.es\/blog\/#organization"},"image":{"@id":"https:\/\/www.subaru.es\/blog\/subaru-lifestyle\/vacaciones-flexibles-staycation-subaru\/#primaryimage"},"thumbnailUrl":"https:\/\/www.subaru.es\/blog\/wp-content\/uploads\/2021\/05\/staycations_cabecera2-scaled.jpg","keywords":["aventura Subaru","Capacidad OffRoad","coches eco","coches hibridos","Gama eco GLP","Gama Subaru ecoHYBRID","hibrido autorrecargable","Motor B\u00f3xer","S-AWD","Seguridad Subaru","staycation","subaru forester","subaru outback","Subaru XV","Traccion Total Simetrica","vacaciones flexibles"],"articleSection":["Subaru LifeStyle"],"inLanguage":"es","potentialAction":[{"@type":"CommentAction","name":"Comment","target":["https:\/\/www.subaru.es\/blog\/subaru-lifestyle\/vacaciones-flexibles-staycation-subaru\/#respond"]}]},{"@type":"WebPage","@id":"https:\/\/www.subaru.es\/blog\/subaru-lifestyle\/vacaciones-flexibles-staycation-subaru\/","url":"https:\/\/www.subaru.es\/blog\/subaru-lifestyle\/vacaciones-flexibles-staycation-subaru\/","name":"Staycations, la tendencia viajera del 2021 - Universo Subaru","isPartOf":{"@id":"https:\/\/www.subaru.es\/blog\/#website"},"primaryImageOfPage":{"@id":"https:\/\/www.subaru.es\/blog\/subaru-lifestyle\/vacaciones-flexibles-staycation-subaru\/#primaryimage"},"image":{"@id":"https:\/\/www.subaru.es\/blog\/subaru-lifestyle\/vacaciones-flexibles-staycation-subaru\/#primaryimage"},"thumbnailUrl":"https:\/\/www.subaru.es\/blog\/wp-content\/uploads\/2021\/05\/staycations_cabecera2-scaled.jpg","datePublished":"2021-06-01T08:42:00+00:00","dateModified":"2021-06-01T08:43:18+00:00","description":"Unas vacaciones flexibles en forma de staycation pueden venirte muy bien. Una excelente alternativa a los viajes al extranjero que no entiende de pandemias","breadcrumb":{"@id":"https:\/\/www.subaru.es\/blog\/subaru-lifestyle\/vacaciones-flexibles-staycation-subaru\/#breadcrumb"},"inLanguage":"es","potentialAction":[{"@type":"ReadAction","target":["https:\/\/www.subaru.es\/blog\/subaru-lifestyle\/vacaciones-flexibles-staycation-subaru\/"]}]},{"@type":"ImageObject","inLanguage":"es","@id":"https:\/\/www.subaru.es\/blog\/subaru-lifestyle\/vacaciones-flexibles-staycation-subaru\/#primaryimage","url":"https:\/\/www.subaru.es\/blog\/wp-content\/uploads\/2021\/05\/staycations_cabecera2-scaled.jpg","contentUrl":"https:\/\/www.subaru.es\/blog\/wp-content\/uploads\/2021\/05\/staycations_cabecera2-scaled.jpg","width":2560,"height":1027,"caption":"vacaciones flexibles"},{"@type":"BreadcrumbList","@id":"https:\/\/www.subaru.es\/blog\/subaru-lifestyle\/vacaciones-flexibles-staycation-subaru\/#breadcrumb","itemListElement":[{"@type":"ListItem","position":1,"name":"Portada","item":"https:\/\/www.subaru.es\/blog\/"},{"@type":"ListItem","position":2,"name":"Staycations, la tendencia viajera del 2021"}]},{"@type":"WebSite","@id":"https:\/\/www.subaru.es\/blog\/#website","url":"https:\/\/www.subaru.es\/blog\/","name":"Universo Subaru","description":"Descubre este apasionante espacio de Subaru donde vas a conocer todo sobre nuestros coches y las experiencias que vivimos con ellos. Si est\u00e1s preparado para dejarte seducir por la filosof\u00eda Subaru, qu\u00e9date con nosotros.","publisher":{"@id":"https:\/\/www.subaru.es\/blog\/#organization"},"potentialAction":[{"@type":"SearchAction","target":{"@type":"EntryPoint","urlTemplate":"https:\/\/www.subaru.es\/blog\/?s={search_term_string}"},"query-input":{"@type":"PropertyValueSpecification","valueRequired":true,"valueName":"search_term_string"}}],"inLanguage":"es"},{"@type":"Organization","@id":"https:\/\/www.subaru.es\/blog\/#organization","name":"Subaru Espa\u00f1a S.A.","url":"https:\/\/www.subaru.es\/blog\/","logo":{"@type":"ImageObject","inLanguage":"es","@id":"https:\/\/www.subaru.es\/blog\/#\/schema\/logo\/image\/","url":"https:\/\/www.subaru.es\/blog\/wp-content\/uploads\/2016\/12\/Logo-Subaru-TypeV_C300-scaled.jpg","contentUrl":"https:\/\/www.subaru.es\/blog\/wp-content\/uploads\/2016\/12\/Logo-Subaru-TypeV_C300-scaled.jpg","width":2560,"height":1864,"caption":"Subaru Espa\u00f1a S.A."},"image":{"@id":"https:\/\/www.subaru.es\/blog\/#\/schema\/logo\/image\/"},"sameAs":["https:\/\/www.facebook.com\/subaruespana","https:\/\/www.instagram.com\/subarues\/","https:\/\/www.youtube.com\/user\/subaruespana"]},{"@type":"Person","@id":"https:\/\/www.subaru.es\/blog\/#\/schema\/person\/19a90b892230b8e0ec752704ddf4aa10","name":"Subaru","url":"https:\/\/www.subaru.es\/blog\/author\/subaria\/"}]}},"_links":{"self":[{"href":"https:\/\/www.subaru.es\/blog\/wp-json\/wp\/v2\/posts\/23201","targetHints":{"allow":["GET"]}}],"collection":[{"href":"https:\/\/www.subaru.es\/blog\/wp-json\/wp\/v2\/posts"}],"about":[{"href":"https:\/\/www.subaru.es\/blog\/wp-json\/wp\/v2\/types\/post"}],"author":[{"embeddable":true,"href":"https:\/\/www.subaru.es\/blog\/wp-json\/wp\/v2\/users\/21"}],"replies":[{"embeddable":true,"href":"https:\/\/www.subaru.es\/blog\/wp-json\/wp\/v2\/comments?post=23201"}],"version-history":[{"count":6,"href":"https:\/\/www.subaru.es\/blog\/wp-json\/wp\/v2\/posts\/23201\/revisions"}],"predecessor-version":[{"id":23212,"href":"https:\/\/www.subaru.es\/blog\/wp-json\/wp\/v2\/posts\/23201\/revisions\/23212"}],"wp:featuredmedia":[{"embeddable":true,"href":"https:\/\/www.subaru.es\/blog\/wp-json\/wp\/v2\/media\/23209"}],"wp:attachment":[{"href":"https:\/\/www.subaru.es\/blog\/wp-json\/wp\/v2\/media?parent=23201"}],"wp:term":[{"taxonomy":"category","embeddable":true,"href":"https:\/\/www.subaru.es\/blog\/wp-json\/wp\/v2\/categories?post=23201"},{"taxonomy":"post_tag","embeddable":true,"href":"https:\/\/www.subaru.es\/blog\/wp-json\/wp\/v2\/tags?post=23201"}],"curies":[{"name":"wp","href":"https:\/\/api.w.org\/{rel}","templated":true}]}}