{"id":23185,"date":"2021-05-12T12:29:00","date_gmt":"2021-05-12T10:29:00","guid":{"rendered":"https:\/\/www.subaru.es\/blog\/?p=23185"},"modified":"2021-05-12T12:34:12","modified_gmt":"2021-05-12T10:34:12","slug":"subaru-solterra-descubre-nuestro-nuevo-suv-electrico","status":"publish","type":"post","link":"https:\/\/www.subaru.es\/blog\/nuestra-marca\/subaru-solterra-descubre-nuestro-nuevo-suv-electrico\/","title":{"rendered":"Subaru Solterra: descubre nuestro nuevo SUV el\u00e9ctrico"},"content":{"rendered":"\n<p>Solterra. Ese es el nombre del nuevo&nbsp;<strong>SUV el\u00e9ctrico<\/strong>&nbsp;que vamos a lanzar desde Subaru. Un&nbsp;<strong>coche ecol\u00f3gico<\/strong>, que hemos desarrollado junto a Toyota, y que podr\u00e1s disfrutar a partir de mediados de 2022. Con \u00e9l pretendemos reforzar nuestro compromiso con el medio ambiente a la vez que satisfacemos todas tus necesidades de movilidad. \u00bfQuieres conocerlo? Te lo presentamos.<\/p>\n\n\n\n<h2 class=\"wp-block-heading\">Un SUV el\u00e9ctrico que protege el medio ambiente sin descuidar la seguridad<\/h2>\n\n\n\n<p><\/p>\n\n\n\n<p>El&nbsp;<strong>Subaru Solterra<\/strong>&nbsp;ser\u00e1 fabricado en su totalidad dentro de la Plataforma Global e-Subaru. Esta Plataforma ha sido creada conjuntamente por Subaru y Toyota, permite fabricar diferentes tipos de veh\u00edculos el\u00e9ctricos de manera eficiente. Subaru Solterra&nbsp;se trata de un coche el\u00e9ctrico con una experiencia de conducci\u00f3n segura y muy din\u00e1mica, gracias a nuestra&nbsp;tecnolog\u00eda&nbsp;<a href=\"https:\/\/www.youtube.com\/watch?v=5ohVHFqhYBY\" target=\"_blank\" rel=\"noreferrer noopener\">All Wheel Drive&nbsp;de tracci\u00f3n total<\/a>. A esto se suma el sistema de electrificaci\u00f3n de veh\u00edculos de Toyota, considerado un\u00e1nimemente como el m\u00e1s eficiente del mundo.<\/p>\n\n\n\n<figure class=\"wp-block-image size-medium\"><img decoding=\"async\" width=\"560\" height=\"373\" data-src=\"https:\/\/www.subaru.es\/blog\/wp-content\/uploads\/2021\/05\/teaser-2_Subaru-Solterra-560x373.jpg\" alt=\"SUV el\u00e9ctrico Solterra\" class=\"wp-image-23189 lazyload\" data-srcset=\"https:\/\/www.subaru.es\/blog\/wp-content\/uploads\/2021\/05\/teaser-2_Subaru-Solterra-560x373.jpg 560w, https:\/\/www.subaru.es\/blog\/wp-content\/uploads\/2021\/05\/teaser-2_Subaru-Solterra-1440x960.jpg 1440w, https:\/\/www.subaru.es\/blog\/wp-content\/uploads\/2021\/05\/teaser-2_Subaru-Solterra-768x512.jpg 768w, https:\/\/www.subaru.es\/blog\/wp-content\/uploads\/2021\/05\/teaser-2_Subaru-Solterra-1536x1024.jpg 1536w, https:\/\/www.subaru.es\/blog\/wp-content\/uploads\/2021\/05\/teaser-2_Subaru-Solterra-2048x1365.jpg 2048w\" data-sizes=\"(max-width: 560px) 100vw, 560px\" src=\"data:image\/svg+xml;base64,PHN2ZyB3aWR0aD0iMSIgaGVpZ2h0PSIxIiB4bWxucz0iaHR0cDovL3d3dy53My5vcmcvMjAwMC9zdmciPjwvc3ZnPg==\" style=\"--smush-placeholder-width: 560px; --smush-placeholder-aspect-ratio: 560\/373;\" \/><\/figure>\n\n\n\n<p>De hecho, la denominaci\u00f3n del Solterra no es casualidad. Se trata de un homenaje que, desde la marca, hemos querido hacer a la madre naturaleza para mostrar nuestro compromiso con ella. La representaci\u00f3n de&nbsp;<strong>unos valores con los que seguro que te identificas<\/strong>.<\/p>\n\n\n\n<p>Pero hay m\u00e1s. Este&nbsp;<strong><a href=\"https:\/\/www.subaru.es\/blog\/nuestra-marca\/subaru-100-electrico-lanzamiento-confirmado-para-europa\/\" target=\"_blank\" rel=\"noreferrer noopener\">coche el\u00e9ctrico de Subaru<\/a><\/strong>, como ya es tradici\u00f3n dentro de nuestra gama, ofrecer\u00e1 una estabilidad excepcional y multitud de elementos de seguridad pasiva. Todo para conseguir un&nbsp;<strong>SUV&nbsp;<\/strong>con el que puedas explorar cualquier camino con total confianza y sin utilizar combustibles f\u00f3siles.<\/p>\n\n\n\n<h2 class=\"wp-block-heading\">Un coche ecol\u00f3gico para un mundo mejor<\/h2>\n\n\n\n<p><\/p>\n\n\n\n<p>El&nbsp;<strong>SUV el\u00e9ctrico Subaru Solterra<\/strong>&nbsp;se sumar\u00e1 a nuestra gama de coches ecol\u00f3gicos el a\u00f1o que viene. Con \u00e9l no solo cuidaremos el planeta desde el momento en el que empiece a circular, gracias a sus&nbsp;<strong>cero emisiones<\/strong>&#8230; Sino tambi\u00e9n antes. Nos hemos preocupado de que todas las fases del proceso de fabricaci\u00f3n de este modelo sean tan&nbsp;<strong>respetuosas con el medio ambiente<\/strong>&nbsp;como es posible. \u00bfA que no puedes esperar a probarlo?<\/p>\n","protected":false},"excerpt":{"rendered":"<p>Solterra. Ese es el nombre del nuevo&nbsp;SUV el\u00e9ctrico&nbsp;que vamos a lanzar desde Subaru. Un&nbsp;coche ecol\u00f3gico, que hemos desarrollado junto a Toyota, y que podr\u00e1s disfrutar a partir de mediados de 2022. Con \u00e9l pretendemos reforzar nuestro compromiso con el medio ambiente a la vez que satisfacemos todas tus necesidades de movilidad. \u00bfQuieres conocerlo? Te lo [&hellip;]<\/p>\n","protected":false},"author":21,"featured_media":23188,"comment_status":"open","ping_status":"closed","sticky":false,"template":"","format":"standard","meta":{"_acf_changed":false,"_eb_attr":"","inline_featured_image":false,"footnotes":""},"categories":[4401],"tags":[1552,5215,5106,3426,5213,4938,643,5214,5212,64,5211,5029,4464],"class_list":["post-23185","post","type-post","status-publish","format-standard","has-post-thumbnail","hentry","category-nuestra-marca","tag-cero-emisiones","tag-coche-electrico-subaru","tag-coches-eco","tag-coches-ecologicos","tag-electrificacion-subaru","tag-etiqueta-eco","tag-gama-subaru","tag-plataforma-global-e-subaru","tag-subaru-electrico","tag-subaru-espana","tag-subaru-solterra","tag-suv-electrico","tag-traccion-total-simetrica"],"acf":[],"yoast_head":"<!-- This site is optimized with the Yoast SEO plugin v27.3 - https:\/\/yoast.com\/product\/yoast-seo-wordpress\/ -->\n<title>Subaru Solterra: descubre nuestro nuevo SUV el\u00e9ctrico - Universo Subaru<\/title>\n<meta name=\"description\" content=\"El SUV el\u00e9ctrico Subaru Solterra ha sido desarrollado en colaboraci\u00f3n con Toyota y llegar\u00e1 a mediados del 2022.\" \/>\n<meta name=\"robots\" content=\"index, follow, max-snippet:-1, max-image-preview:large, max-video-preview:-1\" \/>\n<link rel=\"canonical\" href=\"https:\/\/www.subaru.es\/blog\/nuestra-marca\/subaru-solterra-descubre-nuestro-nuevo-suv-electrico\/\" \/>\n<meta property=\"og:locale\" content=\"es_ES\" \/>\n<meta property=\"og:type\" content=\"article\" \/>\n<meta property=\"og:title\" content=\"Subaru Solterra: descubre nuestro nuevo SUV el\u00e9ctrico - Universo Subaru\" \/>\n<meta property=\"og:description\" content=\"El SUV el\u00e9ctrico Subaru Solterra ha sido desarrollado en colaboraci\u00f3n con Toyota y llegar\u00e1 a mediados del 2022.\" \/>\n<meta property=\"og:url\" content=\"https:\/\/www.subaru.es\/blog\/nuestra-marca\/subaru-solterra-descubre-nuestro-nuevo-suv-electrico\/\" \/>\n<meta property=\"og:site_name\" content=\"Universo Subaru\" \/>\n<meta property=\"article:publisher\" content=\"https:\/\/www.facebook.com\/subaruespana\" \/>\n<meta property=\"article:published_time\" content=\"2021-05-12T10:29:00+00:00\" \/>\n<meta property=\"article:modified_time\" content=\"2021-05-12T10:34:12+00:00\" \/>\n<meta property=\"og:image\" content=\"https:\/\/www.subaru.es\/blog\/wp-content\/uploads\/2021\/05\/teaser-1_Subaru-Solterra_cabecera.jpg\" \/>\n\t<meta property=\"og:image:width\" content=\"4500\" \/>\n\t<meta property=\"og:image:height\" content=\"1700\" \/>\n\t<meta property=\"og:image:type\" content=\"image\/jpeg\" \/>\n<meta name=\"author\" content=\"Subaru\" \/>\n<meta name=\"twitter:card\" content=\"summary_large_image\" \/>\n<meta name=\"twitter:label1\" content=\"Escrito por\" \/>\n\t<meta name=\"twitter:data1\" content=\"Subaru\" \/>\n\t<meta name=\"twitter:label2\" content=\"Tiempo de lectura\" \/>\n\t<meta name=\"twitter:data2\" content=\"2 minutos\" \/>\n<script type=\"application\/ld+json\" class=\"yoast-schema-graph\">{\"@context\":\"https:\\\/\\\/schema.org\",\"@graph\":[{\"@type\":\"Article\",\"@id\":\"https:\\\/\\\/www.subaru.es\\\/blog\\\/nuestra-marca\\\/subaru-solterra-descubre-nuestro-nuevo-suv-electrico\\\/#article\",\"isPartOf\":{\"@id\":\"https:\\\/\\\/www.subaru.es\\\/blog\\\/nuestra-marca\\\/subaru-solterra-descubre-nuestro-nuevo-suv-electrico\\\/\"},\"author\":{\"name\":\"Subaru\",\"@id\":\"https:\\\/\\\/www.subaru.es\\\/blog\\\/#\\\/schema\\\/person\\\/19a90b892230b8e0ec752704ddf4aa10\"},\"headline\":\"Subaru Solterra: descubre nuestro nuevo SUV el\u00e9ctrico\",\"datePublished\":\"2021-05-12T10:29:00+00:00\",\"dateModified\":\"2021-05-12T10:34:12+00:00\",\"mainEntityOfPage\":{\"@id\":\"https:\\\/\\\/www.subaru.es\\\/blog\\\/nuestra-marca\\\/subaru-solterra-descubre-nuestro-nuevo-suv-electrico\\\/\"},\"wordCount\":374,\"commentCount\":3,\"publisher\":{\"@id\":\"https:\\\/\\\/www.subaru.es\\\/blog\\\/#organization\"},\"image\":{\"@id\":\"https:\\\/\\\/www.subaru.es\\\/blog\\\/nuestra-marca\\\/subaru-solterra-descubre-nuestro-nuevo-suv-electrico\\\/#primaryimage\"},\"thumbnailUrl\":\"https:\\\/\\\/www.subaru.es\\\/blog\\\/wp-content\\\/uploads\\\/2021\\\/05\\\/teaser-1_Subaru-Solterra_cabecera-scaled.jpg\",\"keywords\":[\"cero emisiones\",\"coche el\u00e9ctrico Subaru\",\"coches eco\",\"coches ecol\u00f3gicos\",\"electrificaci\u00f3n Subaru\",\"etiqueta eco\",\"gama subaru\",\"Plataforma Global e-Subaru\",\"Subaru el\u00e9ctrico\",\"subaru espa\u00f1a\",\"Subaru Solterra\",\"SUV electrico\",\"Traccion Total Simetrica\"],\"articleSection\":[\"Nuestra marca\"],\"inLanguage\":\"es\",\"potentialAction\":[{\"@type\":\"CommentAction\",\"name\":\"Comment\",\"target\":[\"https:\\\/\\\/www.subaru.es\\\/blog\\\/nuestra-marca\\\/subaru-solterra-descubre-nuestro-nuevo-suv-electrico\\\/#respond\"]}]},{\"@type\":\"WebPage\",\"@id\":\"https:\\\/\\\/www.subaru.es\\\/blog\\\/nuestra-marca\\\/subaru-solterra-descubre-nuestro-nuevo-suv-electrico\\\/\",\"url\":\"https:\\\/\\\/www.subaru.es\\\/blog\\\/nuestra-marca\\\/subaru-solterra-descubre-nuestro-nuevo-suv-electrico\\\/\",\"name\":\"Subaru Solterra: descubre nuestro nuevo SUV el\u00e9ctrico - Universo Subaru\",\"isPartOf\":{\"@id\":\"https:\\\/\\\/www.subaru.es\\\/blog\\\/#website\"},\"primaryImageOfPage\":{\"@id\":\"https:\\\/\\\/www.subaru.es\\\/blog\\\/nuestra-marca\\\/subaru-solterra-descubre-nuestro-nuevo-suv-electrico\\\/#primaryimage\"},\"image\":{\"@id\":\"https:\\\/\\\/www.subaru.es\\\/blog\\\/nuestra-marca\\\/subaru-solterra-descubre-nuestro-nuevo-suv-electrico\\\/#primaryimage\"},\"thumbnailUrl\":\"https:\\\/\\\/www.subaru.es\\\/blog\\\/wp-content\\\/uploads\\\/2021\\\/05\\\/teaser-1_Subaru-Solterra_cabecera-scaled.jpg\",\"datePublished\":\"2021-05-12T10:29:00+00:00\",\"dateModified\":\"2021-05-12T10:34:12+00:00\",\"description\":\"El SUV el\u00e9ctrico Subaru Solterra ha sido desarrollado en colaboraci\u00f3n con Toyota y llegar\u00e1 a mediados del 2022.\",\"breadcrumb\":{\"@id\":\"https:\\\/\\\/www.subaru.es\\\/blog\\\/nuestra-marca\\\/subaru-solterra-descubre-nuestro-nuevo-suv-electrico\\\/#breadcrumb\"},\"inLanguage\":\"es\",\"potentialAction\":[{\"@type\":\"ReadAction\",\"target\":[\"https:\\\/\\\/www.subaru.es\\\/blog\\\/nuestra-marca\\\/subaru-solterra-descubre-nuestro-nuevo-suv-electrico\\\/\"]}]},{\"@type\":\"ImageObject\",\"inLanguage\":\"es\",\"@id\":\"https:\\\/\\\/www.subaru.es\\\/blog\\\/nuestra-marca\\\/subaru-solterra-descubre-nuestro-nuevo-suv-electrico\\\/#primaryimage\",\"url\":\"https:\\\/\\\/www.subaru.es\\\/blog\\\/wp-content\\\/uploads\\\/2021\\\/05\\\/teaser-1_Subaru-Solterra_cabecera-scaled.jpg\",\"contentUrl\":\"https:\\\/\\\/www.subaru.es\\\/blog\\\/wp-content\\\/uploads\\\/2021\\\/05\\\/teaser-1_Subaru-Solterra_cabecera-scaled.jpg\",\"width\":2560,\"height\":967,\"caption\":\"Subaru Solterra\"},{\"@type\":\"BreadcrumbList\",\"@id\":\"https:\\\/\\\/www.subaru.es\\\/blog\\\/nuestra-marca\\\/subaru-solterra-descubre-nuestro-nuevo-suv-electrico\\\/#breadcrumb\",\"itemListElement\":[{\"@type\":\"ListItem\",\"position\":1,\"name\":\"Portada\",\"item\":\"https:\\\/\\\/www.subaru.es\\\/blog\\\/\"},{\"@type\":\"ListItem\",\"position\":2,\"name\":\"Subaru Solterra: descubre nuestro nuevo SUV el\u00e9ctrico\"}]},{\"@type\":\"WebSite\",\"@id\":\"https:\\\/\\\/www.subaru.es\\\/blog\\\/#website\",\"url\":\"https:\\\/\\\/www.subaru.es\\\/blog\\\/\",\"name\":\"Universo Subaru\",\"description\":\"Descubre este apasionante espacio de Subaru donde vas a conocer todo sobre nuestros coches y las experiencias que vivimos con ellos. Si est\u00e1s preparado para dejarte seducir por la filosof\u00eda Subaru, qu\u00e9date con nosotros.\",\"publisher\":{\"@id\":\"https:\\\/\\\/www.subaru.es\\\/blog\\\/#organization\"},\"potentialAction\":[{\"@type\":\"SearchAction\",\"target\":{\"@type\":\"EntryPoint\",\"urlTemplate\":\"https:\\\/\\\/www.subaru.es\\\/blog\\\/?s={search_term_string}\"},\"query-input\":{\"@type\":\"PropertyValueSpecification\",\"valueRequired\":true,\"valueName\":\"search_term_string\"}}],\"inLanguage\":\"es\"},{\"@type\":\"Organization\",\"@id\":\"https:\\\/\\\/www.subaru.es\\\/blog\\\/#organization\",\"name\":\"Subaru Espa\u00f1a S.A.\",\"url\":\"https:\\\/\\\/www.subaru.es\\\/blog\\\/\",\"logo\":{\"@type\":\"ImageObject\",\"inLanguage\":\"es\",\"@id\":\"https:\\\/\\\/www.subaru.es\\\/blog\\\/#\\\/schema\\\/logo\\\/image\\\/\",\"url\":\"https:\\\/\\\/www.subaru.es\\\/blog\\\/wp-content\\\/uploads\\\/2016\\\/12\\\/Logo-Subaru-TypeV_C300-scaled.jpg\",\"contentUrl\":\"https:\\\/\\\/www.subaru.es\\\/blog\\\/wp-content\\\/uploads\\\/2016\\\/12\\\/Logo-Subaru-TypeV_C300-scaled.jpg\",\"width\":2560,\"height\":1864,\"caption\":\"Subaru Espa\u00f1a S.A.\"},\"image\":{\"@id\":\"https:\\\/\\\/www.subaru.es\\\/blog\\\/#\\\/schema\\\/logo\\\/image\\\/\"},\"sameAs\":[\"https:\\\/\\\/www.facebook.com\\\/subaruespana\",\"https:\\\/\\\/www.instagram.com\\\/subarues\\\/\",\"https:\\\/\\\/www.youtube.com\\\/user\\\/subaruespana\"]},{\"@type\":\"Person\",\"@id\":\"https:\\\/\\\/www.subaru.es\\\/blog\\\/#\\\/schema\\\/person\\\/19a90b892230b8e0ec752704ddf4aa10\",\"name\":\"Subaru\",\"url\":\"https:\\\/\\\/www.subaru.es\\\/blog\\\/author\\\/subaria\\\/\"}]}<\/script>\n<!-- \/ Yoast SEO plugin. -->","yoast_head_json":{"title":"Subaru Solterra: descubre nuestro nuevo SUV el\u00e9ctrico - Universo Subaru","description":"El SUV el\u00e9ctrico Subaru Solterra ha sido desarrollado en colaboraci\u00f3n con Toyota y llegar\u00e1 a mediados del 2022.","robots":{"index":"index","follow":"follow","max-snippet":"max-snippet:-1","max-image-preview":"max-image-preview:large","max-video-preview":"max-video-preview:-1"},"canonical":"https:\/\/www.subaru.es\/blog\/nuestra-marca\/subaru-solterra-descubre-nuestro-nuevo-suv-electrico\/","og_locale":"es_ES","og_type":"article","og_title":"Subaru Solterra: descubre nuestro nuevo SUV el\u00e9ctrico - Universo Subaru","og_description":"El SUV el\u00e9ctrico Subaru Solterra ha sido desarrollado en colaboraci\u00f3n con Toyota y llegar\u00e1 a mediados del 2022.","og_url":"https:\/\/www.subaru.es\/blog\/nuestra-marca\/subaru-solterra-descubre-nuestro-nuevo-suv-electrico\/","og_site_name":"Universo Subaru","article_publisher":"https:\/\/www.facebook.com\/subaruespana","article_published_time":"2021-05-12T10:29:00+00:00","article_modified_time":"2021-05-12T10:34:12+00:00","og_image":[{"width":4500,"height":1700,"url":"https:\/\/www.subaru.es\/blog\/wp-content\/uploads\/2021\/05\/teaser-1_Subaru-Solterra_cabecera.jpg","type":"image\/jpeg"}],"author":"Subaru","twitter_card":"summary_large_image","twitter_misc":{"Escrito por":"Subaru","Tiempo de lectura":"2 minutos"},"schema":{"@context":"https:\/\/schema.org","@graph":[{"@type":"Article","@id":"https:\/\/www.subaru.es\/blog\/nuestra-marca\/subaru-solterra-descubre-nuestro-nuevo-suv-electrico\/#article","isPartOf":{"@id":"https:\/\/www.subaru.es\/blog\/nuestra-marca\/subaru-solterra-descubre-nuestro-nuevo-suv-electrico\/"},"author":{"name":"Subaru","@id":"https:\/\/www.subaru.es\/blog\/#\/schema\/person\/19a90b892230b8e0ec752704ddf4aa10"},"headline":"Subaru Solterra: descubre nuestro nuevo SUV el\u00e9ctrico","datePublished":"2021-05-12T10:29:00+00:00","dateModified":"2021-05-12T10:34:12+00:00","mainEntityOfPage":{"@id":"https:\/\/www.subaru.es\/blog\/nuestra-marca\/subaru-solterra-descubre-nuestro-nuevo-suv-electrico\/"},"wordCount":374,"commentCount":3,"publisher":{"@id":"https:\/\/www.subaru.es\/blog\/#organization"},"image":{"@id":"https:\/\/www.subaru.es\/blog\/nuestra-marca\/subaru-solterra-descubre-nuestro-nuevo-suv-electrico\/#primaryimage"},"thumbnailUrl":"https:\/\/www.subaru.es\/blog\/wp-content\/uploads\/2021\/05\/teaser-1_Subaru-Solterra_cabecera-scaled.jpg","keywords":["cero emisiones","coche el\u00e9ctrico Subaru","coches eco","coches ecol\u00f3gicos","electrificaci\u00f3n Subaru","etiqueta eco","gama subaru","Plataforma Global e-Subaru","Subaru el\u00e9ctrico","subaru espa\u00f1a","Subaru Solterra","SUV electrico","Traccion Total Simetrica"],"articleSection":["Nuestra marca"],"inLanguage":"es","potentialAction":[{"@type":"CommentAction","name":"Comment","target":["https:\/\/www.subaru.es\/blog\/nuestra-marca\/subaru-solterra-descubre-nuestro-nuevo-suv-electrico\/#respond"]}]},{"@type":"WebPage","@id":"https:\/\/www.subaru.es\/blog\/nuestra-marca\/subaru-solterra-descubre-nuestro-nuevo-suv-electrico\/","url":"https:\/\/www.subaru.es\/blog\/nuestra-marca\/subaru-solterra-descubre-nuestro-nuevo-suv-electrico\/","name":"Subaru Solterra: descubre nuestro nuevo SUV el\u00e9ctrico - Universo Subaru","isPartOf":{"@id":"https:\/\/www.subaru.es\/blog\/#website"},"primaryImageOfPage":{"@id":"https:\/\/www.subaru.es\/blog\/nuestra-marca\/subaru-solterra-descubre-nuestro-nuevo-suv-electrico\/#primaryimage"},"image":{"@id":"https:\/\/www.subaru.es\/blog\/nuestra-marca\/subaru-solterra-descubre-nuestro-nuevo-suv-electrico\/#primaryimage"},"thumbnailUrl":"https:\/\/www.subaru.es\/blog\/wp-content\/uploads\/2021\/05\/teaser-1_Subaru-Solterra_cabecera-scaled.jpg","datePublished":"2021-05-12T10:29:00+00:00","dateModified":"2021-05-12T10:34:12+00:00","description":"El SUV el\u00e9ctrico Subaru Solterra ha sido desarrollado en colaboraci\u00f3n con Toyota y llegar\u00e1 a mediados del 2022.","breadcrumb":{"@id":"https:\/\/www.subaru.es\/blog\/nuestra-marca\/subaru-solterra-descubre-nuestro-nuevo-suv-electrico\/#breadcrumb"},"inLanguage":"es","potentialAction":[{"@type":"ReadAction","target":["https:\/\/www.subaru.es\/blog\/nuestra-marca\/subaru-solterra-descubre-nuestro-nuevo-suv-electrico\/"]}]},{"@type":"ImageObject","inLanguage":"es","@id":"https:\/\/www.subaru.es\/blog\/nuestra-marca\/subaru-solterra-descubre-nuestro-nuevo-suv-electrico\/#primaryimage","url":"https:\/\/www.subaru.es\/blog\/wp-content\/uploads\/2021\/05\/teaser-1_Subaru-Solterra_cabecera-scaled.jpg","contentUrl":"https:\/\/www.subaru.es\/blog\/wp-content\/uploads\/2021\/05\/teaser-1_Subaru-Solterra_cabecera-scaled.jpg","width":2560,"height":967,"caption":"Subaru Solterra"},{"@type":"BreadcrumbList","@id":"https:\/\/www.subaru.es\/blog\/nuestra-marca\/subaru-solterra-descubre-nuestro-nuevo-suv-electrico\/#breadcrumb","itemListElement":[{"@type":"ListItem","position":1,"name":"Portada","item":"https:\/\/www.subaru.es\/blog\/"},{"@type":"ListItem","position":2,"name":"Subaru Solterra: descubre nuestro nuevo SUV el\u00e9ctrico"}]},{"@type":"WebSite","@id":"https:\/\/www.subaru.es\/blog\/#website","url":"https:\/\/www.subaru.es\/blog\/","name":"Universo Subaru","description":"Descubre este apasionante espacio de Subaru donde vas a conocer todo sobre nuestros coches y las experiencias que vivimos con ellos. Si est\u00e1s preparado para dejarte seducir por la filosof\u00eda Subaru, qu\u00e9date con nosotros.","publisher":{"@id":"https:\/\/www.subaru.es\/blog\/#organization"},"potentialAction":[{"@type":"SearchAction","target":{"@type":"EntryPoint","urlTemplate":"https:\/\/www.subaru.es\/blog\/?s={search_term_string}"},"query-input":{"@type":"PropertyValueSpecification","valueRequired":true,"valueName":"search_term_string"}}],"inLanguage":"es"},{"@type":"Organization","@id":"https:\/\/www.subaru.es\/blog\/#organization","name":"Subaru Espa\u00f1a S.A.","url":"https:\/\/www.subaru.es\/blog\/","logo":{"@type":"ImageObject","inLanguage":"es","@id":"https:\/\/www.subaru.es\/blog\/#\/schema\/logo\/image\/","url":"https:\/\/www.subaru.es\/blog\/wp-content\/uploads\/2016\/12\/Logo-Subaru-TypeV_C300-scaled.jpg","contentUrl":"https:\/\/www.subaru.es\/blog\/wp-content\/uploads\/2016\/12\/Logo-Subaru-TypeV_C300-scaled.jpg","width":2560,"height":1864,"caption":"Subaru Espa\u00f1a S.A."},"image":{"@id":"https:\/\/www.subaru.es\/blog\/#\/schema\/logo\/image\/"},"sameAs":["https:\/\/www.facebook.com\/subaruespana","https:\/\/www.instagram.com\/subarues\/","https:\/\/www.youtube.com\/user\/subaruespana"]},{"@type":"Person","@id":"https:\/\/www.subaru.es\/blog\/#\/schema\/person\/19a90b892230b8e0ec752704ddf4aa10","name":"Subaru","url":"https:\/\/www.subaru.es\/blog\/author\/subaria\/"}]}},"_links":{"self":[{"href":"https:\/\/www.subaru.es\/blog\/wp-json\/wp\/v2\/posts\/23185","targetHints":{"allow":["GET"]}}],"collection":[{"href":"https:\/\/www.subaru.es\/blog\/wp-json\/wp\/v2\/posts"}],"about":[{"href":"https:\/\/www.subaru.es\/blog\/wp-json\/wp\/v2\/types\/post"}],"author":[{"embeddable":true,"href":"https:\/\/www.subaru.es\/blog\/wp-json\/wp\/v2\/users\/21"}],"replies":[{"embeddable":true,"href":"https:\/\/www.subaru.es\/blog\/wp-json\/wp\/v2\/comments?post=23185"}],"version-history":[{"count":5,"href":"https:\/\/www.subaru.es\/blog\/wp-json\/wp\/v2\/posts\/23185\/revisions"}],"predecessor-version":[{"id":23193,"href":"https:\/\/www.subaru.es\/blog\/wp-json\/wp\/v2\/posts\/23185\/revisions\/23193"}],"wp:featuredmedia":[{"embeddable":true,"href":"https:\/\/www.subaru.es\/blog\/wp-json\/wp\/v2\/media\/23188"}],"wp:attachment":[{"href":"https:\/\/www.subaru.es\/blog\/wp-json\/wp\/v2\/media?parent=23185"}],"wp:term":[{"taxonomy":"category","embeddable":true,"href":"https:\/\/www.subaru.es\/blog\/wp-json\/wp\/v2\/categories?post=23185"},{"taxonomy":"post_tag","embeddable":true,"href":"https:\/\/www.subaru.es\/blog\/wp-json\/wp\/v2\/tags?post=23185"}],"curies":[{"name":"wp","href":"https:\/\/api.w.org\/{rel}","templated":true}]}}