{"id":2312,"date":"2009-10-26T10:00:25","date_gmt":"2009-10-26T08:00:25","guid":{"rendered":"http:\/\/subaru.preproduccion.com\/blog\/wp-content\/2009\/10\/26\/eyesight-de-subaru-2\/"},"modified":"2020-08-06T11:40:52","modified_gmt":"2020-08-06T09:40:52","slug":"eyesight-de-subaru-2","status":"publish","type":"post","link":"https:\/\/www.subaru.es\/blog\/nuestra-marca\/eyesight-de-subaru-2\/","title":{"rendered":"EyeSight+ de Subaru"},"content":{"rendered":"<p><a href=\"https:\/\/www.subaru.es\/blog\/wp-content\/uploads\/2009\/10\/eyesight2.bmp\" title=\"Eyesight2\"><img decoding=\"async\" src=\"https:\/\/www.subaru.es\/blog\/wp-content\/uploads\/2009\/10\/eyesight2.bmp\" alt=\"Eyesight2\" \/><\/a><\/p>\n<p><strong>Subaru <\/strong>va estar presente en el <strong><a href=\"http:\/\/www.tokyo-motorshow.com\/en\/index.html\">Sal\u00f3n Internacional del autom\u00f3vil de Tokio <\/a><\/strong>, que se celebrar\u00e1 <strong>del 23 de octubre al 8 de noviembre de 2009 <\/strong>en la capital nipona. Y all\u00ed va a presentar su nuevo <strong>sistema de seguridad EyeSight+<\/strong>. En esencia, se trata de un <strong>dispositivo de pre-colisi\u00f3n<\/strong>.<\/p>\n<p>Este <strong>sistema de pre-colisi\u00f3n<\/strong>, a trav\u00e9s de una <strong>c\u00e1mara con visi\u00f3n est\u00e9reo<\/strong>, <strong>capta im\u00e1genes alrededor del veh\u00edculo<\/strong>, por lo que localiza cualquier posible <strong>obst\u00e1culo <\/strong>(coches detenidos, ciclistas y peatones). Ante la llegada del posible <strong>impacto<\/strong>, <strong>se tensan los cinturones de seguridad <\/strong>y ante la <strong>m\u00e1xima proximidad del veh\u00edculo <\/strong>que precede al <strong>Subaru<\/strong>, act\u00faa sobre los <strong>frenos<\/strong>.<\/p>\n<p><a href=\"https:\/\/www.subaru.es\/blog\/wp-content\/uploads\/2009\/10\/eyesight.jpg\" title=\"Eyesight\"><img decoding=\"async\" data-src=\"https:\/\/www.subaru.es\/blog\/wp-content\/uploads\/2009\/10\/eyesight.jpg\" alt=\"Eyesight\" src=\"data:image\/svg+xml;base64,PHN2ZyB3aWR0aD0iMSIgaGVpZ2h0PSIxIiB4bWxucz0iaHR0cDovL3d3dy53My5vcmcvMjAwMC9zdmciPjwvc3ZnPg==\" class=\"lazyload\" style=\"--smush-placeholder-width: 437px; --smush-placeholder-aspect-ratio: 437\/557;\" \/><\/a><\/p>\n<p>Dentro de este <strong>sistema EyeSight de Subar<\/strong>u tambi\u00e9n se integra el dispositivo de <strong>cambio involuntario de carril<\/strong> y se<strong> comunica con otros coches que dispongan del mismo sistema <\/strong>para <strong>transmitir informaci\u00f3n <\/strong>sobre las <strong>circunstancias de la v\u00eda<\/strong>. En definitiva, <strong>la \u00faltima revoluci\u00f3n <\/strong>de la firma.<\/p>\n<p>En el <strong>Sal\u00f3n del Autom\u00f3vil de Tokio<\/strong>, <strong>Subaru <\/strong>tambi\u00e9n mostrar\u00e1 la <strong><a href=\"https:\/\/www.subaru.es\/blog\/?p=2291\">edici\u00f3n limitada Impreza WRX STI Carbon<\/a><\/strong>, junto a <strong><a href=\"https:\/\/www.subaru.es\/blog\/?p=2287\">Subaru Hybrid Tourer Concept<\/a><\/strong> y el <strong>Exiga 2.0 GT preparado por STI<\/strong>.<\/p>\n","protected":false},"excerpt":{"rendered":"<p>Subaru va estar presente en el Sal\u00f3n Internacional del autom\u00f3vil de Tokio , que se celebrar\u00e1 del 23 de octubre al 8 de noviembre de 2009 en la capital nipona. Y all\u00ed va a presentar su nuevo sistema de seguridad EyeSight+. En esencia, se trata de un dispositivo de pre-colisi\u00f3n. Este sistema de pre-colisi\u00f3n, a [&hellip;]<\/p>\n","protected":false},"author":21,"featured_media":2313,"comment_status":"open","ping_status":"open","sticky":false,"template":"","format":"standard","meta":{"_acf_changed":false,"_eb_attr":"","inline_featured_image":false,"footnotes":""},"categories":[4401],"tags":[2630,2634,1941,2629,2635,2636,4394,2633,667,2632,2631,2627,2628,4390,2581],"class_list":["post-2312","post","type-post","status-publish","format-standard","has-post-thumbnail","hentry","category-nuestra-marca","tag-camara","tag-cambio-involuntario-de-carril","tag-cinturones-de-seguridad","tag-dispositivo-de-pre-colision","tag-edicion-limitada-impreza-wrx-sti-carbon","tag-exiga-20-gt-preparado-por-sti","tag-eyesight","tag-frenos","tag-imagenes","tag-impacto","tag-obstaculo","tag-salon-internacional-del-automovil-de-tokio","tag-sistema-de-seguridad","tag-subaru","tag-subaru-hybrid-tourer-concept"],"acf":[],"yoast_head":"<!-- This site is optimized with the Yoast SEO plugin v27.3 - https:\/\/yoast.com\/product\/yoast-seo-wordpress\/ -->\n<title>EyeSight+ de Subaru - Universo Subaru<\/title>\n<meta name=\"robots\" content=\"index, follow, max-snippet:-1, max-image-preview:large, max-video-preview:-1\" \/>\n<link rel=\"canonical\" href=\"https:\/\/www.subaru.es\/blog\/nuestra-marca\/eyesight-de-subaru-2\/\" \/>\n<meta property=\"og:locale\" content=\"es_ES\" \/>\n<meta property=\"og:type\" content=\"article\" \/>\n<meta property=\"og:title\" content=\"EyeSight+ de Subaru - Universo Subaru\" \/>\n<meta property=\"og:description\" content=\"Subaru va estar presente en el Sal\u00f3n Internacional del autom\u00f3vil de Tokio , que se celebrar\u00e1 del 23 de octubre al 8 de noviembre de 2009 en la capital nipona. Y all\u00ed va a presentar su nuevo sistema de seguridad EyeSight+. En esencia, se trata de un dispositivo de pre-colisi\u00f3n. Este sistema de pre-colisi\u00f3n, a [&hellip;]\" \/>\n<meta property=\"og:url\" content=\"https:\/\/www.subaru.es\/blog\/nuestra-marca\/eyesight-de-subaru-2\/\" \/>\n<meta property=\"og:site_name\" content=\"Universo Subaru\" \/>\n<meta property=\"article:publisher\" content=\"https:\/\/www.facebook.com\/subaruespana\" \/>\n<meta property=\"article:published_time\" content=\"2009-10-26T08:00:25+00:00\" \/>\n<meta property=\"article:modified_time\" content=\"2020-08-06T09:40:52+00:00\" \/>\n<meta property=\"og:image\" content=\"https:\/\/www.subaru.es\/blog\/wp-content\/uploads\/2009\/10\/eyesight.jpg\" \/>\n\t<meta property=\"og:image:width\" content=\"437\" \/>\n\t<meta property=\"og:image:height\" content=\"557\" \/>\n\t<meta property=\"og:image:type\" content=\"image\/jpeg\" \/>\n<meta name=\"author\" content=\"Subaru\" \/>\n<meta name=\"twitter:card\" content=\"summary_large_image\" \/>\n<meta name=\"twitter:label1\" content=\"Escrito por\" \/>\n\t<meta name=\"twitter:data1\" content=\"Subaru\" \/>\n\t<meta name=\"twitter:label2\" content=\"Tiempo de lectura\" \/>\n\t<meta name=\"twitter:data2\" content=\"1 minuto\" \/>\n<script type=\"application\/ld+json\" class=\"yoast-schema-graph\">{\"@context\":\"https:\\\/\\\/schema.org\",\"@graph\":[{\"@type\":\"Article\",\"@id\":\"https:\\\/\\\/www.subaru.es\\\/blog\\\/nuestra-marca\\\/eyesight-de-subaru-2\\\/#article\",\"isPartOf\":{\"@id\":\"https:\\\/\\\/www.subaru.es\\\/blog\\\/nuestra-marca\\\/eyesight-de-subaru-2\\\/\"},\"author\":{\"name\":\"Subaru\",\"@id\":\"https:\\\/\\\/www.subaru.es\\\/blog\\\/#\\\/schema\\\/person\\\/19a90b892230b8e0ec752704ddf4aa10\"},\"headline\":\"EyeSight+ de Subaru\",\"datePublished\":\"2009-10-26T08:00:25+00:00\",\"dateModified\":\"2020-08-06T09:40:52+00:00\",\"mainEntityOfPage\":{\"@id\":\"https:\\\/\\\/www.subaru.es\\\/blog\\\/nuestra-marca\\\/eyesight-de-subaru-2\\\/\"},\"wordCount\":202,\"commentCount\":1,\"publisher\":{\"@id\":\"https:\\\/\\\/www.subaru.es\\\/blog\\\/#organization\"},\"image\":{\"@id\":\"https:\\\/\\\/www.subaru.es\\\/blog\\\/nuestra-marca\\\/eyesight-de-subaru-2\\\/#primaryimage\"},\"thumbnailUrl\":\"https:\\\/\\\/www.subaru.es\\\/blog\\\/wp-content\\\/uploads\\\/2009\\\/10\\\/eyesight.jpg\",\"keywords\":[\"c\u00e1mara\",\"cambio involuntario de carril\",\"cinturones de seguridad\",\"dispositivo de pre-colisi\u00f3n\",\"edici\u00f3n limitada Impreza WRX STI Carbon\",\"Exiga 2.0 GT preparado por STI\",\"EyeSight\",\"frenos\",\"imagenes\",\"impacto\",\"obst\u00e1culo\",\"Sal\u00f3n Internacional del autom\u00f3vil de Tokio\",\"sistema de seguridad\",\"Subaru\",\"Subaru Hybrid Tourer Concept\"],\"articleSection\":[\"Nuestra marca\"],\"inLanguage\":\"es\",\"potentialAction\":[{\"@type\":\"CommentAction\",\"name\":\"Comment\",\"target\":[\"https:\\\/\\\/www.subaru.es\\\/blog\\\/nuestra-marca\\\/eyesight-de-subaru-2\\\/#respond\"]}]},{\"@type\":\"WebPage\",\"@id\":\"https:\\\/\\\/www.subaru.es\\\/blog\\\/nuestra-marca\\\/eyesight-de-subaru-2\\\/\",\"url\":\"https:\\\/\\\/www.subaru.es\\\/blog\\\/nuestra-marca\\\/eyesight-de-subaru-2\\\/\",\"name\":\"EyeSight+ de Subaru - Universo Subaru\",\"isPartOf\":{\"@id\":\"https:\\\/\\\/www.subaru.es\\\/blog\\\/#website\"},\"primaryImageOfPage\":{\"@id\":\"https:\\\/\\\/www.subaru.es\\\/blog\\\/nuestra-marca\\\/eyesight-de-subaru-2\\\/#primaryimage\"},\"image\":{\"@id\":\"https:\\\/\\\/www.subaru.es\\\/blog\\\/nuestra-marca\\\/eyesight-de-subaru-2\\\/#primaryimage\"},\"thumbnailUrl\":\"https:\\\/\\\/www.subaru.es\\\/blog\\\/wp-content\\\/uploads\\\/2009\\\/10\\\/eyesight.jpg\",\"datePublished\":\"2009-10-26T08:00:25+00:00\",\"dateModified\":\"2020-08-06T09:40:52+00:00\",\"breadcrumb\":{\"@id\":\"https:\\\/\\\/www.subaru.es\\\/blog\\\/nuestra-marca\\\/eyesight-de-subaru-2\\\/#breadcrumb\"},\"inLanguage\":\"es\",\"potentialAction\":[{\"@type\":\"ReadAction\",\"target\":[\"https:\\\/\\\/www.subaru.es\\\/blog\\\/nuestra-marca\\\/eyesight-de-subaru-2\\\/\"]}]},{\"@type\":\"ImageObject\",\"inLanguage\":\"es\",\"@id\":\"https:\\\/\\\/www.subaru.es\\\/blog\\\/nuestra-marca\\\/eyesight-de-subaru-2\\\/#primaryimage\",\"url\":\"https:\\\/\\\/www.subaru.es\\\/blog\\\/wp-content\\\/uploads\\\/2009\\\/10\\\/eyesight.jpg\",\"contentUrl\":\"https:\\\/\\\/www.subaru.es\\\/blog\\\/wp-content\\\/uploads\\\/2009\\\/10\\\/eyesight.jpg\",\"width\":437,\"height\":557},{\"@type\":\"BreadcrumbList\",\"@id\":\"https:\\\/\\\/www.subaru.es\\\/blog\\\/nuestra-marca\\\/eyesight-de-subaru-2\\\/#breadcrumb\",\"itemListElement\":[{\"@type\":\"ListItem\",\"position\":1,\"name\":\"Portada\",\"item\":\"https:\\\/\\\/www.subaru.es\\\/blog\\\/\"},{\"@type\":\"ListItem\",\"position\":2,\"name\":\"EyeSight+ de Subaru\"}]},{\"@type\":\"WebSite\",\"@id\":\"https:\\\/\\\/www.subaru.es\\\/blog\\\/#website\",\"url\":\"https:\\\/\\\/www.subaru.es\\\/blog\\\/\",\"name\":\"Universo Subaru\",\"description\":\"Descubre este apasionante espacio de Subaru donde vas a conocer todo sobre nuestros coches y las experiencias que vivimos con ellos. Si est\u00e1s preparado para dejarte seducir por la filosof\u00eda Subaru, qu\u00e9date con nosotros.\",\"publisher\":{\"@id\":\"https:\\\/\\\/www.subaru.es\\\/blog\\\/#organization\"},\"potentialAction\":[{\"@type\":\"SearchAction\",\"target\":{\"@type\":\"EntryPoint\",\"urlTemplate\":\"https:\\\/\\\/www.subaru.es\\\/blog\\\/?s={search_term_string}\"},\"query-input\":{\"@type\":\"PropertyValueSpecification\",\"valueRequired\":true,\"valueName\":\"search_term_string\"}}],\"inLanguage\":\"es\"},{\"@type\":\"Organization\",\"@id\":\"https:\\\/\\\/www.subaru.es\\\/blog\\\/#organization\",\"name\":\"Subaru Espa\u00f1a S.A.\",\"url\":\"https:\\\/\\\/www.subaru.es\\\/blog\\\/\",\"logo\":{\"@type\":\"ImageObject\",\"inLanguage\":\"es\",\"@id\":\"https:\\\/\\\/www.subaru.es\\\/blog\\\/#\\\/schema\\\/logo\\\/image\\\/\",\"url\":\"https:\\\/\\\/www.subaru.es\\\/blog\\\/wp-content\\\/uploads\\\/2016\\\/12\\\/Logo-Subaru-TypeV_C300-scaled.jpg\",\"contentUrl\":\"https:\\\/\\\/www.subaru.es\\\/blog\\\/wp-content\\\/uploads\\\/2016\\\/12\\\/Logo-Subaru-TypeV_C300-scaled.jpg\",\"width\":2560,\"height\":1864,\"caption\":\"Subaru Espa\u00f1a S.A.\"},\"image\":{\"@id\":\"https:\\\/\\\/www.subaru.es\\\/blog\\\/#\\\/schema\\\/logo\\\/image\\\/\"},\"sameAs\":[\"https:\\\/\\\/www.facebook.com\\\/subaruespana\",\"https:\\\/\\\/www.instagram.com\\\/subarues\\\/\",\"https:\\\/\\\/www.youtube.com\\\/user\\\/subaruespana\"]},{\"@type\":\"Person\",\"@id\":\"https:\\\/\\\/www.subaru.es\\\/blog\\\/#\\\/schema\\\/person\\\/19a90b892230b8e0ec752704ddf4aa10\",\"name\":\"Subaru\",\"url\":\"https:\\\/\\\/www.subaru.es\\\/blog\\\/author\\\/subaria\\\/\"}]}<\/script>\n<!-- \/ Yoast SEO plugin. -->","yoast_head_json":{"title":"EyeSight+ de Subaru - Universo Subaru","robots":{"index":"index","follow":"follow","max-snippet":"max-snippet:-1","max-image-preview":"max-image-preview:large","max-video-preview":"max-video-preview:-1"},"canonical":"https:\/\/www.subaru.es\/blog\/nuestra-marca\/eyesight-de-subaru-2\/","og_locale":"es_ES","og_type":"article","og_title":"EyeSight+ de Subaru - Universo Subaru","og_description":"Subaru va estar presente en el Sal\u00f3n Internacional del autom\u00f3vil de Tokio , que se celebrar\u00e1 del 23 de octubre al 8 de noviembre de 2009 en la capital nipona. Y all\u00ed va a presentar su nuevo sistema de seguridad EyeSight+. En esencia, se trata de un dispositivo de pre-colisi\u00f3n. Este sistema de pre-colisi\u00f3n, a [&hellip;]","og_url":"https:\/\/www.subaru.es\/blog\/nuestra-marca\/eyesight-de-subaru-2\/","og_site_name":"Universo Subaru","article_publisher":"https:\/\/www.facebook.com\/subaruespana","article_published_time":"2009-10-26T08:00:25+00:00","article_modified_time":"2020-08-06T09:40:52+00:00","og_image":[{"width":437,"height":557,"url":"https:\/\/www.subaru.es\/blog\/wp-content\/uploads\/2009\/10\/eyesight.jpg","type":"image\/jpeg"}],"author":"Subaru","twitter_card":"summary_large_image","twitter_misc":{"Escrito por":"Subaru","Tiempo de lectura":"1 minuto"},"schema":{"@context":"https:\/\/schema.org","@graph":[{"@type":"Article","@id":"https:\/\/www.subaru.es\/blog\/nuestra-marca\/eyesight-de-subaru-2\/#article","isPartOf":{"@id":"https:\/\/www.subaru.es\/blog\/nuestra-marca\/eyesight-de-subaru-2\/"},"author":{"name":"Subaru","@id":"https:\/\/www.subaru.es\/blog\/#\/schema\/person\/19a90b892230b8e0ec752704ddf4aa10"},"headline":"EyeSight+ de Subaru","datePublished":"2009-10-26T08:00:25+00:00","dateModified":"2020-08-06T09:40:52+00:00","mainEntityOfPage":{"@id":"https:\/\/www.subaru.es\/blog\/nuestra-marca\/eyesight-de-subaru-2\/"},"wordCount":202,"commentCount":1,"publisher":{"@id":"https:\/\/www.subaru.es\/blog\/#organization"},"image":{"@id":"https:\/\/www.subaru.es\/blog\/nuestra-marca\/eyesight-de-subaru-2\/#primaryimage"},"thumbnailUrl":"https:\/\/www.subaru.es\/blog\/wp-content\/uploads\/2009\/10\/eyesight.jpg","keywords":["c\u00e1mara","cambio involuntario de carril","cinturones de seguridad","dispositivo de pre-colisi\u00f3n","edici\u00f3n limitada Impreza WRX STI Carbon","Exiga 2.0 GT preparado por STI","EyeSight","frenos","imagenes","impacto","obst\u00e1culo","Sal\u00f3n Internacional del autom\u00f3vil de Tokio","sistema de seguridad","Subaru","Subaru Hybrid Tourer Concept"],"articleSection":["Nuestra marca"],"inLanguage":"es","potentialAction":[{"@type":"CommentAction","name":"Comment","target":["https:\/\/www.subaru.es\/blog\/nuestra-marca\/eyesight-de-subaru-2\/#respond"]}]},{"@type":"WebPage","@id":"https:\/\/www.subaru.es\/blog\/nuestra-marca\/eyesight-de-subaru-2\/","url":"https:\/\/www.subaru.es\/blog\/nuestra-marca\/eyesight-de-subaru-2\/","name":"EyeSight+ de Subaru - Universo Subaru","isPartOf":{"@id":"https:\/\/www.subaru.es\/blog\/#website"},"primaryImageOfPage":{"@id":"https:\/\/www.subaru.es\/blog\/nuestra-marca\/eyesight-de-subaru-2\/#primaryimage"},"image":{"@id":"https:\/\/www.subaru.es\/blog\/nuestra-marca\/eyesight-de-subaru-2\/#primaryimage"},"thumbnailUrl":"https:\/\/www.subaru.es\/blog\/wp-content\/uploads\/2009\/10\/eyesight.jpg","datePublished":"2009-10-26T08:00:25+00:00","dateModified":"2020-08-06T09:40:52+00:00","breadcrumb":{"@id":"https:\/\/www.subaru.es\/blog\/nuestra-marca\/eyesight-de-subaru-2\/#breadcrumb"},"inLanguage":"es","potentialAction":[{"@type":"ReadAction","target":["https:\/\/www.subaru.es\/blog\/nuestra-marca\/eyesight-de-subaru-2\/"]}]},{"@type":"ImageObject","inLanguage":"es","@id":"https:\/\/www.subaru.es\/blog\/nuestra-marca\/eyesight-de-subaru-2\/#primaryimage","url":"https:\/\/www.subaru.es\/blog\/wp-content\/uploads\/2009\/10\/eyesight.jpg","contentUrl":"https:\/\/www.subaru.es\/blog\/wp-content\/uploads\/2009\/10\/eyesight.jpg","width":437,"height":557},{"@type":"BreadcrumbList","@id":"https:\/\/www.subaru.es\/blog\/nuestra-marca\/eyesight-de-subaru-2\/#breadcrumb","itemListElement":[{"@type":"ListItem","position":1,"name":"Portada","item":"https:\/\/www.subaru.es\/blog\/"},{"@type":"ListItem","position":2,"name":"EyeSight+ de Subaru"}]},{"@type":"WebSite","@id":"https:\/\/www.subaru.es\/blog\/#website","url":"https:\/\/www.subaru.es\/blog\/","name":"Universo Subaru","description":"Descubre este apasionante espacio de Subaru donde vas a conocer todo sobre nuestros coches y las experiencias que vivimos con ellos. Si est\u00e1s preparado para dejarte seducir por la filosof\u00eda Subaru, qu\u00e9date con nosotros.","publisher":{"@id":"https:\/\/www.subaru.es\/blog\/#organization"},"potentialAction":[{"@type":"SearchAction","target":{"@type":"EntryPoint","urlTemplate":"https:\/\/www.subaru.es\/blog\/?s={search_term_string}"},"query-input":{"@type":"PropertyValueSpecification","valueRequired":true,"valueName":"search_term_string"}}],"inLanguage":"es"},{"@type":"Organization","@id":"https:\/\/www.subaru.es\/blog\/#organization","name":"Subaru Espa\u00f1a S.A.","url":"https:\/\/www.subaru.es\/blog\/","logo":{"@type":"ImageObject","inLanguage":"es","@id":"https:\/\/www.subaru.es\/blog\/#\/schema\/logo\/image\/","url":"https:\/\/www.subaru.es\/blog\/wp-content\/uploads\/2016\/12\/Logo-Subaru-TypeV_C300-scaled.jpg","contentUrl":"https:\/\/www.subaru.es\/blog\/wp-content\/uploads\/2016\/12\/Logo-Subaru-TypeV_C300-scaled.jpg","width":2560,"height":1864,"caption":"Subaru Espa\u00f1a S.A."},"image":{"@id":"https:\/\/www.subaru.es\/blog\/#\/schema\/logo\/image\/"},"sameAs":["https:\/\/www.facebook.com\/subaruespana","https:\/\/www.instagram.com\/subarues\/","https:\/\/www.youtube.com\/user\/subaruespana"]},{"@type":"Person","@id":"https:\/\/www.subaru.es\/blog\/#\/schema\/person\/19a90b892230b8e0ec752704ddf4aa10","name":"Subaru","url":"https:\/\/www.subaru.es\/blog\/author\/subaria\/"}]}},"_links":{"self":[{"href":"https:\/\/www.subaru.es\/blog\/wp-json\/wp\/v2\/posts\/2312","targetHints":{"allow":["GET"]}}],"collection":[{"href":"https:\/\/www.subaru.es\/blog\/wp-json\/wp\/v2\/posts"}],"about":[{"href":"https:\/\/www.subaru.es\/blog\/wp-json\/wp\/v2\/types\/post"}],"author":[{"embeddable":true,"href":"https:\/\/www.subaru.es\/blog\/wp-json\/wp\/v2\/users\/21"}],"replies":[{"embeddable":true,"href":"https:\/\/www.subaru.es\/blog\/wp-json\/wp\/v2\/comments?post=2312"}],"version-history":[{"count":1,"href":"https:\/\/www.subaru.es\/blog\/wp-json\/wp\/v2\/posts\/2312\/revisions"}],"predecessor-version":[{"id":15151,"href":"https:\/\/www.subaru.es\/blog\/wp-json\/wp\/v2\/posts\/2312\/revisions\/15151"}],"wp:featuredmedia":[{"embeddable":true,"href":"https:\/\/www.subaru.es\/blog\/wp-json\/wp\/v2\/media\/2313"}],"wp:attachment":[{"href":"https:\/\/www.subaru.es\/blog\/wp-json\/wp\/v2\/media?parent=2312"}],"wp:term":[{"taxonomy":"category","embeddable":true,"href":"https:\/\/www.subaru.es\/blog\/wp-json\/wp\/v2\/categories?post=2312"},{"taxonomy":"post_tag","embeddable":true,"href":"https:\/\/www.subaru.es\/blog\/wp-json\/wp\/v2\/tags?post=2312"}],"curies":[{"name":"wp","href":"https:\/\/api.w.org\/{rel}","templated":true}]}}