{"id":2293,"date":"2009-10-05T12:26:59","date_gmt":"2009-10-05T10:26:59","guid":{"rendered":"http:\/\/subaru.preproduccion.com\/blog\/wp-content\/2009\/10\/05\/rallye-racc-catalunya-costa-dourada\/"},"modified":"2016-10-17T15:08:50","modified_gmt":"2016-10-17T13:08:50","slug":"rallye-racc-catalunya-costa-dourada","status":"publish","type":"post","link":"https:\/\/www.subaru.es\/blog\/nuestra-marca\/rallye-racc-catalunya-costa-dourada\/","title":{"rendered":"Rallye RACC Catalunya-Costa Dourada."},"content":{"rendered":"<p><strong>Buenos cronos para Marcos Barqu\u00edn Diego en su debut en el mundial<\/strong><br \/>\n\u00a0<br \/>\nEl debut mundialista del Subaru Rally Team Spain ha supuesto una positiva experiencia para el equipo y para su nuevo piloto en esta prueba, el joven c\u00e1ntabro <strong>Marcos Barqu\u00edn Diego<\/strong>, que ten\u00eda en el rallye organizado por el <strong>RACC<\/strong> su estreno al volante de uno de los <strong>Impreza Prodrive<\/strong> preparados por <strong>KRS<\/strong>.<br \/>\n\u00a0<img decoding=\"async\" data-src=\"https:\/\/www.subaru.es\/blog\/wp-content\/uploads\/2009\/10\/raac1.jpg\" alt=\"raac1.jpg\" style=\"--smush-placeholder-width: 2011px; --smush-placeholder-aspect-ratio: 2011\/1464;width: 482px; height: 334px\" height=\"1464\" width=\"2011\" src=\"data:image\/svg+xml;base64,PHN2ZyB3aWR0aD0iMSIgaGVpZ2h0PSIxIiB4bWxucz0iaHR0cDovL3d3dy53My5vcmcvMjAwMC9zdmciPjwvc3ZnPg==\" class=\"lazyload\" \/><\/p>\n<p>Marcos, copilotado por<strong> Vicente Diego<\/strong>, demostr\u00f3 de inmediato su rapidez en los tramos de la primera etapa, marcando cronos que le situaban durante toda la jornada inicial del <strong>rallye de Catalu\u00f1a<\/strong> justo tras los habituales participantes en el Campeonato del Mundo de Producci\u00f3n. A falta de una sola especial para el t\u00e9rmino de la etapa, Marcos y Vicente eran sextos absolutos del grupo N, cuando una ligera salida de carretera en el segundo paso por El Montmell les hac\u00eda ceder algo m\u00e1s de un minuto y varias posiciones en la clasificaci\u00f3n.\u00a0\u00a0<\/p>\n<p><img decoding=\"async\" data-src=\"https:\/\/www.subaru.es\/blog\/wp-content\/uploads\/2009\/10\/raac.jpg\" alt=\"raac.jpg\" style=\"--smush-placeholder-width: 2159px; --smush-placeholder-aspect-ratio: 2159\/1446;width: 485px; height: 330px\" height=\"1446\" width=\"2159\" src=\"data:image\/svg+xml;base64,PHN2ZyB3aWR0aD0iMSIgaGVpZ2h0PSIxIiB4bWxucz0iaHR0cDovL3d3dy53My5vcmcvMjAwMC9zdmciPjwvc3ZnPg==\" class=\"lazyload\" \/><\/p>\n<p>Al final del d\u00eda, Marcos y Vicente terminaban satisfechos con sus tiempos y pensaban ya en recuperar puestos en el resto del rallye, algo que finalmente no podr\u00edan hacer al resultar posteriormente excluidos por no haber interpretado correctamente el road book en uno de los recorridos de enlace. Un error fruto de su inexperiencia en una prueba de la complejidad de un rallye del campeonato del mundo, que no empa\u00f1a en absoluto las buenas sensaciones que han dejado en su primera participaci\u00f3n con el <strong>Subaru Rally Team Spain<\/strong>.<\/p>\n","protected":false},"excerpt":{"rendered":"<p>Buenos cronos para Marcos Barqu\u00edn Diego en su debut en el mundial \u00a0 El debut mundialista del Subaru Rally Team Spain ha supuesto una positiva experiencia para el equipo y para su nuevo piloto en esta prueba, el joven c\u00e1ntabro Marcos Barqu\u00edn Diego, que ten\u00eda en el rallye organizado por el RACC su estreno al [&hellip;]<\/p>\n","protected":false},"author":21,"featured_media":0,"comment_status":"open","ping_status":"open","sticky":false,"template":"","format":"standard","meta":{"_acf_changed":false,"_eb_attr":"","inline_featured_image":false,"footnotes":""},"categories":[4401],"tags":[2605,10,2093,2603,1933,2606,2604],"class_list":["post-2293","post","type-post","status-publish","format-standard","hentry","category-nuestra-marca","tag-catalunya","tag-impreza","tag-krs","tag-marcos-barquin","tag-racc","tag-subaru-rally-team","tag-vicente-diego"],"acf":[],"yoast_head":"<!-- This site is optimized with the Yoast SEO plugin v27.3 - https:\/\/yoast.com\/product\/yoast-seo-wordpress\/ -->\n<title>Rallye RACC Catalunya-Costa Dourada. - Universo Subaru<\/title>\n<meta name=\"robots\" content=\"index, follow, max-snippet:-1, max-image-preview:large, max-video-preview:-1\" \/>\n<link rel=\"canonical\" href=\"https:\/\/www.subaru.es\/blog\/nuestra-marca\/rallye-racc-catalunya-costa-dourada\/\" \/>\n<meta property=\"og:locale\" content=\"es_ES\" \/>\n<meta property=\"og:type\" content=\"article\" \/>\n<meta property=\"og:title\" content=\"Rallye RACC Catalunya-Costa Dourada. - Universo Subaru\" \/>\n<meta property=\"og:description\" content=\"Buenos cronos para Marcos Barqu\u00edn Diego en su debut en el mundial \u00a0 El debut mundialista del Subaru Rally Team Spain ha supuesto una positiva experiencia para el equipo y para su nuevo piloto en esta prueba, el joven c\u00e1ntabro Marcos Barqu\u00edn Diego, que ten\u00eda en el rallye organizado por el RACC su estreno al [&hellip;]\" \/>\n<meta property=\"og:url\" content=\"https:\/\/www.subaru.es\/blog\/nuestra-marca\/rallye-racc-catalunya-costa-dourada\/\" \/>\n<meta property=\"og:site_name\" content=\"Universo Subaru\" \/>\n<meta property=\"article:publisher\" content=\"https:\/\/www.facebook.com\/subaruespana\" \/>\n<meta property=\"article:published_time\" content=\"2009-10-05T10:26:59+00:00\" \/>\n<meta property=\"article:modified_time\" content=\"2016-10-17T13:08:50+00:00\" \/>\n<meta property=\"og:image\" content=\"https:\/\/www.subaru.es\/blog\/wp-content\/uploads\/2009\/10\/raac1.jpg\" \/>\n<meta name=\"author\" content=\"Subaru\" \/>\n<meta name=\"twitter:card\" content=\"summary_large_image\" \/>\n<meta name=\"twitter:label1\" content=\"Escrito por\" \/>\n\t<meta name=\"twitter:data1\" content=\"Subaru\" \/>\n\t<meta name=\"twitter:label2\" content=\"Tiempo de lectura\" \/>\n\t<meta name=\"twitter:data2\" content=\"1 minuto\" \/>\n<script type=\"application\/ld+json\" class=\"yoast-schema-graph\">{\"@context\":\"https:\\\/\\\/schema.org\",\"@graph\":[{\"@type\":\"Article\",\"@id\":\"https:\\\/\\\/www.subaru.es\\\/blog\\\/nuestra-marca\\\/rallye-racc-catalunya-costa-dourada\\\/#article\",\"isPartOf\":{\"@id\":\"https:\\\/\\\/www.subaru.es\\\/blog\\\/nuestra-marca\\\/rallye-racc-catalunya-costa-dourada\\\/\"},\"author\":{\"name\":\"Subaru\",\"@id\":\"https:\\\/\\\/www.subaru.es\\\/blog\\\/#\\\/schema\\\/person\\\/19a90b892230b8e0ec752704ddf4aa10\"},\"headline\":\"Rallye RACC Catalunya-Costa Dourada.\",\"datePublished\":\"2009-10-05T10:26:59+00:00\",\"dateModified\":\"2016-10-17T13:08:50+00:00\",\"mainEntityOfPage\":{\"@id\":\"https:\\\/\\\/www.subaru.es\\\/blog\\\/nuestra-marca\\\/rallye-racc-catalunya-costa-dourada\\\/\"},\"wordCount\":261,\"commentCount\":1,\"publisher\":{\"@id\":\"https:\\\/\\\/www.subaru.es\\\/blog\\\/#organization\"},\"image\":{\"@id\":\"https:\\\/\\\/www.subaru.es\\\/blog\\\/nuestra-marca\\\/rallye-racc-catalunya-costa-dourada\\\/#primaryimage\"},\"thumbnailUrl\":\"https:\\\/\\\/www.subaru.es\\\/blog\\\/wp-content\\\/uploads\\\/2009\\\/10\\\/raac1.jpg\",\"keywords\":[\"Catalunya\",\"impreza\",\"KRS\",\"Marcos Barqu\u00edn\",\"RACC\",\"Subaru rally team\",\"Vicente Diego\"],\"articleSection\":[\"Nuestra marca\"],\"inLanguage\":\"es\",\"potentialAction\":[{\"@type\":\"CommentAction\",\"name\":\"Comment\",\"target\":[\"https:\\\/\\\/www.subaru.es\\\/blog\\\/nuestra-marca\\\/rallye-racc-catalunya-costa-dourada\\\/#respond\"]}]},{\"@type\":\"WebPage\",\"@id\":\"https:\\\/\\\/www.subaru.es\\\/blog\\\/nuestra-marca\\\/rallye-racc-catalunya-costa-dourada\\\/\",\"url\":\"https:\\\/\\\/www.subaru.es\\\/blog\\\/nuestra-marca\\\/rallye-racc-catalunya-costa-dourada\\\/\",\"name\":\"Rallye RACC Catalunya-Costa Dourada. - Universo Subaru\",\"isPartOf\":{\"@id\":\"https:\\\/\\\/www.subaru.es\\\/blog\\\/#website\"},\"primaryImageOfPage\":{\"@id\":\"https:\\\/\\\/www.subaru.es\\\/blog\\\/nuestra-marca\\\/rallye-racc-catalunya-costa-dourada\\\/#primaryimage\"},\"image\":{\"@id\":\"https:\\\/\\\/www.subaru.es\\\/blog\\\/nuestra-marca\\\/rallye-racc-catalunya-costa-dourada\\\/#primaryimage\"},\"thumbnailUrl\":\"https:\\\/\\\/www.subaru.es\\\/blog\\\/wp-content\\\/uploads\\\/2009\\\/10\\\/raac1.jpg\",\"datePublished\":\"2009-10-05T10:26:59+00:00\",\"dateModified\":\"2016-10-17T13:08:50+00:00\",\"breadcrumb\":{\"@id\":\"https:\\\/\\\/www.subaru.es\\\/blog\\\/nuestra-marca\\\/rallye-racc-catalunya-costa-dourada\\\/#breadcrumb\"},\"inLanguage\":\"es\",\"potentialAction\":[{\"@type\":\"ReadAction\",\"target\":[\"https:\\\/\\\/www.subaru.es\\\/blog\\\/nuestra-marca\\\/rallye-racc-catalunya-costa-dourada\\\/\"]}]},{\"@type\":\"ImageObject\",\"inLanguage\":\"es\",\"@id\":\"https:\\\/\\\/www.subaru.es\\\/blog\\\/nuestra-marca\\\/rallye-racc-catalunya-costa-dourada\\\/#primaryimage\",\"url\":\"https:\\\/\\\/www.subaru.es\\\/blog\\\/wp-content\\\/uploads\\\/2009\\\/10\\\/raac1.jpg\",\"contentUrl\":\"https:\\\/\\\/www.subaru.es\\\/blog\\\/wp-content\\\/uploads\\\/2009\\\/10\\\/raac1.jpg\"},{\"@type\":\"BreadcrumbList\",\"@id\":\"https:\\\/\\\/www.subaru.es\\\/blog\\\/nuestra-marca\\\/rallye-racc-catalunya-costa-dourada\\\/#breadcrumb\",\"itemListElement\":[{\"@type\":\"ListItem\",\"position\":1,\"name\":\"Portada\",\"item\":\"https:\\\/\\\/www.subaru.es\\\/blog\\\/\"},{\"@type\":\"ListItem\",\"position\":2,\"name\":\"Rallye RACC Catalunya-Costa Dourada.\"}]},{\"@type\":\"WebSite\",\"@id\":\"https:\\\/\\\/www.subaru.es\\\/blog\\\/#website\",\"url\":\"https:\\\/\\\/www.subaru.es\\\/blog\\\/\",\"name\":\"Universo Subaru\",\"description\":\"Descubre este apasionante espacio de Subaru donde vas a conocer todo sobre nuestros coches y las experiencias que vivimos con ellos. Si est\u00e1s preparado para dejarte seducir por la filosof\u00eda Subaru, qu\u00e9date con nosotros.\",\"publisher\":{\"@id\":\"https:\\\/\\\/www.subaru.es\\\/blog\\\/#organization\"},\"potentialAction\":[{\"@type\":\"SearchAction\",\"target\":{\"@type\":\"EntryPoint\",\"urlTemplate\":\"https:\\\/\\\/www.subaru.es\\\/blog\\\/?s={search_term_string}\"},\"query-input\":{\"@type\":\"PropertyValueSpecification\",\"valueRequired\":true,\"valueName\":\"search_term_string\"}}],\"inLanguage\":\"es\"},{\"@type\":\"Organization\",\"@id\":\"https:\\\/\\\/www.subaru.es\\\/blog\\\/#organization\",\"name\":\"Subaru Espa\u00f1a S.A.\",\"url\":\"https:\\\/\\\/www.subaru.es\\\/blog\\\/\",\"logo\":{\"@type\":\"ImageObject\",\"inLanguage\":\"es\",\"@id\":\"https:\\\/\\\/www.subaru.es\\\/blog\\\/#\\\/schema\\\/logo\\\/image\\\/\",\"url\":\"https:\\\/\\\/www.subaru.es\\\/blog\\\/wp-content\\\/uploads\\\/2016\\\/12\\\/Logo-Subaru-TypeV_C300-scaled.jpg\",\"contentUrl\":\"https:\\\/\\\/www.subaru.es\\\/blog\\\/wp-content\\\/uploads\\\/2016\\\/12\\\/Logo-Subaru-TypeV_C300-scaled.jpg\",\"width\":2560,\"height\":1864,\"caption\":\"Subaru Espa\u00f1a S.A.\"},\"image\":{\"@id\":\"https:\\\/\\\/www.subaru.es\\\/blog\\\/#\\\/schema\\\/logo\\\/image\\\/\"},\"sameAs\":[\"https:\\\/\\\/www.facebook.com\\\/subaruespana\",\"https:\\\/\\\/www.instagram.com\\\/subarues\\\/\",\"https:\\\/\\\/www.youtube.com\\\/user\\\/subaruespana\"]},{\"@type\":\"Person\",\"@id\":\"https:\\\/\\\/www.subaru.es\\\/blog\\\/#\\\/schema\\\/person\\\/19a90b892230b8e0ec752704ddf4aa10\",\"name\":\"Subaru\",\"url\":\"https:\\\/\\\/www.subaru.es\\\/blog\\\/author\\\/subaria\\\/\"}]}<\/script>\n<!-- \/ Yoast SEO plugin. -->","yoast_head_json":{"title":"Rallye RACC Catalunya-Costa Dourada. - Universo Subaru","robots":{"index":"index","follow":"follow","max-snippet":"max-snippet:-1","max-image-preview":"max-image-preview:large","max-video-preview":"max-video-preview:-1"},"canonical":"https:\/\/www.subaru.es\/blog\/nuestra-marca\/rallye-racc-catalunya-costa-dourada\/","og_locale":"es_ES","og_type":"article","og_title":"Rallye RACC Catalunya-Costa Dourada. - Universo Subaru","og_description":"Buenos cronos para Marcos Barqu\u00edn Diego en su debut en el mundial \u00a0 El debut mundialista del Subaru Rally Team Spain ha supuesto una positiva experiencia para el equipo y para su nuevo piloto en esta prueba, el joven c\u00e1ntabro Marcos Barqu\u00edn Diego, que ten\u00eda en el rallye organizado por el RACC su estreno al [&hellip;]","og_url":"https:\/\/www.subaru.es\/blog\/nuestra-marca\/rallye-racc-catalunya-costa-dourada\/","og_site_name":"Universo Subaru","article_publisher":"https:\/\/www.facebook.com\/subaruespana","article_published_time":"2009-10-05T10:26:59+00:00","article_modified_time":"2016-10-17T13:08:50+00:00","og_image":[{"url":"https:\/\/www.subaru.es\/blog\/wp-content\/uploads\/2009\/10\/raac1.jpg","type":"","width":"","height":""}],"author":"Subaru","twitter_card":"summary_large_image","twitter_misc":{"Escrito por":"Subaru","Tiempo de lectura":"1 minuto"},"schema":{"@context":"https:\/\/schema.org","@graph":[{"@type":"Article","@id":"https:\/\/www.subaru.es\/blog\/nuestra-marca\/rallye-racc-catalunya-costa-dourada\/#article","isPartOf":{"@id":"https:\/\/www.subaru.es\/blog\/nuestra-marca\/rallye-racc-catalunya-costa-dourada\/"},"author":{"name":"Subaru","@id":"https:\/\/www.subaru.es\/blog\/#\/schema\/person\/19a90b892230b8e0ec752704ddf4aa10"},"headline":"Rallye RACC Catalunya-Costa Dourada.","datePublished":"2009-10-05T10:26:59+00:00","dateModified":"2016-10-17T13:08:50+00:00","mainEntityOfPage":{"@id":"https:\/\/www.subaru.es\/blog\/nuestra-marca\/rallye-racc-catalunya-costa-dourada\/"},"wordCount":261,"commentCount":1,"publisher":{"@id":"https:\/\/www.subaru.es\/blog\/#organization"},"image":{"@id":"https:\/\/www.subaru.es\/blog\/nuestra-marca\/rallye-racc-catalunya-costa-dourada\/#primaryimage"},"thumbnailUrl":"https:\/\/www.subaru.es\/blog\/wp-content\/uploads\/2009\/10\/raac1.jpg","keywords":["Catalunya","impreza","KRS","Marcos Barqu\u00edn","RACC","Subaru rally team","Vicente Diego"],"articleSection":["Nuestra marca"],"inLanguage":"es","potentialAction":[{"@type":"CommentAction","name":"Comment","target":["https:\/\/www.subaru.es\/blog\/nuestra-marca\/rallye-racc-catalunya-costa-dourada\/#respond"]}]},{"@type":"WebPage","@id":"https:\/\/www.subaru.es\/blog\/nuestra-marca\/rallye-racc-catalunya-costa-dourada\/","url":"https:\/\/www.subaru.es\/blog\/nuestra-marca\/rallye-racc-catalunya-costa-dourada\/","name":"Rallye RACC Catalunya-Costa Dourada. - Universo Subaru","isPartOf":{"@id":"https:\/\/www.subaru.es\/blog\/#website"},"primaryImageOfPage":{"@id":"https:\/\/www.subaru.es\/blog\/nuestra-marca\/rallye-racc-catalunya-costa-dourada\/#primaryimage"},"image":{"@id":"https:\/\/www.subaru.es\/blog\/nuestra-marca\/rallye-racc-catalunya-costa-dourada\/#primaryimage"},"thumbnailUrl":"https:\/\/www.subaru.es\/blog\/wp-content\/uploads\/2009\/10\/raac1.jpg","datePublished":"2009-10-05T10:26:59+00:00","dateModified":"2016-10-17T13:08:50+00:00","breadcrumb":{"@id":"https:\/\/www.subaru.es\/blog\/nuestra-marca\/rallye-racc-catalunya-costa-dourada\/#breadcrumb"},"inLanguage":"es","potentialAction":[{"@type":"ReadAction","target":["https:\/\/www.subaru.es\/blog\/nuestra-marca\/rallye-racc-catalunya-costa-dourada\/"]}]},{"@type":"ImageObject","inLanguage":"es","@id":"https:\/\/www.subaru.es\/blog\/nuestra-marca\/rallye-racc-catalunya-costa-dourada\/#primaryimage","url":"https:\/\/www.subaru.es\/blog\/wp-content\/uploads\/2009\/10\/raac1.jpg","contentUrl":"https:\/\/www.subaru.es\/blog\/wp-content\/uploads\/2009\/10\/raac1.jpg"},{"@type":"BreadcrumbList","@id":"https:\/\/www.subaru.es\/blog\/nuestra-marca\/rallye-racc-catalunya-costa-dourada\/#breadcrumb","itemListElement":[{"@type":"ListItem","position":1,"name":"Portada","item":"https:\/\/www.subaru.es\/blog\/"},{"@type":"ListItem","position":2,"name":"Rallye RACC Catalunya-Costa Dourada."}]},{"@type":"WebSite","@id":"https:\/\/www.subaru.es\/blog\/#website","url":"https:\/\/www.subaru.es\/blog\/","name":"Universo Subaru","description":"Descubre este apasionante espacio de Subaru donde vas a conocer todo sobre nuestros coches y las experiencias que vivimos con ellos. Si est\u00e1s preparado para dejarte seducir por la filosof\u00eda Subaru, qu\u00e9date con nosotros.","publisher":{"@id":"https:\/\/www.subaru.es\/blog\/#organization"},"potentialAction":[{"@type":"SearchAction","target":{"@type":"EntryPoint","urlTemplate":"https:\/\/www.subaru.es\/blog\/?s={search_term_string}"},"query-input":{"@type":"PropertyValueSpecification","valueRequired":true,"valueName":"search_term_string"}}],"inLanguage":"es"},{"@type":"Organization","@id":"https:\/\/www.subaru.es\/blog\/#organization","name":"Subaru Espa\u00f1a S.A.","url":"https:\/\/www.subaru.es\/blog\/","logo":{"@type":"ImageObject","inLanguage":"es","@id":"https:\/\/www.subaru.es\/blog\/#\/schema\/logo\/image\/","url":"https:\/\/www.subaru.es\/blog\/wp-content\/uploads\/2016\/12\/Logo-Subaru-TypeV_C300-scaled.jpg","contentUrl":"https:\/\/www.subaru.es\/blog\/wp-content\/uploads\/2016\/12\/Logo-Subaru-TypeV_C300-scaled.jpg","width":2560,"height":1864,"caption":"Subaru Espa\u00f1a S.A."},"image":{"@id":"https:\/\/www.subaru.es\/blog\/#\/schema\/logo\/image\/"},"sameAs":["https:\/\/www.facebook.com\/subaruespana","https:\/\/www.instagram.com\/subarues\/","https:\/\/www.youtube.com\/user\/subaruespana"]},{"@type":"Person","@id":"https:\/\/www.subaru.es\/blog\/#\/schema\/person\/19a90b892230b8e0ec752704ddf4aa10","name":"Subaru","url":"https:\/\/www.subaru.es\/blog\/author\/subaria\/"}]}},"_links":{"self":[{"href":"https:\/\/www.subaru.es\/blog\/wp-json\/wp\/v2\/posts\/2293","targetHints":{"allow":["GET"]}}],"collection":[{"href":"https:\/\/www.subaru.es\/blog\/wp-json\/wp\/v2\/posts"}],"about":[{"href":"https:\/\/www.subaru.es\/blog\/wp-json\/wp\/v2\/types\/post"}],"author":[{"embeddable":true,"href":"https:\/\/www.subaru.es\/blog\/wp-json\/wp\/v2\/users\/21"}],"replies":[{"embeddable":true,"href":"https:\/\/www.subaru.es\/blog\/wp-json\/wp\/v2\/comments?post=2293"}],"version-history":[{"count":1,"href":"https:\/\/www.subaru.es\/blog\/wp-json\/wp\/v2\/posts\/2293\/revisions"}],"predecessor-version":[{"id":15160,"href":"https:\/\/www.subaru.es\/blog\/wp-json\/wp\/v2\/posts\/2293\/revisions\/15160"}],"wp:attachment":[{"href":"https:\/\/www.subaru.es\/blog\/wp-json\/wp\/v2\/media?parent=2293"}],"wp:term":[{"taxonomy":"category","embeddable":true,"href":"https:\/\/www.subaru.es\/blog\/wp-json\/wp\/v2\/categories?post=2293"},{"taxonomy":"post_tag","embeddable":true,"href":"https:\/\/www.subaru.es\/blog\/wp-json\/wp\/v2\/tags?post=2293"}],"curies":[{"name":"wp","href":"https:\/\/api.w.org\/{rel}","templated":true}]}}