{"id":2291,"date":"2009-10-22T10:00:43","date_gmt":"2009-10-22T08:00:43","guid":{"rendered":"http:\/\/subaru.preproduccion.com\/blog\/wp-content\/2009\/10\/22\/impreza-wrx-sti-carbon\/"},"modified":"2020-08-12T12:59:03","modified_gmt":"2020-08-12T10:59:03","slug":"impreza-wrx-sti-carbon","status":"publish","type":"post","link":"https:\/\/www.subaru.es\/blog\/nuestra-marca\/impreza-wrx-sti-carbon\/","title":{"rendered":"Impreza WRX STI Carbon"},"content":{"rendered":"<p><a href=\"https:\/\/www.subaru.es\/blog\/wp-content\/uploads\/2009\/10\/subaru-wrs-sti-carbon-1009-1-480x295.jpg\" title=\"Impreza WRX STI Carbon\"><img decoding=\"async\" data-src=\"https:\/\/www.subaru.es\/blog\/wp-content\/uploads\/2009\/10\/subaru-wrs-sti-carbon-1009-1-480x295.jpg\" alt=\"Impreza WRX STI Carbon\" src=\"data:image\/svg+xml;base64,PHN2ZyB3aWR0aD0iMSIgaGVpZ2h0PSIxIiB4bWxucz0iaHR0cDovL3d3dy53My5vcmcvMjAwMC9zdmciPjwvc3ZnPg==\" class=\"lazyload\" style=\"--smush-placeholder-width: 480px; --smush-placeholder-aspect-ratio: 480\/295;\"><\/a><\/p>\n<p><strong>Subaru <\/strong>lanza en el <strong><a href=\"http:\/\/www.tokyo-motorshow.com\/en\/index.html\">Sal\u00f3n del Autom\u00f3vil de Tokio <\/a><\/strong>una edici\u00f3n especial del <strong>Impreza WRX STI<\/strong>, que se denominar\u00e1 <strong>Carbon<\/strong>.<\/p>\n<p>Lo que <strong>ha cambiado <\/strong>en esta edici\u00f3n esta vez no es su mec\u00e1nica, sino su <strong>est\u00e9tica<\/strong>, ya que el <strong>techo <\/strong>se ha sustituido por uno de <strong>fibra de carbono<\/strong>, que <strong>ayuda a rebajar el peso <\/strong>del conjunto. Tambi\u00e9n hay <strong>anagramas identificativos <\/strong>en el exterior para diferenciarlo de un <strong>WRX STI<\/strong> normal.<\/p>\n<p>Su <strong>interior <\/strong>destaca por su <strong>tapizado en Alcantara de los asientos<\/strong>, el <strong>salpicadero <\/strong>y los <strong>paneles de las puertas<\/strong>. Esta edici\u00f3n estar\u00e1 disponible con un <strong>cambio autom\u00e1tico cl\u00e1sico <\/strong>de <strong>convertidor de par<\/strong>.<\/p>\n<p>El <strong>Impreza WRX STI Carbon <\/strong>s\u00f3lo estar\u00e1 <strong>disponible para Jap\u00f3n <\/strong>en una <strong>tirada limitada<\/strong>.<\/p>\n","protected":false},"excerpt":{"rendered":"<p>Subaru lanza en el Sal\u00f3n del Autom\u00f3vil de Tokio una edici\u00f3n especial del Impreza WRX STI, que se denominar\u00e1 Carbon. Lo que ha cambiado en esta edici\u00f3n esta vez no es su mec\u00e1nica, sino su est\u00e9tica, ya que el techo se ha sustituido por uno de fibra de carbono, que ayuda a rebajar el peso [&hellip;]<\/p>\n","protected":false},"author":21,"featured_media":2292,"comment_status":"open","ping_status":"open","sticky":false,"template":"","format":"standard","meta":{"_acf_changed":false,"_eb_attr":"","inline_featured_image":false,"footnotes":""},"categories":[4401],"tags":[2598,2595,2597,2600,2601,26,2593,2591,540,2592,2599,4390,2596,2594,2602],"class_list":["post-2291","post","type-post","status-publish","format-standard","has-post-thumbnail","hentry","category-nuestra-marca","tag-alcantara","tag-anagramas-identificativos","tag-asientos","tag-cambio-automatico-clasico","tag-convertidor-de-par","tag-estetica","tag-fibra-de-carbono","tag-impreza-wrx-sti-carbon","tag-japon","tag-salon-del-automovil-de-tokio","tag-salpicadero","tag-subaru","tag-tapizado","tag-techo","tag-tirada-limitada"],"acf":[],"yoast_head":"<!-- This site is optimized with the Yoast SEO plugin v27.3 - https:\/\/yoast.com\/product\/yoast-seo-wordpress\/ -->\n<title>Impreza WRX STI Carbon - Universo Subaru<\/title>\n<meta name=\"robots\" content=\"index, follow, max-snippet:-1, max-image-preview:large, max-video-preview:-1\" \/>\n<link rel=\"canonical\" href=\"https:\/\/www.subaru.es\/blog\/nuestra-marca\/impreza-wrx-sti-carbon\/\" \/>\n<meta property=\"og:locale\" content=\"es_ES\" \/>\n<meta property=\"og:type\" content=\"article\" \/>\n<meta property=\"og:title\" content=\"Impreza WRX STI Carbon - Universo Subaru\" \/>\n<meta property=\"og:description\" content=\"Subaru lanza en el Sal\u00f3n del Autom\u00f3vil de Tokio una edici\u00f3n especial del Impreza WRX STI, que se denominar\u00e1 Carbon. Lo que ha cambiado en esta edici\u00f3n esta vez no es su mec\u00e1nica, sino su est\u00e9tica, ya que el techo se ha sustituido por uno de fibra de carbono, que ayuda a rebajar el peso [&hellip;]\" \/>\n<meta property=\"og:url\" content=\"https:\/\/www.subaru.es\/blog\/nuestra-marca\/impreza-wrx-sti-carbon\/\" \/>\n<meta property=\"og:site_name\" content=\"Universo Subaru\" \/>\n<meta property=\"article:publisher\" content=\"https:\/\/www.facebook.com\/subaruespana\" \/>\n<meta property=\"article:published_time\" content=\"2009-10-22T08:00:43+00:00\" \/>\n<meta property=\"article:modified_time\" content=\"2020-08-12T10:59:03+00:00\" \/>\n<meta property=\"og:image\" content=\"https:\/\/www.subaru.es\/blog\/wp-content\/uploads\/2009\/10\/subaru-wrs-sti-carbon-1009-1-480x295.jpg\" \/>\n\t<meta property=\"og:image:width\" content=\"480\" \/>\n\t<meta property=\"og:image:height\" content=\"295\" \/>\n\t<meta property=\"og:image:type\" content=\"image\/jpeg\" \/>\n<meta name=\"author\" content=\"Subaru\" \/>\n<meta name=\"twitter:card\" content=\"summary_large_image\" \/>\n<meta name=\"twitter:label1\" content=\"Escrito por\" \/>\n\t<meta name=\"twitter:data1\" content=\"Subaru\" \/>\n\t<meta name=\"twitter:label2\" content=\"Tiempo de lectura\" \/>\n\t<meta name=\"twitter:data2\" content=\"1 minuto\" \/>\n<script type=\"application\/ld+json\" class=\"yoast-schema-graph\">{\"@context\":\"https:\\\/\\\/schema.org\",\"@graph\":[{\"@type\":\"Article\",\"@id\":\"https:\\\/\\\/www.subaru.es\\\/blog\\\/nuestra-marca\\\/impreza-wrx-sti-carbon\\\/#article\",\"isPartOf\":{\"@id\":\"https:\\\/\\\/www.subaru.es\\\/blog\\\/nuestra-marca\\\/impreza-wrx-sti-carbon\\\/\"},\"author\":{\"name\":\"Subaru\",\"@id\":\"https:\\\/\\\/www.subaru.es\\\/blog\\\/#\\\/schema\\\/person\\\/19a90b892230b8e0ec752704ddf4aa10\"},\"headline\":\"Impreza WRX STI Carbon\",\"datePublished\":\"2009-10-22T08:00:43+00:00\",\"dateModified\":\"2020-08-12T10:59:03+00:00\",\"mainEntityOfPage\":{\"@id\":\"https:\\\/\\\/www.subaru.es\\\/blog\\\/nuestra-marca\\\/impreza-wrx-sti-carbon\\\/\"},\"wordCount\":133,\"commentCount\":1,\"publisher\":{\"@id\":\"https:\\\/\\\/www.subaru.es\\\/blog\\\/#organization\"},\"image\":{\"@id\":\"https:\\\/\\\/www.subaru.es\\\/blog\\\/nuestra-marca\\\/impreza-wrx-sti-carbon\\\/#primaryimage\"},\"thumbnailUrl\":\"https:\\\/\\\/www.subaru.es\\\/blog\\\/wp-content\\\/uploads\\\/2009\\\/10\\\/subaru-wrs-sti-carbon-1009-1-480x295.jpg\",\"keywords\":[\"Alcantara\",\"anagramas identificativos\",\"asientos\",\"cambio autom\u00e1tico cl\u00e1sico\",\"convertidor de par\",\"estetica\",\"fibra de carbono\",\"Impreza WRX STI Carbon\",\"japon\",\"Sal\u00f3n del Autom\u00f3vil de Tokio\",\"salpicadero\",\"Subaru\",\"tapizado\",\"techo\",\"tirada limitada\"],\"articleSection\":[\"Nuestra marca\"],\"inLanguage\":\"es\",\"potentialAction\":[{\"@type\":\"CommentAction\",\"name\":\"Comment\",\"target\":[\"https:\\\/\\\/www.subaru.es\\\/blog\\\/nuestra-marca\\\/impreza-wrx-sti-carbon\\\/#respond\"]}]},{\"@type\":\"WebPage\",\"@id\":\"https:\\\/\\\/www.subaru.es\\\/blog\\\/nuestra-marca\\\/impreza-wrx-sti-carbon\\\/\",\"url\":\"https:\\\/\\\/www.subaru.es\\\/blog\\\/nuestra-marca\\\/impreza-wrx-sti-carbon\\\/\",\"name\":\"Impreza WRX STI Carbon - Universo Subaru\",\"isPartOf\":{\"@id\":\"https:\\\/\\\/www.subaru.es\\\/blog\\\/#website\"},\"primaryImageOfPage\":{\"@id\":\"https:\\\/\\\/www.subaru.es\\\/blog\\\/nuestra-marca\\\/impreza-wrx-sti-carbon\\\/#primaryimage\"},\"image\":{\"@id\":\"https:\\\/\\\/www.subaru.es\\\/blog\\\/nuestra-marca\\\/impreza-wrx-sti-carbon\\\/#primaryimage\"},\"thumbnailUrl\":\"https:\\\/\\\/www.subaru.es\\\/blog\\\/wp-content\\\/uploads\\\/2009\\\/10\\\/subaru-wrs-sti-carbon-1009-1-480x295.jpg\",\"datePublished\":\"2009-10-22T08:00:43+00:00\",\"dateModified\":\"2020-08-12T10:59:03+00:00\",\"breadcrumb\":{\"@id\":\"https:\\\/\\\/www.subaru.es\\\/blog\\\/nuestra-marca\\\/impreza-wrx-sti-carbon\\\/#breadcrumb\"},\"inLanguage\":\"es\",\"potentialAction\":[{\"@type\":\"ReadAction\",\"target\":[\"https:\\\/\\\/www.subaru.es\\\/blog\\\/nuestra-marca\\\/impreza-wrx-sti-carbon\\\/\"]}]},{\"@type\":\"ImageObject\",\"inLanguage\":\"es\",\"@id\":\"https:\\\/\\\/www.subaru.es\\\/blog\\\/nuestra-marca\\\/impreza-wrx-sti-carbon\\\/#primaryimage\",\"url\":\"https:\\\/\\\/www.subaru.es\\\/blog\\\/wp-content\\\/uploads\\\/2009\\\/10\\\/subaru-wrs-sti-carbon-1009-1-480x295.jpg\",\"contentUrl\":\"https:\\\/\\\/www.subaru.es\\\/blog\\\/wp-content\\\/uploads\\\/2009\\\/10\\\/subaru-wrs-sti-carbon-1009-1-480x295.jpg\",\"width\":480,\"height\":295},{\"@type\":\"BreadcrumbList\",\"@id\":\"https:\\\/\\\/www.subaru.es\\\/blog\\\/nuestra-marca\\\/impreza-wrx-sti-carbon\\\/#breadcrumb\",\"itemListElement\":[{\"@type\":\"ListItem\",\"position\":1,\"name\":\"Portada\",\"item\":\"https:\\\/\\\/www.subaru.es\\\/blog\\\/\"},{\"@type\":\"ListItem\",\"position\":2,\"name\":\"Impreza WRX STI Carbon\"}]},{\"@type\":\"WebSite\",\"@id\":\"https:\\\/\\\/www.subaru.es\\\/blog\\\/#website\",\"url\":\"https:\\\/\\\/www.subaru.es\\\/blog\\\/\",\"name\":\"Universo Subaru\",\"description\":\"Descubre este apasionante espacio de Subaru donde vas a conocer todo sobre nuestros coches y las experiencias que vivimos con ellos. Si est\u00e1s preparado para dejarte seducir por la filosof\u00eda Subaru, qu\u00e9date con nosotros.\",\"publisher\":{\"@id\":\"https:\\\/\\\/www.subaru.es\\\/blog\\\/#organization\"},\"potentialAction\":[{\"@type\":\"SearchAction\",\"target\":{\"@type\":\"EntryPoint\",\"urlTemplate\":\"https:\\\/\\\/www.subaru.es\\\/blog\\\/?s={search_term_string}\"},\"query-input\":{\"@type\":\"PropertyValueSpecification\",\"valueRequired\":true,\"valueName\":\"search_term_string\"}}],\"inLanguage\":\"es\"},{\"@type\":\"Organization\",\"@id\":\"https:\\\/\\\/www.subaru.es\\\/blog\\\/#organization\",\"name\":\"Subaru Espa\u00f1a S.A.\",\"url\":\"https:\\\/\\\/www.subaru.es\\\/blog\\\/\",\"logo\":{\"@type\":\"ImageObject\",\"inLanguage\":\"es\",\"@id\":\"https:\\\/\\\/www.subaru.es\\\/blog\\\/#\\\/schema\\\/logo\\\/image\\\/\",\"url\":\"https:\\\/\\\/www.subaru.es\\\/blog\\\/wp-content\\\/uploads\\\/2016\\\/12\\\/Logo-Subaru-TypeV_C300-scaled.jpg\",\"contentUrl\":\"https:\\\/\\\/www.subaru.es\\\/blog\\\/wp-content\\\/uploads\\\/2016\\\/12\\\/Logo-Subaru-TypeV_C300-scaled.jpg\",\"width\":2560,\"height\":1864,\"caption\":\"Subaru Espa\u00f1a S.A.\"},\"image\":{\"@id\":\"https:\\\/\\\/www.subaru.es\\\/blog\\\/#\\\/schema\\\/logo\\\/image\\\/\"},\"sameAs\":[\"https:\\\/\\\/www.facebook.com\\\/subaruespana\",\"https:\\\/\\\/www.instagram.com\\\/subarues\\\/\",\"https:\\\/\\\/www.youtube.com\\\/user\\\/subaruespana\"]},{\"@type\":\"Person\",\"@id\":\"https:\\\/\\\/www.subaru.es\\\/blog\\\/#\\\/schema\\\/person\\\/19a90b892230b8e0ec752704ddf4aa10\",\"name\":\"Subaru\",\"url\":\"https:\\\/\\\/www.subaru.es\\\/blog\\\/author\\\/subaria\\\/\"}]}<\/script>\n<!-- \/ Yoast SEO plugin. -->","yoast_head_json":{"title":"Impreza WRX STI Carbon - Universo Subaru","robots":{"index":"index","follow":"follow","max-snippet":"max-snippet:-1","max-image-preview":"max-image-preview:large","max-video-preview":"max-video-preview:-1"},"canonical":"https:\/\/www.subaru.es\/blog\/nuestra-marca\/impreza-wrx-sti-carbon\/","og_locale":"es_ES","og_type":"article","og_title":"Impreza WRX STI Carbon - Universo Subaru","og_description":"Subaru lanza en el Sal\u00f3n del Autom\u00f3vil de Tokio una edici\u00f3n especial del Impreza WRX STI, que se denominar\u00e1 Carbon. Lo que ha cambiado en esta edici\u00f3n esta vez no es su mec\u00e1nica, sino su est\u00e9tica, ya que el techo se ha sustituido por uno de fibra de carbono, que ayuda a rebajar el peso [&hellip;]","og_url":"https:\/\/www.subaru.es\/blog\/nuestra-marca\/impreza-wrx-sti-carbon\/","og_site_name":"Universo Subaru","article_publisher":"https:\/\/www.facebook.com\/subaruespana","article_published_time":"2009-10-22T08:00:43+00:00","article_modified_time":"2020-08-12T10:59:03+00:00","og_image":[{"width":480,"height":295,"url":"https:\/\/www.subaru.es\/blog\/wp-content\/uploads\/2009\/10\/subaru-wrs-sti-carbon-1009-1-480x295.jpg","type":"image\/jpeg"}],"author":"Subaru","twitter_card":"summary_large_image","twitter_misc":{"Escrito por":"Subaru","Tiempo de lectura":"1 minuto"},"schema":{"@context":"https:\/\/schema.org","@graph":[{"@type":"Article","@id":"https:\/\/www.subaru.es\/blog\/nuestra-marca\/impreza-wrx-sti-carbon\/#article","isPartOf":{"@id":"https:\/\/www.subaru.es\/blog\/nuestra-marca\/impreza-wrx-sti-carbon\/"},"author":{"name":"Subaru","@id":"https:\/\/www.subaru.es\/blog\/#\/schema\/person\/19a90b892230b8e0ec752704ddf4aa10"},"headline":"Impreza WRX STI Carbon","datePublished":"2009-10-22T08:00:43+00:00","dateModified":"2020-08-12T10:59:03+00:00","mainEntityOfPage":{"@id":"https:\/\/www.subaru.es\/blog\/nuestra-marca\/impreza-wrx-sti-carbon\/"},"wordCount":133,"commentCount":1,"publisher":{"@id":"https:\/\/www.subaru.es\/blog\/#organization"},"image":{"@id":"https:\/\/www.subaru.es\/blog\/nuestra-marca\/impreza-wrx-sti-carbon\/#primaryimage"},"thumbnailUrl":"https:\/\/www.subaru.es\/blog\/wp-content\/uploads\/2009\/10\/subaru-wrs-sti-carbon-1009-1-480x295.jpg","keywords":["Alcantara","anagramas identificativos","asientos","cambio autom\u00e1tico cl\u00e1sico","convertidor de par","estetica","fibra de carbono","Impreza WRX STI Carbon","japon","Sal\u00f3n del Autom\u00f3vil de Tokio","salpicadero","Subaru","tapizado","techo","tirada limitada"],"articleSection":["Nuestra marca"],"inLanguage":"es","potentialAction":[{"@type":"CommentAction","name":"Comment","target":["https:\/\/www.subaru.es\/blog\/nuestra-marca\/impreza-wrx-sti-carbon\/#respond"]}]},{"@type":"WebPage","@id":"https:\/\/www.subaru.es\/blog\/nuestra-marca\/impreza-wrx-sti-carbon\/","url":"https:\/\/www.subaru.es\/blog\/nuestra-marca\/impreza-wrx-sti-carbon\/","name":"Impreza WRX STI Carbon - Universo Subaru","isPartOf":{"@id":"https:\/\/www.subaru.es\/blog\/#website"},"primaryImageOfPage":{"@id":"https:\/\/www.subaru.es\/blog\/nuestra-marca\/impreza-wrx-sti-carbon\/#primaryimage"},"image":{"@id":"https:\/\/www.subaru.es\/blog\/nuestra-marca\/impreza-wrx-sti-carbon\/#primaryimage"},"thumbnailUrl":"https:\/\/www.subaru.es\/blog\/wp-content\/uploads\/2009\/10\/subaru-wrs-sti-carbon-1009-1-480x295.jpg","datePublished":"2009-10-22T08:00:43+00:00","dateModified":"2020-08-12T10:59:03+00:00","breadcrumb":{"@id":"https:\/\/www.subaru.es\/blog\/nuestra-marca\/impreza-wrx-sti-carbon\/#breadcrumb"},"inLanguage":"es","potentialAction":[{"@type":"ReadAction","target":["https:\/\/www.subaru.es\/blog\/nuestra-marca\/impreza-wrx-sti-carbon\/"]}]},{"@type":"ImageObject","inLanguage":"es","@id":"https:\/\/www.subaru.es\/blog\/nuestra-marca\/impreza-wrx-sti-carbon\/#primaryimage","url":"https:\/\/www.subaru.es\/blog\/wp-content\/uploads\/2009\/10\/subaru-wrs-sti-carbon-1009-1-480x295.jpg","contentUrl":"https:\/\/www.subaru.es\/blog\/wp-content\/uploads\/2009\/10\/subaru-wrs-sti-carbon-1009-1-480x295.jpg","width":480,"height":295},{"@type":"BreadcrumbList","@id":"https:\/\/www.subaru.es\/blog\/nuestra-marca\/impreza-wrx-sti-carbon\/#breadcrumb","itemListElement":[{"@type":"ListItem","position":1,"name":"Portada","item":"https:\/\/www.subaru.es\/blog\/"},{"@type":"ListItem","position":2,"name":"Impreza WRX STI Carbon"}]},{"@type":"WebSite","@id":"https:\/\/www.subaru.es\/blog\/#website","url":"https:\/\/www.subaru.es\/blog\/","name":"Universo Subaru","description":"Descubre este apasionante espacio de Subaru donde vas a conocer todo sobre nuestros coches y las experiencias que vivimos con ellos. Si est\u00e1s preparado para dejarte seducir por la filosof\u00eda Subaru, qu\u00e9date con nosotros.","publisher":{"@id":"https:\/\/www.subaru.es\/blog\/#organization"},"potentialAction":[{"@type":"SearchAction","target":{"@type":"EntryPoint","urlTemplate":"https:\/\/www.subaru.es\/blog\/?s={search_term_string}"},"query-input":{"@type":"PropertyValueSpecification","valueRequired":true,"valueName":"search_term_string"}}],"inLanguage":"es"},{"@type":"Organization","@id":"https:\/\/www.subaru.es\/blog\/#organization","name":"Subaru Espa\u00f1a S.A.","url":"https:\/\/www.subaru.es\/blog\/","logo":{"@type":"ImageObject","inLanguage":"es","@id":"https:\/\/www.subaru.es\/blog\/#\/schema\/logo\/image\/","url":"https:\/\/www.subaru.es\/blog\/wp-content\/uploads\/2016\/12\/Logo-Subaru-TypeV_C300-scaled.jpg","contentUrl":"https:\/\/www.subaru.es\/blog\/wp-content\/uploads\/2016\/12\/Logo-Subaru-TypeV_C300-scaled.jpg","width":2560,"height":1864,"caption":"Subaru Espa\u00f1a S.A."},"image":{"@id":"https:\/\/www.subaru.es\/blog\/#\/schema\/logo\/image\/"},"sameAs":["https:\/\/www.facebook.com\/subaruespana","https:\/\/www.instagram.com\/subarues\/","https:\/\/www.youtube.com\/user\/subaruespana"]},{"@type":"Person","@id":"https:\/\/www.subaru.es\/blog\/#\/schema\/person\/19a90b892230b8e0ec752704ddf4aa10","name":"Subaru","url":"https:\/\/www.subaru.es\/blog\/author\/subaria\/"}]}},"_links":{"self":[{"href":"https:\/\/www.subaru.es\/blog\/wp-json\/wp\/v2\/posts\/2291","targetHints":{"allow":["GET"]}}],"collection":[{"href":"https:\/\/www.subaru.es\/blog\/wp-json\/wp\/v2\/posts"}],"about":[{"href":"https:\/\/www.subaru.es\/blog\/wp-json\/wp\/v2\/types\/post"}],"author":[{"embeddable":true,"href":"https:\/\/www.subaru.es\/blog\/wp-json\/wp\/v2\/users\/21"}],"replies":[{"embeddable":true,"href":"https:\/\/www.subaru.es\/blog\/wp-json\/wp\/v2\/comments?post=2291"}],"version-history":[{"count":2,"href":"https:\/\/www.subaru.es\/blog\/wp-json\/wp\/v2\/posts\/2291\/revisions"}],"predecessor-version":[{"id":22275,"href":"https:\/\/www.subaru.es\/blog\/wp-json\/wp\/v2\/posts\/2291\/revisions\/22275"}],"wp:featuredmedia":[{"embeddable":true,"href":"https:\/\/www.subaru.es\/blog\/wp-json\/wp\/v2\/media\/2292"}],"wp:attachment":[{"href":"https:\/\/www.subaru.es\/blog\/wp-json\/wp\/v2\/media?parent=2291"}],"wp:term":[{"taxonomy":"category","embeddable":true,"href":"https:\/\/www.subaru.es\/blog\/wp-json\/wp\/v2\/categories?post=2291"},{"taxonomy":"post_tag","embeddable":true,"href":"https:\/\/www.subaru.es\/blog\/wp-json\/wp\/v2\/tags?post=2291"}],"curies":[{"name":"wp","href":"https:\/\/api.w.org\/{rel}","templated":true}]}}