{"id":2287,"date":"2009-10-21T10:00:28","date_gmt":"2009-10-21T08:00:28","guid":{"rendered":"http:\/\/subaru.preproduccion.com\/blog\/wp-content\/2009\/10\/21\/subaru-hybrid-tourer-concept\/"},"modified":"2020-08-06T11:40:53","modified_gmt":"2020-08-06T09:40:53","slug":"subaru-hybrid-tourer-concept","status":"publish","type":"post","link":"https:\/\/www.subaru.es\/blog\/nuestra-marca\/subaru-hybrid-tourer-concept\/","title":{"rendered":"Subaru Hybrid Tourer Concept"},"content":{"rendered":"<p><a href=\"https:\/\/www.subaru.es\/blog\/wp-content\/uploads\/2009\/10\/10d0b9subaruhybridtourer_int300p.jpg\" title=\"Subaru Hybrid Tourer Concept\"><img decoding=\"async\" data-src=\"https:\/\/www.subaru.es\/blog\/wp-content\/uploads\/2009\/10\/10d0b9subaruhybridtourer_int300p.jpg\" alt=\"Subaru Hybrid Tourer Concept\" src=\"data:image\/svg+xml;base64,PHN2ZyB3aWR0aD0iMSIgaGVpZ2h0PSIxIiB4bWxucz0iaHR0cDovL3d3dy53My5vcmcvMjAwMC9zdmciPjwvc3ZnPg==\" class=\"lazyload\" style=\"--smush-placeholder-width: 300px; --smush-placeholder-aspect-ratio: 300\/288;\" \/><\/a><\/p>\n<p>Ya est\u00e1 aqu\u00ed. El <strong>Subaru Hybrid Tourer Concept <\/strong>es la principal novedad que <strong>Subaru <\/strong>va a presentar en el <strong><a href=\"http:\/\/www.tokyo-motorshow.com\/eng\/\">Sal\u00f3n del Autom\u00f3vil de Tokio<\/a> <\/strong>, que se celebrar\u00e1 del <strong>23 de octubre al 8 de noviembre de 2009<\/strong>. Su provocativa carrocer\u00eda esconde un <strong>sistema h\u00edbrido <\/strong>en el que se combinan un <strong>motor de gasolina boxer 2.0 turboalimentado <\/strong>y de <strong>inyecci\u00f3n directa <\/strong>junto a <strong>dos motores el\u00e9ctricos <\/strong>y un <strong>pack de bater\u00edas de i\u00f3n-litio<\/strong>.<\/p>\n<p>Este <strong>prototipo de Subaru <\/strong>se presenta como una gran baza para sentar las bases del futuro <strong>coche h\u00edbrido <\/strong>de la firma japonesa. <strong>Subaru Hybrid Tourer Concept <\/strong>presenta unas dimensiones de 4,63 m. de largo, 1,89 m. de ancho y 1,42 m. de altura. Este <strong>concept car <\/strong>hereda los cl\u00e1sicos genes del <strong>ADN de Subaru<\/strong>, por lo que tambi\u00e9n cuenta con la <strong>tracci\u00f3n total Symmetrical All Wheel Drive (AWD)<\/strong>. Su <strong>motor de gasolina <\/strong>recurre a un <strong>turbo <\/strong>y, <strong>por vez primera en la historia de Subaru<\/strong>, a <strong>inyecci\u00f3n directa<\/strong>.<\/p>\n<p>El <strong>interior del Subaru Hybrid Tourer Concept <\/strong>acoge en su interior <strong>cuatro asientos individuales<\/strong>, junto a <strong>materiales de alta calidad <\/strong>como el <strong>cuero<\/strong>, y dispone de <strong>apertura de puertas tipo alas de gaviota<\/strong>.<\/p>\n<p><strong>Subaru <\/strong>ha adelantado datos sobre los <strong>motores el\u00e9ctricos<\/strong>: estar\u00e1n colocados uno en cada eje; el <strong>motor el\u00e9ctrico del eje delantero <\/strong>tiene una potencia de 10 kW (unos 13 CV) y <strong>el del eje trasero <\/strong>20 kW (unos 27 CV). <strong>Hybrid Tourer Concept <\/strong>podr\u00e1 impulsarse de varios modos, ya sea con uno o varios componentes de su <strong>sistema h\u00edbrido<\/strong>, seg\u00fan las circunstancias de conducci\u00f3n.<\/p>\n<p><a href=\"https:\/\/www.subaru.es\/blog\/wp-content\/uploads\/2009\/10\/10d0b9subaruhybridtourer_598p.jpg\" title=\"Subaru Hybrid Tourer Concept2\"><img decoding=\"async\" data-src=\"https:\/\/www.subaru.es\/blog\/wp-content\/uploads\/2009\/10\/10d0b9subaruhybridtourer_598p.jpg\" alt=\"Subaru Hybrid Tourer Concept2\" src=\"data:image\/svg+xml;base64,PHN2ZyB3aWR0aD0iMSIgaGVpZ2h0PSIxIiB4bWxucz0iaHR0cDovL3d3dy53My5vcmcvMjAwMC9zdmciPjwvc3ZnPg==\" class=\"lazyload\" style=\"--smush-placeholder-width: 456px; --smush-placeholder-aspect-ratio: 456\/213;\" \/><\/a><\/p>\n<p><strong>A bajas velocidades <\/strong>es el <strong>motor el\u00e9ctrico trasero <\/strong>el que <strong>mueve al veh\u00edculo<\/strong>; en <strong>condiciones normales de conducci\u00f3n<\/strong>, es el <strong>motor de gasolina b\u00f3xer <\/strong>el que lo impulsa; cuando el conductor acelera y necesita <strong>\u2018energ\u00eda extra\u2019<\/strong>, el <strong>motor el\u00e9ctrico trasero <\/strong>asiste al motor b\u00f3xer; y por \u00faltimo, cuando se necesita acelerar en <strong>fuertes pendientes<\/strong>, el <strong>motor de gasolina <\/strong>recibe la asistencia del <strong>motor el\u00e9ctrico del tren delantero<\/strong>, que funciona normalmente como <strong>generador<\/strong>.<\/p>\n<p>Para <strong>aprovechar m\u00e1s la energ\u00eda<\/strong> y <strong>reducir el gasto de combustible<\/strong>, este veh\u00edculo tambi\u00e9n incorpora los cada vez m\u00e1s populares <strong>sistemas stop\/start de parada y arranque autom\u00e1tico <\/strong>del motor junto al <strong>dispositivo de frenada regenerativa<\/strong>. Un c\u00f3ctel aderezado por la <strong>transmisi\u00f3n autom\u00e1tica con variador continuo <\/strong><strong>Lineartronic CVT <\/strong>de la firma.<\/p>\n<p>Pod\u00e9is disfrutar de su interior y exterior en movimiento\u00a0con este <strong>v\u00eddeo<\/strong>: <a href=\"http:\/\/www.media.subaru-global.com\/eng\/data\/movie\/Hybrid_Tourer_Concept02.mov\">Subaru-Hybrid<\/a><\/p>\n","protected":false},"excerpt":{"rendered":"<p>Ya est\u00e1 aqu\u00ed. El Subaru Hybrid Tourer Concept es la principal novedad que Subaru va a presentar en el Sal\u00f3n del Autom\u00f3vil de Tokio , que se celebrar\u00e1 del 23 de octubre al 8 de noviembre de 2009. Su provocativa carrocer\u00eda esconde un sistema h\u00edbrido en el que se combinan un motor de gasolina boxer [&hellip;]<\/p>\n","protected":false},"author":21,"featured_media":2288,"comment_status":"open","ping_status":"open","sticky":false,"template":"","format":"standard","meta":{"_acf_changed":false,"_eb_attr":"","inline_featured_image":false,"footnotes":""},"categories":[4401],"tags":[17,2583,1473,2585,2588,209,2589,2584,2556,22,2587,2586,2582,4390,2581,1407,352],"class_list":["post-2287","post","type-post","status-publish","format-standard","has-post-thumbnail","hentry","category-nuestra-marca","tag-awd","tag-boxer-20-turboalimentado","tag-concept-car","tag-dos-motores-electricos","tag-eje-trasero","tag-gasolina","tag-generadorsistemas-stopstart-de-parada-y-arranque-automaticodispositivo-de-frenada-regenerativa","tag-inyeccion-directa","tag-lineartronic-cvt","tag-motor","tag-motor-electrico-del-eje-delantero","tag-pack-de-baterias-de-ion-litio","tag-sistema-hibrido","tag-subaru","tag-subaru-hybrid-tourer-concept","tag-symmetrical-all-wheel-drive","tag-traccion-total"],"acf":[],"yoast_head":"<!-- This site is optimized with the Yoast SEO plugin v27.3 - https:\/\/yoast.com\/product\/yoast-seo-wordpress\/ -->\n<title>Subaru Hybrid Tourer Concept - Universo Subaru<\/title>\n<meta name=\"robots\" content=\"index, follow, max-snippet:-1, max-image-preview:large, max-video-preview:-1\" \/>\n<link rel=\"canonical\" href=\"https:\/\/www.subaru.es\/blog\/nuestra-marca\/subaru-hybrid-tourer-concept\/\" \/>\n<meta property=\"og:locale\" content=\"es_ES\" \/>\n<meta property=\"og:type\" content=\"article\" \/>\n<meta property=\"og:title\" content=\"Subaru Hybrid Tourer Concept - Universo Subaru\" \/>\n<meta property=\"og:description\" content=\"Ya est\u00e1 aqu\u00ed. El Subaru Hybrid Tourer Concept es la principal novedad que Subaru va a presentar en el Sal\u00f3n del Autom\u00f3vil de Tokio , que se celebrar\u00e1 del 23 de octubre al 8 de noviembre de 2009. Su provocativa carrocer\u00eda esconde un sistema h\u00edbrido en el que se combinan un motor de gasolina boxer [&hellip;]\" \/>\n<meta property=\"og:url\" content=\"https:\/\/www.subaru.es\/blog\/nuestra-marca\/subaru-hybrid-tourer-concept\/\" \/>\n<meta property=\"og:site_name\" content=\"Universo Subaru\" \/>\n<meta property=\"article:publisher\" content=\"https:\/\/www.facebook.com\/subaruespana\" \/>\n<meta property=\"article:published_time\" content=\"2009-10-21T08:00:28+00:00\" \/>\n<meta property=\"article:modified_time\" content=\"2020-08-06T09:40:53+00:00\" \/>\n<meta property=\"og:image\" content=\"https:\/\/www.subaru.es\/blog\/wp-content\/uploads\/2009\/10\/10d0b9subaruhybridtourer_int300p.jpg\" \/>\n\t<meta property=\"og:image:width\" content=\"300\" \/>\n\t<meta property=\"og:image:height\" content=\"288\" \/>\n\t<meta property=\"og:image:type\" content=\"image\/jpeg\" \/>\n<meta name=\"author\" content=\"Subaru\" \/>\n<meta name=\"twitter:card\" content=\"summary_large_image\" \/>\n<meta name=\"twitter:label1\" content=\"Escrito por\" \/>\n\t<meta name=\"twitter:data1\" content=\"Subaru\" \/>\n\t<meta name=\"twitter:label2\" content=\"Tiempo de lectura\" \/>\n\t<meta name=\"twitter:data2\" content=\"2 minutos\" \/>\n<script type=\"application\/ld+json\" class=\"yoast-schema-graph\">{\"@context\":\"https:\\\/\\\/schema.org\",\"@graph\":[{\"@type\":\"Article\",\"@id\":\"https:\\\/\\\/www.subaru.es\\\/blog\\\/nuestra-marca\\\/subaru-hybrid-tourer-concept\\\/#article\",\"isPartOf\":{\"@id\":\"https:\\\/\\\/www.subaru.es\\\/blog\\\/nuestra-marca\\\/subaru-hybrid-tourer-concept\\\/\"},\"author\":{\"name\":\"Subaru\",\"@id\":\"https:\\\/\\\/www.subaru.es\\\/blog\\\/#\\\/schema\\\/person\\\/19a90b892230b8e0ec752704ddf4aa10\"},\"headline\":\"Subaru Hybrid Tourer Concept\",\"datePublished\":\"2009-10-21T08:00:28+00:00\",\"dateModified\":\"2020-08-06T09:40:53+00:00\",\"mainEntityOfPage\":{\"@id\":\"https:\\\/\\\/www.subaru.es\\\/blog\\\/nuestra-marca\\\/subaru-hybrid-tourer-concept\\\/\"},\"wordCount\":423,\"commentCount\":1,\"publisher\":{\"@id\":\"https:\\\/\\\/www.subaru.es\\\/blog\\\/#organization\"},\"image\":{\"@id\":\"https:\\\/\\\/www.subaru.es\\\/blog\\\/nuestra-marca\\\/subaru-hybrid-tourer-concept\\\/#primaryimage\"},\"thumbnailUrl\":\"https:\\\/\\\/www.subaru.es\\\/blog\\\/wp-content\\\/uploads\\\/2009\\\/10\\\/10d0b9subaruhybridtourer_int300p.jpg\",\"keywords\":[\"awd\",\"boxer 2.0 turboalimentado\",\"concept-car\",\"dos motores el\u00e9ctricos\",\"eje trasero\",\"gasolina\",\"generadorsistemas stop\\\/start de parada y arranque autom\",\"inyecci\u00f3n directa\",\"Lineartronic-CVT\",\"motor\",\"motor el\u00e9ctrico del eje delantero\",\"pack de bater\u00edas de i\u00f3n-litio\",\"sistema h\u00edbrido\",\"Subaru\",\"Subaru Hybrid Tourer Concept\",\"symmetrical all wheel drive\",\"tracci\u00f3n total\"],\"articleSection\":[\"Nuestra marca\"],\"inLanguage\":\"es\",\"potentialAction\":[{\"@type\":\"CommentAction\",\"name\":\"Comment\",\"target\":[\"https:\\\/\\\/www.subaru.es\\\/blog\\\/nuestra-marca\\\/subaru-hybrid-tourer-concept\\\/#respond\"]}]},{\"@type\":\"WebPage\",\"@id\":\"https:\\\/\\\/www.subaru.es\\\/blog\\\/nuestra-marca\\\/subaru-hybrid-tourer-concept\\\/\",\"url\":\"https:\\\/\\\/www.subaru.es\\\/blog\\\/nuestra-marca\\\/subaru-hybrid-tourer-concept\\\/\",\"name\":\"Subaru Hybrid Tourer Concept - Universo Subaru\",\"isPartOf\":{\"@id\":\"https:\\\/\\\/www.subaru.es\\\/blog\\\/#website\"},\"primaryImageOfPage\":{\"@id\":\"https:\\\/\\\/www.subaru.es\\\/blog\\\/nuestra-marca\\\/subaru-hybrid-tourer-concept\\\/#primaryimage\"},\"image\":{\"@id\":\"https:\\\/\\\/www.subaru.es\\\/blog\\\/nuestra-marca\\\/subaru-hybrid-tourer-concept\\\/#primaryimage\"},\"thumbnailUrl\":\"https:\\\/\\\/www.subaru.es\\\/blog\\\/wp-content\\\/uploads\\\/2009\\\/10\\\/10d0b9subaruhybridtourer_int300p.jpg\",\"datePublished\":\"2009-10-21T08:00:28+00:00\",\"dateModified\":\"2020-08-06T09:40:53+00:00\",\"breadcrumb\":{\"@id\":\"https:\\\/\\\/www.subaru.es\\\/blog\\\/nuestra-marca\\\/subaru-hybrid-tourer-concept\\\/#breadcrumb\"},\"inLanguage\":\"es\",\"potentialAction\":[{\"@type\":\"ReadAction\",\"target\":[\"https:\\\/\\\/www.subaru.es\\\/blog\\\/nuestra-marca\\\/subaru-hybrid-tourer-concept\\\/\"]}]},{\"@type\":\"ImageObject\",\"inLanguage\":\"es\",\"@id\":\"https:\\\/\\\/www.subaru.es\\\/blog\\\/nuestra-marca\\\/subaru-hybrid-tourer-concept\\\/#primaryimage\",\"url\":\"https:\\\/\\\/www.subaru.es\\\/blog\\\/wp-content\\\/uploads\\\/2009\\\/10\\\/10d0b9subaruhybridtourer_int300p.jpg\",\"contentUrl\":\"https:\\\/\\\/www.subaru.es\\\/blog\\\/wp-content\\\/uploads\\\/2009\\\/10\\\/10d0b9subaruhybridtourer_int300p.jpg\",\"width\":300,\"height\":288},{\"@type\":\"BreadcrumbList\",\"@id\":\"https:\\\/\\\/www.subaru.es\\\/blog\\\/nuestra-marca\\\/subaru-hybrid-tourer-concept\\\/#breadcrumb\",\"itemListElement\":[{\"@type\":\"ListItem\",\"position\":1,\"name\":\"Portada\",\"item\":\"https:\\\/\\\/www.subaru.es\\\/blog\\\/\"},{\"@type\":\"ListItem\",\"position\":2,\"name\":\"Subaru Hybrid Tourer Concept\"}]},{\"@type\":\"WebSite\",\"@id\":\"https:\\\/\\\/www.subaru.es\\\/blog\\\/#website\",\"url\":\"https:\\\/\\\/www.subaru.es\\\/blog\\\/\",\"name\":\"Universo Subaru\",\"description\":\"Descubre este apasionante espacio de Subaru donde vas a conocer todo sobre nuestros coches y las experiencias que vivimos con ellos. Si est\u00e1s preparado para dejarte seducir por la filosof\u00eda Subaru, qu\u00e9date con nosotros.\",\"publisher\":{\"@id\":\"https:\\\/\\\/www.subaru.es\\\/blog\\\/#organization\"},\"potentialAction\":[{\"@type\":\"SearchAction\",\"target\":{\"@type\":\"EntryPoint\",\"urlTemplate\":\"https:\\\/\\\/www.subaru.es\\\/blog\\\/?s={search_term_string}\"},\"query-input\":{\"@type\":\"PropertyValueSpecification\",\"valueRequired\":true,\"valueName\":\"search_term_string\"}}],\"inLanguage\":\"es\"},{\"@type\":\"Organization\",\"@id\":\"https:\\\/\\\/www.subaru.es\\\/blog\\\/#organization\",\"name\":\"Subaru Espa\u00f1a S.A.\",\"url\":\"https:\\\/\\\/www.subaru.es\\\/blog\\\/\",\"logo\":{\"@type\":\"ImageObject\",\"inLanguage\":\"es\",\"@id\":\"https:\\\/\\\/www.subaru.es\\\/blog\\\/#\\\/schema\\\/logo\\\/image\\\/\",\"url\":\"https:\\\/\\\/www.subaru.es\\\/blog\\\/wp-content\\\/uploads\\\/2016\\\/12\\\/Logo-Subaru-TypeV_C300-scaled.jpg\",\"contentUrl\":\"https:\\\/\\\/www.subaru.es\\\/blog\\\/wp-content\\\/uploads\\\/2016\\\/12\\\/Logo-Subaru-TypeV_C300-scaled.jpg\",\"width\":2560,\"height\":1864,\"caption\":\"Subaru Espa\u00f1a S.A.\"},\"image\":{\"@id\":\"https:\\\/\\\/www.subaru.es\\\/blog\\\/#\\\/schema\\\/logo\\\/image\\\/\"},\"sameAs\":[\"https:\\\/\\\/www.facebook.com\\\/subaruespana\",\"https:\\\/\\\/www.instagram.com\\\/subarues\\\/\",\"https:\\\/\\\/www.youtube.com\\\/user\\\/subaruespana\"]},{\"@type\":\"Person\",\"@id\":\"https:\\\/\\\/www.subaru.es\\\/blog\\\/#\\\/schema\\\/person\\\/19a90b892230b8e0ec752704ddf4aa10\",\"name\":\"Subaru\",\"url\":\"https:\\\/\\\/www.subaru.es\\\/blog\\\/author\\\/subaria\\\/\"}]}<\/script>\n<!-- \/ Yoast SEO plugin. -->","yoast_head_json":{"title":"Subaru Hybrid Tourer Concept - Universo Subaru","robots":{"index":"index","follow":"follow","max-snippet":"max-snippet:-1","max-image-preview":"max-image-preview:large","max-video-preview":"max-video-preview:-1"},"canonical":"https:\/\/www.subaru.es\/blog\/nuestra-marca\/subaru-hybrid-tourer-concept\/","og_locale":"es_ES","og_type":"article","og_title":"Subaru Hybrid Tourer Concept - Universo Subaru","og_description":"Ya est\u00e1 aqu\u00ed. El Subaru Hybrid Tourer Concept es la principal novedad que Subaru va a presentar en el Sal\u00f3n del Autom\u00f3vil de Tokio , que se celebrar\u00e1 del 23 de octubre al 8 de noviembre de 2009. Su provocativa carrocer\u00eda esconde un sistema h\u00edbrido en el que se combinan un motor de gasolina boxer [&hellip;]","og_url":"https:\/\/www.subaru.es\/blog\/nuestra-marca\/subaru-hybrid-tourer-concept\/","og_site_name":"Universo Subaru","article_publisher":"https:\/\/www.facebook.com\/subaruespana","article_published_time":"2009-10-21T08:00:28+00:00","article_modified_time":"2020-08-06T09:40:53+00:00","og_image":[{"width":300,"height":288,"url":"https:\/\/www.subaru.es\/blog\/wp-content\/uploads\/2009\/10\/10d0b9subaruhybridtourer_int300p.jpg","type":"image\/jpeg"}],"author":"Subaru","twitter_card":"summary_large_image","twitter_misc":{"Escrito por":"Subaru","Tiempo de lectura":"2 minutos"},"schema":{"@context":"https:\/\/schema.org","@graph":[{"@type":"Article","@id":"https:\/\/www.subaru.es\/blog\/nuestra-marca\/subaru-hybrid-tourer-concept\/#article","isPartOf":{"@id":"https:\/\/www.subaru.es\/blog\/nuestra-marca\/subaru-hybrid-tourer-concept\/"},"author":{"name":"Subaru","@id":"https:\/\/www.subaru.es\/blog\/#\/schema\/person\/19a90b892230b8e0ec752704ddf4aa10"},"headline":"Subaru Hybrid Tourer Concept","datePublished":"2009-10-21T08:00:28+00:00","dateModified":"2020-08-06T09:40:53+00:00","mainEntityOfPage":{"@id":"https:\/\/www.subaru.es\/blog\/nuestra-marca\/subaru-hybrid-tourer-concept\/"},"wordCount":423,"commentCount":1,"publisher":{"@id":"https:\/\/www.subaru.es\/blog\/#organization"},"image":{"@id":"https:\/\/www.subaru.es\/blog\/nuestra-marca\/subaru-hybrid-tourer-concept\/#primaryimage"},"thumbnailUrl":"https:\/\/www.subaru.es\/blog\/wp-content\/uploads\/2009\/10\/10d0b9subaruhybridtourer_int300p.jpg","keywords":["awd","boxer 2.0 turboalimentado","concept-car","dos motores el\u00e9ctricos","eje trasero","gasolina","generadorsistemas stop\/start de parada y arranque autom","inyecci\u00f3n directa","Lineartronic-CVT","motor","motor el\u00e9ctrico del eje delantero","pack de bater\u00edas de i\u00f3n-litio","sistema h\u00edbrido","Subaru","Subaru Hybrid Tourer Concept","symmetrical all wheel drive","tracci\u00f3n total"],"articleSection":["Nuestra marca"],"inLanguage":"es","potentialAction":[{"@type":"CommentAction","name":"Comment","target":["https:\/\/www.subaru.es\/blog\/nuestra-marca\/subaru-hybrid-tourer-concept\/#respond"]}]},{"@type":"WebPage","@id":"https:\/\/www.subaru.es\/blog\/nuestra-marca\/subaru-hybrid-tourer-concept\/","url":"https:\/\/www.subaru.es\/blog\/nuestra-marca\/subaru-hybrid-tourer-concept\/","name":"Subaru Hybrid Tourer Concept - Universo Subaru","isPartOf":{"@id":"https:\/\/www.subaru.es\/blog\/#website"},"primaryImageOfPage":{"@id":"https:\/\/www.subaru.es\/blog\/nuestra-marca\/subaru-hybrid-tourer-concept\/#primaryimage"},"image":{"@id":"https:\/\/www.subaru.es\/blog\/nuestra-marca\/subaru-hybrid-tourer-concept\/#primaryimage"},"thumbnailUrl":"https:\/\/www.subaru.es\/blog\/wp-content\/uploads\/2009\/10\/10d0b9subaruhybridtourer_int300p.jpg","datePublished":"2009-10-21T08:00:28+00:00","dateModified":"2020-08-06T09:40:53+00:00","breadcrumb":{"@id":"https:\/\/www.subaru.es\/blog\/nuestra-marca\/subaru-hybrid-tourer-concept\/#breadcrumb"},"inLanguage":"es","potentialAction":[{"@type":"ReadAction","target":["https:\/\/www.subaru.es\/blog\/nuestra-marca\/subaru-hybrid-tourer-concept\/"]}]},{"@type":"ImageObject","inLanguage":"es","@id":"https:\/\/www.subaru.es\/blog\/nuestra-marca\/subaru-hybrid-tourer-concept\/#primaryimage","url":"https:\/\/www.subaru.es\/blog\/wp-content\/uploads\/2009\/10\/10d0b9subaruhybridtourer_int300p.jpg","contentUrl":"https:\/\/www.subaru.es\/blog\/wp-content\/uploads\/2009\/10\/10d0b9subaruhybridtourer_int300p.jpg","width":300,"height":288},{"@type":"BreadcrumbList","@id":"https:\/\/www.subaru.es\/blog\/nuestra-marca\/subaru-hybrid-tourer-concept\/#breadcrumb","itemListElement":[{"@type":"ListItem","position":1,"name":"Portada","item":"https:\/\/www.subaru.es\/blog\/"},{"@type":"ListItem","position":2,"name":"Subaru Hybrid Tourer Concept"}]},{"@type":"WebSite","@id":"https:\/\/www.subaru.es\/blog\/#website","url":"https:\/\/www.subaru.es\/blog\/","name":"Universo Subaru","description":"Descubre este apasionante espacio de Subaru donde vas a conocer todo sobre nuestros coches y las experiencias que vivimos con ellos. Si est\u00e1s preparado para dejarte seducir por la filosof\u00eda Subaru, qu\u00e9date con nosotros.","publisher":{"@id":"https:\/\/www.subaru.es\/blog\/#organization"},"potentialAction":[{"@type":"SearchAction","target":{"@type":"EntryPoint","urlTemplate":"https:\/\/www.subaru.es\/blog\/?s={search_term_string}"},"query-input":{"@type":"PropertyValueSpecification","valueRequired":true,"valueName":"search_term_string"}}],"inLanguage":"es"},{"@type":"Organization","@id":"https:\/\/www.subaru.es\/blog\/#organization","name":"Subaru Espa\u00f1a S.A.","url":"https:\/\/www.subaru.es\/blog\/","logo":{"@type":"ImageObject","inLanguage":"es","@id":"https:\/\/www.subaru.es\/blog\/#\/schema\/logo\/image\/","url":"https:\/\/www.subaru.es\/blog\/wp-content\/uploads\/2016\/12\/Logo-Subaru-TypeV_C300-scaled.jpg","contentUrl":"https:\/\/www.subaru.es\/blog\/wp-content\/uploads\/2016\/12\/Logo-Subaru-TypeV_C300-scaled.jpg","width":2560,"height":1864,"caption":"Subaru Espa\u00f1a S.A."},"image":{"@id":"https:\/\/www.subaru.es\/blog\/#\/schema\/logo\/image\/"},"sameAs":["https:\/\/www.facebook.com\/subaruespana","https:\/\/www.instagram.com\/subarues\/","https:\/\/www.youtube.com\/user\/subaruespana"]},{"@type":"Person","@id":"https:\/\/www.subaru.es\/blog\/#\/schema\/person\/19a90b892230b8e0ec752704ddf4aa10","name":"Subaru","url":"https:\/\/www.subaru.es\/blog\/author\/subaria\/"}]}},"_links":{"self":[{"href":"https:\/\/www.subaru.es\/blog\/wp-json\/wp\/v2\/posts\/2287","targetHints":{"allow":["GET"]}}],"collection":[{"href":"https:\/\/www.subaru.es\/blog\/wp-json\/wp\/v2\/posts"}],"about":[{"href":"https:\/\/www.subaru.es\/blog\/wp-json\/wp\/v2\/types\/post"}],"author":[{"embeddable":true,"href":"https:\/\/www.subaru.es\/blog\/wp-json\/wp\/v2\/users\/21"}],"replies":[{"embeddable":true,"href":"https:\/\/www.subaru.es\/blog\/wp-json\/wp\/v2\/comments?post=2287"}],"version-history":[{"count":1,"href":"https:\/\/www.subaru.es\/blog\/wp-json\/wp\/v2\/posts\/2287\/revisions"}],"predecessor-version":[{"id":15157,"href":"https:\/\/www.subaru.es\/blog\/wp-json\/wp\/v2\/posts\/2287\/revisions\/15157"}],"wp:featuredmedia":[{"embeddable":true,"href":"https:\/\/www.subaru.es\/blog\/wp-json\/wp\/v2\/media\/2288"}],"wp:attachment":[{"href":"https:\/\/www.subaru.es\/blog\/wp-json\/wp\/v2\/media?parent=2287"}],"wp:term":[{"taxonomy":"category","embeddable":true,"href":"https:\/\/www.subaru.es\/blog\/wp-json\/wp\/v2\/categories?post=2287"},{"taxonomy":"post_tag","embeddable":true,"href":"https:\/\/www.subaru.es\/blog\/wp-json\/wp\/v2\/tags?post=2287"}],"curies":[{"name":"wp","href":"https:\/\/api.w.org\/{rel}","templated":true}]}}