{"id":22839,"date":"2021-02-24T12:07:00","date_gmt":"2021-02-24T10:07:00","guid":{"rendered":"https:\/\/www.subaru.es\/blog\/?p=22839"},"modified":"2021-02-24T13:06:16","modified_gmt":"2021-02-24T11:06:16","slug":"adapta-tu-forma-de-conducir-al-invierno","status":"publish","type":"post","link":"https:\/\/www.subaru.es\/blog\/nuestra-marca\/adapta-tu-forma-de-conducir-al-invierno\/","title":{"rendered":"Adapta tu forma de conducir al invierno"},"content":{"rendered":"\n<p>En invierno&nbsp;las precauciones en carretera se tienen que extremar para evitar sustos. La lluvia, el fr\u00edo y las carreteras pueden hacen m\u00e1s complejo cualquier tipo de viaje, pero&nbsp;te vamos a dar unos consejos para la <strong><a href=\"https:\/\/www.youtube.com\/watch?v=PdpjNso2hXM\" target=\"_blank\" rel=\"noreferrer noopener\">conducci\u00f3n en invierno<\/a><\/strong>. Atento y toma nota. \u00a1Comenzamos!<br><br>Sistemas de seguridad&nbsp;para la conducci\u00f3n en invierno<br><br>Si est\u00e1s pensando efectuar un viaje en estos meses de fr\u00edo, sigue nuestras pautas para llegar a tu destino con <a href=\"https:\/\/www.subaru.es\/seguridad\" target=\"_blank\" rel=\"noreferrer noopener\">seguridad<\/a>. Porque para <strong>Subaru<\/strong>&nbsp;lo m\u00e1s importante es tu seguridad y la de los tuyos,&nbsp;tenemos el objetivo de reducir los accidentes a cero para el 2030.<\/p>\n\n\n\n<div class=\"wp-block-image\"><figure class=\"aligncenter size-medium\"><img decoding=\"async\" width=\"560\" height=\"366\" data-src=\"https:\/\/www.subaru.es\/blog\/wp-content\/uploads\/2021\/02\/PER_3544_LoRes_RGB-560x366.jpg\" alt=\"Subaru Forester ecoHybrid en nieve \" class=\"wp-image-22849 lazyload\" data-srcset=\"https:\/\/www.subaru.es\/blog\/wp-content\/uploads\/2021\/02\/PER_3544_LoRes_RGB-560x366.jpg 560w, https:\/\/www.subaru.es\/blog\/wp-content\/uploads\/2021\/02\/PER_3544_LoRes_RGB-1440x941.jpg 1440w, https:\/\/www.subaru.es\/blog\/wp-content\/uploads\/2021\/02\/PER_3544_LoRes_RGB-768x502.jpg 768w, https:\/\/www.subaru.es\/blog\/wp-content\/uploads\/2021\/02\/PER_3544_LoRes_RGB-1536x1003.jpg 1536w, https:\/\/www.subaru.es\/blog\/wp-content\/uploads\/2021\/02\/PER_3544_LoRes_RGB.jpg 2022w\" data-sizes=\"(max-width: 560px) 100vw, 560px\" src=\"data:image\/svg+xml;base64,PHN2ZyB3aWR0aD0iMSIgaGVpZ2h0PSIxIiB4bWxucz0iaHR0cDovL3d3dy53My5vcmcvMjAwMC9zdmciPjwvc3ZnPg==\" style=\"--smush-placeholder-width: 560px; --smush-placeholder-aspect-ratio: 560\/366;\" \/><\/figure><\/div>\n\n\n\n<p><br>Gracias a esa iniciativa&nbsp;incorporamos de serie en toda nuestra gama la legendaria <a href=\"https:\/\/www.youtube.com\/watch?v=5ohVHFqhYBY\" target=\"_blank\" rel=\"noreferrer noopener\">Tracci\u00f3n Total Sim\u00e9trica de Subaru (S-AWD)<\/a>. Este sistema de tracci\u00f3n a&nbsp;las cuatro ruedas es una garant\u00eda de equilibrio, simetr\u00eda y, sobre todo, de <a href=\"https:\/\/www.youtube.com\/watch?v=PLzZSRQemwo\" target=\"_blank\" rel=\"noreferrer noopener\">seguridad.<\/a><br><br>La <strong>adaptaci\u00f3n r\u00e1pida a la lluvia<\/strong> es el primer paso, y el m\u00e1s importante, para tener un viaje lo m\u00e1s seguro posible. La adherencia ante las inclemencias del tiempo debe ser tu prioridad, para que no se pueda producir el temido <em>aquaplaning<\/em>. Por eso es importante que ajustes&nbsp;la velocidad a las condiciones atmosf\u00e9ricas.&nbsp;\u00a1Piensa que&nbsp;las distancias de frenada ser\u00e1n m\u00e1s largas!&nbsp;<\/p>\n\n\n\n<div class=\"wp-block-image\"><figure class=\"aligncenter size-medium\"><img decoding=\"async\" width=\"560\" height=\"373\" data-src=\"https:\/\/www.subaru.es\/blog\/wp-content\/uploads\/2021\/02\/PER_3563_LoRes_RGB-560x373.jpg\" alt=\"Invierno Subaru Forester\" class=\"wp-image-22847 lazyload\" data-srcset=\"https:\/\/www.subaru.es\/blog\/wp-content\/uploads\/2021\/02\/PER_3563_LoRes_RGB-560x373.jpg 560w, https:\/\/www.subaru.es\/blog\/wp-content\/uploads\/2021\/02\/PER_3563_LoRes_RGB-1440x960.jpg 1440w, https:\/\/www.subaru.es\/blog\/wp-content\/uploads\/2021\/02\/PER_3563_LoRes_RGB-768x512.jpg 768w, https:\/\/www.subaru.es\/blog\/wp-content\/uploads\/2021\/02\/PER_3563_LoRes_RGB-1536x1024.jpg 1536w, https:\/\/www.subaru.es\/blog\/wp-content\/uploads\/2021\/02\/PER_3563_LoRes_RGB.jpg 1981w\" data-sizes=\"(max-width: 560px) 100vw, 560px\" src=\"data:image\/svg+xml;base64,PHN2ZyB3aWR0aD0iMSIgaGVpZ2h0PSIxIiB4bWxucz0iaHR0cDovL3d3dy53My5vcmcvMjAwMC9zdmciPjwvc3ZnPg==\" style=\"--smush-placeholder-width: 560px; --smush-placeholder-aspect-ratio: 560\/373;\" \/><\/figure><\/div>\n\n\n\n<p>\u00bfC\u00f3mo mantener a raya la nieve con tu Subaru?<br><br>La nieve puede presentar problemas similares a los del agua, pero&nbsp;como en el caso de la lluvia, <strong>en Subaru tenemos la soluci\u00f3n<\/strong>. Lo primero es&nbsp;la seguridad, ya que en una carretera helada&nbsp;la adherencia puede ser a\u00fan menor.  Para facilitarte las maniobras en estos casos, el sistema de Tracci\u00f3n Total Sim\u00e9trica de nuestros <strong><a href=\"https:\/\/www.subaru.es\/\" target=\"_blank\" rel=\"noreferrer noopener\">veh\u00edculos Subaru<\/a><\/strong>&nbsp;estar\u00e1&nbsp;activo de manera permanente para garantizar&nbsp;un equilibrio perfecto cuando circules por zonas nevadas. En estos casos, es tambi\u00e9n muy recomendable a\u00f1adir un plus de seguridad con neum\u00e1ticos espec\u00edficos de invierno.<br><br>Por otra parte, uno de los enemigos m\u00e1s temidos durante la <strong>conducci\u00f3n en invierno<\/strong> es la niebla. La escasa visibilidad provoca que los movimientos se tengan que hacer con mucha cautela;&nbsp;debes tener cuidado y conducir de una forma muy prudente, aminorando lo m\u00e1ximo posible la velocidad y utilizando las luces antiniebla.<\/p>\n\n\n\n<div class=\"wp-block-image\"><figure class=\"aligncenter size-medium\"><img decoding=\"async\" width=\"560\" height=\"373\" data-src=\"https:\/\/www.subaru.es\/blog\/wp-content\/uploads\/2021\/02\/lifestyle-forester-Modelo-1-560x373.jpg\" alt=\"Conducci\u00f3n en Invierno Forester ecoHybrid\" class=\"wp-image-22845 lazyload\" data-srcset=\"https:\/\/www.subaru.es\/blog\/wp-content\/uploads\/2021\/02\/lifestyle-forester-Modelo-1-560x373.jpg 560w, https:\/\/www.subaru.es\/blog\/wp-content\/uploads\/2021\/02\/lifestyle-forester-Modelo-1-1440x960.jpg 1440w, https:\/\/www.subaru.es\/blog\/wp-content\/uploads\/2021\/02\/lifestyle-forester-Modelo-1-768x512.jpg 768w, https:\/\/www.subaru.es\/blog\/wp-content\/uploads\/2021\/02\/lifestyle-forester-Modelo-1-1536x1024.jpg 1536w, https:\/\/www.subaru.es\/blog\/wp-content\/uploads\/2021\/02\/lifestyle-forester-Modelo-1.jpg 1981w\" data-sizes=\"(max-width: 560px) 100vw, 560px\" src=\"data:image\/svg+xml;base64,PHN2ZyB3aWR0aD0iMSIgaGVpZ2h0PSIxIiB4bWxucz0iaHR0cDovL3d3dy53My5vcmcvMjAwMC9zdmciPjwvc3ZnPg==\" style=\"--smush-placeholder-width: 560px; --smush-placeholder-aspect-ratio: 560\/373;\" \/><\/figure><\/div>\n\n\n\n<p><br>Para poder reaccionar ante cualquier imprevisto y contar con un tiempo de reacci\u00f3n m\u00e1s amplio, la gama <strong>Subaru<\/strong> incorpora el <a href=\"https:\/\/www.youtube.com\/watch?v=PLzZSRQemwo\" target=\"_blank\" rel=\"noreferrer noopener\">sistema de seguridad EyeSight. <\/a>Las funcionalidades que ofrece este sistema te ayudar\u00e1n a evitar accidentes en la carretera.<\/p>\n\n\n\n<p>Por una conducci\u00f3n segura y responsable<br><br>Estos consejos, junto a otros b\u00e1sicos como no llevar ropa que te limite los movimientos o comprobar la presi\u00f3n de los neum\u00e1ticos, te facilitar\u00e1n la <strong>conducci\u00f3n en invierno<\/strong>. En <strong>Subaru<\/strong> somos muy conscientes de la importancia de la seguridad y, por ello, nuestra gama equipa la m\u00e1xima seguridad de serie. Si est\u00e1s interesado en saber m\u00e1s sobre nuestros modelos, \u00a1te invitamos a pasar y a que eches un vistazo!&nbsp;<br><\/p>\n","protected":false},"excerpt":{"rendered":"<p>En invierno&nbsp;las precauciones en carretera se tienen que extremar para evitar sustos. La lluvia, el fr\u00edo y las carreteras pueden hacen m\u00e1s complejo cualquier tipo de viaje, pero&nbsp;te vamos a dar unos consejos para la conducci\u00f3n en invierno. Atento y toma nota. \u00a1Comenzamos! Sistemas de seguridad&nbsp;para la conducci\u00f3n en invierno Si est\u00e1s pensando efectuar un [&hellip;]<\/p>\n","protected":false},"author":21,"featured_media":22853,"comment_status":"open","ping_status":"closed","sticky":false,"template":"","format":"standard","meta":{"_acf_changed":false,"_eb_attr":"","inline_featured_image":false,"footnotes":""},"categories":[4401],"tags":[4405,5106,5165,5166,4939,5047,5137,5129,5136,4575,4950,4540,5094,5083,5120,4219,4464,3300],"class_list":["post-22839","post","type-post","status-publish","format-standard","has-post-thumbnail","hentry","category-nuestra-marca","tag-all-around-safety","tag-coches-eco","tag-conduccion-invierno","tag-conduccion-nieve","tag-eco","tag-eco-hybrid-2","tag-forester-ecohybrid","tag-gama-subaru-ecohybrid","tag-s-awd","tag-seguridad-subaru","tag-sistema-eyesight","tag-sistema-xmode","tag-subaru-forester-ecohybrid","tag-subaru-xv-ecohybrid","tag-tarjeta-eco","tag-tecnologia-subaru","tag-traccion-total-simetrica","tag-vehiculos-ecologicos"],"acf":[],"yoast_head":"<!-- This site is optimized with the Yoast SEO plugin v27.3 - https:\/\/yoast.com\/product\/yoast-seo-wordpress\/ -->\n<title>Adapta tu forma de conducir al invierno - Universo Subaru<\/title>\n<meta name=\"description\" content=\"Conducci\u00f3n en invierno: sigue estos consejos que te facilitamos desde Subaru, y podr\u00e1s viajar con todas las garant\u00edas de seguridad y sin ning\u00fan riesgo\" \/>\n<meta name=\"robots\" content=\"index, follow, max-snippet:-1, max-image-preview:large, max-video-preview:-1\" \/>\n<link rel=\"canonical\" href=\"https:\/\/www.subaru.es\/blog\/nuestra-marca\/adapta-tu-forma-de-conducir-al-invierno\/\" \/>\n<meta property=\"og:locale\" content=\"es_ES\" \/>\n<meta property=\"og:type\" content=\"article\" \/>\n<meta property=\"og:title\" content=\"Adapta tu forma de conducir al invierno - Universo Subaru\" \/>\n<meta property=\"og:description\" content=\"Conducci\u00f3n en invierno: sigue estos consejos que te facilitamos desde Subaru, y podr\u00e1s viajar con todas las garant\u00edas de seguridad y sin ning\u00fan riesgo\" \/>\n<meta property=\"og:url\" content=\"https:\/\/www.subaru.es\/blog\/nuestra-marca\/adapta-tu-forma-de-conducir-al-invierno\/\" \/>\n<meta property=\"og:site_name\" content=\"Universo Subaru\" \/>\n<meta property=\"article:publisher\" content=\"https:\/\/www.facebook.com\/subaruespana\" \/>\n<meta property=\"article:published_time\" content=\"2021-02-24T10:07:00+00:00\" \/>\n<meta property=\"article:modified_time\" content=\"2021-02-24T11:06:16+00:00\" \/>\n<meta property=\"og:image\" content=\"https:\/\/www.subaru.es\/blog\/wp-content\/uploads\/2021\/02\/foto-blog-1440x644.png\" \/>\n\t<meta property=\"og:image:width\" content=\"1440\" \/>\n\t<meta property=\"og:image:height\" content=\"644\" \/>\n\t<meta property=\"og:image:type\" content=\"image\/png\" \/>\n<meta name=\"author\" content=\"Subaru\" \/>\n<meta name=\"twitter:card\" content=\"summary_large_image\" \/>\n<meta name=\"twitter:label1\" content=\"Escrito por\" \/>\n\t<meta name=\"twitter:data1\" content=\"Subaru\" \/>\n\t<meta name=\"twitter:label2\" content=\"Tiempo de lectura\" \/>\n\t<meta name=\"twitter:data2\" content=\"3 minutos\" \/>\n<script type=\"application\/ld+json\" class=\"yoast-schema-graph\">{\"@context\":\"https:\\\/\\\/schema.org\",\"@graph\":[{\"@type\":\"Article\",\"@id\":\"https:\\\/\\\/www.subaru.es\\\/blog\\\/nuestra-marca\\\/adapta-tu-forma-de-conducir-al-invierno\\\/#article\",\"isPartOf\":{\"@id\":\"https:\\\/\\\/www.subaru.es\\\/blog\\\/nuestra-marca\\\/adapta-tu-forma-de-conducir-al-invierno\\\/\"},\"author\":{\"name\":\"Subaru\",\"@id\":\"https:\\\/\\\/www.subaru.es\\\/blog\\\/#\\\/schema\\\/person\\\/19a90b892230b8e0ec752704ddf4aa10\"},\"headline\":\"Adapta tu forma de conducir al invierno\",\"datePublished\":\"2021-02-24T10:07:00+00:00\",\"dateModified\":\"2021-02-24T11:06:16+00:00\",\"mainEntityOfPage\":{\"@id\":\"https:\\\/\\\/www.subaru.es\\\/blog\\\/nuestra-marca\\\/adapta-tu-forma-de-conducir-al-invierno\\\/\"},\"wordCount\":533,\"commentCount\":0,\"publisher\":{\"@id\":\"https:\\\/\\\/www.subaru.es\\\/blog\\\/#organization\"},\"image\":{\"@id\":\"https:\\\/\\\/www.subaru.es\\\/blog\\\/nuestra-marca\\\/adapta-tu-forma-de-conducir-al-invierno\\\/#primaryimage\"},\"thumbnailUrl\":\"https:\\\/\\\/www.subaru.es\\\/blog\\\/wp-content\\\/uploads\\\/2021\\\/02\\\/foto-blog.png\",\"keywords\":[\"all around safety\",\"coches eco\",\"conducci\u00f3n invierno\",\"conducci\u00f3n nieve\",\"eco\",\"Eco Hybrid\",\"Forester ecoHYBRID\",\"Gama Subaru ecoHYBRID\",\"S-AWD\",\"Seguridad Subaru\",\"Sistema EyeSight\",\"sistema xmode\",\"Subaru Forester ecoHYBRID\",\"Subaru XV ecoHYBRID\",\"Tarjeta eco\",\"Tecnolog\u00eda Subaru\",\"Traccion Total Simetrica\",\"veh\u00edculos ecol\u00f3gicos\"],\"articleSection\":[\"Nuestra marca\"],\"inLanguage\":\"es\",\"potentialAction\":[{\"@type\":\"CommentAction\",\"name\":\"Comment\",\"target\":[\"https:\\\/\\\/www.subaru.es\\\/blog\\\/nuestra-marca\\\/adapta-tu-forma-de-conducir-al-invierno\\\/#respond\"]}]},{\"@type\":\"WebPage\",\"@id\":\"https:\\\/\\\/www.subaru.es\\\/blog\\\/nuestra-marca\\\/adapta-tu-forma-de-conducir-al-invierno\\\/\",\"url\":\"https:\\\/\\\/www.subaru.es\\\/blog\\\/nuestra-marca\\\/adapta-tu-forma-de-conducir-al-invierno\\\/\",\"name\":\"Adapta tu forma de conducir al invierno - Universo Subaru\",\"isPartOf\":{\"@id\":\"https:\\\/\\\/www.subaru.es\\\/blog\\\/#website\"},\"primaryImageOfPage\":{\"@id\":\"https:\\\/\\\/www.subaru.es\\\/blog\\\/nuestra-marca\\\/adapta-tu-forma-de-conducir-al-invierno\\\/#primaryimage\"},\"image\":{\"@id\":\"https:\\\/\\\/www.subaru.es\\\/blog\\\/nuestra-marca\\\/adapta-tu-forma-de-conducir-al-invierno\\\/#primaryimage\"},\"thumbnailUrl\":\"https:\\\/\\\/www.subaru.es\\\/blog\\\/wp-content\\\/uploads\\\/2021\\\/02\\\/foto-blog.png\",\"datePublished\":\"2021-02-24T10:07:00+00:00\",\"dateModified\":\"2021-02-24T11:06:16+00:00\",\"description\":\"Conducci\u00f3n en invierno: sigue estos consejos que te facilitamos desde Subaru, y podr\u00e1s viajar con todas las garant\u00edas de seguridad y sin ning\u00fan riesgo\",\"breadcrumb\":{\"@id\":\"https:\\\/\\\/www.subaru.es\\\/blog\\\/nuestra-marca\\\/adapta-tu-forma-de-conducir-al-invierno\\\/#breadcrumb\"},\"inLanguage\":\"es\",\"potentialAction\":[{\"@type\":\"ReadAction\",\"target\":[\"https:\\\/\\\/www.subaru.es\\\/blog\\\/nuestra-marca\\\/adapta-tu-forma-de-conducir-al-invierno\\\/\"]}]},{\"@type\":\"ImageObject\",\"inLanguage\":\"es\",\"@id\":\"https:\\\/\\\/www.subaru.es\\\/blog\\\/nuestra-marca\\\/adapta-tu-forma-de-conducir-al-invierno\\\/#primaryimage\",\"url\":\"https:\\\/\\\/www.subaru.es\\\/blog\\\/wp-content\\\/uploads\\\/2021\\\/02\\\/foto-blog.png\",\"contentUrl\":\"https:\\\/\\\/www.subaru.es\\\/blog\\\/wp-content\\\/uploads\\\/2021\\\/02\\\/foto-blog.png\",\"width\":1946,\"height\":870,\"caption\":\"Conducci\u00f3n en Invierno Forester ecoHybrid\"},{\"@type\":\"BreadcrumbList\",\"@id\":\"https:\\\/\\\/www.subaru.es\\\/blog\\\/nuestra-marca\\\/adapta-tu-forma-de-conducir-al-invierno\\\/#breadcrumb\",\"itemListElement\":[{\"@type\":\"ListItem\",\"position\":1,\"name\":\"Portada\",\"item\":\"https:\\\/\\\/www.subaru.es\\\/blog\\\/\"},{\"@type\":\"ListItem\",\"position\":2,\"name\":\"Adapta tu forma de conducir al invierno\"}]},{\"@type\":\"WebSite\",\"@id\":\"https:\\\/\\\/www.subaru.es\\\/blog\\\/#website\",\"url\":\"https:\\\/\\\/www.subaru.es\\\/blog\\\/\",\"name\":\"Universo Subaru\",\"description\":\"Descubre este apasionante espacio de Subaru donde vas a conocer todo sobre nuestros coches y las experiencias que vivimos con ellos. Si est\u00e1s preparado para dejarte seducir por la filosof\u00eda Subaru, qu\u00e9date con nosotros.\",\"publisher\":{\"@id\":\"https:\\\/\\\/www.subaru.es\\\/blog\\\/#organization\"},\"potentialAction\":[{\"@type\":\"SearchAction\",\"target\":{\"@type\":\"EntryPoint\",\"urlTemplate\":\"https:\\\/\\\/www.subaru.es\\\/blog\\\/?s={search_term_string}\"},\"query-input\":{\"@type\":\"PropertyValueSpecification\",\"valueRequired\":true,\"valueName\":\"search_term_string\"}}],\"inLanguage\":\"es\"},{\"@type\":\"Organization\",\"@id\":\"https:\\\/\\\/www.subaru.es\\\/blog\\\/#organization\",\"name\":\"Subaru Espa\u00f1a S.A.\",\"url\":\"https:\\\/\\\/www.subaru.es\\\/blog\\\/\",\"logo\":{\"@type\":\"ImageObject\",\"inLanguage\":\"es\",\"@id\":\"https:\\\/\\\/www.subaru.es\\\/blog\\\/#\\\/schema\\\/logo\\\/image\\\/\",\"url\":\"https:\\\/\\\/www.subaru.es\\\/blog\\\/wp-content\\\/uploads\\\/2016\\\/12\\\/Logo-Subaru-TypeV_C300-scaled.jpg\",\"contentUrl\":\"https:\\\/\\\/www.subaru.es\\\/blog\\\/wp-content\\\/uploads\\\/2016\\\/12\\\/Logo-Subaru-TypeV_C300-scaled.jpg\",\"width\":2560,\"height\":1864,\"caption\":\"Subaru Espa\u00f1a S.A.\"},\"image\":{\"@id\":\"https:\\\/\\\/www.subaru.es\\\/blog\\\/#\\\/schema\\\/logo\\\/image\\\/\"},\"sameAs\":[\"https:\\\/\\\/www.facebook.com\\\/subaruespana\",\"https:\\\/\\\/www.instagram.com\\\/subarues\\\/\",\"https:\\\/\\\/www.youtube.com\\\/user\\\/subaruespana\"]},{\"@type\":\"Person\",\"@id\":\"https:\\\/\\\/www.subaru.es\\\/blog\\\/#\\\/schema\\\/person\\\/19a90b892230b8e0ec752704ddf4aa10\",\"name\":\"Subaru\",\"url\":\"https:\\\/\\\/www.subaru.es\\\/blog\\\/author\\\/subaria\\\/\"}]}<\/script>\n<!-- \/ Yoast SEO plugin. -->","yoast_head_json":{"title":"Adapta tu forma de conducir al invierno - Universo Subaru","description":"Conducci\u00f3n en invierno: sigue estos consejos que te facilitamos desde Subaru, y podr\u00e1s viajar con todas las garant\u00edas de seguridad y sin ning\u00fan riesgo","robots":{"index":"index","follow":"follow","max-snippet":"max-snippet:-1","max-image-preview":"max-image-preview:large","max-video-preview":"max-video-preview:-1"},"canonical":"https:\/\/www.subaru.es\/blog\/nuestra-marca\/adapta-tu-forma-de-conducir-al-invierno\/","og_locale":"es_ES","og_type":"article","og_title":"Adapta tu forma de conducir al invierno - Universo Subaru","og_description":"Conducci\u00f3n en invierno: sigue estos consejos que te facilitamos desde Subaru, y podr\u00e1s viajar con todas las garant\u00edas de seguridad y sin ning\u00fan riesgo","og_url":"https:\/\/www.subaru.es\/blog\/nuestra-marca\/adapta-tu-forma-de-conducir-al-invierno\/","og_site_name":"Universo Subaru","article_publisher":"https:\/\/www.facebook.com\/subaruespana","article_published_time":"2021-02-24T10:07:00+00:00","article_modified_time":"2021-02-24T11:06:16+00:00","og_image":[{"width":1440,"height":644,"url":"https:\/\/www.subaru.es\/blog\/wp-content\/uploads\/2021\/02\/foto-blog-1440x644.png","type":"image\/png"}],"author":"Subaru","twitter_card":"summary_large_image","twitter_misc":{"Escrito por":"Subaru","Tiempo de lectura":"3 minutos"},"schema":{"@context":"https:\/\/schema.org","@graph":[{"@type":"Article","@id":"https:\/\/www.subaru.es\/blog\/nuestra-marca\/adapta-tu-forma-de-conducir-al-invierno\/#article","isPartOf":{"@id":"https:\/\/www.subaru.es\/blog\/nuestra-marca\/adapta-tu-forma-de-conducir-al-invierno\/"},"author":{"name":"Subaru","@id":"https:\/\/www.subaru.es\/blog\/#\/schema\/person\/19a90b892230b8e0ec752704ddf4aa10"},"headline":"Adapta tu forma de conducir al invierno","datePublished":"2021-02-24T10:07:00+00:00","dateModified":"2021-02-24T11:06:16+00:00","mainEntityOfPage":{"@id":"https:\/\/www.subaru.es\/blog\/nuestra-marca\/adapta-tu-forma-de-conducir-al-invierno\/"},"wordCount":533,"commentCount":0,"publisher":{"@id":"https:\/\/www.subaru.es\/blog\/#organization"},"image":{"@id":"https:\/\/www.subaru.es\/blog\/nuestra-marca\/adapta-tu-forma-de-conducir-al-invierno\/#primaryimage"},"thumbnailUrl":"https:\/\/www.subaru.es\/blog\/wp-content\/uploads\/2021\/02\/foto-blog.png","keywords":["all around safety","coches eco","conducci\u00f3n invierno","conducci\u00f3n nieve","eco","Eco Hybrid","Forester ecoHYBRID","Gama Subaru ecoHYBRID","S-AWD","Seguridad Subaru","Sistema EyeSight","sistema xmode","Subaru Forester ecoHYBRID","Subaru XV ecoHYBRID","Tarjeta eco","Tecnolog\u00eda Subaru","Traccion Total Simetrica","veh\u00edculos ecol\u00f3gicos"],"articleSection":["Nuestra marca"],"inLanguage":"es","potentialAction":[{"@type":"CommentAction","name":"Comment","target":["https:\/\/www.subaru.es\/blog\/nuestra-marca\/adapta-tu-forma-de-conducir-al-invierno\/#respond"]}]},{"@type":"WebPage","@id":"https:\/\/www.subaru.es\/blog\/nuestra-marca\/adapta-tu-forma-de-conducir-al-invierno\/","url":"https:\/\/www.subaru.es\/blog\/nuestra-marca\/adapta-tu-forma-de-conducir-al-invierno\/","name":"Adapta tu forma de conducir al invierno - Universo Subaru","isPartOf":{"@id":"https:\/\/www.subaru.es\/blog\/#website"},"primaryImageOfPage":{"@id":"https:\/\/www.subaru.es\/blog\/nuestra-marca\/adapta-tu-forma-de-conducir-al-invierno\/#primaryimage"},"image":{"@id":"https:\/\/www.subaru.es\/blog\/nuestra-marca\/adapta-tu-forma-de-conducir-al-invierno\/#primaryimage"},"thumbnailUrl":"https:\/\/www.subaru.es\/blog\/wp-content\/uploads\/2021\/02\/foto-blog.png","datePublished":"2021-02-24T10:07:00+00:00","dateModified":"2021-02-24T11:06:16+00:00","description":"Conducci\u00f3n en invierno: sigue estos consejos que te facilitamos desde Subaru, y podr\u00e1s viajar con todas las garant\u00edas de seguridad y sin ning\u00fan riesgo","breadcrumb":{"@id":"https:\/\/www.subaru.es\/blog\/nuestra-marca\/adapta-tu-forma-de-conducir-al-invierno\/#breadcrumb"},"inLanguage":"es","potentialAction":[{"@type":"ReadAction","target":["https:\/\/www.subaru.es\/blog\/nuestra-marca\/adapta-tu-forma-de-conducir-al-invierno\/"]}]},{"@type":"ImageObject","inLanguage":"es","@id":"https:\/\/www.subaru.es\/blog\/nuestra-marca\/adapta-tu-forma-de-conducir-al-invierno\/#primaryimage","url":"https:\/\/www.subaru.es\/blog\/wp-content\/uploads\/2021\/02\/foto-blog.png","contentUrl":"https:\/\/www.subaru.es\/blog\/wp-content\/uploads\/2021\/02\/foto-blog.png","width":1946,"height":870,"caption":"Conducci\u00f3n en Invierno Forester ecoHybrid"},{"@type":"BreadcrumbList","@id":"https:\/\/www.subaru.es\/blog\/nuestra-marca\/adapta-tu-forma-de-conducir-al-invierno\/#breadcrumb","itemListElement":[{"@type":"ListItem","position":1,"name":"Portada","item":"https:\/\/www.subaru.es\/blog\/"},{"@type":"ListItem","position":2,"name":"Adapta tu forma de conducir al invierno"}]},{"@type":"WebSite","@id":"https:\/\/www.subaru.es\/blog\/#website","url":"https:\/\/www.subaru.es\/blog\/","name":"Universo Subaru","description":"Descubre este apasionante espacio de Subaru donde vas a conocer todo sobre nuestros coches y las experiencias que vivimos con ellos. Si est\u00e1s preparado para dejarte seducir por la filosof\u00eda Subaru, qu\u00e9date con nosotros.","publisher":{"@id":"https:\/\/www.subaru.es\/blog\/#organization"},"potentialAction":[{"@type":"SearchAction","target":{"@type":"EntryPoint","urlTemplate":"https:\/\/www.subaru.es\/blog\/?s={search_term_string}"},"query-input":{"@type":"PropertyValueSpecification","valueRequired":true,"valueName":"search_term_string"}}],"inLanguage":"es"},{"@type":"Organization","@id":"https:\/\/www.subaru.es\/blog\/#organization","name":"Subaru Espa\u00f1a S.A.","url":"https:\/\/www.subaru.es\/blog\/","logo":{"@type":"ImageObject","inLanguage":"es","@id":"https:\/\/www.subaru.es\/blog\/#\/schema\/logo\/image\/","url":"https:\/\/www.subaru.es\/blog\/wp-content\/uploads\/2016\/12\/Logo-Subaru-TypeV_C300-scaled.jpg","contentUrl":"https:\/\/www.subaru.es\/blog\/wp-content\/uploads\/2016\/12\/Logo-Subaru-TypeV_C300-scaled.jpg","width":2560,"height":1864,"caption":"Subaru Espa\u00f1a S.A."},"image":{"@id":"https:\/\/www.subaru.es\/blog\/#\/schema\/logo\/image\/"},"sameAs":["https:\/\/www.facebook.com\/subaruespana","https:\/\/www.instagram.com\/subarues\/","https:\/\/www.youtube.com\/user\/subaruespana"]},{"@type":"Person","@id":"https:\/\/www.subaru.es\/blog\/#\/schema\/person\/19a90b892230b8e0ec752704ddf4aa10","name":"Subaru","url":"https:\/\/www.subaru.es\/blog\/author\/subaria\/"}]}},"_links":{"self":[{"href":"https:\/\/www.subaru.es\/blog\/wp-json\/wp\/v2\/posts\/22839","targetHints":{"allow":["GET"]}}],"collection":[{"href":"https:\/\/www.subaru.es\/blog\/wp-json\/wp\/v2\/posts"}],"about":[{"href":"https:\/\/www.subaru.es\/blog\/wp-json\/wp\/v2\/types\/post"}],"author":[{"embeddable":true,"href":"https:\/\/www.subaru.es\/blog\/wp-json\/wp\/v2\/users\/21"}],"replies":[{"embeddable":true,"href":"https:\/\/www.subaru.es\/blog\/wp-json\/wp\/v2\/comments?post=22839"}],"version-history":[{"count":7,"href":"https:\/\/www.subaru.es\/blog\/wp-json\/wp\/v2\/posts\/22839\/revisions"}],"predecessor-version":[{"id":22859,"href":"https:\/\/www.subaru.es\/blog\/wp-json\/wp\/v2\/posts\/22839\/revisions\/22859"}],"wp:featuredmedia":[{"embeddable":true,"href":"https:\/\/www.subaru.es\/blog\/wp-json\/wp\/v2\/media\/22853"}],"wp:attachment":[{"href":"https:\/\/www.subaru.es\/blog\/wp-json\/wp\/v2\/media?parent=22839"}],"wp:term":[{"taxonomy":"category","embeddable":true,"href":"https:\/\/www.subaru.es\/blog\/wp-json\/wp\/v2\/categories?post=22839"},{"taxonomy":"post_tag","embeddable":true,"href":"https:\/\/www.subaru.es\/blog\/wp-json\/wp\/v2\/tags?post=22839"}],"curies":[{"name":"wp","href":"https:\/\/api.w.org\/{rel}","templated":true}]}}