{"id":22609,"date":"2020-11-11T14:50:00","date_gmt":"2020-11-11T12:50:00","guid":{"rendered":"https:\/\/www.subaru.es\/blog\/?p=22609"},"modified":"2020-11-11T12:30:52","modified_gmt":"2020-11-11T10:30:52","slug":"conducir-gama-eco-pequenos-gestos","status":"publish","type":"post","link":"https:\/\/www.subaru.es\/blog\/nuestra-marca\/conducir-gama-eco-pequenos-gestos\/","title":{"rendered":"Conducir un modelo de la gama ECO, el peque\u00f1o gesto de Garazi S\u00e1nchez que ayuda a cuidar de nuestro planeta"},"content":{"rendered":"\n<p class=\"has-text-align-justify\">De un tiempo a esta parte no cesamos de escuchar noticias sobre el cambio de nuestro planeta y la necesidad de realizar nuevas conductas que fomenten su cuidado y mejora.&nbsp;<\/p>\n\n\n\n<p class=\"has-text-align-justify\">En Subaru nos sentimos profundamente concienciados con el cambio y por eso hemos <strong>apostado por un estilo de vida m\u00e1s sostenible<\/strong> gracias a los nuevos modelos de la&nbsp;gama ECO:<strong> la <\/strong><a href=\"https:\/\/www.subaru.es\/gamaeco-glp\"><strong>gama GLP<\/strong><\/a><strong> y la <\/strong><a href=\"https:\/\/www.subaru.es\/gamaeco-hibridos\"><strong>gama ecoHYBRID<\/strong><\/a><strong>.<\/strong><\/p>\n\n\n\n<figure class=\"wp-block-embed-youtube aligncenter wp-block-embed is-type-video is-provider-youtube wp-embed-aspect-16-9 wp-has-aspect-ratio\"><div class=\"wp-block-embed__wrapper\">\n<iframe title=\"Subaru |  Garazi S\u00e1nchez, peque\u00f1os gestos que cambian el mundo\" width=\"800\" height=\"450\" data-src=\"https:\/\/www.youtube.com\/embed\/cOBK3wRVzH0?feature=oembed\" frameborder=\"0\" allow=\"accelerometer; autoplay; clipboard-write; encrypted-media; gyroscope; picture-in-picture; web-share\" referrerpolicy=\"strict-origin-when-cross-origin\" allowfullscreen src=\"data:image\/svg+xml;base64,PHN2ZyB3aWR0aD0iMSIgaGVpZ2h0PSIxIiB4bWxucz0iaHR0cDovL3d3dy53My5vcmcvMjAwMC9zdmciPjwvc3ZnPg==\" class=\"lazyload\" data-load-mode=\"1\"><\/iframe>\n<\/div><\/figure>\n\n\n\n<p class=\"has-text-align-justify\">Pero el cambio no est\u00e1 solo en las grandes acciones. Reside en los <a href=\"https:\/\/www.subaru.es\/blog\/nuestra-marca\/gama-eco-pequenos-gestos-andy-criere\/\"><strong>Peque\u00f1os Gestos<\/strong><\/a>: son esos peque\u00f1os cambios en nuestro d\u00eda a d\u00eda los que ayudan a mejorar nuestro mundo: como reciclar los residuos, apagar la luz si no la necesitamos o desenchufar los cargadores,&nbsp; de esta forma el planeta ser\u00e1 el gran beneficiado.<\/p>\n\n\n\n<p class=\"has-text-align-justify\">Diferentes investigaciones sobre el cambio clim\u00e1tico como la realizada por la Universidad de Michigan (EE UU), confirman que las actuaciones individuales continuas en el largo plazo son de m\u00e1s ayuda para el medio ambiente. Es decir, es mejor realizar una compra de un veh\u00edculo h\u00edbrido que reducir el n\u00famero de kil\u00f3metros que hacemos en nuestros desplazamientos.<\/p>\n\n\n\n<figure class=\"wp-block-image size-large\"><img decoding=\"async\" width=\"1440\" height=\"960\" data-src=\"https:\/\/www.subaru.es\/blog\/wp-content\/uploads\/2020\/11\/Garazi-Outback-maletero-1440x960.jpg\" alt=\"Un modelo de la Gama ECO con amplio maletero.\" class=\"wp-image-22610 lazyload\" data-srcset=\"https:\/\/www.subaru.es\/blog\/wp-content\/uploads\/2020\/11\/Garazi-Outback-maletero-1440x960.jpg 1440w, https:\/\/www.subaru.es\/blog\/wp-content\/uploads\/2020\/11\/Garazi-Outback-maletero-560x373.jpg 560w, https:\/\/www.subaru.es\/blog\/wp-content\/uploads\/2020\/11\/Garazi-Outback-maletero-768x512.jpg 768w, https:\/\/www.subaru.es\/blog\/wp-content\/uploads\/2020\/11\/Garazi-Outback-maletero-1536x1024.jpg 1536w, https:\/\/www.subaru.es\/blog\/wp-content\/uploads\/2020\/11\/Garazi-Outback-maletero.jpg 2048w\" data-sizes=\"(max-width: 1440px) 100vw, 1440px\" src=\"data:image\/svg+xml;base64,PHN2ZyB3aWR0aD0iMSIgaGVpZ2h0PSIxIiB4bWxucz0iaHR0cDovL3d3dy53My5vcmcvMjAwMC9zdmciPjwvc3ZnPg==\" style=\"--smush-placeholder-width: 1440px; --smush-placeholder-aspect-ratio: 1440\/960;\" \/><\/figure>\n\n\n\n<h2 class=\"wp-block-heading\"><strong>Garazi S\u00e1nchez y nuestra gama ECO<\/strong><\/h2>\n\n\n\n<p><\/p>\n\n\n\n<p class=\"has-text-align-justify\">Al igual que <a href=\"https:\/\/www.subaru.es\/blog\/author\/andy-criere\/\">Andy Criere<\/a>, la surfista Garazi S\u00e1nchez se ha sumado a nuestra&nbsp; propuesta para cambiar nuestro estilo de vida. <a href=\"https:\/\/www.subaru.es\/blog\/subaru-lifestyle\/garazi-sanchez-se-une-a-nuestra-familia\/\">Garazi S\u00e1nchez<\/a> es una de las mejores surfistas nacionales y una persona profundamente comprometida con la conservaci\u00f3n de playas y oc\u00e9anos. Para ella, su segunda casa es el mar, uno de los ecosistemas que m\u00e1s sufre actualmente el vertido de residuos contaminantes.<\/p>\n\n\n\n<p class=\"has-text-align-justify\">\u201cCuanto m\u00e1s conoces, m\u00e1s amas y cuanto m\u00e1s amas, m\u00e1s proteges. Yo me levanto y voy a ver el mar cada d\u00eda y puede que alg\u00fan d\u00eda eso no est\u00e9 tal y como lo conocemos.\u201d, nos dice la surfista.<\/p>\n\n\n\n<p class=\"has-text-align-justify\">Garazi ha empezado a incorporar esos Peque\u00f1os Gestos como el reciclaje de productos o evitar consumir pl\u00e1sticos, adem\u00e1s de conducir <strong>un modelo de la Gama ECO <\/strong>con el que reduce los niveles de contaminaci\u00f3n cuando conduce. Como nos dice Garazi, \u201cser conscientes de nuestras acciones puede marcar una gran diferencia.\u201d<\/p>\n\n\n\n<figure class=\"wp-block-image size-large\"><img decoding=\"async\" width=\"1440\" height=\"960\" data-src=\"https:\/\/www.subaru.es\/blog\/wp-content\/uploads\/2020\/11\/Garazi-OutbackEco-1440x960.jpg\" alt=\"Garazi y su modelo de la gama ECO.\" class=\"wp-image-22611 lazyload\" data-srcset=\"https:\/\/www.subaru.es\/blog\/wp-content\/uploads\/2020\/11\/Garazi-OutbackEco-1440x960.jpg 1440w, https:\/\/www.subaru.es\/blog\/wp-content\/uploads\/2020\/11\/Garazi-OutbackEco-560x373.jpg 560w, https:\/\/www.subaru.es\/blog\/wp-content\/uploads\/2020\/11\/Garazi-OutbackEco-768x512.jpg 768w, https:\/\/www.subaru.es\/blog\/wp-content\/uploads\/2020\/11\/Garazi-OutbackEco-1536x1024.jpg 1536w, https:\/\/www.subaru.es\/blog\/wp-content\/uploads\/2020\/11\/Garazi-OutbackEco.jpg 2048w\" data-sizes=\"(max-width: 1440px) 100vw, 1440px\" src=\"data:image\/svg+xml;base64,PHN2ZyB3aWR0aD0iMSIgaGVpZ2h0PSIxIiB4bWxucz0iaHR0cDovL3d3dy53My5vcmcvMjAwMC9zdmciPjwvc3ZnPg==\" style=\"--smush-placeholder-width: 1440px; --smush-placeholder-aspect-ratio: 1440\/960;\" \/><\/figure>\n\n\n\n<p class=\"has-text-align-justify\">Con su h\u00edbrido GLP de la gama ECO, Garazi realiza innumerables kil\u00f3metros para buscar las mejores playas y gracias al <strong>X-MODE&nbsp;con Control de Descenso en Pendientes<\/strong>, puede recorrer las rutas m\u00e1s escarpadas y las cuestas m\u00e1s pronunciadas de la costa vasco-francesa sin problema.<\/p>\n\n\n\n<p class=\"has-text-align-justify\">Adem\u00e1s,&nbsp; la&nbsp; <a href=\"https:\/\/www.subaru.es\/blog\/nuestra-marca\/traccion-total-simetrica-evolucion\/\">Tracci\u00f3n Total Sim\u00e9trica<\/a> de su Subaru le asegura una adherencia&nbsp;extraordinaria a las carreteras por las que transita en cualquier tipo de circunstancia, ya sea con lluvia, viento o nieve.&nbsp;<\/p>\n\n\n\n<p class=\"has-text-align-justify\">Y t\u00fa, \u00bfte unes a nuestros Peque\u00f1os Gestos para cambiar el planeta como Garazi y Andy? La evoluci\u00f3n est\u00e1 en ti.<\/p>\n","protected":false},"excerpt":{"rendered":"<p>La surfista Garazi S\u00e1nchez apuesta por la movilidad sostenible con la conducci\u00f3n de su Subaru Outback GLP.<\/p>\n","protected":false},"author":21,"featured_media":22617,"comment_status":"open","ping_status":"closed","sticky":false,"template":"","format":"standard","meta":{"_acf_changed":false,"_eb_attr":"","inline_featured_image":false,"footnotes":""},"categories":[4401],"tags":[4405,17,3814,4938,5143,4414,5142,4575,4987,4944,4793,580,4799,2984],"class_list":["post-22609","post","type-post","status-publish","format-standard","has-post-thumbnail","hentry","category-nuestra-marca","tag-all-around-safety","tag-awd","tag-awd-simetrico","tag-etiqueta-eco","tag-garazi-sanchez-2","tag-levorg","tag-pequenos-gestos","tag-seguridad-subaru","tag-subaru-etiqueta-eco","tag-subaru-outback-glp","tag-superliga-siroko","tag-surf","tag-surfista","tag-symetrical-awd"],"acf":[],"yoast_head":"<!-- This site is optimized with the Yoast SEO plugin v27.3 - https:\/\/yoast.com\/product\/yoast-seo-wordpress\/ -->\n<title>Gama ECO un peque\u00f1o gesto para la sostenibilidad - Universo Subaru<\/title>\n<meta name=\"description\" content=\"La surfista Garazi S\u00e1nchez apuesta por la movilidad sostenible y la ayuda del medio ambiente con su modelo h\u00edbrido de la gama ECO.\" \/>\n<meta name=\"robots\" content=\"index, follow, max-snippet:-1, max-image-preview:large, max-video-preview:-1\" \/>\n<link rel=\"canonical\" href=\"https:\/\/www.subaru.es\/blog\/nuestra-marca\/conducir-gama-eco-pequenos-gestos\/\" \/>\n<meta property=\"og:locale\" content=\"es_ES\" \/>\n<meta property=\"og:type\" content=\"article\" \/>\n<meta property=\"og:title\" content=\"Gama ECO un peque\u00f1o gesto para la sostenibilidad - Universo Subaru\" \/>\n<meta property=\"og:description\" content=\"La surfista Garazi S\u00e1nchez apuesta por la movilidad sostenible y la ayuda del medio ambiente con su modelo h\u00edbrido de la gama ECO.\" \/>\n<meta property=\"og:url\" content=\"https:\/\/www.subaru.es\/blog\/nuestra-marca\/conducir-gama-eco-pequenos-gestos\/\" \/>\n<meta property=\"og:site_name\" content=\"Universo Subaru\" \/>\n<meta property=\"article:publisher\" content=\"https:\/\/www.facebook.com\/subaruespana\" \/>\n<meta property=\"article:published_time\" content=\"2020-11-11T12:50:00+00:00\" \/>\n<meta property=\"og:image\" content=\"https:\/\/www.subaru.es\/blog\/wp-content\/uploads\/2020\/11\/Gama-Eco-Garazi.jpg\" \/>\n\t<meta property=\"og:image:width\" content=\"1550\" \/>\n\t<meta property=\"og:image:height\" content=\"469\" \/>\n\t<meta property=\"og:image:type\" content=\"image\/jpeg\" \/>\n<meta name=\"author\" content=\"Subaru\" \/>\n<meta name=\"twitter:card\" content=\"summary_large_image\" \/>\n<meta name=\"twitter:label1\" content=\"Escrito por\" \/>\n\t<meta name=\"twitter:data1\" content=\"Subaru\" \/>\n\t<meta name=\"twitter:label2\" content=\"Tiempo de lectura\" \/>\n\t<meta name=\"twitter:data2\" content=\"2 minutos\" \/>\n<script type=\"application\/ld+json\" class=\"yoast-schema-graph\">{\"@context\":\"https:\\\/\\\/schema.org\",\"@graph\":[{\"@type\":\"Article\",\"@id\":\"https:\\\/\\\/www.subaru.es\\\/blog\\\/nuestra-marca\\\/conducir-gama-eco-pequenos-gestos\\\/#article\",\"isPartOf\":{\"@id\":\"https:\\\/\\\/www.subaru.es\\\/blog\\\/nuestra-marca\\\/conducir-gama-eco-pequenos-gestos\\\/\"},\"author\":{\"name\":\"Subaru\",\"@id\":\"https:\\\/\\\/www.subaru.es\\\/blog\\\/#\\\/schema\\\/person\\\/19a90b892230b8e0ec752704ddf4aa10\"},\"headline\":\"Conducir un modelo de la gama ECO, el peque\u00f1o gesto de Garazi S\u00e1nchez que ayuda a cuidar de nuestro planeta\",\"datePublished\":\"2020-11-11T12:50:00+00:00\",\"mainEntityOfPage\":{\"@id\":\"https:\\\/\\\/www.subaru.es\\\/blog\\\/nuestra-marca\\\/conducir-gama-eco-pequenos-gestos\\\/\"},\"wordCount\":506,\"commentCount\":0,\"publisher\":{\"@id\":\"https:\\\/\\\/www.subaru.es\\\/blog\\\/#organization\"},\"image\":{\"@id\":\"https:\\\/\\\/www.subaru.es\\\/blog\\\/nuestra-marca\\\/conducir-gama-eco-pequenos-gestos\\\/#primaryimage\"},\"thumbnailUrl\":\"https:\\\/\\\/www.subaru.es\\\/blog\\\/wp-content\\\/uploads\\\/2020\\\/11\\\/Gama-Eco-Garazi.jpg\",\"keywords\":[\"all around safety\",\"awd\",\"AWD sim\u00e9trico\",\"etiqueta eco\",\"Garazi S\u00e1nchez\",\"Levorg\",\"Peque\u00f1os Gestos\",\"Seguridad Subaru\",\"Subaru Etiqueta ECO\",\"Subaru Outback GLP\",\"Superliga Siroko\",\"surf\",\"surfista\",\"Symetrical AWD\"],\"articleSection\":[\"Nuestra marca\"],\"inLanguage\":\"es\",\"potentialAction\":[{\"@type\":\"CommentAction\",\"name\":\"Comment\",\"target\":[\"https:\\\/\\\/www.subaru.es\\\/blog\\\/nuestra-marca\\\/conducir-gama-eco-pequenos-gestos\\\/#respond\"]}]},{\"@type\":\"WebPage\",\"@id\":\"https:\\\/\\\/www.subaru.es\\\/blog\\\/nuestra-marca\\\/conducir-gama-eco-pequenos-gestos\\\/\",\"url\":\"https:\\\/\\\/www.subaru.es\\\/blog\\\/nuestra-marca\\\/conducir-gama-eco-pequenos-gestos\\\/\",\"name\":\"Gama ECO un peque\u00f1o gesto para la sostenibilidad - Universo Subaru\",\"isPartOf\":{\"@id\":\"https:\\\/\\\/www.subaru.es\\\/blog\\\/#website\"},\"primaryImageOfPage\":{\"@id\":\"https:\\\/\\\/www.subaru.es\\\/blog\\\/nuestra-marca\\\/conducir-gama-eco-pequenos-gestos\\\/#primaryimage\"},\"image\":{\"@id\":\"https:\\\/\\\/www.subaru.es\\\/blog\\\/nuestra-marca\\\/conducir-gama-eco-pequenos-gestos\\\/#primaryimage\"},\"thumbnailUrl\":\"https:\\\/\\\/www.subaru.es\\\/blog\\\/wp-content\\\/uploads\\\/2020\\\/11\\\/Gama-Eco-Garazi.jpg\",\"datePublished\":\"2020-11-11T12:50:00+00:00\",\"description\":\"La surfista Garazi S\u00e1nchez apuesta por la movilidad sostenible y la ayuda del medio ambiente con su modelo h\u00edbrido de la gama ECO.\",\"breadcrumb\":{\"@id\":\"https:\\\/\\\/www.subaru.es\\\/blog\\\/nuestra-marca\\\/conducir-gama-eco-pequenos-gestos\\\/#breadcrumb\"},\"inLanguage\":\"es\",\"potentialAction\":[{\"@type\":\"ReadAction\",\"target\":[\"https:\\\/\\\/www.subaru.es\\\/blog\\\/nuestra-marca\\\/conducir-gama-eco-pequenos-gestos\\\/\"]}]},{\"@type\":\"ImageObject\",\"inLanguage\":\"es\",\"@id\":\"https:\\\/\\\/www.subaru.es\\\/blog\\\/nuestra-marca\\\/conducir-gama-eco-pequenos-gestos\\\/#primaryimage\",\"url\":\"https:\\\/\\\/www.subaru.es\\\/blog\\\/wp-content\\\/uploads\\\/2020\\\/11\\\/Gama-Eco-Garazi.jpg\",\"contentUrl\":\"https:\\\/\\\/www.subaru.es\\\/blog\\\/wp-content\\\/uploads\\\/2020\\\/11\\\/Gama-Eco-Garazi.jpg\",\"width\":1550,\"height\":469,\"caption\":\"Gama Eco y Garazi S\u00e1nchez\"},{\"@type\":\"BreadcrumbList\",\"@id\":\"https:\\\/\\\/www.subaru.es\\\/blog\\\/nuestra-marca\\\/conducir-gama-eco-pequenos-gestos\\\/#breadcrumb\",\"itemListElement\":[{\"@type\":\"ListItem\",\"position\":1,\"name\":\"Portada\",\"item\":\"https:\\\/\\\/www.subaru.es\\\/blog\\\/\"},{\"@type\":\"ListItem\",\"position\":2,\"name\":\"Conducir un modelo de la gama ECO, el peque\u00f1o gesto de Garazi S\u00e1nchez que ayuda a cuidar de nuestro planeta\"}]},{\"@type\":\"WebSite\",\"@id\":\"https:\\\/\\\/www.subaru.es\\\/blog\\\/#website\",\"url\":\"https:\\\/\\\/www.subaru.es\\\/blog\\\/\",\"name\":\"Universo Subaru\",\"description\":\"Descubre este apasionante espacio de Subaru donde vas a conocer todo sobre nuestros coches y las experiencias que vivimos con ellos. Si est\u00e1s preparado para dejarte seducir por la filosof\u00eda Subaru, qu\u00e9date con nosotros.\",\"publisher\":{\"@id\":\"https:\\\/\\\/www.subaru.es\\\/blog\\\/#organization\"},\"potentialAction\":[{\"@type\":\"SearchAction\",\"target\":{\"@type\":\"EntryPoint\",\"urlTemplate\":\"https:\\\/\\\/www.subaru.es\\\/blog\\\/?s={search_term_string}\"},\"query-input\":{\"@type\":\"PropertyValueSpecification\",\"valueRequired\":true,\"valueName\":\"search_term_string\"}}],\"inLanguage\":\"es\"},{\"@type\":\"Organization\",\"@id\":\"https:\\\/\\\/www.subaru.es\\\/blog\\\/#organization\",\"name\":\"Subaru Espa\u00f1a S.A.\",\"url\":\"https:\\\/\\\/www.subaru.es\\\/blog\\\/\",\"logo\":{\"@type\":\"ImageObject\",\"inLanguage\":\"es\",\"@id\":\"https:\\\/\\\/www.subaru.es\\\/blog\\\/#\\\/schema\\\/logo\\\/image\\\/\",\"url\":\"https:\\\/\\\/www.subaru.es\\\/blog\\\/wp-content\\\/uploads\\\/2016\\\/12\\\/Logo-Subaru-TypeV_C300-scaled.jpg\",\"contentUrl\":\"https:\\\/\\\/www.subaru.es\\\/blog\\\/wp-content\\\/uploads\\\/2016\\\/12\\\/Logo-Subaru-TypeV_C300-scaled.jpg\",\"width\":2560,\"height\":1864,\"caption\":\"Subaru Espa\u00f1a S.A.\"},\"image\":{\"@id\":\"https:\\\/\\\/www.subaru.es\\\/blog\\\/#\\\/schema\\\/logo\\\/image\\\/\"},\"sameAs\":[\"https:\\\/\\\/www.facebook.com\\\/subaruespana\",\"https:\\\/\\\/www.instagram.com\\\/subarues\\\/\",\"https:\\\/\\\/www.youtube.com\\\/user\\\/subaruespana\"]},{\"@type\":\"Person\",\"@id\":\"https:\\\/\\\/www.subaru.es\\\/blog\\\/#\\\/schema\\\/person\\\/19a90b892230b8e0ec752704ddf4aa10\",\"name\":\"Subaru\",\"url\":\"https:\\\/\\\/www.subaru.es\\\/blog\\\/author\\\/subaria\\\/\"}]}<\/script>\n<!-- \/ Yoast SEO plugin. -->","yoast_head_json":{"title":"Gama ECO un peque\u00f1o gesto para la sostenibilidad - Universo Subaru","description":"La surfista Garazi S\u00e1nchez apuesta por la movilidad sostenible y la ayuda del medio ambiente con su modelo h\u00edbrido de la gama ECO.","robots":{"index":"index","follow":"follow","max-snippet":"max-snippet:-1","max-image-preview":"max-image-preview:large","max-video-preview":"max-video-preview:-1"},"canonical":"https:\/\/www.subaru.es\/blog\/nuestra-marca\/conducir-gama-eco-pequenos-gestos\/","og_locale":"es_ES","og_type":"article","og_title":"Gama ECO un peque\u00f1o gesto para la sostenibilidad - Universo Subaru","og_description":"La surfista Garazi S\u00e1nchez apuesta por la movilidad sostenible y la ayuda del medio ambiente con su modelo h\u00edbrido de la gama ECO.","og_url":"https:\/\/www.subaru.es\/blog\/nuestra-marca\/conducir-gama-eco-pequenos-gestos\/","og_site_name":"Universo Subaru","article_publisher":"https:\/\/www.facebook.com\/subaruespana","article_published_time":"2020-11-11T12:50:00+00:00","og_image":[{"width":1550,"height":469,"url":"https:\/\/www.subaru.es\/blog\/wp-content\/uploads\/2020\/11\/Gama-Eco-Garazi.jpg","type":"image\/jpeg"}],"author":"Subaru","twitter_card":"summary_large_image","twitter_misc":{"Escrito por":"Subaru","Tiempo de lectura":"2 minutos"},"schema":{"@context":"https:\/\/schema.org","@graph":[{"@type":"Article","@id":"https:\/\/www.subaru.es\/blog\/nuestra-marca\/conducir-gama-eco-pequenos-gestos\/#article","isPartOf":{"@id":"https:\/\/www.subaru.es\/blog\/nuestra-marca\/conducir-gama-eco-pequenos-gestos\/"},"author":{"name":"Subaru","@id":"https:\/\/www.subaru.es\/blog\/#\/schema\/person\/19a90b892230b8e0ec752704ddf4aa10"},"headline":"Conducir un modelo de la gama ECO, el peque\u00f1o gesto de Garazi S\u00e1nchez que ayuda a cuidar de nuestro planeta","datePublished":"2020-11-11T12:50:00+00:00","mainEntityOfPage":{"@id":"https:\/\/www.subaru.es\/blog\/nuestra-marca\/conducir-gama-eco-pequenos-gestos\/"},"wordCount":506,"commentCount":0,"publisher":{"@id":"https:\/\/www.subaru.es\/blog\/#organization"},"image":{"@id":"https:\/\/www.subaru.es\/blog\/nuestra-marca\/conducir-gama-eco-pequenos-gestos\/#primaryimage"},"thumbnailUrl":"https:\/\/www.subaru.es\/blog\/wp-content\/uploads\/2020\/11\/Gama-Eco-Garazi.jpg","keywords":["all around safety","awd","AWD sim\u00e9trico","etiqueta eco","Garazi S\u00e1nchez","Levorg","Peque\u00f1os Gestos","Seguridad Subaru","Subaru Etiqueta ECO","Subaru Outback GLP","Superliga Siroko","surf","surfista","Symetrical AWD"],"articleSection":["Nuestra marca"],"inLanguage":"es","potentialAction":[{"@type":"CommentAction","name":"Comment","target":["https:\/\/www.subaru.es\/blog\/nuestra-marca\/conducir-gama-eco-pequenos-gestos\/#respond"]}]},{"@type":"WebPage","@id":"https:\/\/www.subaru.es\/blog\/nuestra-marca\/conducir-gama-eco-pequenos-gestos\/","url":"https:\/\/www.subaru.es\/blog\/nuestra-marca\/conducir-gama-eco-pequenos-gestos\/","name":"Gama ECO un peque\u00f1o gesto para la sostenibilidad - Universo Subaru","isPartOf":{"@id":"https:\/\/www.subaru.es\/blog\/#website"},"primaryImageOfPage":{"@id":"https:\/\/www.subaru.es\/blog\/nuestra-marca\/conducir-gama-eco-pequenos-gestos\/#primaryimage"},"image":{"@id":"https:\/\/www.subaru.es\/blog\/nuestra-marca\/conducir-gama-eco-pequenos-gestos\/#primaryimage"},"thumbnailUrl":"https:\/\/www.subaru.es\/blog\/wp-content\/uploads\/2020\/11\/Gama-Eco-Garazi.jpg","datePublished":"2020-11-11T12:50:00+00:00","description":"La surfista Garazi S\u00e1nchez apuesta por la movilidad sostenible y la ayuda del medio ambiente con su modelo h\u00edbrido de la gama ECO.","breadcrumb":{"@id":"https:\/\/www.subaru.es\/blog\/nuestra-marca\/conducir-gama-eco-pequenos-gestos\/#breadcrumb"},"inLanguage":"es","potentialAction":[{"@type":"ReadAction","target":["https:\/\/www.subaru.es\/blog\/nuestra-marca\/conducir-gama-eco-pequenos-gestos\/"]}]},{"@type":"ImageObject","inLanguage":"es","@id":"https:\/\/www.subaru.es\/blog\/nuestra-marca\/conducir-gama-eco-pequenos-gestos\/#primaryimage","url":"https:\/\/www.subaru.es\/blog\/wp-content\/uploads\/2020\/11\/Gama-Eco-Garazi.jpg","contentUrl":"https:\/\/www.subaru.es\/blog\/wp-content\/uploads\/2020\/11\/Gama-Eco-Garazi.jpg","width":1550,"height":469,"caption":"Gama Eco y Garazi S\u00e1nchez"},{"@type":"BreadcrumbList","@id":"https:\/\/www.subaru.es\/blog\/nuestra-marca\/conducir-gama-eco-pequenos-gestos\/#breadcrumb","itemListElement":[{"@type":"ListItem","position":1,"name":"Portada","item":"https:\/\/www.subaru.es\/blog\/"},{"@type":"ListItem","position":2,"name":"Conducir un modelo de la gama ECO, el peque\u00f1o gesto de Garazi S\u00e1nchez que ayuda a cuidar de nuestro planeta"}]},{"@type":"WebSite","@id":"https:\/\/www.subaru.es\/blog\/#website","url":"https:\/\/www.subaru.es\/blog\/","name":"Universo Subaru","description":"Descubre este apasionante espacio de Subaru donde vas a conocer todo sobre nuestros coches y las experiencias que vivimos con ellos. Si est\u00e1s preparado para dejarte seducir por la filosof\u00eda Subaru, qu\u00e9date con nosotros.","publisher":{"@id":"https:\/\/www.subaru.es\/blog\/#organization"},"potentialAction":[{"@type":"SearchAction","target":{"@type":"EntryPoint","urlTemplate":"https:\/\/www.subaru.es\/blog\/?s={search_term_string}"},"query-input":{"@type":"PropertyValueSpecification","valueRequired":true,"valueName":"search_term_string"}}],"inLanguage":"es"},{"@type":"Organization","@id":"https:\/\/www.subaru.es\/blog\/#organization","name":"Subaru Espa\u00f1a S.A.","url":"https:\/\/www.subaru.es\/blog\/","logo":{"@type":"ImageObject","inLanguage":"es","@id":"https:\/\/www.subaru.es\/blog\/#\/schema\/logo\/image\/","url":"https:\/\/www.subaru.es\/blog\/wp-content\/uploads\/2016\/12\/Logo-Subaru-TypeV_C300-scaled.jpg","contentUrl":"https:\/\/www.subaru.es\/blog\/wp-content\/uploads\/2016\/12\/Logo-Subaru-TypeV_C300-scaled.jpg","width":2560,"height":1864,"caption":"Subaru Espa\u00f1a S.A."},"image":{"@id":"https:\/\/www.subaru.es\/blog\/#\/schema\/logo\/image\/"},"sameAs":["https:\/\/www.facebook.com\/subaruespana","https:\/\/www.instagram.com\/subarues\/","https:\/\/www.youtube.com\/user\/subaruespana"]},{"@type":"Person","@id":"https:\/\/www.subaru.es\/blog\/#\/schema\/person\/19a90b892230b8e0ec752704ddf4aa10","name":"Subaru","url":"https:\/\/www.subaru.es\/blog\/author\/subaria\/"}]}},"_links":{"self":[{"href":"https:\/\/www.subaru.es\/blog\/wp-json\/wp\/v2\/posts\/22609","targetHints":{"allow":["GET"]}}],"collection":[{"href":"https:\/\/www.subaru.es\/blog\/wp-json\/wp\/v2\/posts"}],"about":[{"href":"https:\/\/www.subaru.es\/blog\/wp-json\/wp\/v2\/types\/post"}],"author":[{"embeddable":true,"href":"https:\/\/www.subaru.es\/blog\/wp-json\/wp\/v2\/users\/21"}],"replies":[{"embeddable":true,"href":"https:\/\/www.subaru.es\/blog\/wp-json\/wp\/v2\/comments?post=22609"}],"version-history":[{"count":6,"href":"https:\/\/www.subaru.es\/blog\/wp-json\/wp\/v2\/posts\/22609\/revisions"}],"predecessor-version":[{"id":22623,"href":"https:\/\/www.subaru.es\/blog\/wp-json\/wp\/v2\/posts\/22609\/revisions\/22623"}],"wp:featuredmedia":[{"embeddable":true,"href":"https:\/\/www.subaru.es\/blog\/wp-json\/wp\/v2\/media\/22617"}],"wp:attachment":[{"href":"https:\/\/www.subaru.es\/blog\/wp-json\/wp\/v2\/media?parent=22609"}],"wp:term":[{"taxonomy":"category","embeddable":true,"href":"https:\/\/www.subaru.es\/blog\/wp-json\/wp\/v2\/categories?post=22609"},{"taxonomy":"post_tag","embeddable":true,"href":"https:\/\/www.subaru.es\/blog\/wp-json\/wp\/v2\/tags?post=22609"}],"curies":[{"name":"wp","href":"https:\/\/api.w.org\/{rel}","templated":true}]}}