{"id":22599,"date":"2020-11-04T15:28:56","date_gmt":"2020-11-04T13:28:56","guid":{"rendered":"https:\/\/www.subaru.es\/blog\/?p=22599"},"modified":"2023-05-29T16:43:32","modified_gmt":"2023-05-29T14:43:32","slug":"gama-eco-pequenos-gestos-andy-criere","status":"publish","type":"post","link":"https:\/\/www.subaru.es\/blog\/subaru-lifestyle\/gama-eco-pequenos-gestos-andy-criere\/","title":{"rendered":"Nuestra Gama ECO se convierte en uno de los Peque\u00f1os Gestos de Andy Criere."},"content":{"rendered":"\n<p>Nuestro entorno est\u00e1 cambiando y cada d\u00eda es m\u00e1s importante estar concienciados por el respeto y el cuidado del medioambiente. <strong>Desde <a href=\"https:\/\/www.subaru.es\" target=\"_blank\" rel=\"noreferrer noopener\">Subaru<\/a> siempre hemos mostrado nuestro compromiso con todo lo que nos rodea. <\/strong>Un compromiso que hemos refrendado <strong>gracias a nuestros modelos de la <a href=\"https:\/\/www.subaru.es\/gamaeco-hibridos\" target=\"_blank\" rel=\"noreferrer noopener\">gama ECO<\/a>, <\/strong>totalmente equipados para circular por ciudad y por la monta\u00f1a reduciendo las emisiones y manteniendo siempre nuestros est\u00e1ndares de <a href=\"https:\/\/www.subaru.es\/seguridad\" target=\"_blank\" rel=\"noreferrer noopener\">seguridad<\/a> y fiabilidad.&nbsp;<\/p>\n\n\n\n<p>Pero la evoluci\u00f3n no solo est\u00e1 en nuestros veh\u00edculos, la evoluci\u00f3n est\u00e1 en nosotros mismos.&nbsp; Debemos tomar conciencia de que tenemos que cambiar nuestras nuestro estilo de vida para contribuir a al cuidado del planeta. <strong>No se trata de un gran cambio, sino de realizar <a href=\"https:\/\/elpais.com\/icon\/2020-10-28\/tu-forma-de-conducir-cambiara-gracias-a-pequenos-gestos-como-este.html\" target=\"_blank\" rel=\"noreferrer noopener\">Peque\u00f1os Gestos<\/a>:<\/strong> cambio de actitudes en nuestro estilo de vida con los que, poco a poco, contribuyamos a cuidar el planeta y preservar el medioambiente.&nbsp;<\/p>\n\n\n\n<p>Este reto ha de empezar por nuestra \u00e1rea de influencia m\u00e1s pr\u00f3xima como es nuestro entorno dom\u00e9stico: cerrando un grifo y evitando malgastar litros de agua, reciclando adecuadamente nuestros residuos o consumiendo electricidad de forma eficiente en nuestro hogar.&nbsp;<\/p>\n\n\n\n<p>Si entre todos llevamos a la pr\u00e1ctica estos peque\u00f1os gestos, se convertir\u00e1n en un beneficio general para el planeta.&nbsp;<\/p>\n\n\n\n<h3 class=\"wp-block-heading\"><strong>Andy Criere al volante de nuestra Gama ECO.<\/strong><\/h3>\n\n\n\n<p><\/p>\n\n\n\n<p>El campe\u00f3n de surf vasco-franc\u00e9s <a href=\"https:\/\/www.subaru.es\/blog\/author\/andy-criere\/\" target=\"_blank\" rel=\"noreferrer noopener\">Andy Criere<\/a> ha decidido unirse a nuestro reto convirti\u00e9ndose como embajador de Subaru y apostar por realizar peque\u00f1os gestos con los que contribuir al cambio.&nbsp;<\/p>\n\n\n\n<p>Afirma que la educaci\u00f3n es fundamental para alcanzar esos logros. Debemos tener desde la infancia una conciencia de la necesidad del cambio y de lo que repercuten nuestras acciones en el futuro.&nbsp;<\/p>\n\n\n\n<p>Para Andy, el mar es su fuente de equilibrio vital y su segunda casa, por eso siente la necesidad de cuidarlo. Y apuesta por usar un medio de transporte respetuoso con el medio ambiente que le permita viajar miles kil\u00f3metros buscando la ola perfecta.<\/p>\n\n\n\n<figure class=\"wp-block-embed is-type-video is-provider-youtube wp-block-embed-youtube wp-embed-aspect-16-9 wp-has-aspect-ratio\"><div class=\"wp-block-embed__wrapper\">\n<iframe title=\"Subaru | Peque\u00f1os gestos que lo cambian todo, Andy Criere\" width=\"800\" height=\"450\" data-src=\"https:\/\/www.youtube.com\/embed\/XQupcj2L5ls?feature=oembed\" frameborder=\"0\" allow=\"accelerometer; autoplay; clipboard-write; encrypted-media; gyroscope; picture-in-picture; web-share\" referrerpolicy=\"strict-origin-when-cross-origin\" allowfullscreen src=\"data:image\/svg+xml;base64,PHN2ZyB3aWR0aD0iMSIgaGVpZ2h0PSIxIiB4bWxucz0iaHR0cDovL3d3dy53My5vcmcvMjAwMC9zdmciPjwvc3ZnPg==\" class=\"lazyload\" data-load-mode=\"1\"><\/iframe>\n<\/div><\/figure>\n\n\n\n<p>Ha decidido hacerlo en el <a href=\"https:\/\/www.subaru.es\/vehiculos\/forester\" target=\"_blank\" rel=\"noreferrer noopener\">Subaru Forester ecoHYBRID<\/a> con el que disfruta de una movilidad sostenible y un consumo eficiente. Su tecnolog\u00eda h\u00edbrida le permite visitar la ciudad sin restricciones gracias a la <a href=\"https:\/\/www.subaru.es\/blog\/nuestra-marca\/gama-subaru-maxima-seguridad-de-serie-y-etiqueta-eco\/\" target=\"_blank\" rel=\"noreferrer noopener\">etiqueta ECO<\/a>.&nbsp;<\/p>\n\n\n\n<p>\u201cUno de los gestos con el que m\u00e1s identificado me siento es conducir un coche h\u00edbrido. En mi d\u00eda a d\u00eda hago much\u00edsimos kil\u00f3metros y conducir un coche que tenga un menor impacto en el medio ambiente me parece s\u00faper positivo\u201d, nos indica Andy.&nbsp;<\/p>\n\n\n\n<p>Acostumbrado a recorrer la costa vasco-francesa para buscar las mejores playas, <strong>el modelo Subaru Forester <a href=\"https:\/\/www.subaru.es\/blog\/nuestra-marca\/coches-hibridos-evolucion-subaru\/\" target=\"_blank\" rel=\"noreferrer noopener\">ecoHYBRID<\/a> le permite vivir una experiencia m\u00e1s segura por carretera.<\/strong> Gracias al motor el\u00e9ctrico de su Forester puede afrontar cualquier camino escarpado con seguridad.&nbsp;Su motor eBoxer mejora las aptitudes off-road del coche, facilitando el rendimiento del sistema X-Mode.<\/p>\n\n\n\n<figure class=\"wp-block-image size-large\"><img decoding=\"async\" width=\"1440\" height=\"960\" data-src=\"https:\/\/www.subaru.es\/blog\/wp-content\/uploads\/2020\/11\/Andy-Tabla-2_Subaru-1440x960.jpg\" alt=\"Andy evoluciona con la Gama ECO\" class=\"wp-image-22601 lazyload\" title=\"Andy evoluciona con la Gama ECO\" data-srcset=\"https:\/\/www.subaru.es\/blog\/wp-content\/uploads\/2020\/11\/Andy-Tabla-2_Subaru-1440x960.jpg 1440w, https:\/\/www.subaru.es\/blog\/wp-content\/uploads\/2020\/11\/Andy-Tabla-2_Subaru-560x373.jpg 560w, https:\/\/www.subaru.es\/blog\/wp-content\/uploads\/2020\/11\/Andy-Tabla-2_Subaru-768x512.jpg 768w, https:\/\/www.subaru.es\/blog\/wp-content\/uploads\/2020\/11\/Andy-Tabla-2_Subaru-1536x1024.jpg 1536w, https:\/\/www.subaru.es\/blog\/wp-content\/uploads\/2020\/11\/Andy-Tabla-2_Subaru.jpg 2048w\" data-sizes=\"(max-width: 1440px) 100vw, 1440px\" src=\"data:image\/svg+xml;base64,PHN2ZyB3aWR0aD0iMSIgaGVpZ2h0PSIxIiB4bWxucz0iaHR0cDovL3d3dy53My5vcmcvMjAwMC9zdmciPjwvc3ZnPg==\" style=\"--smush-placeholder-width: 1440px; --smush-placeholder-aspect-ratio: 1440\/960;\" \/><\/figure>\n\n\n\n<p>Andy Criere evoluciona con Subaru para poder seguir practicando su pasi\u00f3n. Y nos hemos convertido en parte de su estilo de vida, el que ayuda a devolver al mar todos los logros que ha conseguido a lo largo de su carrera profesional.<\/p>\n\n\n\n<p>Y t\u00fa, \u00bfse unes a realizar estos Peque\u00f1os Gestos?<\/p>\n","protected":false},"excerpt":{"rendered":"<p>Nuestro entorno est\u00e1 cambiando y cada d\u00eda es m\u00e1s importante estar concienciados por el respeto y el cuidado del medioambiente. Desde Subaru siempre hemos mostrado nuestro compromiso con todo lo que nos rodea. Un compromiso que hemos refrendado gracias a nuestros modelos de la gama ECO, totalmente equipados para circular por ciudad y por la [&hellip;]<\/p>\n","protected":false},"author":21,"featured_media":22603,"comment_status":"open","ping_status":"closed","sticky":false,"template":"","format":"standard","meta":{"_acf_changed":false,"_eb_attr":"","inline_featured_image":false,"footnotes":""},"categories":[4520],"tags":[4405,5022,17,3814,4938,4414,5142,4575,4987,4239,4793,580,4799,1539],"class_list":["post-22599","post","type-post","status-publish","format-standard","has-post-thumbnail","hentry","category-subaru-lifestyle","tag-all-around-safety","tag-andy-criere","tag-awd","tag-awd-simetrico","tag-etiqueta-eco","tag-levorg","tag-pequenos-gestos","tag-seguridad-subaru","tag-subaru-etiqueta-eco","tag-subaru-levorg","tag-superliga-siroko","tag-surf","tag-surfista","tag-symmetrical-awd"],"acf":[],"yoast_head":"<!-- This site is optimized with the Yoast SEO plugin v27.3 - https:\/\/yoast.com\/product\/yoast-seo-wordpress\/ -->\n<title>Gama ECO de Subaru: un peque\u00f1o gesto de Andy para cuidar el planeta<\/title>\n<meta name=\"description\" content=\"Andy Criere evoluciona con Subaru. Nos hemos convertido en parte de su estilo de vida para poder seguir practicando su pasi\u00f3n.\" \/>\n<meta name=\"robots\" content=\"index, follow, max-snippet:-1, max-image-preview:large, max-video-preview:-1\" \/>\n<link rel=\"canonical\" href=\"https:\/\/www.subaru.es\/blog\/subaru-lifestyle\/gama-eco-pequenos-gestos-andy-criere\/\" \/>\n<meta property=\"og:locale\" content=\"es_ES\" \/>\n<meta property=\"og:type\" content=\"article\" \/>\n<meta property=\"og:title\" content=\"Gama ECO de Subaru: un peque\u00f1o gesto de Andy para cuidar el planeta\" \/>\n<meta property=\"og:description\" content=\"Andy Criere evoluciona con Subaru. Nos hemos convertido en parte de su estilo de vida para poder seguir practicando su pasi\u00f3n.\" \/>\n<meta property=\"og:url\" content=\"https:\/\/www.subaru.es\/blog\/subaru-lifestyle\/gama-eco-pequenos-gestos-andy-criere\/\" \/>\n<meta property=\"og:site_name\" content=\"Universo Subaru\" \/>\n<meta property=\"article:publisher\" content=\"https:\/\/www.facebook.com\/subaruespana\" \/>\n<meta property=\"article:published_time\" content=\"2020-11-04T13:28:56+00:00\" \/>\n<meta property=\"article:modified_time\" content=\"2023-05-29T14:43:32+00:00\" \/>\n<meta property=\"og:image\" content=\"https:\/\/www.subaru.es\/blog\/wp-content\/uploads\/2020\/11\/Portada_Blog-ANDY.jpg\" \/>\n\t<meta property=\"og:image:width\" content=\"1550\" \/>\n\t<meta property=\"og:image:height\" content=\"469\" \/>\n\t<meta property=\"og:image:type\" content=\"image\/jpeg\" \/>\n<meta name=\"author\" content=\"Subaru\" \/>\n<meta name=\"twitter:card\" content=\"summary_large_image\" \/>\n<meta name=\"twitter:label1\" content=\"Escrito por\" \/>\n\t<meta name=\"twitter:data1\" content=\"Subaru\" \/>\n\t<meta name=\"twitter:label2\" content=\"Tiempo de lectura\" \/>\n\t<meta name=\"twitter:data2\" content=\"3 minutos\" \/>\n<script type=\"application\/ld+json\" class=\"yoast-schema-graph\">{\"@context\":\"https:\\\/\\\/schema.org\",\"@graph\":[{\"@type\":\"Article\",\"@id\":\"https:\\\/\\\/www.subaru.es\\\/blog\\\/subaru-lifestyle\\\/gama-eco-pequenos-gestos-andy-criere\\\/#article\",\"isPartOf\":{\"@id\":\"https:\\\/\\\/www.subaru.es\\\/blog\\\/subaru-lifestyle\\\/gama-eco-pequenos-gestos-andy-criere\\\/\"},\"author\":{\"name\":\"Subaru\",\"@id\":\"https:\\\/\\\/www.subaru.es\\\/blog\\\/#\\\/schema\\\/person\\\/19a90b892230b8e0ec752704ddf4aa10\"},\"headline\":\"Nuestra Gama ECO se convierte en uno de los Peque\u00f1os Gestos de Andy Criere.\",\"datePublished\":\"2020-11-04T13:28:56+00:00\",\"dateModified\":\"2023-05-29T14:43:32+00:00\",\"mainEntityOfPage\":{\"@id\":\"https:\\\/\\\/www.subaru.es\\\/blog\\\/subaru-lifestyle\\\/gama-eco-pequenos-gestos-andy-criere\\\/\"},\"wordCount\":558,\"commentCount\":0,\"publisher\":{\"@id\":\"https:\\\/\\\/www.subaru.es\\\/blog\\\/#organization\"},\"image\":{\"@id\":\"https:\\\/\\\/www.subaru.es\\\/blog\\\/subaru-lifestyle\\\/gama-eco-pequenos-gestos-andy-criere\\\/#primaryimage\"},\"thumbnailUrl\":\"https:\\\/\\\/www.subaru.es\\\/blog\\\/wp-content\\\/uploads\\\/2020\\\/11\\\/Portada_Blog-ANDY.jpg\",\"keywords\":[\"all around safety\",\"Andy Criere\",\"awd\",\"AWD sim\u00e9trico\",\"etiqueta eco\",\"Levorg\",\"Peque\u00f1os Gestos\",\"Seguridad Subaru\",\"Subaru Etiqueta ECO\",\"Subaru Levorg\",\"Superliga Siroko\",\"surf\",\"surfista\",\"Symmetrical AWD\"],\"articleSection\":[\"Subaru LifeStyle\"],\"inLanguage\":\"es\",\"potentialAction\":[{\"@type\":\"CommentAction\",\"name\":\"Comment\",\"target\":[\"https:\\\/\\\/www.subaru.es\\\/blog\\\/subaru-lifestyle\\\/gama-eco-pequenos-gestos-andy-criere\\\/#respond\"]}]},{\"@type\":\"WebPage\",\"@id\":\"https:\\\/\\\/www.subaru.es\\\/blog\\\/subaru-lifestyle\\\/gama-eco-pequenos-gestos-andy-criere\\\/\",\"url\":\"https:\\\/\\\/www.subaru.es\\\/blog\\\/subaru-lifestyle\\\/gama-eco-pequenos-gestos-andy-criere\\\/\",\"name\":\"Gama ECO de Subaru: un peque\u00f1o gesto de Andy para cuidar el planeta\",\"isPartOf\":{\"@id\":\"https:\\\/\\\/www.subaru.es\\\/blog\\\/#website\"},\"primaryImageOfPage\":{\"@id\":\"https:\\\/\\\/www.subaru.es\\\/blog\\\/subaru-lifestyle\\\/gama-eco-pequenos-gestos-andy-criere\\\/#primaryimage\"},\"image\":{\"@id\":\"https:\\\/\\\/www.subaru.es\\\/blog\\\/subaru-lifestyle\\\/gama-eco-pequenos-gestos-andy-criere\\\/#primaryimage\"},\"thumbnailUrl\":\"https:\\\/\\\/www.subaru.es\\\/blog\\\/wp-content\\\/uploads\\\/2020\\\/11\\\/Portada_Blog-ANDY.jpg\",\"datePublished\":\"2020-11-04T13:28:56+00:00\",\"dateModified\":\"2023-05-29T14:43:32+00:00\",\"description\":\"Andy Criere evoluciona con Subaru. Nos hemos convertido en parte de su estilo de vida para poder seguir practicando su pasi\u00f3n.\",\"breadcrumb\":{\"@id\":\"https:\\\/\\\/www.subaru.es\\\/blog\\\/subaru-lifestyle\\\/gama-eco-pequenos-gestos-andy-criere\\\/#breadcrumb\"},\"inLanguage\":\"es\",\"potentialAction\":[{\"@type\":\"ReadAction\",\"target\":[\"https:\\\/\\\/www.subaru.es\\\/blog\\\/subaru-lifestyle\\\/gama-eco-pequenos-gestos-andy-criere\\\/\"]}]},{\"@type\":\"ImageObject\",\"inLanguage\":\"es\",\"@id\":\"https:\\\/\\\/www.subaru.es\\\/blog\\\/subaru-lifestyle\\\/gama-eco-pequenos-gestos-andy-criere\\\/#primaryimage\",\"url\":\"https:\\\/\\\/www.subaru.es\\\/blog\\\/wp-content\\\/uploads\\\/2020\\\/11\\\/Portada_Blog-ANDY.jpg\",\"contentUrl\":\"https:\\\/\\\/www.subaru.es\\\/blog\\\/wp-content\\\/uploads\\\/2020\\\/11\\\/Portada_Blog-ANDY.jpg\",\"width\":1550,\"height\":469,\"caption\":\"Gama eco HYBRID - Forester\"},{\"@type\":\"BreadcrumbList\",\"@id\":\"https:\\\/\\\/www.subaru.es\\\/blog\\\/subaru-lifestyle\\\/gama-eco-pequenos-gestos-andy-criere\\\/#breadcrumb\",\"itemListElement\":[{\"@type\":\"ListItem\",\"position\":1,\"name\":\"Portada\",\"item\":\"https:\\\/\\\/www.subaru.es\\\/blog\\\/\"},{\"@type\":\"ListItem\",\"position\":2,\"name\":\"Nuestra Gama ECO se convierte en uno de los Peque\u00f1os Gestos de Andy Criere.\"}]},{\"@type\":\"WebSite\",\"@id\":\"https:\\\/\\\/www.subaru.es\\\/blog\\\/#website\",\"url\":\"https:\\\/\\\/www.subaru.es\\\/blog\\\/\",\"name\":\"Universo Subaru\",\"description\":\"Descubre este apasionante espacio de Subaru donde vas a conocer todo sobre nuestros coches y las experiencias que vivimos con ellos. Si est\u00e1s preparado para dejarte seducir por la filosof\u00eda Subaru, qu\u00e9date con nosotros.\",\"publisher\":{\"@id\":\"https:\\\/\\\/www.subaru.es\\\/blog\\\/#organization\"},\"potentialAction\":[{\"@type\":\"SearchAction\",\"target\":{\"@type\":\"EntryPoint\",\"urlTemplate\":\"https:\\\/\\\/www.subaru.es\\\/blog\\\/?s={search_term_string}\"},\"query-input\":{\"@type\":\"PropertyValueSpecification\",\"valueRequired\":true,\"valueName\":\"search_term_string\"}}],\"inLanguage\":\"es\"},{\"@type\":\"Organization\",\"@id\":\"https:\\\/\\\/www.subaru.es\\\/blog\\\/#organization\",\"name\":\"Subaru Espa\u00f1a S.A.\",\"url\":\"https:\\\/\\\/www.subaru.es\\\/blog\\\/\",\"logo\":{\"@type\":\"ImageObject\",\"inLanguage\":\"es\",\"@id\":\"https:\\\/\\\/www.subaru.es\\\/blog\\\/#\\\/schema\\\/logo\\\/image\\\/\",\"url\":\"https:\\\/\\\/www.subaru.es\\\/blog\\\/wp-content\\\/uploads\\\/2016\\\/12\\\/Logo-Subaru-TypeV_C300-scaled.jpg\",\"contentUrl\":\"https:\\\/\\\/www.subaru.es\\\/blog\\\/wp-content\\\/uploads\\\/2016\\\/12\\\/Logo-Subaru-TypeV_C300-scaled.jpg\",\"width\":2560,\"height\":1864,\"caption\":\"Subaru Espa\u00f1a S.A.\"},\"image\":{\"@id\":\"https:\\\/\\\/www.subaru.es\\\/blog\\\/#\\\/schema\\\/logo\\\/image\\\/\"},\"sameAs\":[\"https:\\\/\\\/www.facebook.com\\\/subaruespana\",\"https:\\\/\\\/www.instagram.com\\\/subarues\\\/\",\"https:\\\/\\\/www.youtube.com\\\/user\\\/subaruespana\"]},{\"@type\":\"Person\",\"@id\":\"https:\\\/\\\/www.subaru.es\\\/blog\\\/#\\\/schema\\\/person\\\/19a90b892230b8e0ec752704ddf4aa10\",\"name\":\"Subaru\",\"url\":\"https:\\\/\\\/www.subaru.es\\\/blog\\\/author\\\/subaria\\\/\"}]}<\/script>\n<!-- \/ Yoast SEO plugin. -->","yoast_head_json":{"title":"Gama ECO de Subaru: un peque\u00f1o gesto de Andy para cuidar el planeta","description":"Andy Criere evoluciona con Subaru. Nos hemos convertido en parte de su estilo de vida para poder seguir practicando su pasi\u00f3n.","robots":{"index":"index","follow":"follow","max-snippet":"max-snippet:-1","max-image-preview":"max-image-preview:large","max-video-preview":"max-video-preview:-1"},"canonical":"https:\/\/www.subaru.es\/blog\/subaru-lifestyle\/gama-eco-pequenos-gestos-andy-criere\/","og_locale":"es_ES","og_type":"article","og_title":"Gama ECO de Subaru: un peque\u00f1o gesto de Andy para cuidar el planeta","og_description":"Andy Criere evoluciona con Subaru. Nos hemos convertido en parte de su estilo de vida para poder seguir practicando su pasi\u00f3n.","og_url":"https:\/\/www.subaru.es\/blog\/subaru-lifestyle\/gama-eco-pequenos-gestos-andy-criere\/","og_site_name":"Universo Subaru","article_publisher":"https:\/\/www.facebook.com\/subaruespana","article_published_time":"2020-11-04T13:28:56+00:00","article_modified_time":"2023-05-29T14:43:32+00:00","og_image":[{"width":1550,"height":469,"url":"https:\/\/www.subaru.es\/blog\/wp-content\/uploads\/2020\/11\/Portada_Blog-ANDY.jpg","type":"image\/jpeg"}],"author":"Subaru","twitter_card":"summary_large_image","twitter_misc":{"Escrito por":"Subaru","Tiempo de lectura":"3 minutos"},"schema":{"@context":"https:\/\/schema.org","@graph":[{"@type":"Article","@id":"https:\/\/www.subaru.es\/blog\/subaru-lifestyle\/gama-eco-pequenos-gestos-andy-criere\/#article","isPartOf":{"@id":"https:\/\/www.subaru.es\/blog\/subaru-lifestyle\/gama-eco-pequenos-gestos-andy-criere\/"},"author":{"name":"Subaru","@id":"https:\/\/www.subaru.es\/blog\/#\/schema\/person\/19a90b892230b8e0ec752704ddf4aa10"},"headline":"Nuestra Gama ECO se convierte en uno de los Peque\u00f1os Gestos de Andy Criere.","datePublished":"2020-11-04T13:28:56+00:00","dateModified":"2023-05-29T14:43:32+00:00","mainEntityOfPage":{"@id":"https:\/\/www.subaru.es\/blog\/subaru-lifestyle\/gama-eco-pequenos-gestos-andy-criere\/"},"wordCount":558,"commentCount":0,"publisher":{"@id":"https:\/\/www.subaru.es\/blog\/#organization"},"image":{"@id":"https:\/\/www.subaru.es\/blog\/subaru-lifestyle\/gama-eco-pequenos-gestos-andy-criere\/#primaryimage"},"thumbnailUrl":"https:\/\/www.subaru.es\/blog\/wp-content\/uploads\/2020\/11\/Portada_Blog-ANDY.jpg","keywords":["all around safety","Andy Criere","awd","AWD sim\u00e9trico","etiqueta eco","Levorg","Peque\u00f1os Gestos","Seguridad Subaru","Subaru Etiqueta ECO","Subaru Levorg","Superliga Siroko","surf","surfista","Symmetrical AWD"],"articleSection":["Subaru LifeStyle"],"inLanguage":"es","potentialAction":[{"@type":"CommentAction","name":"Comment","target":["https:\/\/www.subaru.es\/blog\/subaru-lifestyle\/gama-eco-pequenos-gestos-andy-criere\/#respond"]}]},{"@type":"WebPage","@id":"https:\/\/www.subaru.es\/blog\/subaru-lifestyle\/gama-eco-pequenos-gestos-andy-criere\/","url":"https:\/\/www.subaru.es\/blog\/subaru-lifestyle\/gama-eco-pequenos-gestos-andy-criere\/","name":"Gama ECO de Subaru: un peque\u00f1o gesto de Andy para cuidar el planeta","isPartOf":{"@id":"https:\/\/www.subaru.es\/blog\/#website"},"primaryImageOfPage":{"@id":"https:\/\/www.subaru.es\/blog\/subaru-lifestyle\/gama-eco-pequenos-gestos-andy-criere\/#primaryimage"},"image":{"@id":"https:\/\/www.subaru.es\/blog\/subaru-lifestyle\/gama-eco-pequenos-gestos-andy-criere\/#primaryimage"},"thumbnailUrl":"https:\/\/www.subaru.es\/blog\/wp-content\/uploads\/2020\/11\/Portada_Blog-ANDY.jpg","datePublished":"2020-11-04T13:28:56+00:00","dateModified":"2023-05-29T14:43:32+00:00","description":"Andy Criere evoluciona con Subaru. Nos hemos convertido en parte de su estilo de vida para poder seguir practicando su pasi\u00f3n.","breadcrumb":{"@id":"https:\/\/www.subaru.es\/blog\/subaru-lifestyle\/gama-eco-pequenos-gestos-andy-criere\/#breadcrumb"},"inLanguage":"es","potentialAction":[{"@type":"ReadAction","target":["https:\/\/www.subaru.es\/blog\/subaru-lifestyle\/gama-eco-pequenos-gestos-andy-criere\/"]}]},{"@type":"ImageObject","inLanguage":"es","@id":"https:\/\/www.subaru.es\/blog\/subaru-lifestyle\/gama-eco-pequenos-gestos-andy-criere\/#primaryimage","url":"https:\/\/www.subaru.es\/blog\/wp-content\/uploads\/2020\/11\/Portada_Blog-ANDY.jpg","contentUrl":"https:\/\/www.subaru.es\/blog\/wp-content\/uploads\/2020\/11\/Portada_Blog-ANDY.jpg","width":1550,"height":469,"caption":"Gama eco HYBRID - Forester"},{"@type":"BreadcrumbList","@id":"https:\/\/www.subaru.es\/blog\/subaru-lifestyle\/gama-eco-pequenos-gestos-andy-criere\/#breadcrumb","itemListElement":[{"@type":"ListItem","position":1,"name":"Portada","item":"https:\/\/www.subaru.es\/blog\/"},{"@type":"ListItem","position":2,"name":"Nuestra Gama ECO se convierte en uno de los Peque\u00f1os Gestos de Andy Criere."}]},{"@type":"WebSite","@id":"https:\/\/www.subaru.es\/blog\/#website","url":"https:\/\/www.subaru.es\/blog\/","name":"Universo Subaru","description":"Descubre este apasionante espacio de Subaru donde vas a conocer todo sobre nuestros coches y las experiencias que vivimos con ellos. Si est\u00e1s preparado para dejarte seducir por la filosof\u00eda Subaru, qu\u00e9date con nosotros.","publisher":{"@id":"https:\/\/www.subaru.es\/blog\/#organization"},"potentialAction":[{"@type":"SearchAction","target":{"@type":"EntryPoint","urlTemplate":"https:\/\/www.subaru.es\/blog\/?s={search_term_string}"},"query-input":{"@type":"PropertyValueSpecification","valueRequired":true,"valueName":"search_term_string"}}],"inLanguage":"es"},{"@type":"Organization","@id":"https:\/\/www.subaru.es\/blog\/#organization","name":"Subaru Espa\u00f1a S.A.","url":"https:\/\/www.subaru.es\/blog\/","logo":{"@type":"ImageObject","inLanguage":"es","@id":"https:\/\/www.subaru.es\/blog\/#\/schema\/logo\/image\/","url":"https:\/\/www.subaru.es\/blog\/wp-content\/uploads\/2016\/12\/Logo-Subaru-TypeV_C300-scaled.jpg","contentUrl":"https:\/\/www.subaru.es\/blog\/wp-content\/uploads\/2016\/12\/Logo-Subaru-TypeV_C300-scaled.jpg","width":2560,"height":1864,"caption":"Subaru Espa\u00f1a S.A."},"image":{"@id":"https:\/\/www.subaru.es\/blog\/#\/schema\/logo\/image\/"},"sameAs":["https:\/\/www.facebook.com\/subaruespana","https:\/\/www.instagram.com\/subarues\/","https:\/\/www.youtube.com\/user\/subaruespana"]},{"@type":"Person","@id":"https:\/\/www.subaru.es\/blog\/#\/schema\/person\/19a90b892230b8e0ec752704ddf4aa10","name":"Subaru","url":"https:\/\/www.subaru.es\/blog\/author\/subaria\/"}]}},"_links":{"self":[{"href":"https:\/\/www.subaru.es\/blog\/wp-json\/wp\/v2\/posts\/22599","targetHints":{"allow":["GET"]}}],"collection":[{"href":"https:\/\/www.subaru.es\/blog\/wp-json\/wp\/v2\/posts"}],"about":[{"href":"https:\/\/www.subaru.es\/blog\/wp-json\/wp\/v2\/types\/post"}],"author":[{"embeddable":true,"href":"https:\/\/www.subaru.es\/blog\/wp-json\/wp\/v2\/users\/21"}],"replies":[{"embeddable":true,"href":"https:\/\/www.subaru.es\/blog\/wp-json\/wp\/v2\/comments?post=22599"}],"version-history":[{"count":7,"href":"https:\/\/www.subaru.es\/blog\/wp-json\/wp\/v2\/posts\/22599\/revisions"}],"predecessor-version":[{"id":24567,"href":"https:\/\/www.subaru.es\/blog\/wp-json\/wp\/v2\/posts\/22599\/revisions\/24567"}],"wp:featuredmedia":[{"embeddable":true,"href":"https:\/\/www.subaru.es\/blog\/wp-json\/wp\/v2\/media\/22603"}],"wp:attachment":[{"href":"https:\/\/www.subaru.es\/blog\/wp-json\/wp\/v2\/media?parent=22599"}],"wp:term":[{"taxonomy":"category","embeddable":true,"href":"https:\/\/www.subaru.es\/blog\/wp-json\/wp\/v2\/categories?post=22599"},{"taxonomy":"post_tag","embeddable":true,"href":"https:\/\/www.subaru.es\/blog\/wp-json\/wp\/v2\/tags?post=22599"}],"curies":[{"name":"wp","href":"https:\/\/api.w.org\/{rel}","templated":true}]}}