{"id":22585,"date":"2020-10-22T13:35:47","date_gmt":"2020-10-22T11:35:47","guid":{"rendered":"https:\/\/www.subaru.es\/blog\/?p=22585"},"modified":"2020-10-22T13:35:48","modified_gmt":"2020-10-22T11:35:48","slug":"outback-glp-valle-ossau","status":"publish","type":"post","link":"https:\/\/www.subaru.es\/blog\/subaru-lifestyle\/outback-glp-valle-ossau\/","title":{"rendered":"En mi Outback GLP: ruta por el Valle de Ossau"},"content":{"rendered":"\n<p>Durante este at\u00edpico a\u00f1o hemos aprovechado para <strong>disfrutar m\u00e1s que nunca de la naturaleza y la monta\u00f1a <\/strong>con nuestro nuevo <a href=\"https:\/\/www.subaru.es\/vehiculos\/outback\" target=\"_blank\" rel=\"noreferrer noopener\"><em>Subaru Outback GLP.<\/em>&nbsp;<\/a><\/p>\n\n\n\n<figure class=\"wp-block-image size-large\"><img decoding=\"async\" width=\"1440\" height=\"1080\" data-src=\"https:\/\/www.subaru.es\/blog\/wp-content\/uploads\/2020\/10\/IMG_1604-1440x1080.jpg\" alt=\"Outback GLP\" class=\"wp-image-22593 lazyload\" title=\"Outback GLP\" data-srcset=\"https:\/\/www.subaru.es\/blog\/wp-content\/uploads\/2020\/10\/IMG_1604-1440x1080.jpg 1440w, https:\/\/www.subaru.es\/blog\/wp-content\/uploads\/2020\/10\/IMG_1604-560x420.jpg 560w, https:\/\/www.subaru.es\/blog\/wp-content\/uploads\/2020\/10\/IMG_1604-768x576.jpg 768w, https:\/\/www.subaru.es\/blog\/wp-content\/uploads\/2020\/10\/IMG_1604-1536x1152.jpg 1536w, https:\/\/www.subaru.es\/blog\/wp-content\/uploads\/2020\/10\/IMG_1604.jpg 2016w\" data-sizes=\"(max-width: 1440px) 100vw, 1440px\" src=\"data:image\/svg+xml;base64,PHN2ZyB3aWR0aD0iMSIgaGVpZ2h0PSIxIiB4bWxucz0iaHR0cDovL3d3dy53My5vcmcvMjAwMC9zdmciPjwvc3ZnPg==\" style=\"--smush-placeholder-width: 1440px; --smush-placeholder-aspect-ratio: 1440\/1080;\" \/><\/figure>\n\n\n\n<p>En busca de nuevas<a href=\"https:\/\/www.subaru.es\/blog\/subaru-lifestyle\/disfruta-con-subaru-del-fin-de-la-temporada-de-nieve\/\" target=\"_blank\" rel=\"noreferrer noopener\"> rutas por el Pirineo<\/a> <strong>hemos hecho un maravilloso recorrido por el <em>Valle de Oussau<\/em>,<\/strong> que encontramos nada m\u00e1s cruzar la frontera del Valle de Tena con Francia. \u00a1Si eres amante de las curvas y los paisajes exuberantes no os lo pod\u00e9is perder!&nbsp;<\/p>\n\n\n\n<p>Cuando comienza la ruta en seguida nos llama la atenci\u00f3n uno de los picos m\u00e1s emblem\u00e1ticos de los Pirineos, el&nbsp;<em>Midi d\u2019Ossau&nbsp;<\/em>(2.884m), aunque en toda la zona hay <strong>una buena red de caminos para practicar senderismo<\/strong> y alta monta\u00f1a.&nbsp;<\/p>\n\n\n\n<figure class=\"wp-block-image size-large\"><img decoding=\"async\" width=\"1440\" height=\"1080\" data-src=\"https:\/\/www.subaru.es\/blog\/wp-content\/uploads\/2020\/10\/IMG_1589-1440x1080.jpg\" alt=\"Viaje ecol\u00f3gico con GLP\" class=\"wp-image-22588 lazyload\" title=\"Viaje ecol\u00f3gico con GLP\" data-srcset=\"https:\/\/www.subaru.es\/blog\/wp-content\/uploads\/2020\/10\/IMG_1589-1440x1080.jpg 1440w, https:\/\/www.subaru.es\/blog\/wp-content\/uploads\/2020\/10\/IMG_1589-560x420.jpg 560w, https:\/\/www.subaru.es\/blog\/wp-content\/uploads\/2020\/10\/IMG_1589-768x576.jpg 768w, https:\/\/www.subaru.es\/blog\/wp-content\/uploads\/2020\/10\/IMG_1589-1536x1152.jpg 1536w, https:\/\/www.subaru.es\/blog\/wp-content\/uploads\/2020\/10\/IMG_1589.jpg 1600w\" data-sizes=\"(max-width: 1440px) 100vw, 1440px\" src=\"data:image\/svg+xml;base64,PHN2ZyB3aWR0aD0iMSIgaGVpZ2h0PSIxIiB4bWxucz0iaHR0cDovL3d3dy53My5vcmcvMjAwMC9zdmciPjwvc3ZnPg==\" style=\"--smush-placeholder-width: 1440px; --smush-placeholder-aspect-ratio: 1440\/1080;\" \/><\/figure>\n\n\n\n<p>Durante el recorrido encontramos peque\u00f1os pueblos que se articulan a trav\u00e9s del r\u00edo <em>Gave de Ossau<\/em> y hacemos <strong>una parada en la bonita poblaci\u00f3n de&nbsp;<em>Laruns &#8212;<\/em>su principal centro neur\u00e1lgico&#8211; para comprar queso franc\u00e9s<\/strong> de la zona, una aut\u00e9ntica delicia.&nbsp;<\/p>\n\n\n\n<p>Tambi\u00e9n subimos a la estaci\u00f3n de esqu\u00ed de<em> Gourette<\/em>, de car\u00e1cter familiar, <strong>para contemplar las vistas de las cascadas.<\/strong> La carretera merece la pena y si eres amante de la bici sin duda es un puerto singular.&nbsp;<\/p>\n\n\n\n<p>Si os acompa\u00f1an peque\u00f1os en vuestro viaje no os pod\u00e9is perder la aventura en el tren tur\u00edstico&nbsp;m\u00e1s alto del Europa, el Tren de Artuste. Fue construido en 1890 para llevar a cabo las obras de construcci\u00f3n de la presa de Artouste y <strong>actualmente hace una ruta espectacular que llega a un lago de origen glacial<\/strong> rodeado de grandes monta\u00f1as, el Lago de Artouste.<\/p>\n\n\n\n<p>Un trayecto en el que la diversi\u00f3n y la seguridad est\u00e1n aseguradas a bordo, \u00a1y las ovejas! Es una zona de<strong> gran tradici\u00f3n quesera donde os aconsejo parar a&nbsp; comprar quesos artesanos <\/strong>de oveja o de cabra.&nbsp;<\/p>\n\n\n\n<figure class=\"wp-block-image size-large\"><img decoding=\"async\" width=\"1440\" height=\"941\" data-src=\"https:\/\/www.subaru.es\/blog\/wp-content\/uploads\/2020\/10\/IMG_1487-1440x941.jpg\" alt=\"Outback GLP\" class=\"wp-image-22587 lazyload\" title=\"Outback GLP\" data-srcset=\"https:\/\/www.subaru.es\/blog\/wp-content\/uploads\/2020\/10\/IMG_1487-1440x941.jpg 1440w, https:\/\/www.subaru.es\/blog\/wp-content\/uploads\/2020\/10\/IMG_1487-560x366.jpg 560w, https:\/\/www.subaru.es\/blog\/wp-content\/uploads\/2020\/10\/IMG_1487-768x502.jpg 768w, https:\/\/www.subaru.es\/blog\/wp-content\/uploads\/2020\/10\/IMG_1487-1536x1004.jpg 1536w, https:\/\/www.subaru.es\/blog\/wp-content\/uploads\/2020\/10\/IMG_1487.jpg 1952w\" data-sizes=\"(max-width: 1440px) 100vw, 1440px\" src=\"data:image\/svg+xml;base64,PHN2ZyB3aWR0aD0iMSIgaGVpZ2h0PSIxIiB4bWxucz0iaHR0cDovL3d3dy53My5vcmcvMjAwMC9zdmciPjwvc3ZnPg==\" style=\"--smush-placeholder-width: 1440px; --smush-placeholder-aspect-ratio: 1440\/941;\" \/><\/figure>\n\n\n\n<h3 class=\"wp-block-heading\">Subaru GLP: una opci\u00f3n m\u00e1s ecol\u00f3gica para viajar.<\/h3>\n\n\n\n<p>Este verano con nuestro nuevo <a href=\"https:\/\/www.subaru.es\" target=\"_blank\" rel=\"noreferrer noopener\">Subaru<\/a>, <strong>adem\u00e1s de viajar de forma m\u00e1s ecol\u00f3gica gracias a este nuevo carburante <a href=\"https:\/\/www.youtube.com\/watch?v=QLtordHc0dg\" target=\"_blank\" rel=\"noreferrer noopener\">GLP<\/a>,<\/strong> lo hacemos de manera mucho m\u00e1s c\u00f3moda ya que sus dos dep\u00f3sitos &#8211;uno de gasolina y otro de Gas Licuado de Petr\u00f3leo&#8211; duplican su autonom\u00eda. &nbsp;<\/p>\n\n\n\n<figure class=\"wp-block-image size-large\"><img decoding=\"async\" width=\"1440\" height=\"1080\" data-src=\"https:\/\/www.subaru.es\/blog\/wp-content\/uploads\/2020\/10\/IMG_1462-1440x1080.jpg\" alt=\"Subaru GLP\" class=\"wp-image-22589 lazyload\" title=\"Subaru GLO\" data-srcset=\"https:\/\/www.subaru.es\/blog\/wp-content\/uploads\/2020\/10\/IMG_1462-1440x1080.jpg 1440w, https:\/\/www.subaru.es\/blog\/wp-content\/uploads\/2020\/10\/IMG_1462-560x420.jpg 560w, https:\/\/www.subaru.es\/blog\/wp-content\/uploads\/2020\/10\/IMG_1462-768x576.jpg 768w, https:\/\/www.subaru.es\/blog\/wp-content\/uploads\/2020\/10\/IMG_1462-1536x1152.jpg 1536w, https:\/\/www.subaru.es\/blog\/wp-content\/uploads\/2020\/10\/IMG_1462.jpg 2016w\" data-sizes=\"(max-width: 1440px) 100vw, 1440px\" src=\"data:image\/svg+xml;base64,PHN2ZyB3aWR0aD0iMSIgaGVpZ2h0PSIxIiB4bWxucz0iaHR0cDovL3d3dy53My5vcmcvMjAwMC9zdmciPjwvc3ZnPg==\" style=\"--smush-placeholder-width: 1440px; --smush-placeholder-aspect-ratio: 1440\/1080;\" \/><\/figure>\n\n\n\n<p>Gracias a ello <strong>podr\u00e1s llegar a lugares inh\u00f3spitos sin preocuparte por el combustible, <\/strong>perdi\u00e9ndote por rutas tan incre\u00edbles como \u00e9sta.&nbsp;<\/p>\n","protected":false},"excerpt":{"rendered":"<p>Durante este at\u00edpico a\u00f1o hemos aprovechado para disfrutar m\u00e1s que nunca de la naturaleza y la monta\u00f1a con nuestro nuevo Subaru Outback GLP.&nbsp; En busca de nuevas rutas por el Pirineo hemos hecho un maravilloso recorrido por el Valle de Oussau, que encontramos nada m\u00e1s cruzar la frontera del Valle de Tena con Francia. \u00a1Si [&hellip;]<\/p>\n","protected":false},"author":23,"featured_media":22592,"comment_status":"open","ping_status":"closed","sticky":false,"template":"","format":"standard","meta":{"_acf_changed":false,"_eb_attr":"","inline_featured_image":false,"footnotes":""},"categories":[4520],"tags":[5067,5106,5118,3051,4571,5121,2844,4575,64,1076,4944,5120,5122],"class_list":["post-22585","post","type-post","status-publish","format-standard","has-post-thumbnail","hentry","category-subaru-lifestyle","tag-aptitudes-off-road-2","tag-coches-eco","tag-gama-eco-subaru","tag-glp","tag-laura-madrueno","tag-maxima-seguridad-de-serie","tag-rutas","tag-seguridad-subaru","tag-subaru-espana","tag-subaru-outback","tag-subaru-outback-glp","tag-tarjeta-eco","tag-traccion-total-simetrica-2"],"acf":[],"yoast_head":"<!-- This site is optimized with the Yoast SEO plugin v27.3 - https:\/\/yoast.com\/product\/yoast-seo-wordpress\/ -->\n<title>En mi Outback GLP: ruta por el Valle de Ossau - Universo Subaru<\/title>\n<meta name=\"description\" content=\"Durante este at\u00edpico a\u00f1o hemos aprovechado para disfrutar m\u00e1s que nunca de la naturaleza y la monta\u00f1a con nuestro nuevo Subaru Outback GLP.\" \/>\n<meta name=\"robots\" content=\"index, follow, max-snippet:-1, max-image-preview:large, max-video-preview:-1\" \/>\n<link rel=\"canonical\" href=\"https:\/\/www.subaru.es\/blog\/subaru-lifestyle\/outback-glp-valle-ossau\/\" \/>\n<meta property=\"og:locale\" content=\"es_ES\" \/>\n<meta property=\"og:type\" content=\"article\" \/>\n<meta property=\"og:title\" content=\"En mi Outback GLP: ruta por el Valle de Ossau - Universo Subaru\" \/>\n<meta property=\"og:description\" content=\"Durante este at\u00edpico a\u00f1o hemos aprovechado para disfrutar m\u00e1s que nunca de la naturaleza y la monta\u00f1a con nuestro nuevo Subaru Outback GLP.\" \/>\n<meta property=\"og:url\" content=\"https:\/\/www.subaru.es\/blog\/subaru-lifestyle\/outback-glp-valle-ossau\/\" \/>\n<meta property=\"og:site_name\" content=\"Universo Subaru\" \/>\n<meta property=\"article:publisher\" content=\"https:\/\/www.facebook.com\/subaruespana\" \/>\n<meta property=\"article:published_time\" content=\"2020-10-22T11:35:47+00:00\" \/>\n<meta property=\"article:modified_time\" content=\"2020-10-22T11:35:48+00:00\" \/>\n<meta property=\"og:image\" content=\"https:\/\/www.subaru.es\/blog\/wp-content\/uploads\/2020\/10\/BLOG-Subaru-Laura-GLP.jpg\" \/>\n\t<meta property=\"og:image:width\" content=\"1550\" \/>\n\t<meta property=\"og:image:height\" content=\"469\" \/>\n\t<meta property=\"og:image:type\" content=\"image\/jpeg\" \/>\n<meta name=\"author\" content=\"Laura Madrue\u00f1o\" \/>\n<meta name=\"twitter:card\" content=\"summary_large_image\" \/>\n<meta name=\"twitter:label1\" content=\"Escrito por\" \/>\n\t<meta name=\"twitter:data1\" content=\"Laura Madrue\u00f1o\" \/>\n\t<meta name=\"twitter:label2\" content=\"Tiempo de lectura\" \/>\n\t<meta name=\"twitter:data2\" content=\"2 minutos\" \/>\n<script type=\"application\/ld+json\" class=\"yoast-schema-graph\">{\"@context\":\"https:\\\/\\\/schema.org\",\"@graph\":[{\"@type\":\"Article\",\"@id\":\"https:\\\/\\\/www.subaru.es\\\/blog\\\/subaru-lifestyle\\\/outback-glp-valle-ossau\\\/#article\",\"isPartOf\":{\"@id\":\"https:\\\/\\\/www.subaru.es\\\/blog\\\/subaru-lifestyle\\\/outback-glp-valle-ossau\\\/\"},\"author\":{\"name\":\"Laura Madrue\u00f1o\",\"@id\":\"https:\\\/\\\/www.subaru.es\\\/blog\\\/#\\\/schema\\\/person\\\/8e9996ca340f1787ded9025fa4cc1e80\"},\"headline\":\"En mi Outback GLP: ruta por el Valle de Ossau\",\"datePublished\":\"2020-10-22T11:35:47+00:00\",\"dateModified\":\"2020-10-22T11:35:48+00:00\",\"mainEntityOfPage\":{\"@id\":\"https:\\\/\\\/www.subaru.es\\\/blog\\\/subaru-lifestyle\\\/outback-glp-valle-ossau\\\/\"},\"wordCount\":427,\"commentCount\":0,\"publisher\":{\"@id\":\"https:\\\/\\\/www.subaru.es\\\/blog\\\/#organization\"},\"image\":{\"@id\":\"https:\\\/\\\/www.subaru.es\\\/blog\\\/subaru-lifestyle\\\/outback-glp-valle-ossau\\\/#primaryimage\"},\"thumbnailUrl\":\"https:\\\/\\\/www.subaru.es\\\/blog\\\/wp-content\\\/uploads\\\/2020\\\/10\\\/BLOG-Subaru-Laura-GLP.jpg\",\"keywords\":[\"aptitudes off road\",\"coches eco\",\"Gama eco Subaru\",\"GLP\",\"Laura Madrue\u00f1o\",\"M\u00e1xima Seguridad de Serie\",\"rutas\",\"Seguridad Subaru\",\"subaru espa\u00f1a\",\"subaru outback\",\"Subaru Outback GLP\",\"Tarjeta eco\",\"Tracci\u00f3n Total Sim\u00e9trica\"],\"articleSection\":[\"Subaru LifeStyle\"],\"inLanguage\":\"es\",\"potentialAction\":[{\"@type\":\"CommentAction\",\"name\":\"Comment\",\"target\":[\"https:\\\/\\\/www.subaru.es\\\/blog\\\/subaru-lifestyle\\\/outback-glp-valle-ossau\\\/#respond\"]}]},{\"@type\":\"WebPage\",\"@id\":\"https:\\\/\\\/www.subaru.es\\\/blog\\\/subaru-lifestyle\\\/outback-glp-valle-ossau\\\/\",\"url\":\"https:\\\/\\\/www.subaru.es\\\/blog\\\/subaru-lifestyle\\\/outback-glp-valle-ossau\\\/\",\"name\":\"En mi Outback GLP: ruta por el Valle de Ossau - Universo Subaru\",\"isPartOf\":{\"@id\":\"https:\\\/\\\/www.subaru.es\\\/blog\\\/#website\"},\"primaryImageOfPage\":{\"@id\":\"https:\\\/\\\/www.subaru.es\\\/blog\\\/subaru-lifestyle\\\/outback-glp-valle-ossau\\\/#primaryimage\"},\"image\":{\"@id\":\"https:\\\/\\\/www.subaru.es\\\/blog\\\/subaru-lifestyle\\\/outback-glp-valle-ossau\\\/#primaryimage\"},\"thumbnailUrl\":\"https:\\\/\\\/www.subaru.es\\\/blog\\\/wp-content\\\/uploads\\\/2020\\\/10\\\/BLOG-Subaru-Laura-GLP.jpg\",\"datePublished\":\"2020-10-22T11:35:47+00:00\",\"dateModified\":\"2020-10-22T11:35:48+00:00\",\"description\":\"Durante este at\u00edpico a\u00f1o hemos aprovechado para disfrutar m\u00e1s que nunca de la naturaleza y la monta\u00f1a con nuestro nuevo Subaru Outback GLP.\",\"breadcrumb\":{\"@id\":\"https:\\\/\\\/www.subaru.es\\\/blog\\\/subaru-lifestyle\\\/outback-glp-valle-ossau\\\/#breadcrumb\"},\"inLanguage\":\"es\",\"potentialAction\":[{\"@type\":\"ReadAction\",\"target\":[\"https:\\\/\\\/www.subaru.es\\\/blog\\\/subaru-lifestyle\\\/outback-glp-valle-ossau\\\/\"]}]},{\"@type\":\"ImageObject\",\"inLanguage\":\"es\",\"@id\":\"https:\\\/\\\/www.subaru.es\\\/blog\\\/subaru-lifestyle\\\/outback-glp-valle-ossau\\\/#primaryimage\",\"url\":\"https:\\\/\\\/www.subaru.es\\\/blog\\\/wp-content\\\/uploads\\\/2020\\\/10\\\/BLOG-Subaru-Laura-GLP.jpg\",\"contentUrl\":\"https:\\\/\\\/www.subaru.es\\\/blog\\\/wp-content\\\/uploads\\\/2020\\\/10\\\/BLOG-Subaru-Laura-GLP.jpg\",\"width\":1550,\"height\":469},{\"@type\":\"BreadcrumbList\",\"@id\":\"https:\\\/\\\/www.subaru.es\\\/blog\\\/subaru-lifestyle\\\/outback-glp-valle-ossau\\\/#breadcrumb\",\"itemListElement\":[{\"@type\":\"ListItem\",\"position\":1,\"name\":\"Portada\",\"item\":\"https:\\\/\\\/www.subaru.es\\\/blog\\\/\"},{\"@type\":\"ListItem\",\"position\":2,\"name\":\"En mi Outback GLP: ruta por el Valle de Ossau\"}]},{\"@type\":\"WebSite\",\"@id\":\"https:\\\/\\\/www.subaru.es\\\/blog\\\/#website\",\"url\":\"https:\\\/\\\/www.subaru.es\\\/blog\\\/\",\"name\":\"Universo Subaru\",\"description\":\"Descubre este apasionante espacio de Subaru donde vas a conocer todo sobre nuestros coches y las experiencias que vivimos con ellos. Si est\u00e1s preparado para dejarte seducir por la filosof\u00eda Subaru, qu\u00e9date con nosotros.\",\"publisher\":{\"@id\":\"https:\\\/\\\/www.subaru.es\\\/blog\\\/#organization\"},\"potentialAction\":[{\"@type\":\"SearchAction\",\"target\":{\"@type\":\"EntryPoint\",\"urlTemplate\":\"https:\\\/\\\/www.subaru.es\\\/blog\\\/?s={search_term_string}\"},\"query-input\":{\"@type\":\"PropertyValueSpecification\",\"valueRequired\":true,\"valueName\":\"search_term_string\"}}],\"inLanguage\":\"es\"},{\"@type\":\"Organization\",\"@id\":\"https:\\\/\\\/www.subaru.es\\\/blog\\\/#organization\",\"name\":\"Subaru Espa\u00f1a S.A.\",\"url\":\"https:\\\/\\\/www.subaru.es\\\/blog\\\/\",\"logo\":{\"@type\":\"ImageObject\",\"inLanguage\":\"es\",\"@id\":\"https:\\\/\\\/www.subaru.es\\\/blog\\\/#\\\/schema\\\/logo\\\/image\\\/\",\"url\":\"https:\\\/\\\/www.subaru.es\\\/blog\\\/wp-content\\\/uploads\\\/2016\\\/12\\\/Logo-Subaru-TypeV_C300-scaled.jpg\",\"contentUrl\":\"https:\\\/\\\/www.subaru.es\\\/blog\\\/wp-content\\\/uploads\\\/2016\\\/12\\\/Logo-Subaru-TypeV_C300-scaled.jpg\",\"width\":2560,\"height\":1864,\"caption\":\"Subaru Espa\u00f1a S.A.\"},\"image\":{\"@id\":\"https:\\\/\\\/www.subaru.es\\\/blog\\\/#\\\/schema\\\/logo\\\/image\\\/\"},\"sameAs\":[\"https:\\\/\\\/www.facebook.com\\\/subaruespana\",\"https:\\\/\\\/www.instagram.com\\\/subarues\\\/\",\"https:\\\/\\\/www.youtube.com\\\/user\\\/subaruespana\"]},{\"@type\":\"Person\",\"@id\":\"https:\\\/\\\/www.subaru.es\\\/blog\\\/#\\\/schema\\\/person\\\/8e9996ca340f1787ded9025fa4cc1e80\",\"name\":\"Laura Madrue\u00f1o\",\"url\":\"https:\\\/\\\/www.subaru.es\\\/blog\\\/author\\\/laura-madrueno\\\/\"}]}<\/script>\n<!-- \/ Yoast SEO plugin. -->","yoast_head_json":{"title":"En mi Outback GLP: ruta por el Valle de Ossau - Universo Subaru","description":"Durante este at\u00edpico a\u00f1o hemos aprovechado para disfrutar m\u00e1s que nunca de la naturaleza y la monta\u00f1a con nuestro nuevo Subaru Outback GLP.","robots":{"index":"index","follow":"follow","max-snippet":"max-snippet:-1","max-image-preview":"max-image-preview:large","max-video-preview":"max-video-preview:-1"},"canonical":"https:\/\/www.subaru.es\/blog\/subaru-lifestyle\/outback-glp-valle-ossau\/","og_locale":"es_ES","og_type":"article","og_title":"En mi Outback GLP: ruta por el Valle de Ossau - Universo Subaru","og_description":"Durante este at\u00edpico a\u00f1o hemos aprovechado para disfrutar m\u00e1s que nunca de la naturaleza y la monta\u00f1a con nuestro nuevo Subaru Outback GLP.","og_url":"https:\/\/www.subaru.es\/blog\/subaru-lifestyle\/outback-glp-valle-ossau\/","og_site_name":"Universo Subaru","article_publisher":"https:\/\/www.facebook.com\/subaruespana","article_published_time":"2020-10-22T11:35:47+00:00","article_modified_time":"2020-10-22T11:35:48+00:00","og_image":[{"width":1550,"height":469,"url":"https:\/\/www.subaru.es\/blog\/wp-content\/uploads\/2020\/10\/BLOG-Subaru-Laura-GLP.jpg","type":"image\/jpeg"}],"author":"Laura Madrue\u00f1o","twitter_card":"summary_large_image","twitter_misc":{"Escrito por":"Laura Madrue\u00f1o","Tiempo de lectura":"2 minutos"},"schema":{"@context":"https:\/\/schema.org","@graph":[{"@type":"Article","@id":"https:\/\/www.subaru.es\/blog\/subaru-lifestyle\/outback-glp-valle-ossau\/#article","isPartOf":{"@id":"https:\/\/www.subaru.es\/blog\/subaru-lifestyle\/outback-glp-valle-ossau\/"},"author":{"name":"Laura Madrue\u00f1o","@id":"https:\/\/www.subaru.es\/blog\/#\/schema\/person\/8e9996ca340f1787ded9025fa4cc1e80"},"headline":"En mi Outback GLP: ruta por el Valle de Ossau","datePublished":"2020-10-22T11:35:47+00:00","dateModified":"2020-10-22T11:35:48+00:00","mainEntityOfPage":{"@id":"https:\/\/www.subaru.es\/blog\/subaru-lifestyle\/outback-glp-valle-ossau\/"},"wordCount":427,"commentCount":0,"publisher":{"@id":"https:\/\/www.subaru.es\/blog\/#organization"},"image":{"@id":"https:\/\/www.subaru.es\/blog\/subaru-lifestyle\/outback-glp-valle-ossau\/#primaryimage"},"thumbnailUrl":"https:\/\/www.subaru.es\/blog\/wp-content\/uploads\/2020\/10\/BLOG-Subaru-Laura-GLP.jpg","keywords":["aptitudes off road","coches eco","Gama eco Subaru","GLP","Laura Madrue\u00f1o","M\u00e1xima Seguridad de Serie","rutas","Seguridad Subaru","subaru espa\u00f1a","subaru outback","Subaru Outback GLP","Tarjeta eco","Tracci\u00f3n Total Sim\u00e9trica"],"articleSection":["Subaru LifeStyle"],"inLanguage":"es","potentialAction":[{"@type":"CommentAction","name":"Comment","target":["https:\/\/www.subaru.es\/blog\/subaru-lifestyle\/outback-glp-valle-ossau\/#respond"]}]},{"@type":"WebPage","@id":"https:\/\/www.subaru.es\/blog\/subaru-lifestyle\/outback-glp-valle-ossau\/","url":"https:\/\/www.subaru.es\/blog\/subaru-lifestyle\/outback-glp-valle-ossau\/","name":"En mi Outback GLP: ruta por el Valle de Ossau - Universo Subaru","isPartOf":{"@id":"https:\/\/www.subaru.es\/blog\/#website"},"primaryImageOfPage":{"@id":"https:\/\/www.subaru.es\/blog\/subaru-lifestyle\/outback-glp-valle-ossau\/#primaryimage"},"image":{"@id":"https:\/\/www.subaru.es\/blog\/subaru-lifestyle\/outback-glp-valle-ossau\/#primaryimage"},"thumbnailUrl":"https:\/\/www.subaru.es\/blog\/wp-content\/uploads\/2020\/10\/BLOG-Subaru-Laura-GLP.jpg","datePublished":"2020-10-22T11:35:47+00:00","dateModified":"2020-10-22T11:35:48+00:00","description":"Durante este at\u00edpico a\u00f1o hemos aprovechado para disfrutar m\u00e1s que nunca de la naturaleza y la monta\u00f1a con nuestro nuevo Subaru Outback GLP.","breadcrumb":{"@id":"https:\/\/www.subaru.es\/blog\/subaru-lifestyle\/outback-glp-valle-ossau\/#breadcrumb"},"inLanguage":"es","potentialAction":[{"@type":"ReadAction","target":["https:\/\/www.subaru.es\/blog\/subaru-lifestyle\/outback-glp-valle-ossau\/"]}]},{"@type":"ImageObject","inLanguage":"es","@id":"https:\/\/www.subaru.es\/blog\/subaru-lifestyle\/outback-glp-valle-ossau\/#primaryimage","url":"https:\/\/www.subaru.es\/blog\/wp-content\/uploads\/2020\/10\/BLOG-Subaru-Laura-GLP.jpg","contentUrl":"https:\/\/www.subaru.es\/blog\/wp-content\/uploads\/2020\/10\/BLOG-Subaru-Laura-GLP.jpg","width":1550,"height":469},{"@type":"BreadcrumbList","@id":"https:\/\/www.subaru.es\/blog\/subaru-lifestyle\/outback-glp-valle-ossau\/#breadcrumb","itemListElement":[{"@type":"ListItem","position":1,"name":"Portada","item":"https:\/\/www.subaru.es\/blog\/"},{"@type":"ListItem","position":2,"name":"En mi Outback GLP: ruta por el Valle de Ossau"}]},{"@type":"WebSite","@id":"https:\/\/www.subaru.es\/blog\/#website","url":"https:\/\/www.subaru.es\/blog\/","name":"Universo Subaru","description":"Descubre este apasionante espacio de Subaru donde vas a conocer todo sobre nuestros coches y las experiencias que vivimos con ellos. Si est\u00e1s preparado para dejarte seducir por la filosof\u00eda Subaru, qu\u00e9date con nosotros.","publisher":{"@id":"https:\/\/www.subaru.es\/blog\/#organization"},"potentialAction":[{"@type":"SearchAction","target":{"@type":"EntryPoint","urlTemplate":"https:\/\/www.subaru.es\/blog\/?s={search_term_string}"},"query-input":{"@type":"PropertyValueSpecification","valueRequired":true,"valueName":"search_term_string"}}],"inLanguage":"es"},{"@type":"Organization","@id":"https:\/\/www.subaru.es\/blog\/#organization","name":"Subaru Espa\u00f1a S.A.","url":"https:\/\/www.subaru.es\/blog\/","logo":{"@type":"ImageObject","inLanguage":"es","@id":"https:\/\/www.subaru.es\/blog\/#\/schema\/logo\/image\/","url":"https:\/\/www.subaru.es\/blog\/wp-content\/uploads\/2016\/12\/Logo-Subaru-TypeV_C300-scaled.jpg","contentUrl":"https:\/\/www.subaru.es\/blog\/wp-content\/uploads\/2016\/12\/Logo-Subaru-TypeV_C300-scaled.jpg","width":2560,"height":1864,"caption":"Subaru Espa\u00f1a S.A."},"image":{"@id":"https:\/\/www.subaru.es\/blog\/#\/schema\/logo\/image\/"},"sameAs":["https:\/\/www.facebook.com\/subaruespana","https:\/\/www.instagram.com\/subarues\/","https:\/\/www.youtube.com\/user\/subaruespana"]},{"@type":"Person","@id":"https:\/\/www.subaru.es\/blog\/#\/schema\/person\/8e9996ca340f1787ded9025fa4cc1e80","name":"Laura Madrue\u00f1o","url":"https:\/\/www.subaru.es\/blog\/author\/laura-madrueno\/"}]}},"_links":{"self":[{"href":"https:\/\/www.subaru.es\/blog\/wp-json\/wp\/v2\/posts\/22585","targetHints":{"allow":["GET"]}}],"collection":[{"href":"https:\/\/www.subaru.es\/blog\/wp-json\/wp\/v2\/posts"}],"about":[{"href":"https:\/\/www.subaru.es\/blog\/wp-json\/wp\/v2\/types\/post"}],"author":[{"embeddable":true,"href":"https:\/\/www.subaru.es\/blog\/wp-json\/wp\/v2\/users\/23"}],"replies":[{"embeddable":true,"href":"https:\/\/www.subaru.es\/blog\/wp-json\/wp\/v2\/comments?post=22585"}],"version-history":[{"count":4,"href":"https:\/\/www.subaru.es\/blog\/wp-json\/wp\/v2\/posts\/22585\/revisions"}],"predecessor-version":[{"id":22595,"href":"https:\/\/www.subaru.es\/blog\/wp-json\/wp\/v2\/posts\/22585\/revisions\/22595"}],"wp:featuredmedia":[{"embeddable":true,"href":"https:\/\/www.subaru.es\/blog\/wp-json\/wp\/v2\/media\/22592"}],"wp:attachment":[{"href":"https:\/\/www.subaru.es\/blog\/wp-json\/wp\/v2\/media?parent=22585"}],"wp:term":[{"taxonomy":"category","embeddable":true,"href":"https:\/\/www.subaru.es\/blog\/wp-json\/wp\/v2\/categories?post=22585"},{"taxonomy":"post_tag","embeddable":true,"href":"https:\/\/www.subaru.es\/blog\/wp-json\/wp\/v2\/tags?post=22585"}],"curies":[{"name":"wp","href":"https:\/\/api.w.org\/{rel}","templated":true}]}}