{"id":22517,"date":"2020-09-28T14:21:05","date_gmt":"2020-09-28T12:21:05","guid":{"rendered":"https:\/\/www.subaru.es\/blog\/?p=22517"},"modified":"2020-10-01T13:04:55","modified_gmt":"2020-10-01T11:04:55","slug":"subaru-ecohybrid-sientete-protegido-todo-el-trayecto","status":"publish","type":"post","link":"https:\/\/www.subaru.es\/blog\/nuestra-marca\/subaru-ecohybrid-sientete-protegido-todo-el-trayecto\/","title":{"rendered":"Subaru ecoHYBRID, seguridad el 100% del trayecto"},"content":{"rendered":"\n<p>Nuestra <strong><a href=\"https:\/\/www.subaru.es\/gamaeco-hibridos\" target=\"_blank\" rel=\"noreferrer noopener\">Gama Subaru ecoHYBRID<\/a><\/strong> responde con los m\u00e1s altos est\u00e1ndares de seguridad, robustez y la capacidad de llegar pr\u00e1cticamente a cualquier lugar. La hibridaci\u00f3n significa un paso adelante en cuanto a ecolog\u00eda, sin dar un paso atr\u00e1s en cuanto a <a href=\"http:\/\/www.subaru.es\/seguridad\">seguridad<\/a> y diversi\u00f3n de conducci\u00f3n dentro y fuera del asfalto. <\/p>\n\n\n\n<p>La <a href=\"https:\/\/www.subaru.es\/seguridad\">seguridad<\/a> se ha convertido en nuestro pilar fundamental hasta tal punto que nos hemos marcado el ambicioso <strong>objetivo para el a\u00f1o 2030 de reducir a cero el n\u00famero de v\u00edctimas de tr\u00e1fico<\/strong> en los que est\u00e9 involucrado un Subaru. <\/p>\n\n\n\n<p>Para ello, seguimos perfeccionando nuestro sistema <a href=\"https:\/\/www.youtube.com\/watch?v=hAU1Gy3hgAA\">Subaru EyeSight<\/a>, que lleva m\u00e1s de 10 a\u00f1os salvando vidas en m\u00e1s de 8 millones de veh\u00edculos en todo el mundo, pero sobre todo por seguir apostando por la tracci\u00f3n total permanente de Subaru (<a href=\"https:\/\/www.youtube.com\/watch?v=Xl51tD4lpDw\">Symmetrical All-Wheel Drive<\/a>).<\/p>\n\n\n\n<div class=\"wp-block-image\"><figure class=\"aligncenter size-medium\"><img decoding=\"async\" width=\"560\" height=\"280\" data-src=\"https:\/\/www.subaru.es\/blog\/wp-content\/uploads\/2020\/09\/Nuevo-Forester-ECO-HYBRID-Interior-2-560x280.jpg\" alt=\"\" class=\"wp-image-22527 lazyload\" data-srcset=\"https:\/\/www.subaru.es\/blog\/wp-content\/uploads\/2020\/09\/Nuevo-Forester-ECO-HYBRID-Interior-2-560x280.jpg 560w, https:\/\/www.subaru.es\/blog\/wp-content\/uploads\/2020\/09\/Nuevo-Forester-ECO-HYBRID-Interior-2-1440x720.jpg 1440w, https:\/\/www.subaru.es\/blog\/wp-content\/uploads\/2020\/09\/Nuevo-Forester-ECO-HYBRID-Interior-2-768x384.jpg 768w, https:\/\/www.subaru.es\/blog\/wp-content\/uploads\/2020\/09\/Nuevo-Forester-ECO-HYBRID-Interior-2-1536x768.jpg 1536w, https:\/\/www.subaru.es\/blog\/wp-content\/uploads\/2020\/09\/Nuevo-Forester-ECO-HYBRID-Interior-2-2048x1025.jpg 2048w\" data-sizes=\"(max-width: 560px) 100vw, 560px\" src=\"data:image\/svg+xml;base64,PHN2ZyB3aWR0aD0iMSIgaGVpZ2h0PSIxIiB4bWxucz0iaHR0cDovL3d3dy53My5vcmcvMjAwMC9zdmciPjwvc3ZnPg==\" style=\"--smush-placeholder-width: 560px; --smush-placeholder-aspect-ratio: 560\/280;\" \/><\/figure><\/div>\n\n\n\n<p>Actualmente existe una gran oferta de SUV h\u00edbridos con tracci\u00f3n a las 4 ruedas, pero cuando se habla de h\u00edbridos con tracci\u00f3n integral permanente la clara referencia es la gama ecoHYBRID de Subaru.<\/p>\n\n\n\n<p><strong>El sistema de tracci\u00f3n AWD de Subaru trabaja el 100% del tiempo<\/strong> ganando unas d\u00e9cimas de segundo fundamentales a la hora de que los neum\u00e1ticos respondan de forma inmediata y ofrezcan el mayor agarre posible evitando accidentes que con otros sistemas de tracci\u00f3n hubieran sido fatales.<\/p>\n\n\n\n<figure class=\"wp-block-image size-medium\"><img decoding=\"async\" width=\"560\" height=\"373\" data-src=\"https:\/\/www.subaru.es\/blog\/wp-content\/uploads\/2020\/09\/Nuevo-Forester-ecoHYBRID-1-2-560x373.jpg\" alt=\"\" class=\"wp-image-22544 lazyload\" data-srcset=\"https:\/\/www.subaru.es\/blog\/wp-content\/uploads\/2020\/09\/Nuevo-Forester-ecoHYBRID-1-2-560x373.jpg 560w, https:\/\/www.subaru.es\/blog\/wp-content\/uploads\/2020\/09\/Nuevo-Forester-ecoHYBRID-1-2-1440x960.jpg 1440w, https:\/\/www.subaru.es\/blog\/wp-content\/uploads\/2020\/09\/Nuevo-Forester-ecoHYBRID-1-2-768x512.jpg 768w, https:\/\/www.subaru.es\/blog\/wp-content\/uploads\/2020\/09\/Nuevo-Forester-ecoHYBRID-1-2-1536x1024.jpg 1536w, https:\/\/www.subaru.es\/blog\/wp-content\/uploads\/2020\/09\/Nuevo-Forester-ecoHYBRID-1-2-2048x1365.jpg 2048w\" data-sizes=\"(max-width: 560px) 100vw, 560px\" src=\"data:image\/svg+xml;base64,PHN2ZyB3aWR0aD0iMSIgaGVpZ2h0PSIxIiB4bWxucz0iaHR0cDovL3d3dy53My5vcmcvMjAwMC9zdmciPjwvc3ZnPg==\" style=\"--smush-placeholder-width: 560px; --smush-placeholder-aspect-ratio: 560\/373;\" \/><\/figure>\n\n\n\n<p>Seg\u00fan los ingenieros responsables del desarrollo de la tracci\u00f3n Symmetrical All Wheel Drive que lleva utiliz\u00e1ndose en los veh\u00edculos Subaru desde 1972, <strong>la distancia que se recorre hasta que se activa un sistema de tracci\u00f3n a las 4 ruedas no permanente circulando a 120 km\/h es de 10 metros.<\/strong><\/p>\n\n\n\n<p><strong>Para Subaru esa distancia puede marcar la diferencia entre tener o no tener un accidente<\/strong> y justifica con creces seguir emple\u00e1ndola en sus coches como una de sus tecnolog\u00edas diferenciales de seguridad.<\/p>\n\n\n\n<p><strong>Se\u00f1as de identidad de Subaru<\/strong><\/p>\n\n\n\n<div class=\"wp-block-image\"><figure class=\"aligncenter size-medium\"><img decoding=\"async\" width=\"560\" height=\"373\" data-src=\"https:\/\/www.subaru.es\/blog\/wp-content\/uploads\/2020\/09\/Subaru-XV-ecoHYBRID-6-560x373.jpg\" alt=\"\" class=\"wp-image-22537 lazyload\" data-srcset=\"https:\/\/www.subaru.es\/blog\/wp-content\/uploads\/2020\/09\/Subaru-XV-ecoHYBRID-6-560x373.jpg 560w, https:\/\/www.subaru.es\/blog\/wp-content\/uploads\/2020\/09\/Subaru-XV-ecoHYBRID-6-1440x960.jpg 1440w, https:\/\/www.subaru.es\/blog\/wp-content\/uploads\/2020\/09\/Subaru-XV-ecoHYBRID-6-768x512.jpg 768w, https:\/\/www.subaru.es\/blog\/wp-content\/uploads\/2020\/09\/Subaru-XV-ecoHYBRID-6-1536x1024.jpg 1536w, https:\/\/www.subaru.es\/blog\/wp-content\/uploads\/2020\/09\/Subaru-XV-ecoHYBRID-6-2048x1365.jpg 2048w\" data-sizes=\"(max-width: 560px) 100vw, 560px\" src=\"data:image\/svg+xml;base64,PHN2ZyB3aWR0aD0iMSIgaGVpZ2h0PSIxIiB4bWxucz0iaHR0cDovL3d3dy53My5vcmcvMjAwMC9zdmciPjwvc3ZnPg==\" style=\"--smush-placeholder-width: 560px; --smush-placeholder-aspect-ratio: 560\/373;\" \/><\/figure><\/div>\n\n\n\n<p>La tecnolog\u00eda e-Boxer toma como punto de partida las <strong>dos principales se\u00f1as de identidad de Subaru<\/strong>, la <strong><a href=\"https:\/\/www.youtube.com\/watch?v=5ohVHFqhYBY\" target=\"_blank\" rel=\"noreferrer noopener\">tracci\u00f3n total sim\u00e9trica<\/a><\/strong> permanente (S-AWD), que llevamos perfeccionando desde 1972 y equipa ya a m\u00e1s de 19 millones de veh\u00edculos, y el <strong><a href=\"https:\/\/www.youtube.com\/watch?v=_uDM-z8LVw0\" target=\"_blank\" rel=\"noreferrer noopener\">motor B\u00f3xer<\/a><\/strong>. <\/p>\n\n\n\n<p>La tracci\u00f3n integral ofrece un plus de seguridad ya que distribuye de forma \u00f3ptima y permanente el par entre las 4 ruedas en todo momento, lo que se traduce en un <strong>insuperable control del coche y una conducci\u00f3n estable y divertida<\/strong> en ante cualquier tipo de condiciones. <\/p>\n\n\n\n<p>El <strong>motor el\u00e9ctrico<\/strong> de la <a href=\"https:\/\/www.subaru.es\/gamaeco-hibridos\" target=\"_blank\" rel=\"noreferrer noopener\">gama Subaru ecoHYBRID<\/a> reduce el consumo y las emisiones, mejora la respuesta en cualquier circunstancia y genera un plus de potencia inmediata que mejora la capacidad de tracci\u00f3n en las situaciones m\u00e1s dif\u00edciles afrontando con la <strong>m\u00e1xima seguridad <\/strong>cualquier tipo de desplazamiento. <\/p>\n\n\n\n<div class=\"wp-block-image\"><figure class=\"aligncenter size-medium\"><img decoding=\"async\" width=\"560\" height=\"373\" data-src=\"https:\/\/www.subaru.es\/blog\/wp-content\/uploads\/2020\/09\/XVForester-ecoHYBRID-2-560x373.jpg\" alt=\"Gama Subaru ecoHYBRID\" class=\"wp-image-22553 lazyload\" data-srcset=\"https:\/\/www.subaru.es\/blog\/wp-content\/uploads\/2020\/09\/XVForester-ecoHYBRID-2-560x373.jpg 560w, https:\/\/www.subaru.es\/blog\/wp-content\/uploads\/2020\/09\/XVForester-ecoHYBRID-2-1440x958.jpg 1440w, https:\/\/www.subaru.es\/blog\/wp-content\/uploads\/2020\/09\/XVForester-ecoHYBRID-2-768x511.jpg 768w, https:\/\/www.subaru.es\/blog\/wp-content\/uploads\/2020\/09\/XVForester-ecoHYBRID-2-1536x1022.jpg 1536w, https:\/\/www.subaru.es\/blog\/wp-content\/uploads\/2020\/09\/XVForester-ecoHYBRID-2-2048x1363.jpg 2048w\" data-sizes=\"(max-width: 560px) 100vw, 560px\" src=\"data:image\/svg+xml;base64,PHN2ZyB3aWR0aD0iMSIgaGVpZ2h0PSIxIiB4bWxucz0iaHR0cDovL3d3dy53My5vcmcvMjAwMC9zdmciPjwvc3ZnPg==\" style=\"--smush-placeholder-width: 560px; --smush-placeholder-aspect-ratio: 560\/373;\" \/><\/figure><\/div>\n\n\n\n<p>La gama h\u00edbrida de Subaru formada por <a href=\"https:\/\/www.subaru.es\/vehiculos\/xv\" target=\"_blank\" rel=\"noreferrer noopener\">XV ecoHYBRID<\/a> y <a href=\"https:\/\/www.subaru.es\/vehiculos\/forester\">Forester ecoHYBRID<\/a> equipan el sistema de seguridad preventiva EyeSight y tracci\u00f3n integral permanente ofreciendo unos veh\u00edculos altamente seguros. Con Subaru la diversi\u00f3n en la conducci\u00f3n est\u00e1 asegurada, s\u00f3lo te toca a ti elegir el destino.<\/p>\n","protected":false},"excerpt":{"rendered":"<p>Nuestra Gama Subaru ecoHYBRID responde con los m\u00e1s altos est\u00e1ndares de seguridad, robustez y la capacidad de llegar pr\u00e1cticamente a cualquier lugar. La hibridaci\u00f3n significa un paso adelante en cuanto a ecolog\u00eda, sin dar un paso atr\u00e1s en cuanto a seguridad y diversi\u00f3n de conducci\u00f3n dentro y fuera del asfalto. La seguridad se ha convertido [&hellip;]<\/p>\n","protected":false},"author":21,"featured_media":22534,"comment_status":"open","ping_status":"closed","sticky":false,"template":"","format":"standard","meta":{"_acf_changed":false,"_eb_attr":"","inline_featured_image":false,"footnotes":""},"categories":[4401],"tags":[4405,5106,4939,5047,5137,5129,5136,4575,5094,5083,5120,4219,5122,3300],"class_list":["post-22517","post","type-post","status-publish","format-standard","has-post-thumbnail","hentry","category-nuestra-marca","tag-all-around-safety","tag-coches-eco","tag-eco","tag-eco-hybrid-2","tag-forester-ecohybrid","tag-gama-subaru-ecohybrid","tag-s-awd","tag-seguridad-subaru","tag-subaru-forester-ecohybrid","tag-subaru-xv-ecohybrid","tag-tarjeta-eco","tag-tecnologia-subaru","tag-traccion-total-simetrica-2","tag-vehiculos-ecologicos"],"acf":[],"yoast_head":"<!-- This site is optimized with the Yoast SEO plugin v27.3 - https:\/\/yoast.com\/product\/yoast-seo-wordpress\/ -->\n<title>Subaru ecoHYBRID, seguridad el 100% del trayecto - Universo Subaru<\/title>\n<meta name=\"description\" content=\"La Gama Subaru ecoHYBRID significa un paso adelante en cuanto a ecolog\u00eda, sin dar un paso atr\u00e1s en seguridad y diversi\u00f3n dentro y fuera del asfalto.\" \/>\n<meta name=\"robots\" content=\"index, follow, max-snippet:-1, max-image-preview:large, max-video-preview:-1\" \/>\n<link rel=\"canonical\" href=\"https:\/\/www.subaru.es\/blog\/nuestra-marca\/subaru-ecohybrid-sientete-protegido-todo-el-trayecto\/\" \/>\n<meta property=\"og:locale\" content=\"es_ES\" \/>\n<meta property=\"og:type\" content=\"article\" \/>\n<meta property=\"og:title\" content=\"Subaru ecoHYBRID, seguridad el 100% del trayecto - Universo Subaru\" \/>\n<meta property=\"og:description\" content=\"La Gama Subaru ecoHYBRID significa un paso adelante en cuanto a ecolog\u00eda, sin dar un paso atr\u00e1s en seguridad y diversi\u00f3n dentro y fuera del asfalto.\" \/>\n<meta property=\"og:url\" content=\"https:\/\/www.subaru.es\/blog\/nuestra-marca\/subaru-ecohybrid-sientete-protegido-todo-el-trayecto\/\" \/>\n<meta property=\"og:site_name\" content=\"Universo Subaru\" \/>\n<meta property=\"article:publisher\" content=\"https:\/\/www.facebook.com\/subaruespana\" \/>\n<meta property=\"article:published_time\" content=\"2020-09-28T12:21:05+00:00\" \/>\n<meta property=\"article:modified_time\" content=\"2020-10-01T11:04:55+00:00\" \/>\n<meta property=\"og:image\" content=\"https:\/\/www.subaru.es\/blog\/wp-content\/uploads\/2020\/09\/Subaru-XV-ecoHYBRID-3-1440x725.png\" \/>\n\t<meta property=\"og:image:width\" content=\"1440\" \/>\n\t<meta property=\"og:image:height\" content=\"725\" \/>\n\t<meta property=\"og:image:type\" content=\"image\/png\" \/>\n<meta name=\"author\" content=\"Subaru\" \/>\n<meta name=\"twitter:card\" content=\"summary_large_image\" \/>\n<meta name=\"twitter:label1\" content=\"Escrito por\" \/>\n\t<meta name=\"twitter:data1\" content=\"Subaru\" \/>\n\t<meta name=\"twitter:label2\" content=\"Tiempo de lectura\" \/>\n\t<meta name=\"twitter:data2\" content=\"3 minutos\" \/>\n<script type=\"application\/ld+json\" class=\"yoast-schema-graph\">{\"@context\":\"https:\\\/\\\/schema.org\",\"@graph\":[{\"@type\":\"Article\",\"@id\":\"https:\\\/\\\/www.subaru.es\\\/blog\\\/nuestra-marca\\\/subaru-ecohybrid-sientete-protegido-todo-el-trayecto\\\/#article\",\"isPartOf\":{\"@id\":\"https:\\\/\\\/www.subaru.es\\\/blog\\\/nuestra-marca\\\/subaru-ecohybrid-sientete-protegido-todo-el-trayecto\\\/\"},\"author\":{\"name\":\"Subaru\",\"@id\":\"https:\\\/\\\/www.subaru.es\\\/blog\\\/#\\\/schema\\\/person\\\/19a90b892230b8e0ec752704ddf4aa10\"},\"headline\":\"Subaru ecoHYBRID, seguridad el 100% del trayecto\",\"datePublished\":\"2020-09-28T12:21:05+00:00\",\"dateModified\":\"2020-10-01T11:04:55+00:00\",\"mainEntityOfPage\":{\"@id\":\"https:\\\/\\\/www.subaru.es\\\/blog\\\/nuestra-marca\\\/subaru-ecohybrid-sientete-protegido-todo-el-trayecto\\\/\"},\"wordCount\":526,\"commentCount\":0,\"publisher\":{\"@id\":\"https:\\\/\\\/www.subaru.es\\\/blog\\\/#organization\"},\"image\":{\"@id\":\"https:\\\/\\\/www.subaru.es\\\/blog\\\/nuestra-marca\\\/subaru-ecohybrid-sientete-protegido-todo-el-trayecto\\\/#primaryimage\"},\"thumbnailUrl\":\"https:\\\/\\\/www.subaru.es\\\/blog\\\/wp-content\\\/uploads\\\/2020\\\/09\\\/Subaru-XV-ecoHYBRID-3-scaled.png\",\"keywords\":[\"all around safety\",\"coches eco\",\"eco\",\"Eco Hybrid\",\"Forester ecoHYBRID\",\"Gama Subaru ecoHYBRID\",\"S-AWD\",\"Seguridad Subaru\",\"Subaru Forester ecoHYBRID\",\"Subaru XV ecoHYBRID\",\"Tarjeta eco\",\"Tecnolog\u00eda Subaru\",\"Tracci\u00f3n Total Sim\u00e9trica\",\"veh\u00edculos ecol\u00f3gicos\"],\"articleSection\":[\"Nuestra marca\"],\"inLanguage\":\"es\",\"potentialAction\":[{\"@type\":\"CommentAction\",\"name\":\"Comment\",\"target\":[\"https:\\\/\\\/www.subaru.es\\\/blog\\\/nuestra-marca\\\/subaru-ecohybrid-sientete-protegido-todo-el-trayecto\\\/#respond\"]}]},{\"@type\":\"WebPage\",\"@id\":\"https:\\\/\\\/www.subaru.es\\\/blog\\\/nuestra-marca\\\/subaru-ecohybrid-sientete-protegido-todo-el-trayecto\\\/\",\"url\":\"https:\\\/\\\/www.subaru.es\\\/blog\\\/nuestra-marca\\\/subaru-ecohybrid-sientete-protegido-todo-el-trayecto\\\/\",\"name\":\"Subaru ecoHYBRID, seguridad el 100% del trayecto - Universo Subaru\",\"isPartOf\":{\"@id\":\"https:\\\/\\\/www.subaru.es\\\/blog\\\/#website\"},\"primaryImageOfPage\":{\"@id\":\"https:\\\/\\\/www.subaru.es\\\/blog\\\/nuestra-marca\\\/subaru-ecohybrid-sientete-protegido-todo-el-trayecto\\\/#primaryimage\"},\"image\":{\"@id\":\"https:\\\/\\\/www.subaru.es\\\/blog\\\/nuestra-marca\\\/subaru-ecohybrid-sientete-protegido-todo-el-trayecto\\\/#primaryimage\"},\"thumbnailUrl\":\"https:\\\/\\\/www.subaru.es\\\/blog\\\/wp-content\\\/uploads\\\/2020\\\/09\\\/Subaru-XV-ecoHYBRID-3-scaled.png\",\"datePublished\":\"2020-09-28T12:21:05+00:00\",\"dateModified\":\"2020-10-01T11:04:55+00:00\",\"description\":\"La Gama Subaru ecoHYBRID significa un paso adelante en cuanto a ecolog\u00eda, sin dar un paso atr\u00e1s en seguridad y diversi\u00f3n dentro y fuera del asfalto.\",\"breadcrumb\":{\"@id\":\"https:\\\/\\\/www.subaru.es\\\/blog\\\/nuestra-marca\\\/subaru-ecohybrid-sientete-protegido-todo-el-trayecto\\\/#breadcrumb\"},\"inLanguage\":\"es\",\"potentialAction\":[{\"@type\":\"ReadAction\",\"target\":[\"https:\\\/\\\/www.subaru.es\\\/blog\\\/nuestra-marca\\\/subaru-ecohybrid-sientete-protegido-todo-el-trayecto\\\/\"]}]},{\"@type\":\"ImageObject\",\"inLanguage\":\"es\",\"@id\":\"https:\\\/\\\/www.subaru.es\\\/blog\\\/nuestra-marca\\\/subaru-ecohybrid-sientete-protegido-todo-el-trayecto\\\/#primaryimage\",\"url\":\"https:\\\/\\\/www.subaru.es\\\/blog\\\/wp-content\\\/uploads\\\/2020\\\/09\\\/Subaru-XV-ecoHYBRID-3-scaled.png\",\"contentUrl\":\"https:\\\/\\\/www.subaru.es\\\/blog\\\/wp-content\\\/uploads\\\/2020\\\/09\\\/Subaru-XV-ecoHYBRID-3-scaled.png\",\"width\":2560,\"height\":1288,\"caption\":\"Subaru XV ecoHYBRID\"},{\"@type\":\"BreadcrumbList\",\"@id\":\"https:\\\/\\\/www.subaru.es\\\/blog\\\/nuestra-marca\\\/subaru-ecohybrid-sientete-protegido-todo-el-trayecto\\\/#breadcrumb\",\"itemListElement\":[{\"@type\":\"ListItem\",\"position\":1,\"name\":\"Portada\",\"item\":\"https:\\\/\\\/www.subaru.es\\\/blog\\\/\"},{\"@type\":\"ListItem\",\"position\":2,\"name\":\"Subaru ecoHYBRID, seguridad el 100% del trayecto\"}]},{\"@type\":\"WebSite\",\"@id\":\"https:\\\/\\\/www.subaru.es\\\/blog\\\/#website\",\"url\":\"https:\\\/\\\/www.subaru.es\\\/blog\\\/\",\"name\":\"Universo Subaru\",\"description\":\"Descubre este apasionante espacio de Subaru donde vas a conocer todo sobre nuestros coches y las experiencias que vivimos con ellos. Si est\u00e1s preparado para dejarte seducir por la filosof\u00eda Subaru, qu\u00e9date con nosotros.\",\"publisher\":{\"@id\":\"https:\\\/\\\/www.subaru.es\\\/blog\\\/#organization\"},\"potentialAction\":[{\"@type\":\"SearchAction\",\"target\":{\"@type\":\"EntryPoint\",\"urlTemplate\":\"https:\\\/\\\/www.subaru.es\\\/blog\\\/?s={search_term_string}\"},\"query-input\":{\"@type\":\"PropertyValueSpecification\",\"valueRequired\":true,\"valueName\":\"search_term_string\"}}],\"inLanguage\":\"es\"},{\"@type\":\"Organization\",\"@id\":\"https:\\\/\\\/www.subaru.es\\\/blog\\\/#organization\",\"name\":\"Subaru Espa\u00f1a S.A.\",\"url\":\"https:\\\/\\\/www.subaru.es\\\/blog\\\/\",\"logo\":{\"@type\":\"ImageObject\",\"inLanguage\":\"es\",\"@id\":\"https:\\\/\\\/www.subaru.es\\\/blog\\\/#\\\/schema\\\/logo\\\/image\\\/\",\"url\":\"https:\\\/\\\/www.subaru.es\\\/blog\\\/wp-content\\\/uploads\\\/2016\\\/12\\\/Logo-Subaru-TypeV_C300-scaled.jpg\",\"contentUrl\":\"https:\\\/\\\/www.subaru.es\\\/blog\\\/wp-content\\\/uploads\\\/2016\\\/12\\\/Logo-Subaru-TypeV_C300-scaled.jpg\",\"width\":2560,\"height\":1864,\"caption\":\"Subaru Espa\u00f1a S.A.\"},\"image\":{\"@id\":\"https:\\\/\\\/www.subaru.es\\\/blog\\\/#\\\/schema\\\/logo\\\/image\\\/\"},\"sameAs\":[\"https:\\\/\\\/www.facebook.com\\\/subaruespana\",\"https:\\\/\\\/www.instagram.com\\\/subarues\\\/\",\"https:\\\/\\\/www.youtube.com\\\/user\\\/subaruespana\"]},{\"@type\":\"Person\",\"@id\":\"https:\\\/\\\/www.subaru.es\\\/blog\\\/#\\\/schema\\\/person\\\/19a90b892230b8e0ec752704ddf4aa10\",\"name\":\"Subaru\",\"url\":\"https:\\\/\\\/www.subaru.es\\\/blog\\\/author\\\/subaria\\\/\"}]}<\/script>\n<!-- \/ Yoast SEO plugin. -->","yoast_head_json":{"title":"Subaru ecoHYBRID, seguridad el 100% del trayecto - Universo Subaru","description":"La Gama Subaru ecoHYBRID significa un paso adelante en cuanto a ecolog\u00eda, sin dar un paso atr\u00e1s en seguridad y diversi\u00f3n dentro y fuera del asfalto.","robots":{"index":"index","follow":"follow","max-snippet":"max-snippet:-1","max-image-preview":"max-image-preview:large","max-video-preview":"max-video-preview:-1"},"canonical":"https:\/\/www.subaru.es\/blog\/nuestra-marca\/subaru-ecohybrid-sientete-protegido-todo-el-trayecto\/","og_locale":"es_ES","og_type":"article","og_title":"Subaru ecoHYBRID, seguridad el 100% del trayecto - Universo Subaru","og_description":"La Gama Subaru ecoHYBRID significa un paso adelante en cuanto a ecolog\u00eda, sin dar un paso atr\u00e1s en seguridad y diversi\u00f3n dentro y fuera del asfalto.","og_url":"https:\/\/www.subaru.es\/blog\/nuestra-marca\/subaru-ecohybrid-sientete-protegido-todo-el-trayecto\/","og_site_name":"Universo Subaru","article_publisher":"https:\/\/www.facebook.com\/subaruespana","article_published_time":"2020-09-28T12:21:05+00:00","article_modified_time":"2020-10-01T11:04:55+00:00","og_image":[{"width":1440,"height":725,"url":"https:\/\/www.subaru.es\/blog\/wp-content\/uploads\/2020\/09\/Subaru-XV-ecoHYBRID-3-1440x725.png","type":"image\/png"}],"author":"Subaru","twitter_card":"summary_large_image","twitter_misc":{"Escrito por":"Subaru","Tiempo de lectura":"3 minutos"},"schema":{"@context":"https:\/\/schema.org","@graph":[{"@type":"Article","@id":"https:\/\/www.subaru.es\/blog\/nuestra-marca\/subaru-ecohybrid-sientete-protegido-todo-el-trayecto\/#article","isPartOf":{"@id":"https:\/\/www.subaru.es\/blog\/nuestra-marca\/subaru-ecohybrid-sientete-protegido-todo-el-trayecto\/"},"author":{"name":"Subaru","@id":"https:\/\/www.subaru.es\/blog\/#\/schema\/person\/19a90b892230b8e0ec752704ddf4aa10"},"headline":"Subaru ecoHYBRID, seguridad el 100% del trayecto","datePublished":"2020-09-28T12:21:05+00:00","dateModified":"2020-10-01T11:04:55+00:00","mainEntityOfPage":{"@id":"https:\/\/www.subaru.es\/blog\/nuestra-marca\/subaru-ecohybrid-sientete-protegido-todo-el-trayecto\/"},"wordCount":526,"commentCount":0,"publisher":{"@id":"https:\/\/www.subaru.es\/blog\/#organization"},"image":{"@id":"https:\/\/www.subaru.es\/blog\/nuestra-marca\/subaru-ecohybrid-sientete-protegido-todo-el-trayecto\/#primaryimage"},"thumbnailUrl":"https:\/\/www.subaru.es\/blog\/wp-content\/uploads\/2020\/09\/Subaru-XV-ecoHYBRID-3-scaled.png","keywords":["all around safety","coches eco","eco","Eco Hybrid","Forester ecoHYBRID","Gama Subaru ecoHYBRID","S-AWD","Seguridad Subaru","Subaru Forester ecoHYBRID","Subaru XV ecoHYBRID","Tarjeta eco","Tecnolog\u00eda Subaru","Tracci\u00f3n Total Sim\u00e9trica","veh\u00edculos ecol\u00f3gicos"],"articleSection":["Nuestra marca"],"inLanguage":"es","potentialAction":[{"@type":"CommentAction","name":"Comment","target":["https:\/\/www.subaru.es\/blog\/nuestra-marca\/subaru-ecohybrid-sientete-protegido-todo-el-trayecto\/#respond"]}]},{"@type":"WebPage","@id":"https:\/\/www.subaru.es\/blog\/nuestra-marca\/subaru-ecohybrid-sientete-protegido-todo-el-trayecto\/","url":"https:\/\/www.subaru.es\/blog\/nuestra-marca\/subaru-ecohybrid-sientete-protegido-todo-el-trayecto\/","name":"Subaru ecoHYBRID, seguridad el 100% del trayecto - Universo Subaru","isPartOf":{"@id":"https:\/\/www.subaru.es\/blog\/#website"},"primaryImageOfPage":{"@id":"https:\/\/www.subaru.es\/blog\/nuestra-marca\/subaru-ecohybrid-sientete-protegido-todo-el-trayecto\/#primaryimage"},"image":{"@id":"https:\/\/www.subaru.es\/blog\/nuestra-marca\/subaru-ecohybrid-sientete-protegido-todo-el-trayecto\/#primaryimage"},"thumbnailUrl":"https:\/\/www.subaru.es\/blog\/wp-content\/uploads\/2020\/09\/Subaru-XV-ecoHYBRID-3-scaled.png","datePublished":"2020-09-28T12:21:05+00:00","dateModified":"2020-10-01T11:04:55+00:00","description":"La Gama Subaru ecoHYBRID significa un paso adelante en cuanto a ecolog\u00eda, sin dar un paso atr\u00e1s en seguridad y diversi\u00f3n dentro y fuera del asfalto.","breadcrumb":{"@id":"https:\/\/www.subaru.es\/blog\/nuestra-marca\/subaru-ecohybrid-sientete-protegido-todo-el-trayecto\/#breadcrumb"},"inLanguage":"es","potentialAction":[{"@type":"ReadAction","target":["https:\/\/www.subaru.es\/blog\/nuestra-marca\/subaru-ecohybrid-sientete-protegido-todo-el-trayecto\/"]}]},{"@type":"ImageObject","inLanguage":"es","@id":"https:\/\/www.subaru.es\/blog\/nuestra-marca\/subaru-ecohybrid-sientete-protegido-todo-el-trayecto\/#primaryimage","url":"https:\/\/www.subaru.es\/blog\/wp-content\/uploads\/2020\/09\/Subaru-XV-ecoHYBRID-3-scaled.png","contentUrl":"https:\/\/www.subaru.es\/blog\/wp-content\/uploads\/2020\/09\/Subaru-XV-ecoHYBRID-3-scaled.png","width":2560,"height":1288,"caption":"Subaru XV ecoHYBRID"},{"@type":"BreadcrumbList","@id":"https:\/\/www.subaru.es\/blog\/nuestra-marca\/subaru-ecohybrid-sientete-protegido-todo-el-trayecto\/#breadcrumb","itemListElement":[{"@type":"ListItem","position":1,"name":"Portada","item":"https:\/\/www.subaru.es\/blog\/"},{"@type":"ListItem","position":2,"name":"Subaru ecoHYBRID, seguridad el 100% del trayecto"}]},{"@type":"WebSite","@id":"https:\/\/www.subaru.es\/blog\/#website","url":"https:\/\/www.subaru.es\/blog\/","name":"Universo Subaru","description":"Descubre este apasionante espacio de Subaru donde vas a conocer todo sobre nuestros coches y las experiencias que vivimos con ellos. Si est\u00e1s preparado para dejarte seducir por la filosof\u00eda Subaru, qu\u00e9date con nosotros.","publisher":{"@id":"https:\/\/www.subaru.es\/blog\/#organization"},"potentialAction":[{"@type":"SearchAction","target":{"@type":"EntryPoint","urlTemplate":"https:\/\/www.subaru.es\/blog\/?s={search_term_string}"},"query-input":{"@type":"PropertyValueSpecification","valueRequired":true,"valueName":"search_term_string"}}],"inLanguage":"es"},{"@type":"Organization","@id":"https:\/\/www.subaru.es\/blog\/#organization","name":"Subaru Espa\u00f1a S.A.","url":"https:\/\/www.subaru.es\/blog\/","logo":{"@type":"ImageObject","inLanguage":"es","@id":"https:\/\/www.subaru.es\/blog\/#\/schema\/logo\/image\/","url":"https:\/\/www.subaru.es\/blog\/wp-content\/uploads\/2016\/12\/Logo-Subaru-TypeV_C300-scaled.jpg","contentUrl":"https:\/\/www.subaru.es\/blog\/wp-content\/uploads\/2016\/12\/Logo-Subaru-TypeV_C300-scaled.jpg","width":2560,"height":1864,"caption":"Subaru Espa\u00f1a S.A."},"image":{"@id":"https:\/\/www.subaru.es\/blog\/#\/schema\/logo\/image\/"},"sameAs":["https:\/\/www.facebook.com\/subaruespana","https:\/\/www.instagram.com\/subarues\/","https:\/\/www.youtube.com\/user\/subaruespana"]},{"@type":"Person","@id":"https:\/\/www.subaru.es\/blog\/#\/schema\/person\/19a90b892230b8e0ec752704ddf4aa10","name":"Subaru","url":"https:\/\/www.subaru.es\/blog\/author\/subaria\/"}]}},"_links":{"self":[{"href":"https:\/\/www.subaru.es\/blog\/wp-json\/wp\/v2\/posts\/22517","targetHints":{"allow":["GET"]}}],"collection":[{"href":"https:\/\/www.subaru.es\/blog\/wp-json\/wp\/v2\/posts"}],"about":[{"href":"https:\/\/www.subaru.es\/blog\/wp-json\/wp\/v2\/types\/post"}],"author":[{"embeddable":true,"href":"https:\/\/www.subaru.es\/blog\/wp-json\/wp\/v2\/users\/21"}],"replies":[{"embeddable":true,"href":"https:\/\/www.subaru.es\/blog\/wp-json\/wp\/v2\/comments?post=22517"}],"version-history":[{"count":20,"href":"https:\/\/www.subaru.es\/blog\/wp-json\/wp\/v2\/posts\/22517\/revisions"}],"predecessor-version":[{"id":22555,"href":"https:\/\/www.subaru.es\/blog\/wp-json\/wp\/v2\/posts\/22517\/revisions\/22555"}],"wp:featuredmedia":[{"embeddable":true,"href":"https:\/\/www.subaru.es\/blog\/wp-json\/wp\/v2\/media\/22534"}],"wp:attachment":[{"href":"https:\/\/www.subaru.es\/blog\/wp-json\/wp\/v2\/media?parent=22517"}],"wp:term":[{"taxonomy":"category","embeddable":true,"href":"https:\/\/www.subaru.es\/blog\/wp-json\/wp\/v2\/categories?post=22517"},{"taxonomy":"post_tag","embeddable":true,"href":"https:\/\/www.subaru.es\/blog\/wp-json\/wp\/v2\/tags?post=22517"}],"curies":[{"name":"wp","href":"https:\/\/api.w.org\/{rel}","templated":true}]}}