{"id":22497,"date":"2020-09-17T17:20:19","date_gmt":"2020-09-17T15:20:19","guid":{"rendered":"https:\/\/www.subaru.es\/blog\/?p=22497"},"modified":"2020-09-17T17:20:23","modified_gmt":"2020-09-17T15:20:23","slug":"traccion-total-simetrica-evolucion","status":"publish","type":"post","link":"https:\/\/www.subaru.es\/blog\/nuestra-marca\/traccion-total-simetrica-evolucion\/","title":{"rendered":"Tracci\u00f3n total sim\u00e9trica de Subaru: la historia de su evoluci\u00f3n"},"content":{"rendered":"\n<p>La <strong>tracci\u00f3n integral, sim\u00e9trica y permanente de <a href=\"https:\/\/www.subaru.es\/\" target=\"_blank\" rel=\"noreferrer noopener\">Subaru<\/a> ha sido, y es, el principal elemento diferenciador<\/strong> de nuestros modelos. Esto ha afianzado uno de nuestros valores principales, la seguridad.&nbsp;<\/p>\n\n\n\n<p>Nuestro <strong><a href=\"https:\/\/www.subaru.es\/tecnologia\/ssymetical-awd\" target=\"_blank\" rel=\"noreferrer noopener\">sistema AWD<\/a> contribuye de forma decisiva a reducir accidentes<\/strong> y hoy te traemos su historia. \u00bfQuieres conocerla?&nbsp;<\/p>\n\n\n\n<p>Tras casi 20 millones de unidades fabricadas y despu\u00e9s de cumplirse los 48 a\u00f1os desde que el primer Subaru con Symmetrical All-Wheel Drive (AWD) saliera al mercado, este sistema de seguridad sigue siendo una de nuestras se\u00f1as de identidad junto con el motor b\u00f3xer. <strong>La gran mayor\u00eda de nuestros veh\u00edculos (un 99%) siguen equipando la tracci\u00f3n total sim\u00e9trica de serie, incluidos los modelos de la <a href=\"https:\/\/www.subaru.es\/gamaeco-hibridos\" target=\"_blank\" rel=\"noreferrer noopener\">gama h\u00edbrida ecoHYBRID<\/a><\/strong> que mantienen el esp\u00edritu Subarista.<\/p>\n\n\n\n<h3 class=\"wp-block-heading\">Subaru Leone Estate Van, pionero de la tracci\u00f3n total sim\u00e9trica<\/h3>\n\n\n\n<p>Hasta el a\u00f1o 1972, la tracci\u00f3n a las cuatro ruedas se limitaba a los coches todo terreno, pero <strong>en Subaru decidimos diferenciar nuestros veh\u00edculos apostando por incluir de serie la tecnolog\u00eda <a href=\"https:\/\/www.subaru.es\/tecnologia\/symmetical-awd%22%20%5Ct%20%22_blank\" target=\"_blank\" rel=\"noreferrer noopener\">4WD Symmetrical All-Wheel Drive<\/a>.&nbsp;<\/strong><\/p>\n\n\n\n<div class=\"wp-block-image\"><figure class=\"aligncenter size-large is-resized\"><img decoding=\"async\" data-src=\"https:\/\/www.subaru.es\/blog\/wp-content\/uploads\/2020\/09\/Subaru-Leone-Estate-Van-1972-1440x908.jpg\" alt=\"Subaru Leone, pionero en tracci\u00f3n total sim\u00e9trica\" class=\"wp-image-22499 lazyload\" width=\"580\" height=\"365\" data-srcset=\"https:\/\/www.subaru.es\/blog\/wp-content\/uploads\/2020\/09\/Subaru-Leone-Estate-Van-1972-1440x908.jpg 1440w, https:\/\/www.subaru.es\/blog\/wp-content\/uploads\/2020\/09\/Subaru-Leone-Estate-Van-1972-560x353.jpg 560w, https:\/\/www.subaru.es\/blog\/wp-content\/uploads\/2020\/09\/Subaru-Leone-Estate-Van-1972-768x484.jpg 768w, https:\/\/www.subaru.es\/blog\/wp-content\/uploads\/2020\/09\/Subaru-Leone-Estate-Van-1972-1536x968.jpg 1536w, https:\/\/www.subaru.es\/blog\/wp-content\/uploads\/2020\/09\/Subaru-Leone-Estate-Van-1972-2048x1291.jpg 2048w\" data-sizes=\"(max-width: 580px) 100vw, 580px\" src=\"data:image\/svg+xml;base64,PHN2ZyB3aWR0aD0iMSIgaGVpZ2h0PSIxIiB4bWxucz0iaHR0cDovL3d3dy53My5vcmcvMjAwMC9zdmciPjwvc3ZnPg==\" style=\"--smush-placeholder-width: 580px; --smush-placeholder-aspect-ratio: 580\/365;\" \/><\/figure><\/div>\n\n\n\n<p><strong>El primer modelo Subaru en incluir esta tecnolog\u00eda fue el Leone Estate Van. <\/strong>Este modelo no dispon\u00eda de tracci\u00f3n integral de forma permanente, sino que incorporaba una \u201ctracci\u00f3n delantera\u201d con la opci\u00f3n de conectar la tracci\u00f3n a las cuatro ruedas a trav\u00e9s de un bot\u00f3n junto a la palanca de cambios. Otra de las grandes aportaciones de este modelo, que hoy en d\u00eda est\u00e1 presente en nuestros veh\u00edculos, fue el control de arranque en pendiente. Estas innovaciones hicieron que el Leone Estate Van se convirtiera en el veh\u00edculo de tracci\u00f3n total m\u00e1s vendido a nivel mundial.<\/p>\n\n\n\n<p>Unos a\u00f1os m\u00e1s tarde, lanz\u00e1bamos en el mercado americano <strong>el <a href=\"https:\/\/www.subaru.es\/blog\/nuestra-marca\/subaru-brat-mito\/%22%20%5Ct%20%22_blank\" target=\"_blank\" rel=\"noreferrer noopener\">Subaru Brat<\/a>. Un pick-up basado en el Leone 4WD, tambi\u00e9n con tracci\u00f3n total conectable<\/strong>. Como curiosidad, tuvo al expresidente Ronald Reagan entre sus ilustres propietarios.<\/p>\n\n\n\n<p>En 1980, el \u00e9xito de la tracci\u00f3n 4WD, nos llev\u00f3 a lanzar segunda generaci\u00f3n del modelo. En esta renovaci\u00f3n incluimos algunas mejoras con la intenci\u00f3n de mejorar su rendimiento en conducci\u00f3n Off Road.&nbsp;<\/p>\n\n\n\n<p>Pero no fue hasta 1987 cuando sali\u00f3<strong> nuestro primer modelo con tracci\u00f3n total permanente, el Alcyone. <\/strong>Este Subaru llevaba comercializ\u00e1ndose dos a\u00f1os y fue entonces cuando se le incorpor\u00f3 el sistema AWD de forma permanente.<\/p>\n\n\n\n<figure class=\"wp-block-image size-large\"><img decoding=\"async\" width=\"1440\" height=\"1043\" data-src=\"https:\/\/www.subaru.es\/blog\/wp-content\/uploads\/2020\/09\/Subaru-Alcyone-1987-1440x1043.jpg\" alt=\"Alcyone, primer Subaru con tracci\u00f3n total permanente\" class=\"wp-image-22500 lazyload\" data-srcset=\"https:\/\/www.subaru.es\/blog\/wp-content\/uploads\/2020\/09\/Subaru-Alcyone-1987-1440x1043.jpg 1440w, https:\/\/www.subaru.es\/blog\/wp-content\/uploads\/2020\/09\/Subaru-Alcyone-1987-560x406.jpg 560w, https:\/\/www.subaru.es\/blog\/wp-content\/uploads\/2020\/09\/Subaru-Alcyone-1987-768x556.jpg 768w, https:\/\/www.subaru.es\/blog\/wp-content\/uploads\/2020\/09\/Subaru-Alcyone-1987-1536x1112.jpg 1536w, https:\/\/www.subaru.es\/blog\/wp-content\/uploads\/2020\/09\/Subaru-Alcyone-1987-2048x1483.jpg 2048w\" data-sizes=\"(max-width: 1440px) 100vw, 1440px\" src=\"data:image\/svg+xml;base64,PHN2ZyB3aWR0aD0iMSIgaGVpZ2h0PSIxIiB4bWxucz0iaHR0cDovL3d3dy53My5vcmcvMjAwMC9zdmciPjwvc3ZnPg==\" style=\"--smush-placeholder-width: 1440px; --smush-placeholder-aspect-ratio: 1440\/1043;\" \/><\/figure>\n\n\n\n<h3 class=\"wp-block-heading\">La tracci\u00f3n total sim\u00e9trica en competici\u00f3n<\/h3>\n\n\n\n<p><strong>La eficacia de la tracci\u00f3n de nuestros Subaru se hizo m\u00e1s que evidente cuando dieron impresionantes resultados&nbsp; en el mundo de la competici\u00f3n<\/strong>. Nuestros coches venciendo a los mayores fabricantes de autom\u00f3viles del mundo y explotando al m\u00e1ximo las virtudes de las versiones de calle. Un bajo centro de gravedad, eficaz tracci\u00f3n, rigidez y fiabilidad fueron las claves del \u00e9xito en el exigente mundo de la competici\u00f3n. Llegando a obtener tres t\u00edtulos mundiales como fabricante en el WRC (1995, 1996, 1997) m\u00e1s otros tres en la categor\u00eda de pilotos (1995, 2001, 2003).<\/p>\n\n\n\n<p>Ya en la d\u00e9cada de los 90, la experiencia en la producci\u00f3n de veh\u00edculos con tracci\u00f3n total nos llevo a ser <strong>pioneros del segmento <em>crossover<\/em> 4&#215;4. La llegada del primer <a href=\"https:\/\/www.subaru.es\/vehiculos\/outback\" target=\"_blank\" rel=\"noreferrer noopener\">Outback<\/a> en 1995<\/strong> y la primera generaci\u00f3n del Forester 1997, dieron paso a un nuevo segmento de mercado que aunaba lo mejor de ambos mundos.<\/p>\n\n\n\n<figure class=\"wp-block-image size-large\"><img decoding=\"async\" width=\"1440\" height=\"960\" data-src=\"https:\/\/www.subaru.es\/blog\/wp-content\/uploads\/2020\/09\/Subaru-WRC-2000-1440x960.jpg\" alt=\"Tracci\u00f3n total sim\u00e9trica en Rally\" class=\"wp-image-22503 lazyload\" data-srcset=\"https:\/\/www.subaru.es\/blog\/wp-content\/uploads\/2020\/09\/Subaru-WRC-2000-1440x960.jpg 1440w, https:\/\/www.subaru.es\/blog\/wp-content\/uploads\/2020\/09\/Subaru-WRC-2000-560x373.jpg 560w, https:\/\/www.subaru.es\/blog\/wp-content\/uploads\/2020\/09\/Subaru-WRC-2000-768x512.jpg 768w, https:\/\/www.subaru.es\/blog\/wp-content\/uploads\/2020\/09\/Subaru-WRC-2000-1536x1024.jpg 1536w, https:\/\/www.subaru.es\/blog\/wp-content\/uploads\/2020\/09\/Subaru-WRC-2000-2048x1365.jpg 2048w\" data-sizes=\"(max-width: 1440px) 100vw, 1440px\" src=\"data:image\/svg+xml;base64,PHN2ZyB3aWR0aD0iMSIgaGVpZ2h0PSIxIiB4bWxucz0iaHR0cDovL3d3dy53My5vcmcvMjAwMC9zdmciPjwvc3ZnPg==\" style=\"--smush-placeholder-width: 1440px; --smush-placeholder-aspect-ratio: 1440\/960;\" \/><\/figure>\n\n\n\n<h3 class=\"wp-block-heading\">Tracci\u00f3n total permanente es sin\u00f3nimo de seguridad<\/h3>\n\n\n\n<p><strong>El sistema de tracci\u00f3n permanente AWD <\/strong>ha evolucionado, siendo un pilar fundamental para llevar la<strong> m\u00e1xima <a href=\"https:\/\/www.subaru.es\/seguridad\" target=\"_blank\" rel=\"noreferrer noopener\">seguridad<\/a> de serie a toda la gama Subaru<\/strong>.&nbsp;<\/p>\n\n\n\n<p>El sistema Symmetrical All-Wheel-Drive distribuye de forma \u00f3ptima y permanente el par entre las 4 ruedas en todo momento, lo que se traduce en el m\u00e1ximo control del coche y una conducci\u00f3n estable y divertida en todo momento, que te permite disfrutar del viaje aunque el firme se encuentre sucio por tierra, gravilla o simplemente, ante condiciones especialmente deslizantes tras las t\u00edpicas tormentas de verano.<\/p>\n\n\n\n<p>La <strong>Seguridad Activa Subaru<\/strong> est\u00e1 basada en la <a href=\"https:\/\/youtu.be\/gi5-48lw1RA\" target=\"_blank\" rel=\"noreferrer noopener\">tracci\u00f3n integral sim\u00e9trica (Symmetrical All-Wheel Drive)<\/a> combinada con el exclusivo y equilibrado motor B\u00f3xer, y con el sistema de <a href=\"https:\/\/www.subaru.es\/blog\/nuestra-marca\/sistema-seguridad-eyesight-tecnologia-lider\/\" target=\"_blank\" rel=\"noreferrer noopener\">seguridad preventiva EyeSight<\/a>.<\/p>\n\n\n\n<p>Adem\u00e1s, la <strong>gama Subaru es distinguida como una de las m\u00e1s seguras.<\/strong> <a href=\"https:\/\/www.subaru.es\/blog\/nuestra-marca\/vehiculo-mas-seguro-euroncap-subaru-forester-ecohybrid\/\" target=\"_blank\" rel=\"noreferrer noopener\">Euro NCAP<\/a>, Japanese NCAP, la norteamericana NHTSA (Administraci\u00f3n Nacional de Seguridad del Tr\u00e1fico en Carretera) o la australiana ANCAP Safety otorgan sus m\u00e1ximas puntuaciones a cada uno de nuestros lanzamientos.&nbsp;<\/p>\n\n\n\n<h3 class=\"wp-block-heading\">Los h\u00edbridos de Subaru con tracci\u00f3n integral permanente<\/h3>\n\n\n\n<p>El \u00faltimo gran paso en la historia de nuestra legendaria tracci\u00f3n AWD permanente ha sido su implementaci\u00f3n en la <strong><a href=\"https:\/\/www.subaru.es\/blog\/?s=gama+ecohybrid\" target=\"_blank\" rel=\"noreferrer noopener\">gama ecoHYBRID<\/a><\/strong>, siendo la clara referencia en cuanto a <strong>veh\u00edculos h\u00edbridos con tracci\u00f3n integral permanente.&nbsp;<\/strong><\/p>\n\n\n\n<figure class=\"wp-block-image size-large\"><img decoding=\"async\" width=\"1440\" height=\"960\" data-src=\"https:\/\/www.subaru.es\/blog\/wp-content\/uploads\/2020\/09\/Subaru-XV-ecoHYBRID-2020-2-1440x960.jpg\" alt=\"Subaru XV ecoHYBRID con tracci\u00f3n integral\" class=\"wp-image-22505 lazyload\" data-srcset=\"https:\/\/www.subaru.es\/blog\/wp-content\/uploads\/2020\/09\/Subaru-XV-ecoHYBRID-2020-2-1440x960.jpg 1440w, https:\/\/www.subaru.es\/blog\/wp-content\/uploads\/2020\/09\/Subaru-XV-ecoHYBRID-2020-2-560x373.jpg 560w, https:\/\/www.subaru.es\/blog\/wp-content\/uploads\/2020\/09\/Subaru-XV-ecoHYBRID-2020-2-768x512.jpg 768w, https:\/\/www.subaru.es\/blog\/wp-content\/uploads\/2020\/09\/Subaru-XV-ecoHYBRID-2020-2-1536x1024.jpg 1536w, https:\/\/www.subaru.es\/blog\/wp-content\/uploads\/2020\/09\/Subaru-XV-ecoHYBRID-2020-2-2048x1365.jpg 2048w\" data-sizes=\"(max-width: 1440px) 100vw, 1440px\" src=\"data:image\/svg+xml;base64,PHN2ZyB3aWR0aD0iMSIgaGVpZ2h0PSIxIiB4bWxucz0iaHR0cDovL3d3dy53My5vcmcvMjAwMC9zdmciPjwvc3ZnPg==\" style=\"--smush-placeholder-width: 1440px; --smush-placeholder-aspect-ratio: 1440\/960;\" \/><\/figure>\n\n\n\n<p>El motor el\u00e9ctrico de los<a href=\"https:\/\/www.subaru.es\/vehiculos\/xv\" target=\"_blank\" rel=\"noreferrer noopener\"> <\/a><strong><a href=\"https:\/\/www.subaru.es\/vehiculos\/xv\" target=\"_blank\" rel=\"noreferrer noopener\">Subaru XV<\/a> y <a href=\"https:\/\/www.subaru.es\/vehiculos\/forester\" target=\"_blank\" rel=\"noreferrer noopener\">Forester<\/a> ecoHYBRID <\/strong>no s\u00f3lo reduce el consumo y las emisiones, tambi\u00e9n mejora un 30% la respuesta en cualquier circunstancia y mejora la capacidad de tracci\u00f3n en las situaciones m\u00e1s dif\u00edciles. A diferencia de otros modelos h\u00edbridos, el motor el\u00e9ctrico act\u00faa sobre las 4 ruedas al igual que el motor t\u00e9rmico, aumentando su capacidad para afrontar con la m\u00e1xima seguridad. &nbsp;<\/p>\n\n\n\n<p>\u00bfA qu\u00e9 esperas para unirte a la evoluci\u00f3n y dar el paso con la nueva gama ecoHYBRID?&nbsp;<\/p>\n","protected":false},"excerpt":{"rendered":"<p>La tracci\u00f3n integral, sim\u00e9trica y permanente de Subaru ha sido, y es, el principal elemento diferenciador de nuestros modelos. Esto ha afianzado uno de nuestros valores principales, la seguridad.&nbsp; Nuestro sistema AWD contribuye de forma decisiva a reducir accidentes y hoy te traemos su historia. \u00bfQuieres conocerla?&nbsp; Tras casi 20 millones de unidades fabricadas y [&hellip;]<\/p>\n","protected":false},"author":21,"featured_media":22516,"comment_status":"open","ping_status":"closed","sticky":false,"template":"","format":"standard","meta":{"_acf_changed":false,"_eb_attr":"","inline_featured_image":false,"footnotes":""},"categories":[4401],"tags":[4405,17,3814,190,4573,1921,1916,4939,5021,25,4938,3188,5019,5044,5005,1917,1920,354,784,176,164,4575,19,1729,4390,5017,4987,491,2532,4398,1539,4219,1918,1919,5048],"class_list":["post-22497","post","type-post","status-publish","format-standard","has-post-thumbnail","hentry","category-nuestra-marca","tag-all-around-safety","tag-awd","tag-awd-simetrico","tag-conduccion","tag-crash-test-euro-ncap","tag-curvas","tag-disfrutar","tag-eco","tag-eco-hybrid","tag-estabilidad","tag-etiqueta-eco","tag-euro-ncap","tag-forester-eco-hybrid","tag-gama-eco-hybrid","tag-gama-hibrida-subaru","tag-innovaciones-tecnologicas","tag-motor-opuesto","tag-nuevo-forester","tag-rendimiento","tag-salon-de-ginebra","tag-seguridad","tag-seguridad-subaru","tag-simetrico","tag-sistema-awd","tag-subaru","tag-subaru-eco-hybrid","tag-subaru-etiqueta-eco","tag-subaru-forester","tag-subaru-leone","tag-subaru-xv","tag-symmetrical-awd","tag-tecnologia-subaru","tag-traccion-delantera","tag-trasera","tag-version-hibrida"],"acf":[],"yoast_head":"<!-- This site is optimized with the Yoast SEO plugin v27.3 - https:\/\/yoast.com\/product\/yoast-seo-wordpress\/ -->\n<title>Tracci\u00f3n Total Sim\u00e9trica de Subaru, su historia y evoluci\u00f3n<\/title>\n<meta name=\"description\" content=\"La tracci\u00f3n total sim\u00e9trica ha sido el elemento diferenciador de nuestros modelos. Esto ha ensalzando nuestro valor principal, la seguridad.\" \/>\n<meta name=\"robots\" content=\"index, follow, max-snippet:-1, max-image-preview:large, max-video-preview:-1\" \/>\n<link rel=\"canonical\" href=\"https:\/\/www.subaru.es\/blog\/nuestra-marca\/traccion-total-simetrica-evolucion\/\" \/>\n<meta property=\"og:locale\" content=\"es_ES\" \/>\n<meta property=\"og:type\" content=\"article\" \/>\n<meta property=\"og:title\" content=\"Tracci\u00f3n Total Sim\u00e9trica de Subaru, su historia y evoluci\u00f3n\" \/>\n<meta property=\"og:description\" content=\"La tracci\u00f3n total sim\u00e9trica ha sido el elemento diferenciador de nuestros modelos. Esto ha ensalzando nuestro valor principal, la seguridad.\" \/>\n<meta property=\"og:url\" content=\"https:\/\/www.subaru.es\/blog\/nuestra-marca\/traccion-total-simetrica-evolucion\/\" \/>\n<meta property=\"og:site_name\" content=\"Universo Subaru\" \/>\n<meta property=\"article:publisher\" content=\"https:\/\/www.facebook.com\/subaruespana\" \/>\n<meta property=\"article:published_time\" content=\"2020-09-17T15:20:19+00:00\" \/>\n<meta property=\"article:modified_time\" content=\"2020-09-17T15:20:23+00:00\" \/>\n<meta property=\"og:image\" content=\"https:\/\/www.subaru.es\/blog\/wp-content\/uploads\/2020\/09\/BLOG-nota-de-prensa.jpg\" \/>\n\t<meta property=\"og:image:width\" content=\"1550\" \/>\n\t<meta property=\"og:image:height\" content=\"469\" \/>\n\t<meta property=\"og:image:type\" content=\"image\/jpeg\" \/>\n<meta name=\"author\" content=\"Subaru\" \/>\n<meta name=\"twitter:card\" content=\"summary_large_image\" \/>\n<meta name=\"twitter:label1\" content=\"Escrito por\" \/>\n\t<meta name=\"twitter:data1\" content=\"Subaru\" \/>\n\t<meta name=\"twitter:label2\" content=\"Tiempo de lectura\" \/>\n\t<meta name=\"twitter:data2\" content=\"4 minutos\" \/>\n<script type=\"application\/ld+json\" class=\"yoast-schema-graph\">{\"@context\":\"https:\\\/\\\/schema.org\",\"@graph\":[{\"@type\":\"Article\",\"@id\":\"https:\\\/\\\/www.subaru.es\\\/blog\\\/nuestra-marca\\\/traccion-total-simetrica-evolucion\\\/#article\",\"isPartOf\":{\"@id\":\"https:\\\/\\\/www.subaru.es\\\/blog\\\/nuestra-marca\\\/traccion-total-simetrica-evolucion\\\/\"},\"author\":{\"name\":\"Subaru\",\"@id\":\"https:\\\/\\\/www.subaru.es\\\/blog\\\/#\\\/schema\\\/person\\\/19a90b892230b8e0ec752704ddf4aa10\"},\"headline\":\"Tracci\u00f3n total sim\u00e9trica de Subaru: la historia de su evoluci\u00f3n\",\"datePublished\":\"2020-09-17T15:20:19+00:00\",\"dateModified\":\"2020-09-17T15:20:23+00:00\",\"mainEntityOfPage\":{\"@id\":\"https:\\\/\\\/www.subaru.es\\\/blog\\\/nuestra-marca\\\/traccion-total-simetrica-evolucion\\\/\"},\"wordCount\":912,\"commentCount\":0,\"publisher\":{\"@id\":\"https:\\\/\\\/www.subaru.es\\\/blog\\\/#organization\"},\"image\":{\"@id\":\"https:\\\/\\\/www.subaru.es\\\/blog\\\/nuestra-marca\\\/traccion-total-simetrica-evolucion\\\/#primaryimage\"},\"thumbnailUrl\":\"https:\\\/\\\/www.subaru.es\\\/blog\\\/wp-content\\\/uploads\\\/2020\\\/09\\\/BLOG-nota-de-prensa.jpg\",\"keywords\":[\"all around safety\",\"awd\",\"AWD sim\u00e9trico\",\"conducci\u00f3n\",\"crash test Euro NCAP\",\"curvas\",\"disfrutar\",\"eco\",\"eco-hybrid\",\"estabilidad\",\"etiqueta eco\",\"Euro NCAP\",\"Forester ECO Hybrid\",\"gama eco hybrid\",\"gama h\u00edbrida Subaru\",\"innovaciones tecnol\u00f3gicas\",\"motor opuesto\",\"nuevo forester\",\"rendimiento\",\"salon de ginebra\",\"seguridad\",\"Seguridad Subaru\",\"sim\u00e9trico\",\"sistema AWD\",\"Subaru\",\"Subaru eco hybrid\",\"Subaru Etiqueta ECO\",\"subaru forester\",\"subaru leone\",\"Subaru XV\",\"Symmetrical AWD\",\"Tecnolog\u00eda Subaru\",\"tracci\u00f3n delantera\",\"trasera\",\"Versi\u00f3n H\u00edbrida\"],\"articleSection\":[\"Nuestra marca\"],\"inLanguage\":\"es\",\"potentialAction\":[{\"@type\":\"CommentAction\",\"name\":\"Comment\",\"target\":[\"https:\\\/\\\/www.subaru.es\\\/blog\\\/nuestra-marca\\\/traccion-total-simetrica-evolucion\\\/#respond\"]}]},{\"@type\":\"WebPage\",\"@id\":\"https:\\\/\\\/www.subaru.es\\\/blog\\\/nuestra-marca\\\/traccion-total-simetrica-evolucion\\\/\",\"url\":\"https:\\\/\\\/www.subaru.es\\\/blog\\\/nuestra-marca\\\/traccion-total-simetrica-evolucion\\\/\",\"name\":\"Tracci\u00f3n Total Sim\u00e9trica de Subaru, su historia y evoluci\u00f3n\",\"isPartOf\":{\"@id\":\"https:\\\/\\\/www.subaru.es\\\/blog\\\/#website\"},\"primaryImageOfPage\":{\"@id\":\"https:\\\/\\\/www.subaru.es\\\/blog\\\/nuestra-marca\\\/traccion-total-simetrica-evolucion\\\/#primaryimage\"},\"image\":{\"@id\":\"https:\\\/\\\/www.subaru.es\\\/blog\\\/nuestra-marca\\\/traccion-total-simetrica-evolucion\\\/#primaryimage\"},\"thumbnailUrl\":\"https:\\\/\\\/www.subaru.es\\\/blog\\\/wp-content\\\/uploads\\\/2020\\\/09\\\/BLOG-nota-de-prensa.jpg\",\"datePublished\":\"2020-09-17T15:20:19+00:00\",\"dateModified\":\"2020-09-17T15:20:23+00:00\",\"description\":\"La tracci\u00f3n total sim\u00e9trica ha sido el elemento diferenciador de nuestros modelos. Esto ha ensalzando nuestro valor principal, la seguridad.\",\"breadcrumb\":{\"@id\":\"https:\\\/\\\/www.subaru.es\\\/blog\\\/nuestra-marca\\\/traccion-total-simetrica-evolucion\\\/#breadcrumb\"},\"inLanguage\":\"es\",\"potentialAction\":[{\"@type\":\"ReadAction\",\"target\":[\"https:\\\/\\\/www.subaru.es\\\/blog\\\/nuestra-marca\\\/traccion-total-simetrica-evolucion\\\/\"]}]},{\"@type\":\"ImageObject\",\"inLanguage\":\"es\",\"@id\":\"https:\\\/\\\/www.subaru.es\\\/blog\\\/nuestra-marca\\\/traccion-total-simetrica-evolucion\\\/#primaryimage\",\"url\":\"https:\\\/\\\/www.subaru.es\\\/blog\\\/wp-content\\\/uploads\\\/2020\\\/09\\\/BLOG-nota-de-prensa.jpg\",\"contentUrl\":\"https:\\\/\\\/www.subaru.es\\\/blog\\\/wp-content\\\/uploads\\\/2020\\\/09\\\/BLOG-nota-de-prensa.jpg\",\"width\":1550,\"height\":469,\"caption\":\"Tracci\u00f3n-total-sim\u00e9trica-de-Subaru\"},{\"@type\":\"BreadcrumbList\",\"@id\":\"https:\\\/\\\/www.subaru.es\\\/blog\\\/nuestra-marca\\\/traccion-total-simetrica-evolucion\\\/#breadcrumb\",\"itemListElement\":[{\"@type\":\"ListItem\",\"position\":1,\"name\":\"Portada\",\"item\":\"https:\\\/\\\/www.subaru.es\\\/blog\\\/\"},{\"@type\":\"ListItem\",\"position\":2,\"name\":\"Tracci\u00f3n total sim\u00e9trica de Subaru: la historia de su evoluci\u00f3n\"}]},{\"@type\":\"WebSite\",\"@id\":\"https:\\\/\\\/www.subaru.es\\\/blog\\\/#website\",\"url\":\"https:\\\/\\\/www.subaru.es\\\/blog\\\/\",\"name\":\"Universo Subaru\",\"description\":\"Descubre este apasionante espacio de Subaru donde vas a conocer todo sobre nuestros coches y las experiencias que vivimos con ellos. Si est\u00e1s preparado para dejarte seducir por la filosof\u00eda Subaru, qu\u00e9date con nosotros.\",\"publisher\":{\"@id\":\"https:\\\/\\\/www.subaru.es\\\/blog\\\/#organization\"},\"potentialAction\":[{\"@type\":\"SearchAction\",\"target\":{\"@type\":\"EntryPoint\",\"urlTemplate\":\"https:\\\/\\\/www.subaru.es\\\/blog\\\/?s={search_term_string}\"},\"query-input\":{\"@type\":\"PropertyValueSpecification\",\"valueRequired\":true,\"valueName\":\"search_term_string\"}}],\"inLanguage\":\"es\"},{\"@type\":\"Organization\",\"@id\":\"https:\\\/\\\/www.subaru.es\\\/blog\\\/#organization\",\"name\":\"Subaru Espa\u00f1a S.A.\",\"url\":\"https:\\\/\\\/www.subaru.es\\\/blog\\\/\",\"logo\":{\"@type\":\"ImageObject\",\"inLanguage\":\"es\",\"@id\":\"https:\\\/\\\/www.subaru.es\\\/blog\\\/#\\\/schema\\\/logo\\\/image\\\/\",\"url\":\"https:\\\/\\\/www.subaru.es\\\/blog\\\/wp-content\\\/uploads\\\/2016\\\/12\\\/Logo-Subaru-TypeV_C300-scaled.jpg\",\"contentUrl\":\"https:\\\/\\\/www.subaru.es\\\/blog\\\/wp-content\\\/uploads\\\/2016\\\/12\\\/Logo-Subaru-TypeV_C300-scaled.jpg\",\"width\":2560,\"height\":1864,\"caption\":\"Subaru Espa\u00f1a S.A.\"},\"image\":{\"@id\":\"https:\\\/\\\/www.subaru.es\\\/blog\\\/#\\\/schema\\\/logo\\\/image\\\/\"},\"sameAs\":[\"https:\\\/\\\/www.facebook.com\\\/subaruespana\",\"https:\\\/\\\/www.instagram.com\\\/subarues\\\/\",\"https:\\\/\\\/www.youtube.com\\\/user\\\/subaruespana\"]},{\"@type\":\"Person\",\"@id\":\"https:\\\/\\\/www.subaru.es\\\/blog\\\/#\\\/schema\\\/person\\\/19a90b892230b8e0ec752704ddf4aa10\",\"name\":\"Subaru\",\"url\":\"https:\\\/\\\/www.subaru.es\\\/blog\\\/author\\\/subaria\\\/\"}]}<\/script>\n<!-- \/ Yoast SEO plugin. -->","yoast_head_json":{"title":"Tracci\u00f3n Total Sim\u00e9trica de Subaru, su historia y evoluci\u00f3n","description":"La tracci\u00f3n total sim\u00e9trica ha sido el elemento diferenciador de nuestros modelos. Esto ha ensalzando nuestro valor principal, la seguridad.","robots":{"index":"index","follow":"follow","max-snippet":"max-snippet:-1","max-image-preview":"max-image-preview:large","max-video-preview":"max-video-preview:-1"},"canonical":"https:\/\/www.subaru.es\/blog\/nuestra-marca\/traccion-total-simetrica-evolucion\/","og_locale":"es_ES","og_type":"article","og_title":"Tracci\u00f3n Total Sim\u00e9trica de Subaru, su historia y evoluci\u00f3n","og_description":"La tracci\u00f3n total sim\u00e9trica ha sido el elemento diferenciador de nuestros modelos. Esto ha ensalzando nuestro valor principal, la seguridad.","og_url":"https:\/\/www.subaru.es\/blog\/nuestra-marca\/traccion-total-simetrica-evolucion\/","og_site_name":"Universo Subaru","article_publisher":"https:\/\/www.facebook.com\/subaruespana","article_published_time":"2020-09-17T15:20:19+00:00","article_modified_time":"2020-09-17T15:20:23+00:00","og_image":[{"width":1550,"height":469,"url":"https:\/\/www.subaru.es\/blog\/wp-content\/uploads\/2020\/09\/BLOG-nota-de-prensa.jpg","type":"image\/jpeg"}],"author":"Subaru","twitter_card":"summary_large_image","twitter_misc":{"Escrito por":"Subaru","Tiempo de lectura":"4 minutos"},"schema":{"@context":"https:\/\/schema.org","@graph":[{"@type":"Article","@id":"https:\/\/www.subaru.es\/blog\/nuestra-marca\/traccion-total-simetrica-evolucion\/#article","isPartOf":{"@id":"https:\/\/www.subaru.es\/blog\/nuestra-marca\/traccion-total-simetrica-evolucion\/"},"author":{"name":"Subaru","@id":"https:\/\/www.subaru.es\/blog\/#\/schema\/person\/19a90b892230b8e0ec752704ddf4aa10"},"headline":"Tracci\u00f3n total sim\u00e9trica de Subaru: la historia de su evoluci\u00f3n","datePublished":"2020-09-17T15:20:19+00:00","dateModified":"2020-09-17T15:20:23+00:00","mainEntityOfPage":{"@id":"https:\/\/www.subaru.es\/blog\/nuestra-marca\/traccion-total-simetrica-evolucion\/"},"wordCount":912,"commentCount":0,"publisher":{"@id":"https:\/\/www.subaru.es\/blog\/#organization"},"image":{"@id":"https:\/\/www.subaru.es\/blog\/nuestra-marca\/traccion-total-simetrica-evolucion\/#primaryimage"},"thumbnailUrl":"https:\/\/www.subaru.es\/blog\/wp-content\/uploads\/2020\/09\/BLOG-nota-de-prensa.jpg","keywords":["all around safety","awd","AWD sim\u00e9trico","conducci\u00f3n","crash test Euro NCAP","curvas","disfrutar","eco","eco-hybrid","estabilidad","etiqueta eco","Euro NCAP","Forester ECO Hybrid","gama eco hybrid","gama h\u00edbrida Subaru","innovaciones tecnol\u00f3gicas","motor opuesto","nuevo forester","rendimiento","salon de ginebra","seguridad","Seguridad Subaru","sim\u00e9trico","sistema AWD","Subaru","Subaru eco hybrid","Subaru Etiqueta ECO","subaru forester","subaru leone","Subaru XV","Symmetrical AWD","Tecnolog\u00eda Subaru","tracci\u00f3n delantera","trasera","Versi\u00f3n H\u00edbrida"],"articleSection":["Nuestra marca"],"inLanguage":"es","potentialAction":[{"@type":"CommentAction","name":"Comment","target":["https:\/\/www.subaru.es\/blog\/nuestra-marca\/traccion-total-simetrica-evolucion\/#respond"]}]},{"@type":"WebPage","@id":"https:\/\/www.subaru.es\/blog\/nuestra-marca\/traccion-total-simetrica-evolucion\/","url":"https:\/\/www.subaru.es\/blog\/nuestra-marca\/traccion-total-simetrica-evolucion\/","name":"Tracci\u00f3n Total Sim\u00e9trica de Subaru, su historia y evoluci\u00f3n","isPartOf":{"@id":"https:\/\/www.subaru.es\/blog\/#website"},"primaryImageOfPage":{"@id":"https:\/\/www.subaru.es\/blog\/nuestra-marca\/traccion-total-simetrica-evolucion\/#primaryimage"},"image":{"@id":"https:\/\/www.subaru.es\/blog\/nuestra-marca\/traccion-total-simetrica-evolucion\/#primaryimage"},"thumbnailUrl":"https:\/\/www.subaru.es\/blog\/wp-content\/uploads\/2020\/09\/BLOG-nota-de-prensa.jpg","datePublished":"2020-09-17T15:20:19+00:00","dateModified":"2020-09-17T15:20:23+00:00","description":"La tracci\u00f3n total sim\u00e9trica ha sido el elemento diferenciador de nuestros modelos. Esto ha ensalzando nuestro valor principal, la seguridad.","breadcrumb":{"@id":"https:\/\/www.subaru.es\/blog\/nuestra-marca\/traccion-total-simetrica-evolucion\/#breadcrumb"},"inLanguage":"es","potentialAction":[{"@type":"ReadAction","target":["https:\/\/www.subaru.es\/blog\/nuestra-marca\/traccion-total-simetrica-evolucion\/"]}]},{"@type":"ImageObject","inLanguage":"es","@id":"https:\/\/www.subaru.es\/blog\/nuestra-marca\/traccion-total-simetrica-evolucion\/#primaryimage","url":"https:\/\/www.subaru.es\/blog\/wp-content\/uploads\/2020\/09\/BLOG-nota-de-prensa.jpg","contentUrl":"https:\/\/www.subaru.es\/blog\/wp-content\/uploads\/2020\/09\/BLOG-nota-de-prensa.jpg","width":1550,"height":469,"caption":"Tracci\u00f3n-total-sim\u00e9trica-de-Subaru"},{"@type":"BreadcrumbList","@id":"https:\/\/www.subaru.es\/blog\/nuestra-marca\/traccion-total-simetrica-evolucion\/#breadcrumb","itemListElement":[{"@type":"ListItem","position":1,"name":"Portada","item":"https:\/\/www.subaru.es\/blog\/"},{"@type":"ListItem","position":2,"name":"Tracci\u00f3n total sim\u00e9trica de Subaru: la historia de su evoluci\u00f3n"}]},{"@type":"WebSite","@id":"https:\/\/www.subaru.es\/blog\/#website","url":"https:\/\/www.subaru.es\/blog\/","name":"Universo Subaru","description":"Descubre este apasionante espacio de Subaru donde vas a conocer todo sobre nuestros coches y las experiencias que vivimos con ellos. Si est\u00e1s preparado para dejarte seducir por la filosof\u00eda Subaru, qu\u00e9date con nosotros.","publisher":{"@id":"https:\/\/www.subaru.es\/blog\/#organization"},"potentialAction":[{"@type":"SearchAction","target":{"@type":"EntryPoint","urlTemplate":"https:\/\/www.subaru.es\/blog\/?s={search_term_string}"},"query-input":{"@type":"PropertyValueSpecification","valueRequired":true,"valueName":"search_term_string"}}],"inLanguage":"es"},{"@type":"Organization","@id":"https:\/\/www.subaru.es\/blog\/#organization","name":"Subaru Espa\u00f1a S.A.","url":"https:\/\/www.subaru.es\/blog\/","logo":{"@type":"ImageObject","inLanguage":"es","@id":"https:\/\/www.subaru.es\/blog\/#\/schema\/logo\/image\/","url":"https:\/\/www.subaru.es\/blog\/wp-content\/uploads\/2016\/12\/Logo-Subaru-TypeV_C300-scaled.jpg","contentUrl":"https:\/\/www.subaru.es\/blog\/wp-content\/uploads\/2016\/12\/Logo-Subaru-TypeV_C300-scaled.jpg","width":2560,"height":1864,"caption":"Subaru Espa\u00f1a S.A."},"image":{"@id":"https:\/\/www.subaru.es\/blog\/#\/schema\/logo\/image\/"},"sameAs":["https:\/\/www.facebook.com\/subaruespana","https:\/\/www.instagram.com\/subarues\/","https:\/\/www.youtube.com\/user\/subaruespana"]},{"@type":"Person","@id":"https:\/\/www.subaru.es\/blog\/#\/schema\/person\/19a90b892230b8e0ec752704ddf4aa10","name":"Subaru","url":"https:\/\/www.subaru.es\/blog\/author\/subaria\/"}]}},"_links":{"self":[{"href":"https:\/\/www.subaru.es\/blog\/wp-json\/wp\/v2\/posts\/22497","targetHints":{"allow":["GET"]}}],"collection":[{"href":"https:\/\/www.subaru.es\/blog\/wp-json\/wp\/v2\/posts"}],"about":[{"href":"https:\/\/www.subaru.es\/blog\/wp-json\/wp\/v2\/types\/post"}],"author":[{"embeddable":true,"href":"https:\/\/www.subaru.es\/blog\/wp-json\/wp\/v2\/users\/21"}],"replies":[{"embeddable":true,"href":"https:\/\/www.subaru.es\/blog\/wp-json\/wp\/v2\/comments?post=22497"}],"version-history":[{"count":11,"href":"https:\/\/www.subaru.es\/blog\/wp-json\/wp\/v2\/posts\/22497\/revisions"}],"predecessor-version":[{"id":22515,"href":"https:\/\/www.subaru.es\/blog\/wp-json\/wp\/v2\/posts\/22497\/revisions\/22515"}],"wp:featuredmedia":[{"embeddable":true,"href":"https:\/\/www.subaru.es\/blog\/wp-json\/wp\/v2\/media\/22516"}],"wp:attachment":[{"href":"https:\/\/www.subaru.es\/blog\/wp-json\/wp\/v2\/media?parent=22497"}],"wp:term":[{"taxonomy":"category","embeddable":true,"href":"https:\/\/www.subaru.es\/blog\/wp-json\/wp\/v2\/categories?post=22497"},{"taxonomy":"post_tag","embeddable":true,"href":"https:\/\/www.subaru.es\/blog\/wp-json\/wp\/v2\/tags?post=22497"}],"curies":[{"name":"wp","href":"https:\/\/api.w.org\/{rel}","templated":true}]}}