{"id":22464,"date":"2021-02-04T15:59:29","date_gmt":"2021-02-04T13:59:29","guid":{"rendered":"https:\/\/www.subaru.es\/blog\/?p=22464"},"modified":"2021-02-04T16:52:51","modified_gmt":"2021-02-04T14:52:51","slug":"seguridad-pasiva-subaru-conduce-con-total-tranquilidad","status":"publish","type":"post","link":"https:\/\/www.subaru.es\/blog\/nuestra-marca\/seguridad-pasiva-subaru-conduce-con-total-tranquilidad\/","title":{"rendered":"Seguridad Pasiva Subaru, conduce con total tranquilidad"},"content":{"rendered":"\n<p>Cuando tu coche te aporta tranquilidad, disfrutas m\u00e1s de la vida. Por este motivo, en <a href=\"https:\/\/www.subaru.es\/\">Subaru<\/a> la seguridad es lo primero. En cuanto al desarrollo de nuestros veh\u00edculos aplicamos nuestra filosof\u00eda de \u201cprimero las personas\u201d, mejorando continuamente nuestras <a href=\"https:\/\/www.subaru.es\/seguridad\">funciones de seguridad avanzadas<\/a>, desarrolladas durante m\u00e1s de 50 a\u00f1os.<\/p>\n\n\n\n<p>Con las innovaciones m\u00e1s recientes en sistemas de prevenci\u00f3n de accidentes y tecnolog\u00edas exclusivas como la <strong>Plataforma Global Subaru <\/strong>y la <strong><a href=\"https:\/\/www.youtube.com\/watch?v=5ohVHFqhYBY\">Tracci\u00f3n Total Sim\u00e9trica<\/a><\/strong>, continuamos trabajando para mejorar la seguridad integral para crear un futuro sin accidentes.<\/p>\n\n\n\n<div class=\"wp-block-image\"><figure class=\"aligncenter size-medium\"><img decoding=\"async\" width=\"560\" height=\"373\" data-src=\"https:\/\/www.subaru.es\/blog\/wp-content\/uploads\/2020\/08\/XVForester-ECO-HYBRID-3-560x373.jpg\" alt=\"Seguridad Subaru - Gama ecoHYBRID\" class=\"wp-image-22481 lazyload\" data-srcset=\"https:\/\/www.subaru.es\/blog\/wp-content\/uploads\/2020\/08\/XVForester-ECO-HYBRID-3-560x373.jpg 560w, https:\/\/www.subaru.es\/blog\/wp-content\/uploads\/2020\/08\/XVForester-ECO-HYBRID-3-1440x958.jpg 1440w, https:\/\/www.subaru.es\/blog\/wp-content\/uploads\/2020\/08\/XVForester-ECO-HYBRID-3-768x511.jpg 768w, https:\/\/www.subaru.es\/blog\/wp-content\/uploads\/2020\/08\/XVForester-ECO-HYBRID-3-1536x1022.jpg 1536w, https:\/\/www.subaru.es\/blog\/wp-content\/uploads\/2020\/08\/XVForester-ECO-HYBRID-3-2048x1363.jpg 2048w\" data-sizes=\"(max-width: 560px) 100vw, 560px\" src=\"data:image\/svg+xml;base64,PHN2ZyB3aWR0aD0iMSIgaGVpZ2h0PSIxIiB4bWxucz0iaHR0cDovL3d3dy53My5vcmcvMjAwMC9zdmciPjwvc3ZnPg==\" style=\"--smush-placeholder-width: 560px; --smush-placeholder-aspect-ratio: 560\/373;\" \/><\/figure><\/div>\n\n\n\n<p>La <strong>seguridad pasiva<\/strong> est\u00e1 dise\u00f1ada para proteger tu seguridad en caso de colisi\u00f3n, con funciones como el dise\u00f1o de motor con protecci\u00f3n de habit\u00e1culo y los airbags SRS. Te explicamos a continuaci\u00f3n los elementos m\u00e1s importantes:<\/p>\n\n\n\n<p><strong>BASTIDORES DE REFUERZO EN FORMA DE ANILLO<\/strong><\/p>\n\n\n\n<p>Los bastidores de refuerzo con forma de anillo <a href=\"https:\/\/www.youtube.com\/watch?v=oS0GmPVke60\">refuerzan la cabina de pasajeros<\/a> desde el techo hasta las puertas, las columnas y el suelo. <\/p>\n\n\n\n<p>El dise\u00f1o ayuda a desviar y alejar de los ocupantes la energ\u00eda del impacto en caso de colisi\u00f3n. Tambi\u00e9n ayuda a reforzar y aligerar el chasis, lo que incrementa la protecci\u00f3n.<\/p>\n\n\n\n<div class=\"wp-block-image\"><figure class=\"aligncenter size-medium is-resized\"><img decoding=\"async\" data-src=\"https:\/\/www.subaru.es\/blog\/wp-content\/uploads\/2020\/08\/20XV_EC_0430BP-560x373.jpg\" alt=\"Bastidores de refuerzo en forma de anillo\" class=\"wp-image-22467 lazyload\" width=\"395\" height=\"263\" data-srcset=\"https:\/\/www.subaru.es\/blog\/wp-content\/uploads\/2020\/08\/20XV_EC_0430BP-560x373.jpg 560w, https:\/\/www.subaru.es\/blog\/wp-content\/uploads\/2020\/08\/20XV_EC_0430BP-1440x960.jpg 1440w, https:\/\/www.subaru.es\/blog\/wp-content\/uploads\/2020\/08\/20XV_EC_0430BP-768x512.jpg 768w, https:\/\/www.subaru.es\/blog\/wp-content\/uploads\/2020\/08\/20XV_EC_0430BP-1536x1024.jpg 1536w, https:\/\/www.subaru.es\/blog\/wp-content\/uploads\/2020\/08\/20XV_EC_0430BP-2048x1365.jpg 2048w\" data-sizes=\"(max-width: 395px) 100vw, 395px\" src=\"data:image\/svg+xml;base64,PHN2ZyB3aWR0aD0iMSIgaGVpZ2h0PSIxIiB4bWxucz0iaHR0cDovL3d3dy53My5vcmcvMjAwMC9zdmciPjwvc3ZnPg==\" style=\"--smush-placeholder-width: 395px; --smush-placeholder-aspect-ratio: 395\/263;\" \/><\/figure><\/div>\n\n\n\n<p><strong>DISPOSICI\u00d3N PROTECTORA DE LA CABINA<\/strong><\/p>\n\n\n\n<p>Todos los Subaru superan con creces las pr\u00e1cticas habituales cuando se trata de salvaguardar tu <a href=\"https:\/\/www.subaru.es\/seguridad\">seguridad<\/a>. En caso de colisi\u00f3n frontal, el dise\u00f1o del motor <a href=\"https:\/\/www.youtube.com\/watch?v=_uDM-z8LVw0\">SUBARU B\u00d3XER<\/a> y de la caja de cambios del Outback evitar\u00e1 que estos se desplacen al interior de la cabina.<\/p>\n\n\n\n<div class=\"wp-block-image\"><figure class=\"aligncenter size-medium\"><img decoding=\"async\" width=\"560\" height=\"143\" data-src=\"https:\/\/www.subaru.es\/blog\/wp-content\/uploads\/2020\/08\/19OUTBACK_EC_wo_Xgrade_0540BP-560x143.jpg\" alt=\"Disposici\u00f3n protectora de la cabina\" class=\"wp-image-22472 lazyload\" data-srcset=\"https:\/\/www.subaru.es\/blog\/wp-content\/uploads\/2020\/08\/19OUTBACK_EC_wo_Xgrade_0540BP-560x143.jpg 560w, https:\/\/www.subaru.es\/blog\/wp-content\/uploads\/2020\/08\/19OUTBACK_EC_wo_Xgrade_0540BP-1440x367.jpg 1440w, https:\/\/www.subaru.es\/blog\/wp-content\/uploads\/2020\/08\/19OUTBACK_EC_wo_Xgrade_0540BP-768x196.jpg 768w, https:\/\/www.subaru.es\/blog\/wp-content\/uploads\/2020\/08\/19OUTBACK_EC_wo_Xgrade_0540BP-1536x392.jpg 1536w, https:\/\/www.subaru.es\/blog\/wp-content\/uploads\/2020\/08\/19OUTBACK_EC_wo_Xgrade_0540BP-2048x522.jpg 2048w\" data-sizes=\"(max-width: 560px) 100vw, 560px\" src=\"data:image\/svg+xml;base64,PHN2ZyB3aWR0aD0iMSIgaGVpZ2h0PSIxIiB4bWxucz0iaHR0cDovL3d3dy53My5vcmcvMjAwMC9zdmciPjwvc3ZnPg==\" style=\"--smush-placeholder-width: 560px; --smush-placeholder-aspect-ratio: 560\/143;\" \/><\/figure><\/div>\n\n\n\n<p><strong>ASIENTOS DELANTEROS QUE REDUCEN EL LATIGAZO CERVICAL<\/strong><\/p>\n\n\n\n<p>Dise\u00f1ados para mejorar el confort y ayudar al conductor a sentirse m\u00e1s sujeto, y por tanto con <strong>un mayor nivel de control<\/strong>, los asientos pueden adem\u00e1s ayudar a reducir la posibilidad de un latigazo cervical en caso de ciertos tipos de colisiones.<\/p>\n\n\n\n<div class=\"wp-block-image\"><figure class=\"aligncenter size-large is-resized\"><img decoding=\"async\" data-src=\"https:\/\/www.subaru.es\/blog\/wp-content\/uploads\/2020\/08\/20XV_EC_0450BP.jpg\" alt=\"Asientos delanteros que reducen el latigazo cervical\" class=\"wp-image-22468 lazyload\" width=\"132\" height=\"171\" data-srcset=\"https:\/\/www.subaru.es\/blog\/wp-content\/uploads\/2020\/08\/20XV_EC_0450BP.jpg 1295w, https:\/\/www.subaru.es\/blog\/wp-content\/uploads\/2020\/08\/20XV_EC_0450BP-560x728.jpg 560w, https:\/\/www.subaru.es\/blog\/wp-content\/uploads\/2020\/08\/20XV_EC_0450BP-768x999.jpg 768w, https:\/\/www.subaru.es\/blog\/wp-content\/uploads\/2020\/08\/20XV_EC_0450BP-1181x1536.jpg 1181w\" data-sizes=\"(max-width: 132px) 100vw, 132px\" src=\"data:image\/svg+xml;base64,PHN2ZyB3aWR0aD0iMSIgaGVpZ2h0PSIxIiB4bWxucz0iaHR0cDovL3d3dy53My5vcmcvMjAwMC9zdmciPjwvc3ZnPg==\" style=\"--smush-placeholder-width: 132px; --smush-placeholder-aspect-ratio: 132\/171;\" \/><\/figure><\/div>\n\n\n\n<p><strong>AIRBAGS CON SISTEMA DE RETENCI\u00d3N SUPLEMENTARIO (SRS)<\/strong><\/p>\n\n\n\n<p>El equipamiento de serie de nuestra gama cuenta con <strong>airbags SRS delanteros, de cortina y de rodilla<\/strong>, para dotar a los pasajeros del m\u00e1ximo nivel de protecci\u00f3n en caso de colisi\u00f3n.<\/p>\n\n\n\n<div class=\"wp-block-image\"><figure class=\"aligncenter size-medium is-resized\"><img decoding=\"async\" data-src=\"https:\/\/www.subaru.es\/blog\/wp-content\/uploads\/2020\/08\/20XV_EC_0440BP-560x254.jpg\" alt=\"Airbags SRS\" class=\"wp-image-22469 lazyload\" width=\"348\" height=\"158\" data-srcset=\"https:\/\/www.subaru.es\/blog\/wp-content\/uploads\/2020\/08\/20XV_EC_0440BP-560x254.jpg 560w, https:\/\/www.subaru.es\/blog\/wp-content\/uploads\/2020\/08\/20XV_EC_0440BP-1440x653.jpg 1440w, https:\/\/www.subaru.es\/blog\/wp-content\/uploads\/2020\/08\/20XV_EC_0440BP-768x348.jpg 768w, https:\/\/www.subaru.es\/blog\/wp-content\/uploads\/2020\/08\/20XV_EC_0440BP-1536x696.jpg 1536w, https:\/\/www.subaru.es\/blog\/wp-content\/uploads\/2020\/08\/20XV_EC_0440BP.jpg 1793w\" data-sizes=\"(max-width: 348px) 100vw, 348px\" src=\"data:image\/svg+xml;base64,PHN2ZyB3aWR0aD0iMSIgaGVpZ2h0PSIxIiB4bWxucz0iaHR0cDovL3d3dy53My5vcmcvMjAwMC9zdmciPjwvc3ZnPg==\" style=\"--smush-placeholder-width: 348px; --smush-placeholder-aspect-ratio: 348\/158;\" \/><\/figure><\/div>\n\n\n\n<p><strong>CINTURONES DE SEGURIDAD CON ENGANCHE DE BLOQUEO<\/strong><\/p>\n\n\n\n<p>Ayudan a los pasajeros a permanecer en su asiento <strong>evitando desplazamientos y reduciendo la fuerza del impacto <\/strong>en caso de accidente, aumentando la seguridad y disminuyendo el nivel de lesiones.<\/p>\n\n\n\n<div class=\"wp-block-image\"><figure class=\"aligncenter size-large is-resized\"><img decoding=\"async\" data-src=\"https:\/\/www.subaru.es\/blog\/wp-content\/uploads\/2020\/08\/20XV_EC_0460BP-1440x1075.jpg\" alt=\"Seguridad Pasiva Subaru - Cinturones de Seguridad\" class=\"wp-image-22470 lazyload\" width=\"197\" height=\"146\" data-srcset=\"https:\/\/www.subaru.es\/blog\/wp-content\/uploads\/2020\/08\/20XV_EC_0460BP-1440x1075.jpg 1440w, https:\/\/www.subaru.es\/blog\/wp-content\/uploads\/2020\/08\/20XV_EC_0460BP-560x418.jpg 560w, https:\/\/www.subaru.es\/blog\/wp-content\/uploads\/2020\/08\/20XV_EC_0460BP-768x573.jpg 768w, https:\/\/www.subaru.es\/blog\/wp-content\/uploads\/2020\/08\/20XV_EC_0460BP-1536x1146.jpg 1536w, https:\/\/www.subaru.es\/blog\/wp-content\/uploads\/2020\/08\/20XV_EC_0460BP.jpg 1798w\" data-sizes=\"(max-width: 197px) 100vw, 197px\" src=\"data:image\/svg+xml;base64,PHN2ZyB3aWR0aD0iMSIgaGVpZ2h0PSIxIiB4bWxucz0iaHR0cDovL3d3dy53My5vcmcvMjAwMC9zdmciPjwvc3ZnPg==\" style=\"--smush-placeholder-width: 197px; --smush-placeholder-aspect-ratio: 197\/146;\" \/><\/figure><\/div>\n\n\n\n<p>Te invitamos a que conozcas nuestra<a href=\"https:\/\/www.subaru.es\/gamaeco-glp\/conoce_glp\"> gama Subaru eco GLP<\/a> y nuestra <a href=\"https:\/\/www.subaru.es\/gamaeco-hibridos\">Gama Subaru ecoHYBRID<\/a> y adem\u00e1s de disfrutar de los sistemas de seguridad m\u00e1s avanzados, te beneficies de las ventajas de la tarjeta eco. \u00a1Ven a conocernos! Te esperamos.<\/p>\n","protected":false},"excerpt":{"rendered":"<p>En cuanto al desarrollo de nuestros veh\u00edculos continuamos aplicando nuestra filosof\u00eda de \u201cprimero las personas\u201d, probando y mejorando continuamente nuestras funciones de seguridad avanzadas, desarrolladas durante m\u00e1s de 50 a\u00f1os.<\/p>\n","protected":false},"author":21,"featured_media":22478,"comment_status":"open","ping_status":"closed","sticky":false,"template":"","format":"standard","meta":{"_acf_changed":false,"_eb_attr":"","inline_featured_image":false,"footnotes":""},"categories":[4401],"tags":[1939,5176,5177,3428,5175,3169,592,5106,5105,5118,3051,3794,5121,293,3453,4575,64,5120,4464],"class_list":["post-22464","post","type-post","status-publish","format-standard","has-post-thumbnail","hentry","category-nuestra-marca","tag-airbags","tag-bastidor-en-forma-de-anillo","tag-cabina-protectora","tag-cinturon-de-seguridad","tag-coche-eco","tag-coche-ecologico","tag-coche-seguro","tag-coches-eco","tag-coches-seguros","tag-gama-eco-subaru","tag-glp","tag-latigazo-cervical","tag-maxima-seguridad-de-serie","tag-motor-boxer","tag-seguridad-pasiva","tag-seguridad-subaru","tag-subaru-espana","tag-tarjeta-eco","tag-traccion-total-simetrica"],"acf":[],"yoast_head":"<!-- This site is optimized with the Yoast SEO plugin v27.3 - https:\/\/yoast.com\/product\/yoast-seo-wordpress\/ -->\n<title>Seguridad Pasiva Subaru, conduce con total tranquilidad - Universo Subaru<\/title>\n<meta name=\"description\" content=\"En cuanto al desarrollo de nuestros veh\u00edculos continuamos probando y mejorando continuamente nuestras funciones de seguridad avanzadas, desarrolladas durante m\u00e1s de 50 a\u00f1os.\" \/>\n<meta name=\"robots\" content=\"index, follow, max-snippet:-1, max-image-preview:large, max-video-preview:-1\" \/>\n<link rel=\"canonical\" href=\"https:\/\/www.subaru.es\/blog\/nuestra-marca\/seguridad-pasiva-subaru-conduce-con-total-tranquilidad\/\" \/>\n<meta property=\"og:locale\" content=\"es_ES\" \/>\n<meta property=\"og:type\" content=\"article\" \/>\n<meta property=\"og:title\" content=\"Seguridad Pasiva Subaru, conduce con total tranquilidad - Universo Subaru\" \/>\n<meta property=\"og:description\" content=\"En cuanto al desarrollo de nuestros veh\u00edculos continuamos probando y mejorando continuamente nuestras funciones de seguridad avanzadas, desarrolladas durante m\u00e1s de 50 a\u00f1os.\" \/>\n<meta property=\"og:url\" content=\"https:\/\/www.subaru.es\/blog\/nuestra-marca\/seguridad-pasiva-subaru-conduce-con-total-tranquilidad\/\" \/>\n<meta property=\"og:site_name\" content=\"Universo Subaru\" \/>\n<meta property=\"article:publisher\" content=\"https:\/\/www.facebook.com\/subaruespana\" \/>\n<meta property=\"article:published_time\" content=\"2021-02-04T13:59:29+00:00\" \/>\n<meta property=\"article:modified_time\" content=\"2021-02-04T14:52:51+00:00\" \/>\n<meta property=\"og:image\" content=\"https:\/\/www.subaru.es\/blog\/wp-content\/uploads\/2020\/08\/nueva-nueva-1440x525.png\" \/>\n\t<meta property=\"og:image:width\" content=\"1440\" \/>\n\t<meta property=\"og:image:height\" content=\"525\" \/>\n\t<meta property=\"og:image:type\" content=\"image\/png\" \/>\n<meta name=\"author\" content=\"Subaru\" \/>\n<meta name=\"twitter:card\" content=\"summary_large_image\" \/>\n<meta name=\"twitter:label1\" content=\"Escrito por\" \/>\n\t<meta name=\"twitter:data1\" content=\"Subaru\" \/>\n\t<meta name=\"twitter:label2\" content=\"Tiempo de lectura\" \/>\n\t<meta name=\"twitter:data2\" content=\"2 minutos\" \/>\n<script type=\"application\/ld+json\" class=\"yoast-schema-graph\">{\"@context\":\"https:\\\/\\\/schema.org\",\"@graph\":[{\"@type\":\"Article\",\"@id\":\"https:\\\/\\\/www.subaru.es\\\/blog\\\/nuestra-marca\\\/seguridad-pasiva-subaru-conduce-con-total-tranquilidad\\\/#article\",\"isPartOf\":{\"@id\":\"https:\\\/\\\/www.subaru.es\\\/blog\\\/nuestra-marca\\\/seguridad-pasiva-subaru-conduce-con-total-tranquilidad\\\/\"},\"author\":{\"name\":\"Subaru\",\"@id\":\"https:\\\/\\\/www.subaru.es\\\/blog\\\/#\\\/schema\\\/person\\\/19a90b892230b8e0ec752704ddf4aa10\"},\"headline\":\"Seguridad Pasiva Subaru, conduce con total tranquilidad\",\"datePublished\":\"2021-02-04T13:59:29+00:00\",\"dateModified\":\"2021-02-04T14:52:51+00:00\",\"mainEntityOfPage\":{\"@id\":\"https:\\\/\\\/www.subaru.es\\\/blog\\\/nuestra-marca\\\/seguridad-pasiva-subaru-conduce-con-total-tranquilidad\\\/\"},\"wordCount\":439,\"commentCount\":1,\"publisher\":{\"@id\":\"https:\\\/\\\/www.subaru.es\\\/blog\\\/#organization\"},\"image\":{\"@id\":\"https:\\\/\\\/www.subaru.es\\\/blog\\\/nuestra-marca\\\/seguridad-pasiva-subaru-conduce-con-total-tranquilidad\\\/#primaryimage\"},\"thumbnailUrl\":\"https:\\\/\\\/www.subaru.es\\\/blog\\\/wp-content\\\/uploads\\\/2020\\\/08\\\/nueva-nueva-scaled.png\",\"keywords\":[\"airbags\",\"bastidor en forma de anillo\",\"cabina protectora\",\"cintur\u00f3n de seguridad\",\"Coche eco\",\"Coche ecol\u00f3gico\",\"coche seguro\",\"coches eco\",\"coches seguros\",\"Gama eco Subaru\",\"GLP\",\"latigazo cervical\",\"M\u00e1xima Seguridad de Serie\",\"motor boxer\",\"Seguridad pasiva\",\"Seguridad Subaru\",\"subaru espa\u00f1a\",\"Tarjeta eco\",\"Traccion Total Simetrica\"],\"articleSection\":[\"Nuestra marca\"],\"inLanguage\":\"es\",\"potentialAction\":[{\"@type\":\"CommentAction\",\"name\":\"Comment\",\"target\":[\"https:\\\/\\\/www.subaru.es\\\/blog\\\/nuestra-marca\\\/seguridad-pasiva-subaru-conduce-con-total-tranquilidad\\\/#respond\"]}]},{\"@type\":\"WebPage\",\"@id\":\"https:\\\/\\\/www.subaru.es\\\/blog\\\/nuestra-marca\\\/seguridad-pasiva-subaru-conduce-con-total-tranquilidad\\\/\",\"url\":\"https:\\\/\\\/www.subaru.es\\\/blog\\\/nuestra-marca\\\/seguridad-pasiva-subaru-conduce-con-total-tranquilidad\\\/\",\"name\":\"Seguridad Pasiva Subaru, conduce con total tranquilidad - Universo Subaru\",\"isPartOf\":{\"@id\":\"https:\\\/\\\/www.subaru.es\\\/blog\\\/#website\"},\"primaryImageOfPage\":{\"@id\":\"https:\\\/\\\/www.subaru.es\\\/blog\\\/nuestra-marca\\\/seguridad-pasiva-subaru-conduce-con-total-tranquilidad\\\/#primaryimage\"},\"image\":{\"@id\":\"https:\\\/\\\/www.subaru.es\\\/blog\\\/nuestra-marca\\\/seguridad-pasiva-subaru-conduce-con-total-tranquilidad\\\/#primaryimage\"},\"thumbnailUrl\":\"https:\\\/\\\/www.subaru.es\\\/blog\\\/wp-content\\\/uploads\\\/2020\\\/08\\\/nueva-nueva-scaled.png\",\"datePublished\":\"2021-02-04T13:59:29+00:00\",\"dateModified\":\"2021-02-04T14:52:51+00:00\",\"description\":\"En cuanto al desarrollo de nuestros veh\u00edculos continuamos probando y mejorando continuamente nuestras funciones de seguridad avanzadas, desarrolladas durante m\u00e1s de 50 a\u00f1os.\",\"breadcrumb\":{\"@id\":\"https:\\\/\\\/www.subaru.es\\\/blog\\\/nuestra-marca\\\/seguridad-pasiva-subaru-conduce-con-total-tranquilidad\\\/#breadcrumb\"},\"inLanguage\":\"es\",\"potentialAction\":[{\"@type\":\"ReadAction\",\"target\":[\"https:\\\/\\\/www.subaru.es\\\/blog\\\/nuestra-marca\\\/seguridad-pasiva-subaru-conduce-con-total-tranquilidad\\\/\"]}]},{\"@type\":\"ImageObject\",\"inLanguage\":\"es\",\"@id\":\"https:\\\/\\\/www.subaru.es\\\/blog\\\/nuestra-marca\\\/seguridad-pasiva-subaru-conduce-con-total-tranquilidad\\\/#primaryimage\",\"url\":\"https:\\\/\\\/www.subaru.es\\\/blog\\\/wp-content\\\/uploads\\\/2020\\\/08\\\/nueva-nueva-scaled.png\",\"contentUrl\":\"https:\\\/\\\/www.subaru.es\\\/blog\\\/wp-content\\\/uploads\\\/2020\\\/08\\\/nueva-nueva-scaled.png\",\"width\":2560,\"height\":933,\"caption\":\"Seguridad Pasiva Subaru - Subaru Outback\"},{\"@type\":\"BreadcrumbList\",\"@id\":\"https:\\\/\\\/www.subaru.es\\\/blog\\\/nuestra-marca\\\/seguridad-pasiva-subaru-conduce-con-total-tranquilidad\\\/#breadcrumb\",\"itemListElement\":[{\"@type\":\"ListItem\",\"position\":1,\"name\":\"Portada\",\"item\":\"https:\\\/\\\/www.subaru.es\\\/blog\\\/\"},{\"@type\":\"ListItem\",\"position\":2,\"name\":\"Seguridad Pasiva Subaru, conduce con total tranquilidad\"}]},{\"@type\":\"WebSite\",\"@id\":\"https:\\\/\\\/www.subaru.es\\\/blog\\\/#website\",\"url\":\"https:\\\/\\\/www.subaru.es\\\/blog\\\/\",\"name\":\"Universo Subaru\",\"description\":\"Descubre este apasionante espacio de Subaru donde vas a conocer todo sobre nuestros coches y las experiencias que vivimos con ellos. Si est\u00e1s preparado para dejarte seducir por la filosof\u00eda Subaru, qu\u00e9date con nosotros.\",\"publisher\":{\"@id\":\"https:\\\/\\\/www.subaru.es\\\/blog\\\/#organization\"},\"potentialAction\":[{\"@type\":\"SearchAction\",\"target\":{\"@type\":\"EntryPoint\",\"urlTemplate\":\"https:\\\/\\\/www.subaru.es\\\/blog\\\/?s={search_term_string}\"},\"query-input\":{\"@type\":\"PropertyValueSpecification\",\"valueRequired\":true,\"valueName\":\"search_term_string\"}}],\"inLanguage\":\"es\"},{\"@type\":\"Organization\",\"@id\":\"https:\\\/\\\/www.subaru.es\\\/blog\\\/#organization\",\"name\":\"Subaru Espa\u00f1a S.A.\",\"url\":\"https:\\\/\\\/www.subaru.es\\\/blog\\\/\",\"logo\":{\"@type\":\"ImageObject\",\"inLanguage\":\"es\",\"@id\":\"https:\\\/\\\/www.subaru.es\\\/blog\\\/#\\\/schema\\\/logo\\\/image\\\/\",\"url\":\"https:\\\/\\\/www.subaru.es\\\/blog\\\/wp-content\\\/uploads\\\/2016\\\/12\\\/Logo-Subaru-TypeV_C300-scaled.jpg\",\"contentUrl\":\"https:\\\/\\\/www.subaru.es\\\/blog\\\/wp-content\\\/uploads\\\/2016\\\/12\\\/Logo-Subaru-TypeV_C300-scaled.jpg\",\"width\":2560,\"height\":1864,\"caption\":\"Subaru Espa\u00f1a S.A.\"},\"image\":{\"@id\":\"https:\\\/\\\/www.subaru.es\\\/blog\\\/#\\\/schema\\\/logo\\\/image\\\/\"},\"sameAs\":[\"https:\\\/\\\/www.facebook.com\\\/subaruespana\",\"https:\\\/\\\/www.instagram.com\\\/subarues\\\/\",\"https:\\\/\\\/www.youtube.com\\\/user\\\/subaruespana\"]},{\"@type\":\"Person\",\"@id\":\"https:\\\/\\\/www.subaru.es\\\/blog\\\/#\\\/schema\\\/person\\\/19a90b892230b8e0ec752704ddf4aa10\",\"name\":\"Subaru\",\"url\":\"https:\\\/\\\/www.subaru.es\\\/blog\\\/author\\\/subaria\\\/\"}]}<\/script>\n<!-- \/ Yoast SEO plugin. -->","yoast_head_json":{"title":"Seguridad Pasiva Subaru, conduce con total tranquilidad - Universo Subaru","description":"En cuanto al desarrollo de nuestros veh\u00edculos continuamos probando y mejorando continuamente nuestras funciones de seguridad avanzadas, desarrolladas durante m\u00e1s de 50 a\u00f1os.","robots":{"index":"index","follow":"follow","max-snippet":"max-snippet:-1","max-image-preview":"max-image-preview:large","max-video-preview":"max-video-preview:-1"},"canonical":"https:\/\/www.subaru.es\/blog\/nuestra-marca\/seguridad-pasiva-subaru-conduce-con-total-tranquilidad\/","og_locale":"es_ES","og_type":"article","og_title":"Seguridad Pasiva Subaru, conduce con total tranquilidad - Universo Subaru","og_description":"En cuanto al desarrollo de nuestros veh\u00edculos continuamos probando y mejorando continuamente nuestras funciones de seguridad avanzadas, desarrolladas durante m\u00e1s de 50 a\u00f1os.","og_url":"https:\/\/www.subaru.es\/blog\/nuestra-marca\/seguridad-pasiva-subaru-conduce-con-total-tranquilidad\/","og_site_name":"Universo Subaru","article_publisher":"https:\/\/www.facebook.com\/subaruespana","article_published_time":"2021-02-04T13:59:29+00:00","article_modified_time":"2021-02-04T14:52:51+00:00","og_image":[{"width":1440,"height":525,"url":"https:\/\/www.subaru.es\/blog\/wp-content\/uploads\/2020\/08\/nueva-nueva-1440x525.png","type":"image\/png"}],"author":"Subaru","twitter_card":"summary_large_image","twitter_misc":{"Escrito por":"Subaru","Tiempo de lectura":"2 minutos"},"schema":{"@context":"https:\/\/schema.org","@graph":[{"@type":"Article","@id":"https:\/\/www.subaru.es\/blog\/nuestra-marca\/seguridad-pasiva-subaru-conduce-con-total-tranquilidad\/#article","isPartOf":{"@id":"https:\/\/www.subaru.es\/blog\/nuestra-marca\/seguridad-pasiva-subaru-conduce-con-total-tranquilidad\/"},"author":{"name":"Subaru","@id":"https:\/\/www.subaru.es\/blog\/#\/schema\/person\/19a90b892230b8e0ec752704ddf4aa10"},"headline":"Seguridad Pasiva Subaru, conduce con total tranquilidad","datePublished":"2021-02-04T13:59:29+00:00","dateModified":"2021-02-04T14:52:51+00:00","mainEntityOfPage":{"@id":"https:\/\/www.subaru.es\/blog\/nuestra-marca\/seguridad-pasiva-subaru-conduce-con-total-tranquilidad\/"},"wordCount":439,"commentCount":1,"publisher":{"@id":"https:\/\/www.subaru.es\/blog\/#organization"},"image":{"@id":"https:\/\/www.subaru.es\/blog\/nuestra-marca\/seguridad-pasiva-subaru-conduce-con-total-tranquilidad\/#primaryimage"},"thumbnailUrl":"https:\/\/www.subaru.es\/blog\/wp-content\/uploads\/2020\/08\/nueva-nueva-scaled.png","keywords":["airbags","bastidor en forma de anillo","cabina protectora","cintur\u00f3n de seguridad","Coche eco","Coche ecol\u00f3gico","coche seguro","coches eco","coches seguros","Gama eco Subaru","GLP","latigazo cervical","M\u00e1xima Seguridad de Serie","motor boxer","Seguridad pasiva","Seguridad Subaru","subaru espa\u00f1a","Tarjeta eco","Traccion Total Simetrica"],"articleSection":["Nuestra marca"],"inLanguage":"es","potentialAction":[{"@type":"CommentAction","name":"Comment","target":["https:\/\/www.subaru.es\/blog\/nuestra-marca\/seguridad-pasiva-subaru-conduce-con-total-tranquilidad\/#respond"]}]},{"@type":"WebPage","@id":"https:\/\/www.subaru.es\/blog\/nuestra-marca\/seguridad-pasiva-subaru-conduce-con-total-tranquilidad\/","url":"https:\/\/www.subaru.es\/blog\/nuestra-marca\/seguridad-pasiva-subaru-conduce-con-total-tranquilidad\/","name":"Seguridad Pasiva Subaru, conduce con total tranquilidad - Universo Subaru","isPartOf":{"@id":"https:\/\/www.subaru.es\/blog\/#website"},"primaryImageOfPage":{"@id":"https:\/\/www.subaru.es\/blog\/nuestra-marca\/seguridad-pasiva-subaru-conduce-con-total-tranquilidad\/#primaryimage"},"image":{"@id":"https:\/\/www.subaru.es\/blog\/nuestra-marca\/seguridad-pasiva-subaru-conduce-con-total-tranquilidad\/#primaryimage"},"thumbnailUrl":"https:\/\/www.subaru.es\/blog\/wp-content\/uploads\/2020\/08\/nueva-nueva-scaled.png","datePublished":"2021-02-04T13:59:29+00:00","dateModified":"2021-02-04T14:52:51+00:00","description":"En cuanto al desarrollo de nuestros veh\u00edculos continuamos probando y mejorando continuamente nuestras funciones de seguridad avanzadas, desarrolladas durante m\u00e1s de 50 a\u00f1os.","breadcrumb":{"@id":"https:\/\/www.subaru.es\/blog\/nuestra-marca\/seguridad-pasiva-subaru-conduce-con-total-tranquilidad\/#breadcrumb"},"inLanguage":"es","potentialAction":[{"@type":"ReadAction","target":["https:\/\/www.subaru.es\/blog\/nuestra-marca\/seguridad-pasiva-subaru-conduce-con-total-tranquilidad\/"]}]},{"@type":"ImageObject","inLanguage":"es","@id":"https:\/\/www.subaru.es\/blog\/nuestra-marca\/seguridad-pasiva-subaru-conduce-con-total-tranquilidad\/#primaryimage","url":"https:\/\/www.subaru.es\/blog\/wp-content\/uploads\/2020\/08\/nueva-nueva-scaled.png","contentUrl":"https:\/\/www.subaru.es\/blog\/wp-content\/uploads\/2020\/08\/nueva-nueva-scaled.png","width":2560,"height":933,"caption":"Seguridad Pasiva Subaru - Subaru Outback"},{"@type":"BreadcrumbList","@id":"https:\/\/www.subaru.es\/blog\/nuestra-marca\/seguridad-pasiva-subaru-conduce-con-total-tranquilidad\/#breadcrumb","itemListElement":[{"@type":"ListItem","position":1,"name":"Portada","item":"https:\/\/www.subaru.es\/blog\/"},{"@type":"ListItem","position":2,"name":"Seguridad Pasiva Subaru, conduce con total tranquilidad"}]},{"@type":"WebSite","@id":"https:\/\/www.subaru.es\/blog\/#website","url":"https:\/\/www.subaru.es\/blog\/","name":"Universo Subaru","description":"Descubre este apasionante espacio de Subaru donde vas a conocer todo sobre nuestros coches y las experiencias que vivimos con ellos. Si est\u00e1s preparado para dejarte seducir por la filosof\u00eda Subaru, qu\u00e9date con nosotros.","publisher":{"@id":"https:\/\/www.subaru.es\/blog\/#organization"},"potentialAction":[{"@type":"SearchAction","target":{"@type":"EntryPoint","urlTemplate":"https:\/\/www.subaru.es\/blog\/?s={search_term_string}"},"query-input":{"@type":"PropertyValueSpecification","valueRequired":true,"valueName":"search_term_string"}}],"inLanguage":"es"},{"@type":"Organization","@id":"https:\/\/www.subaru.es\/blog\/#organization","name":"Subaru Espa\u00f1a S.A.","url":"https:\/\/www.subaru.es\/blog\/","logo":{"@type":"ImageObject","inLanguage":"es","@id":"https:\/\/www.subaru.es\/blog\/#\/schema\/logo\/image\/","url":"https:\/\/www.subaru.es\/blog\/wp-content\/uploads\/2016\/12\/Logo-Subaru-TypeV_C300-scaled.jpg","contentUrl":"https:\/\/www.subaru.es\/blog\/wp-content\/uploads\/2016\/12\/Logo-Subaru-TypeV_C300-scaled.jpg","width":2560,"height":1864,"caption":"Subaru Espa\u00f1a S.A."},"image":{"@id":"https:\/\/www.subaru.es\/blog\/#\/schema\/logo\/image\/"},"sameAs":["https:\/\/www.facebook.com\/subaruespana","https:\/\/www.instagram.com\/subarues\/","https:\/\/www.youtube.com\/user\/subaruespana"]},{"@type":"Person","@id":"https:\/\/www.subaru.es\/blog\/#\/schema\/person\/19a90b892230b8e0ec752704ddf4aa10","name":"Subaru","url":"https:\/\/www.subaru.es\/blog\/author\/subaria\/"}]}},"_links":{"self":[{"href":"https:\/\/www.subaru.es\/blog\/wp-json\/wp\/v2\/posts\/22464","targetHints":{"allow":["GET"]}}],"collection":[{"href":"https:\/\/www.subaru.es\/blog\/wp-json\/wp\/v2\/posts"}],"about":[{"href":"https:\/\/www.subaru.es\/blog\/wp-json\/wp\/v2\/types\/post"}],"author":[{"embeddable":true,"href":"https:\/\/www.subaru.es\/blog\/wp-json\/wp\/v2\/users\/21"}],"replies":[{"embeddable":true,"href":"https:\/\/www.subaru.es\/blog\/wp-json\/wp\/v2\/comments?post=22464"}],"version-history":[{"count":9,"href":"https:\/\/www.subaru.es\/blog\/wp-json\/wp\/v2\/posts\/22464\/revisions"}],"predecessor-version":[{"id":23008,"href":"https:\/\/www.subaru.es\/blog\/wp-json\/wp\/v2\/posts\/22464\/revisions\/23008"}],"wp:featuredmedia":[{"embeddable":true,"href":"https:\/\/www.subaru.es\/blog\/wp-json\/wp\/v2\/media\/22478"}],"wp:attachment":[{"href":"https:\/\/www.subaru.es\/blog\/wp-json\/wp\/v2\/media?parent=22464"}],"wp:term":[{"taxonomy":"category","embeddable":true,"href":"https:\/\/www.subaru.es\/blog\/wp-json\/wp\/v2\/categories?post=22464"},{"taxonomy":"post_tag","embeddable":true,"href":"https:\/\/www.subaru.es\/blog\/wp-json\/wp\/v2\/tags?post=22464"}],"curies":[{"name":"wp","href":"https:\/\/api.w.org\/{rel}","templated":true}]}}