{"id":22400,"date":"2020-08-13T15:28:23","date_gmt":"2020-08-13T13:28:23","guid":{"rendered":"https:\/\/www.subaru.es\/blog\/?p=22400"},"modified":"2022-12-16T11:50:34","modified_gmt":"2022-12-16T09:50:34","slug":"viaja-seguro-con-perro-subaru-verano","status":"publish","type":"post","link":"https:\/\/www.subaru.es\/blog\/pet-lovers\/viaja-seguro-con-perro-subaru-verano\/","title":{"rendered":"Viaja seguro con tu perro en tu Subaru este verano"},"content":{"rendered":"\n<p>La cada vez m\u00e1s creciente apertura a la entrada de mascotas en m\u00faltiples establecimientos ha provocado <strong>que cada vez sean m\u00e1s los amantes de las mascotas que deciden llevar consigo de viaje a estos compa\u00f1eros de vida que nos dan tantas alegr\u00edas.<\/strong> Es cierto que tu mascota, hoy en d\u00eda puede viajar en cualquier medio de transporte, pero <strong>no cabe duda de que el coche es la mejor y m\u00e1s c\u00f3moda alternativa para los perros.<\/strong><\/p>\n\n\n\n<figure class=\"wp-block-image size-large\"><img decoding=\"async\" width=\"1440\" height=\"960\" data-src=\"https:\/\/www.subaru.es\/blog\/wp-content\/uploads\/2019\/04\/04.-Jueves-Viajar-con-perros-1440x960.jpg\" alt=\"\" class=\"wp-image-20816 lazyload\" data-srcset=\"https:\/\/www.subaru.es\/blog\/wp-content\/uploads\/2019\/04\/04.-Jueves-Viajar-con-perros-1440x960.jpg 1440w, https:\/\/www.subaru.es\/blog\/wp-content\/uploads\/2019\/04\/04.-Jueves-Viajar-con-perros-560x373.jpg 560w, https:\/\/www.subaru.es\/blog\/wp-content\/uploads\/2019\/04\/04.-Jueves-Viajar-con-perros-768x512.jpg 768w, https:\/\/www.subaru.es\/blog\/wp-content\/uploads\/2019\/04\/04.-Jueves-Viajar-con-perros-1536x1024.jpg 1536w, https:\/\/www.subaru.es\/blog\/wp-content\/uploads\/2019\/04\/04.-Jueves-Viajar-con-perros-2048x1365.jpg 2048w\" data-sizes=\"(max-width: 1440px) 100vw, 1440px\" src=\"data:image\/svg+xml;base64,PHN2ZyB3aWR0aD0iMSIgaGVpZ2h0PSIxIiB4bWxucz0iaHR0cDovL3d3dy53My5vcmcvMjAwMC9zdmciPjwvc3ZnPg==\" style=\"--smush-placeholder-width: 1440px; --smush-placeholder-aspect-ratio: 1440\/960;\" \/><\/figure>\n\n\n\n<p>Es un espacio con el que suele estar familiarizado, ya lo conoce y se sentir\u00e1 seguro, pero a\u00fan as\u00ed <strong>es necesario tomar todas las precauciones para que tanto tu mascota como t\u00fa al volante de tu <a href=\"https:\/\/www.subaru.es\" target=\"_blank\" rel=\"noreferrer noopener\">Subaru<\/a>, viaj\u00e9is con la m\u00e1xima <a href=\"https:\/\/www.subaru.es\/seguridad\" target=\"_blank\" rel=\"noreferrer noopener\">seguridad<\/a>.<\/strong><\/p>\n\n\n\n<h3 class=\"wp-block-heading\">Qu\u00e9 hacer antes de viajar con perro\u00a0<\/h3>\n\n\n\n<p><strong>Para que tu perro vaya relajado y tranquilo durante el viaje siempre conviene que dediques unos minutos antes para sacarle de paseo y jugar<\/strong> con \u00e9l para que en la medida de lo posible se canse y aproveche el viaje para dormir.<\/p>\n\n\n\n<p>Tu mascota tambi\u00e9n agradecer\u00e1 que lleves su juguete favorito o alg\u00fan elemento fetiche que le haga sentirse como en casa durante el viaje.<\/p>\n\n\n\n<p>Por supuesto, es importante que no le des nada de comer al menos dos horas de salir.<\/p>\n\n\n\n<h3 class=\"wp-block-heading\">Seguridad total durante el trayecto<\/h3>\n\n\n\n<p><strong>Si tu perro es fan de los viajes a bordo de tu Subaru, es muy f\u00e1cil que se quede tranquilito en la parte trasera del veh\u00edculo.<\/strong> Aun as\u00ed, siempre es necesario tomar las precauciones oportunas para que est\u00e9 lo suficientemente sujeto y protegido.&nbsp;<\/p>\n\n\n\n<p><strong>Es fundamental que no pueda tener acceso a la zona del conductor, de manera que puedas tener libertad de movimientos para la conducci\u00f3n y <\/strong><a href=\"https:\/\/www.subaru.es\/blog\/nuestra-marca\/subaru-forester-ecohybrid-sistema-monitorizacion-conductor\/\"><strong>evitar <\/strong><\/a><strong><a href=\"https:\/\/www.subaru.es\/blog\/nuestra-marca\/subaru-forester-ecohybrid-sistema-monitorizacion-conductor\/\" target=\"_blank\" rel=\"noreferrer noopener\">distracciones<\/a><\/strong>, as\u00ed como una visi\u00f3n total de frente y a ambos lados de la carretera.<\/p>\n\n\n\n<p>Si tu mascota es peque\u00f1a, es necesario que vaya dentro de un transport\u00edn, ubicado a ser posible en el suelo del coche y\/o sujeto con el cintur\u00f3n de seguridad.&nbsp;<\/p>\n\n\n\n<figure class=\"wp-block-image size-large\"><img decoding=\"async\" width=\"1440\" height=\"909\" data-src=\"https:\/\/www.subaru.es\/blog\/wp-content\/uploads\/2019\/07\/Subaru-XV-ECO-hybrid-exterior-6-1440x909.jpg\" alt=\"\" class=\"wp-image-21099 lazyload\" data-srcset=\"https:\/\/www.subaru.es\/blog\/wp-content\/uploads\/2019\/07\/Subaru-XV-ECO-hybrid-exterior-6-1440x909.jpg 1440w, https:\/\/www.subaru.es\/blog\/wp-content\/uploads\/2019\/07\/Subaru-XV-ECO-hybrid-exterior-6-560x353.jpg 560w, https:\/\/www.subaru.es\/blog\/wp-content\/uploads\/2019\/07\/Subaru-XV-ECO-hybrid-exterior-6-768x485.jpg 768w, https:\/\/www.subaru.es\/blog\/wp-content\/uploads\/2019\/07\/Subaru-XV-ECO-hybrid-exterior-6-1536x969.jpg 1536w, https:\/\/www.subaru.es\/blog\/wp-content\/uploads\/2019\/07\/Subaru-XV-ECO-hybrid-exterior-6-2048x1292.jpg 2048w\" data-sizes=\"(max-width: 1440px) 100vw, 1440px\" src=\"data:image\/svg+xml;base64,PHN2ZyB3aWR0aD0iMSIgaGVpZ2h0PSIxIiB4bWxucz0iaHR0cDovL3d3dy53My5vcmcvMjAwMC9zdmciPjwvc3ZnPg==\" style=\"--smush-placeholder-width: 1440px; --smush-placeholder-aspect-ratio: 1440\/909;\" \/><\/figure>\n\n\n\n<p>Si por el contrario es muy grande, el gran maletero de nuestros modelos, tanto <strong><a href=\"https:\/\/www.subaru.es\/vehiculos\/forester\" target=\"_blank\" rel=\"noreferrer noopener\">Forester<\/a><\/strong> como <a href=\"https:\/\/www.subaru.es\/vehiculos\/xv\" target=\"_blank\" rel=\"noreferrer noopener\">Subaru<\/a><a href=\"https:\/\/www.subaru.es\/vehiculos\/xv\"> XV<\/a>, permitir\u00e1 cierta libertad de movimientos al colocarlo en direcci\u00f3n contraria a la marcha y tener las barras o redes de seguridad que lo separan de la zona de asientos. Aseg\u00farate de que est\u00e1n bien ancladas para evitar que tu fiel amigo tenga la tentaci\u00f3n de realizarte alguna visita sorpresa durante el trayecto.\u00a0<\/p>\n","protected":false},"excerpt":{"rendered":"<p>La cada vez m\u00e1s creciente apertura a la entrada de mascotas en m\u00faltiples establecimientos ha provocado que cada vez sean m\u00e1s los amantes de las mascotas que deciden llevar consigo de viaje a estos compa\u00f1eros de vida que nos dan tantas alegr\u00edas. Es cierto que tu mascota, hoy en d\u00eda puede viajar en cualquier medio [&hellip;]<\/p>\n","protected":false},"author":21,"featured_media":22402,"comment_status":"open","ping_status":"closed","sticky":false,"template":"","format":"standard","meta":{"_acf_changed":false,"_eb_attr":"","inline_featured_image":false,"footnotes":""},"categories":[4402,4520],"tags":[4405,5027,5081,13,5019,5038,5044,5005,4852,5013,4364,4363,4575,4390,5017,908,64,5094,4714,5083,5040],"class_list":["post-22400","post","type-post","status-publish","format-standard","has-post-thumbnail","hentry","category-pet-lovers","category-subaru-lifestyle","tag-all-around-safety","tag-dogvivant","tag-ecohybrid","tag-forester","tag-forester-eco-hybrid","tag-forester-hibrido","tag-gama-eco-hybrid","tag-gama-hibrida-subaru","tag-gama-suv","tag-gama-suv-subaru","tag-petfriendly","tag-petlovers","tag-seguridad-subaru","tag-subaru","tag-subaru-eco-hybrid","tag-subaru-ecologico","tag-subaru-espana","tag-subaru-forester-ecohybrid","tag-subaru-petlover","tag-subaru-xv-ecohybrid","tag-xv-eco-hybrid"],"acf":[],"yoast_head":"<!-- This site is optimized with the Yoast SEO plugin v27.3 - https:\/\/yoast.com\/product\/yoast-seo-wordpress\/ -->\n<title>Viaja seguro con tu perro en tu Subaru este verano - Universo Subaru<\/title>\n<meta name=\"robots\" content=\"index, follow, max-snippet:-1, max-image-preview:large, max-video-preview:-1\" \/>\n<link rel=\"canonical\" href=\"https:\/\/www.subaru.es\/blog\/pet-lovers\/viaja-seguro-con-perro-subaru-verano\/\" \/>\n<meta property=\"og:locale\" content=\"es_ES\" \/>\n<meta property=\"og:type\" content=\"article\" \/>\n<meta property=\"og:title\" content=\"Viaja seguro con tu perro en tu Subaru este verano - Universo Subaru\" \/>\n<meta property=\"og:description\" content=\"La cada vez m\u00e1s creciente apertura a la entrada de mascotas en m\u00faltiples establecimientos ha provocado que cada vez sean m\u00e1s los amantes de las mascotas que deciden llevar consigo de viaje a estos compa\u00f1eros de vida que nos dan tantas alegr\u00edas. Es cierto que tu mascota, hoy en d\u00eda puede viajar en cualquier medio [&hellip;]\" \/>\n<meta property=\"og:url\" content=\"https:\/\/www.subaru.es\/blog\/pet-lovers\/viaja-seguro-con-perro-subaru-verano\/\" \/>\n<meta property=\"og:site_name\" content=\"Universo Subaru\" \/>\n<meta property=\"article:publisher\" content=\"https:\/\/www.facebook.com\/subaruespana\" \/>\n<meta property=\"article:published_time\" content=\"2020-08-13T13:28:23+00:00\" \/>\n<meta property=\"article:modified_time\" content=\"2022-12-16T09:50:34+00:00\" \/>\n<meta property=\"og:image\" content=\"https:\/\/www.subaru.es\/blog\/wp-content\/uploads\/2020\/08\/VIAJAR-CON-PERRO.jpg\" \/>\n\t<meta property=\"og:image:width\" content=\"1550\" \/>\n\t<meta property=\"og:image:height\" content=\"469\" \/>\n\t<meta property=\"og:image:type\" content=\"image\/jpeg\" \/>\n<meta name=\"author\" content=\"Subaru\" \/>\n<meta name=\"twitter:card\" content=\"summary_large_image\" \/>\n<meta name=\"twitter:label1\" content=\"Escrito por\" \/>\n\t<meta name=\"twitter:data1\" content=\"Subaru\" \/>\n\t<meta name=\"twitter:label2\" content=\"Tiempo de lectura\" \/>\n\t<meta name=\"twitter:data2\" content=\"2 minutos\" \/>\n<script type=\"application\/ld+json\" class=\"yoast-schema-graph\">{\"@context\":\"https:\\\/\\\/schema.org\",\"@graph\":[{\"@type\":\"Article\",\"@id\":\"https:\\\/\\\/www.subaru.es\\\/blog\\\/pet-lovers\\\/viaja-seguro-con-perro-subaru-verano\\\/#article\",\"isPartOf\":{\"@id\":\"https:\\\/\\\/www.subaru.es\\\/blog\\\/pet-lovers\\\/viaja-seguro-con-perro-subaru-verano\\\/\"},\"author\":{\"name\":\"Subaru\",\"@id\":\"https:\\\/\\\/www.subaru.es\\\/blog\\\/#\\\/schema\\\/person\\\/19a90b892230b8e0ec752704ddf4aa10\"},\"headline\":\"Viaja seguro con tu perro en tu Subaru este verano\",\"datePublished\":\"2020-08-13T13:28:23+00:00\",\"dateModified\":\"2022-12-16T09:50:34+00:00\",\"mainEntityOfPage\":{\"@id\":\"https:\\\/\\\/www.subaru.es\\\/blog\\\/pet-lovers\\\/viaja-seguro-con-perro-subaru-verano\\\/\"},\"wordCount\":430,\"commentCount\":0,\"publisher\":{\"@id\":\"https:\\\/\\\/www.subaru.es\\\/blog\\\/#organization\"},\"image\":{\"@id\":\"https:\\\/\\\/www.subaru.es\\\/blog\\\/pet-lovers\\\/viaja-seguro-con-perro-subaru-verano\\\/#primaryimage\"},\"thumbnailUrl\":\"https:\\\/\\\/www.subaru.es\\\/blog\\\/wp-content\\\/uploads\\\/2020\\\/08\\\/VIAJAR-CON-PERRO.jpg\",\"keywords\":[\"all around safety\",\"Dogvivant\",\"ecoHYBRID\",\"forester\",\"Forester ECO Hybrid\",\"Forester H\u00edbrido\",\"gama eco hybrid\",\"gama h\u00edbrida Subaru\",\"Gama SUV\",\"gama SUV subaru\",\"petfriendly\",\"petlovers\",\"Seguridad Subaru\",\"Subaru\",\"Subaru eco hybrid\",\"Subaru ecol\u00f3gico\",\"subaru espa\u00f1a\",\"Subaru Forester ecoHYBRID\",\"Subaru PetLover\",\"Subaru XV ecoHYBRID\",\"XV Eco Hybrid\"],\"articleSection\":[\"Pet lovers\",\"Subaru LifeStyle\"],\"inLanguage\":\"es\",\"potentialAction\":[{\"@type\":\"CommentAction\",\"name\":\"Comment\",\"target\":[\"https:\\\/\\\/www.subaru.es\\\/blog\\\/pet-lovers\\\/viaja-seguro-con-perro-subaru-verano\\\/#respond\"]}]},{\"@type\":\"WebPage\",\"@id\":\"https:\\\/\\\/www.subaru.es\\\/blog\\\/pet-lovers\\\/viaja-seguro-con-perro-subaru-verano\\\/\",\"url\":\"https:\\\/\\\/www.subaru.es\\\/blog\\\/pet-lovers\\\/viaja-seguro-con-perro-subaru-verano\\\/\",\"name\":\"Viaja seguro con tu perro en tu Subaru este verano - Universo Subaru\",\"isPartOf\":{\"@id\":\"https:\\\/\\\/www.subaru.es\\\/blog\\\/#website\"},\"primaryImageOfPage\":{\"@id\":\"https:\\\/\\\/www.subaru.es\\\/blog\\\/pet-lovers\\\/viaja-seguro-con-perro-subaru-verano\\\/#primaryimage\"},\"image\":{\"@id\":\"https:\\\/\\\/www.subaru.es\\\/blog\\\/pet-lovers\\\/viaja-seguro-con-perro-subaru-verano\\\/#primaryimage\"},\"thumbnailUrl\":\"https:\\\/\\\/www.subaru.es\\\/blog\\\/wp-content\\\/uploads\\\/2020\\\/08\\\/VIAJAR-CON-PERRO.jpg\",\"datePublished\":\"2020-08-13T13:28:23+00:00\",\"dateModified\":\"2022-12-16T09:50:34+00:00\",\"breadcrumb\":{\"@id\":\"https:\\\/\\\/www.subaru.es\\\/blog\\\/pet-lovers\\\/viaja-seguro-con-perro-subaru-verano\\\/#breadcrumb\"},\"inLanguage\":\"es\",\"potentialAction\":[{\"@type\":\"ReadAction\",\"target\":[\"https:\\\/\\\/www.subaru.es\\\/blog\\\/pet-lovers\\\/viaja-seguro-con-perro-subaru-verano\\\/\"]}]},{\"@type\":\"ImageObject\",\"inLanguage\":\"es\",\"@id\":\"https:\\\/\\\/www.subaru.es\\\/blog\\\/pet-lovers\\\/viaja-seguro-con-perro-subaru-verano\\\/#primaryimage\",\"url\":\"https:\\\/\\\/www.subaru.es\\\/blog\\\/wp-content\\\/uploads\\\/2020\\\/08\\\/VIAJAR-CON-PERRO.jpg\",\"contentUrl\":\"https:\\\/\\\/www.subaru.es\\\/blog\\\/wp-content\\\/uploads\\\/2020\\\/08\\\/VIAJAR-CON-PERRO.jpg\",\"width\":1550,\"height\":469},{\"@type\":\"BreadcrumbList\",\"@id\":\"https:\\\/\\\/www.subaru.es\\\/blog\\\/pet-lovers\\\/viaja-seguro-con-perro-subaru-verano\\\/#breadcrumb\",\"itemListElement\":[{\"@type\":\"ListItem\",\"position\":1,\"name\":\"Portada\",\"item\":\"https:\\\/\\\/www.subaru.es\\\/blog\\\/\"},{\"@type\":\"ListItem\",\"position\":2,\"name\":\"Viaja seguro con tu perro en tu Subaru este verano\"}]},{\"@type\":\"WebSite\",\"@id\":\"https:\\\/\\\/www.subaru.es\\\/blog\\\/#website\",\"url\":\"https:\\\/\\\/www.subaru.es\\\/blog\\\/\",\"name\":\"Universo Subaru\",\"description\":\"Descubre este apasionante espacio de Subaru donde vas a conocer todo sobre nuestros coches y las experiencias que vivimos con ellos. Si est\u00e1s preparado para dejarte seducir por la filosof\u00eda Subaru, qu\u00e9date con nosotros.\",\"publisher\":{\"@id\":\"https:\\\/\\\/www.subaru.es\\\/blog\\\/#organization\"},\"potentialAction\":[{\"@type\":\"SearchAction\",\"target\":{\"@type\":\"EntryPoint\",\"urlTemplate\":\"https:\\\/\\\/www.subaru.es\\\/blog\\\/?s={search_term_string}\"},\"query-input\":{\"@type\":\"PropertyValueSpecification\",\"valueRequired\":true,\"valueName\":\"search_term_string\"}}],\"inLanguage\":\"es\"},{\"@type\":\"Organization\",\"@id\":\"https:\\\/\\\/www.subaru.es\\\/blog\\\/#organization\",\"name\":\"Subaru Espa\u00f1a S.A.\",\"url\":\"https:\\\/\\\/www.subaru.es\\\/blog\\\/\",\"logo\":{\"@type\":\"ImageObject\",\"inLanguage\":\"es\",\"@id\":\"https:\\\/\\\/www.subaru.es\\\/blog\\\/#\\\/schema\\\/logo\\\/image\\\/\",\"url\":\"https:\\\/\\\/www.subaru.es\\\/blog\\\/wp-content\\\/uploads\\\/2016\\\/12\\\/Logo-Subaru-TypeV_C300-scaled.jpg\",\"contentUrl\":\"https:\\\/\\\/www.subaru.es\\\/blog\\\/wp-content\\\/uploads\\\/2016\\\/12\\\/Logo-Subaru-TypeV_C300-scaled.jpg\",\"width\":2560,\"height\":1864,\"caption\":\"Subaru Espa\u00f1a S.A.\"},\"image\":{\"@id\":\"https:\\\/\\\/www.subaru.es\\\/blog\\\/#\\\/schema\\\/logo\\\/image\\\/\"},\"sameAs\":[\"https:\\\/\\\/www.facebook.com\\\/subaruespana\",\"https:\\\/\\\/www.instagram.com\\\/subarues\\\/\",\"https:\\\/\\\/www.youtube.com\\\/user\\\/subaruespana\"]},{\"@type\":\"Person\",\"@id\":\"https:\\\/\\\/www.subaru.es\\\/blog\\\/#\\\/schema\\\/person\\\/19a90b892230b8e0ec752704ddf4aa10\",\"name\":\"Subaru\",\"url\":\"https:\\\/\\\/www.subaru.es\\\/blog\\\/author\\\/subaria\\\/\"}]}<\/script>\n<!-- \/ Yoast SEO plugin. -->","yoast_head_json":{"title":"Viaja seguro con tu perro en tu Subaru este verano - Universo Subaru","robots":{"index":"index","follow":"follow","max-snippet":"max-snippet:-1","max-image-preview":"max-image-preview:large","max-video-preview":"max-video-preview:-1"},"canonical":"https:\/\/www.subaru.es\/blog\/pet-lovers\/viaja-seguro-con-perro-subaru-verano\/","og_locale":"es_ES","og_type":"article","og_title":"Viaja seguro con tu perro en tu Subaru este verano - Universo Subaru","og_description":"La cada vez m\u00e1s creciente apertura a la entrada de mascotas en m\u00faltiples establecimientos ha provocado que cada vez sean m\u00e1s los amantes de las mascotas que deciden llevar consigo de viaje a estos compa\u00f1eros de vida que nos dan tantas alegr\u00edas. Es cierto que tu mascota, hoy en d\u00eda puede viajar en cualquier medio [&hellip;]","og_url":"https:\/\/www.subaru.es\/blog\/pet-lovers\/viaja-seguro-con-perro-subaru-verano\/","og_site_name":"Universo Subaru","article_publisher":"https:\/\/www.facebook.com\/subaruespana","article_published_time":"2020-08-13T13:28:23+00:00","article_modified_time":"2022-12-16T09:50:34+00:00","og_image":[{"width":1550,"height":469,"url":"https:\/\/www.subaru.es\/blog\/wp-content\/uploads\/2020\/08\/VIAJAR-CON-PERRO.jpg","type":"image\/jpeg"}],"author":"Subaru","twitter_card":"summary_large_image","twitter_misc":{"Escrito por":"Subaru","Tiempo de lectura":"2 minutos"},"schema":{"@context":"https:\/\/schema.org","@graph":[{"@type":"Article","@id":"https:\/\/www.subaru.es\/blog\/pet-lovers\/viaja-seguro-con-perro-subaru-verano\/#article","isPartOf":{"@id":"https:\/\/www.subaru.es\/blog\/pet-lovers\/viaja-seguro-con-perro-subaru-verano\/"},"author":{"name":"Subaru","@id":"https:\/\/www.subaru.es\/blog\/#\/schema\/person\/19a90b892230b8e0ec752704ddf4aa10"},"headline":"Viaja seguro con tu perro en tu Subaru este verano","datePublished":"2020-08-13T13:28:23+00:00","dateModified":"2022-12-16T09:50:34+00:00","mainEntityOfPage":{"@id":"https:\/\/www.subaru.es\/blog\/pet-lovers\/viaja-seguro-con-perro-subaru-verano\/"},"wordCount":430,"commentCount":0,"publisher":{"@id":"https:\/\/www.subaru.es\/blog\/#organization"},"image":{"@id":"https:\/\/www.subaru.es\/blog\/pet-lovers\/viaja-seguro-con-perro-subaru-verano\/#primaryimage"},"thumbnailUrl":"https:\/\/www.subaru.es\/blog\/wp-content\/uploads\/2020\/08\/VIAJAR-CON-PERRO.jpg","keywords":["all around safety","Dogvivant","ecoHYBRID","forester","Forester ECO Hybrid","Forester H\u00edbrido","gama eco hybrid","gama h\u00edbrida Subaru","Gama SUV","gama SUV subaru","petfriendly","petlovers","Seguridad Subaru","Subaru","Subaru eco hybrid","Subaru ecol\u00f3gico","subaru espa\u00f1a","Subaru Forester ecoHYBRID","Subaru PetLover","Subaru XV ecoHYBRID","XV Eco Hybrid"],"articleSection":["Pet lovers","Subaru LifeStyle"],"inLanguage":"es","potentialAction":[{"@type":"CommentAction","name":"Comment","target":["https:\/\/www.subaru.es\/blog\/pet-lovers\/viaja-seguro-con-perro-subaru-verano\/#respond"]}]},{"@type":"WebPage","@id":"https:\/\/www.subaru.es\/blog\/pet-lovers\/viaja-seguro-con-perro-subaru-verano\/","url":"https:\/\/www.subaru.es\/blog\/pet-lovers\/viaja-seguro-con-perro-subaru-verano\/","name":"Viaja seguro con tu perro en tu Subaru este verano - Universo Subaru","isPartOf":{"@id":"https:\/\/www.subaru.es\/blog\/#website"},"primaryImageOfPage":{"@id":"https:\/\/www.subaru.es\/blog\/pet-lovers\/viaja-seguro-con-perro-subaru-verano\/#primaryimage"},"image":{"@id":"https:\/\/www.subaru.es\/blog\/pet-lovers\/viaja-seguro-con-perro-subaru-verano\/#primaryimage"},"thumbnailUrl":"https:\/\/www.subaru.es\/blog\/wp-content\/uploads\/2020\/08\/VIAJAR-CON-PERRO.jpg","datePublished":"2020-08-13T13:28:23+00:00","dateModified":"2022-12-16T09:50:34+00:00","breadcrumb":{"@id":"https:\/\/www.subaru.es\/blog\/pet-lovers\/viaja-seguro-con-perro-subaru-verano\/#breadcrumb"},"inLanguage":"es","potentialAction":[{"@type":"ReadAction","target":["https:\/\/www.subaru.es\/blog\/pet-lovers\/viaja-seguro-con-perro-subaru-verano\/"]}]},{"@type":"ImageObject","inLanguage":"es","@id":"https:\/\/www.subaru.es\/blog\/pet-lovers\/viaja-seguro-con-perro-subaru-verano\/#primaryimage","url":"https:\/\/www.subaru.es\/blog\/wp-content\/uploads\/2020\/08\/VIAJAR-CON-PERRO.jpg","contentUrl":"https:\/\/www.subaru.es\/blog\/wp-content\/uploads\/2020\/08\/VIAJAR-CON-PERRO.jpg","width":1550,"height":469},{"@type":"BreadcrumbList","@id":"https:\/\/www.subaru.es\/blog\/pet-lovers\/viaja-seguro-con-perro-subaru-verano\/#breadcrumb","itemListElement":[{"@type":"ListItem","position":1,"name":"Portada","item":"https:\/\/www.subaru.es\/blog\/"},{"@type":"ListItem","position":2,"name":"Viaja seguro con tu perro en tu Subaru este verano"}]},{"@type":"WebSite","@id":"https:\/\/www.subaru.es\/blog\/#website","url":"https:\/\/www.subaru.es\/blog\/","name":"Universo Subaru","description":"Descubre este apasionante espacio de Subaru donde vas a conocer todo sobre nuestros coches y las experiencias que vivimos con ellos. Si est\u00e1s preparado para dejarte seducir por la filosof\u00eda Subaru, qu\u00e9date con nosotros.","publisher":{"@id":"https:\/\/www.subaru.es\/blog\/#organization"},"potentialAction":[{"@type":"SearchAction","target":{"@type":"EntryPoint","urlTemplate":"https:\/\/www.subaru.es\/blog\/?s={search_term_string}"},"query-input":{"@type":"PropertyValueSpecification","valueRequired":true,"valueName":"search_term_string"}}],"inLanguage":"es"},{"@type":"Organization","@id":"https:\/\/www.subaru.es\/blog\/#organization","name":"Subaru Espa\u00f1a S.A.","url":"https:\/\/www.subaru.es\/blog\/","logo":{"@type":"ImageObject","inLanguage":"es","@id":"https:\/\/www.subaru.es\/blog\/#\/schema\/logo\/image\/","url":"https:\/\/www.subaru.es\/blog\/wp-content\/uploads\/2016\/12\/Logo-Subaru-TypeV_C300-scaled.jpg","contentUrl":"https:\/\/www.subaru.es\/blog\/wp-content\/uploads\/2016\/12\/Logo-Subaru-TypeV_C300-scaled.jpg","width":2560,"height":1864,"caption":"Subaru Espa\u00f1a S.A."},"image":{"@id":"https:\/\/www.subaru.es\/blog\/#\/schema\/logo\/image\/"},"sameAs":["https:\/\/www.facebook.com\/subaruespana","https:\/\/www.instagram.com\/subarues\/","https:\/\/www.youtube.com\/user\/subaruespana"]},{"@type":"Person","@id":"https:\/\/www.subaru.es\/blog\/#\/schema\/person\/19a90b892230b8e0ec752704ddf4aa10","name":"Subaru","url":"https:\/\/www.subaru.es\/blog\/author\/subaria\/"}]}},"_links":{"self":[{"href":"https:\/\/www.subaru.es\/blog\/wp-json\/wp\/v2\/posts\/22400","targetHints":{"allow":["GET"]}}],"collection":[{"href":"https:\/\/www.subaru.es\/blog\/wp-json\/wp\/v2\/posts"}],"about":[{"href":"https:\/\/www.subaru.es\/blog\/wp-json\/wp\/v2\/types\/post"}],"author":[{"embeddable":true,"href":"https:\/\/www.subaru.es\/blog\/wp-json\/wp\/v2\/users\/21"}],"replies":[{"embeddable":true,"href":"https:\/\/www.subaru.es\/blog\/wp-json\/wp\/v2\/comments?post=22400"}],"version-history":[{"count":1,"href":"https:\/\/www.subaru.es\/blog\/wp-json\/wp\/v2\/posts\/22400\/revisions"}],"predecessor-version":[{"id":22401,"href":"https:\/\/www.subaru.es\/blog\/wp-json\/wp\/v2\/posts\/22400\/revisions\/22401"}],"wp:featuredmedia":[{"embeddable":true,"href":"https:\/\/www.subaru.es\/blog\/wp-json\/wp\/v2\/media\/22402"}],"wp:attachment":[{"href":"https:\/\/www.subaru.es\/blog\/wp-json\/wp\/v2\/media?parent=22400"}],"wp:term":[{"taxonomy":"category","embeddable":true,"href":"https:\/\/www.subaru.es\/blog\/wp-json\/wp\/v2\/categories?post=22400"},{"taxonomy":"post_tag","embeddable":true,"href":"https:\/\/www.subaru.es\/blog\/wp-json\/wp\/v2\/tags?post=22400"}],"curies":[{"name":"wp","href":"https:\/\/api.w.org\/{rel}","templated":true}]}}