{"id":224,"date":"2007-10-04T17:04:32","date_gmt":"2007-10-04T15:04:32","guid":{"rendered":"http:\/\/subaru.preproduccion.com\/blog\/wp-content\/2007\/10\/04\/rally-cataluna-costa-dorada-pons-y-amigo-esperan-hacerlo-bien-en-%e2%80%9ccasa%e2%80%9d\/"},"modified":"2016-10-17T15:11:39","modified_gmt":"2016-10-17T13:11:39","slug":"rally-cataluna-costa-dorada-pons-y-amigo-esperan-hacerlo-bien-en-casa","status":"publish","type":"post","link":"https:\/\/www.subaru.es\/blog\/nuestra-marca\/rally-cataluna-costa-dorada-pons-y-amigo-esperan-hacerlo-bien-en-casa\/","title":{"rendered":"Rally Catalu\u00f1a-Costa Dorada: Pons y Amigo esperan hacerlo bien en \u201ccasa\u201d"},"content":{"rendered":"<p>El h\u00e9roe local, <a href=\"http:\/\/www.xevipons.com\/\">Xevi Pons<\/a>, tiene ganas de participar en \u201csu\u201d prueba, el <strong>Rally Catalu\u00f1a-Costa Dorada<\/strong>, Rally de Espa\u00f1a, que se celebra <strong>este fin de semana<\/strong>.  <\/p>\n<p><center><img data-src='https:\/\/www.subaru.es\/blog\/wp-content\/uploads\/2007\/10\/rally1.jpg' alt='rallycatalunya' src='data:image\/svg+xml;base64,PHN2ZyB3aWR0aD0iMSIgaGVpZ2h0PSIxIiB4bWxucz0iaHR0cDovL3d3dy53My5vcmcvMjAwMC9zdmciPjwvc3ZnPg==' class='lazyload' style='--smush-placeholder-width: 350px; --smush-placeholder-aspect-ratio: 350\/232;' \/><\/center><br \/>\n<center><strong>XeviPons (a la derecha) junto a Oleguer Presas<\/strong><\/center><\/p>\n<p>Es la cuarta prueba que el piloto de <strong>27 a\u00f1os <\/strong>de Manlleu (Barcelona) disputa con <strong>el equipo Subaru <\/strong>y conf\u00eda en poder luchar con su <strong>compatriota y rival<\/strong>, <a href=\"http:\/\/www.danielsordo.com\/\">Dani Sordo<\/a>. <\/p>\n<p>Para completar la alineaci\u00f3n espa\u00f1ola, <strong>Oleguer Presas<\/strong>, buen amigo y del FC Barcelona, rod\u00f3 junto a Xevi durante el <em>shakedown <\/em>celebrado hoy jueves.<\/p>\n<p>El <strong>Campe\u00f3n espa\u00f1ol del Grupo N en 2003<\/strong>, coment\u00f3: <\/p>\n<blockquote><p>El Rally Catalunya\u2013Costa Daurada es muy <strong>emocionante<\/strong>, ya que es la prueba de \u201ccasa\u201d, por lo que conf\u00edo en hacerlo bien. Es estupendo poder competir contra <strong>Dani Sordo<\/strong> y tener a mi amigo Oleguer en el coche es algo fant\u00e1stico, para poder ense\u00f1arle la sensaci\u00f3n de ir en un coche de rallys. El <strong>Impreza WRC2007<\/strong> es r\u00e1pido sobre asfalto, estoy impaciente y con ganas de que comience el viernes y sentir a los \u201cfans\u201d. Estoy seguro de que me sentir\u00e9 con m\u00e1s fuerza gracias a los miles de <strong>aficionados <\/strong>que se dar\u00e1n cita en los tramos, por lo que espero marcar <strong>puntos<\/strong>. <\/p><\/blockquote>\n<p>Del <strong>viernes 5<\/strong> de octubre hasta el domingo d\u00eda 7 se disputar\u00e1n 18 especiales <strong>cronometradas<\/strong>. La ruta discurrir\u00e1 desde la base del rally situada en <strong>Port Aventura <\/strong>hacia las monta\u00f1as de <strong>Tarragona<\/strong>. <\/p>\n","protected":false},"excerpt":{"rendered":"<p>El h\u00e9roe local, Xevi Pons, tiene ganas de participar en \u201csu\u201d prueba, el Rally Catalu\u00f1a-Costa Dorada, Rally de Espa\u00f1a, que se celebra este fin de semana. XeviPons (a la derecha) junto a Oleguer Presas Es la cuarta prueba que el piloto de 27 a\u00f1os de Manlleu (Barcelona) disputa con el equipo Subaru y conf\u00eda en [&hellip;]<\/p>\n","protected":false},"author":21,"featured_media":225,"comment_status":"open","ping_status":"open","sticky":false,"template":"","format":"standard","meta":{"_acf_changed":false,"_eb_attr":"","inline_featured_image":false,"footnotes":""},"categories":[4401],"tags":[],"class_list":["post-224","post","type-post","status-publish","format-standard","has-post-thumbnail","hentry","category-nuestra-marca"],"acf":[],"yoast_head":"<!-- This site is optimized with the Yoast SEO plugin v27.3 - https:\/\/yoast.com\/product\/yoast-seo-wordpress\/ -->\n<title>Rally Catalu\u00f1a-Costa Dorada: Pons y Amigo esperan hacerlo bien en \u201ccasa\u201d - Universo Subaru<\/title>\n<meta name=\"robots\" content=\"index, follow, max-snippet:-1, max-image-preview:large, max-video-preview:-1\" \/>\n<link rel=\"canonical\" href=\"https:\/\/www.subaru.es\/blog\/nuestra-marca\/rally-cataluna-costa-dorada-pons-y-amigo-esperan-hacerlo-bien-en-casa\/\" \/>\n<meta property=\"og:locale\" content=\"es_ES\" \/>\n<meta property=\"og:type\" content=\"article\" \/>\n<meta property=\"og:title\" content=\"Rally Catalu\u00f1a-Costa Dorada: Pons y Amigo esperan hacerlo bien en \u201ccasa\u201d - Universo Subaru\" \/>\n<meta property=\"og:description\" content=\"El h\u00e9roe local, Xevi Pons, tiene ganas de participar en \u201csu\u201d prueba, el Rally Catalu\u00f1a-Costa Dorada, Rally de Espa\u00f1a, que se celebra este fin de semana. XeviPons (a la derecha) junto a Oleguer Presas Es la cuarta prueba que el piloto de 27 a\u00f1os de Manlleu (Barcelona) disputa con el equipo Subaru y conf\u00eda en [&hellip;]\" \/>\n<meta property=\"og:url\" content=\"https:\/\/www.subaru.es\/blog\/nuestra-marca\/rally-cataluna-costa-dorada-pons-y-amigo-esperan-hacerlo-bien-en-casa\/\" \/>\n<meta property=\"og:site_name\" content=\"Universo Subaru\" \/>\n<meta property=\"article:publisher\" content=\"https:\/\/www.facebook.com\/subaruespana\" \/>\n<meta property=\"article:published_time\" content=\"2007-10-04T15:04:32+00:00\" \/>\n<meta property=\"article:modified_time\" content=\"2016-10-17T13:11:39+00:00\" \/>\n<meta property=\"og:image\" content=\"https:\/\/www.subaru.es\/blog\/wp-content\/uploads\/2007\/10\/rally1.jpg\" \/>\n\t<meta property=\"og:image:width\" content=\"350\" \/>\n\t<meta property=\"og:image:height\" content=\"232\" \/>\n\t<meta property=\"og:image:type\" content=\"image\/jpeg\" \/>\n<meta name=\"author\" content=\"Subaru\" \/>\n<meta name=\"twitter:card\" content=\"summary_large_image\" \/>\n<meta name=\"twitter:label1\" content=\"Escrito por\" \/>\n\t<meta name=\"twitter:data1\" content=\"Subaru\" \/>\n\t<meta name=\"twitter:label2\" content=\"Tiempo de lectura\" \/>\n\t<meta name=\"twitter:data2\" content=\"1 minuto\" \/>\n<script type=\"application\/ld+json\" class=\"yoast-schema-graph\">{\"@context\":\"https:\\\/\\\/schema.org\",\"@graph\":[{\"@type\":\"Article\",\"@id\":\"https:\\\/\\\/www.subaru.es\\\/blog\\\/nuestra-marca\\\/rally-cataluna-costa-dorada-pons-y-amigo-esperan-hacerlo-bien-en-casa\\\/#article\",\"isPartOf\":{\"@id\":\"https:\\\/\\\/www.subaru.es\\\/blog\\\/nuestra-marca\\\/rally-cataluna-costa-dorada-pons-y-amigo-esperan-hacerlo-bien-en-casa\\\/\"},\"author\":{\"name\":\"Subaru\",\"@id\":\"https:\\\/\\\/www.subaru.es\\\/blog\\\/#\\\/schema\\\/person\\\/19a90b892230b8e0ec752704ddf4aa10\"},\"headline\":\"Rally Catalu\u00f1a-Costa Dorada: Pons y Amigo esperan hacerlo bien en \u201ccasa\u201d\",\"datePublished\":\"2007-10-04T15:04:32+00:00\",\"dateModified\":\"2016-10-17T13:11:39+00:00\",\"mainEntityOfPage\":{\"@id\":\"https:\\\/\\\/www.subaru.es\\\/blog\\\/nuestra-marca\\\/rally-cataluna-costa-dorada-pons-y-amigo-esperan-hacerlo-bien-en-casa\\\/\"},\"wordCount\":257,\"commentCount\":3,\"publisher\":{\"@id\":\"https:\\\/\\\/www.subaru.es\\\/blog\\\/#organization\"},\"image\":{\"@id\":\"https:\\\/\\\/www.subaru.es\\\/blog\\\/nuestra-marca\\\/rally-cataluna-costa-dorada-pons-y-amigo-esperan-hacerlo-bien-en-casa\\\/#primaryimage\"},\"thumbnailUrl\":\"https:\\\/\\\/www.subaru.es\\\/blog\\\/wp-content\\\/uploads\\\/2007\\\/10\\\/rally1.jpg\",\"articleSection\":[\"Nuestra marca\"],\"inLanguage\":\"es\",\"potentialAction\":[{\"@type\":\"CommentAction\",\"name\":\"Comment\",\"target\":[\"https:\\\/\\\/www.subaru.es\\\/blog\\\/nuestra-marca\\\/rally-cataluna-costa-dorada-pons-y-amigo-esperan-hacerlo-bien-en-casa\\\/#respond\"]}]},{\"@type\":\"WebPage\",\"@id\":\"https:\\\/\\\/www.subaru.es\\\/blog\\\/nuestra-marca\\\/rally-cataluna-costa-dorada-pons-y-amigo-esperan-hacerlo-bien-en-casa\\\/\",\"url\":\"https:\\\/\\\/www.subaru.es\\\/blog\\\/nuestra-marca\\\/rally-cataluna-costa-dorada-pons-y-amigo-esperan-hacerlo-bien-en-casa\\\/\",\"name\":\"Rally Catalu\u00f1a-Costa Dorada: Pons y Amigo esperan hacerlo bien en \u201ccasa\u201d - Universo Subaru\",\"isPartOf\":{\"@id\":\"https:\\\/\\\/www.subaru.es\\\/blog\\\/#website\"},\"primaryImageOfPage\":{\"@id\":\"https:\\\/\\\/www.subaru.es\\\/blog\\\/nuestra-marca\\\/rally-cataluna-costa-dorada-pons-y-amigo-esperan-hacerlo-bien-en-casa\\\/#primaryimage\"},\"image\":{\"@id\":\"https:\\\/\\\/www.subaru.es\\\/blog\\\/nuestra-marca\\\/rally-cataluna-costa-dorada-pons-y-amigo-esperan-hacerlo-bien-en-casa\\\/#primaryimage\"},\"thumbnailUrl\":\"https:\\\/\\\/www.subaru.es\\\/blog\\\/wp-content\\\/uploads\\\/2007\\\/10\\\/rally1.jpg\",\"datePublished\":\"2007-10-04T15:04:32+00:00\",\"dateModified\":\"2016-10-17T13:11:39+00:00\",\"breadcrumb\":{\"@id\":\"https:\\\/\\\/www.subaru.es\\\/blog\\\/nuestra-marca\\\/rally-cataluna-costa-dorada-pons-y-amigo-esperan-hacerlo-bien-en-casa\\\/#breadcrumb\"},\"inLanguage\":\"es\",\"potentialAction\":[{\"@type\":\"ReadAction\",\"target\":[\"https:\\\/\\\/www.subaru.es\\\/blog\\\/nuestra-marca\\\/rally-cataluna-costa-dorada-pons-y-amigo-esperan-hacerlo-bien-en-casa\\\/\"]}]},{\"@type\":\"ImageObject\",\"inLanguage\":\"es\",\"@id\":\"https:\\\/\\\/www.subaru.es\\\/blog\\\/nuestra-marca\\\/rally-cataluna-costa-dorada-pons-y-amigo-esperan-hacerlo-bien-en-casa\\\/#primaryimage\",\"url\":\"https:\\\/\\\/www.subaru.es\\\/blog\\\/wp-content\\\/uploads\\\/2007\\\/10\\\/rally1.jpg\",\"contentUrl\":\"https:\\\/\\\/www.subaru.es\\\/blog\\\/wp-content\\\/uploads\\\/2007\\\/10\\\/rally1.jpg\",\"width\":350,\"height\":232},{\"@type\":\"BreadcrumbList\",\"@id\":\"https:\\\/\\\/www.subaru.es\\\/blog\\\/nuestra-marca\\\/rally-cataluna-costa-dorada-pons-y-amigo-esperan-hacerlo-bien-en-casa\\\/#breadcrumb\",\"itemListElement\":[{\"@type\":\"ListItem\",\"position\":1,\"name\":\"Portada\",\"item\":\"https:\\\/\\\/www.subaru.es\\\/blog\\\/\"},{\"@type\":\"ListItem\",\"position\":2,\"name\":\"Rally Catalu\u00f1a-Costa Dorada: Pons y Amigo esperan hacerlo bien en \u201ccasa\u201d\"}]},{\"@type\":\"WebSite\",\"@id\":\"https:\\\/\\\/www.subaru.es\\\/blog\\\/#website\",\"url\":\"https:\\\/\\\/www.subaru.es\\\/blog\\\/\",\"name\":\"Universo Subaru\",\"description\":\"Descubre este apasionante espacio de Subaru donde vas a conocer todo sobre nuestros coches y las experiencias que vivimos con ellos. Si est\u00e1s preparado para dejarte seducir por la filosof\u00eda Subaru, qu\u00e9date con nosotros.\",\"publisher\":{\"@id\":\"https:\\\/\\\/www.subaru.es\\\/blog\\\/#organization\"},\"potentialAction\":[{\"@type\":\"SearchAction\",\"target\":{\"@type\":\"EntryPoint\",\"urlTemplate\":\"https:\\\/\\\/www.subaru.es\\\/blog\\\/?s={search_term_string}\"},\"query-input\":{\"@type\":\"PropertyValueSpecification\",\"valueRequired\":true,\"valueName\":\"search_term_string\"}}],\"inLanguage\":\"es\"},{\"@type\":\"Organization\",\"@id\":\"https:\\\/\\\/www.subaru.es\\\/blog\\\/#organization\",\"name\":\"Subaru Espa\u00f1a S.A.\",\"url\":\"https:\\\/\\\/www.subaru.es\\\/blog\\\/\",\"logo\":{\"@type\":\"ImageObject\",\"inLanguage\":\"es\",\"@id\":\"https:\\\/\\\/www.subaru.es\\\/blog\\\/#\\\/schema\\\/logo\\\/image\\\/\",\"url\":\"https:\\\/\\\/www.subaru.es\\\/blog\\\/wp-content\\\/uploads\\\/2016\\\/12\\\/Logo-Subaru-TypeV_C300-scaled.jpg\",\"contentUrl\":\"https:\\\/\\\/www.subaru.es\\\/blog\\\/wp-content\\\/uploads\\\/2016\\\/12\\\/Logo-Subaru-TypeV_C300-scaled.jpg\",\"width\":2560,\"height\":1864,\"caption\":\"Subaru Espa\u00f1a S.A.\"},\"image\":{\"@id\":\"https:\\\/\\\/www.subaru.es\\\/blog\\\/#\\\/schema\\\/logo\\\/image\\\/\"},\"sameAs\":[\"https:\\\/\\\/www.facebook.com\\\/subaruespana\",\"https:\\\/\\\/www.instagram.com\\\/subarues\\\/\",\"https:\\\/\\\/www.youtube.com\\\/user\\\/subaruespana\"]},{\"@type\":\"Person\",\"@id\":\"https:\\\/\\\/www.subaru.es\\\/blog\\\/#\\\/schema\\\/person\\\/19a90b892230b8e0ec752704ddf4aa10\",\"name\":\"Subaru\",\"url\":\"https:\\\/\\\/www.subaru.es\\\/blog\\\/author\\\/subaria\\\/\"}]}<\/script>\n<!-- \/ Yoast SEO plugin. -->","yoast_head_json":{"title":"Rally Catalu\u00f1a-Costa Dorada: Pons y Amigo esperan hacerlo bien en \u201ccasa\u201d - Universo Subaru","robots":{"index":"index","follow":"follow","max-snippet":"max-snippet:-1","max-image-preview":"max-image-preview:large","max-video-preview":"max-video-preview:-1"},"canonical":"https:\/\/www.subaru.es\/blog\/nuestra-marca\/rally-cataluna-costa-dorada-pons-y-amigo-esperan-hacerlo-bien-en-casa\/","og_locale":"es_ES","og_type":"article","og_title":"Rally Catalu\u00f1a-Costa Dorada: Pons y Amigo esperan hacerlo bien en \u201ccasa\u201d - Universo Subaru","og_description":"El h\u00e9roe local, Xevi Pons, tiene ganas de participar en \u201csu\u201d prueba, el Rally Catalu\u00f1a-Costa Dorada, Rally de Espa\u00f1a, que se celebra este fin de semana. XeviPons (a la derecha) junto a Oleguer Presas Es la cuarta prueba que el piloto de 27 a\u00f1os de Manlleu (Barcelona) disputa con el equipo Subaru y conf\u00eda en [&hellip;]","og_url":"https:\/\/www.subaru.es\/blog\/nuestra-marca\/rally-cataluna-costa-dorada-pons-y-amigo-esperan-hacerlo-bien-en-casa\/","og_site_name":"Universo Subaru","article_publisher":"https:\/\/www.facebook.com\/subaruespana","article_published_time":"2007-10-04T15:04:32+00:00","article_modified_time":"2016-10-17T13:11:39+00:00","og_image":[{"width":350,"height":232,"url":"https:\/\/www.subaru.es\/blog\/wp-content\/uploads\/2007\/10\/rally1.jpg","type":"image\/jpeg"}],"author":"Subaru","twitter_card":"summary_large_image","twitter_misc":{"Escrito por":"Subaru","Tiempo de lectura":"1 minuto"},"schema":{"@context":"https:\/\/schema.org","@graph":[{"@type":"Article","@id":"https:\/\/www.subaru.es\/blog\/nuestra-marca\/rally-cataluna-costa-dorada-pons-y-amigo-esperan-hacerlo-bien-en-casa\/#article","isPartOf":{"@id":"https:\/\/www.subaru.es\/blog\/nuestra-marca\/rally-cataluna-costa-dorada-pons-y-amigo-esperan-hacerlo-bien-en-casa\/"},"author":{"name":"Subaru","@id":"https:\/\/www.subaru.es\/blog\/#\/schema\/person\/19a90b892230b8e0ec752704ddf4aa10"},"headline":"Rally Catalu\u00f1a-Costa Dorada: Pons y Amigo esperan hacerlo bien en \u201ccasa\u201d","datePublished":"2007-10-04T15:04:32+00:00","dateModified":"2016-10-17T13:11:39+00:00","mainEntityOfPage":{"@id":"https:\/\/www.subaru.es\/blog\/nuestra-marca\/rally-cataluna-costa-dorada-pons-y-amigo-esperan-hacerlo-bien-en-casa\/"},"wordCount":257,"commentCount":3,"publisher":{"@id":"https:\/\/www.subaru.es\/blog\/#organization"},"image":{"@id":"https:\/\/www.subaru.es\/blog\/nuestra-marca\/rally-cataluna-costa-dorada-pons-y-amigo-esperan-hacerlo-bien-en-casa\/#primaryimage"},"thumbnailUrl":"https:\/\/www.subaru.es\/blog\/wp-content\/uploads\/2007\/10\/rally1.jpg","articleSection":["Nuestra marca"],"inLanguage":"es","potentialAction":[{"@type":"CommentAction","name":"Comment","target":["https:\/\/www.subaru.es\/blog\/nuestra-marca\/rally-cataluna-costa-dorada-pons-y-amigo-esperan-hacerlo-bien-en-casa\/#respond"]}]},{"@type":"WebPage","@id":"https:\/\/www.subaru.es\/blog\/nuestra-marca\/rally-cataluna-costa-dorada-pons-y-amigo-esperan-hacerlo-bien-en-casa\/","url":"https:\/\/www.subaru.es\/blog\/nuestra-marca\/rally-cataluna-costa-dorada-pons-y-amigo-esperan-hacerlo-bien-en-casa\/","name":"Rally Catalu\u00f1a-Costa Dorada: Pons y Amigo esperan hacerlo bien en \u201ccasa\u201d - Universo Subaru","isPartOf":{"@id":"https:\/\/www.subaru.es\/blog\/#website"},"primaryImageOfPage":{"@id":"https:\/\/www.subaru.es\/blog\/nuestra-marca\/rally-cataluna-costa-dorada-pons-y-amigo-esperan-hacerlo-bien-en-casa\/#primaryimage"},"image":{"@id":"https:\/\/www.subaru.es\/blog\/nuestra-marca\/rally-cataluna-costa-dorada-pons-y-amigo-esperan-hacerlo-bien-en-casa\/#primaryimage"},"thumbnailUrl":"https:\/\/www.subaru.es\/blog\/wp-content\/uploads\/2007\/10\/rally1.jpg","datePublished":"2007-10-04T15:04:32+00:00","dateModified":"2016-10-17T13:11:39+00:00","breadcrumb":{"@id":"https:\/\/www.subaru.es\/blog\/nuestra-marca\/rally-cataluna-costa-dorada-pons-y-amigo-esperan-hacerlo-bien-en-casa\/#breadcrumb"},"inLanguage":"es","potentialAction":[{"@type":"ReadAction","target":["https:\/\/www.subaru.es\/blog\/nuestra-marca\/rally-cataluna-costa-dorada-pons-y-amigo-esperan-hacerlo-bien-en-casa\/"]}]},{"@type":"ImageObject","inLanguage":"es","@id":"https:\/\/www.subaru.es\/blog\/nuestra-marca\/rally-cataluna-costa-dorada-pons-y-amigo-esperan-hacerlo-bien-en-casa\/#primaryimage","url":"https:\/\/www.subaru.es\/blog\/wp-content\/uploads\/2007\/10\/rally1.jpg","contentUrl":"https:\/\/www.subaru.es\/blog\/wp-content\/uploads\/2007\/10\/rally1.jpg","width":350,"height":232},{"@type":"BreadcrumbList","@id":"https:\/\/www.subaru.es\/blog\/nuestra-marca\/rally-cataluna-costa-dorada-pons-y-amigo-esperan-hacerlo-bien-en-casa\/#breadcrumb","itemListElement":[{"@type":"ListItem","position":1,"name":"Portada","item":"https:\/\/www.subaru.es\/blog\/"},{"@type":"ListItem","position":2,"name":"Rally Catalu\u00f1a-Costa Dorada: Pons y Amigo esperan hacerlo bien en \u201ccasa\u201d"}]},{"@type":"WebSite","@id":"https:\/\/www.subaru.es\/blog\/#website","url":"https:\/\/www.subaru.es\/blog\/","name":"Universo Subaru","description":"Descubre este apasionante espacio de Subaru donde vas a conocer todo sobre nuestros coches y las experiencias que vivimos con ellos. Si est\u00e1s preparado para dejarte seducir por la filosof\u00eda Subaru, qu\u00e9date con nosotros.","publisher":{"@id":"https:\/\/www.subaru.es\/blog\/#organization"},"potentialAction":[{"@type":"SearchAction","target":{"@type":"EntryPoint","urlTemplate":"https:\/\/www.subaru.es\/blog\/?s={search_term_string}"},"query-input":{"@type":"PropertyValueSpecification","valueRequired":true,"valueName":"search_term_string"}}],"inLanguage":"es"},{"@type":"Organization","@id":"https:\/\/www.subaru.es\/blog\/#organization","name":"Subaru Espa\u00f1a S.A.","url":"https:\/\/www.subaru.es\/blog\/","logo":{"@type":"ImageObject","inLanguage":"es","@id":"https:\/\/www.subaru.es\/blog\/#\/schema\/logo\/image\/","url":"https:\/\/www.subaru.es\/blog\/wp-content\/uploads\/2016\/12\/Logo-Subaru-TypeV_C300-scaled.jpg","contentUrl":"https:\/\/www.subaru.es\/blog\/wp-content\/uploads\/2016\/12\/Logo-Subaru-TypeV_C300-scaled.jpg","width":2560,"height":1864,"caption":"Subaru Espa\u00f1a S.A."},"image":{"@id":"https:\/\/www.subaru.es\/blog\/#\/schema\/logo\/image\/"},"sameAs":["https:\/\/www.facebook.com\/subaruespana","https:\/\/www.instagram.com\/subarues\/","https:\/\/www.youtube.com\/user\/subaruespana"]},{"@type":"Person","@id":"https:\/\/www.subaru.es\/blog\/#\/schema\/person\/19a90b892230b8e0ec752704ddf4aa10","name":"Subaru","url":"https:\/\/www.subaru.es\/blog\/author\/subaria\/"}]}},"_links":{"self":[{"href":"https:\/\/www.subaru.es\/blog\/wp-json\/wp\/v2\/posts\/224","targetHints":{"allow":["GET"]}}],"collection":[{"href":"https:\/\/www.subaru.es\/blog\/wp-json\/wp\/v2\/posts"}],"about":[{"href":"https:\/\/www.subaru.es\/blog\/wp-json\/wp\/v2\/types\/post"}],"author":[{"embeddable":true,"href":"https:\/\/www.subaru.es\/blog\/wp-json\/wp\/v2\/users\/21"}],"replies":[{"embeddable":true,"href":"https:\/\/www.subaru.es\/blog\/wp-json\/wp\/v2\/comments?post=224"}],"version-history":[{"count":1,"href":"https:\/\/www.subaru.es\/blog\/wp-json\/wp\/v2\/posts\/224\/revisions"}],"predecessor-version":[{"id":15785,"href":"https:\/\/www.subaru.es\/blog\/wp-json\/wp\/v2\/posts\/224\/revisions\/15785"}],"wp:featuredmedia":[{"embeddable":true,"href":"https:\/\/www.subaru.es\/blog\/wp-json\/wp\/v2\/media\/225"}],"wp:attachment":[{"href":"https:\/\/www.subaru.es\/blog\/wp-json\/wp\/v2\/media?parent=224"}],"wp:term":[{"taxonomy":"category","embeddable":true,"href":"https:\/\/www.subaru.es\/blog\/wp-json\/wp\/v2\/categories?post=224"},{"taxonomy":"post_tag","embeddable":true,"href":"https:\/\/www.subaru.es\/blog\/wp-json\/wp\/v2\/tags?post=224"}],"curies":[{"name":"wp","href":"https:\/\/api.w.org\/{rel}","templated":true}]}}