{"id":2228,"date":"2009-09-09T19:27:22","date_gmt":"2009-09-09T17:27:22","guid":{"rendered":"http:\/\/subaru.preproduccion.com\/blog\/wp-content\/2009\/09\/09\/el-impreza-sti-y-enrique-ojeda-hacia-nurburgring-capitulo-2\/"},"modified":"2016-10-17T10:48:25","modified_gmt":"2016-10-17T08:48:25","slug":"el-impreza-sti-y-enrique-ojeda-hacia-nurburgring-capitulo-2","status":"publish","type":"post","link":"https:\/\/www.subaru.es\/blog\/nuestra-marca\/el-impreza-sti-y-enrique-ojeda-hacia-nurburgring-capitulo-2\/","title":{"rendered":"El Impreza STi y Enrique Ojeda hacia Nurburgring. Cap\u00edtulo 2."},"content":{"rendered":"<p><img data-src='https:\/\/www.subaru.es\/blog\/wp-content\/uploads\/2009\/09\/etapa-2-mapa.jpg' width=475 alt='mapa etapa 2 nurburgring' src='data:image\/svg+xml;base64,PHN2ZyB3aWR0aD0iMSIgaGVpZ2h0PSIxIiB4bWxucz0iaHR0cDovL3d3dy53My5vcmcvMjAwMC9zdmciPjwvc3ZnPg==' class='lazyload' style='--smush-placeholder-width: 538px; --smush-placeholder-aspect-ratio: 538\/384;' \/><\/p>\n<p>Desde Holanda hasta <strong>Nurburgring<\/strong> solo hay un paseito, aunque no todo el recorrido es autopista. Llueve ligero. Preferir\u00eda rodar en seco, pero recuerdo que Ojeda es precisamente bajo la lluvia donde logra sus mejores resultados, donde es imbatible en el Camepeonato de Espa\u00f1a de rallyes con su <strong>Impreza WRX STi<\/strong> de competici\u00f3n. All\u00ed arribamos una hora antes de que se abra la pista. De cinco a siete de la tarde, todo el que disponga de un veh\u00edculo y 22 euros puede darse una vuelta. As\u00ed de simple. No hace falta ni casco, aunque sin duda es muy recomendable y no olvidamos el nuestro. En la foto puedes vernos a Enrique y a mi se\u00f1alando, en el \u201cmenu\u201d de tarifas, los precios de rodar la tarde entera y el abono por un a\u00f1o, por poco m\u00e1s de mil euros. \u00a1Ese es el que querr\u00edamos comprar!<\/p>\n<p><img decoding=\"async\" data-src=\"https:\/\/www.subaru.es\/blog\/wp-content\/uploads\/2009\/09\/etapa-2-precios.jpg\" alt=\"etapa-2-precios.jpg\" style=\"--smush-placeholder-width: 528px; --smush-placeholder-aspect-ratio: 528\/419;width: 457px; height: 311px\" height=\"419\" width=\"528\" src=\"data:image\/svg+xml;base64,PHN2ZyB3aWR0aD0iMSIgaGVpZ2h0PSIxIiB4bWxucz0iaHR0cDovL3d3dy53My5vcmcvMjAwMC9zdmciPjwvc3ZnPg==\" class=\"lazyload\" \/><\/p>\n<p>Pronto alg\u00fan aficionado le reconoce. Un grupo de simp\u00e1ticos escoceses \u2013los brit\u00e1nicos son multitud aqu\u00ed\u2013 le piden que firme para ellos su monovolumen, a lo que <strong>Enrique<\/strong> accede con una sonrisa. Uno de ellos le ruega, como era de esperar, que le de una vuelta en el Impreza STi. Tambi\u00e9n hay italianos, japoneses&#8230; El ambiente es colosal. Docenas de aficionados est\u00e1n all\u00ed esperando su turno, se ven Lotus de dos en dos y Porsches de tres en tres. Estos, como sabes, tienen la misma arquitectura de motor que nuestro Impreza: de tipo b\u00f3xer, con los cilindros opuestos. Y todo tipo de deportivos, como Clios RS, Nissan GT-R, modelos de competici\u00f3n\u2026 entre ellos, el STi brilla con luz propia. Se le ve en su contexto perfecto, el de la conducci\u00f3n deportiva. Un sospechoso BMW X6 con los logotipos tapados tiene toda la pinta de ser un modelo de pruebas de la firma b\u00e1vara, y un Serie 5 sirve de \u201ctaxi\u201d: por unos 200 euros, un piloto profesional te da una vueltecita en \u00e9l a todo trapo.<\/p>\n<p style=\"text-align: center\"><img decoding=\"async\" data-src=\"https:\/\/www.subaru.es\/blog\/wp-content\/uploads\/2009\/09\/etapa-2-firma.jpg\" alt=\"etapa-2-firma.jpg\" style=\"--smush-placeholder-width: 426px; --smush-placeholder-aspect-ratio: 426\/764;width: 336px; height: 435px\" height=\"764\" width=\"426\" src=\"data:image\/svg+xml;base64,PHN2ZyB3aWR0aD0iMSIgaGVpZ2h0PSIxIiB4bWxucz0iaHR0cDovL3d3dy53My5vcmcvMjAwMC9zdmciPjwvc3ZnPg==\" class=\"lazyload\" \/><\/p>\n<p>Tambi\u00e9n nos encontramos con un grupo de espa\u00f1oles. Ellos nos reconocen a ambos. Vienen de Palencia con su Audi S3, al que le han retocado un par de cosas para adaptarlo a la pista, sobre todo los frenos.<\/p>\n<p>No podemos esperar m\u00e1s, miramos el reloj pero los minutos no pasan por ello m\u00e1s r\u00e1pidamente. Vemos asombrados como un autob\u00fas lleno de pasajeros se pone en la cola para entrar, detr\u00e1s tenemos a dos chicas en un deportivo, los compatriotas de Palencia est\u00e1n justo delante y un sinf\u00edn de modelos de altas prestaciones salpicados por alg\u00fan coche que parece de dominguero nos rodean.<\/p>\n<p style=\"text-align: center\"><img decoding=\"async\" data-src=\"https:\/\/www.subaru.es\/blog\/wp-content\/uploads\/2009\/09\/etapa-2-trasera.jpg\" alt=\"etapa-2-trasera.jpg\" style=\"--smush-placeholder-width: 421px; --smush-placeholder-aspect-ratio: 421\/845;width: 332px; height: 435px\" height=\"845\" width=\"421\" src=\"data:image\/svg+xml;base64,PHN2ZyB3aWR0aD0iMSIgaGVpZ2h0PSIxIiB4bWxucz0iaHR0cDovL3d3dy53My5vcmcvMjAwMC9zdmciPjwvc3ZnPg==\" class=\"lazyload\" \/><\/p>\n<p>Nos han dado una tarjeta que, al pasarla por delante de un receptor, lavanta la barrera para que podamos entrar a la pista. Ya la abandonan ocho coches iguales que anuncian que, antes de las tandas libres, es una escuela de conducci\u00f3n la que ha disfrutado de tan insigne asfalto. A nuestra izquierda, en una entrada reservada, varios <strong>Subaru Legacy<\/strong> de la nueva generaci\u00f3n est\u00e1n siendo presentados a la prensa y a los concesionarios alemanes y se disponen tambi\u00e9n a entrar.<\/p>\n<p><img decoding=\"async\" data-src=\"https:\/\/www.subaru.es\/blog\/wp-content\/uploads\/2009\/09\/etapa-2-sti.jpg\" alt=\"etapa-2-sti.jpg\" style=\"--smush-placeholder-width: 476px; --smush-placeholder-aspect-ratio: 476\/363;width: 480px; height: 348px\" height=\"363\" width=\"476\" src=\"data:image\/svg+xml;base64,PHN2ZyB3aWR0aD0iMSIgaGVpZ2h0PSIxIiB4bWxucz0iaHR0cDovL3d3dy53My5vcmcvMjAwMC9zdmciPjwvc3ZnPg==\" class=\"lazyload\" \/><\/p>\n<p>Ha dejado de llover hace rato, la pista est\u00e1 pr\u00e1cticamente seca. Quique pasa la tarjeta, me la entrega con una sonrisa y acelera en cuanto la valla asciende. All\u00e1 vamos. Nurburgring es para nosotros.<\/p>\n<p><img decoding=\"async\" data-src=\"https:\/\/www.subaru.es\/blog\/wp-content\/uploads\/2009\/09\/etapa-2-nur.jpg\" alt=\"etapa-2-nur.jpg\" style=\"--smush-placeholder-width: 485px; --smush-placeholder-aspect-ratio: 485\/451;width: 478px; height: 335px\" height=\"451\" width=\"485\" src=\"data:image\/svg+xml;base64,PHN2ZyB3aWR0aD0iMSIgaGVpZ2h0PSIxIiB4bWxucz0iaHR0cDovL3d3dy53My5vcmcvMjAwMC9zdmciPjwvc3ZnPg==\" class=\"lazyload\" \/><\/p>\n","protected":false},"excerpt":{"rendered":"<p>Desde Holanda hasta Nurburgring solo hay un paseito, aunque no todo el recorrido es autopista. Llueve ligero. Preferir\u00eda rodar en seco, pero recuerdo que Ojeda es precisamente bajo la lluvia donde logra sus mejores resultados, donde es imbatible en el Camepeonato de Espa\u00f1a de rallyes con su Impreza WRX STi de competici\u00f3n. All\u00ed arribamos una [&hellip;]<\/p>\n","protected":false},"author":21,"featured_media":0,"comment_status":"open","ping_status":"open","sticky":false,"template":"","format":"standard","meta":{"_acf_changed":false,"_eb_attr":"","inline_featured_image":false,"footnotes":""},"categories":[4401],"tags":[2092,649],"class_list":["post-2228","post","type-post","status-publish","format-standard","hentry","category-nuestra-marca","tag-enrique-ojeda","tag-nurburgring"],"acf":[],"yoast_head":"<!-- This site is optimized with the Yoast SEO plugin v27.3 - https:\/\/yoast.com\/product\/yoast-seo-wordpress\/ -->\n<title>El Impreza STi y Enrique Ojeda hacia Nurburgring. Cap\u00edtulo 2. - Universo Subaru<\/title>\n<meta name=\"robots\" content=\"index, follow, max-snippet:-1, max-image-preview:large, max-video-preview:-1\" \/>\n<link rel=\"canonical\" href=\"https:\/\/www.subaru.es\/blog\/nuestra-marca\/el-impreza-sti-y-enrique-ojeda-hacia-nurburgring-capitulo-2\/\" \/>\n<meta property=\"og:locale\" content=\"es_ES\" \/>\n<meta property=\"og:type\" content=\"article\" \/>\n<meta property=\"og:title\" content=\"El Impreza STi y Enrique Ojeda hacia Nurburgring. Cap\u00edtulo 2. - Universo Subaru\" \/>\n<meta property=\"og:description\" content=\"Desde Holanda hasta Nurburgring solo hay un paseito, aunque no todo el recorrido es autopista. Llueve ligero. Preferir\u00eda rodar en seco, pero recuerdo que Ojeda es precisamente bajo la lluvia donde logra sus mejores resultados, donde es imbatible en el Camepeonato de Espa\u00f1a de rallyes con su Impreza WRX STi de competici\u00f3n. All\u00ed arribamos una [&hellip;]\" \/>\n<meta property=\"og:url\" content=\"https:\/\/www.subaru.es\/blog\/nuestra-marca\/el-impreza-sti-y-enrique-ojeda-hacia-nurburgring-capitulo-2\/\" \/>\n<meta property=\"og:site_name\" content=\"Universo Subaru\" \/>\n<meta property=\"article:publisher\" content=\"https:\/\/www.facebook.com\/subaruespana\" \/>\n<meta property=\"article:published_time\" content=\"2009-09-09T17:27:22+00:00\" \/>\n<meta property=\"article:modified_time\" content=\"2016-10-17T08:48:25+00:00\" \/>\n<meta property=\"og:image\" content=\"https:\/\/www.subaru.es\/blog\/wp-content\/uploads\/2009\/09\/etapa-2-mapa.jpg\" \/>\n<meta name=\"author\" content=\"Subaru\" \/>\n<meta name=\"twitter:card\" content=\"summary_large_image\" \/>\n<meta name=\"twitter:label1\" content=\"Escrito por\" \/>\n\t<meta name=\"twitter:data1\" content=\"Subaru\" \/>\n\t<meta name=\"twitter:label2\" content=\"Tiempo de lectura\" \/>\n\t<meta name=\"twitter:data2\" content=\"3 minutos\" \/>\n<script type=\"application\/ld+json\" class=\"yoast-schema-graph\">{\"@context\":\"https:\\\/\\\/schema.org\",\"@graph\":[{\"@type\":\"Article\",\"@id\":\"https:\\\/\\\/www.subaru.es\\\/blog\\\/nuestra-marca\\\/el-impreza-sti-y-enrique-ojeda-hacia-nurburgring-capitulo-2\\\/#article\",\"isPartOf\":{\"@id\":\"https:\\\/\\\/www.subaru.es\\\/blog\\\/nuestra-marca\\\/el-impreza-sti-y-enrique-ojeda-hacia-nurburgring-capitulo-2\\\/\"},\"author\":{\"name\":\"Subaru\",\"@id\":\"https:\\\/\\\/www.subaru.es\\\/blog\\\/#\\\/schema\\\/person\\\/19a90b892230b8e0ec752704ddf4aa10\"},\"headline\":\"El Impreza STi y Enrique Ojeda hacia Nurburgring. Cap\u00edtulo 2.\",\"datePublished\":\"2009-09-09T17:27:22+00:00\",\"dateModified\":\"2016-10-17T08:48:25+00:00\",\"mainEntityOfPage\":{\"@id\":\"https:\\\/\\\/www.subaru.es\\\/blog\\\/nuestra-marca\\\/el-impreza-sti-y-enrique-ojeda-hacia-nurburgring-capitulo-2\\\/\"},\"wordCount\":575,\"commentCount\":2,\"publisher\":{\"@id\":\"https:\\\/\\\/www.subaru.es\\\/blog\\\/#organization\"},\"image\":{\"@id\":\"https:\\\/\\\/www.subaru.es\\\/blog\\\/nuestra-marca\\\/el-impreza-sti-y-enrique-ojeda-hacia-nurburgring-capitulo-2\\\/#primaryimage\"},\"thumbnailUrl\":\"https:\\\/\\\/www.subaru.es\\\/blog\\\/wp-content\\\/uploads\\\/2009\\\/09\\\/etapa-2-mapa.jpg\",\"keywords\":[\"Enrique Ojeda\",\"nurburgring\"],\"articleSection\":[\"Nuestra marca\"],\"inLanguage\":\"es\",\"potentialAction\":[{\"@type\":\"CommentAction\",\"name\":\"Comment\",\"target\":[\"https:\\\/\\\/www.subaru.es\\\/blog\\\/nuestra-marca\\\/el-impreza-sti-y-enrique-ojeda-hacia-nurburgring-capitulo-2\\\/#respond\"]}]},{\"@type\":\"WebPage\",\"@id\":\"https:\\\/\\\/www.subaru.es\\\/blog\\\/nuestra-marca\\\/el-impreza-sti-y-enrique-ojeda-hacia-nurburgring-capitulo-2\\\/\",\"url\":\"https:\\\/\\\/www.subaru.es\\\/blog\\\/nuestra-marca\\\/el-impreza-sti-y-enrique-ojeda-hacia-nurburgring-capitulo-2\\\/\",\"name\":\"El Impreza STi y Enrique Ojeda hacia Nurburgring. Cap\u00edtulo 2. - Universo Subaru\",\"isPartOf\":{\"@id\":\"https:\\\/\\\/www.subaru.es\\\/blog\\\/#website\"},\"primaryImageOfPage\":{\"@id\":\"https:\\\/\\\/www.subaru.es\\\/blog\\\/nuestra-marca\\\/el-impreza-sti-y-enrique-ojeda-hacia-nurburgring-capitulo-2\\\/#primaryimage\"},\"image\":{\"@id\":\"https:\\\/\\\/www.subaru.es\\\/blog\\\/nuestra-marca\\\/el-impreza-sti-y-enrique-ojeda-hacia-nurburgring-capitulo-2\\\/#primaryimage\"},\"thumbnailUrl\":\"https:\\\/\\\/www.subaru.es\\\/blog\\\/wp-content\\\/uploads\\\/2009\\\/09\\\/etapa-2-mapa.jpg\",\"datePublished\":\"2009-09-09T17:27:22+00:00\",\"dateModified\":\"2016-10-17T08:48:25+00:00\",\"breadcrumb\":{\"@id\":\"https:\\\/\\\/www.subaru.es\\\/blog\\\/nuestra-marca\\\/el-impreza-sti-y-enrique-ojeda-hacia-nurburgring-capitulo-2\\\/#breadcrumb\"},\"inLanguage\":\"es\",\"potentialAction\":[{\"@type\":\"ReadAction\",\"target\":[\"https:\\\/\\\/www.subaru.es\\\/blog\\\/nuestra-marca\\\/el-impreza-sti-y-enrique-ojeda-hacia-nurburgring-capitulo-2\\\/\"]}]},{\"@type\":\"ImageObject\",\"inLanguage\":\"es\",\"@id\":\"https:\\\/\\\/www.subaru.es\\\/blog\\\/nuestra-marca\\\/el-impreza-sti-y-enrique-ojeda-hacia-nurburgring-capitulo-2\\\/#primaryimage\",\"url\":\"https:\\\/\\\/www.subaru.es\\\/blog\\\/wp-content\\\/uploads\\\/2009\\\/09\\\/etapa-2-mapa.jpg\",\"contentUrl\":\"https:\\\/\\\/www.subaru.es\\\/blog\\\/wp-content\\\/uploads\\\/2009\\\/09\\\/etapa-2-mapa.jpg\",\"width\":538,\"height\":384},{\"@type\":\"BreadcrumbList\",\"@id\":\"https:\\\/\\\/www.subaru.es\\\/blog\\\/nuestra-marca\\\/el-impreza-sti-y-enrique-ojeda-hacia-nurburgring-capitulo-2\\\/#breadcrumb\",\"itemListElement\":[{\"@type\":\"ListItem\",\"position\":1,\"name\":\"Portada\",\"item\":\"https:\\\/\\\/www.subaru.es\\\/blog\\\/\"},{\"@type\":\"ListItem\",\"position\":2,\"name\":\"El Impreza STi y Enrique Ojeda hacia Nurburgring. Cap\u00edtulo 2.\"}]},{\"@type\":\"WebSite\",\"@id\":\"https:\\\/\\\/www.subaru.es\\\/blog\\\/#website\",\"url\":\"https:\\\/\\\/www.subaru.es\\\/blog\\\/\",\"name\":\"Universo Subaru\",\"description\":\"Descubre este apasionante espacio de Subaru donde vas a conocer todo sobre nuestros coches y las experiencias que vivimos con ellos. Si est\u00e1s preparado para dejarte seducir por la filosof\u00eda Subaru, qu\u00e9date con nosotros.\",\"publisher\":{\"@id\":\"https:\\\/\\\/www.subaru.es\\\/blog\\\/#organization\"},\"potentialAction\":[{\"@type\":\"SearchAction\",\"target\":{\"@type\":\"EntryPoint\",\"urlTemplate\":\"https:\\\/\\\/www.subaru.es\\\/blog\\\/?s={search_term_string}\"},\"query-input\":{\"@type\":\"PropertyValueSpecification\",\"valueRequired\":true,\"valueName\":\"search_term_string\"}}],\"inLanguage\":\"es\"},{\"@type\":\"Organization\",\"@id\":\"https:\\\/\\\/www.subaru.es\\\/blog\\\/#organization\",\"name\":\"Subaru Espa\u00f1a S.A.\",\"url\":\"https:\\\/\\\/www.subaru.es\\\/blog\\\/\",\"logo\":{\"@type\":\"ImageObject\",\"inLanguage\":\"es\",\"@id\":\"https:\\\/\\\/www.subaru.es\\\/blog\\\/#\\\/schema\\\/logo\\\/image\\\/\",\"url\":\"https:\\\/\\\/www.subaru.es\\\/blog\\\/wp-content\\\/uploads\\\/2016\\\/12\\\/Logo-Subaru-TypeV_C300-scaled.jpg\",\"contentUrl\":\"https:\\\/\\\/www.subaru.es\\\/blog\\\/wp-content\\\/uploads\\\/2016\\\/12\\\/Logo-Subaru-TypeV_C300-scaled.jpg\",\"width\":2560,\"height\":1864,\"caption\":\"Subaru Espa\u00f1a S.A.\"},\"image\":{\"@id\":\"https:\\\/\\\/www.subaru.es\\\/blog\\\/#\\\/schema\\\/logo\\\/image\\\/\"},\"sameAs\":[\"https:\\\/\\\/www.facebook.com\\\/subaruespana\",\"https:\\\/\\\/www.instagram.com\\\/subarues\\\/\",\"https:\\\/\\\/www.youtube.com\\\/user\\\/subaruespana\"]},{\"@type\":\"Person\",\"@id\":\"https:\\\/\\\/www.subaru.es\\\/blog\\\/#\\\/schema\\\/person\\\/19a90b892230b8e0ec752704ddf4aa10\",\"name\":\"Subaru\",\"url\":\"https:\\\/\\\/www.subaru.es\\\/blog\\\/author\\\/subaria\\\/\"}]}<\/script>\n<!-- \/ Yoast SEO plugin. -->","yoast_head_json":{"title":"El Impreza STi y Enrique Ojeda hacia Nurburgring. Cap\u00edtulo 2. - Universo Subaru","robots":{"index":"index","follow":"follow","max-snippet":"max-snippet:-1","max-image-preview":"max-image-preview:large","max-video-preview":"max-video-preview:-1"},"canonical":"https:\/\/www.subaru.es\/blog\/nuestra-marca\/el-impreza-sti-y-enrique-ojeda-hacia-nurburgring-capitulo-2\/","og_locale":"es_ES","og_type":"article","og_title":"El Impreza STi y Enrique Ojeda hacia Nurburgring. Cap\u00edtulo 2. - Universo Subaru","og_description":"Desde Holanda hasta Nurburgring solo hay un paseito, aunque no todo el recorrido es autopista. Llueve ligero. Preferir\u00eda rodar en seco, pero recuerdo que Ojeda es precisamente bajo la lluvia donde logra sus mejores resultados, donde es imbatible en el Camepeonato de Espa\u00f1a de rallyes con su Impreza WRX STi de competici\u00f3n. All\u00ed arribamos una [&hellip;]","og_url":"https:\/\/www.subaru.es\/blog\/nuestra-marca\/el-impreza-sti-y-enrique-ojeda-hacia-nurburgring-capitulo-2\/","og_site_name":"Universo Subaru","article_publisher":"https:\/\/www.facebook.com\/subaruespana","article_published_time":"2009-09-09T17:27:22+00:00","article_modified_time":"2016-10-17T08:48:25+00:00","og_image":[{"url":"https:\/\/www.subaru.es\/blog\/wp-content\/uploads\/2009\/09\/etapa-2-mapa.jpg","type":"","width":"","height":""}],"author":"Subaru","twitter_card":"summary_large_image","twitter_misc":{"Escrito por":"Subaru","Tiempo de lectura":"3 minutos"},"schema":{"@context":"https:\/\/schema.org","@graph":[{"@type":"Article","@id":"https:\/\/www.subaru.es\/blog\/nuestra-marca\/el-impreza-sti-y-enrique-ojeda-hacia-nurburgring-capitulo-2\/#article","isPartOf":{"@id":"https:\/\/www.subaru.es\/blog\/nuestra-marca\/el-impreza-sti-y-enrique-ojeda-hacia-nurburgring-capitulo-2\/"},"author":{"name":"Subaru","@id":"https:\/\/www.subaru.es\/blog\/#\/schema\/person\/19a90b892230b8e0ec752704ddf4aa10"},"headline":"El Impreza STi y Enrique Ojeda hacia Nurburgring. Cap\u00edtulo 2.","datePublished":"2009-09-09T17:27:22+00:00","dateModified":"2016-10-17T08:48:25+00:00","mainEntityOfPage":{"@id":"https:\/\/www.subaru.es\/blog\/nuestra-marca\/el-impreza-sti-y-enrique-ojeda-hacia-nurburgring-capitulo-2\/"},"wordCount":575,"commentCount":2,"publisher":{"@id":"https:\/\/www.subaru.es\/blog\/#organization"},"image":{"@id":"https:\/\/www.subaru.es\/blog\/nuestra-marca\/el-impreza-sti-y-enrique-ojeda-hacia-nurburgring-capitulo-2\/#primaryimage"},"thumbnailUrl":"https:\/\/www.subaru.es\/blog\/wp-content\/uploads\/2009\/09\/etapa-2-mapa.jpg","keywords":["Enrique Ojeda","nurburgring"],"articleSection":["Nuestra marca"],"inLanguage":"es","potentialAction":[{"@type":"CommentAction","name":"Comment","target":["https:\/\/www.subaru.es\/blog\/nuestra-marca\/el-impreza-sti-y-enrique-ojeda-hacia-nurburgring-capitulo-2\/#respond"]}]},{"@type":"WebPage","@id":"https:\/\/www.subaru.es\/blog\/nuestra-marca\/el-impreza-sti-y-enrique-ojeda-hacia-nurburgring-capitulo-2\/","url":"https:\/\/www.subaru.es\/blog\/nuestra-marca\/el-impreza-sti-y-enrique-ojeda-hacia-nurburgring-capitulo-2\/","name":"El Impreza STi y Enrique Ojeda hacia Nurburgring. Cap\u00edtulo 2. - Universo Subaru","isPartOf":{"@id":"https:\/\/www.subaru.es\/blog\/#website"},"primaryImageOfPage":{"@id":"https:\/\/www.subaru.es\/blog\/nuestra-marca\/el-impreza-sti-y-enrique-ojeda-hacia-nurburgring-capitulo-2\/#primaryimage"},"image":{"@id":"https:\/\/www.subaru.es\/blog\/nuestra-marca\/el-impreza-sti-y-enrique-ojeda-hacia-nurburgring-capitulo-2\/#primaryimage"},"thumbnailUrl":"https:\/\/www.subaru.es\/blog\/wp-content\/uploads\/2009\/09\/etapa-2-mapa.jpg","datePublished":"2009-09-09T17:27:22+00:00","dateModified":"2016-10-17T08:48:25+00:00","breadcrumb":{"@id":"https:\/\/www.subaru.es\/blog\/nuestra-marca\/el-impreza-sti-y-enrique-ojeda-hacia-nurburgring-capitulo-2\/#breadcrumb"},"inLanguage":"es","potentialAction":[{"@type":"ReadAction","target":["https:\/\/www.subaru.es\/blog\/nuestra-marca\/el-impreza-sti-y-enrique-ojeda-hacia-nurburgring-capitulo-2\/"]}]},{"@type":"ImageObject","inLanguage":"es","@id":"https:\/\/www.subaru.es\/blog\/nuestra-marca\/el-impreza-sti-y-enrique-ojeda-hacia-nurburgring-capitulo-2\/#primaryimage","url":"https:\/\/www.subaru.es\/blog\/wp-content\/uploads\/2009\/09\/etapa-2-mapa.jpg","contentUrl":"https:\/\/www.subaru.es\/blog\/wp-content\/uploads\/2009\/09\/etapa-2-mapa.jpg","width":538,"height":384},{"@type":"BreadcrumbList","@id":"https:\/\/www.subaru.es\/blog\/nuestra-marca\/el-impreza-sti-y-enrique-ojeda-hacia-nurburgring-capitulo-2\/#breadcrumb","itemListElement":[{"@type":"ListItem","position":1,"name":"Portada","item":"https:\/\/www.subaru.es\/blog\/"},{"@type":"ListItem","position":2,"name":"El Impreza STi y Enrique Ojeda hacia Nurburgring. Cap\u00edtulo 2."}]},{"@type":"WebSite","@id":"https:\/\/www.subaru.es\/blog\/#website","url":"https:\/\/www.subaru.es\/blog\/","name":"Universo Subaru","description":"Descubre este apasionante espacio de Subaru donde vas a conocer todo sobre nuestros coches y las experiencias que vivimos con ellos. Si est\u00e1s preparado para dejarte seducir por la filosof\u00eda Subaru, qu\u00e9date con nosotros.","publisher":{"@id":"https:\/\/www.subaru.es\/blog\/#organization"},"potentialAction":[{"@type":"SearchAction","target":{"@type":"EntryPoint","urlTemplate":"https:\/\/www.subaru.es\/blog\/?s={search_term_string}"},"query-input":{"@type":"PropertyValueSpecification","valueRequired":true,"valueName":"search_term_string"}}],"inLanguage":"es"},{"@type":"Organization","@id":"https:\/\/www.subaru.es\/blog\/#organization","name":"Subaru Espa\u00f1a S.A.","url":"https:\/\/www.subaru.es\/blog\/","logo":{"@type":"ImageObject","inLanguage":"es","@id":"https:\/\/www.subaru.es\/blog\/#\/schema\/logo\/image\/","url":"https:\/\/www.subaru.es\/blog\/wp-content\/uploads\/2016\/12\/Logo-Subaru-TypeV_C300-scaled.jpg","contentUrl":"https:\/\/www.subaru.es\/blog\/wp-content\/uploads\/2016\/12\/Logo-Subaru-TypeV_C300-scaled.jpg","width":2560,"height":1864,"caption":"Subaru Espa\u00f1a S.A."},"image":{"@id":"https:\/\/www.subaru.es\/blog\/#\/schema\/logo\/image\/"},"sameAs":["https:\/\/www.facebook.com\/subaruespana","https:\/\/www.instagram.com\/subarues\/","https:\/\/www.youtube.com\/user\/subaruespana"]},{"@type":"Person","@id":"https:\/\/www.subaru.es\/blog\/#\/schema\/person\/19a90b892230b8e0ec752704ddf4aa10","name":"Subaru","url":"https:\/\/www.subaru.es\/blog\/author\/subaria\/"}]}},"_links":{"self":[{"href":"https:\/\/www.subaru.es\/blog\/wp-json\/wp\/v2\/posts\/2228","targetHints":{"allow":["GET"]}}],"collection":[{"href":"https:\/\/www.subaru.es\/blog\/wp-json\/wp\/v2\/posts"}],"about":[{"href":"https:\/\/www.subaru.es\/blog\/wp-json\/wp\/v2\/types\/post"}],"author":[{"embeddable":true,"href":"https:\/\/www.subaru.es\/blog\/wp-json\/wp\/v2\/users\/21"}],"replies":[{"embeddable":true,"href":"https:\/\/www.subaru.es\/blog\/wp-json\/wp\/v2\/comments?post=2228"}],"version-history":[{"count":0,"href":"https:\/\/www.subaru.es\/blog\/wp-json\/wp\/v2\/posts\/2228\/revisions"}],"wp:attachment":[{"href":"https:\/\/www.subaru.es\/blog\/wp-json\/wp\/v2\/media?parent=2228"}],"wp:term":[{"taxonomy":"category","embeddable":true,"href":"https:\/\/www.subaru.es\/blog\/wp-json\/wp\/v2\/categories?post=2228"},{"taxonomy":"post_tag","embeddable":true,"href":"https:\/\/www.subaru.es\/blog\/wp-json\/wp\/v2\/tags?post=2228"}],"curies":[{"name":"wp","href":"https:\/\/api.w.org\/{rel}","templated":true}]}}