{"id":2215,"date":"2009-08-25T14:53:58","date_gmt":"2009-08-25T12:53:58","guid":{"rendered":"http:\/\/subaru.preproduccion.com\/blog\/wp-content\/2009\/08\/25\/enrique-garcia-ojeda\/"},"modified":"2016-10-17T10:48:25","modified_gmt":"2016-10-17T08:48:25","slug":"enrique-garcia-ojeda","status":"publish","type":"post","link":"https:\/\/www.subaru.es\/blog\/nuestra-marca\/enrique-garcia-ojeda\/","title":{"rendered":"Enrique Garc\u00eda Ojeda"},"content":{"rendered":"<p>Buscar un piloto para llevar el Impreza a Nurburgring y Montecarlo no ha sido dif\u00edcil, pues no hay que salir de \u201ccasa\u201d para encontrarlo: Enrique Garc\u00eda Ojeda es piloto oficial del equipo Subaru Rallye Team Spain, y a d\u00eda de hoy es tercero en el Campeonato de Rallyes de Asfalto a los mandos del <a href=\"http:\/\/www.revistaautohebdo.com\/pruebas\/Subaru-Impreza-STi-N-03-2009-76275.html\">Impreza STi N14 Gr. N Plus<\/a>. \u00c9l ser\u00e1 el encargado de hacer volar al Impreza de serie en ambos contextos, el alem\u00e1n y el franc\u00e9s, y comentarnos cu\u00e1les son sus percepciones. Adem\u00e1s de piloto, Enrique dirige la empresa KRS, que mantiene y evoluciona los Subaru de Competici\u00f3n. <\/p>\n<p><a href='https:\/\/www.subaru.es\/blog\/2009\/08\/25\/enrique-garcia-ojeda\/enrique-garcia-ojeda\/' rel='attachment wp-att-2217' title='Enrique Garc\u00eda Ojeda'><img data-src='https:\/\/www.subaru.es\/blog\/wp-content\/uploads\/2009\/08\/item.jpg' alt='Enrique Garc\u00eda Ojeda' src='data:image\/svg+xml;base64,PHN2ZyB3aWR0aD0iMSIgaGVpZ2h0PSIxIiB4bWxucz0iaHR0cDovL3d3dy53My5vcmcvMjAwMC9zdmciPjwvc3ZnPg==' class='lazyload' style='--smush-placeholder-width: 448px; --smush-placeholder-aspect-ratio: 448\/298;' \/><\/a><\/p>\n<p><strong>Su historia<\/strong><br \/>\nC\u00e1ntabro de 37 a\u00f1os, Garc\u00eda Ojeda naci\u00f3 en Los Corrales de Buelna, y en 1996 dio inicio a su carrera deportiva a los mandos de un Renault 5 GT en el campeonato regional. Por aquel entonces ya recibi\u00f3 menciones como piloto revelaci\u00f3n, y al a\u00f1o siguiente se proclam\u00f3 subcampe\u00f3n de Cantabria de Monta\u00f1a con un Ford Sierra RS Cosworth. <\/p>\n<p><a href='https:\/\/www.subaru.es\/blog\/2009\/08\/25\/enrique-garcia-ojeda\/2219\/' rel='attachment wp-att-2219' title='o.JPG'><img data-src='https:\/\/www.subaru.es\/blog\/wp-content\/uploads\/2009\/08\/o.JPG' alt='o.JPG' src='data:image\/svg+xml;base64,PHN2ZyB3aWR0aD0iMSIgaGVpZ2h0PSIxIiB4bWxucz0iaHR0cDovL3d3dy53My5vcmcvMjAwMC9zdmciPjwvc3ZnPg==' class='lazyload' \/><\/a><\/p>\n<p>En 1998, Enrique se apunta al Desaf\u00edo Peugeot en la disciplina del equipo <em>Auto Hebdo Sport<\/em>, una importante revista de competici\u00f3n, iniciando una fruct\u00edfera escalada de triunfos que le catapulta a la victoria en esta copa monomarca en 2000. <\/p>\n<p>A partir de ese a\u00f1o su relaci\u00f3n con Peugeot contin\u00faa, y modelos como los 106 y 306 Maxi, junto con el 206 Super 1.600, pasan por sus manos. As\u00ed, en 2003 logra dos victorias absolutas en el Campeonato de Espa\u00f1a de Rallyes de Asfalto, el Pr\u00edncipe de Asturias y Vasco Navarro, dos contundentes \u00e9xitos. Y la tierra tambi\u00e9n se le da bien: en 2004 vence en el Campeonato de Espa\u00f1a, en la categor\u00eda de 2 ruedas motrices.<\/p>\n<p><a href='https:\/\/www.subaru.es\/blog\/2009\/08\/25\/enrique-garcia-ojeda\/2218\/' rel='attachment wp-att-2218' title='o2.jpg'><img data-src='https:\/\/www.subaru.es\/blog\/wp-content\/uploads\/2009\/08\/o2.jpg' alt='o2.jpg' src='data:image\/svg+xml;base64,PHN2ZyB3aWR0aD0iMSIgaGVpZ2h0PSIxIiB4bWxucz0iaHR0cDovL3d3dy53My5vcmcvMjAwMC9zdmciPjwvc3ZnPg==' class='lazyload' style='--smush-placeholder-width: 448px; --smush-placeholder-aspect-ratio: 448\/299;' \/><\/a><\/p>\n<p>Las competiciones nacionales empiezan a quedarse cortas, y Enrique apuesta por el campeonato <a href=\"http:\/\/www.ircseries.com\">IRC<\/a> \u2013Interncontinental Rallye Challenge\u2013, en el que se impone en 2007 a los mandos de un Peugeot 206 Super 2.000. Ojeda es, por tanto, <strong>Campe\u00f3n del Mundo de Rallyes<\/strong>. Y el t\u00edtulo de campe\u00f3n de Espa\u00f1a no se hizo de rogar: al a\u00f1o siguiente, en 2008, logr\u00f3 tal entorchado a los mandos del Peugeot 207 Super 2.000. <\/p>\n<p><a href='https:\/\/www.subaru.es\/blog\/2009\/08\/25\/enrique-garcia-ojeda\/2220\/' rel='attachment wp-att-2220' title='o3.jpg'><img data-src='https:\/\/www.subaru.es\/blog\/wp-content\/uploads\/2009\/08\/o3.jpg' alt='o3.jpg' src='data:image\/svg+xml;base64,PHN2ZyB3aWR0aD0iMSIgaGVpZ2h0PSIxIiB4bWxucz0iaHR0cDovL3d3dy53My5vcmcvMjAwMC9zdmciPjwvc3ZnPg==' class='lazyload' style='--smush-placeholder-width: 448px; --smush-placeholder-aspect-ratio: 448\/299;' \/><\/a><\/p>\n","protected":false},"excerpt":{"rendered":"<p>Buscar un piloto para llevar el Impreza a Nurburgring y Montecarlo no ha sido dif\u00edcil, pues no hay que salir de \u201ccasa\u201d para encontrarlo: Enrique Garc\u00eda Ojeda es piloto oficial del equipo Subaru Rallye Team Spain, y a d\u00eda de hoy es tercero en el Campeonato de Rallyes de Asfalto a los mandos del Impreza [&hellip;]<\/p>\n","protected":false},"author":21,"featured_media":2216,"comment_status":"open","ping_status":"open","sticky":false,"template":"","format":"standard","meta":{"_acf_changed":false,"_eb_attr":"","inline_featured_image":false,"footnotes":""},"categories":[4401],"tags":[1994,51,349],"class_list":["post-2215","post","type-post","status-publish","format-standard","has-post-thumbnail","hentry","category-nuestra-marca","tag-enrique-garcia-ojeda","tag-espana","tag-rallyes"],"acf":[],"yoast_head":"<!-- This site is optimized with the Yoast SEO plugin v27.3 - https:\/\/yoast.com\/product\/yoast-seo-wordpress\/ -->\n<title>Enrique Garc\u00eda Ojeda - Universo Subaru<\/title>\n<meta name=\"robots\" content=\"index, follow, max-snippet:-1, max-image-preview:large, max-video-preview:-1\" \/>\n<link rel=\"canonical\" href=\"https:\/\/www.subaru.es\/blog\/nuestra-marca\/enrique-garcia-ojeda\/\" \/>\n<meta property=\"og:locale\" content=\"es_ES\" \/>\n<meta property=\"og:type\" content=\"article\" \/>\n<meta property=\"og:title\" content=\"Enrique Garc\u00eda Ojeda - Universo Subaru\" \/>\n<meta property=\"og:description\" content=\"Buscar un piloto para llevar el Impreza a Nurburgring y Montecarlo no ha sido dif\u00edcil, pues no hay que salir de \u201ccasa\u201d para encontrarlo: Enrique Garc\u00eda Ojeda es piloto oficial del equipo Subaru Rallye Team Spain, y a d\u00eda de hoy es tercero en el Campeonato de Rallyes de Asfalto a los mandos del Impreza [&hellip;]\" \/>\n<meta property=\"og:url\" content=\"https:\/\/www.subaru.es\/blog\/nuestra-marca\/enrique-garcia-ojeda\/\" \/>\n<meta property=\"og:site_name\" content=\"Universo Subaru\" \/>\n<meta property=\"article:publisher\" content=\"https:\/\/www.facebook.com\/subaruespana\" \/>\n<meta property=\"article:published_time\" content=\"2009-08-25T12:53:58+00:00\" \/>\n<meta property=\"article:modified_time\" content=\"2016-10-17T08:48:25+00:00\" \/>\n<meta property=\"og:image\" content=\"https:\/\/www.subaru.es\/blog\/wp-content\/uploads\/2009\/08\/o.JPG\" \/>\n\t<meta property=\"og:image:width\" content=\"448\" \/>\n\t<meta property=\"og:image:height\" content=\"299\" \/>\n\t<meta property=\"og:image:type\" content=\"image\/jpeg\" \/>\n<meta name=\"author\" content=\"Subaru\" \/>\n<meta name=\"twitter:card\" content=\"summary_large_image\" \/>\n<meta name=\"twitter:label1\" content=\"Escrito por\" \/>\n\t<meta name=\"twitter:data1\" content=\"Subaru\" \/>\n\t<meta name=\"twitter:label2\" content=\"Tiempo de lectura\" \/>\n\t<meta name=\"twitter:data2\" content=\"2 minutos\" \/>\n<script type=\"application\/ld+json\" class=\"yoast-schema-graph\">{\"@context\":\"https:\\\/\\\/schema.org\",\"@graph\":[{\"@type\":\"Article\",\"@id\":\"https:\\\/\\\/www.subaru.es\\\/blog\\\/nuestra-marca\\\/enrique-garcia-ojeda\\\/#article\",\"isPartOf\":{\"@id\":\"https:\\\/\\\/www.subaru.es\\\/blog\\\/nuestra-marca\\\/enrique-garcia-ojeda\\\/\"},\"author\":{\"name\":\"Subaru\",\"@id\":\"https:\\\/\\\/www.subaru.es\\\/blog\\\/#\\\/schema\\\/person\\\/19a90b892230b8e0ec752704ddf4aa10\"},\"headline\":\"Enrique Garc\u00eda Ojeda\",\"datePublished\":\"2009-08-25T12:53:58+00:00\",\"dateModified\":\"2016-10-17T08:48:25+00:00\",\"mainEntityOfPage\":{\"@id\":\"https:\\\/\\\/www.subaru.es\\\/blog\\\/nuestra-marca\\\/enrique-garcia-ojeda\\\/\"},\"wordCount\":365,\"commentCount\":2,\"publisher\":{\"@id\":\"https:\\\/\\\/www.subaru.es\\\/blog\\\/#organization\"},\"image\":{\"@id\":\"https:\\\/\\\/www.subaru.es\\\/blog\\\/nuestra-marca\\\/enrique-garcia-ojeda\\\/#primaryimage\"},\"thumbnailUrl\":\"https:\\\/\\\/www.subaru.es\\\/blog\\\/wp-content\\\/uploads\\\/2009\\\/08\\\/o.JPG\",\"keywords\":[\"Enrique Garc\u00eda Ojeda\",\"espa\u00f1a\",\"rallyes\"],\"articleSection\":[\"Nuestra marca\"],\"inLanguage\":\"es\",\"potentialAction\":[{\"@type\":\"CommentAction\",\"name\":\"Comment\",\"target\":[\"https:\\\/\\\/www.subaru.es\\\/blog\\\/nuestra-marca\\\/enrique-garcia-ojeda\\\/#respond\"]}]},{\"@type\":\"WebPage\",\"@id\":\"https:\\\/\\\/www.subaru.es\\\/blog\\\/nuestra-marca\\\/enrique-garcia-ojeda\\\/\",\"url\":\"https:\\\/\\\/www.subaru.es\\\/blog\\\/nuestra-marca\\\/enrique-garcia-ojeda\\\/\",\"name\":\"Enrique Garc\u00eda Ojeda - Universo Subaru\",\"isPartOf\":{\"@id\":\"https:\\\/\\\/www.subaru.es\\\/blog\\\/#website\"},\"primaryImageOfPage\":{\"@id\":\"https:\\\/\\\/www.subaru.es\\\/blog\\\/nuestra-marca\\\/enrique-garcia-ojeda\\\/#primaryimage\"},\"image\":{\"@id\":\"https:\\\/\\\/www.subaru.es\\\/blog\\\/nuestra-marca\\\/enrique-garcia-ojeda\\\/#primaryimage\"},\"thumbnailUrl\":\"https:\\\/\\\/www.subaru.es\\\/blog\\\/wp-content\\\/uploads\\\/2009\\\/08\\\/o.JPG\",\"datePublished\":\"2009-08-25T12:53:58+00:00\",\"dateModified\":\"2016-10-17T08:48:25+00:00\",\"breadcrumb\":{\"@id\":\"https:\\\/\\\/www.subaru.es\\\/blog\\\/nuestra-marca\\\/enrique-garcia-ojeda\\\/#breadcrumb\"},\"inLanguage\":\"es\",\"potentialAction\":[{\"@type\":\"ReadAction\",\"target\":[\"https:\\\/\\\/www.subaru.es\\\/blog\\\/nuestra-marca\\\/enrique-garcia-ojeda\\\/\"]}]},{\"@type\":\"ImageObject\",\"inLanguage\":\"es\",\"@id\":\"https:\\\/\\\/www.subaru.es\\\/blog\\\/nuestra-marca\\\/enrique-garcia-ojeda\\\/#primaryimage\",\"url\":\"https:\\\/\\\/www.subaru.es\\\/blog\\\/wp-content\\\/uploads\\\/2009\\\/08\\\/o.JPG\",\"contentUrl\":\"https:\\\/\\\/www.subaru.es\\\/blog\\\/wp-content\\\/uploads\\\/2009\\\/08\\\/o.JPG\",\"width\":448,\"height\":299},{\"@type\":\"BreadcrumbList\",\"@id\":\"https:\\\/\\\/www.subaru.es\\\/blog\\\/nuestra-marca\\\/enrique-garcia-ojeda\\\/#breadcrumb\",\"itemListElement\":[{\"@type\":\"ListItem\",\"position\":1,\"name\":\"Portada\",\"item\":\"https:\\\/\\\/www.subaru.es\\\/blog\\\/\"},{\"@type\":\"ListItem\",\"position\":2,\"name\":\"Enrique Garc\u00eda Ojeda\"}]},{\"@type\":\"WebSite\",\"@id\":\"https:\\\/\\\/www.subaru.es\\\/blog\\\/#website\",\"url\":\"https:\\\/\\\/www.subaru.es\\\/blog\\\/\",\"name\":\"Universo Subaru\",\"description\":\"Descubre este apasionante espacio de Subaru donde vas a conocer todo sobre nuestros coches y las experiencias que vivimos con ellos. Si est\u00e1s preparado para dejarte seducir por la filosof\u00eda Subaru, qu\u00e9date con nosotros.\",\"publisher\":{\"@id\":\"https:\\\/\\\/www.subaru.es\\\/blog\\\/#organization\"},\"potentialAction\":[{\"@type\":\"SearchAction\",\"target\":{\"@type\":\"EntryPoint\",\"urlTemplate\":\"https:\\\/\\\/www.subaru.es\\\/blog\\\/?s={search_term_string}\"},\"query-input\":{\"@type\":\"PropertyValueSpecification\",\"valueRequired\":true,\"valueName\":\"search_term_string\"}}],\"inLanguage\":\"es\"},{\"@type\":\"Organization\",\"@id\":\"https:\\\/\\\/www.subaru.es\\\/blog\\\/#organization\",\"name\":\"Subaru Espa\u00f1a S.A.\",\"url\":\"https:\\\/\\\/www.subaru.es\\\/blog\\\/\",\"logo\":{\"@type\":\"ImageObject\",\"inLanguage\":\"es\",\"@id\":\"https:\\\/\\\/www.subaru.es\\\/blog\\\/#\\\/schema\\\/logo\\\/image\\\/\",\"url\":\"https:\\\/\\\/www.subaru.es\\\/blog\\\/wp-content\\\/uploads\\\/2016\\\/12\\\/Logo-Subaru-TypeV_C300-scaled.jpg\",\"contentUrl\":\"https:\\\/\\\/www.subaru.es\\\/blog\\\/wp-content\\\/uploads\\\/2016\\\/12\\\/Logo-Subaru-TypeV_C300-scaled.jpg\",\"width\":2560,\"height\":1864,\"caption\":\"Subaru Espa\u00f1a S.A.\"},\"image\":{\"@id\":\"https:\\\/\\\/www.subaru.es\\\/blog\\\/#\\\/schema\\\/logo\\\/image\\\/\"},\"sameAs\":[\"https:\\\/\\\/www.facebook.com\\\/subaruespana\",\"https:\\\/\\\/www.instagram.com\\\/subarues\\\/\",\"https:\\\/\\\/www.youtube.com\\\/user\\\/subaruespana\"]},{\"@type\":\"Person\",\"@id\":\"https:\\\/\\\/www.subaru.es\\\/blog\\\/#\\\/schema\\\/person\\\/19a90b892230b8e0ec752704ddf4aa10\",\"name\":\"Subaru\",\"url\":\"https:\\\/\\\/www.subaru.es\\\/blog\\\/author\\\/subaria\\\/\"}]}<\/script>\n<!-- \/ Yoast SEO plugin. -->","yoast_head_json":{"title":"Enrique Garc\u00eda Ojeda - Universo Subaru","robots":{"index":"index","follow":"follow","max-snippet":"max-snippet:-1","max-image-preview":"max-image-preview:large","max-video-preview":"max-video-preview:-1"},"canonical":"https:\/\/www.subaru.es\/blog\/nuestra-marca\/enrique-garcia-ojeda\/","og_locale":"es_ES","og_type":"article","og_title":"Enrique Garc\u00eda Ojeda - Universo Subaru","og_description":"Buscar un piloto para llevar el Impreza a Nurburgring y Montecarlo no ha sido dif\u00edcil, pues no hay que salir de \u201ccasa\u201d para encontrarlo: Enrique Garc\u00eda Ojeda es piloto oficial del equipo Subaru Rallye Team Spain, y a d\u00eda de hoy es tercero en el Campeonato de Rallyes de Asfalto a los mandos del Impreza [&hellip;]","og_url":"https:\/\/www.subaru.es\/blog\/nuestra-marca\/enrique-garcia-ojeda\/","og_site_name":"Universo Subaru","article_publisher":"https:\/\/www.facebook.com\/subaruespana","article_published_time":"2009-08-25T12:53:58+00:00","article_modified_time":"2016-10-17T08:48:25+00:00","og_image":[{"width":448,"height":299,"url":"https:\/\/www.subaru.es\/blog\/wp-content\/uploads\/2009\/08\/o.JPG","type":"image\/jpeg"}],"author":"Subaru","twitter_card":"summary_large_image","twitter_misc":{"Escrito por":"Subaru","Tiempo de lectura":"2 minutos"},"schema":{"@context":"https:\/\/schema.org","@graph":[{"@type":"Article","@id":"https:\/\/www.subaru.es\/blog\/nuestra-marca\/enrique-garcia-ojeda\/#article","isPartOf":{"@id":"https:\/\/www.subaru.es\/blog\/nuestra-marca\/enrique-garcia-ojeda\/"},"author":{"name":"Subaru","@id":"https:\/\/www.subaru.es\/blog\/#\/schema\/person\/19a90b892230b8e0ec752704ddf4aa10"},"headline":"Enrique Garc\u00eda Ojeda","datePublished":"2009-08-25T12:53:58+00:00","dateModified":"2016-10-17T08:48:25+00:00","mainEntityOfPage":{"@id":"https:\/\/www.subaru.es\/blog\/nuestra-marca\/enrique-garcia-ojeda\/"},"wordCount":365,"commentCount":2,"publisher":{"@id":"https:\/\/www.subaru.es\/blog\/#organization"},"image":{"@id":"https:\/\/www.subaru.es\/blog\/nuestra-marca\/enrique-garcia-ojeda\/#primaryimage"},"thumbnailUrl":"https:\/\/www.subaru.es\/blog\/wp-content\/uploads\/2009\/08\/o.JPG","keywords":["Enrique Garc\u00eda Ojeda","espa\u00f1a","rallyes"],"articleSection":["Nuestra marca"],"inLanguage":"es","potentialAction":[{"@type":"CommentAction","name":"Comment","target":["https:\/\/www.subaru.es\/blog\/nuestra-marca\/enrique-garcia-ojeda\/#respond"]}]},{"@type":"WebPage","@id":"https:\/\/www.subaru.es\/blog\/nuestra-marca\/enrique-garcia-ojeda\/","url":"https:\/\/www.subaru.es\/blog\/nuestra-marca\/enrique-garcia-ojeda\/","name":"Enrique Garc\u00eda Ojeda - Universo Subaru","isPartOf":{"@id":"https:\/\/www.subaru.es\/blog\/#website"},"primaryImageOfPage":{"@id":"https:\/\/www.subaru.es\/blog\/nuestra-marca\/enrique-garcia-ojeda\/#primaryimage"},"image":{"@id":"https:\/\/www.subaru.es\/blog\/nuestra-marca\/enrique-garcia-ojeda\/#primaryimage"},"thumbnailUrl":"https:\/\/www.subaru.es\/blog\/wp-content\/uploads\/2009\/08\/o.JPG","datePublished":"2009-08-25T12:53:58+00:00","dateModified":"2016-10-17T08:48:25+00:00","breadcrumb":{"@id":"https:\/\/www.subaru.es\/blog\/nuestra-marca\/enrique-garcia-ojeda\/#breadcrumb"},"inLanguage":"es","potentialAction":[{"@type":"ReadAction","target":["https:\/\/www.subaru.es\/blog\/nuestra-marca\/enrique-garcia-ojeda\/"]}]},{"@type":"ImageObject","inLanguage":"es","@id":"https:\/\/www.subaru.es\/blog\/nuestra-marca\/enrique-garcia-ojeda\/#primaryimage","url":"https:\/\/www.subaru.es\/blog\/wp-content\/uploads\/2009\/08\/o.JPG","contentUrl":"https:\/\/www.subaru.es\/blog\/wp-content\/uploads\/2009\/08\/o.JPG","width":448,"height":299},{"@type":"BreadcrumbList","@id":"https:\/\/www.subaru.es\/blog\/nuestra-marca\/enrique-garcia-ojeda\/#breadcrumb","itemListElement":[{"@type":"ListItem","position":1,"name":"Portada","item":"https:\/\/www.subaru.es\/blog\/"},{"@type":"ListItem","position":2,"name":"Enrique Garc\u00eda Ojeda"}]},{"@type":"WebSite","@id":"https:\/\/www.subaru.es\/blog\/#website","url":"https:\/\/www.subaru.es\/blog\/","name":"Universo Subaru","description":"Descubre este apasionante espacio de Subaru donde vas a conocer todo sobre nuestros coches y las experiencias que vivimos con ellos. Si est\u00e1s preparado para dejarte seducir por la filosof\u00eda Subaru, qu\u00e9date con nosotros.","publisher":{"@id":"https:\/\/www.subaru.es\/blog\/#organization"},"potentialAction":[{"@type":"SearchAction","target":{"@type":"EntryPoint","urlTemplate":"https:\/\/www.subaru.es\/blog\/?s={search_term_string}"},"query-input":{"@type":"PropertyValueSpecification","valueRequired":true,"valueName":"search_term_string"}}],"inLanguage":"es"},{"@type":"Organization","@id":"https:\/\/www.subaru.es\/blog\/#organization","name":"Subaru Espa\u00f1a S.A.","url":"https:\/\/www.subaru.es\/blog\/","logo":{"@type":"ImageObject","inLanguage":"es","@id":"https:\/\/www.subaru.es\/blog\/#\/schema\/logo\/image\/","url":"https:\/\/www.subaru.es\/blog\/wp-content\/uploads\/2016\/12\/Logo-Subaru-TypeV_C300-scaled.jpg","contentUrl":"https:\/\/www.subaru.es\/blog\/wp-content\/uploads\/2016\/12\/Logo-Subaru-TypeV_C300-scaled.jpg","width":2560,"height":1864,"caption":"Subaru Espa\u00f1a S.A."},"image":{"@id":"https:\/\/www.subaru.es\/blog\/#\/schema\/logo\/image\/"},"sameAs":["https:\/\/www.facebook.com\/subaruespana","https:\/\/www.instagram.com\/subarues\/","https:\/\/www.youtube.com\/user\/subaruespana"]},{"@type":"Person","@id":"https:\/\/www.subaru.es\/blog\/#\/schema\/person\/19a90b892230b8e0ec752704ddf4aa10","name":"Subaru","url":"https:\/\/www.subaru.es\/blog\/author\/subaria\/"}]}},"_links":{"self":[{"href":"https:\/\/www.subaru.es\/blog\/wp-json\/wp\/v2\/posts\/2215","targetHints":{"allow":["GET"]}}],"collection":[{"href":"https:\/\/www.subaru.es\/blog\/wp-json\/wp\/v2\/posts"}],"about":[{"href":"https:\/\/www.subaru.es\/blog\/wp-json\/wp\/v2\/types\/post"}],"author":[{"embeddable":true,"href":"https:\/\/www.subaru.es\/blog\/wp-json\/wp\/v2\/users\/21"}],"replies":[{"embeddable":true,"href":"https:\/\/www.subaru.es\/blog\/wp-json\/wp\/v2\/comments?post=2215"}],"version-history":[{"count":0,"href":"https:\/\/www.subaru.es\/blog\/wp-json\/wp\/v2\/posts\/2215\/revisions"}],"wp:featuredmedia":[{"embeddable":true,"href":"https:\/\/www.subaru.es\/blog\/wp-json\/wp\/v2\/media\/2216"}],"wp:attachment":[{"href":"https:\/\/www.subaru.es\/blog\/wp-json\/wp\/v2\/media?parent=2215"}],"wp:term":[{"taxonomy":"category","embeddable":true,"href":"https:\/\/www.subaru.es\/blog\/wp-json\/wp\/v2\/categories?post=2215"},{"taxonomy":"post_tag","embeddable":true,"href":"https:\/\/www.subaru.es\/blog\/wp-json\/wp\/v2\/tags?post=2215"}],"curies":[{"name":"wp","href":"https:\/\/api.w.org\/{rel}","templated":true}]}}