{"id":22,"date":"2007-09-06T12:47:43","date_gmt":"2007-09-06T10:47:43","guid":{"rendered":"http:\/\/subaru.preproduccion.com\/blog\/wp-content\/2007\/09\/06\/presentaciones-de-subaru-en-el-salon-internacional-del-motor-de-frankfurt\/"},"modified":"2016-10-17T15:11:39","modified_gmt":"2016-10-17T13:11:39","slug":"presentaciones-de-subaru-en-el-salon-internacional-del-motor-de-frankfurt","status":"publish","type":"post","link":"https:\/\/www.subaru.es\/blog\/nuestra-marca\/presentaciones-de-subaru-en-el-salon-internacional-del-motor-de-frankfurt\/","title":{"rendered":"Presentaciones de Subaru en el Sal\u00f3n Internacional del Motor de Frankfurt"},"content":{"rendered":"<p><strong>Fuji Heavy Industries<\/strong> (FHI), fabricante de <a href=\"http:\/\/www.subaru.es\/CMS\/home.html\">Subaru<\/a>, tendr\u00e1 una serie de novedades muy importantes para la marca, durante el transcurso de la pr\u00f3xima edici\u00f3n del <a href=\"http:\/\/www.iaa.de\/\">Sal\u00f3n del Autom\u00f3vil de Frankfurt<\/a>, los d\u00edas <strong>11 y 12 de septiembre. <\/strong><\/p>\n<p>Se presentar\u00e1n <strong>tres modelos <\/strong>que pronto tendr\u00e1n acogida en el mercado europeo, junto con el <strong>prototipo del Subaru WRC<\/strong>. <\/p>\n<p><center>PRINCIPALES NOVEDADES<\/center><\/p>\n<p><strong>Subaru Impreza <\/strong><\/p>\n<p><center><img data-src='https:\/\/www.subaru.es\/blog\/wp-content\/uploads\/2007\/09\/imprezasalon.jpg' alt='imprezasalon' src='data:image\/svg+xml;base64,PHN2ZyB3aWR0aD0iMSIgaGVpZ2h0PSIxIiB4bWxucz0iaHR0cDovL3d3dy53My5vcmcvMjAwMC9zdmciPjwvc3ZnPg==' class='lazyload' style='--smush-placeholder-width: 400px; --smush-placeholder-aspect-ratio: 400\/315;' \/><\/center>FHI presenta la tercera generaci\u00f3n del Impreza en el mercado europeo. Desarrollado sobre el concepto de un dise\u00f1o nuevo y m\u00e1s refinado para el confort, el Impreza vendr\u00e1 equipado con motores 1.5 y 2.0, empleando los dos el sistema Subaru Symmetrical AWD <\/p>\n<p><strong>Subaru Tribeca <\/strong><\/p>\n<p>Con un dise\u00f1o exterior distinto con importantes cambios en el frontal, el nuevo Tribeca, siempre en la vanguardia de lo que es un SUV progresivo, se ha mejorado ampliamente. Incorpora un nuevo motor de configuraci\u00f3n horizontal opuesta y ha combinado milim\u00e9tricamente el rendimiento en la conducci\u00f3n y un estilo sofisticado. <\/p>\n<p><strong>Subaru <\/strong><strong>Justy <\/strong><\/p>\n<p>El nuevo Justy est\u00e1 posicionado como el modelo de entrada en la gama de Subaru. Ofrece una excelente maniobralidad y espacio de la cabina interior y, adem\u00e1s, ofrece un ahorro en consumos y unas emisiones a unos niveles excepcionales. <\/p>\n<p><strong>Subaru WRC Concept<\/strong> <\/p>\n<p>El prototipo, basado en el nuevo Impreza, conjuga una serie de atributos de imagen futurista para un coche de rally. <\/p>\n<p><strong>Otras exposiciones <\/strong><\/p>\n<p>FHI exhibir\u00e1 su motor diesel de configuraci\u00f3n horizontal opuesta y el Subaru Boxer Turbo Diesel, cuyo lanzamiento se espera en Europa para 2008. Tambi\u00e9n estar\u00e1 el R1e, un veh\u00edculo el\u00e9ctrico que se usa ya en Jap\u00f3n, mostrado como ejemplo del compromiso de FHI en desarrollar tecnolog\u00edas limpias. <\/p>\n","protected":false},"excerpt":{"rendered":"<p>Fuji Heavy Industries (FHI), fabricante de Subaru, tendr\u00e1 una serie de novedades muy importantes para la marca, durante el transcurso de la pr\u00f3xima edici\u00f3n del Sal\u00f3n del Autom\u00f3vil de Frankfurt, los d\u00edas 11 y 12 de septiembre. Se presentar\u00e1n tres modelos que pronto tendr\u00e1n acogida en el mercado europeo, junto con el prototipo del Subaru [&hellip;]<\/p>\n","protected":false},"author":21,"featured_media":23,"comment_status":"open","ping_status":"open","sticky":false,"template":"","format":"standard","meta":{"_acf_changed":false,"_eb_attr":"","inline_featured_image":false,"footnotes":""},"categories":[4401],"tags":[],"class_list":["post-22","post","type-post","status-publish","format-standard","has-post-thumbnail","hentry","category-nuestra-marca"],"acf":[],"yoast_head":"<!-- This site is optimized with the Yoast SEO plugin v27.3 - https:\/\/yoast.com\/product\/yoast-seo-wordpress\/ -->\n<title>Presentaciones de Subaru en el Sal\u00f3n Internacional del Motor de Frankfurt - Universo Subaru<\/title>\n<meta name=\"robots\" content=\"index, follow, max-snippet:-1, max-image-preview:large, max-video-preview:-1\" \/>\n<link rel=\"canonical\" href=\"https:\/\/www.subaru.es\/blog\/nuestra-marca\/presentaciones-de-subaru-en-el-salon-internacional-del-motor-de-frankfurt\/\" \/>\n<meta property=\"og:locale\" content=\"es_ES\" \/>\n<meta property=\"og:type\" content=\"article\" \/>\n<meta property=\"og:title\" content=\"Presentaciones de Subaru en el Sal\u00f3n Internacional del Motor de Frankfurt - Universo Subaru\" \/>\n<meta property=\"og:description\" content=\"Fuji Heavy Industries (FHI), fabricante de Subaru, tendr\u00e1 una serie de novedades muy importantes para la marca, durante el transcurso de la pr\u00f3xima edici\u00f3n del Sal\u00f3n del Autom\u00f3vil de Frankfurt, los d\u00edas 11 y 12 de septiembre. Se presentar\u00e1n tres modelos que pronto tendr\u00e1n acogida en el mercado europeo, junto con el prototipo del Subaru [&hellip;]\" \/>\n<meta property=\"og:url\" content=\"https:\/\/www.subaru.es\/blog\/nuestra-marca\/presentaciones-de-subaru-en-el-salon-internacional-del-motor-de-frankfurt\/\" \/>\n<meta property=\"og:site_name\" content=\"Universo Subaru\" \/>\n<meta property=\"article:publisher\" content=\"https:\/\/www.facebook.com\/subaruespana\" \/>\n<meta property=\"article:published_time\" content=\"2007-09-06T10:47:43+00:00\" \/>\n<meta property=\"article:modified_time\" content=\"2016-10-17T13:11:39+00:00\" \/>\n<meta property=\"og:image\" content=\"https:\/\/www.subaru.es\/blog\/wp-content\/uploads\/2007\/09\/imprezasalon.jpg\" \/>\n\t<meta property=\"og:image:width\" content=\"400\" \/>\n\t<meta property=\"og:image:height\" content=\"315\" \/>\n\t<meta property=\"og:image:type\" content=\"image\/jpeg\" \/>\n<meta name=\"author\" content=\"Subaru\" \/>\n<meta name=\"twitter:card\" content=\"summary_large_image\" \/>\n<meta name=\"twitter:label1\" content=\"Escrito por\" \/>\n\t<meta name=\"twitter:data1\" content=\"Subaru\" \/>\n\t<meta name=\"twitter:label2\" content=\"Tiempo de lectura\" \/>\n\t<meta name=\"twitter:data2\" content=\"1 minuto\" \/>\n<script type=\"application\/ld+json\" class=\"yoast-schema-graph\">{\"@context\":\"https:\\\/\\\/schema.org\",\"@graph\":[{\"@type\":\"Article\",\"@id\":\"https:\\\/\\\/www.subaru.es\\\/blog\\\/nuestra-marca\\\/presentaciones-de-subaru-en-el-salon-internacional-del-motor-de-frankfurt\\\/#article\",\"isPartOf\":{\"@id\":\"https:\\\/\\\/www.subaru.es\\\/blog\\\/nuestra-marca\\\/presentaciones-de-subaru-en-el-salon-internacional-del-motor-de-frankfurt\\\/\"},\"author\":{\"name\":\"Subaru\",\"@id\":\"https:\\\/\\\/www.subaru.es\\\/blog\\\/#\\\/schema\\\/person\\\/19a90b892230b8e0ec752704ddf4aa10\"},\"headline\":\"Presentaciones de Subaru en el Sal\u00f3n Internacional del Motor de Frankfurt\",\"datePublished\":\"2007-09-06T10:47:43+00:00\",\"dateModified\":\"2016-10-17T13:11:39+00:00\",\"mainEntityOfPage\":{\"@id\":\"https:\\\/\\\/www.subaru.es\\\/blog\\\/nuestra-marca\\\/presentaciones-de-subaru-en-el-salon-internacional-del-motor-de-frankfurt\\\/\"},\"wordCount\":296,\"commentCount\":0,\"publisher\":{\"@id\":\"https:\\\/\\\/www.subaru.es\\\/blog\\\/#organization\"},\"image\":{\"@id\":\"https:\\\/\\\/www.subaru.es\\\/blog\\\/nuestra-marca\\\/presentaciones-de-subaru-en-el-salon-internacional-del-motor-de-frankfurt\\\/#primaryimage\"},\"thumbnailUrl\":\"https:\\\/\\\/www.subaru.es\\\/blog\\\/wp-content\\\/uploads\\\/2007\\\/09\\\/imprezasalon.jpg\",\"articleSection\":[\"Nuestra marca\"],\"inLanguage\":\"es\",\"potentialAction\":[{\"@type\":\"CommentAction\",\"name\":\"Comment\",\"target\":[\"https:\\\/\\\/www.subaru.es\\\/blog\\\/nuestra-marca\\\/presentaciones-de-subaru-en-el-salon-internacional-del-motor-de-frankfurt\\\/#respond\"]}]},{\"@type\":\"WebPage\",\"@id\":\"https:\\\/\\\/www.subaru.es\\\/blog\\\/nuestra-marca\\\/presentaciones-de-subaru-en-el-salon-internacional-del-motor-de-frankfurt\\\/\",\"url\":\"https:\\\/\\\/www.subaru.es\\\/blog\\\/nuestra-marca\\\/presentaciones-de-subaru-en-el-salon-internacional-del-motor-de-frankfurt\\\/\",\"name\":\"Presentaciones de Subaru en el Sal\u00f3n Internacional del Motor de Frankfurt - Universo Subaru\",\"isPartOf\":{\"@id\":\"https:\\\/\\\/www.subaru.es\\\/blog\\\/#website\"},\"primaryImageOfPage\":{\"@id\":\"https:\\\/\\\/www.subaru.es\\\/blog\\\/nuestra-marca\\\/presentaciones-de-subaru-en-el-salon-internacional-del-motor-de-frankfurt\\\/#primaryimage\"},\"image\":{\"@id\":\"https:\\\/\\\/www.subaru.es\\\/blog\\\/nuestra-marca\\\/presentaciones-de-subaru-en-el-salon-internacional-del-motor-de-frankfurt\\\/#primaryimage\"},\"thumbnailUrl\":\"https:\\\/\\\/www.subaru.es\\\/blog\\\/wp-content\\\/uploads\\\/2007\\\/09\\\/imprezasalon.jpg\",\"datePublished\":\"2007-09-06T10:47:43+00:00\",\"dateModified\":\"2016-10-17T13:11:39+00:00\",\"breadcrumb\":{\"@id\":\"https:\\\/\\\/www.subaru.es\\\/blog\\\/nuestra-marca\\\/presentaciones-de-subaru-en-el-salon-internacional-del-motor-de-frankfurt\\\/#breadcrumb\"},\"inLanguage\":\"es\",\"potentialAction\":[{\"@type\":\"ReadAction\",\"target\":[\"https:\\\/\\\/www.subaru.es\\\/blog\\\/nuestra-marca\\\/presentaciones-de-subaru-en-el-salon-internacional-del-motor-de-frankfurt\\\/\"]}]},{\"@type\":\"ImageObject\",\"inLanguage\":\"es\",\"@id\":\"https:\\\/\\\/www.subaru.es\\\/blog\\\/nuestra-marca\\\/presentaciones-de-subaru-en-el-salon-internacional-del-motor-de-frankfurt\\\/#primaryimage\",\"url\":\"https:\\\/\\\/www.subaru.es\\\/blog\\\/wp-content\\\/uploads\\\/2007\\\/09\\\/imprezasalon.jpg\",\"contentUrl\":\"https:\\\/\\\/www.subaru.es\\\/blog\\\/wp-content\\\/uploads\\\/2007\\\/09\\\/imprezasalon.jpg\",\"width\":400,\"height\":315},{\"@type\":\"BreadcrumbList\",\"@id\":\"https:\\\/\\\/www.subaru.es\\\/blog\\\/nuestra-marca\\\/presentaciones-de-subaru-en-el-salon-internacional-del-motor-de-frankfurt\\\/#breadcrumb\",\"itemListElement\":[{\"@type\":\"ListItem\",\"position\":1,\"name\":\"Portada\",\"item\":\"https:\\\/\\\/www.subaru.es\\\/blog\\\/\"},{\"@type\":\"ListItem\",\"position\":2,\"name\":\"Presentaciones de Subaru en el Sal\u00f3n Internacional del Motor de Frankfurt\"}]},{\"@type\":\"WebSite\",\"@id\":\"https:\\\/\\\/www.subaru.es\\\/blog\\\/#website\",\"url\":\"https:\\\/\\\/www.subaru.es\\\/blog\\\/\",\"name\":\"Universo Subaru\",\"description\":\"Descubre este apasionante espacio de Subaru donde vas a conocer todo sobre nuestros coches y las experiencias que vivimos con ellos. Si est\u00e1s preparado para dejarte seducir por la filosof\u00eda Subaru, qu\u00e9date con nosotros.\",\"publisher\":{\"@id\":\"https:\\\/\\\/www.subaru.es\\\/blog\\\/#organization\"},\"potentialAction\":[{\"@type\":\"SearchAction\",\"target\":{\"@type\":\"EntryPoint\",\"urlTemplate\":\"https:\\\/\\\/www.subaru.es\\\/blog\\\/?s={search_term_string}\"},\"query-input\":{\"@type\":\"PropertyValueSpecification\",\"valueRequired\":true,\"valueName\":\"search_term_string\"}}],\"inLanguage\":\"es\"},{\"@type\":\"Organization\",\"@id\":\"https:\\\/\\\/www.subaru.es\\\/blog\\\/#organization\",\"name\":\"Subaru Espa\u00f1a S.A.\",\"url\":\"https:\\\/\\\/www.subaru.es\\\/blog\\\/\",\"logo\":{\"@type\":\"ImageObject\",\"inLanguage\":\"es\",\"@id\":\"https:\\\/\\\/www.subaru.es\\\/blog\\\/#\\\/schema\\\/logo\\\/image\\\/\",\"url\":\"https:\\\/\\\/www.subaru.es\\\/blog\\\/wp-content\\\/uploads\\\/2016\\\/12\\\/Logo-Subaru-TypeV_C300-scaled.jpg\",\"contentUrl\":\"https:\\\/\\\/www.subaru.es\\\/blog\\\/wp-content\\\/uploads\\\/2016\\\/12\\\/Logo-Subaru-TypeV_C300-scaled.jpg\",\"width\":2560,\"height\":1864,\"caption\":\"Subaru Espa\u00f1a S.A.\"},\"image\":{\"@id\":\"https:\\\/\\\/www.subaru.es\\\/blog\\\/#\\\/schema\\\/logo\\\/image\\\/\"},\"sameAs\":[\"https:\\\/\\\/www.facebook.com\\\/subaruespana\",\"https:\\\/\\\/www.instagram.com\\\/subarues\\\/\",\"https:\\\/\\\/www.youtube.com\\\/user\\\/subaruespana\"]},{\"@type\":\"Person\",\"@id\":\"https:\\\/\\\/www.subaru.es\\\/blog\\\/#\\\/schema\\\/person\\\/19a90b892230b8e0ec752704ddf4aa10\",\"name\":\"Subaru\",\"url\":\"https:\\\/\\\/www.subaru.es\\\/blog\\\/author\\\/subaria\\\/\"}]}<\/script>\n<!-- \/ Yoast SEO plugin. -->","yoast_head_json":{"title":"Presentaciones de Subaru en el Sal\u00f3n Internacional del Motor de Frankfurt - Universo Subaru","robots":{"index":"index","follow":"follow","max-snippet":"max-snippet:-1","max-image-preview":"max-image-preview:large","max-video-preview":"max-video-preview:-1"},"canonical":"https:\/\/www.subaru.es\/blog\/nuestra-marca\/presentaciones-de-subaru-en-el-salon-internacional-del-motor-de-frankfurt\/","og_locale":"es_ES","og_type":"article","og_title":"Presentaciones de Subaru en el Sal\u00f3n Internacional del Motor de Frankfurt - Universo Subaru","og_description":"Fuji Heavy Industries (FHI), fabricante de Subaru, tendr\u00e1 una serie de novedades muy importantes para la marca, durante el transcurso de la pr\u00f3xima edici\u00f3n del Sal\u00f3n del Autom\u00f3vil de Frankfurt, los d\u00edas 11 y 12 de septiembre. Se presentar\u00e1n tres modelos que pronto tendr\u00e1n acogida en el mercado europeo, junto con el prototipo del Subaru [&hellip;]","og_url":"https:\/\/www.subaru.es\/blog\/nuestra-marca\/presentaciones-de-subaru-en-el-salon-internacional-del-motor-de-frankfurt\/","og_site_name":"Universo Subaru","article_publisher":"https:\/\/www.facebook.com\/subaruespana","article_published_time":"2007-09-06T10:47:43+00:00","article_modified_time":"2016-10-17T13:11:39+00:00","og_image":[{"width":400,"height":315,"url":"https:\/\/www.subaru.es\/blog\/wp-content\/uploads\/2007\/09\/imprezasalon.jpg","type":"image\/jpeg"}],"author":"Subaru","twitter_card":"summary_large_image","twitter_misc":{"Escrito por":"Subaru","Tiempo de lectura":"1 minuto"},"schema":{"@context":"https:\/\/schema.org","@graph":[{"@type":"Article","@id":"https:\/\/www.subaru.es\/blog\/nuestra-marca\/presentaciones-de-subaru-en-el-salon-internacional-del-motor-de-frankfurt\/#article","isPartOf":{"@id":"https:\/\/www.subaru.es\/blog\/nuestra-marca\/presentaciones-de-subaru-en-el-salon-internacional-del-motor-de-frankfurt\/"},"author":{"name":"Subaru","@id":"https:\/\/www.subaru.es\/blog\/#\/schema\/person\/19a90b892230b8e0ec752704ddf4aa10"},"headline":"Presentaciones de Subaru en el Sal\u00f3n Internacional del Motor de Frankfurt","datePublished":"2007-09-06T10:47:43+00:00","dateModified":"2016-10-17T13:11:39+00:00","mainEntityOfPage":{"@id":"https:\/\/www.subaru.es\/blog\/nuestra-marca\/presentaciones-de-subaru-en-el-salon-internacional-del-motor-de-frankfurt\/"},"wordCount":296,"commentCount":0,"publisher":{"@id":"https:\/\/www.subaru.es\/blog\/#organization"},"image":{"@id":"https:\/\/www.subaru.es\/blog\/nuestra-marca\/presentaciones-de-subaru-en-el-salon-internacional-del-motor-de-frankfurt\/#primaryimage"},"thumbnailUrl":"https:\/\/www.subaru.es\/blog\/wp-content\/uploads\/2007\/09\/imprezasalon.jpg","articleSection":["Nuestra marca"],"inLanguage":"es","potentialAction":[{"@type":"CommentAction","name":"Comment","target":["https:\/\/www.subaru.es\/blog\/nuestra-marca\/presentaciones-de-subaru-en-el-salon-internacional-del-motor-de-frankfurt\/#respond"]}]},{"@type":"WebPage","@id":"https:\/\/www.subaru.es\/blog\/nuestra-marca\/presentaciones-de-subaru-en-el-salon-internacional-del-motor-de-frankfurt\/","url":"https:\/\/www.subaru.es\/blog\/nuestra-marca\/presentaciones-de-subaru-en-el-salon-internacional-del-motor-de-frankfurt\/","name":"Presentaciones de Subaru en el Sal\u00f3n Internacional del Motor de Frankfurt - Universo Subaru","isPartOf":{"@id":"https:\/\/www.subaru.es\/blog\/#website"},"primaryImageOfPage":{"@id":"https:\/\/www.subaru.es\/blog\/nuestra-marca\/presentaciones-de-subaru-en-el-salon-internacional-del-motor-de-frankfurt\/#primaryimage"},"image":{"@id":"https:\/\/www.subaru.es\/blog\/nuestra-marca\/presentaciones-de-subaru-en-el-salon-internacional-del-motor-de-frankfurt\/#primaryimage"},"thumbnailUrl":"https:\/\/www.subaru.es\/blog\/wp-content\/uploads\/2007\/09\/imprezasalon.jpg","datePublished":"2007-09-06T10:47:43+00:00","dateModified":"2016-10-17T13:11:39+00:00","breadcrumb":{"@id":"https:\/\/www.subaru.es\/blog\/nuestra-marca\/presentaciones-de-subaru-en-el-salon-internacional-del-motor-de-frankfurt\/#breadcrumb"},"inLanguage":"es","potentialAction":[{"@type":"ReadAction","target":["https:\/\/www.subaru.es\/blog\/nuestra-marca\/presentaciones-de-subaru-en-el-salon-internacional-del-motor-de-frankfurt\/"]}]},{"@type":"ImageObject","inLanguage":"es","@id":"https:\/\/www.subaru.es\/blog\/nuestra-marca\/presentaciones-de-subaru-en-el-salon-internacional-del-motor-de-frankfurt\/#primaryimage","url":"https:\/\/www.subaru.es\/blog\/wp-content\/uploads\/2007\/09\/imprezasalon.jpg","contentUrl":"https:\/\/www.subaru.es\/blog\/wp-content\/uploads\/2007\/09\/imprezasalon.jpg","width":400,"height":315},{"@type":"BreadcrumbList","@id":"https:\/\/www.subaru.es\/blog\/nuestra-marca\/presentaciones-de-subaru-en-el-salon-internacional-del-motor-de-frankfurt\/#breadcrumb","itemListElement":[{"@type":"ListItem","position":1,"name":"Portada","item":"https:\/\/www.subaru.es\/blog\/"},{"@type":"ListItem","position":2,"name":"Presentaciones de Subaru en el Sal\u00f3n Internacional del Motor de Frankfurt"}]},{"@type":"WebSite","@id":"https:\/\/www.subaru.es\/blog\/#website","url":"https:\/\/www.subaru.es\/blog\/","name":"Universo Subaru","description":"Descubre este apasionante espacio de Subaru donde vas a conocer todo sobre nuestros coches y las experiencias que vivimos con ellos. Si est\u00e1s preparado para dejarte seducir por la filosof\u00eda Subaru, qu\u00e9date con nosotros.","publisher":{"@id":"https:\/\/www.subaru.es\/blog\/#organization"},"potentialAction":[{"@type":"SearchAction","target":{"@type":"EntryPoint","urlTemplate":"https:\/\/www.subaru.es\/blog\/?s={search_term_string}"},"query-input":{"@type":"PropertyValueSpecification","valueRequired":true,"valueName":"search_term_string"}}],"inLanguage":"es"},{"@type":"Organization","@id":"https:\/\/www.subaru.es\/blog\/#organization","name":"Subaru Espa\u00f1a S.A.","url":"https:\/\/www.subaru.es\/blog\/","logo":{"@type":"ImageObject","inLanguage":"es","@id":"https:\/\/www.subaru.es\/blog\/#\/schema\/logo\/image\/","url":"https:\/\/www.subaru.es\/blog\/wp-content\/uploads\/2016\/12\/Logo-Subaru-TypeV_C300-scaled.jpg","contentUrl":"https:\/\/www.subaru.es\/blog\/wp-content\/uploads\/2016\/12\/Logo-Subaru-TypeV_C300-scaled.jpg","width":2560,"height":1864,"caption":"Subaru Espa\u00f1a S.A."},"image":{"@id":"https:\/\/www.subaru.es\/blog\/#\/schema\/logo\/image\/"},"sameAs":["https:\/\/www.facebook.com\/subaruespana","https:\/\/www.instagram.com\/subarues\/","https:\/\/www.youtube.com\/user\/subaruespana"]},{"@type":"Person","@id":"https:\/\/www.subaru.es\/blog\/#\/schema\/person\/19a90b892230b8e0ec752704ddf4aa10","name":"Subaru","url":"https:\/\/www.subaru.es\/blog\/author\/subaria\/"}]}},"_links":{"self":[{"href":"https:\/\/www.subaru.es\/blog\/wp-json\/wp\/v2\/posts\/22","targetHints":{"allow":["GET"]}}],"collection":[{"href":"https:\/\/www.subaru.es\/blog\/wp-json\/wp\/v2\/posts"}],"about":[{"href":"https:\/\/www.subaru.es\/blog\/wp-json\/wp\/v2\/types\/post"}],"author":[{"embeddable":true,"href":"https:\/\/www.subaru.es\/blog\/wp-json\/wp\/v2\/users\/21"}],"replies":[{"embeddable":true,"href":"https:\/\/www.subaru.es\/blog\/wp-json\/wp\/v2\/comments?post=22"}],"version-history":[{"count":1,"href":"https:\/\/www.subaru.es\/blog\/wp-json\/wp\/v2\/posts\/22\/revisions"}],"predecessor-version":[{"id":15812,"href":"https:\/\/www.subaru.es\/blog\/wp-json\/wp\/v2\/posts\/22\/revisions\/15812"}],"wp:featuredmedia":[{"embeddable":true,"href":"https:\/\/www.subaru.es\/blog\/wp-json\/wp\/v2\/media\/23"}],"wp:attachment":[{"href":"https:\/\/www.subaru.es\/blog\/wp-json\/wp\/v2\/media?parent=22"}],"wp:term":[{"taxonomy":"category","embeddable":true,"href":"https:\/\/www.subaru.es\/blog\/wp-json\/wp\/v2\/categories?post=22"},{"taxonomy":"post_tag","embeddable":true,"href":"https:\/\/www.subaru.es\/blog\/wp-json\/wp\/v2\/tags?post=22"}],"curies":[{"name":"wp","href":"https:\/\/api.w.org\/{rel}","templated":true}]}}