{"id":21933,"date":"2020-07-09T10:16:28","date_gmt":"2020-07-09T08:16:28","guid":{"rendered":"https:\/\/www.subaru.es\/blog\/?p=21933"},"modified":"2020-07-09T10:16:32","modified_gmt":"2020-07-09T08:16:32","slug":"la-gama-hibrida-y-la-gama-eco-glp-suponen-el-85-de-las-ventas-de-subaru-espana","status":"publish","type":"post","link":"https:\/\/www.subaru.es\/blog\/nuestra-marca\/la-gama-hibrida-y-la-gama-eco-glp-suponen-el-85-de-las-ventas-de-subaru-espana\/","title":{"rendered":"La Gama ecoHYBRID y eco GLP suponen el 85% de las ventas de Subaru en Espa\u00f1a"},"content":{"rendered":"\n<p>A finales de 2019 se produjo la llegada a Espa\u00f1a de la <strong>Gama ecoHYBRID<\/strong>. El aterrizaje de la <strong><a href=\"https:\/\/www.subaru.es\/gamaeco-hibridos\">tecnolog\u00eda h\u00edbrida 100% Subaru<\/a><\/strong> ha supuesto que casi el 65% de las matriculaciones Espa\u00f1a en los seis primeros meses de 2020 se correspondan con modelos h\u00edbridos. Si a esto a\u00f1adimos las ventas de <strong><a href=\"https:\/\/www.subaru.es\/gamaeco-glp\/que_es_glp\">modelos bi-fuel<\/a><\/strong> (capaces de funcionar con GLP y gasolina), el 84,72% de los Subaru matriculados en nuestro pa\u00eds en el presente a\u00f1o portan la codiciada <strong>etiqueta ECO<\/strong> de la DGT.<\/p>\n\n\n\n<div class=\"wp-block-image\"><figure class=\"aligncenter size-medium\"><img decoding=\"async\" width=\"560\" height=\"373\" data-src=\"https:\/\/www.subaru.es\/blog\/wp-content\/uploads\/2020\/07\/Bodeg\u00f3n-5-1-560x373.jpg\" alt=\"Gama eco Subaru GLP\" class=\"wp-image-21937 lazyload\" data-srcset=\"https:\/\/www.subaru.es\/blog\/wp-content\/uploads\/2020\/07\/Bodeg\u00f3n-5-1-560x373.jpg 560w, https:\/\/www.subaru.es\/blog\/wp-content\/uploads\/2020\/07\/Bodeg\u00f3n-5-1-1440x960.jpg 1440w, https:\/\/www.subaru.es\/blog\/wp-content\/uploads\/2020\/07\/Bodeg\u00f3n-5-1-768x512.jpg 768w, https:\/\/www.subaru.es\/blog\/wp-content\/uploads\/2020\/07\/Bodeg\u00f3n-5-1-1536x1024.jpg 1536w, https:\/\/www.subaru.es\/blog\/wp-content\/uploads\/2020\/07\/Bodeg\u00f3n-5-1-2048x1365.jpg 2048w\" data-sizes=\"(max-width: 560px) 100vw, 560px\" src=\"data:image\/svg+xml;base64,PHN2ZyB3aWR0aD0iMSIgaGVpZ2h0PSIxIiB4bWxucz0iaHR0cDovL3d3dy53My5vcmcvMjAwMC9zdmciPjwvc3ZnPg==\" style=\"--smush-placeholder-width: 560px; --smush-placeholder-aspect-ratio: 560\/373;\" \/><\/figure><\/div>\n\n\n\n<p>Los <strong>h\u00edbridos autorrecargables<\/strong> de Subaru  realzan las cualidades m\u00e1s valoradas por los <em>subaristas<\/em>. Para que la <a rel=\"noreferrer noopener\" href=\"https:\/\/www.youtube.com\/watch?v=nq5pyA9J0b8\" target=\"_blank\">gama ecoHYBRID<\/a> sea tan Subaru como siempre es necesario que los h\u00edbridos de Subaru lleguen al menos tan lejos y sean tan seguros como lo eran hasta ahora.<\/p>\n\n\n\n<p>En la tecnolog\u00eda e-Boxer de Subaru el <strong>motor el\u00e9ctrico autorrecargable<\/strong> contribuye a una conducci\u00f3n m\u00e1s respetuosa con el medio ambiente y aporta un par extra inmediato muy \u00fatil fuera del asfalto. Otra de las grandes ventajas es <strong>la tracci\u00f3n integral permanente<\/strong> (Symmetrical All Wheel Drive) que otorga a los ocupantes ese extra de <strong><a rel=\"noreferrer noopener\" href=\"https:\/\/www.subaru.es\/seguridad\" target=\"_blank\">seguridad<\/a><\/strong> de saber que, ante una frenada bajo determinadas circunstancias de adherencia, el veh\u00edculo se detendr\u00e1 unos metros antes y, por tanto, en muchas ocasiones evitar\u00e1 el accidente.<\/p>\n\n\n\n<div class=\"wp-block-image\"><figure class=\"aligncenter size-medium\"><img decoding=\"async\" width=\"560\" height=\"373\" data-src=\"https:\/\/www.subaru.es\/blog\/wp-content\/uploads\/2020\/07\/Bodegon-4-1-560x373.jpg\" alt=\"Gama eco Subaru GLP\" class=\"wp-image-21942 lazyload\" data-srcset=\"https:\/\/www.subaru.es\/blog\/wp-content\/uploads\/2020\/07\/Bodegon-4-1-560x373.jpg 560w, https:\/\/www.subaru.es\/blog\/wp-content\/uploads\/2020\/07\/Bodegon-4-1-1440x960.jpg 1440w, https:\/\/www.subaru.es\/blog\/wp-content\/uploads\/2020\/07\/Bodegon-4-1-768x512.jpg 768w, https:\/\/www.subaru.es\/blog\/wp-content\/uploads\/2020\/07\/Bodegon-4-1-1536x1024.jpg 1536w, https:\/\/www.subaru.es\/blog\/wp-content\/uploads\/2020\/07\/Bodegon-4-1-2048x1366.jpg 2048w\" data-sizes=\"(max-width: 560px) 100vw, 560px\" src=\"data:image\/svg+xml;base64,PHN2ZyB3aWR0aD0iMSIgaGVpZ2h0PSIxIiB4bWxucz0iaHR0cDovL3d3dy53My5vcmcvMjAwMC9zdmciPjwvc3ZnPg==\" style=\"--smush-placeholder-width: 560px; --smush-placeholder-aspect-ratio: 560\/373;\" \/><\/figure><\/div>\n\n\n\n<p><strong>Gama GLP: <\/strong><strong>Impreza, XV, Levorg y Outback bi-fuel, tambi\u00e9n con etiqueta ECO<\/strong><strong><\/strong><\/p>\n\n\n\n<p>Nuestro compromiso con la <strong>protecci\u00f3n del medioambiente<\/strong> no es cosa exclusiva de la gama h\u00edbrida, ya que desde hace a\u00f1os apostamos por los <a href=\"https:\/\/www.subaru.es\/blog\/nuestra-marca\/gama-subaru-glp-ecohybrid\/\">veh\u00edculos bi-fuel<\/a> (capaces de funcionar tanto con gasolina como con Gas Licuado de Petr\u00f3leo, GLP), que contribuyen a la<strong> mejora de la calidad del aire<\/strong> por sus bajas emisiones de part\u00edculas, di\u00f3xidos de nitr\u00f3geno y CO<sub>2<\/sub>.<\/p>\n\n\n\n<div class=\"wp-block-image\"><figure class=\"aligncenter size-medium\"><img decoding=\"async\" width=\"560\" height=\"373\" data-src=\"https:\/\/www.subaru.es\/blog\/wp-content\/uploads\/2020\/07\/dinamicas-6-560x373.jpg\" alt=\"Subaru Outback GLP\" class=\"wp-image-21946 lazyload\" data-srcset=\"https:\/\/www.subaru.es\/blog\/wp-content\/uploads\/2020\/07\/dinamicas-6-560x373.jpg 560w, https:\/\/www.subaru.es\/blog\/wp-content\/uploads\/2020\/07\/dinamicas-6-1440x960.jpg 1440w, https:\/\/www.subaru.es\/blog\/wp-content\/uploads\/2020\/07\/dinamicas-6-768x512.jpg 768w, https:\/\/www.subaru.es\/blog\/wp-content\/uploads\/2020\/07\/dinamicas-6-1536x1024.jpg 1536w, https:\/\/www.subaru.es\/blog\/wp-content\/uploads\/2020\/07\/dinamicas-6-2048x1365.jpg 2048w\" data-sizes=\"(max-width: 560px) 100vw, 560px\" src=\"data:image\/svg+xml;base64,PHN2ZyB3aWR0aD0iMSIgaGVpZ2h0PSIxIiB4bWxucz0iaHR0cDovL3d3dy53My5vcmcvMjAwMC9zdmciPjwvc3ZnPg==\" style=\"--smush-placeholder-width: 560px; --smush-placeholder-aspect-ratio: 560\/373;\" \/><\/figure><\/div>\n\n\n\n<p>Gracias a la <strong>gama ECO de Subaru<\/strong>, casi el 85% de los clientes que apostaron por los modelos m\u00e1s ecol\u00f3gicos de la gama pueden circular sin limitaciones por el centro de las ciudades y acceden a descuentos en las zonas de aparcamiento regulado, en los impuestos municipales de circulaci\u00f3n y en peajes de determinados municipios. Adem\u00e1s, ahora Subaru Espa\u00f1a de la mano de <strong>Santander Consumer Finance ofrece m\u00e1s facilidades de financiaci\u00f3n que nunca,<\/strong> al posibilitar adquirir cualquier modelo de la gama y <a rel=\"noreferrer noopener\" href=\"https:\/\/www.youtube.com\/watch?v=x4Of9dzmr6E\" target=\"_blank\">aplazar el pago de la primera cuota hasta enero de 2021<\/a>.<\/p>\n\n\n\n<div class=\"wp-block-image\"><figure class=\"aligncenter size-medium\"><img decoding=\"async\" width=\"560\" height=\"373\" data-src=\"https:\/\/www.subaru.es\/blog\/wp-content\/uploads\/2020\/07\/dinamicas-5-560x373.jpg\" alt=\"Subaru XV GLP\" class=\"wp-image-21947 lazyload\" data-srcset=\"https:\/\/www.subaru.es\/blog\/wp-content\/uploads\/2020\/07\/dinamicas-5-560x373.jpg 560w, https:\/\/www.subaru.es\/blog\/wp-content\/uploads\/2020\/07\/dinamicas-5-1440x960.jpg 1440w, https:\/\/www.subaru.es\/blog\/wp-content\/uploads\/2020\/07\/dinamicas-5-768x512.jpg 768w, https:\/\/www.subaru.es\/blog\/wp-content\/uploads\/2020\/07\/dinamicas-5-1536x1024.jpg 1536w, https:\/\/www.subaru.es\/blog\/wp-content\/uploads\/2020\/07\/dinamicas-5-2048x1365.jpg 2048w\" data-sizes=\"(max-width: 560px) 100vw, 560px\" src=\"data:image\/svg+xml;base64,PHN2ZyB3aWR0aD0iMSIgaGVpZ2h0PSIxIiB4bWxucz0iaHR0cDovL3d3dy53My5vcmcvMjAwMC9zdmciPjwvc3ZnPg==\" style=\"--smush-placeholder-width: 560px; --smush-placeholder-aspect-ratio: 560\/373;\" \/><\/figure><\/div>\n\n\n\n<p><strong>El camino hacia la electrificaci\u00f3n<\/strong> no ha hecho sino empezar. En esta conversi\u00f3n jugar\u00e1 un papel trascendental el acuerdo firmado en 2019 entre <strong>Toyota Motor Corporation<\/strong> y <strong>Subaru Corporation<\/strong> para desarrollar conjuntamente una plataforma destinada a veh\u00edculos el\u00e9ctricos de tama\u00f1o mediano y grande, as\u00ed como un nuevo SUV el\u00e9ctrico del segmento C que ser\u00e1 comercializado por ambas marcas.<\/p>\n","protected":false},"excerpt":{"rendered":"<p>La Gama H\u00edbrida y la Gama eco GLP suponen el 85% de las ventas de Subaru Espa\u00f1a<\/p>\n","protected":false},"author":21,"featured_media":21939,"comment_status":"open","ping_status":"closed","sticky":false,"template":"","format":"standard","meta":{"_acf_changed":false,"_eb_attr":"","inline_featured_image":false,"footnotes":""},"categories":[4401],"tags":[5106,3381,5111,5118,4575,4390,64,5094,4945,5119,1076,5083,4943],"class_list":["post-21933","post","type-post","status-publish","format-standard","has-post-thumbnail","hentry","category-nuestra-marca","tag-coches-eco","tag-coches-hibridos","tag-gama-eco-glp","tag-gama-eco-subaru","tag-seguridad-subaru","tag-subaru","tag-subaru-espana","tag-subaru-forester-ecohybrid","tag-subaru-impreza-glp","tag-subaru-levorg-glp","tag-subaru-outback","tag-subaru-xv-ecohybrid","tag-subaru-xv-glp"],"acf":[],"yoast_head":"<!-- This site is optimized with the Yoast SEO plugin v27.3 - https:\/\/yoast.com\/product\/yoast-seo-wordpress\/ -->\n<title>La Gama ecoHYBRID y eco GLP suponen el 85% de las ventas de Subaru en Espa\u00f1a - Universo Subaru<\/title>\n<meta name=\"robots\" content=\"index, follow, max-snippet:-1, max-image-preview:large, max-video-preview:-1\" \/>\n<link rel=\"canonical\" href=\"https:\/\/www.subaru.es\/blog\/nuestra-marca\/la-gama-hibrida-y-la-gama-eco-glp-suponen-el-85-de-las-ventas-de-subaru-espana\/\" \/>\n<meta property=\"og:locale\" content=\"es_ES\" \/>\n<meta property=\"og:type\" content=\"article\" \/>\n<meta property=\"og:title\" content=\"La Gama ecoHYBRID y eco GLP suponen el 85% de las ventas de Subaru en Espa\u00f1a - Universo Subaru\" \/>\n<meta property=\"og:description\" content=\"La Gama H\u00edbrida y la Gama eco GLP suponen el 85% de las ventas de Subaru Espa\u00f1a\" \/>\n<meta property=\"og:url\" content=\"https:\/\/www.subaru.es\/blog\/nuestra-marca\/la-gama-hibrida-y-la-gama-eco-glp-suponen-el-85-de-las-ventas-de-subaru-espana\/\" \/>\n<meta property=\"og:site_name\" content=\"Universo Subaru\" \/>\n<meta property=\"article:publisher\" content=\"https:\/\/www.facebook.com\/subaruespana\" \/>\n<meta property=\"article:published_time\" content=\"2020-07-09T08:16:28+00:00\" \/>\n<meta property=\"article:modified_time\" content=\"2020-07-09T08:16:32+00:00\" \/>\n<meta property=\"og:image\" content=\"https:\/\/www.subaru.es\/blog\/wp-content\/uploads\/2020\/07\/dinamicas-1-1440x960.jpg\" \/>\n\t<meta property=\"og:image:width\" content=\"1440\" \/>\n\t<meta property=\"og:image:height\" content=\"960\" \/>\n\t<meta property=\"og:image:type\" content=\"image\/jpeg\" \/>\n<meta name=\"author\" content=\"Subaru\" \/>\n<meta name=\"twitter:card\" content=\"summary_large_image\" \/>\n<meta name=\"twitter:label1\" content=\"Escrito por\" \/>\n\t<meta name=\"twitter:data1\" content=\"Subaru\" \/>\n\t<meta name=\"twitter:label2\" content=\"Tiempo de lectura\" \/>\n\t<meta name=\"twitter:data2\" content=\"2 minutos\" \/>\n<script type=\"application\/ld+json\" class=\"yoast-schema-graph\">{\"@context\":\"https:\\\/\\\/schema.org\",\"@graph\":[{\"@type\":\"Article\",\"@id\":\"https:\\\/\\\/www.subaru.es\\\/blog\\\/nuestra-marca\\\/la-gama-hibrida-y-la-gama-eco-glp-suponen-el-85-de-las-ventas-de-subaru-espana\\\/#article\",\"isPartOf\":{\"@id\":\"https:\\\/\\\/www.subaru.es\\\/blog\\\/nuestra-marca\\\/la-gama-hibrida-y-la-gama-eco-glp-suponen-el-85-de-las-ventas-de-subaru-espana\\\/\"},\"author\":{\"name\":\"Subaru\",\"@id\":\"https:\\\/\\\/www.subaru.es\\\/blog\\\/#\\\/schema\\\/person\\\/19a90b892230b8e0ec752704ddf4aa10\"},\"headline\":\"La Gama ecoHYBRID y eco GLP suponen el 85% de las ventas de Subaru en Espa\u00f1a\",\"datePublished\":\"2020-07-09T08:16:28+00:00\",\"dateModified\":\"2020-07-09T08:16:32+00:00\",\"mainEntityOfPage\":{\"@id\":\"https:\\\/\\\/www.subaru.es\\\/blog\\\/nuestra-marca\\\/la-gama-hibrida-y-la-gama-eco-glp-suponen-el-85-de-las-ventas-de-subaru-espana\\\/\"},\"wordCount\":475,\"commentCount\":0,\"publisher\":{\"@id\":\"https:\\\/\\\/www.subaru.es\\\/blog\\\/#organization\"},\"image\":{\"@id\":\"https:\\\/\\\/www.subaru.es\\\/blog\\\/nuestra-marca\\\/la-gama-hibrida-y-la-gama-eco-glp-suponen-el-85-de-las-ventas-de-subaru-espana\\\/#primaryimage\"},\"thumbnailUrl\":\"https:\\\/\\\/www.subaru.es\\\/blog\\\/wp-content\\\/uploads\\\/2020\\\/07\\\/dinamicas-1-scaled.jpg\",\"keywords\":[\"coches eco\",\"Coches h\u00edbridos\",\"Gama eco GLP\",\"Gama eco Subaru\",\"Seguridad Subaru\",\"Subaru\",\"subaru espa\u00f1a\",\"Subaru Forester ecoHYBRID\",\"Subaru Impreza GLP\",\"Subaru Levorg GLP\",\"subaru outback\",\"Subaru XV ecoHYBRID\",\"Subaru xv glp\"],\"articleSection\":[\"Nuestra marca\"],\"inLanguage\":\"es\",\"potentialAction\":[{\"@type\":\"CommentAction\",\"name\":\"Comment\",\"target\":[\"https:\\\/\\\/www.subaru.es\\\/blog\\\/nuestra-marca\\\/la-gama-hibrida-y-la-gama-eco-glp-suponen-el-85-de-las-ventas-de-subaru-espana\\\/#respond\"]}]},{\"@type\":\"WebPage\",\"@id\":\"https:\\\/\\\/www.subaru.es\\\/blog\\\/nuestra-marca\\\/la-gama-hibrida-y-la-gama-eco-glp-suponen-el-85-de-las-ventas-de-subaru-espana\\\/\",\"url\":\"https:\\\/\\\/www.subaru.es\\\/blog\\\/nuestra-marca\\\/la-gama-hibrida-y-la-gama-eco-glp-suponen-el-85-de-las-ventas-de-subaru-espana\\\/\",\"name\":\"La Gama ecoHYBRID y eco GLP suponen el 85% de las ventas de Subaru en Espa\u00f1a - Universo Subaru\",\"isPartOf\":{\"@id\":\"https:\\\/\\\/www.subaru.es\\\/blog\\\/#website\"},\"primaryImageOfPage\":{\"@id\":\"https:\\\/\\\/www.subaru.es\\\/blog\\\/nuestra-marca\\\/la-gama-hibrida-y-la-gama-eco-glp-suponen-el-85-de-las-ventas-de-subaru-espana\\\/#primaryimage\"},\"image\":{\"@id\":\"https:\\\/\\\/www.subaru.es\\\/blog\\\/nuestra-marca\\\/la-gama-hibrida-y-la-gama-eco-glp-suponen-el-85-de-las-ventas-de-subaru-espana\\\/#primaryimage\"},\"thumbnailUrl\":\"https:\\\/\\\/www.subaru.es\\\/blog\\\/wp-content\\\/uploads\\\/2020\\\/07\\\/dinamicas-1-scaled.jpg\",\"datePublished\":\"2020-07-09T08:16:28+00:00\",\"dateModified\":\"2020-07-09T08:16:32+00:00\",\"breadcrumb\":{\"@id\":\"https:\\\/\\\/www.subaru.es\\\/blog\\\/nuestra-marca\\\/la-gama-hibrida-y-la-gama-eco-glp-suponen-el-85-de-las-ventas-de-subaru-espana\\\/#breadcrumb\"},\"inLanguage\":\"es\",\"potentialAction\":[{\"@type\":\"ReadAction\",\"target\":[\"https:\\\/\\\/www.subaru.es\\\/blog\\\/nuestra-marca\\\/la-gama-hibrida-y-la-gama-eco-glp-suponen-el-85-de-las-ventas-de-subaru-espana\\\/\"]}]},{\"@type\":\"ImageObject\",\"inLanguage\":\"es\",\"@id\":\"https:\\\/\\\/www.subaru.es\\\/blog\\\/nuestra-marca\\\/la-gama-hibrida-y-la-gama-eco-glp-suponen-el-85-de-las-ventas-de-subaru-espana\\\/#primaryimage\",\"url\":\"https:\\\/\\\/www.subaru.es\\\/blog\\\/wp-content\\\/uploads\\\/2020\\\/07\\\/dinamicas-1-scaled.jpg\",\"contentUrl\":\"https:\\\/\\\/www.subaru.es\\\/blog\\\/wp-content\\\/uploads\\\/2020\\\/07\\\/dinamicas-1-scaled.jpg\",\"width\":2560,\"height\":1707,\"caption\":\"Gama Subaru eco GLP\"},{\"@type\":\"BreadcrumbList\",\"@id\":\"https:\\\/\\\/www.subaru.es\\\/blog\\\/nuestra-marca\\\/la-gama-hibrida-y-la-gama-eco-glp-suponen-el-85-de-las-ventas-de-subaru-espana\\\/#breadcrumb\",\"itemListElement\":[{\"@type\":\"ListItem\",\"position\":1,\"name\":\"Portada\",\"item\":\"https:\\\/\\\/www.subaru.es\\\/blog\\\/\"},{\"@type\":\"ListItem\",\"position\":2,\"name\":\"La Gama ecoHYBRID y eco GLP suponen el 85% de las ventas de Subaru en Espa\u00f1a\"}]},{\"@type\":\"WebSite\",\"@id\":\"https:\\\/\\\/www.subaru.es\\\/blog\\\/#website\",\"url\":\"https:\\\/\\\/www.subaru.es\\\/blog\\\/\",\"name\":\"Universo Subaru\",\"description\":\"Descubre este apasionante espacio de Subaru donde vas a conocer todo sobre nuestros coches y las experiencias que vivimos con ellos. Si est\u00e1s preparado para dejarte seducir por la filosof\u00eda Subaru, qu\u00e9date con nosotros.\",\"publisher\":{\"@id\":\"https:\\\/\\\/www.subaru.es\\\/blog\\\/#organization\"},\"potentialAction\":[{\"@type\":\"SearchAction\",\"target\":{\"@type\":\"EntryPoint\",\"urlTemplate\":\"https:\\\/\\\/www.subaru.es\\\/blog\\\/?s={search_term_string}\"},\"query-input\":{\"@type\":\"PropertyValueSpecification\",\"valueRequired\":true,\"valueName\":\"search_term_string\"}}],\"inLanguage\":\"es\"},{\"@type\":\"Organization\",\"@id\":\"https:\\\/\\\/www.subaru.es\\\/blog\\\/#organization\",\"name\":\"Subaru Espa\u00f1a S.A.\",\"url\":\"https:\\\/\\\/www.subaru.es\\\/blog\\\/\",\"logo\":{\"@type\":\"ImageObject\",\"inLanguage\":\"es\",\"@id\":\"https:\\\/\\\/www.subaru.es\\\/blog\\\/#\\\/schema\\\/logo\\\/image\\\/\",\"url\":\"https:\\\/\\\/www.subaru.es\\\/blog\\\/wp-content\\\/uploads\\\/2016\\\/12\\\/Logo-Subaru-TypeV_C300-scaled.jpg\",\"contentUrl\":\"https:\\\/\\\/www.subaru.es\\\/blog\\\/wp-content\\\/uploads\\\/2016\\\/12\\\/Logo-Subaru-TypeV_C300-scaled.jpg\",\"width\":2560,\"height\":1864,\"caption\":\"Subaru Espa\u00f1a S.A.\"},\"image\":{\"@id\":\"https:\\\/\\\/www.subaru.es\\\/blog\\\/#\\\/schema\\\/logo\\\/image\\\/\"},\"sameAs\":[\"https:\\\/\\\/www.facebook.com\\\/subaruespana\",\"https:\\\/\\\/www.instagram.com\\\/subarues\\\/\",\"https:\\\/\\\/www.youtube.com\\\/user\\\/subaruespana\"]},{\"@type\":\"Person\",\"@id\":\"https:\\\/\\\/www.subaru.es\\\/blog\\\/#\\\/schema\\\/person\\\/19a90b892230b8e0ec752704ddf4aa10\",\"name\":\"Subaru\",\"url\":\"https:\\\/\\\/www.subaru.es\\\/blog\\\/author\\\/subaria\\\/\"}]}<\/script>\n<!-- \/ Yoast SEO plugin. -->","yoast_head_json":{"title":"La Gama ecoHYBRID y eco GLP suponen el 85% de las ventas de Subaru en Espa\u00f1a - Universo Subaru","robots":{"index":"index","follow":"follow","max-snippet":"max-snippet:-1","max-image-preview":"max-image-preview:large","max-video-preview":"max-video-preview:-1"},"canonical":"https:\/\/www.subaru.es\/blog\/nuestra-marca\/la-gama-hibrida-y-la-gama-eco-glp-suponen-el-85-de-las-ventas-de-subaru-espana\/","og_locale":"es_ES","og_type":"article","og_title":"La Gama ecoHYBRID y eco GLP suponen el 85% de las ventas de Subaru en Espa\u00f1a - Universo Subaru","og_description":"La Gama H\u00edbrida y la Gama eco GLP suponen el 85% de las ventas de Subaru Espa\u00f1a","og_url":"https:\/\/www.subaru.es\/blog\/nuestra-marca\/la-gama-hibrida-y-la-gama-eco-glp-suponen-el-85-de-las-ventas-de-subaru-espana\/","og_site_name":"Universo Subaru","article_publisher":"https:\/\/www.facebook.com\/subaruespana","article_published_time":"2020-07-09T08:16:28+00:00","article_modified_time":"2020-07-09T08:16:32+00:00","og_image":[{"width":1440,"height":960,"url":"https:\/\/www.subaru.es\/blog\/wp-content\/uploads\/2020\/07\/dinamicas-1-1440x960.jpg","type":"image\/jpeg"}],"author":"Subaru","twitter_card":"summary_large_image","twitter_misc":{"Escrito por":"Subaru","Tiempo de lectura":"2 minutos"},"schema":{"@context":"https:\/\/schema.org","@graph":[{"@type":"Article","@id":"https:\/\/www.subaru.es\/blog\/nuestra-marca\/la-gama-hibrida-y-la-gama-eco-glp-suponen-el-85-de-las-ventas-de-subaru-espana\/#article","isPartOf":{"@id":"https:\/\/www.subaru.es\/blog\/nuestra-marca\/la-gama-hibrida-y-la-gama-eco-glp-suponen-el-85-de-las-ventas-de-subaru-espana\/"},"author":{"name":"Subaru","@id":"https:\/\/www.subaru.es\/blog\/#\/schema\/person\/19a90b892230b8e0ec752704ddf4aa10"},"headline":"La Gama ecoHYBRID y eco GLP suponen el 85% de las ventas de Subaru en Espa\u00f1a","datePublished":"2020-07-09T08:16:28+00:00","dateModified":"2020-07-09T08:16:32+00:00","mainEntityOfPage":{"@id":"https:\/\/www.subaru.es\/blog\/nuestra-marca\/la-gama-hibrida-y-la-gama-eco-glp-suponen-el-85-de-las-ventas-de-subaru-espana\/"},"wordCount":475,"commentCount":0,"publisher":{"@id":"https:\/\/www.subaru.es\/blog\/#organization"},"image":{"@id":"https:\/\/www.subaru.es\/blog\/nuestra-marca\/la-gama-hibrida-y-la-gama-eco-glp-suponen-el-85-de-las-ventas-de-subaru-espana\/#primaryimage"},"thumbnailUrl":"https:\/\/www.subaru.es\/blog\/wp-content\/uploads\/2020\/07\/dinamicas-1-scaled.jpg","keywords":["coches eco","Coches h\u00edbridos","Gama eco GLP","Gama eco Subaru","Seguridad Subaru","Subaru","subaru espa\u00f1a","Subaru Forester ecoHYBRID","Subaru Impreza GLP","Subaru Levorg GLP","subaru outback","Subaru XV ecoHYBRID","Subaru xv glp"],"articleSection":["Nuestra marca"],"inLanguage":"es","potentialAction":[{"@type":"CommentAction","name":"Comment","target":["https:\/\/www.subaru.es\/blog\/nuestra-marca\/la-gama-hibrida-y-la-gama-eco-glp-suponen-el-85-de-las-ventas-de-subaru-espana\/#respond"]}]},{"@type":"WebPage","@id":"https:\/\/www.subaru.es\/blog\/nuestra-marca\/la-gama-hibrida-y-la-gama-eco-glp-suponen-el-85-de-las-ventas-de-subaru-espana\/","url":"https:\/\/www.subaru.es\/blog\/nuestra-marca\/la-gama-hibrida-y-la-gama-eco-glp-suponen-el-85-de-las-ventas-de-subaru-espana\/","name":"La Gama ecoHYBRID y eco GLP suponen el 85% de las ventas de Subaru en Espa\u00f1a - Universo Subaru","isPartOf":{"@id":"https:\/\/www.subaru.es\/blog\/#website"},"primaryImageOfPage":{"@id":"https:\/\/www.subaru.es\/blog\/nuestra-marca\/la-gama-hibrida-y-la-gama-eco-glp-suponen-el-85-de-las-ventas-de-subaru-espana\/#primaryimage"},"image":{"@id":"https:\/\/www.subaru.es\/blog\/nuestra-marca\/la-gama-hibrida-y-la-gama-eco-glp-suponen-el-85-de-las-ventas-de-subaru-espana\/#primaryimage"},"thumbnailUrl":"https:\/\/www.subaru.es\/blog\/wp-content\/uploads\/2020\/07\/dinamicas-1-scaled.jpg","datePublished":"2020-07-09T08:16:28+00:00","dateModified":"2020-07-09T08:16:32+00:00","breadcrumb":{"@id":"https:\/\/www.subaru.es\/blog\/nuestra-marca\/la-gama-hibrida-y-la-gama-eco-glp-suponen-el-85-de-las-ventas-de-subaru-espana\/#breadcrumb"},"inLanguage":"es","potentialAction":[{"@type":"ReadAction","target":["https:\/\/www.subaru.es\/blog\/nuestra-marca\/la-gama-hibrida-y-la-gama-eco-glp-suponen-el-85-de-las-ventas-de-subaru-espana\/"]}]},{"@type":"ImageObject","inLanguage":"es","@id":"https:\/\/www.subaru.es\/blog\/nuestra-marca\/la-gama-hibrida-y-la-gama-eco-glp-suponen-el-85-de-las-ventas-de-subaru-espana\/#primaryimage","url":"https:\/\/www.subaru.es\/blog\/wp-content\/uploads\/2020\/07\/dinamicas-1-scaled.jpg","contentUrl":"https:\/\/www.subaru.es\/blog\/wp-content\/uploads\/2020\/07\/dinamicas-1-scaled.jpg","width":2560,"height":1707,"caption":"Gama Subaru eco GLP"},{"@type":"BreadcrumbList","@id":"https:\/\/www.subaru.es\/blog\/nuestra-marca\/la-gama-hibrida-y-la-gama-eco-glp-suponen-el-85-de-las-ventas-de-subaru-espana\/#breadcrumb","itemListElement":[{"@type":"ListItem","position":1,"name":"Portada","item":"https:\/\/www.subaru.es\/blog\/"},{"@type":"ListItem","position":2,"name":"La Gama ecoHYBRID y eco GLP suponen el 85% de las ventas de Subaru en Espa\u00f1a"}]},{"@type":"WebSite","@id":"https:\/\/www.subaru.es\/blog\/#website","url":"https:\/\/www.subaru.es\/blog\/","name":"Universo Subaru","description":"Descubre este apasionante espacio de Subaru donde vas a conocer todo sobre nuestros coches y las experiencias que vivimos con ellos. Si est\u00e1s preparado para dejarte seducir por la filosof\u00eda Subaru, qu\u00e9date con nosotros.","publisher":{"@id":"https:\/\/www.subaru.es\/blog\/#organization"},"potentialAction":[{"@type":"SearchAction","target":{"@type":"EntryPoint","urlTemplate":"https:\/\/www.subaru.es\/blog\/?s={search_term_string}"},"query-input":{"@type":"PropertyValueSpecification","valueRequired":true,"valueName":"search_term_string"}}],"inLanguage":"es"},{"@type":"Organization","@id":"https:\/\/www.subaru.es\/blog\/#organization","name":"Subaru Espa\u00f1a S.A.","url":"https:\/\/www.subaru.es\/blog\/","logo":{"@type":"ImageObject","inLanguage":"es","@id":"https:\/\/www.subaru.es\/blog\/#\/schema\/logo\/image\/","url":"https:\/\/www.subaru.es\/blog\/wp-content\/uploads\/2016\/12\/Logo-Subaru-TypeV_C300-scaled.jpg","contentUrl":"https:\/\/www.subaru.es\/blog\/wp-content\/uploads\/2016\/12\/Logo-Subaru-TypeV_C300-scaled.jpg","width":2560,"height":1864,"caption":"Subaru Espa\u00f1a S.A."},"image":{"@id":"https:\/\/www.subaru.es\/blog\/#\/schema\/logo\/image\/"},"sameAs":["https:\/\/www.facebook.com\/subaruespana","https:\/\/www.instagram.com\/subarues\/","https:\/\/www.youtube.com\/user\/subaruespana"]},{"@type":"Person","@id":"https:\/\/www.subaru.es\/blog\/#\/schema\/person\/19a90b892230b8e0ec752704ddf4aa10","name":"Subaru","url":"https:\/\/www.subaru.es\/blog\/author\/subaria\/"}]}},"_links":{"self":[{"href":"https:\/\/www.subaru.es\/blog\/wp-json\/wp\/v2\/posts\/21933","targetHints":{"allow":["GET"]}}],"collection":[{"href":"https:\/\/www.subaru.es\/blog\/wp-json\/wp\/v2\/posts"}],"about":[{"href":"https:\/\/www.subaru.es\/blog\/wp-json\/wp\/v2\/types\/post"}],"author":[{"embeddable":true,"href":"https:\/\/www.subaru.es\/blog\/wp-json\/wp\/v2\/users\/21"}],"replies":[{"embeddable":true,"href":"https:\/\/www.subaru.es\/blog\/wp-json\/wp\/v2\/comments?post=21933"}],"version-history":[{"count":8,"href":"https:\/\/www.subaru.es\/blog\/wp-json\/wp\/v2\/posts\/21933\/revisions"}],"predecessor-version":[{"id":22726,"href":"https:\/\/www.subaru.es\/blog\/wp-json\/wp\/v2\/posts\/21933\/revisions\/22726"}],"wp:featuredmedia":[{"embeddable":true,"href":"https:\/\/www.subaru.es\/blog\/wp-json\/wp\/v2\/media\/21939"}],"wp:attachment":[{"href":"https:\/\/www.subaru.es\/blog\/wp-json\/wp\/v2\/media?parent=21933"}],"wp:term":[{"taxonomy":"category","embeddable":true,"href":"https:\/\/www.subaru.es\/blog\/wp-json\/wp\/v2\/categories?post=21933"},{"taxonomy":"post_tag","embeddable":true,"href":"https:\/\/www.subaru.es\/blog\/wp-json\/wp\/v2\/tags?post=21933"}],"curies":[{"name":"wp","href":"https:\/\/api.w.org\/{rel}","templated":true}]}}