{"id":21917,"date":"2020-07-02T14:41:20","date_gmt":"2020-07-02T12:41:20","guid":{"rendered":"https:\/\/www.subaru.es\/blog\/?p=21917"},"modified":"2020-07-02T14:54:38","modified_gmt":"2020-07-02T12:54:38","slug":"coches-hibridos-evolucion-subaru","status":"publish","type":"post","link":"https:\/\/www.subaru.es\/blog\/nuestra-marca\/coches-hibridos-evolucion-subaru\/","title":{"rendered":"Nuestros coches h\u00edbridos: La evoluci\u00f3n de Subaru"},"content":{"rendered":"\n<p><strong>Nuestro compromiso con el medio ambiente es algo que nos ha llevado a evolucionar<\/strong> de una manera natural en este \u00faltimo a\u00f1o y a adaptar nuestros veh\u00edculos a las necesidades no solo de los que disfrutan de la conducci\u00f3n, sino de los que llevan un estilo de vida ECO, que se preocupan por la naturaleza.\u00a0<\/p>\n\n\n\n<figure class=\"wp-block-embed-youtube aligncenter wp-block-embed is-type-video is-provider-youtube wp-embed-aspect-16-9 wp-has-aspect-ratio\"><div class=\"wp-block-embed__wrapper\">\n<iframe title=\"Subaru | Gama Subaru ecoHYBRID, la evoluci\u00f3n est\u00e1 en ti\" width=\"800\" height=\"450\" data-src=\"https:\/\/www.youtube.com\/embed\/_UJrrGBn45Y?feature=oembed\" frameborder=\"0\" allow=\"accelerometer; autoplay; clipboard-write; encrypted-media; gyroscope; picture-in-picture; web-share\" referrerpolicy=\"strict-origin-when-cross-origin\" allowfullscreen src=\"data:image\/svg+xml;base64,PHN2ZyB3aWR0aD0iMSIgaGVpZ2h0PSIxIiB4bWxucz0iaHR0cDovL3d3dy53My5vcmcvMjAwMC9zdmciPjwvc3ZnPg==\" class=\"lazyload\" data-load-mode=\"1\"><\/iframe>\n<\/div><\/figure>\n\n\n\n<p>Esta evoluci\u00f3n natural nos ha llevado a sumar a los valores de <strong>seguridad, resistencia y diversi\u00f3n <\/strong>presentes en nuestra filosof\u00eda, el de la sostenibilidad y el compromiso con el medio ambiente.<\/p>\n\n\n\n<p>Afortunadamente, entre todos estamos logrando ese cambio necesario. Cada vez hay m\u00e1s gente comprometida, con un estilo de vida m\u00e1s sostenible, que ha evolucionado como persona y reflexiona acerca de lo que puede hacer para contribuir a tener un mundo mejor, y cuidarlo, sobre todo de cara a las futuras generaciones.<\/p>\n\n\n\n<p>Precisamente, <strong>esa evoluci\u00f3n y compromiso nos ha llevado al desarrollo de nuestra gama h\u00edbrida.<\/strong><\/p>\n\n\n\n<h3 class=\"wp-block-heading\">El compromiso de una gama h\u00edbrida: Forester y Subaru XV<\/h3>\n\n\n\n<figure class=\"wp-block-image size-large\"><img decoding=\"async\" width=\"1440\" height=\"935\" data-src=\"https:\/\/www.subaru.es\/blog\/wp-content\/uploads\/2020\/06\/DSC6465-Redigera_LoRes_RGB-1440x935.jpg\" alt=\"Gama H\u00edbrida Subaru\" class=\"wp-image-21921 lazyload\" data-srcset=\"https:\/\/www.subaru.es\/blog\/wp-content\/uploads\/2020\/06\/DSC6465-Redigera_LoRes_RGB-1440x935.jpg 1440w, https:\/\/www.subaru.es\/blog\/wp-content\/uploads\/2020\/06\/DSC6465-Redigera_LoRes_RGB-560x364.jpg 560w, https:\/\/www.subaru.es\/blog\/wp-content\/uploads\/2020\/06\/DSC6465-Redigera_LoRes_RGB-768x499.jpg 768w, https:\/\/www.subaru.es\/blog\/wp-content\/uploads\/2020\/06\/DSC6465-Redigera_LoRes_RGB.jpg 1515w\" data-sizes=\"(max-width: 1440px) 100vw, 1440px\" src=\"data:image\/svg+xml;base64,PHN2ZyB3aWR0aD0iMSIgaGVpZ2h0PSIxIiB4bWxucz0iaHR0cDovL3d3dy53My5vcmcvMjAwMC9zdmciPjwvc3ZnPg==\" style=\"--smush-placeholder-width: 1440px; --smush-placeholder-aspect-ratio: 1440\/935;\" \/><\/figure>\n\n\n\n<p><a href=\"https:\/\/www.subaru.es\/gamaeco-hibridos\" target=\"_blank\" rel=\"noreferrer noopener\">Nuestra gama h\u00edbrida<\/a> est\u00e1 cumpliendo con todas las expectativas de <strong>conducci\u00f3n, seguridad y, por supuesto, de respeto por la sostenibilidad.\u00a0<\/strong><\/p>\n\n\n\n<p>Nuestros nuevos<strong> modelos <em>ecoHYBRID<\/em><\/strong>, tanto <a href=\"https:\/\/www.subaru.es\/vehiculos\/forester\" target=\"_blank\" rel=\"noreferrer noopener\">Forester<\/a> como <a href=\"https:\/\/www.subaru.es\/vehiculos\/xv\" target=\"_blank\" rel=\"noreferrer noopener\">Subaru XV<\/a>, van un paso m\u00e1s all\u00e1 en lo que a tecnolog\u00eda se refiere. Ambos comparten <a href=\"https:\/\/www.subaru.es\/tecnologia\" target=\"_blank\" rel=\"noreferrer noopener\">tecnolog\u00eda propia<\/a>, nuestro motor e-Boxer, una motorizaci\u00f3n m\u00e1s respetuosa con el medio ambiente, gracias a sus bajas emisiones de part\u00edculas.<\/p>\n\n\n\n<p>Todos los modelos de la gama <strong>cumplen con la normativa actual de emisiones gozando de las ventajas de la\u00a0<a href=\"https:\/\/www.subaru.es\/blog\/nuestra-marca\/gama-eco-subaru-hibridos-glp\/\" target=\"_blank\" rel=\"noreferrer noopener\">etiqueta ECO<\/a>,<\/strong> ofreci\u00e9ndote as\u00ed la posibilidad de entrar en grandes ciudades para realizar cualquier tipo de gesti\u00f3n, ir de compras o a trabajar con la tranquilidad de estar contribuyendo as\u00ed a una considerable reducci\u00f3n de la emisi\u00f3n de gases contaminantes.<\/p>\n\n\n\n<p>Pero no solo eso. Nuestros modelos mantienen su gran versatilidad. Si lo tuyo es el campo, la monta\u00f1a, o las grandes escapadas, puedes estar tranquilo ya que nuestros h\u00edbridos, gracias a su tracci\u00f3n 4&#215;4 permanente, te llevar\u00e1n por cualquier camino, por inh\u00f3spito que te parezca, en el que disfrutar\u00e1s de una conducci\u00f3n emocionante. <strong>Siguen manteniendo el mismo equipamiento de seguridad Subaru<\/strong>, que en caso del Forester a\u00f1ade el Driver Monitoring System con el que podr\u00e1s estar tranquilo de que ante cualquier descuido en carretera, el coche te alertar\u00e1 para que mantengas tu atenci\u00f3n en ella.<\/p>\n\n\n\n<h3 class=\"wp-block-heading\">Reconocimientos a nivel mundial <\/h3>\n\n\n\n<p>Nuestros coches h\u00edbridos son todo un ejemplo. Ambos en su categor\u00eda son mundialmente reconocidos por sus altas prestaciones, no en vano, el<a href=\"https:\/\/www.lavanguardia.com\/motor\/actualidad\/20200108\/472784644044\/nuevo-subaru-forester-eco-hybrid-coche-mas-seguro-pruebas-euro-ncap.html\" target=\"_blank\" rel=\"noreferrer noopener\"> Forester ha sido reconocido como uno de los modelos m\u00e1s seguros de seg\u00fan la EuroNCAP<\/a>.\u00a0<\/p>\n\n\n\n<p>Por su parte, el modelo XV ha sido <a href=\"https:\/\/es.motor1.com\/reviews\/398556\/subaru-xv-eco-hybrid-2020-primera-prueba\/\" target=\"_blank\" rel=\"noreferrer noopener\">el Subaru m\u00e1s vendido a nivel europeo en 2018, a\u00f1o de su lanzamiento.<\/a>\u00a0<\/p>\n\n\n\n<figure class=\"wp-block-image size-large\"><img decoding=\"async\" width=\"1440\" height=\"919\" data-src=\"https:\/\/www.subaru.es\/blog\/wp-content\/uploads\/2020\/04\/DSC7712_LoRes_RGB-1440x919.jpg\" alt=\"Gama Subaru ecoHYBRID\" class=\"wp-image-21819 lazyload\" data-srcset=\"https:\/\/www.subaru.es\/blog\/wp-content\/uploads\/2020\/04\/DSC7712_LoRes_RGB-1440x919.jpg 1440w, https:\/\/www.subaru.es\/blog\/wp-content\/uploads\/2020\/04\/DSC7712_LoRes_RGB-560x357.jpg 560w, https:\/\/www.subaru.es\/blog\/wp-content\/uploads\/2020\/04\/DSC7712_LoRes_RGB-768x490.jpg 768w, https:\/\/www.subaru.es\/blog\/wp-content\/uploads\/2020\/04\/DSC7712_LoRes_RGB-1536x980.jpg 1536w, https:\/\/www.subaru.es\/blog\/wp-content\/uploads\/2020\/04\/DSC7712_LoRes_RGB.jpg 1981w\" data-sizes=\"(max-width: 1440px) 100vw, 1440px\" src=\"data:image\/svg+xml;base64,PHN2ZyB3aWR0aD0iMSIgaGVpZ2h0PSIxIiB4bWxucz0iaHR0cDovL3d3dy53My5vcmcvMjAwMC9zdmciPjwvc3ZnPg==\" style=\"--smush-placeholder-width: 1440px; --smush-placeholder-aspect-ratio: 1440\/919;\" \/><\/figure>\n\n\n\n<p>Todo ello hace que esta gama sea reconocida como una de las m\u00e1s eficientes, sin perder por ello su esencia. Toda una autentica evoluci\u00f3n de marca.<\/p>\n\n\n\n<p><\/p>\n\n\n\n<p><\/p>\n","protected":false},"excerpt":{"rendered":"<p>Nuestro compromiso con el medio ambiente es algo que nos ha llevado a evolucionar de una manera natural en este \u00faltimo a\u00f1o y a adaptar nuestros veh\u00edculos a las necesidades no solo de los que disfrutan de la conducci\u00f3n, sino de los que llevan un estilo de vida ECO, que se preocupan por la naturaleza.\u00a0 [&hellip;]<\/p>\n","protected":false},"author":21,"featured_media":21920,"comment_status":"open","ping_status":"closed","sticky":false,"template":"","format":"standard","meta":{"_acf_changed":false,"_eb_attr":"","inline_featured_image":false,"footnotes":""},"categories":[4401],"tags":[17,3814,4573,4939,5021,4938,5117,3188,5019,5044,5005,354,4575,5017,4987,491,4398,1539,4219],"class_list":["post-21917","post","type-post","status-publish","format-standard","has-post-thumbnail","hentry","category-nuestra-marca","tag-awd","tag-awd-simetrico","tag-crash-test-euro-ncap","tag-eco","tag-eco-hybrid","tag-etiqueta-eco","tag-etiquetas-all-around-safety","tag-euro-ncap","tag-forester-eco-hybrid","tag-gama-eco-hybrid","tag-gama-hibrida-subaru","tag-nuevo-forester","tag-seguridad-subaru","tag-subaru-eco-hybrid","tag-subaru-etiqueta-eco","tag-subaru-forester","tag-subaru-xv","tag-symmetrical-awd","tag-tecnologia-subaru"],"acf":[],"yoast_head":"<!-- This site is optimized with the Yoast SEO plugin v27.3 - https:\/\/yoast.com\/product\/yoast-seo-wordpress\/ -->\n<title>Nuestros coches h\u00edbridos: La evoluci\u00f3n de Subaru - Universo Subaru<\/title>\n<meta name=\"robots\" content=\"index, follow, max-snippet:-1, max-image-preview:large, max-video-preview:-1\" \/>\n<link rel=\"canonical\" href=\"https:\/\/www.subaru.es\/blog\/nuestra-marca\/coches-hibridos-evolucion-subaru\/\" \/>\n<meta property=\"og:locale\" content=\"es_ES\" \/>\n<meta property=\"og:type\" content=\"article\" \/>\n<meta property=\"og:title\" content=\"Nuestros coches h\u00edbridos: La evoluci\u00f3n de Subaru - Universo Subaru\" \/>\n<meta property=\"og:description\" content=\"Nuestro compromiso con el medio ambiente es algo que nos ha llevado a evolucionar de una manera natural en este \u00faltimo a\u00f1o y a adaptar nuestros veh\u00edculos a las necesidades no solo de los que disfrutan de la conducci\u00f3n, sino de los que llevan un estilo de vida ECO, que se preocupan por la naturaleza.\u00a0 [&hellip;]\" \/>\n<meta property=\"og:url\" content=\"https:\/\/www.subaru.es\/blog\/nuestra-marca\/coches-hibridos-evolucion-subaru\/\" \/>\n<meta property=\"og:site_name\" content=\"Universo Subaru\" \/>\n<meta property=\"article:publisher\" content=\"https:\/\/www.facebook.com\/subaruespana\" \/>\n<meta property=\"article:published_time\" content=\"2020-07-02T12:41:20+00:00\" \/>\n<meta property=\"article:modified_time\" content=\"2020-07-02T12:54:38+00:00\" \/>\n<meta property=\"og:image\" content=\"https:\/\/www.subaru.es\/blog\/wp-content\/uploads\/2020\/06\/PORTADA-forester-evolucion.jpg\" \/>\n\t<meta property=\"og:image:width\" content=\"1500\" \/>\n\t<meta property=\"og:image:height\" content=\"500\" \/>\n\t<meta property=\"og:image:type\" content=\"image\/jpeg\" \/>\n<meta name=\"author\" content=\"Subaru\" \/>\n<meta name=\"twitter:card\" content=\"summary_large_image\" \/>\n<meta name=\"twitter:label1\" content=\"Escrito por\" \/>\n\t<meta name=\"twitter:data1\" content=\"Subaru\" \/>\n\t<meta name=\"twitter:label2\" content=\"Tiempo de lectura\" \/>\n\t<meta name=\"twitter:data2\" content=\"3 minutos\" \/>\n<script type=\"application\/ld+json\" class=\"yoast-schema-graph\">{\"@context\":\"https:\\\/\\\/schema.org\",\"@graph\":[{\"@type\":\"Article\",\"@id\":\"https:\\\/\\\/www.subaru.es\\\/blog\\\/nuestra-marca\\\/coches-hibridos-evolucion-subaru\\\/#article\",\"isPartOf\":{\"@id\":\"https:\\\/\\\/www.subaru.es\\\/blog\\\/nuestra-marca\\\/coches-hibridos-evolucion-subaru\\\/\"},\"author\":{\"name\":\"Subaru\",\"@id\":\"https:\\\/\\\/www.subaru.es\\\/blog\\\/#\\\/schema\\\/person\\\/19a90b892230b8e0ec752704ddf4aa10\"},\"headline\":\"Nuestros coches h\u00edbridos: La evoluci\u00f3n de Subaru\",\"datePublished\":\"2020-07-02T12:41:20+00:00\",\"dateModified\":\"2020-07-02T12:54:38+00:00\",\"mainEntityOfPage\":{\"@id\":\"https:\\\/\\\/www.subaru.es\\\/blog\\\/nuestra-marca\\\/coches-hibridos-evolucion-subaru\\\/\"},\"wordCount\":520,\"commentCount\":1,\"publisher\":{\"@id\":\"https:\\\/\\\/www.subaru.es\\\/blog\\\/#organization\"},\"image\":{\"@id\":\"https:\\\/\\\/www.subaru.es\\\/blog\\\/nuestra-marca\\\/coches-hibridos-evolucion-subaru\\\/#primaryimage\"},\"thumbnailUrl\":\"https:\\\/\\\/www.subaru.es\\\/blog\\\/wp-content\\\/uploads\\\/2020\\\/06\\\/PORTADA-forester-evolucion.jpg\",\"keywords\":[\"awd\",\"AWD sim\u00e9trico\",\"crash test Euro NCAP\",\"eco\",\"eco-hybrid\",\"etiqueta eco\",\"Etiquetas: all around safety\",\"Euro NCAP\",\"Forester ECO Hybrid\",\"gama eco hybrid\",\"gama h\u00edbrida Subaru\",\"nuevo forester\",\"Seguridad Subaru\",\"Subaru eco hybrid\",\"Subaru Etiqueta ECO\",\"subaru forester\",\"Subaru XV\",\"Symmetrical AWD\",\"Tecnolog\u00eda Subaru\"],\"articleSection\":[\"Nuestra marca\"],\"inLanguage\":\"es\",\"potentialAction\":[{\"@type\":\"CommentAction\",\"name\":\"Comment\",\"target\":[\"https:\\\/\\\/www.subaru.es\\\/blog\\\/nuestra-marca\\\/coches-hibridos-evolucion-subaru\\\/#respond\"]}]},{\"@type\":\"WebPage\",\"@id\":\"https:\\\/\\\/www.subaru.es\\\/blog\\\/nuestra-marca\\\/coches-hibridos-evolucion-subaru\\\/\",\"url\":\"https:\\\/\\\/www.subaru.es\\\/blog\\\/nuestra-marca\\\/coches-hibridos-evolucion-subaru\\\/\",\"name\":\"Nuestros coches h\u00edbridos: La evoluci\u00f3n de Subaru - Universo Subaru\",\"isPartOf\":{\"@id\":\"https:\\\/\\\/www.subaru.es\\\/blog\\\/#website\"},\"primaryImageOfPage\":{\"@id\":\"https:\\\/\\\/www.subaru.es\\\/blog\\\/nuestra-marca\\\/coches-hibridos-evolucion-subaru\\\/#primaryimage\"},\"image\":{\"@id\":\"https:\\\/\\\/www.subaru.es\\\/blog\\\/nuestra-marca\\\/coches-hibridos-evolucion-subaru\\\/#primaryimage\"},\"thumbnailUrl\":\"https:\\\/\\\/www.subaru.es\\\/blog\\\/wp-content\\\/uploads\\\/2020\\\/06\\\/PORTADA-forester-evolucion.jpg\",\"datePublished\":\"2020-07-02T12:41:20+00:00\",\"dateModified\":\"2020-07-02T12:54:38+00:00\",\"breadcrumb\":{\"@id\":\"https:\\\/\\\/www.subaru.es\\\/blog\\\/nuestra-marca\\\/coches-hibridos-evolucion-subaru\\\/#breadcrumb\"},\"inLanguage\":\"es\",\"potentialAction\":[{\"@type\":\"ReadAction\",\"target\":[\"https:\\\/\\\/www.subaru.es\\\/blog\\\/nuestra-marca\\\/coches-hibridos-evolucion-subaru\\\/\"]}]},{\"@type\":\"ImageObject\",\"inLanguage\":\"es\",\"@id\":\"https:\\\/\\\/www.subaru.es\\\/blog\\\/nuestra-marca\\\/coches-hibridos-evolucion-subaru\\\/#primaryimage\",\"url\":\"https:\\\/\\\/www.subaru.es\\\/blog\\\/wp-content\\\/uploads\\\/2020\\\/06\\\/PORTADA-forester-evolucion.jpg\",\"contentUrl\":\"https:\\\/\\\/www.subaru.es\\\/blog\\\/wp-content\\\/uploads\\\/2020\\\/06\\\/PORTADA-forester-evolucion.jpg\",\"width\":1500,\"height\":500,\"caption\":\"Forester ecoHYBRID\"},{\"@type\":\"BreadcrumbList\",\"@id\":\"https:\\\/\\\/www.subaru.es\\\/blog\\\/nuestra-marca\\\/coches-hibridos-evolucion-subaru\\\/#breadcrumb\",\"itemListElement\":[{\"@type\":\"ListItem\",\"position\":1,\"name\":\"Portada\",\"item\":\"https:\\\/\\\/www.subaru.es\\\/blog\\\/\"},{\"@type\":\"ListItem\",\"position\":2,\"name\":\"Nuestros coches h\u00edbridos: La evoluci\u00f3n de Subaru\"}]},{\"@type\":\"WebSite\",\"@id\":\"https:\\\/\\\/www.subaru.es\\\/blog\\\/#website\",\"url\":\"https:\\\/\\\/www.subaru.es\\\/blog\\\/\",\"name\":\"Universo Subaru\",\"description\":\"Descubre este apasionante espacio de Subaru donde vas a conocer todo sobre nuestros coches y las experiencias que vivimos con ellos. Si est\u00e1s preparado para dejarte seducir por la filosof\u00eda Subaru, qu\u00e9date con nosotros.\",\"publisher\":{\"@id\":\"https:\\\/\\\/www.subaru.es\\\/blog\\\/#organization\"},\"potentialAction\":[{\"@type\":\"SearchAction\",\"target\":{\"@type\":\"EntryPoint\",\"urlTemplate\":\"https:\\\/\\\/www.subaru.es\\\/blog\\\/?s={search_term_string}\"},\"query-input\":{\"@type\":\"PropertyValueSpecification\",\"valueRequired\":true,\"valueName\":\"search_term_string\"}}],\"inLanguage\":\"es\"},{\"@type\":\"Organization\",\"@id\":\"https:\\\/\\\/www.subaru.es\\\/blog\\\/#organization\",\"name\":\"Subaru Espa\u00f1a S.A.\",\"url\":\"https:\\\/\\\/www.subaru.es\\\/blog\\\/\",\"logo\":{\"@type\":\"ImageObject\",\"inLanguage\":\"es\",\"@id\":\"https:\\\/\\\/www.subaru.es\\\/blog\\\/#\\\/schema\\\/logo\\\/image\\\/\",\"url\":\"https:\\\/\\\/www.subaru.es\\\/blog\\\/wp-content\\\/uploads\\\/2016\\\/12\\\/Logo-Subaru-TypeV_C300-scaled.jpg\",\"contentUrl\":\"https:\\\/\\\/www.subaru.es\\\/blog\\\/wp-content\\\/uploads\\\/2016\\\/12\\\/Logo-Subaru-TypeV_C300-scaled.jpg\",\"width\":2560,\"height\":1864,\"caption\":\"Subaru Espa\u00f1a S.A.\"},\"image\":{\"@id\":\"https:\\\/\\\/www.subaru.es\\\/blog\\\/#\\\/schema\\\/logo\\\/image\\\/\"},\"sameAs\":[\"https:\\\/\\\/www.facebook.com\\\/subaruespana\",\"https:\\\/\\\/www.instagram.com\\\/subarues\\\/\",\"https:\\\/\\\/www.youtube.com\\\/user\\\/subaruespana\"]},{\"@type\":\"Person\",\"@id\":\"https:\\\/\\\/www.subaru.es\\\/blog\\\/#\\\/schema\\\/person\\\/19a90b892230b8e0ec752704ddf4aa10\",\"name\":\"Subaru\",\"url\":\"https:\\\/\\\/www.subaru.es\\\/blog\\\/author\\\/subaria\\\/\"}]}<\/script>\n<!-- \/ Yoast SEO plugin. -->","yoast_head_json":{"title":"Nuestros coches h\u00edbridos: La evoluci\u00f3n de Subaru - Universo Subaru","robots":{"index":"index","follow":"follow","max-snippet":"max-snippet:-1","max-image-preview":"max-image-preview:large","max-video-preview":"max-video-preview:-1"},"canonical":"https:\/\/www.subaru.es\/blog\/nuestra-marca\/coches-hibridos-evolucion-subaru\/","og_locale":"es_ES","og_type":"article","og_title":"Nuestros coches h\u00edbridos: La evoluci\u00f3n de Subaru - Universo Subaru","og_description":"Nuestro compromiso con el medio ambiente es algo que nos ha llevado a evolucionar de una manera natural en este \u00faltimo a\u00f1o y a adaptar nuestros veh\u00edculos a las necesidades no solo de los que disfrutan de la conducci\u00f3n, sino de los que llevan un estilo de vida ECO, que se preocupan por la naturaleza.\u00a0 [&hellip;]","og_url":"https:\/\/www.subaru.es\/blog\/nuestra-marca\/coches-hibridos-evolucion-subaru\/","og_site_name":"Universo Subaru","article_publisher":"https:\/\/www.facebook.com\/subaruespana","article_published_time":"2020-07-02T12:41:20+00:00","article_modified_time":"2020-07-02T12:54:38+00:00","og_image":[{"width":1500,"height":500,"url":"https:\/\/www.subaru.es\/blog\/wp-content\/uploads\/2020\/06\/PORTADA-forester-evolucion.jpg","type":"image\/jpeg"}],"author":"Subaru","twitter_card":"summary_large_image","twitter_misc":{"Escrito por":"Subaru","Tiempo de lectura":"3 minutos"},"schema":{"@context":"https:\/\/schema.org","@graph":[{"@type":"Article","@id":"https:\/\/www.subaru.es\/blog\/nuestra-marca\/coches-hibridos-evolucion-subaru\/#article","isPartOf":{"@id":"https:\/\/www.subaru.es\/blog\/nuestra-marca\/coches-hibridos-evolucion-subaru\/"},"author":{"name":"Subaru","@id":"https:\/\/www.subaru.es\/blog\/#\/schema\/person\/19a90b892230b8e0ec752704ddf4aa10"},"headline":"Nuestros coches h\u00edbridos: La evoluci\u00f3n de Subaru","datePublished":"2020-07-02T12:41:20+00:00","dateModified":"2020-07-02T12:54:38+00:00","mainEntityOfPage":{"@id":"https:\/\/www.subaru.es\/blog\/nuestra-marca\/coches-hibridos-evolucion-subaru\/"},"wordCount":520,"commentCount":1,"publisher":{"@id":"https:\/\/www.subaru.es\/blog\/#organization"},"image":{"@id":"https:\/\/www.subaru.es\/blog\/nuestra-marca\/coches-hibridos-evolucion-subaru\/#primaryimage"},"thumbnailUrl":"https:\/\/www.subaru.es\/blog\/wp-content\/uploads\/2020\/06\/PORTADA-forester-evolucion.jpg","keywords":["awd","AWD sim\u00e9trico","crash test Euro NCAP","eco","eco-hybrid","etiqueta eco","Etiquetas: all around safety","Euro NCAP","Forester ECO Hybrid","gama eco hybrid","gama h\u00edbrida Subaru","nuevo forester","Seguridad Subaru","Subaru eco hybrid","Subaru Etiqueta ECO","subaru forester","Subaru XV","Symmetrical AWD","Tecnolog\u00eda Subaru"],"articleSection":["Nuestra marca"],"inLanguage":"es","potentialAction":[{"@type":"CommentAction","name":"Comment","target":["https:\/\/www.subaru.es\/blog\/nuestra-marca\/coches-hibridos-evolucion-subaru\/#respond"]}]},{"@type":"WebPage","@id":"https:\/\/www.subaru.es\/blog\/nuestra-marca\/coches-hibridos-evolucion-subaru\/","url":"https:\/\/www.subaru.es\/blog\/nuestra-marca\/coches-hibridos-evolucion-subaru\/","name":"Nuestros coches h\u00edbridos: La evoluci\u00f3n de Subaru - Universo Subaru","isPartOf":{"@id":"https:\/\/www.subaru.es\/blog\/#website"},"primaryImageOfPage":{"@id":"https:\/\/www.subaru.es\/blog\/nuestra-marca\/coches-hibridos-evolucion-subaru\/#primaryimage"},"image":{"@id":"https:\/\/www.subaru.es\/blog\/nuestra-marca\/coches-hibridos-evolucion-subaru\/#primaryimage"},"thumbnailUrl":"https:\/\/www.subaru.es\/blog\/wp-content\/uploads\/2020\/06\/PORTADA-forester-evolucion.jpg","datePublished":"2020-07-02T12:41:20+00:00","dateModified":"2020-07-02T12:54:38+00:00","breadcrumb":{"@id":"https:\/\/www.subaru.es\/blog\/nuestra-marca\/coches-hibridos-evolucion-subaru\/#breadcrumb"},"inLanguage":"es","potentialAction":[{"@type":"ReadAction","target":["https:\/\/www.subaru.es\/blog\/nuestra-marca\/coches-hibridos-evolucion-subaru\/"]}]},{"@type":"ImageObject","inLanguage":"es","@id":"https:\/\/www.subaru.es\/blog\/nuestra-marca\/coches-hibridos-evolucion-subaru\/#primaryimage","url":"https:\/\/www.subaru.es\/blog\/wp-content\/uploads\/2020\/06\/PORTADA-forester-evolucion.jpg","contentUrl":"https:\/\/www.subaru.es\/blog\/wp-content\/uploads\/2020\/06\/PORTADA-forester-evolucion.jpg","width":1500,"height":500,"caption":"Forester ecoHYBRID"},{"@type":"BreadcrumbList","@id":"https:\/\/www.subaru.es\/blog\/nuestra-marca\/coches-hibridos-evolucion-subaru\/#breadcrumb","itemListElement":[{"@type":"ListItem","position":1,"name":"Portada","item":"https:\/\/www.subaru.es\/blog\/"},{"@type":"ListItem","position":2,"name":"Nuestros coches h\u00edbridos: La evoluci\u00f3n de Subaru"}]},{"@type":"WebSite","@id":"https:\/\/www.subaru.es\/blog\/#website","url":"https:\/\/www.subaru.es\/blog\/","name":"Universo Subaru","description":"Descubre este apasionante espacio de Subaru donde vas a conocer todo sobre nuestros coches y las experiencias que vivimos con ellos. Si est\u00e1s preparado para dejarte seducir por la filosof\u00eda Subaru, qu\u00e9date con nosotros.","publisher":{"@id":"https:\/\/www.subaru.es\/blog\/#organization"},"potentialAction":[{"@type":"SearchAction","target":{"@type":"EntryPoint","urlTemplate":"https:\/\/www.subaru.es\/blog\/?s={search_term_string}"},"query-input":{"@type":"PropertyValueSpecification","valueRequired":true,"valueName":"search_term_string"}}],"inLanguage":"es"},{"@type":"Organization","@id":"https:\/\/www.subaru.es\/blog\/#organization","name":"Subaru Espa\u00f1a S.A.","url":"https:\/\/www.subaru.es\/blog\/","logo":{"@type":"ImageObject","inLanguage":"es","@id":"https:\/\/www.subaru.es\/blog\/#\/schema\/logo\/image\/","url":"https:\/\/www.subaru.es\/blog\/wp-content\/uploads\/2016\/12\/Logo-Subaru-TypeV_C300-scaled.jpg","contentUrl":"https:\/\/www.subaru.es\/blog\/wp-content\/uploads\/2016\/12\/Logo-Subaru-TypeV_C300-scaled.jpg","width":2560,"height":1864,"caption":"Subaru Espa\u00f1a S.A."},"image":{"@id":"https:\/\/www.subaru.es\/blog\/#\/schema\/logo\/image\/"},"sameAs":["https:\/\/www.facebook.com\/subaruespana","https:\/\/www.instagram.com\/subarues\/","https:\/\/www.youtube.com\/user\/subaruespana"]},{"@type":"Person","@id":"https:\/\/www.subaru.es\/blog\/#\/schema\/person\/19a90b892230b8e0ec752704ddf4aa10","name":"Subaru","url":"https:\/\/www.subaru.es\/blog\/author\/subaria\/"}]}},"_links":{"self":[{"href":"https:\/\/www.subaru.es\/blog\/wp-json\/wp\/v2\/posts\/21917","targetHints":{"allow":["GET"]}}],"collection":[{"href":"https:\/\/www.subaru.es\/blog\/wp-json\/wp\/v2\/posts"}],"about":[{"href":"https:\/\/www.subaru.es\/blog\/wp-json\/wp\/v2\/types\/post"}],"author":[{"embeddable":true,"href":"https:\/\/www.subaru.es\/blog\/wp-json\/wp\/v2\/users\/21"}],"replies":[{"embeddable":true,"href":"https:\/\/www.subaru.es\/blog\/wp-json\/wp\/v2\/comments?post=21917"}],"version-history":[{"count":9,"href":"https:\/\/www.subaru.es\/blog\/wp-json\/wp\/v2\/posts\/21917\/revisions"}],"predecessor-version":[{"id":21931,"href":"https:\/\/www.subaru.es\/blog\/wp-json\/wp\/v2\/posts\/21917\/revisions\/21931"}],"wp:featuredmedia":[{"embeddable":true,"href":"https:\/\/www.subaru.es\/blog\/wp-json\/wp\/v2\/media\/21920"}],"wp:attachment":[{"href":"https:\/\/www.subaru.es\/blog\/wp-json\/wp\/v2\/media?parent=21917"}],"wp:term":[{"taxonomy":"category","embeddable":true,"href":"https:\/\/www.subaru.es\/blog\/wp-json\/wp\/v2\/categories?post=21917"},{"taxonomy":"post_tag","embeddable":true,"href":"https:\/\/www.subaru.es\/blog\/wp-json\/wp\/v2\/tags?post=21917"}],"curies":[{"name":"wp","href":"https:\/\/api.w.org\/{rel}","templated":true}]}}