{"id":2175,"date":"2009-08-06T15:26:19","date_gmt":"2009-08-06T13:26:19","guid":{"rendered":"http:\/\/subaru.preproduccion.com\/blog\/wp-content\/2009\/08\/06\/quique-garcia-ojeda-rafa-cid-impreza-sti-del-infierno-verde-al-turini\/"},"modified":"2016-10-17T10:48:25","modified_gmt":"2016-10-17T08:48:25","slug":"quique-garcia-ojeda-rafa-cid-impreza-sti-del-infierno-verde-al-turini","status":"publish","type":"post","link":"https:\/\/www.subaru.es\/blog\/nuestra-marca\/quique-garcia-ojeda-rafa-cid-impreza-sti-del-infierno-verde-al-turini\/","title":{"rendered":"Quique Garc\u00eda Ojeda, Rafa Cid &#038; Impreza STi. Del infierno verde al Turini"},"content":{"rendered":"<p><strong>Nurburgring<\/strong> es quiz\u00e1 el circuito m\u00e1s exigente del mundo, y por eso no es de extra\u00f1ar que los mejores deportivos pongan a punto su chasis en sus 22,8 kil\u00f3metros de curvas, muy alejado de los cuatro o cinco que suelen tener los trazados convencionales. Jackie Stewart lo bautiz\u00f3 como el infierno verde, y Fangio, Stirling Moss o Caracciola se han ganado all\u00ed su t\u00edtulo de Ringmeisters, \u201cmaestros del circuito\u201d, dada la dificultad de aprenderse todas sus curvas para ganar.<\/p>\n<p align=\"center\"><img decoding=\"async\" data-src=\"https:\/\/www.subaru.es\/blog\/wp-content\/uploads\/2009\/08\/nur-1.jpg\" alt=\"nur-1.jpg\" src=\"data:image\/svg+xml;base64,PHN2ZyB3aWR0aD0iMSIgaGVpZ2h0PSIxIiB4bWxucz0iaHR0cDovL3d3dy53My5vcmcvMjAwMC9zdmciPjwvc3ZnPg==\" class=\"lazyload\" style=\"--smush-placeholder-width: 500px; --smush-placeholder-aspect-ratio: 500\/334;\" \/><\/p>\n<p>El <strong>Rallye<\/strong> de <strong>Montecarlo<\/strong> es a los rallyes lo que Nurburgring a los circuitos: un referente, la carrera que todos los pilotos quieren ganar, la que ha escrito m\u00e1s p\u00e1ginas gloriosas en el automovilismo de la mano de apellidos ilustres como Carlsson, Munari, Rohrl, Ragnotti, Sainz\u2026 Entre sus muchos tramos, el <strong>Turini<\/strong> es quiz\u00e1 el m\u00e1s popular.<\/p>\n<p>Estos han sido los escenarios escogidos para extraer la quintaesencia del <strong>Subaru Impreza STi<\/strong> que ya todos conoc\u00e9is, uno de los deportivos m\u00e1s apasionantes del momento gracias a sus 300 caballos de potencia, tracci\u00f3n total y una puesta a punto perfecta para la conducci\u00f3n al l\u00edmite.<\/p>\n<p align=\"center\"><img decoding=\"async\" data-src=\"https:\/\/www.subaru.es\/blog\/wp-content\/uploads\/2009\/08\/sti.jpg\" alt=\"sti.jpg\" src=\"data:image\/svg+xml;base64,PHN2ZyB3aWR0aD0iMSIgaGVpZ2h0PSIxIiB4bWxucz0iaHR0cDovL3d3dy53My5vcmcvMjAwMC9zdmciPjwvc3ZnPg==\" class=\"lazyload\" style=\"--smush-placeholder-width: 450px; --smush-placeholder-aspect-ratio: 450\/338;\" \/><\/p>\n<p>Y no te vayas todav\u00eda, este magn\u00edfico c\u00f3ctel todav\u00eda tiene m\u00e1s ingredientes: <strong>Quique Garc\u00eda Ojeda<\/strong>, piloto oficial de Subaru y Campe\u00f3n de Espa\u00f1a de Rallyes ser\u00e1 el encargado de conducir el STi en ambos lugares. <strong>Rafa Cid<\/strong>, periodista de motor, estar\u00e1 tambi\u00e9n all\u00ed para contaros punto por punto todo lo que suceda.<\/p>\n<p align=\"center\"><img decoding=\"async\" data-src=\"https:\/\/www.subaru.es\/blog\/wp-content\/uploads\/2009\/08\/ojeda.jpg\" alt=\"ojeda.jpg\" src=\"data:image\/svg+xml;base64,PHN2ZyB3aWR0aD0iMSIgaGVpZ2h0PSIxIiB4bWxucz0iaHR0cDovL3d3dy53My5vcmcvMjAwMC9zdmciPjwvc3ZnPg==\" class=\"lazyload\" style=\"--smush-placeholder-width: 318px; --smush-placeholder-aspect-ratio: 318\/243;\" \/><\/p>\n<p>\u00bfSe desenvolver\u00e1 el STi con soltura en el Karussell de Nurburgring? \u00bfHabr\u00e1 nieve el Turini? A lo largo de varias semanas iremos ampliando informaci\u00f3n de esta interesante aventura de Quique Ojeda y Rafa Cid con el <strong>Subaru Impreza WRX STi<\/strong>.<\/p>\n","protected":false},"excerpt":{"rendered":"<p>Nurburgring es quiz\u00e1 el circuito m\u00e1s exigente del mundo, y por eso no es de extra\u00f1ar que los mejores deportivos pongan a punto su chasis en sus 22,8 kil\u00f3metros de curvas, muy alejado de los cuatro o cinco que suelen tener los trazados convencionales. Jackie Stewart lo bautiz\u00f3 como el infierno verde, y Fangio, Stirling [&hellip;]<\/p>\n","protected":false},"author":21,"featured_media":0,"comment_status":"open","ping_status":"open","sticky":false,"template":"","format":"standard","meta":{"_acf_changed":false,"_eb_attr":"","inline_featured_image":false,"footnotes":""},"categories":[4401],"tags":[],"class_list":["post-2175","post","type-post","status-publish","format-standard","hentry","category-nuestra-marca"],"acf":[],"yoast_head":"<!-- This site is optimized with the Yoast SEO plugin v27.3 - https:\/\/yoast.com\/product\/yoast-seo-wordpress\/ -->\n<title>Quique Garc\u00eda Ojeda, Rafa Cid &amp; Impreza STi. Del infierno verde al Turini - Universo Subaru<\/title>\n<meta name=\"robots\" content=\"index, follow, max-snippet:-1, max-image-preview:large, max-video-preview:-1\" \/>\n<link rel=\"canonical\" href=\"https:\/\/www.subaru.es\/blog\/nuestra-marca\/quique-garcia-ojeda-rafa-cid-impreza-sti-del-infierno-verde-al-turini\/\" \/>\n<meta property=\"og:locale\" content=\"es_ES\" \/>\n<meta property=\"og:type\" content=\"article\" \/>\n<meta property=\"og:title\" content=\"Quique Garc\u00eda Ojeda, Rafa Cid &amp; Impreza STi. Del infierno verde al Turini - Universo Subaru\" \/>\n<meta property=\"og:description\" content=\"Nurburgring es quiz\u00e1 el circuito m\u00e1s exigente del mundo, y por eso no es de extra\u00f1ar que los mejores deportivos pongan a punto su chasis en sus 22,8 kil\u00f3metros de curvas, muy alejado de los cuatro o cinco que suelen tener los trazados convencionales. Jackie Stewart lo bautiz\u00f3 como el infierno verde, y Fangio, Stirling [&hellip;]\" \/>\n<meta property=\"og:url\" content=\"https:\/\/www.subaru.es\/blog\/nuestra-marca\/quique-garcia-ojeda-rafa-cid-impreza-sti-del-infierno-verde-al-turini\/\" \/>\n<meta property=\"og:site_name\" content=\"Universo Subaru\" \/>\n<meta property=\"article:publisher\" content=\"https:\/\/www.facebook.com\/subaruespana\" \/>\n<meta property=\"article:published_time\" content=\"2009-08-06T13:26:19+00:00\" \/>\n<meta property=\"article:modified_time\" content=\"2016-10-17T08:48:25+00:00\" \/>\n<meta property=\"og:image\" content=\"https:\/\/www.subaru.es\/blog\/wp-content\/uploads\/2009\/08\/nur-1.jpg\" \/>\n<meta name=\"author\" content=\"Subaru\" \/>\n<meta name=\"twitter:card\" content=\"summary_large_image\" \/>\n<meta name=\"twitter:label1\" content=\"Escrito por\" \/>\n\t<meta name=\"twitter:data1\" content=\"Subaru\" \/>\n\t<meta name=\"twitter:label2\" content=\"Tiempo de lectura\" \/>\n\t<meta name=\"twitter:data2\" content=\"1 minuto\" \/>\n<script type=\"application\/ld+json\" class=\"yoast-schema-graph\">{\"@context\":\"https:\\\/\\\/schema.org\",\"@graph\":[{\"@type\":\"Article\",\"@id\":\"https:\\\/\\\/www.subaru.es\\\/blog\\\/nuestra-marca\\\/quique-garcia-ojeda-rafa-cid-impreza-sti-del-infierno-verde-al-turini\\\/#article\",\"isPartOf\":{\"@id\":\"https:\\\/\\\/www.subaru.es\\\/blog\\\/nuestra-marca\\\/quique-garcia-ojeda-rafa-cid-impreza-sti-del-infierno-verde-al-turini\\\/\"},\"author\":{\"name\":\"Subaru\",\"@id\":\"https:\\\/\\\/www.subaru.es\\\/blog\\\/#\\\/schema\\\/person\\\/19a90b892230b8e0ec752704ddf4aa10\"},\"headline\":\"Quique Garc\u00eda Ojeda, Rafa Cid &#038; Impreza STi. Del infierno verde al Turini\",\"datePublished\":\"2009-08-06T13:26:19+00:00\",\"dateModified\":\"2016-10-17T08:48:25+00:00\",\"mainEntityOfPage\":{\"@id\":\"https:\\\/\\\/www.subaru.es\\\/blog\\\/nuestra-marca\\\/quique-garcia-ojeda-rafa-cid-impreza-sti-del-infierno-verde-al-turini\\\/\"},\"wordCount\":307,\"commentCount\":2,\"publisher\":{\"@id\":\"https:\\\/\\\/www.subaru.es\\\/blog\\\/#organization\"},\"image\":{\"@id\":\"https:\\\/\\\/www.subaru.es\\\/blog\\\/nuestra-marca\\\/quique-garcia-ojeda-rafa-cid-impreza-sti-del-infierno-verde-al-turini\\\/#primaryimage\"},\"thumbnailUrl\":\"https:\\\/\\\/www.subaru.es\\\/blog\\\/wp-content\\\/uploads\\\/2009\\\/08\\\/nur-1.jpg\",\"articleSection\":[\"Nuestra marca\"],\"inLanguage\":\"es\",\"potentialAction\":[{\"@type\":\"CommentAction\",\"name\":\"Comment\",\"target\":[\"https:\\\/\\\/www.subaru.es\\\/blog\\\/nuestra-marca\\\/quique-garcia-ojeda-rafa-cid-impreza-sti-del-infierno-verde-al-turini\\\/#respond\"]}]},{\"@type\":\"WebPage\",\"@id\":\"https:\\\/\\\/www.subaru.es\\\/blog\\\/nuestra-marca\\\/quique-garcia-ojeda-rafa-cid-impreza-sti-del-infierno-verde-al-turini\\\/\",\"url\":\"https:\\\/\\\/www.subaru.es\\\/blog\\\/nuestra-marca\\\/quique-garcia-ojeda-rafa-cid-impreza-sti-del-infierno-verde-al-turini\\\/\",\"name\":\"Quique Garc\u00eda Ojeda, Rafa Cid & Impreza STi. Del infierno verde al Turini - Universo Subaru\",\"isPartOf\":{\"@id\":\"https:\\\/\\\/www.subaru.es\\\/blog\\\/#website\"},\"primaryImageOfPage\":{\"@id\":\"https:\\\/\\\/www.subaru.es\\\/blog\\\/nuestra-marca\\\/quique-garcia-ojeda-rafa-cid-impreza-sti-del-infierno-verde-al-turini\\\/#primaryimage\"},\"image\":{\"@id\":\"https:\\\/\\\/www.subaru.es\\\/blog\\\/nuestra-marca\\\/quique-garcia-ojeda-rafa-cid-impreza-sti-del-infierno-verde-al-turini\\\/#primaryimage\"},\"thumbnailUrl\":\"https:\\\/\\\/www.subaru.es\\\/blog\\\/wp-content\\\/uploads\\\/2009\\\/08\\\/nur-1.jpg\",\"datePublished\":\"2009-08-06T13:26:19+00:00\",\"dateModified\":\"2016-10-17T08:48:25+00:00\",\"breadcrumb\":{\"@id\":\"https:\\\/\\\/www.subaru.es\\\/blog\\\/nuestra-marca\\\/quique-garcia-ojeda-rafa-cid-impreza-sti-del-infierno-verde-al-turini\\\/#breadcrumb\"},\"inLanguage\":\"es\",\"potentialAction\":[{\"@type\":\"ReadAction\",\"target\":[\"https:\\\/\\\/www.subaru.es\\\/blog\\\/nuestra-marca\\\/quique-garcia-ojeda-rafa-cid-impreza-sti-del-infierno-verde-al-turini\\\/\"]}]},{\"@type\":\"ImageObject\",\"inLanguage\":\"es\",\"@id\":\"https:\\\/\\\/www.subaru.es\\\/blog\\\/nuestra-marca\\\/quique-garcia-ojeda-rafa-cid-impreza-sti-del-infierno-verde-al-turini\\\/#primaryimage\",\"url\":\"https:\\\/\\\/www.subaru.es\\\/blog\\\/wp-content\\\/uploads\\\/2009\\\/08\\\/nur-1.jpg\",\"contentUrl\":\"https:\\\/\\\/www.subaru.es\\\/blog\\\/wp-content\\\/uploads\\\/2009\\\/08\\\/nur-1.jpg\"},{\"@type\":\"BreadcrumbList\",\"@id\":\"https:\\\/\\\/www.subaru.es\\\/blog\\\/nuestra-marca\\\/quique-garcia-ojeda-rafa-cid-impreza-sti-del-infierno-verde-al-turini\\\/#breadcrumb\",\"itemListElement\":[{\"@type\":\"ListItem\",\"position\":1,\"name\":\"Portada\",\"item\":\"https:\\\/\\\/www.subaru.es\\\/blog\\\/\"},{\"@type\":\"ListItem\",\"position\":2,\"name\":\"Quique Garc\u00eda Ojeda, Rafa Cid &#038; Impreza STi. Del infierno verde al Turini\"}]},{\"@type\":\"WebSite\",\"@id\":\"https:\\\/\\\/www.subaru.es\\\/blog\\\/#website\",\"url\":\"https:\\\/\\\/www.subaru.es\\\/blog\\\/\",\"name\":\"Universo Subaru\",\"description\":\"Descubre este apasionante espacio de Subaru donde vas a conocer todo sobre nuestros coches y las experiencias que vivimos con ellos. Si est\u00e1s preparado para dejarte seducir por la filosof\u00eda Subaru, qu\u00e9date con nosotros.\",\"publisher\":{\"@id\":\"https:\\\/\\\/www.subaru.es\\\/blog\\\/#organization\"},\"potentialAction\":[{\"@type\":\"SearchAction\",\"target\":{\"@type\":\"EntryPoint\",\"urlTemplate\":\"https:\\\/\\\/www.subaru.es\\\/blog\\\/?s={search_term_string}\"},\"query-input\":{\"@type\":\"PropertyValueSpecification\",\"valueRequired\":true,\"valueName\":\"search_term_string\"}}],\"inLanguage\":\"es\"},{\"@type\":\"Organization\",\"@id\":\"https:\\\/\\\/www.subaru.es\\\/blog\\\/#organization\",\"name\":\"Subaru Espa\u00f1a S.A.\",\"url\":\"https:\\\/\\\/www.subaru.es\\\/blog\\\/\",\"logo\":{\"@type\":\"ImageObject\",\"inLanguage\":\"es\",\"@id\":\"https:\\\/\\\/www.subaru.es\\\/blog\\\/#\\\/schema\\\/logo\\\/image\\\/\",\"url\":\"https:\\\/\\\/www.subaru.es\\\/blog\\\/wp-content\\\/uploads\\\/2016\\\/12\\\/Logo-Subaru-TypeV_C300-scaled.jpg\",\"contentUrl\":\"https:\\\/\\\/www.subaru.es\\\/blog\\\/wp-content\\\/uploads\\\/2016\\\/12\\\/Logo-Subaru-TypeV_C300-scaled.jpg\",\"width\":2560,\"height\":1864,\"caption\":\"Subaru Espa\u00f1a S.A.\"},\"image\":{\"@id\":\"https:\\\/\\\/www.subaru.es\\\/blog\\\/#\\\/schema\\\/logo\\\/image\\\/\"},\"sameAs\":[\"https:\\\/\\\/www.facebook.com\\\/subaruespana\",\"https:\\\/\\\/www.instagram.com\\\/subarues\\\/\",\"https:\\\/\\\/www.youtube.com\\\/user\\\/subaruespana\"]},{\"@type\":\"Person\",\"@id\":\"https:\\\/\\\/www.subaru.es\\\/blog\\\/#\\\/schema\\\/person\\\/19a90b892230b8e0ec752704ddf4aa10\",\"name\":\"Subaru\",\"url\":\"https:\\\/\\\/www.subaru.es\\\/blog\\\/author\\\/subaria\\\/\"}]}<\/script>\n<!-- \/ Yoast SEO plugin. -->","yoast_head_json":{"title":"Quique Garc\u00eda Ojeda, Rafa Cid & Impreza STi. Del infierno verde al Turini - Universo Subaru","robots":{"index":"index","follow":"follow","max-snippet":"max-snippet:-1","max-image-preview":"max-image-preview:large","max-video-preview":"max-video-preview:-1"},"canonical":"https:\/\/www.subaru.es\/blog\/nuestra-marca\/quique-garcia-ojeda-rafa-cid-impreza-sti-del-infierno-verde-al-turini\/","og_locale":"es_ES","og_type":"article","og_title":"Quique Garc\u00eda Ojeda, Rafa Cid & Impreza STi. Del infierno verde al Turini - Universo Subaru","og_description":"Nurburgring es quiz\u00e1 el circuito m\u00e1s exigente del mundo, y por eso no es de extra\u00f1ar que los mejores deportivos pongan a punto su chasis en sus 22,8 kil\u00f3metros de curvas, muy alejado de los cuatro o cinco que suelen tener los trazados convencionales. Jackie Stewart lo bautiz\u00f3 como el infierno verde, y Fangio, Stirling [&hellip;]","og_url":"https:\/\/www.subaru.es\/blog\/nuestra-marca\/quique-garcia-ojeda-rafa-cid-impreza-sti-del-infierno-verde-al-turini\/","og_site_name":"Universo Subaru","article_publisher":"https:\/\/www.facebook.com\/subaruespana","article_published_time":"2009-08-06T13:26:19+00:00","article_modified_time":"2016-10-17T08:48:25+00:00","og_image":[{"url":"https:\/\/www.subaru.es\/blog\/wp-content\/uploads\/2009\/08\/nur-1.jpg","type":"","width":"","height":""}],"author":"Subaru","twitter_card":"summary_large_image","twitter_misc":{"Escrito por":"Subaru","Tiempo de lectura":"1 minuto"},"schema":{"@context":"https:\/\/schema.org","@graph":[{"@type":"Article","@id":"https:\/\/www.subaru.es\/blog\/nuestra-marca\/quique-garcia-ojeda-rafa-cid-impreza-sti-del-infierno-verde-al-turini\/#article","isPartOf":{"@id":"https:\/\/www.subaru.es\/blog\/nuestra-marca\/quique-garcia-ojeda-rafa-cid-impreza-sti-del-infierno-verde-al-turini\/"},"author":{"name":"Subaru","@id":"https:\/\/www.subaru.es\/blog\/#\/schema\/person\/19a90b892230b8e0ec752704ddf4aa10"},"headline":"Quique Garc\u00eda Ojeda, Rafa Cid &#038; Impreza STi. Del infierno verde al Turini","datePublished":"2009-08-06T13:26:19+00:00","dateModified":"2016-10-17T08:48:25+00:00","mainEntityOfPage":{"@id":"https:\/\/www.subaru.es\/blog\/nuestra-marca\/quique-garcia-ojeda-rafa-cid-impreza-sti-del-infierno-verde-al-turini\/"},"wordCount":307,"commentCount":2,"publisher":{"@id":"https:\/\/www.subaru.es\/blog\/#organization"},"image":{"@id":"https:\/\/www.subaru.es\/blog\/nuestra-marca\/quique-garcia-ojeda-rafa-cid-impreza-sti-del-infierno-verde-al-turini\/#primaryimage"},"thumbnailUrl":"https:\/\/www.subaru.es\/blog\/wp-content\/uploads\/2009\/08\/nur-1.jpg","articleSection":["Nuestra marca"],"inLanguage":"es","potentialAction":[{"@type":"CommentAction","name":"Comment","target":["https:\/\/www.subaru.es\/blog\/nuestra-marca\/quique-garcia-ojeda-rafa-cid-impreza-sti-del-infierno-verde-al-turini\/#respond"]}]},{"@type":"WebPage","@id":"https:\/\/www.subaru.es\/blog\/nuestra-marca\/quique-garcia-ojeda-rafa-cid-impreza-sti-del-infierno-verde-al-turini\/","url":"https:\/\/www.subaru.es\/blog\/nuestra-marca\/quique-garcia-ojeda-rafa-cid-impreza-sti-del-infierno-verde-al-turini\/","name":"Quique Garc\u00eda Ojeda, Rafa Cid & Impreza STi. Del infierno verde al Turini - Universo Subaru","isPartOf":{"@id":"https:\/\/www.subaru.es\/blog\/#website"},"primaryImageOfPage":{"@id":"https:\/\/www.subaru.es\/blog\/nuestra-marca\/quique-garcia-ojeda-rafa-cid-impreza-sti-del-infierno-verde-al-turini\/#primaryimage"},"image":{"@id":"https:\/\/www.subaru.es\/blog\/nuestra-marca\/quique-garcia-ojeda-rafa-cid-impreza-sti-del-infierno-verde-al-turini\/#primaryimage"},"thumbnailUrl":"https:\/\/www.subaru.es\/blog\/wp-content\/uploads\/2009\/08\/nur-1.jpg","datePublished":"2009-08-06T13:26:19+00:00","dateModified":"2016-10-17T08:48:25+00:00","breadcrumb":{"@id":"https:\/\/www.subaru.es\/blog\/nuestra-marca\/quique-garcia-ojeda-rafa-cid-impreza-sti-del-infierno-verde-al-turini\/#breadcrumb"},"inLanguage":"es","potentialAction":[{"@type":"ReadAction","target":["https:\/\/www.subaru.es\/blog\/nuestra-marca\/quique-garcia-ojeda-rafa-cid-impreza-sti-del-infierno-verde-al-turini\/"]}]},{"@type":"ImageObject","inLanguage":"es","@id":"https:\/\/www.subaru.es\/blog\/nuestra-marca\/quique-garcia-ojeda-rafa-cid-impreza-sti-del-infierno-verde-al-turini\/#primaryimage","url":"https:\/\/www.subaru.es\/blog\/wp-content\/uploads\/2009\/08\/nur-1.jpg","contentUrl":"https:\/\/www.subaru.es\/blog\/wp-content\/uploads\/2009\/08\/nur-1.jpg"},{"@type":"BreadcrumbList","@id":"https:\/\/www.subaru.es\/blog\/nuestra-marca\/quique-garcia-ojeda-rafa-cid-impreza-sti-del-infierno-verde-al-turini\/#breadcrumb","itemListElement":[{"@type":"ListItem","position":1,"name":"Portada","item":"https:\/\/www.subaru.es\/blog\/"},{"@type":"ListItem","position":2,"name":"Quique Garc\u00eda Ojeda, Rafa Cid &#038; Impreza STi. Del infierno verde al Turini"}]},{"@type":"WebSite","@id":"https:\/\/www.subaru.es\/blog\/#website","url":"https:\/\/www.subaru.es\/blog\/","name":"Universo Subaru","description":"Descubre este apasionante espacio de Subaru donde vas a conocer todo sobre nuestros coches y las experiencias que vivimos con ellos. Si est\u00e1s preparado para dejarte seducir por la filosof\u00eda Subaru, qu\u00e9date con nosotros.","publisher":{"@id":"https:\/\/www.subaru.es\/blog\/#organization"},"potentialAction":[{"@type":"SearchAction","target":{"@type":"EntryPoint","urlTemplate":"https:\/\/www.subaru.es\/blog\/?s={search_term_string}"},"query-input":{"@type":"PropertyValueSpecification","valueRequired":true,"valueName":"search_term_string"}}],"inLanguage":"es"},{"@type":"Organization","@id":"https:\/\/www.subaru.es\/blog\/#organization","name":"Subaru Espa\u00f1a S.A.","url":"https:\/\/www.subaru.es\/blog\/","logo":{"@type":"ImageObject","inLanguage":"es","@id":"https:\/\/www.subaru.es\/blog\/#\/schema\/logo\/image\/","url":"https:\/\/www.subaru.es\/blog\/wp-content\/uploads\/2016\/12\/Logo-Subaru-TypeV_C300-scaled.jpg","contentUrl":"https:\/\/www.subaru.es\/blog\/wp-content\/uploads\/2016\/12\/Logo-Subaru-TypeV_C300-scaled.jpg","width":2560,"height":1864,"caption":"Subaru Espa\u00f1a S.A."},"image":{"@id":"https:\/\/www.subaru.es\/blog\/#\/schema\/logo\/image\/"},"sameAs":["https:\/\/www.facebook.com\/subaruespana","https:\/\/www.instagram.com\/subarues\/","https:\/\/www.youtube.com\/user\/subaruespana"]},{"@type":"Person","@id":"https:\/\/www.subaru.es\/blog\/#\/schema\/person\/19a90b892230b8e0ec752704ddf4aa10","name":"Subaru","url":"https:\/\/www.subaru.es\/blog\/author\/subaria\/"}]}},"_links":{"self":[{"href":"https:\/\/www.subaru.es\/blog\/wp-json\/wp\/v2\/posts\/2175","targetHints":{"allow":["GET"]}}],"collection":[{"href":"https:\/\/www.subaru.es\/blog\/wp-json\/wp\/v2\/posts"}],"about":[{"href":"https:\/\/www.subaru.es\/blog\/wp-json\/wp\/v2\/types\/post"}],"author":[{"embeddable":true,"href":"https:\/\/www.subaru.es\/blog\/wp-json\/wp\/v2\/users\/21"}],"replies":[{"embeddable":true,"href":"https:\/\/www.subaru.es\/blog\/wp-json\/wp\/v2\/comments?post=2175"}],"version-history":[{"count":0,"href":"https:\/\/www.subaru.es\/blog\/wp-json\/wp\/v2\/posts\/2175\/revisions"}],"wp:attachment":[{"href":"https:\/\/www.subaru.es\/blog\/wp-json\/wp\/v2\/media?parent=2175"}],"wp:term":[{"taxonomy":"category","embeddable":true,"href":"https:\/\/www.subaru.es\/blog\/wp-json\/wp\/v2\/categories?post=2175"},{"taxonomy":"post_tag","embeddable":true,"href":"https:\/\/www.subaru.es\/blog\/wp-json\/wp\/v2\/tags?post=2175"}],"curies":[{"name":"wp","href":"https:\/\/api.w.org\/{rel}","templated":true}]}}