{"id":21633,"date":"2020-01-16T10:00:07","date_gmt":"2020-01-16T08:00:07","guid":{"rendered":"https:\/\/www.subaru.es\/blog\/?p=21633"},"modified":"2022-12-16T11:50:54","modified_gmt":"2022-12-16T09:50:54","slug":"invierno-perro-subaru","status":"publish","type":"post","link":"https:\/\/www.subaru.es\/blog\/pet-lovers\/invierno-perro-subaru\/","title":{"rendered":"\u00a1El invierno es para todos! Esc\u00e1pate a la nieve con tu perro y tu Subaru"},"content":{"rendered":"\n<p>Si eres un <strong>#Subarista<\/strong>, no hace falta que te contemos <strong>c\u00f3mo disfrutar del invierno con tu <a href=\"https:\/\/www.subaru.es\/\" target=\"_blank\" rel=\"noreferrer noopener\" aria-label=\"Si eres un #Subarista, no hace falta que te contemos c\u00f3mo disfrutar del invierno con tu Subaru. Si adem\u00e1s eres un aut\u00e9ntico #Petlover, sabr\u00e1s que nuestros veh\u00edculos est\u00e1n m\u00e1s que preparados para llevar a toda la familia al destino m\u00e1s divertido. Esc\u00e1pate a la nieve con tu perrete y tu Subaru con estos planes que te proponemos junto con nuestros compa\u00f1eros de DogVivant. (opens in a new tab)\">Subaru<\/a>.<\/strong> Si adem\u00e1s eres un aut\u00e9ntico <strong>#Petlover, sabr\u00e1s que nuestros veh\u00edculos est\u00e1n m\u00e1s que preparados para llevar a toda la familia al destino m\u00e1s divertido. <\/strong>Esc\u00e1pate a la nieve con tu perrete y tu Subaru con estos planes que te proponemos junto con nuestros compa\u00f1eros de <strong><a rel=\"noreferrer noopener\" aria-label=\"Si eres un #Subarista, no hace falta que te contemos c\u00f3mo disfrutar del invierno con tu Subaru. Si adem\u00e1s eres un aut\u00e9ntico #Petlover, sabr\u00e1s que nuestros veh\u00edculos est\u00e1n m\u00e1s que preparados para llevar a toda la familia al destino m\u00e1s divertido. Esc\u00e1pate a la nieve con tu perrete y tu Subaru con estos planes que te proponemos junto con nuestros compa\u00f1eros de DogVivant. (opens in a new tab)\" href=\"https:\/\/blog.dogvivant.com\/\" target=\"_blank\">DogVivant<\/a><\/strong>.<\/p>\n\n\n\n<h3 class=\"wp-block-heading\">Planes nevados con perro en toda la pen\u00ednsula<\/h3>\n\n\n\n<p><strong>Ir a la nieve con perro es una experiencia que cualquier amante de estos peludos de cuatro patas deber\u00eda probar.<\/strong> \u00a1Toma nota de los mejores lugares que nos propone <strong><a href=\"https:\/\/blog.dogvivant.com\/ir-a-la-nieve-con-perro\" target=\"_blank\" rel=\"noreferrer noopener\" aria-label=\"Ir a la nieve con perro es una experiencia que cualquier amante de estos peludos de cuatro patas deber\u00eda probar. \u00a1Toma nota de los mejores lugares que nos propone DogVivant para disfrutar de carreras y juegos durante todo el d\u00eda!  (opens in a new tab)\">DogVivant<\/a><\/strong> para disfrutar de carreras y juegos durante todo el d\u00eda! <\/p>\n\n\n\n<div class=\"wp-block-image\"><figure class=\"aligncenter is-resized\"><img decoding=\"async\" data-src=\"https:\/\/www.subaru.es\/blog\/wp-content\/uploads\/2020\/01\/04.-POST-DOGVIVANT-1.jpg\" alt=\"\" class=\"wp-image-21635 lazyload\" width=\"453\" height=\"257\" data-srcset=\"https:\/\/www.subaru.es\/blog\/wp-content\/uploads\/2020\/01\/04.-POST-DOGVIVANT-1.jpg 1353w, https:\/\/www.subaru.es\/blog\/wp-content\/uploads\/2020\/01\/04.-POST-DOGVIVANT-1-560x318.jpg 560w, https:\/\/www.subaru.es\/blog\/wp-content\/uploads\/2020\/01\/04.-POST-DOGVIVANT-1-768x436.jpg 768w\" data-sizes=\"(max-width: 453px) 100vw, 453px\" src=\"data:image\/svg+xml;base64,PHN2ZyB3aWR0aD0iMSIgaGVpZ2h0PSIxIiB4bWxucz0iaHR0cDovL3d3dy53My5vcmcvMjAwMC9zdmciPjwvc3ZnPg==\" style=\"--smush-placeholder-width: 453px; --smush-placeholder-aspect-ratio: 453\/257;\" \/><\/figure><\/div>\n\n\n\n<h3 class=\"wp-block-heading\">Parque Natural de Guadarrama en el centro de la Pen\u00ednsula<\/h3>\n\n\n\n<p>Quienes vivan en Madrid y alrededores pueden disfrutar de la <a rel=\"noreferrer noopener\" aria-label=\"Quienes vivan en Madrid y alrededores pueden disfrutar de la Sierra a escasos kil\u00f3metros de la capital. Un lugar perfecto en el que desconectar, donde el estr\u00e9s no tiene cabida y donde existen cientos de rutas para pasear con nuestros mejores amigos o simplemente para gozar del paisaje nevado.  (opens in a new tab)\" href=\"https:\/\/www.dogvivant.com\/sitios-para-ir-con-perros\/parque-nacional-de-la-sierra-de-guadarrama\" target=\"_blank\"><strong>Sierra<\/strong><\/a> a escasos kil\u00f3metros de la capital. Un lugar perfecto en el que desconectar, donde el estr\u00e9s no tiene cabida y donde existen cientos de <strong>rutas para pasear con nuestros mejores amigos<\/strong> o simplemente para gozar del paisaje nevado. <\/p>\n\n\n\n<div class=\"wp-block-image\"><figure class=\"aligncenter is-resized\"><img decoding=\"async\" data-src=\"https:\/\/www.subaru.es\/blog\/wp-content\/uploads\/2020\/01\/blog.jpg\" alt=\"\" class=\"wp-image-21636 lazyload\" width=\"447\" height=\"251\" data-srcset=\"https:\/\/www.subaru.es\/blog\/wp-content\/uploads\/2020\/01\/blog.jpg 644w, https:\/\/www.subaru.es\/blog\/wp-content\/uploads\/2020\/01\/blog-560x315.jpg 560w\" data-sizes=\"(max-width: 447px) 100vw, 447px\" src=\"data:image\/svg+xml;base64,PHN2ZyB3aWR0aD0iMSIgaGVpZ2h0PSIxIiB4bWxucz0iaHR0cDovL3d3dy53My5vcmcvMjAwMC9zdmciPjwvc3ZnPg==\" style=\"--smush-placeholder-width: 447px; --smush-placeholder-aspect-ratio: 447\/251;\" \/><figcaption><em>Foto: abc.es<\/em><\/figcaption><\/figure><\/div>\n\n\n\n<h3 class=\"wp-block-heading\">Sierra Nevada en el Sur<\/h3>\n\n\n\n<p>En la zona de <strong><a rel=\"noreferrer noopener\" aria-label=\"En la zona de Granada y Almer\u00eda se encuentra Sierra Nevada, un impresionante y extenso macizo monta\u00f1oso con un relieve compacto que cuenta con la cima m\u00e1s alta de la Pen\u00ednsula Ib\u00e9rica, el Mulhac\u00e9n. Cuenta con multitud de rutas y paseos por los que perderse con perro y con una estaci\u00f3n de esqu\u00ed para los m\u00e1s deportistas. \u00a1Pero recuerda que tu mascota deber\u00e1 esperarte fuera de las pistas! (opens in a new tab)\" href=\"https:\/\/www.dogvivant.com\/sitios-para-ir-con-perros\/granada-provincia\" target=\"_blank\">Granada<\/a> y <a rel=\"noreferrer noopener\" aria-label=\"En la zona de Granada y Almer\u00eda se encuentra Sierra Nevada, un impresionante y extenso macizo monta\u00f1oso con un relieve compacto que cuenta con la cima m\u00e1s alta de la Pen\u00ednsula Ib\u00e9rica, el Mulhac\u00e9n. Cuenta con multitud de rutas y paseos por los que perderse con perro y con una estaci\u00f3n de esqu\u00ed para los m\u00e1s deportistas. \u00a1Pero recuerda que tu mascota deber\u00e1 esperarte fuera de las pistas! (opens in a new tab)\" href=\"https:\/\/www.dogvivant.com\/sitios-para-ir-con-perros\/almeria-provincia\" target=\"_blank\">Almer\u00eda<\/a> se encuentra Sierra Nevada<\/strong>, un impresionante y extenso macizo monta\u00f1oso con un relieve compacto que cuenta con la cima m\u00e1s alta de la <strong>Pen\u00ednsula Ib\u00e9rica, el Mulhac\u00e9n. <\/strong>Cuenta con multitud de rutas y <strong>paseos por los que p<a href=\"https:\/\/www.subaru.es\/blog\/pet-lovers\/destino-subaru-excursion-perros\/\" target=\"_blank\" rel=\"noreferrer noopener\" aria-label=\"En la zona de Granada y Almer\u00eda se encuentra Sierra Nevada, un impresionante y extenso macizo monta\u00f1oso con un relieve compacto que cuenta con la cima m\u00e1s alta de la Pen\u00ednsula Ib\u00e9rica, el Mulhac\u00e9n. Cuenta con multitud de rutas y paseos por los que perderse con perro y con una estaci\u00f3n de esqu\u00ed para los m\u00e1s deportistas. \u00a1Pero recuerda que tu mascota deber\u00e1 esperarte fuera de las pistas! (opens in a new tab)\">erderse con perro <\/a>y con una estaci\u00f3n de esqu\u00ed para los m\u00e1s deportistas<\/strong>. \u00a1Pero recuerda que tu mascota deber\u00e1 esperarte fuera de las pistas!<\/p>\n\n\n\n<div class=\"wp-block-image\"><figure class=\"aligncenter is-resized\"><img decoding=\"async\" data-src=\"https:\/\/www.subaru.es\/blog\/wp-content\/uploads\/2020\/01\/blog-2.jpg\" alt=\"\" class=\"wp-image-21637 lazyload\" width=\"444\" height=\"277\" data-srcset=\"https:\/\/www.subaru.es\/blog\/wp-content\/uploads\/2020\/01\/blog-2.jpg 650w, https:\/\/www.subaru.es\/blog\/wp-content\/uploads\/2020\/01\/blog-2-560x350.jpg 560w\" data-sizes=\"(max-width: 444px) 100vw, 444px\" src=\"data:image\/svg+xml;base64,PHN2ZyB3aWR0aD0iMSIgaGVpZ2h0PSIxIiB4bWxucz0iaHR0cDovL3d3dy53My5vcmcvMjAwMC9zdmciPjwvc3ZnPg==\" style=\"--smush-placeholder-width: 444px; --smush-placeholder-aspect-ratio: 444\/277;\" \/><figcaption>Foto: turgranada.es<br><\/figcaption><\/figure><\/div>\n\n\n\n<h3 class=\"wp-block-heading\">Parque Nacional de Picos de Europa y Pirineos en el Norte<\/h3>\n\n\n\n<p>Ninguno de estos destinos requiere de gran presentaci\u00f3n. No obstante, el <strong><a rel=\"noreferrer noopener\" aria-label=\"Ninguno de estos destinos requiere de gran presentaci\u00f3n. No obstante, el Parque Nacional de Picos de Europa se encuentra enclavado en la Cordillera Cant\u00e1brica, entre las provincias de Asturias, Le\u00f3n y Cantabria. Por su parte, los Pirineos se sit\u00faan entre Francia, Espa\u00f1a y Andorra. Aquellos afortunados que residan en las provincias de Guip\u00fazcoa, Navarra, Huesca, L\u00e9rida y Gerona podr\u00e1n llegar f\u00e1cilmente a este paraje. \nAmbos destinos esconden paisajes de naturaleza alucinantes e incluso patrimonio hist\u00f3rico y cultural deseando ser descubierto por humanos y animales. Amplia flora y fauna, zonas v\u00edrgenes, bosques, valles, y hasta la playa cerca en algunos casos. \u00a1Todo un espect\u00e1culo que adem\u00e1s mejora pintado con el blanco de la nieve! Tanto que te costar\u00e1 decidir qu\u00e9 lugar te enamora m\u00e1s. (opens in a new tab)\" href=\"https:\/\/www.dogvivant.com\/sitios-para-ir-con-perros\/picos-de-europa?p=2&amp;pc=2\" target=\"_blank\">Parque Nacional de Picos de Europa<\/a><\/strong> se encuentra enclavado en la Cordillera Cant\u00e1brica, entre las provincias de <strong><a rel=\"noreferrer noopener\" aria-label=\"Ninguno de estos destinos requiere de gran presentaci\u00f3n. No obstante, el Parque Nacional de Picos de Europa se encuentra enclavado en la Cordillera Cant\u00e1brica, entre las provincias de Asturias, Le\u00f3n y Cantabria. Por su parte, los Pirineos se sit\u00faan entre Francia, Espa\u00f1a y Andorra. Aquellos afortunados que residan en las provincias de Guip\u00fazcoa, Navarra, Huesca, L\u00e9rida y Gerona podr\u00e1n llegar f\u00e1cilmente a este paraje. \nAmbos destinos esconden paisajes de naturaleza alucinantes e incluso patrimonio hist\u00f3rico y cultural deseando ser descubierto por humanos y animales. Amplia flora y fauna, zonas v\u00edrgenes, bosques, valles, y hasta la playa cerca en algunos casos. \u00a1Todo un espect\u00e1culo que adem\u00e1s mejora pintado con el blanco de la nieve! Tanto que te costar\u00e1 decidir qu\u00e9 lugar te enamora m\u00e1s. (opens in a new tab)\" href=\"https:\/\/www.dogvivant.com\/sitios-para-ir-con-perros\/asturias\" target=\"_blank\">Asturias<\/a>, <a rel=\"noreferrer noopener\" aria-label=\"Ninguno de estos destinos requiere de gran presentaci\u00f3n. No obstante, el Parque Nacional de Picos de Europa se encuentra enclavado en la Cordillera Cant\u00e1brica, entre las provincias de Asturias, Le\u00f3n y Cantabria. Por su parte, los Pirineos se sit\u00faan entre Francia, Espa\u00f1a y Andorra. Aquellos afortunados que residan en las provincias de Guip\u00fazcoa, Navarra, Huesca, L\u00e9rida y Gerona podr\u00e1n llegar f\u00e1cilmente a este paraje. \nAmbos destinos esconden paisajes de naturaleza alucinantes e incluso patrimonio hist\u00f3rico y cultural deseando ser descubierto por humanos y animales. Amplia flora y fauna, zonas v\u00edrgenes, bosques, valles, y hasta la playa cerca en algunos casos. \u00a1Todo un espect\u00e1culo que adem\u00e1s mejora pintado con el blanco de la nieve! Tanto que te costar\u00e1 decidir qu\u00e9 lugar te enamora m\u00e1s. (opens in a new tab)\" href=\"https:\/\/www.dogvivant.com\/sitios-para-ir-con-perros\/leon-provincia\" target=\"_blank\">Le\u00f3n<\/a> y <a href=\"https:\/\/www.dogvivant.com\/sitios-para-ir-con-perros\/cantabria\" target=\"_blank\" rel=\"noreferrer noopener\" aria-label=\"Ninguno de estos destinos requiere de gran presentaci\u00f3n. No obstante, el Parque Nacional de Picos de Europa se encuentra enclavado en la Cordillera Cant\u00e1brica, entre las provincias de Asturias, Le\u00f3n y Cantabria. Por su parte, los Pirineos se sit\u00faan entre Francia, Espa\u00f1a y Andorra. Aquellos afortunados que residan en las provincias de Guip\u00fazcoa, Navarra, Huesca, L\u00e9rida y Gerona podr\u00e1n llegar f\u00e1cilmente a este paraje. \nAmbos destinos esconden paisajes de naturaleza alucinantes e incluso patrimonio hist\u00f3rico y cultural deseando ser descubierto por humanos y animales. Amplia flora y fauna, zonas v\u00edrgenes, bosques, valles, y hasta la playa cerca en algunos casos. \u00a1Todo un espect\u00e1culo que adem\u00e1s mejora pintado con el blanco de la nieve! Tanto que te costar\u00e1 decidir qu\u00e9 lugar te enamora m\u00e1s. (opens in a new tab)\">Cantabria<\/a><\/strong>. Por su parte, los Pirineos se sit\u00faan entre Francia, Espa\u00f1a y Andorra. Aquellos afortunados que residan en las provincias de<strong> Guip\u00fazcoa, Navarra, Huesca, L\u00e9rida y Gerona podr\u00e1n llegar f\u00e1cilmente a este paraje<\/strong>. <br>Ambos destinos esconden paisajes de naturaleza alucinantes e incluso patrimonio hist\u00f3rico y cultural deseando ser descubierto por humanos y animales. <strong>Amplia flora y fauna, zonas v\u00edrgenes, bosques, valles, y hasta la playa cerca en algunos casos.<\/strong> \u00a1Todo un espect\u00e1culo que adem\u00e1s mejora pintado con el blanco de la nieve! Tanto que te costar\u00e1 decidir qu\u00e9 lugar te enamora m\u00e1s.<\/p>\n\n\n\n<div class=\"wp-block-image\"><figure class=\"aligncenter is-resized\"><img decoding=\"async\" data-src=\"https:\/\/www.subaru.es\/blog\/wp-content\/uploads\/2020\/01\/blog-3.jpg\" alt=\"\" class=\"wp-image-21638 lazyload\" width=\"460\" height=\"290\" src=\"data:image\/svg+xml;base64,PHN2ZyB3aWR0aD0iMSIgaGVpZ2h0PSIxIiB4bWxucz0iaHR0cDovL3d3dy53My5vcmcvMjAwMC9zdmciPjwvc3ZnPg==\" style=\"--smush-placeholder-width: 460px; --smush-placeholder-aspect-ratio: 460\/290;\" \/><figcaption><em>Foto: www.turismoasturias.es<\/em><\/figcaption><\/figure><\/div>\n\n\n\n<h3 class=\"wp-block-heading\">C\u00f3mo llegar a un destino de nieve con seguridad<\/h3>\n\n\n\n<p>Puede que al pensar en un destino de tiene te asalte la preocupaci\u00f3n de c\u00f3mo llegar hasta all\u00ed con <strong>seguridad y sin problemas.<\/strong> En Subaru pensamos en todo, por eso vamos a darte los pasos a seguir. \u00a1Toma nota! <br>\u2022    <strong>Paso 1: Entra en tu Subaru, arranca y pon rumbo a tu destino.<\/strong><br>\u2022    <strong>Paso 2: \u00a1No existe el paso 2! <\/strong><br>Con todo el equipamiento en <strong><a rel=\"noreferrer noopener\" aria-label=\"Puede que al pensar en un destino de tiene te asalte la preocupaci\u00f3n de c\u00f3mo llegar hasta all\u00ed con seguridad y sin problemas. En Subaru pensamos en todo, por eso vamos a darte los pasos a seguir. \u00a1Toma nota! \n\u2022    Paso 1: Entra en tu Subaru, arranca y pon rumbo a tu destino.\n\u2022    Paso 2: \u00a1No existe el paso 2! \nCon todo el equipamiento en seguridad de nuestros veh\u00edculos, no tendr\u00e1s que preocuparte por nada vayas a donde vayas. Un Subaru es tu mejor aliado para moverte con la mayor tranquilidad por los trayectos m\u00e1s complejos. Y adem\u00e1s ser\u00e1 el mejor aliado de la naturaleza si te decantas por uno de los modelos de nuestra gama ECO. Puedes encontrar el Outback, el Impreza y el Levorg en versi\u00f3n GLP. Pero si eres m\u00e1s de ecoHYBRID ya puedes descubrir los nuevos Forester y XV ecoHYBRID.  (opens in a new tab)\" href=\"https:\/\/www.subaru.es\/seguridad\" target=\"_blank\">seguridad<\/a> de nuestros veh\u00edculos<\/strong>, no tendr\u00e1s que preocuparte por nada vayas a donde vayas. <strong>Un Subaru es tu mejor aliado para moverte con la mayor tranquilidad por los trayectos m\u00e1s complejos. <\/strong>Y adem\u00e1s ser\u00e1 el mejor aliado de la naturaleza si te decantas por uno de los modelos de nuestra <a rel=\"noreferrer noopener\" aria-label=\"Puede que al pensar en un destino de tiene te asalte la preocupaci\u00f3n de c\u00f3mo llegar hasta all\u00ed con seguridad y sin problemas. En Subaru pensamos en todo, por eso vamos a darte los pasos a seguir. \u00a1Toma nota! \n\u2022    Paso 1: Entra en tu Subaru, arranca y pon rumbo a tu destino.\n\u2022    Paso 2: \u00a1No existe el paso 2! \nCon todo el equipamiento en seguridad de nuestros veh\u00edculos, no tendr\u00e1s que preocuparte por nada vayas a donde vayas. Un Subaru es tu mejor aliado para moverte con la mayor tranquilidad por los trayectos m\u00e1s complejos. Y adem\u00e1s ser\u00e1 el mejor aliado de la naturaleza si te decantas por uno de los modelos de nuestra gama ECO. Puedes encontrar el Outback, el Impreza y el Levorg en versi\u00f3n GLP. Pero si eres m\u00e1s de ecoHYBRID ya puedes descubrir los nuevos Forester y XV ecoHYBRID.  (opens in a new tab)\" href=\"https:\/\/www.subaru.es\/gamaeco-hibridos\" target=\"_blank\"><strong>gama ECO<\/strong><\/a>. Puedes encontrar el <a rel=\"noreferrer noopener\" aria-label=\"Puede que al pensar en un destino de tiene te asalte la preocupaci\u00f3n de c\u00f3mo llegar hasta all\u00ed con seguridad y sin problemas. En Subaru pensamos en todo, por eso vamos a darte los pasos a seguir. \u00a1Toma nota! \n\u2022    Paso 1: Entra en tu Subaru, arranca y pon rumbo a tu destino.\n\u2022    Paso 2: \u00a1No existe el paso 2! \nCon todo el equipamiento en seguridad de nuestros veh\u00edculos, no tendr\u00e1s que preocuparte por nada vayas a donde vayas. Un Subaru es tu mejor aliado para moverte con la mayor tranquilidad por los trayectos m\u00e1s complejos. Y adem\u00e1s ser\u00e1 el mejor aliado de la naturaleza si te decantas por uno de los modelos de nuestra gama ECO. Puedes encontrar el Outback, el Impreza y el Levorg en versi\u00f3n GLP. Pero si eres m\u00e1s de ecoHYBRID ya puedes descubrir los nuevos Forester y XV ecoHYBRID.  (opens in a new tab)\" href=\"https:\/\/www.subaru.es\/vehiculos\/outback\" target=\"_blank\"><strong>Outback<\/strong><\/a>, el <strong><a rel=\"noreferrer noopener\" aria-label=\"Puede que al pensar en un destino de tiene te asalte la preocupaci\u00f3n de c\u00f3mo llegar hasta all\u00ed con seguridad y sin problemas. En Subaru pensamos en todo, por eso vamos a darte los pasos a seguir. \u00a1Toma nota! \n\u2022    Paso 1: Entra en tu Subaru, arranca y pon rumbo a tu destino.\n\u2022    Paso 2: \u00a1No existe el paso 2! \nCon todo el equipamiento en seguridad de nuestros veh\u00edculos, no tendr\u00e1s que preocuparte por nada vayas a donde vayas. Un Subaru es tu mejor aliado para moverte con la mayor tranquilidad por los trayectos m\u00e1s complejos. Y adem\u00e1s ser\u00e1 el mejor aliado de la naturaleza si te decantas por uno de los modelos de nuestra gama ECO. Puedes encontrar el Outback, el Impreza y el Levorg en versi\u00f3n GLP. Pero si eres m\u00e1s de ecoHYBRID ya puedes descubrir los nuevos Forester y XV ecoHYBRID.  (opens in a new tab)\" href=\"https:\/\/www.subaru.es\/vehiculos\/impreza\" target=\"_blank\">Impreza<\/a><\/strong> y el <a rel=\"noreferrer noopener\" aria-label=\"Puede que al pensar en un destino de tiene te asalte la preocupaci\u00f3n de c\u00f3mo llegar hasta all\u00ed con seguridad y sin problemas. En Subaru pensamos en todo, por eso vamos a darte los pasos a seguir. \u00a1Toma nota! \n\u2022    Paso 1: Entra en tu Subaru, arranca y pon rumbo a tu destino.\n\u2022    Paso 2: \u00a1No existe el paso 2! \nCon todo el equipamiento en seguridad de nuestros veh\u00edculos, no tendr\u00e1s que preocuparte por nada vayas a donde vayas. Un Subaru es tu mejor aliado para moverte con la mayor tranquilidad por los trayectos m\u00e1s complejos. Y adem\u00e1s ser\u00e1 el mejor aliado de la naturaleza si te decantas por uno de los modelos de nuestra gama ECO. Puedes encontrar el Outback, el Impreza y el Levorg en versi\u00f3n GLP. Pero si eres m\u00e1s de ecoHYBRID ya puedes descubrir los nuevos Forester y XV ecoHYBRID.  (opens in a new tab)\" href=\"https:\/\/www.subaru.es\/vehiculos\/levorg\" target=\"_blank\"><strong>Levorg<\/strong><\/a> en <strong><a rel=\"noreferrer noopener\" aria-label=\"Puede que al pensar en un destino de tiene te asalte la preocupaci\u00f3n de c\u00f3mo llegar hasta all\u00ed con seguridad y sin problemas. En Subaru pensamos en todo, por eso vamos a darte los pasos a seguir. \u00a1Toma nota! \n\u2022    Paso 1: Entra en tu Subaru, arranca y pon rumbo a tu destino.\n\u2022    Paso 2: \u00a1No existe el paso 2! \nCon todo el equipamiento en seguridad de nuestros veh\u00edculos, no tendr\u00e1s que preocuparte por nada vayas a donde vayas. Un Subaru es tu mejor aliado para moverte con la mayor tranquilidad por los trayectos m\u00e1s complejos. Y adem\u00e1s ser\u00e1 el mejor aliado de la naturaleza si te decantas por uno de los modelos de nuestra gama ECO. Puedes encontrar el Outback, el Impreza y el Levorg en versi\u00f3n GLP. Pero si eres m\u00e1s de ecoHYBRID ya puedes descubrir los nuevos Forester y XV ecoHYBRID.  (opens in a new tab)\" href=\"https:\/\/www.subaru.es\/gamaeco-glp\" target=\"_blank\">versi\u00f3n GLP.<\/a><\/strong> Pero si eres m\u00e1s de ecoHYBRID ya puedes descubrir los<strong> <a rel=\"noreferrer noopener\" aria-label=\"Puede que al pensar en un destino de tiene te asalte la preocupaci\u00f3n de c\u00f3mo llegar hasta all\u00ed con seguridad y sin problemas. En Subaru pensamos en todo, por eso vamos a darte los pasos a seguir. \u00a1Toma nota! \n\u2022    Paso 1: Entra en tu Subaru, arranca y pon rumbo a tu destino.\n\u2022    Paso 2: \u00a1No existe el paso 2! \nCon todo el equipamiento en seguridad de nuestros veh\u00edculos, no tendr\u00e1s que preocuparte por nada vayas a donde vayas. Un Subaru es tu mejor aliado para moverte con la mayor tranquilidad por los trayectos m\u00e1s complejos. Y adem\u00e1s ser\u00e1 el mejor aliado de la naturaleza si te decantas por uno de los modelos de nuestra gama ECO. Puedes encontrar el Outback, el Impreza y el Levorg en versi\u00f3n GLP. Pero si eres m\u00e1s de ecoHYBRID ya puedes descubrir los nuevos Forester y XV ecoHYBRID.  (opens in a new tab)\" href=\"https:\/\/www.subaru.es\/vehiculos\/forester\" target=\"_blank\">nuevos Forester<\/a><\/strong><a rel=\"noreferrer noopener\" aria-label=\"Puede que al pensar en un destino de tiene te asalte la preocupaci\u00f3n de c\u00f3mo llegar hasta all\u00ed con seguridad y sin problemas. En Subaru pensamos en todo, por eso vamos a darte los pasos a seguir. \u00a1Toma nota! \n\u2022    Paso 1: Entra en tu Subaru, arranca y pon rumbo a tu destino.\n\u2022    Paso 2: \u00a1No existe el paso 2! \nCon todo el equipamiento en seguridad de nuestros veh\u00edculos, no tendr\u00e1s que preocuparte por nada vayas a donde vayas. Un Subaru es tu mejor aliado para moverte con la mayor tranquilidad por los trayectos m\u00e1s complejos. Y adem\u00e1s ser\u00e1 el mejor aliado de la naturaleza si te decantas por uno de los modelos de nuestra gama ECO. Puedes encontrar el Outback, el Impreza y el Levorg en versi\u00f3n GLP. Pero si eres m\u00e1s de ecoHYBRID ya puedes descubrir los nuevos Forester y XV ecoHYBRID.  (opens in a new tab)\" href=\"https:\/\/www.subaru.es\/vehiculos\/forester\" target=\"_blank\"> <\/a>y <strong><a href=\"https:\/\/www.subaru.es\/vehiculos\/xv\" target=\"_blank\" rel=\"noreferrer noopener\" aria-label=\"Puede que al pensar en un destino de tiene te asalte la preocupaci\u00f3n de c\u00f3mo llegar hasta all\u00ed con seguridad y sin problemas. En Subaru pensamos en todo, por eso vamos a darte los pasos a seguir. \u00a1Toma nota! \n\u2022    Paso 1: Entra en tu Subaru, arranca y pon rumbo a tu destino.\n\u2022    Paso 2: \u00a1No existe el paso 2! \nCon todo el equipamiento en seguridad de nuestros veh\u00edculos, no tendr\u00e1s que preocuparte por nada vayas a donde vayas. Un Subaru es tu mejor aliado para moverte con la mayor tranquilidad por los trayectos m\u00e1s complejos. Y adem\u00e1s ser\u00e1 el mejor aliado de la naturaleza si te decantas por uno de los modelos de nuestra gama ECO. Puedes encontrar el Outback, el Impreza y el Levorg en versi\u00f3n GLP. Pero si eres m\u00e1s de ecoHYBRID ya puedes descubrir los nuevos Forester y XV ecoHYBRID.  (opens in a new tab)\">XV ecoHYBRID<\/a><\/strong>. <\/p>\n\n\n\n<div class=\"wp-block-image\"><figure class=\"aligncenter is-resized\"><img decoding=\"async\" data-src=\"https:\/\/www.subaru.es\/blog\/wp-content\/uploads\/2019\/12\/PER_3365_LoRes_RGB-min-1440x960.jpg\" alt=\"\" class=\"wp-image-21549 lazyload\" width=\"453\" height=\"301\" data-srcset=\"https:\/\/www.subaru.es\/blog\/wp-content\/uploads\/2019\/12\/PER_3365_LoRes_RGB-min-1440x960.jpg 1440w, https:\/\/www.subaru.es\/blog\/wp-content\/uploads\/2019\/12\/PER_3365_LoRes_RGB-min-560x373.jpg 560w, https:\/\/www.subaru.es\/blog\/wp-content\/uploads\/2019\/12\/PER_3365_LoRes_RGB-min-768x512.jpg 768w, https:\/\/www.subaru.es\/blog\/wp-content\/uploads\/2019\/12\/PER_3365_LoRes_RGB-min.jpg 1486w\" data-sizes=\"(max-width: 453px) 100vw, 453px\" src=\"data:image\/svg+xml;base64,PHN2ZyB3aWR0aD0iMSIgaGVpZ2h0PSIxIiB4bWxucz0iaHR0cDovL3d3dy53My5vcmcvMjAwMC9zdmciPjwvc3ZnPg==\" style=\"--smush-placeholder-width: 453px; --smush-placeholder-aspect-ratio: 453\/301;\" \/><\/figure><\/div>\n\n\n\n<div class=\"wp-block-image\"><figure class=\"aligncenter is-resized\"><img decoding=\"async\" data-src=\"https:\/\/www.subaru.es\/blog\/wp-content\/uploads\/2019\/09\/HgUMfgpZ.jpeg\" alt=\"\" class=\"wp-image-21350 lazyload\" width=\"433\" height=\"86\" data-srcset=\"https:\/\/www.subaru.es\/blog\/wp-content\/uploads\/2019\/09\/HgUMfgpZ.jpeg 1353w, https:\/\/www.subaru.es\/blog\/wp-content\/uploads\/2019\/09\/HgUMfgpZ-560x112.jpeg 560w, https:\/\/www.subaru.es\/blog\/wp-content\/uploads\/2019\/09\/HgUMfgpZ-768x153.jpeg 768w\" data-sizes=\"(max-width: 433px) 100vw, 433px\" src=\"data:image\/svg+xml;base64,PHN2ZyB3aWR0aD0iMSIgaGVpZ2h0PSIxIiB4bWxucz0iaHR0cDovL3d3dy53My5vcmcvMjAwMC9zdmciPjwvc3ZnPg==\" style=\"--smush-placeholder-width: 433px; --smush-placeholder-aspect-ratio: 433\/86;\" \/><\/figure><\/div>\n","protected":false},"excerpt":{"rendered":"<p>Si eres un #Subarista, no hace falta que te contemos c\u00f3mo disfrutar del invierno con tu Subaru. Si adem\u00e1s eres un aut\u00e9ntico #Petlover, sabr\u00e1s que nuestros veh\u00edculos est\u00e1n m\u00e1s que preparados para llevar a toda la familia al destino m\u00e1s divertido. Esc\u00e1pate a la nieve con tu perrete y tu Subaru con estos planes que [&hellip;]<\/p>\n","protected":false},"author":21,"featured_media":21634,"comment_status":"open","ping_status":"closed","sticky":false,"template":"","format":"standard","meta":{"_acf_changed":false,"_eb_attr":"","inline_featured_image":false,"footnotes":""},"categories":[4402,4520],"tags":[4405,5027,5005,4852,5013,3235,1694,2174,4544,4364,4363,4525,4575,4390,4989,5017,908,64,4543,4714,4437,4774],"class_list":["post-21633","post","type-post","status-publish","format-standard","has-post-thumbnail","hentry","category-pet-lovers","category-subaru-lifestyle","tag-all-around-safety","tag-dogvivant","tag-gama-hibrida-subaru","tag-gama-suv","tag-gama-suv-subaru","tag-invierno","tag-off-road","tag-offroad","tag-offroaders","tag-petfriendly","tag-petlovers","tag-petoffroaders","tag-seguridad-subaru","tag-subaru","tag-subaru-eco-bi-fuel","tag-subaru-eco-hybrid","tag-subaru-ecologico","tag-subaru-espana","tag-subaru-offroaders","tag-subaru-petlover","tag-subaruoffroaders","tag-subarupetlover"],"acf":[],"yoast_head":"<!-- This site is optimized with the Yoast SEO plugin v27.3 - https:\/\/yoast.com\/product\/yoast-seo-wordpress\/ -->\n<title>\u00a1El invierno es para todos! Esc\u00e1pate a la nieve con tu perro y tu Subaru - Universo Subaru<\/title>\n<meta name=\"robots\" content=\"index, follow, max-snippet:-1, max-image-preview:large, max-video-preview:-1\" \/>\n<link rel=\"canonical\" href=\"https:\/\/www.subaru.es\/blog\/pet-lovers\/invierno-perro-subaru\/\" \/>\n<meta property=\"og:locale\" content=\"es_ES\" \/>\n<meta property=\"og:type\" content=\"article\" \/>\n<meta property=\"og:title\" content=\"\u00a1El invierno es para todos! Esc\u00e1pate a la nieve con tu perro y tu Subaru - Universo Subaru\" \/>\n<meta property=\"og:description\" content=\"Si eres un #Subarista, no hace falta que te contemos c\u00f3mo disfrutar del invierno con tu Subaru. Si adem\u00e1s eres un aut\u00e9ntico #Petlover, sabr\u00e1s que nuestros veh\u00edculos est\u00e1n m\u00e1s que preparados para llevar a toda la familia al destino m\u00e1s divertido. Esc\u00e1pate a la nieve con tu perrete y tu Subaru con estos planes que [&hellip;]\" \/>\n<meta property=\"og:url\" content=\"https:\/\/www.subaru.es\/blog\/pet-lovers\/invierno-perro-subaru\/\" \/>\n<meta property=\"og:site_name\" content=\"Universo Subaru\" \/>\n<meta property=\"article:publisher\" content=\"https:\/\/www.facebook.com\/subaruespana\" \/>\n<meta property=\"article:published_time\" content=\"2020-01-16T08:00:07+00:00\" \/>\n<meta property=\"article:modified_time\" content=\"2022-12-16T09:50:54+00:00\" \/>\n<meta property=\"og:image\" content=\"https:\/\/www.subaru.es\/blog\/wp-content\/uploads\/2020\/01\/BLOG-Dog-Vivant-Nieve.jpg\" \/>\n\t<meta property=\"og:image:width\" content=\"1550\" \/>\n\t<meta property=\"og:image:height\" content=\"520\" \/>\n\t<meta property=\"og:image:type\" content=\"image\/jpeg\" \/>\n<meta name=\"author\" content=\"Subaru\" \/>\n<meta name=\"twitter:card\" content=\"summary_large_image\" \/>\n<meta name=\"twitter:label1\" content=\"Escrito por\" \/>\n\t<meta name=\"twitter:data1\" content=\"Subaru\" \/>\n\t<meta name=\"twitter:label2\" content=\"Tiempo de lectura\" \/>\n\t<meta name=\"twitter:data2\" content=\"3 minutos\" \/>\n<script type=\"application\/ld+json\" class=\"yoast-schema-graph\">{\"@context\":\"https:\\\/\\\/schema.org\",\"@graph\":[{\"@type\":\"Article\",\"@id\":\"https:\\\/\\\/www.subaru.es\\\/blog\\\/pet-lovers\\\/invierno-perro-subaru\\\/#article\",\"isPartOf\":{\"@id\":\"https:\\\/\\\/www.subaru.es\\\/blog\\\/pet-lovers\\\/invierno-perro-subaru\\\/\"},\"author\":{\"name\":\"Subaru\",\"@id\":\"https:\\\/\\\/www.subaru.es\\\/blog\\\/#\\\/schema\\\/person\\\/19a90b892230b8e0ec752704ddf4aa10\"},\"headline\":\"\u00a1El invierno es para todos! Esc\u00e1pate a la nieve con tu perro y tu Subaru\",\"datePublished\":\"2020-01-16T08:00:07+00:00\",\"dateModified\":\"2022-12-16T09:50:54+00:00\",\"mainEntityOfPage\":{\"@id\":\"https:\\\/\\\/www.subaru.es\\\/blog\\\/pet-lovers\\\/invierno-perro-subaru\\\/\"},\"wordCount\":599,\"commentCount\":0,\"publisher\":{\"@id\":\"https:\\\/\\\/www.subaru.es\\\/blog\\\/#organization\"},\"image\":{\"@id\":\"https:\\\/\\\/www.subaru.es\\\/blog\\\/pet-lovers\\\/invierno-perro-subaru\\\/#primaryimage\"},\"thumbnailUrl\":\"https:\\\/\\\/www.subaru.es\\\/blog\\\/wp-content\\\/uploads\\\/2020\\\/01\\\/BLOG-Dog-Vivant-Nieve.jpg\",\"keywords\":[\"all around safety\",\"Dogvivant\",\"gama h\u00edbrida Subaru\",\"Gama SUV\",\"gama SUV subaru\",\"invierno\",\"Off-Road\",\"offroad\",\"OffRoaders\",\"petfriendly\",\"petlovers\",\"PetOffRoaders\",\"Seguridad Subaru\",\"Subaru\",\"Subaru Eco Bi-fuel\",\"Subaru eco hybrid\",\"Subaru ecol\u00f3gico\",\"subaru espa\u00f1a\",\"Subaru OffRoaders\",\"Subaru PetLover\",\"SubaruOffroaders\",\"SubaruPetLover\"],\"articleSection\":[\"Pet lovers\",\"Subaru LifeStyle\"],\"inLanguage\":\"es\",\"potentialAction\":[{\"@type\":\"CommentAction\",\"name\":\"Comment\",\"target\":[\"https:\\\/\\\/www.subaru.es\\\/blog\\\/pet-lovers\\\/invierno-perro-subaru\\\/#respond\"]}]},{\"@type\":\"WebPage\",\"@id\":\"https:\\\/\\\/www.subaru.es\\\/blog\\\/pet-lovers\\\/invierno-perro-subaru\\\/\",\"url\":\"https:\\\/\\\/www.subaru.es\\\/blog\\\/pet-lovers\\\/invierno-perro-subaru\\\/\",\"name\":\"\u00a1El invierno es para todos! Esc\u00e1pate a la nieve con tu perro y tu Subaru - Universo Subaru\",\"isPartOf\":{\"@id\":\"https:\\\/\\\/www.subaru.es\\\/blog\\\/#website\"},\"primaryImageOfPage\":{\"@id\":\"https:\\\/\\\/www.subaru.es\\\/blog\\\/pet-lovers\\\/invierno-perro-subaru\\\/#primaryimage\"},\"image\":{\"@id\":\"https:\\\/\\\/www.subaru.es\\\/blog\\\/pet-lovers\\\/invierno-perro-subaru\\\/#primaryimage\"},\"thumbnailUrl\":\"https:\\\/\\\/www.subaru.es\\\/blog\\\/wp-content\\\/uploads\\\/2020\\\/01\\\/BLOG-Dog-Vivant-Nieve.jpg\",\"datePublished\":\"2020-01-16T08:00:07+00:00\",\"dateModified\":\"2022-12-16T09:50:54+00:00\",\"breadcrumb\":{\"@id\":\"https:\\\/\\\/www.subaru.es\\\/blog\\\/pet-lovers\\\/invierno-perro-subaru\\\/#breadcrumb\"},\"inLanguage\":\"es\",\"potentialAction\":[{\"@type\":\"ReadAction\",\"target\":[\"https:\\\/\\\/www.subaru.es\\\/blog\\\/pet-lovers\\\/invierno-perro-subaru\\\/\"]}]},{\"@type\":\"ImageObject\",\"inLanguage\":\"es\",\"@id\":\"https:\\\/\\\/www.subaru.es\\\/blog\\\/pet-lovers\\\/invierno-perro-subaru\\\/#primaryimage\",\"url\":\"https:\\\/\\\/www.subaru.es\\\/blog\\\/wp-content\\\/uploads\\\/2020\\\/01\\\/BLOG-Dog-Vivant-Nieve.jpg\",\"contentUrl\":\"https:\\\/\\\/www.subaru.es\\\/blog\\\/wp-content\\\/uploads\\\/2020\\\/01\\\/BLOG-Dog-Vivant-Nieve.jpg\",\"width\":1550,\"height\":520},{\"@type\":\"BreadcrumbList\",\"@id\":\"https:\\\/\\\/www.subaru.es\\\/blog\\\/pet-lovers\\\/invierno-perro-subaru\\\/#breadcrumb\",\"itemListElement\":[{\"@type\":\"ListItem\",\"position\":1,\"name\":\"Portada\",\"item\":\"https:\\\/\\\/www.subaru.es\\\/blog\\\/\"},{\"@type\":\"ListItem\",\"position\":2,\"name\":\"\u00a1El invierno es para todos! Esc\u00e1pate a la nieve con tu perro y tu Subaru\"}]},{\"@type\":\"WebSite\",\"@id\":\"https:\\\/\\\/www.subaru.es\\\/blog\\\/#website\",\"url\":\"https:\\\/\\\/www.subaru.es\\\/blog\\\/\",\"name\":\"Universo Subaru\",\"description\":\"Descubre este apasionante espacio de Subaru donde vas a conocer todo sobre nuestros coches y las experiencias que vivimos con ellos. Si est\u00e1s preparado para dejarte seducir por la filosof\u00eda Subaru, qu\u00e9date con nosotros.\",\"publisher\":{\"@id\":\"https:\\\/\\\/www.subaru.es\\\/blog\\\/#organization\"},\"potentialAction\":[{\"@type\":\"SearchAction\",\"target\":{\"@type\":\"EntryPoint\",\"urlTemplate\":\"https:\\\/\\\/www.subaru.es\\\/blog\\\/?s={search_term_string}\"},\"query-input\":{\"@type\":\"PropertyValueSpecification\",\"valueRequired\":true,\"valueName\":\"search_term_string\"}}],\"inLanguage\":\"es\"},{\"@type\":\"Organization\",\"@id\":\"https:\\\/\\\/www.subaru.es\\\/blog\\\/#organization\",\"name\":\"Subaru Espa\u00f1a S.A.\",\"url\":\"https:\\\/\\\/www.subaru.es\\\/blog\\\/\",\"logo\":{\"@type\":\"ImageObject\",\"inLanguage\":\"es\",\"@id\":\"https:\\\/\\\/www.subaru.es\\\/blog\\\/#\\\/schema\\\/logo\\\/image\\\/\",\"url\":\"https:\\\/\\\/www.subaru.es\\\/blog\\\/wp-content\\\/uploads\\\/2016\\\/12\\\/Logo-Subaru-TypeV_C300-scaled.jpg\",\"contentUrl\":\"https:\\\/\\\/www.subaru.es\\\/blog\\\/wp-content\\\/uploads\\\/2016\\\/12\\\/Logo-Subaru-TypeV_C300-scaled.jpg\",\"width\":2560,\"height\":1864,\"caption\":\"Subaru Espa\u00f1a S.A.\"},\"image\":{\"@id\":\"https:\\\/\\\/www.subaru.es\\\/blog\\\/#\\\/schema\\\/logo\\\/image\\\/\"},\"sameAs\":[\"https:\\\/\\\/www.facebook.com\\\/subaruespana\",\"https:\\\/\\\/www.instagram.com\\\/subarues\\\/\",\"https:\\\/\\\/www.youtube.com\\\/user\\\/subaruespana\"]},{\"@type\":\"Person\",\"@id\":\"https:\\\/\\\/www.subaru.es\\\/blog\\\/#\\\/schema\\\/person\\\/19a90b892230b8e0ec752704ddf4aa10\",\"name\":\"Subaru\",\"url\":\"https:\\\/\\\/www.subaru.es\\\/blog\\\/author\\\/subaria\\\/\"}]}<\/script>\n<!-- \/ Yoast SEO plugin. -->","yoast_head_json":{"title":"\u00a1El invierno es para todos! Esc\u00e1pate a la nieve con tu perro y tu Subaru - Universo Subaru","robots":{"index":"index","follow":"follow","max-snippet":"max-snippet:-1","max-image-preview":"max-image-preview:large","max-video-preview":"max-video-preview:-1"},"canonical":"https:\/\/www.subaru.es\/blog\/pet-lovers\/invierno-perro-subaru\/","og_locale":"es_ES","og_type":"article","og_title":"\u00a1El invierno es para todos! Esc\u00e1pate a la nieve con tu perro y tu Subaru - Universo Subaru","og_description":"Si eres un #Subarista, no hace falta que te contemos c\u00f3mo disfrutar del invierno con tu Subaru. Si adem\u00e1s eres un aut\u00e9ntico #Petlover, sabr\u00e1s que nuestros veh\u00edculos est\u00e1n m\u00e1s que preparados para llevar a toda la familia al destino m\u00e1s divertido. Esc\u00e1pate a la nieve con tu perrete y tu Subaru con estos planes que [&hellip;]","og_url":"https:\/\/www.subaru.es\/blog\/pet-lovers\/invierno-perro-subaru\/","og_site_name":"Universo Subaru","article_publisher":"https:\/\/www.facebook.com\/subaruespana","article_published_time":"2020-01-16T08:00:07+00:00","article_modified_time":"2022-12-16T09:50:54+00:00","og_image":[{"width":1550,"height":520,"url":"https:\/\/www.subaru.es\/blog\/wp-content\/uploads\/2020\/01\/BLOG-Dog-Vivant-Nieve.jpg","type":"image\/jpeg"}],"author":"Subaru","twitter_card":"summary_large_image","twitter_misc":{"Escrito por":"Subaru","Tiempo de lectura":"3 minutos"},"schema":{"@context":"https:\/\/schema.org","@graph":[{"@type":"Article","@id":"https:\/\/www.subaru.es\/blog\/pet-lovers\/invierno-perro-subaru\/#article","isPartOf":{"@id":"https:\/\/www.subaru.es\/blog\/pet-lovers\/invierno-perro-subaru\/"},"author":{"name":"Subaru","@id":"https:\/\/www.subaru.es\/blog\/#\/schema\/person\/19a90b892230b8e0ec752704ddf4aa10"},"headline":"\u00a1El invierno es para todos! Esc\u00e1pate a la nieve con tu perro y tu Subaru","datePublished":"2020-01-16T08:00:07+00:00","dateModified":"2022-12-16T09:50:54+00:00","mainEntityOfPage":{"@id":"https:\/\/www.subaru.es\/blog\/pet-lovers\/invierno-perro-subaru\/"},"wordCount":599,"commentCount":0,"publisher":{"@id":"https:\/\/www.subaru.es\/blog\/#organization"},"image":{"@id":"https:\/\/www.subaru.es\/blog\/pet-lovers\/invierno-perro-subaru\/#primaryimage"},"thumbnailUrl":"https:\/\/www.subaru.es\/blog\/wp-content\/uploads\/2020\/01\/BLOG-Dog-Vivant-Nieve.jpg","keywords":["all around safety","Dogvivant","gama h\u00edbrida Subaru","Gama SUV","gama SUV subaru","invierno","Off-Road","offroad","OffRoaders","petfriendly","petlovers","PetOffRoaders","Seguridad Subaru","Subaru","Subaru Eco Bi-fuel","Subaru eco hybrid","Subaru ecol\u00f3gico","subaru espa\u00f1a","Subaru OffRoaders","Subaru PetLover","SubaruOffroaders","SubaruPetLover"],"articleSection":["Pet lovers","Subaru LifeStyle"],"inLanguage":"es","potentialAction":[{"@type":"CommentAction","name":"Comment","target":["https:\/\/www.subaru.es\/blog\/pet-lovers\/invierno-perro-subaru\/#respond"]}]},{"@type":"WebPage","@id":"https:\/\/www.subaru.es\/blog\/pet-lovers\/invierno-perro-subaru\/","url":"https:\/\/www.subaru.es\/blog\/pet-lovers\/invierno-perro-subaru\/","name":"\u00a1El invierno es para todos! Esc\u00e1pate a la nieve con tu perro y tu Subaru - Universo Subaru","isPartOf":{"@id":"https:\/\/www.subaru.es\/blog\/#website"},"primaryImageOfPage":{"@id":"https:\/\/www.subaru.es\/blog\/pet-lovers\/invierno-perro-subaru\/#primaryimage"},"image":{"@id":"https:\/\/www.subaru.es\/blog\/pet-lovers\/invierno-perro-subaru\/#primaryimage"},"thumbnailUrl":"https:\/\/www.subaru.es\/blog\/wp-content\/uploads\/2020\/01\/BLOG-Dog-Vivant-Nieve.jpg","datePublished":"2020-01-16T08:00:07+00:00","dateModified":"2022-12-16T09:50:54+00:00","breadcrumb":{"@id":"https:\/\/www.subaru.es\/blog\/pet-lovers\/invierno-perro-subaru\/#breadcrumb"},"inLanguage":"es","potentialAction":[{"@type":"ReadAction","target":["https:\/\/www.subaru.es\/blog\/pet-lovers\/invierno-perro-subaru\/"]}]},{"@type":"ImageObject","inLanguage":"es","@id":"https:\/\/www.subaru.es\/blog\/pet-lovers\/invierno-perro-subaru\/#primaryimage","url":"https:\/\/www.subaru.es\/blog\/wp-content\/uploads\/2020\/01\/BLOG-Dog-Vivant-Nieve.jpg","contentUrl":"https:\/\/www.subaru.es\/blog\/wp-content\/uploads\/2020\/01\/BLOG-Dog-Vivant-Nieve.jpg","width":1550,"height":520},{"@type":"BreadcrumbList","@id":"https:\/\/www.subaru.es\/blog\/pet-lovers\/invierno-perro-subaru\/#breadcrumb","itemListElement":[{"@type":"ListItem","position":1,"name":"Portada","item":"https:\/\/www.subaru.es\/blog\/"},{"@type":"ListItem","position":2,"name":"\u00a1El invierno es para todos! Esc\u00e1pate a la nieve con tu perro y tu Subaru"}]},{"@type":"WebSite","@id":"https:\/\/www.subaru.es\/blog\/#website","url":"https:\/\/www.subaru.es\/blog\/","name":"Universo Subaru","description":"Descubre este apasionante espacio de Subaru donde vas a conocer todo sobre nuestros coches y las experiencias que vivimos con ellos. Si est\u00e1s preparado para dejarte seducir por la filosof\u00eda Subaru, qu\u00e9date con nosotros.","publisher":{"@id":"https:\/\/www.subaru.es\/blog\/#organization"},"potentialAction":[{"@type":"SearchAction","target":{"@type":"EntryPoint","urlTemplate":"https:\/\/www.subaru.es\/blog\/?s={search_term_string}"},"query-input":{"@type":"PropertyValueSpecification","valueRequired":true,"valueName":"search_term_string"}}],"inLanguage":"es"},{"@type":"Organization","@id":"https:\/\/www.subaru.es\/blog\/#organization","name":"Subaru Espa\u00f1a S.A.","url":"https:\/\/www.subaru.es\/blog\/","logo":{"@type":"ImageObject","inLanguage":"es","@id":"https:\/\/www.subaru.es\/blog\/#\/schema\/logo\/image\/","url":"https:\/\/www.subaru.es\/blog\/wp-content\/uploads\/2016\/12\/Logo-Subaru-TypeV_C300-scaled.jpg","contentUrl":"https:\/\/www.subaru.es\/blog\/wp-content\/uploads\/2016\/12\/Logo-Subaru-TypeV_C300-scaled.jpg","width":2560,"height":1864,"caption":"Subaru Espa\u00f1a S.A."},"image":{"@id":"https:\/\/www.subaru.es\/blog\/#\/schema\/logo\/image\/"},"sameAs":["https:\/\/www.facebook.com\/subaruespana","https:\/\/www.instagram.com\/subarues\/","https:\/\/www.youtube.com\/user\/subaruespana"]},{"@type":"Person","@id":"https:\/\/www.subaru.es\/blog\/#\/schema\/person\/19a90b892230b8e0ec752704ddf4aa10","name":"Subaru","url":"https:\/\/www.subaru.es\/blog\/author\/subaria\/"}]}},"_links":{"self":[{"href":"https:\/\/www.subaru.es\/blog\/wp-json\/wp\/v2\/posts\/21633","targetHints":{"allow":["GET"]}}],"collection":[{"href":"https:\/\/www.subaru.es\/blog\/wp-json\/wp\/v2\/posts"}],"about":[{"href":"https:\/\/www.subaru.es\/blog\/wp-json\/wp\/v2\/types\/post"}],"author":[{"embeddable":true,"href":"https:\/\/www.subaru.es\/blog\/wp-json\/wp\/v2\/users\/21"}],"replies":[{"embeddable":true,"href":"https:\/\/www.subaru.es\/blog\/wp-json\/wp\/v2\/comments?post=21633"}],"version-history":[{"count":3,"href":"https:\/\/www.subaru.es\/blog\/wp-json\/wp\/v2\/posts\/21633\/revisions"}],"predecessor-version":[{"id":21641,"href":"https:\/\/www.subaru.es\/blog\/wp-json\/wp\/v2\/posts\/21633\/revisions\/21641"}],"wp:featuredmedia":[{"embeddable":true,"href":"https:\/\/www.subaru.es\/blog\/wp-json\/wp\/v2\/media\/21634"}],"wp:attachment":[{"href":"https:\/\/www.subaru.es\/blog\/wp-json\/wp\/v2\/media?parent=21633"}],"wp:term":[{"taxonomy":"category","embeddable":true,"href":"https:\/\/www.subaru.es\/blog\/wp-json\/wp\/v2\/categories?post=21633"},{"taxonomy":"post_tag","embeddable":true,"href":"https:\/\/www.subaru.es\/blog\/wp-json\/wp\/v2\/tags?post=21633"}],"curies":[{"name":"wp","href":"https:\/\/api.w.org\/{rel}","templated":true}]}}