{"id":21551,"date":"2019-12-16T14:41:03","date_gmt":"2019-12-16T12:41:03","guid":{"rendered":"https:\/\/www.subaru.es\/blog\/?p=21551"},"modified":"2025-05-14T20:46:40","modified_gmt":"2025-05-14T18:46:40","slug":"centro-valencia-disfrutar-subaru-mascota","status":"publish","type":"post","link":"https:\/\/www.subaru.es\/blog\/pet-lovers\/centro-valencia-disfrutar-subaru-mascota\/","title":{"rendered":"El centro de Valencia tambi\u00e9n es para disfrutar con tu Subaru y tu mascota"},"content":{"rendered":"\t\t<div data-elementor-type=\"wp-post\" data-elementor-id=\"21551\" class=\"elementor elementor-21551\">\n\t\t\t\t\t\t\t\t\t<section data-particle_enable=\"false\" data-particle-mobile-disabled=\"false\" class=\"elementor-section elementor-top-section elementor-element elementor-element-7d0f5d91 elementor-section-boxed elementor-section-height-default elementor-section-height-default\" data-id=\"7d0f5d91\" data-element_type=\"section\">\n\t\t\t\t\t\t<div class=\"elementor-container elementor-column-gap-default\">\n\t\t\t\t\t<div class=\"elementor-column elementor-col-100 elementor-top-column elementor-element elementor-element-5e9b0765\" data-id=\"5e9b0765\" data-element_type=\"column\">\n\t\t\t<div class=\"elementor-widget-wrap elementor-element-populated\">\n\t\t\t\t\t\t\t\t<div class=\"elementor-element elementor-element-17797531 elementor-widget elementor-widget-text-editor\" data-id=\"17797531\" data-element_type=\"widget\" data-widget_type=\"text-editor.default\">\n\t\t\t\t<div class=\"elementor-widget-container\">\n\t\t\t\t\t\t\t<p><!-- wp:paragraph --><\/p>\n<p>Convivir con una <strong>mascota implica tener un mayor inter\u00e9s por disfrutar de la naturaleza<\/strong>, pero no toda la diversi\u00f3n para <strong><a href=\"https:\/\/www.subaru.es\/blog\/pet-lovers\/\" target=\"_blank\" rel=\"noreferrer noopener\" aria-label=\"Convivir con una mascota implica tener un mayor inter\u00e9s por disfrutar de la naturaleza, pero no toda la diversi\u00f3n para #petlovers se encuentra fuera de la ciudad. (opens in a new tab)\">#petlovers<\/a><\/strong> se encuentra fuera de la ciudad.&nbsp;Diciembre es adem\u00e1s uno de esos meses donde apetece v<strong>ivir al m\u00e1ximo la ciudad y sus posibilidades, sin tener por ello que dejar a nuestro mejor amigo en casa<\/strong>. Si tienes un perrete y tienes un <strong><a href=\"https:\/\/www.subaru.es\/\" target=\"_blank\" rel=\"noreferrer noopener\" aria-label=\"Convivir con una mascota implica tener un mayor inter\u00e9s por disfrutar de la naturaleza, pero no toda la diversi\u00f3n para #petlovers se encuentra fuera de la ciudad.&nbsp;Diciembre es adem\u00e1s uno de esos meses donde apetece vivir al m\u00e1ximo la ciudad y sus posibilidades, sin tener por ello que dejar a nuestro mejor amigo en casa. Si tienes un perrete y tienes un Subaru, te damos las mejores ideas para quedarte cerca de casa. (opens in a new tab)\">Subaru<\/a><\/strong>, te damos las mejores ideas para quedarte cerca de casa.<\/p>\n<p><!-- \/wp:paragraph --><!-- wp:heading --><\/p>\n<h2>Planes para disfrutar de la ciudad con tu perro<\/h2>\n<p><!-- \/wp:heading --><!-- wp:paragraph --><\/p>\n<p>A no ser que tu perro sea muy peque\u00f1o o tenga poco pelo, <strong>estar\u00e1 deseando salir de casa para disfrutar de todo el ambiente t\u00edpico de estas fechas<\/strong>. Es tiempo de estar en la calle, de pasear, de ir de compras y de salir a comer\u2026 Y muchos de esos <strong>planes son tambi\u00e9n aptos para nuestros colegas de cuatro patas.<\/strong><\/p>\n<p><!-- \/wp:paragraph --><!-- wp:image {\"align\":\"center\",\"id\":21553,\"width\":437,\"height\":248} --><\/p>\n<div class=\"wp-block-image\">\n<figure class=\"aligncenter is-resized\"><img decoding=\"async\" class=\"wp-image-21553 lazyload\" data-src=\"https:\/\/www.subaru.es\/blog\/wp-content\/uploads\/2019\/12\/FOTO-BLOG-PETLOVERS.jpg\" alt=\"\" width=\"437\" height=\"248\" data-srcset=\"https:\/\/www.subaru.es\/blog\/wp-content\/uploads\/2019\/12\/FOTO-BLOG-PETLOVERS.jpg 1353w, https:\/\/www.subaru.es\/blog\/wp-content\/uploads\/2019\/12\/FOTO-BLOG-PETLOVERS-560x318.jpg 560w, https:\/\/www.subaru.es\/blog\/wp-content\/uploads\/2019\/12\/FOTO-BLOG-PETLOVERS-768x436.jpg 768w\" data-sizes=\"(max-width: 437px) 100vw, 437px\" src=\"data:image\/svg+xml;base64,PHN2ZyB3aWR0aD0iMSIgaGVpZ2h0PSIxIiB4bWxucz0iaHR0cDovL3d3dy53My5vcmcvMjAwMC9zdmciPjwvc3ZnPg==\" style=\"--smush-placeholder-width: 437px; --smush-placeholder-aspect-ratio: 437\/248;\" \/><\/figure>\n<\/div>\n<p><!-- \/wp:image --><!-- wp:paragraph --><\/p>\n<p><strong>En <a href=\"https:\/\/blog.dogvivant.com\/destino-subaru-valencia-con-perro\/\" target=\"_blank\" rel=\"noreferrer noopener\" aria-label=\"En DogVivant nos proponen algunos planes que puedes hacer por la ciudad con tu perrete. Su propuesta se centra en este caso en Valencia, pero es posible adaptarla a cualquier otra ciudad que quieras explorar. Por ejemplo, puedes hacer un Free Tour Cultural guiado por algunas de las calles y monumentos m\u00e1s t\u00edpicos de la ciudad. Estos paseos son a pie y est\u00e1n guiados por un experto en la historia de la ciudad, adem\u00e1s, duran unas dos horas, todo un planazo para humanos y animales. (opens in a new tab)\">DogVivant<\/a> nos proponen algunos planes que puedes hacer por la ciudad con tu perrete.<\/strong> Su propuesta se centra en<strong> este caso en Valencia<\/strong>, pero es posible adaptarla a cualquier otra ciudad que quieras explorar. <br>Por ejemplo, <strong>puedes hacer un Free Tour Cultural guiado por algunas de las calles y monumentos m\u00e1s t\u00edpicos de la ciudad. <\/strong>Estos paseos son a pie y est\u00e1n guiados por un experto en la historia de la ciudad, adem\u00e1s, duran unas dos horas, <strong>todo un planazo para humanos y animales.<\/strong><\/p>\n<p><!-- \/wp:paragraph --><!-- wp:image {\"align\":\"center\",\"id\":21554,\"width\":456,\"height\":293} --><\/p>\n<div class=\"wp-block-image\">\n<figure class=\"aligncenter is-resized\"><img decoding=\"async\" class=\"wp-image-21554 lazyload\" data-src=\"https:\/\/www.subaru.es\/blog\/wp-content\/uploads\/2019\/12\/gerard-eder.jpg\" alt=\"\" width=\"456\" height=\"293\" data-srcset=\"https:\/\/www.subaru.es\/blog\/wp-content\/uploads\/2019\/12\/gerard-eder.jpg 700w, https:\/\/www.subaru.es\/blog\/wp-content\/uploads\/2019\/12\/gerard-eder-560x360.jpg 560w\" data-sizes=\"(max-width: 456px) 100vw, 456px\" src=\"data:image\/svg+xml;base64,PHN2ZyB3aWR0aD0iMSIgaGVpZ2h0PSIxIiB4bWxucz0iaHR0cDovL3d3dy53My5vcmcvMjAwMC9zdmciPjwvc3ZnPg==\" style=\"--smush-placeholder-width: 456px; --smush-placeholder-aspect-ratio: 456\/293;\" \/><p><\/p>\n<figcaption><em>Jard\u00edn del Turia_ una imagen de Flickr de Gerard Eder<\/em><\/figcaption>\n<\/figure>\n<\/div>\n<p><!-- \/wp:image --><!-- wp:paragraph {\"align\":\"left\"} --><\/p>\n<p class=\"has-text-align-left\">Tambi\u00e9n puedes animarte a dar un paseo por tu cuenta por zonas con encanto de la ciudad, <strong>como jardines o parques<\/strong>. En <strong>Valencia tienes el <a href=\"https:\/\/www.dogvivant.com\/planes-con-perros\/jardin-del-turia-valencia\" target=\"_blank\" rel=\"noreferrer noopener\" aria-label=\"Tambi\u00e9n puedes animarte a dar un paseo por tu cuenta por zonas con encanto de la ciudad, como jardines o parques. En Valencia tienes el Jard\u00edn del Turia, un espacio verde de m\u00e1s de 9 km con zonas l\u00fadicas y hasta un circuito de Agility p\u00fablico, pero seguro que puedes encontrar un lugar similar en tu ciudad. (opens in a new tab)\">Jard\u00edn del Turia<\/a><\/strong>, un espacio verde de m\u00e1s de 9 km con <strong>zonas l\u00fadicas y hasta un circuito de Agility p\u00fablico<\/strong>, pero seguro que puedes encontrar un lugar similar en tu ciudad.<\/p>\n<p><!-- \/wp:paragraph --><!-- wp:paragraph --><\/p>\n<p>Y, cuando os entre hambre despu\u00e9s del paseo, pod\u00e9is ir a recuperar fuerzas a alg\u00fan bar o restaurante. Cada vez son m\u00e1s los <strong>espacios dog-friendly de las ciudades donde comer algo<\/strong>, incluso lugares con un trato exclusivo para perros, como el caf\u00e9 <strong><a href=\"https:\/\/www.dogvivant.com\/planes-con-perros\/la-fabrica-de-huellas\" target=\"_blank\" rel=\"noreferrer noopener\" aria-label=\"Y, cuando os entre hambre despu\u00e9s del paseo, pod\u00e9is ir a recuperar fuerzas a alg\u00fan bar o restaurante. Cada vez son m\u00e1s los espacios dog-friendly de las ciudades donde comer algo, incluso lugares con un trato exclusivo para perros, como el caf\u00e9 \u2018La F\u00e1brica de Huellas\u2019 de Valencia, as\u00ed que \u00a1solo tienes que descubrirlos! (opens in a new tab)\">La F\u00e1brica de Huellas<\/a>&nbsp;<\/strong>o el&nbsp;<strong><a href=\"https:\/\/www.dogvivant.com\/planes-con-perros\/restaurante-baobab\" target=\"_blank\" rel=\"noreferrer noopener\">Restaurante Baobab<\/a>&nbsp;<\/strong>en Valencia, recomendaciones exclusivas de la mano de&nbsp;<a href=\"https:\/\/www.dogvivant.com\/\" target=\"_blank\" rel=\"noreferrer noopener\" aria-label=\"Y, cuando os entre hambre despu\u00e9s del paseo, pod\u00e9is ir a recuperar fuerzas a alg\u00fan bar o restaurante. Cada vez son m\u00e1s los espacios dog-friendly de las ciudades donde comer algo, incluso lugares con un trato exclusivo para perros, como el caf\u00e9 La F\u00e1brica de Huellas&nbsp;o el&nbsp;Restaurante Baobab&nbsp;en Valencia, recomendaciones exclusivas de Dogvivant. \u00a1T\u00fa decides! (opens in a new tab)\"><strong>Dogvivant<\/strong><\/a><strong>.<\/strong> \u00a1T\u00fa decides!<\/p>\n<p><!-- \/wp:paragraph --><!-- wp:image {\"align\":\"center\",\"id\":21555,\"width\":455,\"height\":249} --><\/p>\n<div class=\"wp-block-image\">\n<figure class=\"aligncenter is-resized\"><img decoding=\"async\" class=\"wp-image-21555 lazyload\" data-src=\"https:\/\/www.subaru.es\/blog\/wp-content\/uploads\/2019\/12\/Restaurante-Baobab_Valencia-con-perro_Dog-Vivant.jpg\" alt=\"\" width=\"455\" height=\"249\" data-srcset=\"https:\/\/www.subaru.es\/blog\/wp-content\/uploads\/2019\/12\/Restaurante-Baobab_Valencia-con-perro_Dog-Vivant.jpg 729w, https:\/\/www.subaru.es\/blog\/wp-content\/uploads\/2019\/12\/Restaurante-Baobab_Valencia-con-perro_Dog-Vivant-560x307.jpg 560w\" data-sizes=\"(max-width: 455px) 100vw, 455px\" src=\"data:image\/svg+xml;base64,PHN2ZyB3aWR0aD0iMSIgaGVpZ2h0PSIxIiB4bWxucz0iaHR0cDovL3d3dy53My5vcmcvMjAwMC9zdmciPjwvc3ZnPg==\" style=\"--smush-placeholder-width: 455px; --smush-placeholder-aspect-ratio: 455\/249;\" \/><p><\/p>\n<figcaption>Restaurante Baobab_ Dog Vivant<\/figcaption>\n<\/figure>\n<\/div>\n<p><!-- \/wp:image --><!-- wp:heading {\"level\":3} --><\/p>\n<h3>\u00bfC\u00f3mo entrar en la ciudad con tu Subaru?<\/h3>\n<p><!-- \/wp:heading --><!-- wp:paragraph --><\/p>\n<p>Ya tienes unas <strong><a href=\"https:\/\/www.subaru.es\/blog\/pet-lovers\/sierra-madrid-subaru-perro\/\" target=\"_blank\" rel=\"noreferrer noopener\" aria-label=\"Ya tienes unas cuantas ideas para disfrutar de un d\u00eda en la ciudad con tu perro, pero es posible que ahora te preguntes c\u00f3mo llegar al centro de la ciudad en coche. \u00a1Muy sencillo! (opens in a new tab)\">cuantas ideas<\/a> para disfrutar de un d\u00eda en la ciudad con tu perro<\/strong>, pero es posible que ahora te preguntes c\u00f3mo llegar al centro de la ciudad en coche. \u00a1Muy sencillo!<\/p>\n<p><!-- \/wp:paragraph --><!-- wp:paragraph --><\/p>\n<p>Con <strong><a href=\"https:\/\/www.subaru.es\/seguridad\" target=\"_blank\" rel=\"noreferrer noopener\" aria-label=\"Con Subaru lo tienes tan f\u00e1cil como apostar por uno de los modelos de nuestra gama ECO, porque todos ellos est\u00e1n reconocidos por la DGT con la etiqueta ECO. Lo que significa que puedes circular sin limitaciones por los centros de las ciudades durante los periodos de restricciones al tr\u00e1fico por alta contaminaci\u00f3n, adem\u00e1s de acceder a importantes descuentos en zonas de aparcamiento regulado, impuestos municipales de circulaci\u00f3n y peajes en determinados municipios y comunidades aut\u00f3nomas. (opens in a new tab)\">Subaru<\/a><\/strong> lo tienes tan f\u00e1cil como apostar por uno de los modelos de nuestra <strong>gama ECO<\/strong>, porque todos ellos est\u00e1n reconocidos por la <strong>DGT con la etiqueta ECO<\/strong>. Lo que significa que puedes<strong> circular sin limitaciones por los centros de las ciudades durante los periodos de restricciones al tr\u00e1fico por alta contaminaci\u00f3n<\/strong>, adem\u00e1s de acceder a importantes descuentos en zonas de aparcamiento regulado, impuestos municipales de circulaci\u00f3n y peajes en determinados municipios y comunidades aut\u00f3nomas.<\/p>\n<p><!-- \/wp:paragraph --><!-- wp:image {\"align\":\"center\",\"id\":21556,\"width\":421,\"height\":280} --><\/p>\n<div class=\"wp-block-image\">\n<figure class=\"aligncenter is-resized\"><img decoding=\"async\" class=\"wp-image-21556 lazyload\" data-src=\"https:\/\/www.subaru.es\/blog\/wp-content\/uploads\/2019\/12\/Forester-and-XV_low-003-23429.jpg\" alt=\"\" width=\"421\" height=\"280\" data-srcset=\"https:\/\/www.subaru.es\/blog\/wp-content\/uploads\/2019\/12\/Forester-and-XV_low-003-23429.jpg 800w, https:\/\/www.subaru.es\/blog\/wp-content\/uploads\/2019\/12\/Forester-and-XV_low-003-23429-560x373.jpg 560w, https:\/\/www.subaru.es\/blog\/wp-content\/uploads\/2019\/12\/Forester-and-XV_low-003-23429-768x512.jpg 768w\" data-sizes=\"(max-width: 421px) 100vw, 421px\" src=\"data:image\/svg+xml;base64,PHN2ZyB3aWR0aD0iMSIgaGVpZ2h0PSIxIiB4bWxucz0iaHR0cDovL3d3dy53My5vcmcvMjAwMC9zdmciPjwvc3ZnPg==\" style=\"--smush-placeholder-width: 421px; --smush-placeholder-aspect-ratio: 421\/280;\" \/><\/figure>\n<\/div>\n<p><!-- \/wp:image --><!-- wp:paragraph --><\/p>\n<p>Nuestro compromiso con la <strong>protecci\u00f3n del medioambiente y la contribuci\u00f3n a la mejora de la calidad del aire cada vez es mayor. <\/strong>Por eso ofrecemos la <strong>gama ECO Bi-fuel con <a href=\"https:\/\/www.subaru.es\/gamaeco-glp\" target=\"_blank\" rel=\"noreferrer noopener\" aria-label=\"Nuestro compromiso con la protecci\u00f3n del medioambiente y la contribuci\u00f3n a la mejora de la calidad del aire cada vez es mayor. Por eso ofrecemos la gama ECO Bi-fuel con GLP, formada por el Impreza, XV, Forester, Outback y el Levorg; y la nueva gama ecoHYBRID, formada por el nuevo Forester ecoHYBRID y el nuevo XV ecoHYBRID. \u00bfCu\u00e1l eliges para llegar al centro de la ciudad acompa\u00f1ado de tu mejor amigo? (opens in a new tab)\">GLP<\/a><\/strong>, formada por el <strong>Impreza, XV, Forester, <a href=\"https:\/\/www.subaru.es\/vehiculos\/outback\" target=\"_blank\" rel=\"noreferrer noopener\" aria-label=\"Nuestro compromiso con la protecci\u00f3n del medioambiente y la contribuci\u00f3n a la mejora de la calidad del aire cada vez es mayor. Por eso ofrecemos la gama ECO Bi-fuel con GLP, formada por el Impreza, XV, Forester, Outback y el Levorg; y la nueva gama ecoHYBRID, formada por el nuevo Forester ecoHYBRID y el nuevo XV ecoHYBRID. \u00bfCu\u00e1l eliges para llegar al centro de la ciudad acompa\u00f1ado de tu mejor amigo? (opens in a new tab)\">Outback<\/a> <\/strong>y el<strong> <a href=\"https:\/\/www.subaru.es\/vehiculos\/levorg\" target=\"_blank\" rel=\"noreferrer noopener\" aria-label=\"Nuestro compromiso con la protecci\u00f3n del medioambiente y la contribuci\u00f3n a la mejora de la calidad del aire cada vez es mayor. Por eso ofrecemos la gama ECO Bi-fuel con GLP, formada por el Impreza, XV, Forester, Outback y el Levorg; y la nueva gama ecoHYBRID, formada por el nuevo Forester ecoHYBRID y el nuevo XV ecoHYBRID. \u00bfCu\u00e1l eliges para llegar al centro de la ciudad acompa\u00f1ado de tu mejor amigo? (opens in a new tab)\">Levorg<\/a>;<\/strong> y la <strong>nueva <a href=\"https:\/\/www.subaru.es\/gamaeco-hibridos\" target=\"_blank\" rel=\"noreferrer noopener\" aria-label=\"Nuestro compromiso con la protecci\u00f3n del medioambiente y la contribuci\u00f3n a la mejora de la calidad del aire cada vez es mayor. Por eso ofrecemos la gama ECO Bi-fuel con GLP, formada por el Impreza, XV, Forester, Outback y el Levorg; y la nueva gama ecoHYBRID, formada por el nuevo Forester ecoHYBRID y el nuevo XV ecoHYBRID. \u00bfCu\u00e1l eliges para llegar al centro de la ciudad acompa\u00f1ado de tu mejor amigo? (opens in a new tab)\">gama ecoHYBRID<\/a><\/strong>, formada por <strong>el nuevo<a href=\"https:\/\/www.subaru.es\/blog\/nuestra-marca\/viaja-con-el-forester-ecohybrid\/\" target=\"_blank\" rel=\"noreferrer noopener\" aria-label=\"Nuestro compromiso con la protecci\u00f3n del medioambiente y la contribuci\u00f3n a la mejora de la calidad del aire cada vez es mayor. Por eso ofrecemos la gama ECO Bi-fuel con GLP, formada por el Impreza, XV, Forester, Outback y el Levorg; y la nueva gama ecoHYBRID, formada por el nuevo Forester ecoHYBRID y el nuevo XV ecoHYBRID. \u00bfCu\u00e1l eliges para llegar al centro de la ciudad acompa\u00f1ado de tu mejor amigo? (opens in a new tab)\"> Forester ecoHYBRID<\/a><\/strong> y el nuevo<strong> <a href=\"https:\/\/www.subaru.es\/blog\/nuestra-marca\/nuevo-subaru-xv-ecohybrid\/\" target=\"_blank\" rel=\"noreferrer noopener\" aria-label=\"Nuestro compromiso con la protecci\u00f3n del medioambiente y la contribuci\u00f3n a la mejora de la calidad del aire cada vez es mayor. Por eso ofrecemos la gama ECO Bi-fuel con GLP, formada por el Impreza, XV, Forester, Outback y el Levorg; y la nueva gama ecoHYBRID, formada por el nuevo Forester ecoHYBRID y el nuevo XV ecoHYBRID. \u00bfCu\u00e1l eliges para llegar al centro de la ciudad acompa\u00f1ado de tu mejor amigo? (opens in a new tab)\">XV ecoHYBRID<\/a><\/strong><a href=\"https:\/\/www.subaru.es\/blog\/nuestra-marca\/nuevo-subaru-xv-ecohybrid\/\" target=\"_blank\" rel=\"noreferrer noopener\" aria-label=\"Nuestro compromiso con la protecci\u00f3n del medioambiente y la contribuci\u00f3n a la mejora de la calidad del aire cada vez es mayor. Por eso ofrecemos la gama ECO Bi-fuel con GLP, formada por el Impreza, XV, Forester, Outback y el Levorg; y la nueva gama ecoHYBRID, formada por el nuevo Forester ecoHYBRID y el nuevo XV ecoHYBRID. \u00bfCu\u00e1l eliges para llegar al centro de la ciudad acompa\u00f1ado de tu mejor amigo? (opens in a new tab)\">.<\/a> \u00bfCu\u00e1l eliges para llegar al centro de la ciudad acompa\u00f1ado de tu mejor amigo?<\/p>\n<p><!-- \/wp:paragraph --><!-- wp:image {\"align\":\"center\",\"id\":21350,\"width\":405,\"height\":80} --><\/p>\n<div class=\"wp-block-image\">\n<figure class=\"aligncenter is-resized\"><img decoding=\"async\" class=\"wp-image-21350 lazyload\" data-src=\"https:\/\/www.subaru.es\/blog\/wp-content\/uploads\/2019\/09\/HgUMfgpZ.jpeg\" alt=\"\" width=\"405\" height=\"80\" data-srcset=\"https:\/\/www.subaru.es\/blog\/wp-content\/uploads\/2019\/09\/HgUMfgpZ.jpeg 1353w, https:\/\/www.subaru.es\/blog\/wp-content\/uploads\/2019\/09\/HgUMfgpZ-560x112.jpeg 560w, https:\/\/www.subaru.es\/blog\/wp-content\/uploads\/2019\/09\/HgUMfgpZ-768x153.jpeg 768w\" data-sizes=\"(max-width: 405px) 100vw, 405px\" src=\"data:image\/svg+xml;base64,PHN2ZyB3aWR0aD0iMSIgaGVpZ2h0PSIxIiB4bWxucz0iaHR0cDovL3d3dy53My5vcmcvMjAwMC9zdmciPjwvc3ZnPg==\" style=\"--smush-placeholder-width: 405px; --smush-placeholder-aspect-ratio: 405\/80;\" \/><\/figure>\n<\/div>\n<p><a href=\"https:\/\/megapari.com.tr\/\" target=\"_blank\">https:\/\/megapari.com.tr\/<\/a><\/p>\n<p><!-- \/wp:image --><\/p>\t\t\t\t\t\t<\/div>\n\t\t\t\t<\/div>\n\t\t\t\t\t<\/div>\n\t\t<\/div>\n\t\t\t\t\t\t\t<\/div>\n\t\t<\/section>\n\t\t\t\t\t\t\t<\/div>\n\t\t","protected":false},"excerpt":{"rendered":"<p>Convivir con una mascota implica tener un mayor inter\u00e9s por disfrutar de la naturaleza, pero no toda la diversi\u00f3n para #petlovers se encuentra fuera de la ciudad.&nbsp;Diciembre es adem\u00e1s uno de esos meses donde apetece vivir al m\u00e1ximo la ciudad y sus posibilidades, sin tener por ello que dejar a nuestro mejor amigo en casa. [&hellip;]<\/p>\n","protected":false},"author":21,"featured_media":21559,"comment_status":"closed","ping_status":"closed","sticky":false,"template":"","format":"standard","meta":{"_acf_changed":false,"_eb_attr":"","inline_featured_image":false,"footnotes":""},"categories":[4402,4520],"tags":[4405,5027,5005,4852,5013,1694,2174,4544,4364,4363,4525,4575,4390,4989,5017,908,64,4543,4714,4437,4774,4808,125,2305],"class_list":["post-21551","post","type-post","status-publish","format-standard","has-post-thumbnail","hentry","category-pet-lovers","category-subaru-lifestyle","tag-all-around-safety","tag-dogvivant","tag-gama-hibrida-subaru","tag-gama-suv","tag-gama-suv-subaru","tag-off-road","tag-offroad","tag-offroaders","tag-petfriendly","tag-petlovers","tag-petoffroaders","tag-seguridad-subaru","tag-subaru","tag-subaru-eco-bi-fuel","tag-subaru-eco-hybrid","tag-subaru-ecologico","tag-subaru-espana","tag-subaru-offroaders","tag-subaru-petlover","tag-subaruoffroaders","tag-subarupetlover","tag-subarupetlovers","tag-suv","tag-suv-compacto"],"acf":[],"yoast_head":"<!-- This site is optimized with the Yoast SEO plugin v27.3 - https:\/\/yoast.com\/product\/yoast-seo-wordpress\/ -->\n<title>El centro de Valencia tambi\u00e9n es para disfrutar con tu Subaru y tu mascota - Universo Subaru<\/title>\n<meta name=\"robots\" content=\"index, follow, max-snippet:-1, max-image-preview:large, max-video-preview:-1\" \/>\n<link rel=\"canonical\" href=\"https:\/\/www.subaru.es\/blog\/pet-lovers\/centro-valencia-disfrutar-subaru-mascota\/\" \/>\n<meta property=\"og:locale\" content=\"es_ES\" \/>\n<meta property=\"og:type\" content=\"article\" \/>\n<meta property=\"og:title\" content=\"El centro de Valencia tambi\u00e9n es para disfrutar con tu Subaru y tu mascota - Universo Subaru\" \/>\n<meta property=\"og:description\" content=\"Convivir con una mascota implica tener un mayor inter\u00e9s por disfrutar de la naturaleza, pero no toda la diversi\u00f3n para #petlovers se encuentra fuera de la ciudad.&nbsp;Diciembre es adem\u00e1s uno de esos meses donde apetece vivir al m\u00e1ximo la ciudad y sus posibilidades, sin tener por ello que dejar a nuestro mejor amigo en casa. [&hellip;]\" \/>\n<meta property=\"og:url\" content=\"https:\/\/www.subaru.es\/blog\/pet-lovers\/centro-valencia-disfrutar-subaru-mascota\/\" \/>\n<meta property=\"og:site_name\" content=\"Universo Subaru\" \/>\n<meta property=\"article:publisher\" content=\"https:\/\/www.facebook.com\/subaruespana\" \/>\n<meta property=\"article:published_time\" content=\"2019-12-16T12:41:03+00:00\" \/>\n<meta property=\"article:modified_time\" content=\"2025-05-14T18:46:40+00:00\" \/>\n<meta property=\"og:image\" content=\"https:\/\/www.subaru.es\/blog\/wp-content\/uploads\/2019\/12\/PORTADA-BLOG-DOGVIVANT-valencia.jpg\" \/>\n\t<meta property=\"og:image:width\" content=\"1550\" \/>\n\t<meta property=\"og:image:height\" content=\"520\" \/>\n\t<meta property=\"og:image:type\" content=\"image\/jpeg\" \/>\n<meta name=\"author\" content=\"Subaru\" \/>\n<meta name=\"twitter:card\" content=\"summary_large_image\" \/>\n<meta name=\"twitter:label1\" content=\"Escrito por\" \/>\n\t<meta name=\"twitter:data1\" content=\"Subaru\" \/>\n\t<meta name=\"twitter:label2\" content=\"Tiempo de lectura\" \/>\n\t<meta name=\"twitter:data2\" content=\"4 minutos\" \/>\n<script type=\"application\/ld+json\" class=\"yoast-schema-graph\">{\"@context\":\"https:\\\/\\\/schema.org\",\"@graph\":[{\"@type\":\"Article\",\"@id\":\"https:\\\/\\\/www.subaru.es\\\/blog\\\/pet-lovers\\\/centro-valencia-disfrutar-subaru-mascota\\\/#article\",\"isPartOf\":{\"@id\":\"https:\\\/\\\/www.subaru.es\\\/blog\\\/pet-lovers\\\/centro-valencia-disfrutar-subaru-mascota\\\/\"},\"author\":{\"name\":\"Subaru\",\"@id\":\"https:\\\/\\\/www.subaru.es\\\/blog\\\/#\\\/schema\\\/person\\\/19a90b892230b8e0ec752704ddf4aa10\"},\"headline\":\"El centro de Valencia tambi\u00e9n es para disfrutar con tu Subaru y tu mascota\",\"datePublished\":\"2019-12-16T12:41:03+00:00\",\"dateModified\":\"2025-05-14T18:46:40+00:00\",\"mainEntityOfPage\":{\"@id\":\"https:\\\/\\\/www.subaru.es\\\/blog\\\/pet-lovers\\\/centro-valencia-disfrutar-subaru-mascota\\\/\"},\"wordCount\":608,\"publisher\":{\"@id\":\"https:\\\/\\\/www.subaru.es\\\/blog\\\/#organization\"},\"image\":{\"@id\":\"https:\\\/\\\/www.subaru.es\\\/blog\\\/pet-lovers\\\/centro-valencia-disfrutar-subaru-mascota\\\/#primaryimage\"},\"thumbnailUrl\":\"https:\\\/\\\/www.subaru.es\\\/blog\\\/wp-content\\\/uploads\\\/2019\\\/12\\\/PORTADA-BLOG-DOGVIVANT-valencia.jpg\",\"keywords\":[\"all around safety\",\"Dogvivant\",\"gama h\u00edbrida Subaru\",\"Gama SUV\",\"gama SUV subaru\",\"Off-Road\",\"offroad\",\"OffRoaders\",\"petfriendly\",\"petlovers\",\"PetOffRoaders\",\"Seguridad Subaru\",\"Subaru\",\"Subaru Eco Bi-fuel\",\"Subaru eco hybrid\",\"Subaru ecol\u00f3gico\",\"subaru espa\u00f1a\",\"Subaru OffRoaders\",\"Subaru PetLover\",\"SubaruOffroaders\",\"SubaruPetLover\",\"SubaruPetLovers\",\"suv\",\"SUV compacto\"],\"articleSection\":[\"Pet lovers\",\"Subaru LifeStyle\"],\"inLanguage\":\"es\"},{\"@type\":\"WebPage\",\"@id\":\"https:\\\/\\\/www.subaru.es\\\/blog\\\/pet-lovers\\\/centro-valencia-disfrutar-subaru-mascota\\\/\",\"url\":\"https:\\\/\\\/www.subaru.es\\\/blog\\\/pet-lovers\\\/centro-valencia-disfrutar-subaru-mascota\\\/\",\"name\":\"El centro de Valencia tambi\u00e9n es para disfrutar con tu Subaru y tu mascota - Universo Subaru\",\"isPartOf\":{\"@id\":\"https:\\\/\\\/www.subaru.es\\\/blog\\\/#website\"},\"primaryImageOfPage\":{\"@id\":\"https:\\\/\\\/www.subaru.es\\\/blog\\\/pet-lovers\\\/centro-valencia-disfrutar-subaru-mascota\\\/#primaryimage\"},\"image\":{\"@id\":\"https:\\\/\\\/www.subaru.es\\\/blog\\\/pet-lovers\\\/centro-valencia-disfrutar-subaru-mascota\\\/#primaryimage\"},\"thumbnailUrl\":\"https:\\\/\\\/www.subaru.es\\\/blog\\\/wp-content\\\/uploads\\\/2019\\\/12\\\/PORTADA-BLOG-DOGVIVANT-valencia.jpg\",\"datePublished\":\"2019-12-16T12:41:03+00:00\",\"dateModified\":\"2025-05-14T18:46:40+00:00\",\"breadcrumb\":{\"@id\":\"https:\\\/\\\/www.subaru.es\\\/blog\\\/pet-lovers\\\/centro-valencia-disfrutar-subaru-mascota\\\/#breadcrumb\"},\"inLanguage\":\"es\",\"potentialAction\":[{\"@type\":\"ReadAction\",\"target\":[\"https:\\\/\\\/www.subaru.es\\\/blog\\\/pet-lovers\\\/centro-valencia-disfrutar-subaru-mascota\\\/\"]}]},{\"@type\":\"ImageObject\",\"inLanguage\":\"es\",\"@id\":\"https:\\\/\\\/www.subaru.es\\\/blog\\\/pet-lovers\\\/centro-valencia-disfrutar-subaru-mascota\\\/#primaryimage\",\"url\":\"https:\\\/\\\/www.subaru.es\\\/blog\\\/wp-content\\\/uploads\\\/2019\\\/12\\\/PORTADA-BLOG-DOGVIVANT-valencia.jpg\",\"contentUrl\":\"https:\\\/\\\/www.subaru.es\\\/blog\\\/wp-content\\\/uploads\\\/2019\\\/12\\\/PORTADA-BLOG-DOGVIVANT-valencia.jpg\",\"width\":1550,\"height\":520},{\"@type\":\"BreadcrumbList\",\"@id\":\"https:\\\/\\\/www.subaru.es\\\/blog\\\/pet-lovers\\\/centro-valencia-disfrutar-subaru-mascota\\\/#breadcrumb\",\"itemListElement\":[{\"@type\":\"ListItem\",\"position\":1,\"name\":\"Portada\",\"item\":\"https:\\\/\\\/www.subaru.es\\\/blog\\\/\"},{\"@type\":\"ListItem\",\"position\":2,\"name\":\"El centro de Valencia tambi\u00e9n es para disfrutar con tu Subaru y tu mascota\"}]},{\"@type\":\"WebSite\",\"@id\":\"https:\\\/\\\/www.subaru.es\\\/blog\\\/#website\",\"url\":\"https:\\\/\\\/www.subaru.es\\\/blog\\\/\",\"name\":\"Universo Subaru\",\"description\":\"Descubre este apasionante espacio de Subaru donde vas a conocer todo sobre nuestros coches y las experiencias que vivimos con ellos. Si est\u00e1s preparado para dejarte seducir por la filosof\u00eda Subaru, qu\u00e9date con nosotros.\",\"publisher\":{\"@id\":\"https:\\\/\\\/www.subaru.es\\\/blog\\\/#organization\"},\"potentialAction\":[{\"@type\":\"SearchAction\",\"target\":{\"@type\":\"EntryPoint\",\"urlTemplate\":\"https:\\\/\\\/www.subaru.es\\\/blog\\\/?s={search_term_string}\"},\"query-input\":{\"@type\":\"PropertyValueSpecification\",\"valueRequired\":true,\"valueName\":\"search_term_string\"}}],\"inLanguage\":\"es\"},{\"@type\":\"Organization\",\"@id\":\"https:\\\/\\\/www.subaru.es\\\/blog\\\/#organization\",\"name\":\"Subaru Espa\u00f1a S.A.\",\"url\":\"https:\\\/\\\/www.subaru.es\\\/blog\\\/\",\"logo\":{\"@type\":\"ImageObject\",\"inLanguage\":\"es\",\"@id\":\"https:\\\/\\\/www.subaru.es\\\/blog\\\/#\\\/schema\\\/logo\\\/image\\\/\",\"url\":\"https:\\\/\\\/www.subaru.es\\\/blog\\\/wp-content\\\/uploads\\\/2016\\\/12\\\/Logo-Subaru-TypeV_C300-scaled.jpg\",\"contentUrl\":\"https:\\\/\\\/www.subaru.es\\\/blog\\\/wp-content\\\/uploads\\\/2016\\\/12\\\/Logo-Subaru-TypeV_C300-scaled.jpg\",\"width\":2560,\"height\":1864,\"caption\":\"Subaru Espa\u00f1a S.A.\"},\"image\":{\"@id\":\"https:\\\/\\\/www.subaru.es\\\/blog\\\/#\\\/schema\\\/logo\\\/image\\\/\"},\"sameAs\":[\"https:\\\/\\\/www.facebook.com\\\/subaruespana\",\"https:\\\/\\\/www.instagram.com\\\/subarues\\\/\",\"https:\\\/\\\/www.youtube.com\\\/user\\\/subaruespana\"]},{\"@type\":\"Person\",\"@id\":\"https:\\\/\\\/www.subaru.es\\\/blog\\\/#\\\/schema\\\/person\\\/19a90b892230b8e0ec752704ddf4aa10\",\"name\":\"Subaru\",\"url\":\"https:\\\/\\\/www.subaru.es\\\/blog\\\/author\\\/subaria\\\/\"}]}<\/script>\n<!-- \/ Yoast SEO plugin. -->","yoast_head_json":{"title":"El centro de Valencia tambi\u00e9n es para disfrutar con tu Subaru y tu mascota - Universo Subaru","robots":{"index":"index","follow":"follow","max-snippet":"max-snippet:-1","max-image-preview":"max-image-preview:large","max-video-preview":"max-video-preview:-1"},"canonical":"https:\/\/www.subaru.es\/blog\/pet-lovers\/centro-valencia-disfrutar-subaru-mascota\/","og_locale":"es_ES","og_type":"article","og_title":"El centro de Valencia tambi\u00e9n es para disfrutar con tu Subaru y tu mascota - Universo Subaru","og_description":"Convivir con una mascota implica tener un mayor inter\u00e9s por disfrutar de la naturaleza, pero no toda la diversi\u00f3n para #petlovers se encuentra fuera de la ciudad.&nbsp;Diciembre es adem\u00e1s uno de esos meses donde apetece vivir al m\u00e1ximo la ciudad y sus posibilidades, sin tener por ello que dejar a nuestro mejor amigo en casa. [&hellip;]","og_url":"https:\/\/www.subaru.es\/blog\/pet-lovers\/centro-valencia-disfrutar-subaru-mascota\/","og_site_name":"Universo Subaru","article_publisher":"https:\/\/www.facebook.com\/subaruespana","article_published_time":"2019-12-16T12:41:03+00:00","article_modified_time":"2025-05-14T18:46:40+00:00","og_image":[{"width":1550,"height":520,"url":"https:\/\/www.subaru.es\/blog\/wp-content\/uploads\/2019\/12\/PORTADA-BLOG-DOGVIVANT-valencia.jpg","type":"image\/jpeg"}],"author":"Subaru","twitter_card":"summary_large_image","twitter_misc":{"Escrito por":"Subaru","Tiempo de lectura":"4 minutos"},"schema":{"@context":"https:\/\/schema.org","@graph":[{"@type":"Article","@id":"https:\/\/www.subaru.es\/blog\/pet-lovers\/centro-valencia-disfrutar-subaru-mascota\/#article","isPartOf":{"@id":"https:\/\/www.subaru.es\/blog\/pet-lovers\/centro-valencia-disfrutar-subaru-mascota\/"},"author":{"name":"Subaru","@id":"https:\/\/www.subaru.es\/blog\/#\/schema\/person\/19a90b892230b8e0ec752704ddf4aa10"},"headline":"El centro de Valencia tambi\u00e9n es para disfrutar con tu Subaru y tu mascota","datePublished":"2019-12-16T12:41:03+00:00","dateModified":"2025-05-14T18:46:40+00:00","mainEntityOfPage":{"@id":"https:\/\/www.subaru.es\/blog\/pet-lovers\/centro-valencia-disfrutar-subaru-mascota\/"},"wordCount":608,"publisher":{"@id":"https:\/\/www.subaru.es\/blog\/#organization"},"image":{"@id":"https:\/\/www.subaru.es\/blog\/pet-lovers\/centro-valencia-disfrutar-subaru-mascota\/#primaryimage"},"thumbnailUrl":"https:\/\/www.subaru.es\/blog\/wp-content\/uploads\/2019\/12\/PORTADA-BLOG-DOGVIVANT-valencia.jpg","keywords":["all around safety","Dogvivant","gama h\u00edbrida Subaru","Gama SUV","gama SUV subaru","Off-Road","offroad","OffRoaders","petfriendly","petlovers","PetOffRoaders","Seguridad Subaru","Subaru","Subaru Eco Bi-fuel","Subaru eco hybrid","Subaru ecol\u00f3gico","subaru espa\u00f1a","Subaru OffRoaders","Subaru PetLover","SubaruOffroaders","SubaruPetLover","SubaruPetLovers","suv","SUV compacto"],"articleSection":["Pet lovers","Subaru LifeStyle"],"inLanguage":"es"},{"@type":"WebPage","@id":"https:\/\/www.subaru.es\/blog\/pet-lovers\/centro-valencia-disfrutar-subaru-mascota\/","url":"https:\/\/www.subaru.es\/blog\/pet-lovers\/centro-valencia-disfrutar-subaru-mascota\/","name":"El centro de Valencia tambi\u00e9n es para disfrutar con tu Subaru y tu mascota - Universo Subaru","isPartOf":{"@id":"https:\/\/www.subaru.es\/blog\/#website"},"primaryImageOfPage":{"@id":"https:\/\/www.subaru.es\/blog\/pet-lovers\/centro-valencia-disfrutar-subaru-mascota\/#primaryimage"},"image":{"@id":"https:\/\/www.subaru.es\/blog\/pet-lovers\/centro-valencia-disfrutar-subaru-mascota\/#primaryimage"},"thumbnailUrl":"https:\/\/www.subaru.es\/blog\/wp-content\/uploads\/2019\/12\/PORTADA-BLOG-DOGVIVANT-valencia.jpg","datePublished":"2019-12-16T12:41:03+00:00","dateModified":"2025-05-14T18:46:40+00:00","breadcrumb":{"@id":"https:\/\/www.subaru.es\/blog\/pet-lovers\/centro-valencia-disfrutar-subaru-mascota\/#breadcrumb"},"inLanguage":"es","potentialAction":[{"@type":"ReadAction","target":["https:\/\/www.subaru.es\/blog\/pet-lovers\/centro-valencia-disfrutar-subaru-mascota\/"]}]},{"@type":"ImageObject","inLanguage":"es","@id":"https:\/\/www.subaru.es\/blog\/pet-lovers\/centro-valencia-disfrutar-subaru-mascota\/#primaryimage","url":"https:\/\/www.subaru.es\/blog\/wp-content\/uploads\/2019\/12\/PORTADA-BLOG-DOGVIVANT-valencia.jpg","contentUrl":"https:\/\/www.subaru.es\/blog\/wp-content\/uploads\/2019\/12\/PORTADA-BLOG-DOGVIVANT-valencia.jpg","width":1550,"height":520},{"@type":"BreadcrumbList","@id":"https:\/\/www.subaru.es\/blog\/pet-lovers\/centro-valencia-disfrutar-subaru-mascota\/#breadcrumb","itemListElement":[{"@type":"ListItem","position":1,"name":"Portada","item":"https:\/\/www.subaru.es\/blog\/"},{"@type":"ListItem","position":2,"name":"El centro de Valencia tambi\u00e9n es para disfrutar con tu Subaru y tu mascota"}]},{"@type":"WebSite","@id":"https:\/\/www.subaru.es\/blog\/#website","url":"https:\/\/www.subaru.es\/blog\/","name":"Universo Subaru","description":"Descubre este apasionante espacio de Subaru donde vas a conocer todo sobre nuestros coches y las experiencias que vivimos con ellos. Si est\u00e1s preparado para dejarte seducir por la filosof\u00eda Subaru, qu\u00e9date con nosotros.","publisher":{"@id":"https:\/\/www.subaru.es\/blog\/#organization"},"potentialAction":[{"@type":"SearchAction","target":{"@type":"EntryPoint","urlTemplate":"https:\/\/www.subaru.es\/blog\/?s={search_term_string}"},"query-input":{"@type":"PropertyValueSpecification","valueRequired":true,"valueName":"search_term_string"}}],"inLanguage":"es"},{"@type":"Organization","@id":"https:\/\/www.subaru.es\/blog\/#organization","name":"Subaru Espa\u00f1a S.A.","url":"https:\/\/www.subaru.es\/blog\/","logo":{"@type":"ImageObject","inLanguage":"es","@id":"https:\/\/www.subaru.es\/blog\/#\/schema\/logo\/image\/","url":"https:\/\/www.subaru.es\/blog\/wp-content\/uploads\/2016\/12\/Logo-Subaru-TypeV_C300-scaled.jpg","contentUrl":"https:\/\/www.subaru.es\/blog\/wp-content\/uploads\/2016\/12\/Logo-Subaru-TypeV_C300-scaled.jpg","width":2560,"height":1864,"caption":"Subaru Espa\u00f1a S.A."},"image":{"@id":"https:\/\/www.subaru.es\/blog\/#\/schema\/logo\/image\/"},"sameAs":["https:\/\/www.facebook.com\/subaruespana","https:\/\/www.instagram.com\/subarues\/","https:\/\/www.youtube.com\/user\/subaruespana"]},{"@type":"Person","@id":"https:\/\/www.subaru.es\/blog\/#\/schema\/person\/19a90b892230b8e0ec752704ddf4aa10","name":"Subaru","url":"https:\/\/www.subaru.es\/blog\/author\/subaria\/"}]}},"_links":{"self":[{"href":"https:\/\/www.subaru.es\/blog\/wp-json\/wp\/v2\/posts\/21551","targetHints":{"allow":["GET"]}}],"collection":[{"href":"https:\/\/www.subaru.es\/blog\/wp-json\/wp\/v2\/posts"}],"about":[{"href":"https:\/\/www.subaru.es\/blog\/wp-json\/wp\/v2\/types\/post"}],"author":[{"embeddable":true,"href":"https:\/\/www.subaru.es\/blog\/wp-json\/wp\/v2\/users\/21"}],"replies":[{"embeddable":true,"href":"https:\/\/www.subaru.es\/blog\/wp-json\/wp\/v2\/comments?post=21551"}],"version-history":[{"count":13,"href":"https:\/\/www.subaru.es\/blog\/wp-json\/wp\/v2\/posts\/21551\/revisions"}],"predecessor-version":[{"id":25018,"href":"https:\/\/www.subaru.es\/blog\/wp-json\/wp\/v2\/posts\/21551\/revisions\/25018"}],"wp:featuredmedia":[{"embeddable":true,"href":"https:\/\/www.subaru.es\/blog\/wp-json\/wp\/v2\/media\/21559"}],"wp:attachment":[{"href":"https:\/\/www.subaru.es\/blog\/wp-json\/wp\/v2\/media?parent=21551"}],"wp:term":[{"taxonomy":"category","embeddable":true,"href":"https:\/\/www.subaru.es\/blog\/wp-json\/wp\/v2\/categories?post=21551"},{"taxonomy":"post_tag","embeddable":true,"href":"https:\/\/www.subaru.es\/blog\/wp-json\/wp\/v2\/tags?post=21551"}],"curies":[{"name":"wp","href":"https:\/\/api.w.org\/{rel}","templated":true}]}}