{"id":21489,"date":"2019-11-12T13:14:24","date_gmt":"2019-11-12T11:14:24","guid":{"rendered":"https:\/\/www.subaru.es\/blog\/?p=21489"},"modified":"2022-12-16T11:51:03","modified_gmt":"2022-12-16T09:51:03","slug":"sierra-madrid-subaru-perro","status":"publish","type":"post","link":"https:\/\/www.subaru.es\/blog\/pet-lovers\/sierra-madrid-subaru-perro\/","title":{"rendered":"Oto\u00f1o, perretes y Subaru: llega la \u00e9poca de las hojas ca\u00eddas"},"content":{"rendered":"\n<p>El calor del verano ha dado paso por fin a temperaturas m\u00e1s suaves y propias del oto\u00f1o. En <strong><a rel=\"noreferrer noopener\" aria-label=\"El calor del verano ha dado paso por fin a temperaturas m\u00e1s suaves y propias del oto\u00f1o. En Subaru \u00a1nos encanta esta estaci\u00f3n! Y es que es la \u00e9poca perfecta del a\u00f1o para disfrutar de la naturaleza, de los colores de las plantas y la luz, de los sonidos\u2026 \u00bfNo te apetece escaparte fuera de la ciudad?  (opens in a new tab)\" href=\"https:\/\/www.subaru.es\/\" target=\"_blank\">Subaru<\/a><\/strong> \u00a1nos encanta esta estaci\u00f3n! Y es que es la <strong>\u00e9poca perfecta del a\u00f1o para disfrutar de la naturaleza, de los colores de las plantas y la luz, de los sonidos<\/strong>\u2026 Descubre destinos incre\u00edbles a los que podr\u00e1s&nbsp;<strong>llegar con la&nbsp;<a rel=\"noreferrer noopener\" href=\"https:\/\/www.subaru.es\/seguridad\" target=\"_blank\">m\u00e1xima seguridad<\/a>&nbsp;gracias nuestros modelos.<\/strong> \u00bfNo te apetece escaparte fuera de la ciudad? <\/p>\n\n\n\n<p>\u00a1Seguro que s\u00ed! Por eso vamos a darte algunas ideas de escapadas <strong>#OffRoader por lugares impresionantes, para humanos y perretes.<\/strong> \u00bfO acaso cre\u00edas que dejar\u00edamos de lado a nuestros mejores amigos? <strong>Un buen <a href=\"https:\/\/www.subaru.es\/blog\/pet-lovers\/\" target=\"_blank\" rel=\"noreferrer noopener\" aria-label=\"\u00a1Seguro que s\u00ed! Por eso vamos a darte algunas ideas de escapadas #OffRoader por lugares impresionantes, para humanos y perretes. \u00bfO acaso cre\u00edas que dejar\u00edamos de lado a nuestros mejores amigos? Un buen #Petlover nunca sale sin su peludo, as\u00ed que toma nota de estos planes oto\u00f1ales de fin de semana para toda la familia.  (opens in a new tab)\">#Petlover<\/a> nunca sale sin su peludo<\/strong>, as\u00ed que toma nota de estos planes oto\u00f1ales de fin de semana para toda la familia. <\/p>\n\n\n\n<div class=\"wp-block-image\"><figure class=\"aligncenter is-resized\"><img decoding=\"async\" data-src=\"https:\/\/www.subaru.es\/blog\/wp-content\/uploads\/2019\/11\/FOTO-BLOG-DOGVIVANT.jpg\" alt=\"\" class=\"wp-image-21499 lazyload\" width=\"456\" height=\"258\" data-srcset=\"https:\/\/www.subaru.es\/blog\/wp-content\/uploads\/2019\/11\/FOTO-BLOG-DOGVIVANT.jpg 1353w, https:\/\/www.subaru.es\/blog\/wp-content\/uploads\/2019\/11\/FOTO-BLOG-DOGVIVANT-560x318.jpg 560w, https:\/\/www.subaru.es\/blog\/wp-content\/uploads\/2019\/11\/FOTO-BLOG-DOGVIVANT-768x436.jpg 768w\" data-sizes=\"(max-width: 456px) 100vw, 456px\" src=\"data:image\/svg+xml;base64,PHN2ZyB3aWR0aD0iMSIgaGVpZ2h0PSIxIiB4bWxucz0iaHR0cDovL3d3dy53My5vcmcvMjAwMC9zdmciPjwvc3ZnPg==\" style=\"--smush-placeholder-width: 456px; --smush-placeholder-aspect-ratio: 456\/258;\" \/><\/figure><\/div>\n\n\n\n<h3 class=\"wp-block-heading\">Una ruta de senderismo apta para cualquiera<\/h3>\n\n\n\n<p>No hace falta ser un deportista de \u00e9lite para disfrutar de una caminata respirando aire puro y conectando con la naturaleza. Si eres un poco <a rel=\"noreferrer noopener\" aria-label=\"No hace falta ser un deportista de \u00e9lite para disfrutar de una caminata respirando aire puro y conectando con la naturaleza. Si eres un poco geonest\u00e9sico, como nosotros, te aconsejamos que te dejes llevar por caminos desprovistos de asfalto, donde tu Subaru ecoHYBRID te llevar\u00e1 sin problemas y donde adem\u00e1s tu compi de cuatro patas se lo pasar\u00e1 como un enano.  (opens in a new tab)\" href=\"https:\/\/www.subaru.es\/blog\/nuestra-marca\/serie-tv-geonestesia-gama-ecohybrid\/\" target=\"_blank\"><strong>geonest\u00e9sico<\/strong><\/a>, como nosotros, te aconsejamos que te dejes llevar por caminos desprovistos de asfalto, <strong>donde tu Subaru <a href=\"https:\/\/www.subaru.es\/gamaeco-hibridos\" target=\"_blank\" rel=\"noreferrer noopener\" aria-label=\"No hace falta ser un deportista de \u00e9lite para disfrutar de una caminata respirando aire puro y conectando con la naturaleza. Si eres un poco geonest\u00e9sico, como nosotros, te aconsejamos que te dejes llevar por caminos desprovistos de asfalto, donde tu Subaru ecoHYBRID te llevar\u00e1 sin problemas y donde adem\u00e1s tu compi de cuatro patas se lo pasar\u00e1 como un enano.  (opens in a new tab)\">ecoHYBRID<\/a> te llevar\u00e1 sin problemas y donde adem\u00e1s tu compi de cuatro patas se lo pasar\u00e1 como un enano.<\/strong> <\/p>\n\n\n\n<p>En el<strong> blog de <\/strong><a rel=\"noreferrer noopener\" aria-label=\"En el blog de DogVivant proponen algunas rutas para hacer por la Sierra de Madrid, una de las paradas obligatorias para todos aquellos que pasan su d\u00eda a d\u00eda en el centro de la capital y que necesitan un cambio de aires durante el fin de semana. Por ejemplo, puedes optar por una sencilla ruta de unos 12 kil\u00f3metros por el Camino Schmid, que comienza en Navacerrada y termina en las Dehesas de Cercedilla. O realizar la ruta de la Cascada del Purgatorio en Rascafr\u00eda, tambi\u00e9n de aproximadamente 12 kil\u00f3metros. Claro que, si prefieres las emociones un poco m\u00e1s fuertes, tambi\u00e9n desde DogVivant tienen recomendaciones como la de realizar la Senda del Genaro, en El Barrueco, una ruta clasificada como Senda de Gran Recorrido. \u00a1Hay opciones para todos los gustos! (opens in a new tab)\" href=\"https:\/\/blog.dogvivant.com\/destino-subaru-la-sierra-de-madrid-con-perro\/\" target=\"_blank\"><strong>DogVivant<\/strong><\/a><strong> <\/strong>proponen algunas<strong> rutas para hacer por la Sierra de Madrid<\/strong>, una de las paradas obligatorias para todos aquellos que pasan su d\u00eda a d\u00eda en el centro de la capital y que necesitan un cambio de aires durante el fin de semana. Por ejemplo, puedes optar por una <strong>sencilla ruta de unos 12 kil\u00f3metros por el <a rel=\"noreferrer noopener\" aria-label=\"En el blog de DogVivant proponen algunas rutas para hacer por la Sierra de Madrid, una de las paradas obligatorias para todos aquellos que pasan su d\u00eda a d\u00eda en el centro de la capital y que necesitan un cambio de aires durante el fin de semana. Por ejemplo, puedes optar por una sencilla ruta de unos 12 kil\u00f3metros por el Camino Schmid, que comienza en Navacerrada y termina en las Dehesas de Cercedilla. O realizar la ruta de la Cascada del Purgatorio en Rascafr\u00eda, tambi\u00e9n de aproximadamente 12 kil\u00f3metros. Claro que, si prefieres las emociones un poco m\u00e1s fuertes, tambi\u00e9n desde DogVivant tienen recomendaciones como la de realizar la Senda del Genaro, en El Barrueco, una ruta clasificada como Senda de Gran Recorrido. \u00a1Hay opciones para todos los gustos! (opens in a new tab)\" href=\"https:\/\/www.dogvivant.com\/planes-con-perros\/camino-schmid\" target=\"_blank\">Camino Schmid<\/a><\/strong>, que comienza en <strong>Navacerrada y termina en las Dehesas de Cercedilla.<\/strong>&nbsp;Tambi\u00e9n puedes realizar la ruta de la <strong><a rel=\"noreferrer noopener\" aria-label=\"En el blog de DogVivant proponen algunas rutas para hacer por la Sierra de Madrid, una de las paradas obligatorias para todos aquellos que pasan su d\u00eda a d\u00eda en el centro de la capital y que necesitan un cambio de aires durante el fin de semana. Por ejemplo, puedes optar por una sencilla ruta de unos 12 kil\u00f3metros por el Camino Schmid, que comienza en Navacerrada y termina en las Dehesas de Cercedilla. O realizar la ruta de la Cascada del Purgatorio en Rascafr\u00eda, tambi\u00e9n de aproximadamente 12 kil\u00f3metros. Claro que, si prefieres las emociones un poco m\u00e1s fuertes, tambi\u00e9n desde DogVivant tienen recomendaciones como la de realizar la Senda del Genaro, en El Barrueco, una ruta clasificada como Senda de Gran Recorrido. \u00a1Hay opciones para todos los gustos! (opens in a new tab)\" href=\"https:\/\/www.dogvivant.com\/planes-con-perros\/cascada-del-purgatorio\" target=\"_blank\">Cascada del Purgatorio en Rascafr\u00eda<\/a><\/strong>, tambi\u00e9n de aproximadamente 12 kil\u00f3metros o la<strong>&nbsp;<a rel=\"noreferrer noopener\" href=\"https:\/\/www.dogvivant.com\/planes-con-perros\/ruta-de-las-cuchilleras\" target=\"_blank\">Ruta de Las Cuchilleras<\/a>, en Torrelaguna.&nbsp;<\/strong><\/p>\n\n\n\n<div class=\"wp-block-image\"><figure class=\"aligncenter is-resized\"><img decoding=\"async\" data-src=\"https:\/\/www.subaru.es\/blog\/wp-content\/uploads\/2019\/11\/9619-foto.jpg\" alt=\"\" class=\"wp-image-21492 lazyload\" width=\"477\" height=\"306\" data-srcset=\"https:\/\/www.subaru.es\/blog\/wp-content\/uploads\/2019\/11\/9619-foto.jpg 620w, https:\/\/www.subaru.es\/blog\/wp-content\/uploads\/2019\/11\/9619-foto-560x360.jpg 560w\" data-sizes=\"(max-width: 477px) 100vw, 477px\" src=\"data:image\/svg+xml;base64,PHN2ZyB3aWR0aD0iMSIgaGVpZ2h0PSIxIiB4bWxucz0iaHR0cDovL3d3dy53My5vcmcvMjAwMC9zdmciPjwvc3ZnPg==\" style=\"--smush-placeholder-width: 477px; --smush-placeholder-aspect-ratio: 477\/306;\" \/><figcaption><em>Cascada del Purgatorio _una imagen de senderismo Madrid<\/em><\/figcaption><\/figure><\/div>\n\n\n\n<p>Claro que, si prefieres las emociones un poco m\u00e1s fuertes, tambi\u00e9n desde <strong>DogVivan<\/strong>t tienen recomendaciones como la de realizar la <strong><a rel=\"noreferrer noopener\" aria-label=\"En el blog de DogVivant proponen algunas rutas para hacer por la Sierra de Madrid, una de las paradas obligatorias para todos aquellos que pasan su d\u00eda a d\u00eda en el centro de la capital y que necesitan un cambio de aires durante el fin de semana. Por ejemplo, puedes optar por una sencilla ruta de unos 12 kil\u00f3metros por el Camino Schmid, que comienza en Navacerrada y termina en las Dehesas de Cercedilla. O realizar la ruta de la Cascada del Purgatorio en Rascafr\u00eda, tambi\u00e9n de aproximadamente 12 kil\u00f3metros. Claro que, si prefieres las emociones un poco m\u00e1s fuertes, tambi\u00e9n desde DogVivant tienen recomendaciones como la de realizar la Senda del Genaro, en El Barrueco, una ruta clasificada como Senda de Gran Recorrido. \u00a1Hay opciones para todos los gustos! (opens in a new tab)\" href=\"https:\/\/www.dogvivant.com\/planes-con-perros\/senda-del-genaro\" target=\"_blank\">Senda del Genaro<\/a><\/strong>, en <strong>El Barrueco<\/strong>, una ruta clasificada como <strong>Senda de Gran Recorrido<\/strong>. \u00a1Hay opciones para todos los gustos!<\/p>\n\n\n\n<div class=\"wp-block-image\"><figure class=\"aligncenter is-resized\"><img decoding=\"async\" data-src=\"https:\/\/www.subaru.es\/blog\/wp-content\/uploads\/2019\/11\/11519-foto.jpg\" alt=\"\" class=\"wp-image-21497 lazyload\" width=\"484\" height=\"264\" data-srcset=\"https:\/\/www.subaru.es\/blog\/wp-content\/uploads\/2019\/11\/11519-foto.jpg 729w, https:\/\/www.subaru.es\/blog\/wp-content\/uploads\/2019\/11\/11519-foto-560x307.jpg 560w\" data-sizes=\"(max-width: 484px) 100vw, 484px\" src=\"data:image\/svg+xml;base64,PHN2ZyB3aWR0aD0iMSIgaGVpZ2h0PSIxIiB4bWxucz0iaHR0cDovL3d3dy53My5vcmcvMjAwMC9zdmciPjwvc3ZnPg==\" style=\"--smush-placeholder-width: 484px; --smush-placeholder-aspect-ratio: 484\/264;\" \/><figcaption><em>Ruta de Las Cuchilleras_una imagen de SierraNorte.com<\/em><\/figcaption><\/figure><\/div>\n\n\n\n<h3 class=\"wp-block-heading\">La tranquilidad de una casa rural en un pueblo con mucho encanto<\/h3>\n\n\n\n<p>Si lo tuyo no es el deporte y te apetece una escapada m\u00e1s tranquila y relajada, <strong>te proponemos la opci\u00f3n de alojarte un fin de semana en una casa rural y disfrutar del silencio y las vistas a tu ritmo<\/strong>. A lo largo de todo el territorio espa\u00f1ol puedes encontrar decenas de alojamientos rurales que admiten perros, y que se encuentran adem\u00e1s enclavados en lugares llenos de historia. <strong>Castilla y Le\u00f3n, Asturias o Cantabria<\/strong>, son algunas de las comunidades donde podr\u00e1s disfrutar de este tipo de turismo. <strong>Naturaleza, cultura y gastronom\u00eda, todo en uno<\/strong>. \u00a1Lo dif\u00edcil ser\u00e1 escoger qu\u00e9 lugar visitar primero!<\/p>\n\n\n\n<p>Nosotros ya estamos disfrutando del oto\u00f1o con escapadas con el <strong>Subaru XV ecoHYBRID <\/strong>y el <strong>Forester ecoHYBRID <\/strong>antes de que el fr\u00edo vaya a m\u00e1s. \u00a1No dejes pasar un d\u00eda m\u00e1s sin salir de la ciudad para conectar con la naturaleza en familia!<\/p>\n\n\n\n<p>Si quieres m\u00e1s informaci\u00f3n sobre cualquiera de estos destinos,<strong>&nbsp;\u00a1visita el&nbsp;<a rel=\"noreferrer noopener\" href=\"https:\/\/blog.dogvivant.com\/category\/planes\/\" target=\"_blank\">blog de Dog Vivant<\/a>!&nbsp;Arranca tu Subaru y disfruta con toda la familia de los planes m\u00e1s \u00a1Guau!<\/strong><\/p>\n\n\n\n<div class=\"wp-block-image\"><figure class=\"aligncenter is-resized\"><img decoding=\"async\" data-src=\"https:\/\/www.subaru.es\/blog\/wp-content\/uploads\/2019\/09\/HgUMfgpZ.jpeg\" alt=\"\" class=\"wp-image-21350 lazyload\" width=\"430\" height=\"85\" data-srcset=\"https:\/\/www.subaru.es\/blog\/wp-content\/uploads\/2019\/09\/HgUMfgpZ.jpeg 1353w, https:\/\/www.subaru.es\/blog\/wp-content\/uploads\/2019\/09\/HgUMfgpZ-560x112.jpeg 560w, https:\/\/www.subaru.es\/blog\/wp-content\/uploads\/2019\/09\/HgUMfgpZ-768x153.jpeg 768w\" data-sizes=\"(max-width: 430px) 100vw, 430px\" src=\"data:image\/svg+xml;base64,PHN2ZyB3aWR0aD0iMSIgaGVpZ2h0PSIxIiB4bWxucz0iaHR0cDovL3d3dy53My5vcmcvMjAwMC9zdmciPjwvc3ZnPg==\" style=\"--smush-placeholder-width: 430px; --smush-placeholder-aspect-ratio: 430\/85;\" \/><\/figure><\/div>\n","protected":false},"excerpt":{"rendered":"<p>El calor del verano ha dado paso por fin a temperaturas m\u00e1s suaves y propias del oto\u00f1o. En Subaru \u00a1nos encanta esta estaci\u00f3n! Y es que es la \u00e9poca perfecta del a\u00f1o para disfrutar de la naturaleza, de los colores de las plantas y la luz, de los sonidos\u2026 Descubre destinos incre\u00edbles a los que [&hellip;]<\/p>\n","protected":false},"author":21,"featured_media":21490,"comment_status":"closed","ping_status":"closed","sticky":false,"template":"","format":"standard","meta":{"_acf_changed":false,"_eb_attr":"","inline_featured_image":false,"footnotes":""},"categories":[4402,4520],"tags":[4405,5027,5005,4852,5013,1694,2174,4544,4364,4363,4525,4575,4390,4989,5017,908,64,4543,4714,4437,4774,4808,125,2305],"class_list":["post-21489","post","type-post","status-publish","format-standard","has-post-thumbnail","hentry","category-pet-lovers","category-subaru-lifestyle","tag-all-around-safety","tag-dogvivant","tag-gama-hibrida-subaru","tag-gama-suv","tag-gama-suv-subaru","tag-off-road","tag-offroad","tag-offroaders","tag-petfriendly","tag-petlovers","tag-petoffroaders","tag-seguridad-subaru","tag-subaru","tag-subaru-eco-bi-fuel","tag-subaru-eco-hybrid","tag-subaru-ecologico","tag-subaru-espana","tag-subaru-offroaders","tag-subaru-petlover","tag-subaruoffroaders","tag-subarupetlover","tag-subarupetlovers","tag-suv","tag-suv-compacto"],"acf":[],"yoast_head":"<!-- This site is optimized with the Yoast SEO plugin v27.3 - https:\/\/yoast.com\/product\/yoast-seo-wordpress\/ -->\n<title>Oto\u00f1o, perretes y Subaru: llega la \u00e9poca de las hojas ca\u00eddas - Universo Subaru<\/title>\n<meta name=\"robots\" content=\"index, follow, max-snippet:-1, max-image-preview:large, max-video-preview:-1\" \/>\n<link rel=\"canonical\" href=\"https:\/\/www.subaru.es\/blog\/pet-lovers\/sierra-madrid-subaru-perro\/\" \/>\n<meta property=\"og:locale\" content=\"es_ES\" \/>\n<meta property=\"og:type\" content=\"article\" \/>\n<meta property=\"og:title\" content=\"Oto\u00f1o, perretes y Subaru: llega la \u00e9poca de las hojas ca\u00eddas - Universo Subaru\" \/>\n<meta property=\"og:description\" content=\"El calor del verano ha dado paso por fin a temperaturas m\u00e1s suaves y propias del oto\u00f1o. En Subaru \u00a1nos encanta esta estaci\u00f3n! Y es que es la \u00e9poca perfecta del a\u00f1o para disfrutar de la naturaleza, de los colores de las plantas y la luz, de los sonidos\u2026 Descubre destinos incre\u00edbles a los que [&hellip;]\" \/>\n<meta property=\"og:url\" content=\"https:\/\/www.subaru.es\/blog\/pet-lovers\/sierra-madrid-subaru-perro\/\" \/>\n<meta property=\"og:site_name\" content=\"Universo Subaru\" \/>\n<meta property=\"article:publisher\" content=\"https:\/\/www.facebook.com\/subaruespana\" \/>\n<meta property=\"article:published_time\" content=\"2019-11-12T11:14:24+00:00\" \/>\n<meta property=\"article:modified_time\" content=\"2022-12-16T09:51:03+00:00\" \/>\n<meta property=\"og:image\" content=\"https:\/\/www.subaru.es\/blog\/wp-content\/uploads\/2019\/11\/01.BLOG-LUNES-DOGVIVANT.jpg\" \/>\n\t<meta property=\"og:image:width\" content=\"1550\" \/>\n\t<meta property=\"og:image:height\" content=\"520\" \/>\n\t<meta property=\"og:image:type\" content=\"image\/jpeg\" \/>\n<meta name=\"author\" content=\"Subaru\" \/>\n<meta name=\"twitter:card\" content=\"summary_large_image\" \/>\n<meta name=\"twitter:label1\" content=\"Escrito por\" \/>\n\t<meta name=\"twitter:data1\" content=\"Subaru\" \/>\n\t<meta name=\"twitter:label2\" content=\"Tiempo de lectura\" \/>\n\t<meta name=\"twitter:data2\" content=\"3 minutos\" \/>\n<script type=\"application\/ld+json\" class=\"yoast-schema-graph\">{\"@context\":\"https:\\\/\\\/schema.org\",\"@graph\":[{\"@type\":\"Article\",\"@id\":\"https:\\\/\\\/www.subaru.es\\\/blog\\\/pet-lovers\\\/sierra-madrid-subaru-perro\\\/#article\",\"isPartOf\":{\"@id\":\"https:\\\/\\\/www.subaru.es\\\/blog\\\/pet-lovers\\\/sierra-madrid-subaru-perro\\\/\"},\"author\":{\"name\":\"Subaru\",\"@id\":\"https:\\\/\\\/www.subaru.es\\\/blog\\\/#\\\/schema\\\/person\\\/19a90b892230b8e0ec752704ddf4aa10\"},\"headline\":\"Oto\u00f1o, perretes y Subaru: llega la \u00e9poca de las hojas ca\u00eddas\",\"datePublished\":\"2019-11-12T11:14:24+00:00\",\"dateModified\":\"2022-12-16T09:51:03+00:00\",\"mainEntityOfPage\":{\"@id\":\"https:\\\/\\\/www.subaru.es\\\/blog\\\/pet-lovers\\\/sierra-madrid-subaru-perro\\\/\"},\"wordCount\":594,\"publisher\":{\"@id\":\"https:\\\/\\\/www.subaru.es\\\/blog\\\/#organization\"},\"image\":{\"@id\":\"https:\\\/\\\/www.subaru.es\\\/blog\\\/pet-lovers\\\/sierra-madrid-subaru-perro\\\/#primaryimage\"},\"thumbnailUrl\":\"https:\\\/\\\/www.subaru.es\\\/blog\\\/wp-content\\\/uploads\\\/2019\\\/11\\\/01.BLOG-LUNES-DOGVIVANT.jpg\",\"keywords\":[\"all around safety\",\"Dogvivant\",\"gama h\u00edbrida Subaru\",\"Gama SUV\",\"gama SUV subaru\",\"Off-Road\",\"offroad\",\"OffRoaders\",\"petfriendly\",\"petlovers\",\"PetOffRoaders\",\"Seguridad Subaru\",\"Subaru\",\"Subaru Eco Bi-fuel\",\"Subaru eco hybrid\",\"Subaru ecol\u00f3gico\",\"subaru espa\u00f1a\",\"Subaru OffRoaders\",\"Subaru PetLover\",\"SubaruOffroaders\",\"SubaruPetLover\",\"SubaruPetLovers\",\"suv\",\"SUV compacto\"],\"articleSection\":[\"Pet lovers\",\"Subaru LifeStyle\"],\"inLanguage\":\"es\"},{\"@type\":\"WebPage\",\"@id\":\"https:\\\/\\\/www.subaru.es\\\/blog\\\/pet-lovers\\\/sierra-madrid-subaru-perro\\\/\",\"url\":\"https:\\\/\\\/www.subaru.es\\\/blog\\\/pet-lovers\\\/sierra-madrid-subaru-perro\\\/\",\"name\":\"Oto\u00f1o, perretes y Subaru: llega la \u00e9poca de las hojas ca\u00eddas - Universo Subaru\",\"isPartOf\":{\"@id\":\"https:\\\/\\\/www.subaru.es\\\/blog\\\/#website\"},\"primaryImageOfPage\":{\"@id\":\"https:\\\/\\\/www.subaru.es\\\/blog\\\/pet-lovers\\\/sierra-madrid-subaru-perro\\\/#primaryimage\"},\"image\":{\"@id\":\"https:\\\/\\\/www.subaru.es\\\/blog\\\/pet-lovers\\\/sierra-madrid-subaru-perro\\\/#primaryimage\"},\"thumbnailUrl\":\"https:\\\/\\\/www.subaru.es\\\/blog\\\/wp-content\\\/uploads\\\/2019\\\/11\\\/01.BLOG-LUNES-DOGVIVANT.jpg\",\"datePublished\":\"2019-11-12T11:14:24+00:00\",\"dateModified\":\"2022-12-16T09:51:03+00:00\",\"breadcrumb\":{\"@id\":\"https:\\\/\\\/www.subaru.es\\\/blog\\\/pet-lovers\\\/sierra-madrid-subaru-perro\\\/#breadcrumb\"},\"inLanguage\":\"es\",\"potentialAction\":[{\"@type\":\"ReadAction\",\"target\":[\"https:\\\/\\\/www.subaru.es\\\/blog\\\/pet-lovers\\\/sierra-madrid-subaru-perro\\\/\"]}]},{\"@type\":\"ImageObject\",\"inLanguage\":\"es\",\"@id\":\"https:\\\/\\\/www.subaru.es\\\/blog\\\/pet-lovers\\\/sierra-madrid-subaru-perro\\\/#primaryimage\",\"url\":\"https:\\\/\\\/www.subaru.es\\\/blog\\\/wp-content\\\/uploads\\\/2019\\\/11\\\/01.BLOG-LUNES-DOGVIVANT.jpg\",\"contentUrl\":\"https:\\\/\\\/www.subaru.es\\\/blog\\\/wp-content\\\/uploads\\\/2019\\\/11\\\/01.BLOG-LUNES-DOGVIVANT.jpg\",\"width\":1550,\"height\":520},{\"@type\":\"BreadcrumbList\",\"@id\":\"https:\\\/\\\/www.subaru.es\\\/blog\\\/pet-lovers\\\/sierra-madrid-subaru-perro\\\/#breadcrumb\",\"itemListElement\":[{\"@type\":\"ListItem\",\"position\":1,\"name\":\"Portada\",\"item\":\"https:\\\/\\\/www.subaru.es\\\/blog\\\/\"},{\"@type\":\"ListItem\",\"position\":2,\"name\":\"Oto\u00f1o, perretes y Subaru: llega la \u00e9poca de las hojas ca\u00eddas\"}]},{\"@type\":\"WebSite\",\"@id\":\"https:\\\/\\\/www.subaru.es\\\/blog\\\/#website\",\"url\":\"https:\\\/\\\/www.subaru.es\\\/blog\\\/\",\"name\":\"Universo Subaru\",\"description\":\"Descubre este apasionante espacio de Subaru donde vas a conocer todo sobre nuestros coches y las experiencias que vivimos con ellos. Si est\u00e1s preparado para dejarte seducir por la filosof\u00eda Subaru, qu\u00e9date con nosotros.\",\"publisher\":{\"@id\":\"https:\\\/\\\/www.subaru.es\\\/blog\\\/#organization\"},\"potentialAction\":[{\"@type\":\"SearchAction\",\"target\":{\"@type\":\"EntryPoint\",\"urlTemplate\":\"https:\\\/\\\/www.subaru.es\\\/blog\\\/?s={search_term_string}\"},\"query-input\":{\"@type\":\"PropertyValueSpecification\",\"valueRequired\":true,\"valueName\":\"search_term_string\"}}],\"inLanguage\":\"es\"},{\"@type\":\"Organization\",\"@id\":\"https:\\\/\\\/www.subaru.es\\\/blog\\\/#organization\",\"name\":\"Subaru Espa\u00f1a S.A.\",\"url\":\"https:\\\/\\\/www.subaru.es\\\/blog\\\/\",\"logo\":{\"@type\":\"ImageObject\",\"inLanguage\":\"es\",\"@id\":\"https:\\\/\\\/www.subaru.es\\\/blog\\\/#\\\/schema\\\/logo\\\/image\\\/\",\"url\":\"https:\\\/\\\/www.subaru.es\\\/blog\\\/wp-content\\\/uploads\\\/2016\\\/12\\\/Logo-Subaru-TypeV_C300-scaled.jpg\",\"contentUrl\":\"https:\\\/\\\/www.subaru.es\\\/blog\\\/wp-content\\\/uploads\\\/2016\\\/12\\\/Logo-Subaru-TypeV_C300-scaled.jpg\",\"width\":2560,\"height\":1864,\"caption\":\"Subaru Espa\u00f1a S.A.\"},\"image\":{\"@id\":\"https:\\\/\\\/www.subaru.es\\\/blog\\\/#\\\/schema\\\/logo\\\/image\\\/\"},\"sameAs\":[\"https:\\\/\\\/www.facebook.com\\\/subaruespana\",\"https:\\\/\\\/www.instagram.com\\\/subarues\\\/\",\"https:\\\/\\\/www.youtube.com\\\/user\\\/subaruespana\"]},{\"@type\":\"Person\",\"@id\":\"https:\\\/\\\/www.subaru.es\\\/blog\\\/#\\\/schema\\\/person\\\/19a90b892230b8e0ec752704ddf4aa10\",\"name\":\"Subaru\",\"url\":\"https:\\\/\\\/www.subaru.es\\\/blog\\\/author\\\/subaria\\\/\"}]}<\/script>\n<!-- \/ Yoast SEO plugin. -->","yoast_head_json":{"title":"Oto\u00f1o, perretes y Subaru: llega la \u00e9poca de las hojas ca\u00eddas - Universo Subaru","robots":{"index":"index","follow":"follow","max-snippet":"max-snippet:-1","max-image-preview":"max-image-preview:large","max-video-preview":"max-video-preview:-1"},"canonical":"https:\/\/www.subaru.es\/blog\/pet-lovers\/sierra-madrid-subaru-perro\/","og_locale":"es_ES","og_type":"article","og_title":"Oto\u00f1o, perretes y Subaru: llega la \u00e9poca de las hojas ca\u00eddas - Universo Subaru","og_description":"El calor del verano ha dado paso por fin a temperaturas m\u00e1s suaves y propias del oto\u00f1o. En Subaru \u00a1nos encanta esta estaci\u00f3n! Y es que es la \u00e9poca perfecta del a\u00f1o para disfrutar de la naturaleza, de los colores de las plantas y la luz, de los sonidos\u2026 Descubre destinos incre\u00edbles a los que [&hellip;]","og_url":"https:\/\/www.subaru.es\/blog\/pet-lovers\/sierra-madrid-subaru-perro\/","og_site_name":"Universo Subaru","article_publisher":"https:\/\/www.facebook.com\/subaruespana","article_published_time":"2019-11-12T11:14:24+00:00","article_modified_time":"2022-12-16T09:51:03+00:00","og_image":[{"width":1550,"height":520,"url":"https:\/\/www.subaru.es\/blog\/wp-content\/uploads\/2019\/11\/01.BLOG-LUNES-DOGVIVANT.jpg","type":"image\/jpeg"}],"author":"Subaru","twitter_card":"summary_large_image","twitter_misc":{"Escrito por":"Subaru","Tiempo de lectura":"3 minutos"},"schema":{"@context":"https:\/\/schema.org","@graph":[{"@type":"Article","@id":"https:\/\/www.subaru.es\/blog\/pet-lovers\/sierra-madrid-subaru-perro\/#article","isPartOf":{"@id":"https:\/\/www.subaru.es\/blog\/pet-lovers\/sierra-madrid-subaru-perro\/"},"author":{"name":"Subaru","@id":"https:\/\/www.subaru.es\/blog\/#\/schema\/person\/19a90b892230b8e0ec752704ddf4aa10"},"headline":"Oto\u00f1o, perretes y Subaru: llega la \u00e9poca de las hojas ca\u00eddas","datePublished":"2019-11-12T11:14:24+00:00","dateModified":"2022-12-16T09:51:03+00:00","mainEntityOfPage":{"@id":"https:\/\/www.subaru.es\/blog\/pet-lovers\/sierra-madrid-subaru-perro\/"},"wordCount":594,"publisher":{"@id":"https:\/\/www.subaru.es\/blog\/#organization"},"image":{"@id":"https:\/\/www.subaru.es\/blog\/pet-lovers\/sierra-madrid-subaru-perro\/#primaryimage"},"thumbnailUrl":"https:\/\/www.subaru.es\/blog\/wp-content\/uploads\/2019\/11\/01.BLOG-LUNES-DOGVIVANT.jpg","keywords":["all around safety","Dogvivant","gama h\u00edbrida Subaru","Gama SUV","gama SUV subaru","Off-Road","offroad","OffRoaders","petfriendly","petlovers","PetOffRoaders","Seguridad Subaru","Subaru","Subaru Eco Bi-fuel","Subaru eco hybrid","Subaru ecol\u00f3gico","subaru espa\u00f1a","Subaru OffRoaders","Subaru PetLover","SubaruOffroaders","SubaruPetLover","SubaruPetLovers","suv","SUV compacto"],"articleSection":["Pet lovers","Subaru LifeStyle"],"inLanguage":"es"},{"@type":"WebPage","@id":"https:\/\/www.subaru.es\/blog\/pet-lovers\/sierra-madrid-subaru-perro\/","url":"https:\/\/www.subaru.es\/blog\/pet-lovers\/sierra-madrid-subaru-perro\/","name":"Oto\u00f1o, perretes y Subaru: llega la \u00e9poca de las hojas ca\u00eddas - Universo Subaru","isPartOf":{"@id":"https:\/\/www.subaru.es\/blog\/#website"},"primaryImageOfPage":{"@id":"https:\/\/www.subaru.es\/blog\/pet-lovers\/sierra-madrid-subaru-perro\/#primaryimage"},"image":{"@id":"https:\/\/www.subaru.es\/blog\/pet-lovers\/sierra-madrid-subaru-perro\/#primaryimage"},"thumbnailUrl":"https:\/\/www.subaru.es\/blog\/wp-content\/uploads\/2019\/11\/01.BLOG-LUNES-DOGVIVANT.jpg","datePublished":"2019-11-12T11:14:24+00:00","dateModified":"2022-12-16T09:51:03+00:00","breadcrumb":{"@id":"https:\/\/www.subaru.es\/blog\/pet-lovers\/sierra-madrid-subaru-perro\/#breadcrumb"},"inLanguage":"es","potentialAction":[{"@type":"ReadAction","target":["https:\/\/www.subaru.es\/blog\/pet-lovers\/sierra-madrid-subaru-perro\/"]}]},{"@type":"ImageObject","inLanguage":"es","@id":"https:\/\/www.subaru.es\/blog\/pet-lovers\/sierra-madrid-subaru-perro\/#primaryimage","url":"https:\/\/www.subaru.es\/blog\/wp-content\/uploads\/2019\/11\/01.BLOG-LUNES-DOGVIVANT.jpg","contentUrl":"https:\/\/www.subaru.es\/blog\/wp-content\/uploads\/2019\/11\/01.BLOG-LUNES-DOGVIVANT.jpg","width":1550,"height":520},{"@type":"BreadcrumbList","@id":"https:\/\/www.subaru.es\/blog\/pet-lovers\/sierra-madrid-subaru-perro\/#breadcrumb","itemListElement":[{"@type":"ListItem","position":1,"name":"Portada","item":"https:\/\/www.subaru.es\/blog\/"},{"@type":"ListItem","position":2,"name":"Oto\u00f1o, perretes y Subaru: llega la \u00e9poca de las hojas ca\u00eddas"}]},{"@type":"WebSite","@id":"https:\/\/www.subaru.es\/blog\/#website","url":"https:\/\/www.subaru.es\/blog\/","name":"Universo Subaru","description":"Descubre este apasionante espacio de Subaru donde vas a conocer todo sobre nuestros coches y las experiencias que vivimos con ellos. Si est\u00e1s preparado para dejarte seducir por la filosof\u00eda Subaru, qu\u00e9date con nosotros.","publisher":{"@id":"https:\/\/www.subaru.es\/blog\/#organization"},"potentialAction":[{"@type":"SearchAction","target":{"@type":"EntryPoint","urlTemplate":"https:\/\/www.subaru.es\/blog\/?s={search_term_string}"},"query-input":{"@type":"PropertyValueSpecification","valueRequired":true,"valueName":"search_term_string"}}],"inLanguage":"es"},{"@type":"Organization","@id":"https:\/\/www.subaru.es\/blog\/#organization","name":"Subaru Espa\u00f1a S.A.","url":"https:\/\/www.subaru.es\/blog\/","logo":{"@type":"ImageObject","inLanguage":"es","@id":"https:\/\/www.subaru.es\/blog\/#\/schema\/logo\/image\/","url":"https:\/\/www.subaru.es\/blog\/wp-content\/uploads\/2016\/12\/Logo-Subaru-TypeV_C300-scaled.jpg","contentUrl":"https:\/\/www.subaru.es\/blog\/wp-content\/uploads\/2016\/12\/Logo-Subaru-TypeV_C300-scaled.jpg","width":2560,"height":1864,"caption":"Subaru Espa\u00f1a S.A."},"image":{"@id":"https:\/\/www.subaru.es\/blog\/#\/schema\/logo\/image\/"},"sameAs":["https:\/\/www.facebook.com\/subaruespana","https:\/\/www.instagram.com\/subarues\/","https:\/\/www.youtube.com\/user\/subaruespana"]},{"@type":"Person","@id":"https:\/\/www.subaru.es\/blog\/#\/schema\/person\/19a90b892230b8e0ec752704ddf4aa10","name":"Subaru","url":"https:\/\/www.subaru.es\/blog\/author\/subaria\/"}]}},"_links":{"self":[{"href":"https:\/\/www.subaru.es\/blog\/wp-json\/wp\/v2\/posts\/21489","targetHints":{"allow":["GET"]}}],"collection":[{"href":"https:\/\/www.subaru.es\/blog\/wp-json\/wp\/v2\/posts"}],"about":[{"href":"https:\/\/www.subaru.es\/blog\/wp-json\/wp\/v2\/types\/post"}],"author":[{"embeddable":true,"href":"https:\/\/www.subaru.es\/blog\/wp-json\/wp\/v2\/users\/21"}],"replies":[{"embeddable":true,"href":"https:\/\/www.subaru.es\/blog\/wp-json\/wp\/v2\/comments?post=21489"}],"version-history":[{"count":7,"href":"https:\/\/www.subaru.es\/blog\/wp-json\/wp\/v2\/posts\/21489\/revisions"}],"predecessor-version":[{"id":21501,"href":"https:\/\/www.subaru.es\/blog\/wp-json\/wp\/v2\/posts\/21489\/revisions\/21501"}],"wp:featuredmedia":[{"embeddable":true,"href":"https:\/\/www.subaru.es\/blog\/wp-json\/wp\/v2\/media\/21490"}],"wp:attachment":[{"href":"https:\/\/www.subaru.es\/blog\/wp-json\/wp\/v2\/media?parent=21489"}],"wp:term":[{"taxonomy":"category","embeddable":true,"href":"https:\/\/www.subaru.es\/blog\/wp-json\/wp\/v2\/categories?post=21489"},{"taxonomy":"post_tag","embeddable":true,"href":"https:\/\/www.subaru.es\/blog\/wp-json\/wp\/v2\/tags?post=21489"}],"curies":[{"name":"wp","href":"https:\/\/api.w.org\/{rel}","templated":true}]}}