{"id":21302,"date":"2019-09-20T10:00:18","date_gmt":"2019-09-20T08:00:18","guid":{"rendered":"https:\/\/www.subaru.es\/blog\/?p=21302"},"modified":"2019-09-18T13:22:30","modified_gmt":"2019-09-18T11:22:30","slug":"roadtrip-subaru-xv-noruega-camino-trolls-laura-madrueno","status":"publish","type":"post","link":"https:\/\/www.subaru.es\/blog\/subaru-lifestyle\/roadtrip-subaru-xv-noruega-camino-trolls-laura-madrueno\/","title":{"rendered":"ROADTRIP CON SUBARU XV POR NORUEGA: El camino de los Trolls"},"content":{"rendered":"\n<p>Continuamos la ruta con nuestro<a rel=\"noreferrer noopener\" aria-label=\"Continuamos la ruta con nuestro Subaru XV por las espectaculares monta\u00f1as y bosques del interior de Noruega\u2026 \u00a1No os pod\u00e9is perder este destino! (opens in a new tab)\" href=\"https:\/\/www.subaru.es\/\" target=\"_blank\"> <\/a><strong><a rel=\"noreferrer noopener\" aria-label=\"Continuamos la ruta con nuestro Subaru XV por las espectaculares monta\u00f1as y bosques del interior de Noruega\u2026 \u00a1No os pod\u00e9is perder este destino! (opens in a new tab)\" href=\"https:\/\/www.subaru.es\/\" target=\"_blank\">Subaru<\/a> XV<\/strong> <strong>por las espectaculares<\/strong> <strong>monta\u00f1as y bosques del interior de <a href=\"https:\/\/www.subaru.es\/blog\/subaru-offroaders\/roadtrip-subaru-xv-noruega-fiordos-laura-madrueno\/\" target=\"_blank\" rel=\"noreferrer noopener\" aria-label=\"Continuamos la ruta con nuestro Subaru XV por las espectaculares monta\u00f1as y bosques del interior de Noruega\u2026 \u00a1No os pod\u00e9is perder este destino! (opens in a new tab)\">Noruega<\/a><\/strong>\u2026 \u00a1No os pod\u00e9is perder este destino!<\/p>\n\n\n\n<figure class=\"wp-block-image\"><img decoding=\"async\" width=\"1440\" height=\"960\" data-src=\"https:\/\/www.subaru.es\/blog\/wp-content\/uploads\/2019\/09\/BLOG-INTERIOR-LAURA-MADRUE\u00d1O-2-1440x960.jpg\" alt=\"\" class=\"wp-image-21318 lazyload\" data-srcset=\"https:\/\/www.subaru.es\/blog\/wp-content\/uploads\/2019\/09\/BLOG-INTERIOR-LAURA-MADRUE\u00d1O-2-1440x960.jpg 1440w, https:\/\/www.subaru.es\/blog\/wp-content\/uploads\/2019\/09\/BLOG-INTERIOR-LAURA-MADRUE\u00d1O-2-560x373.jpg 560w, https:\/\/www.subaru.es\/blog\/wp-content\/uploads\/2019\/09\/BLOG-INTERIOR-LAURA-MADRUE\u00d1O-2-768x512.jpg 768w, https:\/\/www.subaru.es\/blog\/wp-content\/uploads\/2019\/09\/BLOG-INTERIOR-LAURA-MADRUE\u00d1O-2-1536x1024.jpg 1536w, https:\/\/www.subaru.es\/blog\/wp-content\/uploads\/2019\/09\/BLOG-INTERIOR-LAURA-MADRUE\u00d1O-2-2048x1365.jpg 2048w\" data-sizes=\"(max-width: 1440px) 100vw, 1440px\" src=\"data:image\/svg+xml;base64,PHN2ZyB3aWR0aD0iMSIgaGVpZ2h0PSIxIiB4bWxucz0iaHR0cDovL3d3dy53My5vcmcvMjAwMC9zdmciPjwvc3ZnPg==\" style=\"--smush-placeholder-width: 1440px; --smush-placeholder-aspect-ratio: 1440\/960;\" \/><\/figure>\n\n\n\n<h3 class=\"wp-block-heading\">Contemplar la naturaleza<\/h3>\n\n\n\n<p>Muy probablemente \u00e9ste es el lugar m\u00e1s inspirador en el que he tenido la oportunidad de pasar la noche. Situado en una de las zonas m\u00e1s escarpadas de Valldal, <strong>en plena reserva natural al noreste de Noruega, surgi\u00f3 el primer hotel paisaje en Europa, el Juvet Landscape Hotel<\/strong>. <\/p>\n\n\n\n<p>Se trata de peque\u00f1as casas suspendidas en el entorno que exaltan los verdes, las cascadas y los sonidos m\u00e1s all\u00e1 de lo sensorial. Cada casita est\u00e1 <strong>dirigida al caudaloso r\u00edo cercano con el objetivo fundamental de contemplar el paisaje<\/strong>: de ser espectador del cambiante rostro que presenta la naturaleza en un clima extremo como el n\u00f3rdico. Adem\u00e1s, cuenta con sauna y jacuzzi a orillas del r\u00edo cristalino\u2026 \u00a1Imprescindible!<\/p>\n\n\n\n<figure class=\"wp-block-image\"><img decoding=\"async\" width=\"1440\" height=\"960\" data-src=\"https:\/\/www.subaru.es\/blog\/wp-content\/uploads\/2019\/09\/BLOG-INTERIOR-4-1440x960.jpg\" alt=\"\" class=\"wp-image-21306 lazyload\" data-srcset=\"https:\/\/www.subaru.es\/blog\/wp-content\/uploads\/2019\/09\/BLOG-INTERIOR-4-1440x960.jpg 1440w, https:\/\/www.subaru.es\/blog\/wp-content\/uploads\/2019\/09\/BLOG-INTERIOR-4-560x373.jpg 560w, https:\/\/www.subaru.es\/blog\/wp-content\/uploads\/2019\/09\/BLOG-INTERIOR-4-768x512.jpg 768w, https:\/\/www.subaru.es\/blog\/wp-content\/uploads\/2019\/09\/BLOG-INTERIOR-4-1536x1024.jpg 1536w, https:\/\/www.subaru.es\/blog\/wp-content\/uploads\/2019\/09\/BLOG-INTERIOR-4-2048x1365.jpg 2048w\" data-sizes=\"(max-width: 1440px) 100vw, 1440px\" src=\"data:image\/svg+xml;base64,PHN2ZyB3aWR0aD0iMSIgaGVpZ2h0PSIxIiB4bWxucz0iaHR0cDovL3d3dy53My5vcmcvMjAwMC9zdmciPjwvc3ZnPg==\" style=\"--smush-placeholder-width: 1440px; --smush-placeholder-aspect-ratio: 1440\/960;\" \/><\/figure>\n\n\n\n<h3 class=\"wp-block-heading\">El camino de los Trolls<\/h3>\n\n\n\n<p>El paisaje es totalmente cambiante en zonas del interior, pasas de <strong>frondosos bosques en los que al cruzarlos parece hacerse de noche, a horizontes rocosos todav\u00eda nevados<\/strong> e inmersos en densas brumas. <\/p>\n\n\n\n<p>Y para disfrutar de nuestro<strong> <a rel=\"noreferrer noopener\" aria-label=\"Y para disfrutar de nuestro Subaru XV no pod\u00edamos dejar de conducir por Trollstigen, una de las carreteras de monta\u00f1a m\u00e1s famosas de Noruega, situada en la provincia de M\u00f8re og Romsdal. Se trata de una carretera con once curvas de 180\u00ba y un desnivel de 800 metros que \u2026 \u00a1te dejar\u00e1n sin respiraci\u00f3n! (opens in a new tab)\" href=\"https:\/\/www.subaru.es\/vehiculos\/xv\" target=\"_blank\">Subaru XV<\/a><\/strong> no pod\u00edamos dejar de conducir por <em>Trollstigen<\/em>, una de las carreteras de monta\u00f1a m\u00e1s famosas de Noruega, situada en la provincia de <em>M\u00f8re og Romsdal<\/em>. <strong>Se trata de una carretera con once curvas de 180\u00ba y un desnivel de 800 metros<\/strong> que \u2026 \u00a1te dejar\u00e1n sin respiraci\u00f3n!<\/p>\n\n\n\n<figure class=\"wp-block-image\"><img decoding=\"async\" width=\"1440\" height=\"1080\" data-src=\"https:\/\/www.subaru.es\/blog\/wp-content\/uploads\/2019\/09\/BLOG-INTERIOR-2-1440x1080.jpg\" alt=\"\" class=\"wp-image-21307 lazyload\" data-srcset=\"https:\/\/www.subaru.es\/blog\/wp-content\/uploads\/2019\/09\/BLOG-INTERIOR-2-1440x1080.jpg 1440w, https:\/\/www.subaru.es\/blog\/wp-content\/uploads\/2019\/09\/BLOG-INTERIOR-2-560x420.jpg 560w, https:\/\/www.subaru.es\/blog\/wp-content\/uploads\/2019\/09\/BLOG-INTERIOR-2-768x576.jpg 768w, https:\/\/www.subaru.es\/blog\/wp-content\/uploads\/2019\/09\/BLOG-INTERIOR-2-1536x1152.jpg 1536w, https:\/\/www.subaru.es\/blog\/wp-content\/uploads\/2019\/09\/BLOG-INTERIOR-2-2048x1536.jpg 2048w\" data-sizes=\"(max-width: 1440px) 100vw, 1440px\" src=\"data:image\/svg+xml;base64,PHN2ZyB3aWR0aD0iMSIgaGVpZ2h0PSIxIiB4bWxucz0iaHR0cDovL3d3dy53My5vcmcvMjAwMC9zdmciPjwvc3ZnPg==\" style=\"--smush-placeholder-width: 1440px; --smush-placeholder-aspect-ratio: 1440\/1080;\" \/><\/figure>\n\n\n\n<p><strong>Cuando llegu\u00e9is a la cima y si las nubes lo permiten divisar\u00e9is un grandioso valle y la impresionante cascada<\/strong> que se precipita entre las curvas. El centro de visitantes es otra obra maestra de la arquitectura, con un mirador no apto para vertiginosos. <\/p>\n\n\n\n<p><strong>Es posible subir por la <\/strong><em><strong>Trollstigen<\/strong><\/em><strong> desde mediados de mayo a finales de noviembre<\/strong>, el resto del a\u00f1o la carretera permanece cerrada debido a la severa climatolog\u00eda del lugar.<\/p>\n\n\n\n<h3 class=\"wp-block-heading\">Territorio de renos salvajes<\/h3>\n\n\n\n<p>De visita en el<em> Parque Nacional de Dovrefjell<\/em>, situado a 1250 metros sobre el nivel del mar y con vistas al Macizo de <em>Sn\u00f8hetta<\/em>, <strong>hacemos una peque\u00f1a caminata que culmina en el mirador de renos salvajes, bueyes almizcleros y zorros \u00e1rticos.<\/strong> <\/p>\n\n\n\n<p>Una caja de acero, madera y cristal que<strong> te invita a contemplar un gran valle en silencio y al calor de la chimenea<\/strong>. Definitivamente, la arquitectura de este pa\u00eds es de otro mundo. <\/p>\n\n\n\n<h3 class=\"wp-block-heading\">La \u00d3pera de Olso<\/h3>\n\n\n\n<p>Y despu\u00e9s de casi dos mil kil\u00f3metros, culminamos el viaje en la capital de Noruega, Olso, <strong>una ciudad muy tranquila y agradable tambi\u00e9n para conducir con nuestro <a href=\"https:\/\/www.subaru.es\/configurador\/xv\" target=\"_blank\" rel=\"noreferrer noopener\" aria-label=\"Y despu\u00e9s de casi dos mil kil\u00f3metros, culminamos el viaje en la capital de Noruega, Olso, una ciudad muy tranquila y agradable tambi\u00e9n para conducir con nuestro Subaru XV, aunque el transporte m\u00e1s utilizado por los noruegos en el centro de la ciudad \u00a1es el patinete! (opens in a new tab)\">Subaru XV<\/a><\/strong>, aunque el transporte m\u00e1s utilizado por los noruegos en el centro de la ciudad \u00a1es el patinete!<\/p>\n\n\n\n<p>Os recomiendo visitar la \u00d3pera, otra genialidad de edificio que parece un enorme iceberg flotando en el Atl\u00e1ntico.<strong> Una gran monta\u00f1a de m\u00e1rmol blanco de Carrara y cristal por donde se puede pasear hasta el techo<\/strong> y disfrutar de las vistas que ofrece de la ciudad. <\/p>\n\n\n\n<p>Por supuesto, <strong>nos despedimos de estas tierras encantadas con un salm\u00f3n salvaje <\/strong>en el <em>Caf\u00e9 Skansen<\/em>.  <\/p>\n\n\n\n<p>\u00a1Hasta pronto, Noruega!<\/p>\n\n\n\n<figure class=\"wp-block-image\"><img decoding=\"async\" width=\"1440\" height=\"1080\" data-src=\"https:\/\/www.subaru.es\/blog\/wp-content\/uploads\/2019\/09\/04.-JUEVES-FB-TW-IG-1-1440x1080.jpg\" alt=\"\" class=\"wp-image-21319 lazyload\" data-srcset=\"https:\/\/www.subaru.es\/blog\/wp-content\/uploads\/2019\/09\/04.-JUEVES-FB-TW-IG-1-1440x1080.jpg 1440w, https:\/\/www.subaru.es\/blog\/wp-content\/uploads\/2019\/09\/04.-JUEVES-FB-TW-IG-1-560x420.jpg 560w, https:\/\/www.subaru.es\/blog\/wp-content\/uploads\/2019\/09\/04.-JUEVES-FB-TW-IG-1-768x576.jpg 768w, https:\/\/www.subaru.es\/blog\/wp-content\/uploads\/2019\/09\/04.-JUEVES-FB-TW-IG-1-1536x1152.jpg 1536w, https:\/\/www.subaru.es\/blog\/wp-content\/uploads\/2019\/09\/04.-JUEVES-FB-TW-IG-1-2048x1536.jpg 2048w\" data-sizes=\"(max-width: 1440px) 100vw, 1440px\" src=\"data:image\/svg+xml;base64,PHN2ZyB3aWR0aD0iMSIgaGVpZ2h0PSIxIiB4bWxucz0iaHR0cDovL3d3dy53My5vcmcvMjAwMC9zdmciPjwvc3ZnPg==\" style=\"--smush-placeholder-width: 1440px; --smush-placeholder-aspect-ratio: 1440\/1080;\" \/><\/figure>\n","protected":false},"excerpt":{"rendered":"<p>Continuamos la ruta con nuestro Subaru XV por las espectaculares monta\u00f1as y bosques del interior de Noruega\u2026 \u00a1No os pod\u00e9is perder este destino! Contemplar la naturaleza Muy probablemente \u00e9ste es el lugar m\u00e1s inspirador en el que he tenido la oportunidad de pasar la noche. Situado en una de las zonas m\u00e1s escarpadas de Valldal, [&hellip;]<\/p>\n","protected":false},"author":23,"featured_media":21323,"comment_status":"open","ping_status":"closed","sticky":false,"template":"","format":"standard","meta":{"_acf_changed":false,"_eb_attr":"","inline_featured_image":false,"footnotes":""},"categories":[4520],"tags":[4838,4532,4651,4571,2094,1694,2174,4544,3906,4575,4390,64,4543,4730,4398,4935],"class_list":["post-21302","post","type-post","status-publish","format-standard","has-post-thumbnail","hentry","category-subaru-lifestyle","tag-filosofia-offraoders","tag-filosofia-subaru","tag-filosofia-subaruoffroaders","tag-laura-madrueno","tag-noruega","tag-off-road","tag-offroad","tag-offroaders","tag-road-trip","tag-seguridad-subaru","tag-subaru","tag-subaru-espana","tag-subaru-offroaders","tag-subaru-spain","tag-subaru-xv","tag-subaruoffroader"],"acf":[],"yoast_head":"<!-- This site is optimized with the Yoast SEO plugin v27.3 - https:\/\/yoast.com\/product\/yoast-seo-wordpress\/ -->\n<title>ROADTRIP CON SUBARU XV POR NORUEGA: El camino de los Trolls - Universo Subaru<\/title>\n<meta name=\"robots\" content=\"index, follow, max-snippet:-1, max-image-preview:large, max-video-preview:-1\" \/>\n<link rel=\"canonical\" href=\"https:\/\/www.subaru.es\/blog\/subaru-lifestyle\/roadtrip-subaru-xv-noruega-camino-trolls-laura-madrueno\/\" \/>\n<meta property=\"og:locale\" content=\"es_ES\" \/>\n<meta property=\"og:type\" content=\"article\" \/>\n<meta property=\"og:title\" content=\"ROADTRIP CON SUBARU XV POR NORUEGA: El camino de los Trolls - Universo Subaru\" \/>\n<meta property=\"og:description\" content=\"Continuamos la ruta con nuestro Subaru XV por las espectaculares monta\u00f1as y bosques del interior de Noruega\u2026 \u00a1No os pod\u00e9is perder este destino! Contemplar la naturaleza Muy probablemente \u00e9ste es el lugar m\u00e1s inspirador en el que he tenido la oportunidad de pasar la noche. Situado en una de las zonas m\u00e1s escarpadas de Valldal, [&hellip;]\" \/>\n<meta property=\"og:url\" content=\"https:\/\/www.subaru.es\/blog\/subaru-lifestyle\/roadtrip-subaru-xv-noruega-camino-trolls-laura-madrueno\/\" \/>\n<meta property=\"og:site_name\" content=\"Universo Subaru\" \/>\n<meta property=\"article:publisher\" content=\"https:\/\/www.facebook.com\/subaruespana\" \/>\n<meta property=\"article:published_time\" content=\"2019-09-20T08:00:18+00:00\" \/>\n<meta property=\"og:image\" content=\"https:\/\/www.subaru.es\/blog\/wp-content\/uploads\/2019\/09\/BLOG-PORTADA-LAURA-MADRUE\u00d1O-1.jpg\" \/>\n\t<meta property=\"og:image:width\" content=\"1550\" \/>\n\t<meta property=\"og:image:height\" content=\"520\" \/>\n\t<meta property=\"og:image:type\" content=\"image\/jpeg\" \/>\n<meta name=\"author\" content=\"Laura Madrue\u00f1o\" \/>\n<meta name=\"twitter:card\" content=\"summary_large_image\" \/>\n<meta name=\"twitter:label1\" content=\"Escrito por\" \/>\n\t<meta name=\"twitter:data1\" content=\"Laura Madrue\u00f1o\" \/>\n\t<meta name=\"twitter:label2\" content=\"Tiempo de lectura\" \/>\n\t<meta name=\"twitter:data2\" content=\"3 minutos\" \/>\n<script type=\"application\/ld+json\" class=\"yoast-schema-graph\">{\"@context\":\"https:\\\/\\\/schema.org\",\"@graph\":[{\"@type\":\"Article\",\"@id\":\"https:\\\/\\\/www.subaru.es\\\/blog\\\/subaru-lifestyle\\\/roadtrip-subaru-xv-noruega-camino-trolls-laura-madrueno\\\/#article\",\"isPartOf\":{\"@id\":\"https:\\\/\\\/www.subaru.es\\\/blog\\\/subaru-lifestyle\\\/roadtrip-subaru-xv-noruega-camino-trolls-laura-madrueno\\\/\"},\"author\":{\"name\":\"Laura Madrue\u00f1o\",\"@id\":\"https:\\\/\\\/www.subaru.es\\\/blog\\\/#\\\/schema\\\/person\\\/8e9996ca340f1787ded9025fa4cc1e80\"},\"headline\":\"ROADTRIP CON SUBARU XV POR NORUEGA: El camino de los Trolls\",\"datePublished\":\"2019-09-20T08:00:18+00:00\",\"mainEntityOfPage\":{\"@id\":\"https:\\\/\\\/www.subaru.es\\\/blog\\\/subaru-lifestyle\\\/roadtrip-subaru-xv-noruega-camino-trolls-laura-madrueno\\\/\"},\"wordCount\":537,\"commentCount\":0,\"publisher\":{\"@id\":\"https:\\\/\\\/www.subaru.es\\\/blog\\\/#organization\"},\"image\":{\"@id\":\"https:\\\/\\\/www.subaru.es\\\/blog\\\/subaru-lifestyle\\\/roadtrip-subaru-xv-noruega-camino-trolls-laura-madrueno\\\/#primaryimage\"},\"thumbnailUrl\":\"https:\\\/\\\/www.subaru.es\\\/blog\\\/wp-content\\\/uploads\\\/2019\\\/09\\\/BLOG-PORTADA-LAURA-MADRUE\u00d1O-1.jpg\",\"keywords\":[\"Filosof\u00eda OffRaoders\",\"Filosof\u00eda Subaru\",\"Filosof\u00eda SubaruOffRoaders\",\"Laura Madrue\u00f1o\",\"Noruega\",\"Off-Road\",\"offroad\",\"OffRoaders\",\"road trip\",\"Seguridad Subaru\",\"Subaru\",\"subaru espa\u00f1a\",\"Subaru OffRoaders\",\"Subaru Spain\",\"Subaru XV\",\"Subaruoffroader\"],\"articleSection\":[\"Subaru LifeStyle\"],\"inLanguage\":\"es\",\"potentialAction\":[{\"@type\":\"CommentAction\",\"name\":\"Comment\",\"target\":[\"https:\\\/\\\/www.subaru.es\\\/blog\\\/subaru-lifestyle\\\/roadtrip-subaru-xv-noruega-camino-trolls-laura-madrueno\\\/#respond\"]}]},{\"@type\":\"WebPage\",\"@id\":\"https:\\\/\\\/www.subaru.es\\\/blog\\\/subaru-lifestyle\\\/roadtrip-subaru-xv-noruega-camino-trolls-laura-madrueno\\\/\",\"url\":\"https:\\\/\\\/www.subaru.es\\\/blog\\\/subaru-lifestyle\\\/roadtrip-subaru-xv-noruega-camino-trolls-laura-madrueno\\\/\",\"name\":\"ROADTRIP CON SUBARU XV POR NORUEGA: El camino de los Trolls - Universo Subaru\",\"isPartOf\":{\"@id\":\"https:\\\/\\\/www.subaru.es\\\/blog\\\/#website\"},\"primaryImageOfPage\":{\"@id\":\"https:\\\/\\\/www.subaru.es\\\/blog\\\/subaru-lifestyle\\\/roadtrip-subaru-xv-noruega-camino-trolls-laura-madrueno\\\/#primaryimage\"},\"image\":{\"@id\":\"https:\\\/\\\/www.subaru.es\\\/blog\\\/subaru-lifestyle\\\/roadtrip-subaru-xv-noruega-camino-trolls-laura-madrueno\\\/#primaryimage\"},\"thumbnailUrl\":\"https:\\\/\\\/www.subaru.es\\\/blog\\\/wp-content\\\/uploads\\\/2019\\\/09\\\/BLOG-PORTADA-LAURA-MADRUE\u00d1O-1.jpg\",\"datePublished\":\"2019-09-20T08:00:18+00:00\",\"breadcrumb\":{\"@id\":\"https:\\\/\\\/www.subaru.es\\\/blog\\\/subaru-lifestyle\\\/roadtrip-subaru-xv-noruega-camino-trolls-laura-madrueno\\\/#breadcrumb\"},\"inLanguage\":\"es\",\"potentialAction\":[{\"@type\":\"ReadAction\",\"target\":[\"https:\\\/\\\/www.subaru.es\\\/blog\\\/subaru-lifestyle\\\/roadtrip-subaru-xv-noruega-camino-trolls-laura-madrueno\\\/\"]}]},{\"@type\":\"ImageObject\",\"inLanguage\":\"es\",\"@id\":\"https:\\\/\\\/www.subaru.es\\\/blog\\\/subaru-lifestyle\\\/roadtrip-subaru-xv-noruega-camino-trolls-laura-madrueno\\\/#primaryimage\",\"url\":\"https:\\\/\\\/www.subaru.es\\\/blog\\\/wp-content\\\/uploads\\\/2019\\\/09\\\/BLOG-PORTADA-LAURA-MADRUE\u00d1O-1.jpg\",\"contentUrl\":\"https:\\\/\\\/www.subaru.es\\\/blog\\\/wp-content\\\/uploads\\\/2019\\\/09\\\/BLOG-PORTADA-LAURA-MADRUE\u00d1O-1.jpg\",\"width\":1550,\"height\":520},{\"@type\":\"BreadcrumbList\",\"@id\":\"https:\\\/\\\/www.subaru.es\\\/blog\\\/subaru-lifestyle\\\/roadtrip-subaru-xv-noruega-camino-trolls-laura-madrueno\\\/#breadcrumb\",\"itemListElement\":[{\"@type\":\"ListItem\",\"position\":1,\"name\":\"Portada\",\"item\":\"https:\\\/\\\/www.subaru.es\\\/blog\\\/\"},{\"@type\":\"ListItem\",\"position\":2,\"name\":\"ROADTRIP CON SUBARU XV POR NORUEGA: El camino de los Trolls\"}]},{\"@type\":\"WebSite\",\"@id\":\"https:\\\/\\\/www.subaru.es\\\/blog\\\/#website\",\"url\":\"https:\\\/\\\/www.subaru.es\\\/blog\\\/\",\"name\":\"Universo Subaru\",\"description\":\"Descubre este apasionante espacio de Subaru donde vas a conocer todo sobre nuestros coches y las experiencias que vivimos con ellos. Si est\u00e1s preparado para dejarte seducir por la filosof\u00eda Subaru, qu\u00e9date con nosotros.\",\"publisher\":{\"@id\":\"https:\\\/\\\/www.subaru.es\\\/blog\\\/#organization\"},\"potentialAction\":[{\"@type\":\"SearchAction\",\"target\":{\"@type\":\"EntryPoint\",\"urlTemplate\":\"https:\\\/\\\/www.subaru.es\\\/blog\\\/?s={search_term_string}\"},\"query-input\":{\"@type\":\"PropertyValueSpecification\",\"valueRequired\":true,\"valueName\":\"search_term_string\"}}],\"inLanguage\":\"es\"},{\"@type\":\"Organization\",\"@id\":\"https:\\\/\\\/www.subaru.es\\\/blog\\\/#organization\",\"name\":\"Subaru Espa\u00f1a S.A.\",\"url\":\"https:\\\/\\\/www.subaru.es\\\/blog\\\/\",\"logo\":{\"@type\":\"ImageObject\",\"inLanguage\":\"es\",\"@id\":\"https:\\\/\\\/www.subaru.es\\\/blog\\\/#\\\/schema\\\/logo\\\/image\\\/\",\"url\":\"https:\\\/\\\/www.subaru.es\\\/blog\\\/wp-content\\\/uploads\\\/2016\\\/12\\\/Logo-Subaru-TypeV_C300-scaled.jpg\",\"contentUrl\":\"https:\\\/\\\/www.subaru.es\\\/blog\\\/wp-content\\\/uploads\\\/2016\\\/12\\\/Logo-Subaru-TypeV_C300-scaled.jpg\",\"width\":2560,\"height\":1864,\"caption\":\"Subaru Espa\u00f1a S.A.\"},\"image\":{\"@id\":\"https:\\\/\\\/www.subaru.es\\\/blog\\\/#\\\/schema\\\/logo\\\/image\\\/\"},\"sameAs\":[\"https:\\\/\\\/www.facebook.com\\\/subaruespana\",\"https:\\\/\\\/www.instagram.com\\\/subarues\\\/\",\"https:\\\/\\\/www.youtube.com\\\/user\\\/subaruespana\"]},{\"@type\":\"Person\",\"@id\":\"https:\\\/\\\/www.subaru.es\\\/blog\\\/#\\\/schema\\\/person\\\/8e9996ca340f1787ded9025fa4cc1e80\",\"name\":\"Laura Madrue\u00f1o\",\"url\":\"https:\\\/\\\/www.subaru.es\\\/blog\\\/author\\\/laura-madrueno\\\/\"}]}<\/script>\n<!-- \/ Yoast SEO plugin. -->","yoast_head_json":{"title":"ROADTRIP CON SUBARU XV POR NORUEGA: El camino de los Trolls - Universo Subaru","robots":{"index":"index","follow":"follow","max-snippet":"max-snippet:-1","max-image-preview":"max-image-preview:large","max-video-preview":"max-video-preview:-1"},"canonical":"https:\/\/www.subaru.es\/blog\/subaru-lifestyle\/roadtrip-subaru-xv-noruega-camino-trolls-laura-madrueno\/","og_locale":"es_ES","og_type":"article","og_title":"ROADTRIP CON SUBARU XV POR NORUEGA: El camino de los Trolls - Universo Subaru","og_description":"Continuamos la ruta con nuestro Subaru XV por las espectaculares monta\u00f1as y bosques del interior de Noruega\u2026 \u00a1No os pod\u00e9is perder este destino! Contemplar la naturaleza Muy probablemente \u00e9ste es el lugar m\u00e1s inspirador en el que he tenido la oportunidad de pasar la noche. Situado en una de las zonas m\u00e1s escarpadas de Valldal, [&hellip;]","og_url":"https:\/\/www.subaru.es\/blog\/subaru-lifestyle\/roadtrip-subaru-xv-noruega-camino-trolls-laura-madrueno\/","og_site_name":"Universo Subaru","article_publisher":"https:\/\/www.facebook.com\/subaruespana","article_published_time":"2019-09-20T08:00:18+00:00","og_image":[{"width":1550,"height":520,"url":"https:\/\/www.subaru.es\/blog\/wp-content\/uploads\/2019\/09\/BLOG-PORTADA-LAURA-MADRUE\u00d1O-1.jpg","type":"image\/jpeg"}],"author":"Laura Madrue\u00f1o","twitter_card":"summary_large_image","twitter_misc":{"Escrito por":"Laura Madrue\u00f1o","Tiempo de lectura":"3 minutos"},"schema":{"@context":"https:\/\/schema.org","@graph":[{"@type":"Article","@id":"https:\/\/www.subaru.es\/blog\/subaru-lifestyle\/roadtrip-subaru-xv-noruega-camino-trolls-laura-madrueno\/#article","isPartOf":{"@id":"https:\/\/www.subaru.es\/blog\/subaru-lifestyle\/roadtrip-subaru-xv-noruega-camino-trolls-laura-madrueno\/"},"author":{"name":"Laura Madrue\u00f1o","@id":"https:\/\/www.subaru.es\/blog\/#\/schema\/person\/8e9996ca340f1787ded9025fa4cc1e80"},"headline":"ROADTRIP CON SUBARU XV POR NORUEGA: El camino de los Trolls","datePublished":"2019-09-20T08:00:18+00:00","mainEntityOfPage":{"@id":"https:\/\/www.subaru.es\/blog\/subaru-lifestyle\/roadtrip-subaru-xv-noruega-camino-trolls-laura-madrueno\/"},"wordCount":537,"commentCount":0,"publisher":{"@id":"https:\/\/www.subaru.es\/blog\/#organization"},"image":{"@id":"https:\/\/www.subaru.es\/blog\/subaru-lifestyle\/roadtrip-subaru-xv-noruega-camino-trolls-laura-madrueno\/#primaryimage"},"thumbnailUrl":"https:\/\/www.subaru.es\/blog\/wp-content\/uploads\/2019\/09\/BLOG-PORTADA-LAURA-MADRUE\u00d1O-1.jpg","keywords":["Filosof\u00eda OffRaoders","Filosof\u00eda Subaru","Filosof\u00eda SubaruOffRoaders","Laura Madrue\u00f1o","Noruega","Off-Road","offroad","OffRoaders","road trip","Seguridad Subaru","Subaru","subaru espa\u00f1a","Subaru OffRoaders","Subaru Spain","Subaru XV","Subaruoffroader"],"articleSection":["Subaru LifeStyle"],"inLanguage":"es","potentialAction":[{"@type":"CommentAction","name":"Comment","target":["https:\/\/www.subaru.es\/blog\/subaru-lifestyle\/roadtrip-subaru-xv-noruega-camino-trolls-laura-madrueno\/#respond"]}]},{"@type":"WebPage","@id":"https:\/\/www.subaru.es\/blog\/subaru-lifestyle\/roadtrip-subaru-xv-noruega-camino-trolls-laura-madrueno\/","url":"https:\/\/www.subaru.es\/blog\/subaru-lifestyle\/roadtrip-subaru-xv-noruega-camino-trolls-laura-madrueno\/","name":"ROADTRIP CON SUBARU XV POR NORUEGA: El camino de los Trolls - Universo Subaru","isPartOf":{"@id":"https:\/\/www.subaru.es\/blog\/#website"},"primaryImageOfPage":{"@id":"https:\/\/www.subaru.es\/blog\/subaru-lifestyle\/roadtrip-subaru-xv-noruega-camino-trolls-laura-madrueno\/#primaryimage"},"image":{"@id":"https:\/\/www.subaru.es\/blog\/subaru-lifestyle\/roadtrip-subaru-xv-noruega-camino-trolls-laura-madrueno\/#primaryimage"},"thumbnailUrl":"https:\/\/www.subaru.es\/blog\/wp-content\/uploads\/2019\/09\/BLOG-PORTADA-LAURA-MADRUE\u00d1O-1.jpg","datePublished":"2019-09-20T08:00:18+00:00","breadcrumb":{"@id":"https:\/\/www.subaru.es\/blog\/subaru-lifestyle\/roadtrip-subaru-xv-noruega-camino-trolls-laura-madrueno\/#breadcrumb"},"inLanguage":"es","potentialAction":[{"@type":"ReadAction","target":["https:\/\/www.subaru.es\/blog\/subaru-lifestyle\/roadtrip-subaru-xv-noruega-camino-trolls-laura-madrueno\/"]}]},{"@type":"ImageObject","inLanguage":"es","@id":"https:\/\/www.subaru.es\/blog\/subaru-lifestyle\/roadtrip-subaru-xv-noruega-camino-trolls-laura-madrueno\/#primaryimage","url":"https:\/\/www.subaru.es\/blog\/wp-content\/uploads\/2019\/09\/BLOG-PORTADA-LAURA-MADRUE\u00d1O-1.jpg","contentUrl":"https:\/\/www.subaru.es\/blog\/wp-content\/uploads\/2019\/09\/BLOG-PORTADA-LAURA-MADRUE\u00d1O-1.jpg","width":1550,"height":520},{"@type":"BreadcrumbList","@id":"https:\/\/www.subaru.es\/blog\/subaru-lifestyle\/roadtrip-subaru-xv-noruega-camino-trolls-laura-madrueno\/#breadcrumb","itemListElement":[{"@type":"ListItem","position":1,"name":"Portada","item":"https:\/\/www.subaru.es\/blog\/"},{"@type":"ListItem","position":2,"name":"ROADTRIP CON SUBARU XV POR NORUEGA: El camino de los Trolls"}]},{"@type":"WebSite","@id":"https:\/\/www.subaru.es\/blog\/#website","url":"https:\/\/www.subaru.es\/blog\/","name":"Universo Subaru","description":"Descubre este apasionante espacio de Subaru donde vas a conocer todo sobre nuestros coches y las experiencias que vivimos con ellos. Si est\u00e1s preparado para dejarte seducir por la filosof\u00eda Subaru, qu\u00e9date con nosotros.","publisher":{"@id":"https:\/\/www.subaru.es\/blog\/#organization"},"potentialAction":[{"@type":"SearchAction","target":{"@type":"EntryPoint","urlTemplate":"https:\/\/www.subaru.es\/blog\/?s={search_term_string}"},"query-input":{"@type":"PropertyValueSpecification","valueRequired":true,"valueName":"search_term_string"}}],"inLanguage":"es"},{"@type":"Organization","@id":"https:\/\/www.subaru.es\/blog\/#organization","name":"Subaru Espa\u00f1a S.A.","url":"https:\/\/www.subaru.es\/blog\/","logo":{"@type":"ImageObject","inLanguage":"es","@id":"https:\/\/www.subaru.es\/blog\/#\/schema\/logo\/image\/","url":"https:\/\/www.subaru.es\/blog\/wp-content\/uploads\/2016\/12\/Logo-Subaru-TypeV_C300-scaled.jpg","contentUrl":"https:\/\/www.subaru.es\/blog\/wp-content\/uploads\/2016\/12\/Logo-Subaru-TypeV_C300-scaled.jpg","width":2560,"height":1864,"caption":"Subaru Espa\u00f1a S.A."},"image":{"@id":"https:\/\/www.subaru.es\/blog\/#\/schema\/logo\/image\/"},"sameAs":["https:\/\/www.facebook.com\/subaruespana","https:\/\/www.instagram.com\/subarues\/","https:\/\/www.youtube.com\/user\/subaruespana"]},{"@type":"Person","@id":"https:\/\/www.subaru.es\/blog\/#\/schema\/person\/8e9996ca340f1787ded9025fa4cc1e80","name":"Laura Madrue\u00f1o","url":"https:\/\/www.subaru.es\/blog\/author\/laura-madrueno\/"}]}},"_links":{"self":[{"href":"https:\/\/www.subaru.es\/blog\/wp-json\/wp\/v2\/posts\/21302","targetHints":{"allow":["GET"]}}],"collection":[{"href":"https:\/\/www.subaru.es\/blog\/wp-json\/wp\/v2\/posts"}],"about":[{"href":"https:\/\/www.subaru.es\/blog\/wp-json\/wp\/v2\/types\/post"}],"author":[{"embeddable":true,"href":"https:\/\/www.subaru.es\/blog\/wp-json\/wp\/v2\/users\/23"}],"replies":[{"embeddable":true,"href":"https:\/\/www.subaru.es\/blog\/wp-json\/wp\/v2\/comments?post=21302"}],"version-history":[{"count":5,"href":"https:\/\/www.subaru.es\/blog\/wp-json\/wp\/v2\/posts\/21302\/revisions"}],"predecessor-version":[{"id":21322,"href":"https:\/\/www.subaru.es\/blog\/wp-json\/wp\/v2\/posts\/21302\/revisions\/21322"}],"wp:featuredmedia":[{"embeddable":true,"href":"https:\/\/www.subaru.es\/blog\/wp-json\/wp\/v2\/media\/21323"}],"wp:attachment":[{"href":"https:\/\/www.subaru.es\/blog\/wp-json\/wp\/v2\/media?parent=21302"}],"wp:term":[{"taxonomy":"category","embeddable":true,"href":"https:\/\/www.subaru.es\/blog\/wp-json\/wp\/v2\/categories?post=21302"},{"taxonomy":"post_tag","embeddable":true,"href":"https:\/\/www.subaru.es\/blog\/wp-json\/wp\/v2\/tags?post=21302"}],"curies":[{"name":"wp","href":"https:\/\/api.w.org\/{rel}","templated":true}]}}