{"id":213,"date":"2007-10-04T12:12:56","date_gmt":"2007-10-04T10:12:56","guid":{"rendered":"http:\/\/subaru.preproduccion.com\/blog\/wp-content\/2007\/10\/04\/chile-vibra-con-enzo-innocenti-al-asalto-del-titulo\/"},"modified":"2016-10-17T15:09:28","modified_gmt":"2016-10-17T13:09:28","slug":"chile-vibra-con-enzo-innocenti-al-asalto-del-titulo","status":"publish","type":"post","link":"https:\/\/www.subaru.es\/blog\/nuestra-marca\/chile-vibra-con-enzo-innocenti-al-asalto-del-titulo\/","title":{"rendered":"Chile vibra con Enzo Innocenti, al asalto del t\u00edtulo"},"content":{"rendered":"<p><\/a>El <strong>Rally Mobil<\/strong>, la competici\u00f3n de rallyes m\u00e1s atractiva celebrada en el pa\u00eds de Chile llega a su conclusi\u00f3n, y lo hace como lo hubiese previsto el mejor guionista de Hollywood, con un final apretado, <strong>un duelo entre los punteros de la clasificaci\u00f3n que habr\u00e1 de dirimirse en la <strong>\u00faltima prueba <\/strong>del a\u00f1o<\/strong>:<\/p>\n<p>La <strong>s\u00e9ptima <\/strong>carrera <a href=\"http:\/\/rallynoticias.blogspot.com\/2007\/09\/rally-mobil-ltima-fecha-se-corre-en.html\">se celebrar\u00e1<\/a> por terrenos de la capital <strong>Santiago de Chile<\/strong>, a partir del pr\u00f3ximo d\u00eda 5 de octubre hasta el siguiente d\u00eda 7, donde el actual l\u00edder Jorge Mart\u00ednez Jr, que aventaja en 5 puntos al piloto de <strong>Subaru <\/strong>Enzo Innocenti va a intentar hacer valer su renta.<\/p>\n<p><center><img data-src='https:\/\/www.subaru.es\/blog\/wp-content\/uploads\/2007\/10\/102-2-e_innocenti_auto1.jpg' alt='102-2-e_innocenti_auto1.jpg' src='data:image\/svg+xml;base64,PHN2ZyB3aWR0aD0iMSIgaGVpZ2h0PSIxIiB4bWxucz0iaHR0cDovL3d3dy53My5vcmcvMjAwMC9zdmciPjwvc3ZnPg==' class='lazyload' style='--smush-placeholder-width: 160px; --smush-placeholder-aspect-ratio: 160\/107;' \/><\/center>.<\/p>\n<p><center><strong>Enzo y el Impreza en acci\u00f3n<\/strong><\/center> <\/p>\n<p>Pero el piloto de Subaru, <a href=\"http:\/\/www.rallymobil.cl\/rally2005\/perfil_piloto_04.asp?id=102\">Enzo Innocenti<\/a>, a los mandos de un impresionante <strong>Impreza <\/strong>est\u00e1 concentrado de forma total y absoluta en dar la vuelta a la situaci\u00f3n actual y hacerse con este valioso campeonato, para ello est\u00e1 <strong>entrenando duramente<\/strong>, m\u00e1s de una hora y media al d\u00eda en el gimnasio para conseguir estar en la mejor forma de cara a la carrera y adem\u00e1s se ha marchado durante un tiempo con su Impreza a Argentina para ponerlo en manos del mec\u00e1nico <strong>Fabi\u00e1n Barattero <\/strong>a fin de lograr una estupenda puesta a punto que posibilite el <strong>triunfo de Enzo<\/strong>.<\/p>\n<p><strong>Enzo Innocenti <\/strong>es un piloto con gran experiencia ya en la competici\u00f3n y que adem\u00e1s ha sido subcampe\u00f3n los dos \u00faltimos a\u00f1os por lo que esta vez no se le puede resistir la <strong>victoria<\/strong>, seguro que con su \u00e1nimo y lo que aporte el <strong>Impreza <\/strong>van a dar la talla. Adem\u00e1s de los dos subcampeonatos decir que el piloto de <strong>Subaru <\/strong>ha obtenido victorias en las siguientes pruebas: Santiago (2004), <strong>Puerto Montt <\/strong>(2005), <strong>Talca <\/strong>(2005) y <strong>Talca <\/strong>(2006).<\/p>\n<p><center><a href='https:\/\/www.subaru.es\/blog\/wp-content\/uploads\/2007\/10\/102-1-e_innocenti_n4.jpg' title='102-1-e_innocenti_n4.jpg'><img data-src='https:\/\/www.subaru.es\/blog\/wp-content\/uploads\/2007\/10\/102-1-e_innocenti_n4.jpg' alt='102-1-e_innocenti_n4.jpg' src='data:image\/svg+xml;base64,PHN2ZyB3aWR0aD0iMSIgaGVpZ2h0PSIxIiB4bWxucz0iaHR0cDovL3d3dy53My5vcmcvMjAwMC9zdmciPjwvc3ZnPg==' class='lazyload' style='--smush-placeholder-width: 160px; --smush-placeholder-aspect-ratio: 160\/107;' \/><\/a><\/center><\/p>\n","protected":false},"excerpt":{"rendered":"<p>El Rally Mobil, la competici\u00f3n de rallyes m\u00e1s atractiva celebrada en el pa\u00eds de Chile llega a su conclusi\u00f3n, y lo hace como lo hubiese previsto el mejor guionista de Hollywood, con un final apretado, un duelo entre los punteros de la clasificaci\u00f3n que habr\u00e1 de dirimirse en la \u00faltima prueba del a\u00f1o: La s\u00e9ptima [&hellip;]<\/p>\n","protected":false},"author":21,"featured_media":214,"comment_status":"open","ping_status":"open","sticky":false,"template":"","format":"standard","meta":{"_acf_changed":false,"_eb_attr":"","inline_featured_image":false,"footnotes":""},"categories":[4401],"tags":[],"class_list":["post-213","post","type-post","status-publish","format-standard","has-post-thumbnail","hentry","category-nuestra-marca"],"acf":[],"yoast_head":"<!-- This site is optimized with the Yoast SEO plugin v27.3 - https:\/\/yoast.com\/product\/yoast-seo-wordpress\/ -->\n<title>Chile vibra con Enzo Innocenti, al asalto del t\u00edtulo - Universo Subaru<\/title>\n<meta name=\"robots\" content=\"index, follow, max-snippet:-1, max-image-preview:large, max-video-preview:-1\" \/>\n<link rel=\"canonical\" href=\"https:\/\/www.subaru.es\/blog\/nuestra-marca\/chile-vibra-con-enzo-innocenti-al-asalto-del-titulo\/\" \/>\n<meta property=\"og:locale\" content=\"es_ES\" \/>\n<meta property=\"og:type\" content=\"article\" \/>\n<meta property=\"og:title\" content=\"Chile vibra con Enzo Innocenti, al asalto del t\u00edtulo - Universo Subaru\" \/>\n<meta property=\"og:description\" content=\"El Rally Mobil, la competici\u00f3n de rallyes m\u00e1s atractiva celebrada en el pa\u00eds de Chile llega a su conclusi\u00f3n, y lo hace como lo hubiese previsto el mejor guionista de Hollywood, con un final apretado, un duelo entre los punteros de la clasificaci\u00f3n que habr\u00e1 de dirimirse en la \u00faltima prueba del a\u00f1o: La s\u00e9ptima [&hellip;]\" \/>\n<meta property=\"og:url\" content=\"https:\/\/www.subaru.es\/blog\/nuestra-marca\/chile-vibra-con-enzo-innocenti-al-asalto-del-titulo\/\" \/>\n<meta property=\"og:site_name\" content=\"Universo Subaru\" \/>\n<meta property=\"article:publisher\" content=\"https:\/\/www.facebook.com\/subaruespana\" \/>\n<meta property=\"article:published_time\" content=\"2007-10-04T10:12:56+00:00\" \/>\n<meta property=\"article:modified_time\" content=\"2016-10-17T13:09:28+00:00\" \/>\n<meta property=\"og:image\" content=\"https:\/\/www.subaru.es\/blog\/wp-content\/uploads\/2007\/10\/102-2-e_innocenti_auto.jpg\" \/>\n\t<meta property=\"og:image:width\" content=\"160\" \/>\n\t<meta property=\"og:image:height\" content=\"107\" \/>\n\t<meta property=\"og:image:type\" content=\"image\/jpeg\" \/>\n<meta name=\"author\" content=\"Subaru\" \/>\n<meta name=\"twitter:card\" content=\"summary_large_image\" \/>\n<meta name=\"twitter:label1\" content=\"Escrito por\" \/>\n\t<meta name=\"twitter:data1\" content=\"Subaru\" \/>\n\t<meta name=\"twitter:label2\" content=\"Tiempo de lectura\" \/>\n\t<meta name=\"twitter:data2\" content=\"2 minutos\" \/>\n<script type=\"application\/ld+json\" class=\"yoast-schema-graph\">{\"@context\":\"https:\\\/\\\/schema.org\",\"@graph\":[{\"@type\":\"Article\",\"@id\":\"https:\\\/\\\/www.subaru.es\\\/blog\\\/nuestra-marca\\\/chile-vibra-con-enzo-innocenti-al-asalto-del-titulo\\\/#article\",\"isPartOf\":{\"@id\":\"https:\\\/\\\/www.subaru.es\\\/blog\\\/nuestra-marca\\\/chile-vibra-con-enzo-innocenti-al-asalto-del-titulo\\\/\"},\"author\":{\"name\":\"Subaru\",\"@id\":\"https:\\\/\\\/www.subaru.es\\\/blog\\\/#\\\/schema\\\/person\\\/19a90b892230b8e0ec752704ddf4aa10\"},\"headline\":\"Chile vibra con Enzo Innocenti, al asalto del t\u00edtulo\",\"datePublished\":\"2007-10-04T10:12:56+00:00\",\"dateModified\":\"2016-10-17T13:09:28+00:00\",\"mainEntityOfPage\":{\"@id\":\"https:\\\/\\\/www.subaru.es\\\/blog\\\/nuestra-marca\\\/chile-vibra-con-enzo-innocenti-al-asalto-del-titulo\\\/\"},\"wordCount\":314,\"commentCount\":4,\"publisher\":{\"@id\":\"https:\\\/\\\/www.subaru.es\\\/blog\\\/#organization\"},\"image\":{\"@id\":\"https:\\\/\\\/www.subaru.es\\\/blog\\\/nuestra-marca\\\/chile-vibra-con-enzo-innocenti-al-asalto-del-titulo\\\/#primaryimage\"},\"thumbnailUrl\":\"https:\\\/\\\/www.subaru.es\\\/blog\\\/wp-content\\\/uploads\\\/2007\\\/10\\\/102-2-e_innocenti_auto.jpg\",\"articleSection\":[\"Nuestra marca\"],\"inLanguage\":\"es\",\"potentialAction\":[{\"@type\":\"CommentAction\",\"name\":\"Comment\",\"target\":[\"https:\\\/\\\/www.subaru.es\\\/blog\\\/nuestra-marca\\\/chile-vibra-con-enzo-innocenti-al-asalto-del-titulo\\\/#respond\"]}]},{\"@type\":\"WebPage\",\"@id\":\"https:\\\/\\\/www.subaru.es\\\/blog\\\/nuestra-marca\\\/chile-vibra-con-enzo-innocenti-al-asalto-del-titulo\\\/\",\"url\":\"https:\\\/\\\/www.subaru.es\\\/blog\\\/nuestra-marca\\\/chile-vibra-con-enzo-innocenti-al-asalto-del-titulo\\\/\",\"name\":\"Chile vibra con Enzo Innocenti, al asalto del t\u00edtulo - Universo Subaru\",\"isPartOf\":{\"@id\":\"https:\\\/\\\/www.subaru.es\\\/blog\\\/#website\"},\"primaryImageOfPage\":{\"@id\":\"https:\\\/\\\/www.subaru.es\\\/blog\\\/nuestra-marca\\\/chile-vibra-con-enzo-innocenti-al-asalto-del-titulo\\\/#primaryimage\"},\"image\":{\"@id\":\"https:\\\/\\\/www.subaru.es\\\/blog\\\/nuestra-marca\\\/chile-vibra-con-enzo-innocenti-al-asalto-del-titulo\\\/#primaryimage\"},\"thumbnailUrl\":\"https:\\\/\\\/www.subaru.es\\\/blog\\\/wp-content\\\/uploads\\\/2007\\\/10\\\/102-2-e_innocenti_auto.jpg\",\"datePublished\":\"2007-10-04T10:12:56+00:00\",\"dateModified\":\"2016-10-17T13:09:28+00:00\",\"breadcrumb\":{\"@id\":\"https:\\\/\\\/www.subaru.es\\\/blog\\\/nuestra-marca\\\/chile-vibra-con-enzo-innocenti-al-asalto-del-titulo\\\/#breadcrumb\"},\"inLanguage\":\"es\",\"potentialAction\":[{\"@type\":\"ReadAction\",\"target\":[\"https:\\\/\\\/www.subaru.es\\\/blog\\\/nuestra-marca\\\/chile-vibra-con-enzo-innocenti-al-asalto-del-titulo\\\/\"]}]},{\"@type\":\"ImageObject\",\"inLanguage\":\"es\",\"@id\":\"https:\\\/\\\/www.subaru.es\\\/blog\\\/nuestra-marca\\\/chile-vibra-con-enzo-innocenti-al-asalto-del-titulo\\\/#primaryimage\",\"url\":\"https:\\\/\\\/www.subaru.es\\\/blog\\\/wp-content\\\/uploads\\\/2007\\\/10\\\/102-2-e_innocenti_auto.jpg\",\"contentUrl\":\"https:\\\/\\\/www.subaru.es\\\/blog\\\/wp-content\\\/uploads\\\/2007\\\/10\\\/102-2-e_innocenti_auto.jpg\",\"width\":160,\"height\":107},{\"@type\":\"BreadcrumbList\",\"@id\":\"https:\\\/\\\/www.subaru.es\\\/blog\\\/nuestra-marca\\\/chile-vibra-con-enzo-innocenti-al-asalto-del-titulo\\\/#breadcrumb\",\"itemListElement\":[{\"@type\":\"ListItem\",\"position\":1,\"name\":\"Portada\",\"item\":\"https:\\\/\\\/www.subaru.es\\\/blog\\\/\"},{\"@type\":\"ListItem\",\"position\":2,\"name\":\"Chile vibra con Enzo Innocenti, al asalto del t\u00edtulo\"}]},{\"@type\":\"WebSite\",\"@id\":\"https:\\\/\\\/www.subaru.es\\\/blog\\\/#website\",\"url\":\"https:\\\/\\\/www.subaru.es\\\/blog\\\/\",\"name\":\"Universo Subaru\",\"description\":\"Descubre este apasionante espacio de Subaru donde vas a conocer todo sobre nuestros coches y las experiencias que vivimos con ellos. Si est\u00e1s preparado para dejarte seducir por la filosof\u00eda Subaru, qu\u00e9date con nosotros.\",\"publisher\":{\"@id\":\"https:\\\/\\\/www.subaru.es\\\/blog\\\/#organization\"},\"potentialAction\":[{\"@type\":\"SearchAction\",\"target\":{\"@type\":\"EntryPoint\",\"urlTemplate\":\"https:\\\/\\\/www.subaru.es\\\/blog\\\/?s={search_term_string}\"},\"query-input\":{\"@type\":\"PropertyValueSpecification\",\"valueRequired\":true,\"valueName\":\"search_term_string\"}}],\"inLanguage\":\"es\"},{\"@type\":\"Organization\",\"@id\":\"https:\\\/\\\/www.subaru.es\\\/blog\\\/#organization\",\"name\":\"Subaru Espa\u00f1a S.A.\",\"url\":\"https:\\\/\\\/www.subaru.es\\\/blog\\\/\",\"logo\":{\"@type\":\"ImageObject\",\"inLanguage\":\"es\",\"@id\":\"https:\\\/\\\/www.subaru.es\\\/blog\\\/#\\\/schema\\\/logo\\\/image\\\/\",\"url\":\"https:\\\/\\\/www.subaru.es\\\/blog\\\/wp-content\\\/uploads\\\/2016\\\/12\\\/Logo-Subaru-TypeV_C300-scaled.jpg\",\"contentUrl\":\"https:\\\/\\\/www.subaru.es\\\/blog\\\/wp-content\\\/uploads\\\/2016\\\/12\\\/Logo-Subaru-TypeV_C300-scaled.jpg\",\"width\":2560,\"height\":1864,\"caption\":\"Subaru Espa\u00f1a S.A.\"},\"image\":{\"@id\":\"https:\\\/\\\/www.subaru.es\\\/blog\\\/#\\\/schema\\\/logo\\\/image\\\/\"},\"sameAs\":[\"https:\\\/\\\/www.facebook.com\\\/subaruespana\",\"https:\\\/\\\/www.instagram.com\\\/subarues\\\/\",\"https:\\\/\\\/www.youtube.com\\\/user\\\/subaruespana\"]},{\"@type\":\"Person\",\"@id\":\"https:\\\/\\\/www.subaru.es\\\/blog\\\/#\\\/schema\\\/person\\\/19a90b892230b8e0ec752704ddf4aa10\",\"name\":\"Subaru\",\"url\":\"https:\\\/\\\/www.subaru.es\\\/blog\\\/author\\\/subaria\\\/\"}]}<\/script>\n<!-- \/ Yoast SEO plugin. -->","yoast_head_json":{"title":"Chile vibra con Enzo Innocenti, al asalto del t\u00edtulo - Universo Subaru","robots":{"index":"index","follow":"follow","max-snippet":"max-snippet:-1","max-image-preview":"max-image-preview:large","max-video-preview":"max-video-preview:-1"},"canonical":"https:\/\/www.subaru.es\/blog\/nuestra-marca\/chile-vibra-con-enzo-innocenti-al-asalto-del-titulo\/","og_locale":"es_ES","og_type":"article","og_title":"Chile vibra con Enzo Innocenti, al asalto del t\u00edtulo - Universo Subaru","og_description":"El Rally Mobil, la competici\u00f3n de rallyes m\u00e1s atractiva celebrada en el pa\u00eds de Chile llega a su conclusi\u00f3n, y lo hace como lo hubiese previsto el mejor guionista de Hollywood, con un final apretado, un duelo entre los punteros de la clasificaci\u00f3n que habr\u00e1 de dirimirse en la \u00faltima prueba del a\u00f1o: La s\u00e9ptima [&hellip;]","og_url":"https:\/\/www.subaru.es\/blog\/nuestra-marca\/chile-vibra-con-enzo-innocenti-al-asalto-del-titulo\/","og_site_name":"Universo Subaru","article_publisher":"https:\/\/www.facebook.com\/subaruespana","article_published_time":"2007-10-04T10:12:56+00:00","article_modified_time":"2016-10-17T13:09:28+00:00","og_image":[{"width":160,"height":107,"url":"https:\/\/www.subaru.es\/blog\/wp-content\/uploads\/2007\/10\/102-2-e_innocenti_auto.jpg","type":"image\/jpeg"}],"author":"Subaru","twitter_card":"summary_large_image","twitter_misc":{"Escrito por":"Subaru","Tiempo de lectura":"2 minutos"},"schema":{"@context":"https:\/\/schema.org","@graph":[{"@type":"Article","@id":"https:\/\/www.subaru.es\/blog\/nuestra-marca\/chile-vibra-con-enzo-innocenti-al-asalto-del-titulo\/#article","isPartOf":{"@id":"https:\/\/www.subaru.es\/blog\/nuestra-marca\/chile-vibra-con-enzo-innocenti-al-asalto-del-titulo\/"},"author":{"name":"Subaru","@id":"https:\/\/www.subaru.es\/blog\/#\/schema\/person\/19a90b892230b8e0ec752704ddf4aa10"},"headline":"Chile vibra con Enzo Innocenti, al asalto del t\u00edtulo","datePublished":"2007-10-04T10:12:56+00:00","dateModified":"2016-10-17T13:09:28+00:00","mainEntityOfPage":{"@id":"https:\/\/www.subaru.es\/blog\/nuestra-marca\/chile-vibra-con-enzo-innocenti-al-asalto-del-titulo\/"},"wordCount":314,"commentCount":4,"publisher":{"@id":"https:\/\/www.subaru.es\/blog\/#organization"},"image":{"@id":"https:\/\/www.subaru.es\/blog\/nuestra-marca\/chile-vibra-con-enzo-innocenti-al-asalto-del-titulo\/#primaryimage"},"thumbnailUrl":"https:\/\/www.subaru.es\/blog\/wp-content\/uploads\/2007\/10\/102-2-e_innocenti_auto.jpg","articleSection":["Nuestra marca"],"inLanguage":"es","potentialAction":[{"@type":"CommentAction","name":"Comment","target":["https:\/\/www.subaru.es\/blog\/nuestra-marca\/chile-vibra-con-enzo-innocenti-al-asalto-del-titulo\/#respond"]}]},{"@type":"WebPage","@id":"https:\/\/www.subaru.es\/blog\/nuestra-marca\/chile-vibra-con-enzo-innocenti-al-asalto-del-titulo\/","url":"https:\/\/www.subaru.es\/blog\/nuestra-marca\/chile-vibra-con-enzo-innocenti-al-asalto-del-titulo\/","name":"Chile vibra con Enzo Innocenti, al asalto del t\u00edtulo - Universo Subaru","isPartOf":{"@id":"https:\/\/www.subaru.es\/blog\/#website"},"primaryImageOfPage":{"@id":"https:\/\/www.subaru.es\/blog\/nuestra-marca\/chile-vibra-con-enzo-innocenti-al-asalto-del-titulo\/#primaryimage"},"image":{"@id":"https:\/\/www.subaru.es\/blog\/nuestra-marca\/chile-vibra-con-enzo-innocenti-al-asalto-del-titulo\/#primaryimage"},"thumbnailUrl":"https:\/\/www.subaru.es\/blog\/wp-content\/uploads\/2007\/10\/102-2-e_innocenti_auto.jpg","datePublished":"2007-10-04T10:12:56+00:00","dateModified":"2016-10-17T13:09:28+00:00","breadcrumb":{"@id":"https:\/\/www.subaru.es\/blog\/nuestra-marca\/chile-vibra-con-enzo-innocenti-al-asalto-del-titulo\/#breadcrumb"},"inLanguage":"es","potentialAction":[{"@type":"ReadAction","target":["https:\/\/www.subaru.es\/blog\/nuestra-marca\/chile-vibra-con-enzo-innocenti-al-asalto-del-titulo\/"]}]},{"@type":"ImageObject","inLanguage":"es","@id":"https:\/\/www.subaru.es\/blog\/nuestra-marca\/chile-vibra-con-enzo-innocenti-al-asalto-del-titulo\/#primaryimage","url":"https:\/\/www.subaru.es\/blog\/wp-content\/uploads\/2007\/10\/102-2-e_innocenti_auto.jpg","contentUrl":"https:\/\/www.subaru.es\/blog\/wp-content\/uploads\/2007\/10\/102-2-e_innocenti_auto.jpg","width":160,"height":107},{"@type":"BreadcrumbList","@id":"https:\/\/www.subaru.es\/blog\/nuestra-marca\/chile-vibra-con-enzo-innocenti-al-asalto-del-titulo\/#breadcrumb","itemListElement":[{"@type":"ListItem","position":1,"name":"Portada","item":"https:\/\/www.subaru.es\/blog\/"},{"@type":"ListItem","position":2,"name":"Chile vibra con Enzo Innocenti, al asalto del t\u00edtulo"}]},{"@type":"WebSite","@id":"https:\/\/www.subaru.es\/blog\/#website","url":"https:\/\/www.subaru.es\/blog\/","name":"Universo Subaru","description":"Descubre este apasionante espacio de Subaru donde vas a conocer todo sobre nuestros coches y las experiencias que vivimos con ellos. Si est\u00e1s preparado para dejarte seducir por la filosof\u00eda Subaru, qu\u00e9date con nosotros.","publisher":{"@id":"https:\/\/www.subaru.es\/blog\/#organization"},"potentialAction":[{"@type":"SearchAction","target":{"@type":"EntryPoint","urlTemplate":"https:\/\/www.subaru.es\/blog\/?s={search_term_string}"},"query-input":{"@type":"PropertyValueSpecification","valueRequired":true,"valueName":"search_term_string"}}],"inLanguage":"es"},{"@type":"Organization","@id":"https:\/\/www.subaru.es\/blog\/#organization","name":"Subaru Espa\u00f1a S.A.","url":"https:\/\/www.subaru.es\/blog\/","logo":{"@type":"ImageObject","inLanguage":"es","@id":"https:\/\/www.subaru.es\/blog\/#\/schema\/logo\/image\/","url":"https:\/\/www.subaru.es\/blog\/wp-content\/uploads\/2016\/12\/Logo-Subaru-TypeV_C300-scaled.jpg","contentUrl":"https:\/\/www.subaru.es\/blog\/wp-content\/uploads\/2016\/12\/Logo-Subaru-TypeV_C300-scaled.jpg","width":2560,"height":1864,"caption":"Subaru Espa\u00f1a S.A."},"image":{"@id":"https:\/\/www.subaru.es\/blog\/#\/schema\/logo\/image\/"},"sameAs":["https:\/\/www.facebook.com\/subaruespana","https:\/\/www.instagram.com\/subarues\/","https:\/\/www.youtube.com\/user\/subaruespana"]},{"@type":"Person","@id":"https:\/\/www.subaru.es\/blog\/#\/schema\/person\/19a90b892230b8e0ec752704ddf4aa10","name":"Subaru","url":"https:\/\/www.subaru.es\/blog\/author\/subaria\/"}]}},"_links":{"self":[{"href":"https:\/\/www.subaru.es\/blog\/wp-json\/wp\/v2\/posts\/213","targetHints":{"allow":["GET"]}}],"collection":[{"href":"https:\/\/www.subaru.es\/blog\/wp-json\/wp\/v2\/posts"}],"about":[{"href":"https:\/\/www.subaru.es\/blog\/wp-json\/wp\/v2\/types\/post"}],"author":[{"embeddable":true,"href":"https:\/\/www.subaru.es\/blog\/wp-json\/wp\/v2\/users\/21"}],"replies":[{"embeddable":true,"href":"https:\/\/www.subaru.es\/blog\/wp-json\/wp\/v2\/comments?post=213"}],"version-history":[{"count":1,"href":"https:\/\/www.subaru.es\/blog\/wp-json\/wp\/v2\/posts\/213\/revisions"}],"predecessor-version":[{"id":15786,"href":"https:\/\/www.subaru.es\/blog\/wp-json\/wp\/v2\/posts\/213\/revisions\/15786"}],"wp:featuredmedia":[{"embeddable":true,"href":"https:\/\/www.subaru.es\/blog\/wp-json\/wp\/v2\/media\/214"}],"wp:attachment":[{"href":"https:\/\/www.subaru.es\/blog\/wp-json\/wp\/v2\/media?parent=213"}],"wp:term":[{"taxonomy":"category","embeddable":true,"href":"https:\/\/www.subaru.es\/blog\/wp-json\/wp\/v2\/categories?post=213"},{"taxonomy":"post_tag","embeddable":true,"href":"https:\/\/www.subaru.es\/blog\/wp-json\/wp\/v2\/tags?post=213"}],"curies":[{"name":"wp","href":"https:\/\/api.w.org\/{rel}","templated":true}]}}