{"id":21273,"date":"2019-09-09T19:36:29","date_gmt":"2019-09-09T17:36:29","guid":{"rendered":"https:\/\/www.subaru.es\/blog\/?p=21273"},"modified":"2019-09-09T19:36:35","modified_gmt":"2019-09-09T17:36:35","slug":"1000-participantes-subaru-triatlon-cross","status":"publish","type":"post","link":"https:\/\/www.subaru.es\/blog\/nuestra-marca\/1000-participantes-subaru-triatlon-cross\/","title":{"rendered":"M\u00e1s de 1000 participantes sit\u00faan el Subaru Triatl\u00f3n Cross como el m\u00e1s importante de Espa\u00f1a"},"content":{"rendered":"\n<p>La s\u00e9ptima edici\u00f3n del <strong><a rel=\"noreferrer noopener\" aria-label=\"La s\u00e9ptima edici\u00f3n del Subaru Triatl\u00f3n Cross, celebrada el pasado d\u00eda 7 de septiembre, fue un \u00e9xito rotundo de convocatoria con m\u00e1s de 1000 participantes. La prueba, que ya se ha convertido en un claro referente local, bati\u00f3 en esta edici\u00f3n del 2019 el r\u00e9cord de inscripciones para llegar a ser la m\u00e1s importante de Espa\u00f1a. (opens in a new tab)\" href=\"http:\/\/www.subarutriatloncross.com\/\" target=\"_blank\">Subaru Triatl\u00f3n Cross<\/a><\/strong>, celebrada el pasado d\u00eda 7 de septiembre, fue un \u00e9xito rotundo de convocatoria <strong>con m\u00e1s de 1000 participantes<\/strong>. La prueba, que ya se ha convertido en un claro referente local, bati\u00f3 en esta edici\u00f3n del 2019 el r\u00e9cord de inscripciones para llegar a <strong>ser la m\u00e1s importante de Espa\u00f1a<\/strong>.<\/p>\n\n\n\n<h3 class=\"wp-block-heading\">Un evento deportivo 100% Subaru<\/h3>\n\n\n\n<figure class=\"wp-block-image\"><img decoding=\"async\" width=\"1024\" height=\"684\" data-src=\"https:\/\/www.subaru.es\/blog\/wp-content\/uploads\/2019\/09\/PHOTO-2019-09-09-13-13-00-5.jpg\" alt=\"\" class=\"wp-image-21287 lazyload\" data-srcset=\"https:\/\/www.subaru.es\/blog\/wp-content\/uploads\/2019\/09\/PHOTO-2019-09-09-13-13-00-5.jpg 1024w, https:\/\/www.subaru.es\/blog\/wp-content\/uploads\/2019\/09\/PHOTO-2019-09-09-13-13-00-5-560x374.jpg 560w, https:\/\/www.subaru.es\/blog\/wp-content\/uploads\/2019\/09\/PHOTO-2019-09-09-13-13-00-5-768x513.jpg 768w\" data-sizes=\"(max-width: 1024px) 100vw, 1024px\" src=\"data:image\/svg+xml;base64,PHN2ZyB3aWR0aD0iMSIgaGVpZ2h0PSIxIiB4bWxucz0iaHR0cDovL3d3dy53My5vcmcvMjAwMC9zdmciPjwvc3ZnPg==\" style=\"--smush-placeholder-width: 1024px; --smush-placeholder-aspect-ratio: 1024\/684;\" \/><\/figure>\n\n\n\n<p><strong>Emoci\u00f3n, esfuerzo,pasi\u00f3n, resultados\u2026 <\/strong>Son palabras que definen tan bien nuestro esp\u00edritu como el de los triatletas. Por eso, no hemos podido faltar a nuestro compromiso con un evento que se basa en valores de <strong>libertad y superaci\u00f3n<\/strong>. Y que adem\u00e1s se desarrolla en un entorno en que la naturaleza tambi\u00e9n es protagonista, as\u00ed como tampoco han podido faltar nuestros modelos <a href=\"https:\/\/www.subaru.es\/gamaeco-hibridos\">eco HYBRID.<\/a> <\/p>\n\n\n\n<p>Una vez m\u00e1s, el <strong>Parque de la Casa de Campo<\/strong> ha sido el lugar escogido para acoger la prueba. El c\u00e9ntrico enclave de Madrid result\u00f3 ser la localizaci\u00f3n perfecta para que tanto participantes como p\u00fablico pudiesen disfrutar de una tarde de deporte y buen tiempo inigualable. <\/p>\n\n\n\n<p>Un paraje que brind\u00f3 un intenso recorrido de <strong>pistas r\u00e1pidas de mountain bike y carrera a pie <\/strong>mediante las v\u00edas permitidas y compatibles con su conservaci\u00f3n. As\u00ed como el lago del recinto, que ofreci\u00f3 unas <strong>condiciones inmejorables para el tramo de nataci\u00f3n<\/strong> tras las labores de mantenimiento.&nbsp; <\/p>\n\n\n\n<figure class=\"wp-block-image\"><img decoding=\"async\" width=\"1024\" height=\"684\" data-src=\"https:\/\/www.subaru.es\/blog\/wp-content\/uploads\/2019\/09\/PHOTO-2019-09-09-13-13-00-3-1.jpg\" alt=\"\" class=\"wp-image-21286 lazyload\" data-srcset=\"https:\/\/www.subaru.es\/blog\/wp-content\/uploads\/2019\/09\/PHOTO-2019-09-09-13-13-00-3-1.jpg 1024w, https:\/\/www.subaru.es\/blog\/wp-content\/uploads\/2019\/09\/PHOTO-2019-09-09-13-13-00-3-1-560x374.jpg 560w, https:\/\/www.subaru.es\/blog\/wp-content\/uploads\/2019\/09\/PHOTO-2019-09-09-13-13-00-3-1-768x513.jpg 768w\" data-sizes=\"(max-width: 1024px) 100vw, 1024px\" src=\"data:image\/svg+xml;base64,PHN2ZyB3aWR0aD0iMSIgaGVpZ2h0PSIxIiB4bWxucz0iaHR0cDovL3d3dy53My5vcmcvMjAwMC9zdmciPjwvc3ZnPg==\" style=\"--smush-placeholder-width: 1024px; --smush-placeholder-aspect-ratio: 1024\/684;\" \/><\/figure>\n\n\n\n<h3 class=\"wp-block-heading\">Categor\u00eda por Relevos: la gran novedad del 2019<\/h3>\n\n\n\n<p>Junto a las categor\u00edas ya existentes, <strong>Open<\/strong>, para los m\u00e1s populares y&nbsp;<strong>Pro<\/strong>, para los m\u00e1s avanzados, <strong>este a\u00f1o se ha estrenado una nueva categor\u00eda por Relevos.<\/strong> En este caso, la prueba fue muy similar a la competici\u00f3n Pro, <strong>con 700 metros de nataci\u00f3n<\/strong>, <strong>20 kil\u00f3metros de mountain bike<\/strong> y una tercera fase de <strong>4,2 kil\u00f3metros de carrera a pie<\/strong>. <\/p>\n\n\n\n<figure class=\"wp-block-image\"><img decoding=\"async\" width=\"1024\" height=\"684\" data-src=\"https:\/\/www.subaru.es\/blog\/wp-content\/uploads\/2019\/09\/PHOTO-2019-09-09-13-12-59-2.jpg\" alt=\"\" class=\"wp-image-21288 lazyload\" data-srcset=\"https:\/\/www.subaru.es\/blog\/wp-content\/uploads\/2019\/09\/PHOTO-2019-09-09-13-12-59-2.jpg 1024w, https:\/\/www.subaru.es\/blog\/wp-content\/uploads\/2019\/09\/PHOTO-2019-09-09-13-12-59-2-560x374.jpg 560w, https:\/\/www.subaru.es\/blog\/wp-content\/uploads\/2019\/09\/PHOTO-2019-09-09-13-12-59-2-768x513.jpg 768w\" data-sizes=\"(max-width: 1024px) 100vw, 1024px\" src=\"data:image\/svg+xml;base64,PHN2ZyB3aWR0aD0iMSIgaGVpZ2h0PSIxIiB4bWxucz0iaHR0cDovL3d3dy53My5vcmcvMjAwMC9zdmciPjwvc3ZnPg==\" style=\"--smush-placeholder-width: 1024px; --smush-placeholder-aspect-ratio: 1024\/684;\" \/><\/figure>\n\n\n\n<p>El atleta<a rel=\"noreferrer noopener\" aria-label=\"El atleta Chema Mart\u00ednez y el ciclista Luis Pasamontes fueron los encargados de inaugurar dicha categor\u00eda. Compitiendo Chema Mart\u00ednez junto a su hija Paula en la prueba de nataci\u00f3n y al conocidohumorista David Amor en la prueba demountain bike; y, por su parte, Luis Pasamontes con el campe\u00f3n de enduro Mario Rom\u00e1n para la prueba de nataci\u00f3n,y con Irene Santos en la carrera apie. (opens in a new tab)\" href=\"https:\/\/www.subaru.es\/blog\/nuestra-marca\/subaru-triatlon-cross-2019\/\" target=\"_blank\"> <\/a><strong><a rel=\"noreferrer noopener\" aria-label=\"El atleta Chema Mart\u00ednez y el ciclista Luis Pasamontes fueron los encargados de inaugurar dicha categor\u00eda. Compitiendo Chema Mart\u00ednez junto a su hija Paula en la prueba de nataci\u00f3n y al conocidohumorista David Amor en la prueba demountain bike; y, por su parte, Luis Pasamontes con el campe\u00f3n de enduro Mario Rom\u00e1n para la prueba de nataci\u00f3n,y con Irene Santos en la carrera apie. (opens in a new tab)\" href=\"https:\/\/www.subaru.es\/blog\/nuestra-marca\/subaru-triatlon-cross-2019\/\" target=\"_blank\">Chema Mart\u00ednez<\/a><\/strong><a rel=\"noreferrer noopener\" aria-label=\"El atleta Chema Mart\u00ednez y el ciclista Luis Pasamontes fueron los encargados de inaugurar dicha categor\u00eda. Compitiendo Chema Mart\u00ednez junto a su hija Paula en la prueba de nataci\u00f3n y al conocidohumorista David Amor en la prueba demountain bike; y, por su parte, Luis Pasamontes con el campe\u00f3n de enduro Mario Rom\u00e1n para la prueba de nataci\u00f3n,y con Irene Santos en la carrera apie. (opens in a new tab)\" href=\"https:\/\/www.subaru.es\/blog\/nuestra-marca\/subaru-triatlon-cross-2019\/\" target=\"_blank\"> y el ciclista <\/a><strong><a rel=\"noreferrer noopener\" aria-label=\"El atleta Chema Mart\u00ednez y el ciclista Luis Pasamontes fueron los encargados de inaugurar dicha categor\u00eda. Compitiendo Chema Mart\u00ednez junto a su hija Paula en la prueba de nataci\u00f3n y al conocidohumorista David Amor en la prueba demountain bike; y, por su parte, Luis Pasamontes con el campe\u00f3n de enduro Mario Rom\u00e1n para la prueba de nataci\u00f3n,y con Irene Santos en la carrera apie. (opens in a new tab)\" href=\"https:\/\/www.subaru.es\/blog\/nuestra-marca\/subaru-triatlon-cross-2019\/\" target=\"_blank\">Luis Pasamontes<\/a><\/strong> fueron los encargados de inaugurar dicha categor\u00eda. Compitiendo Chema Mart\u00ednez junto a su hija Paula en la prueba de nataci\u00f3n y al conocido humorista <strong>David Amor<\/strong> en la prueba de mountain bike; y, por su parte, Luis Pasamontes con el campe\u00f3n de enduro <strong>Mario Rom\u00e1n<\/strong> para la prueba de nataci\u00f3n,y con<strong> Irene Santos<\/strong> en la carrera a pie.<\/p>\n\n\n\n<p>Para concluir los resultados de esta nueva categor\u00eda por relevos, despu\u00e9s de que cada atleta realizase su parte de la prueba se procedi\u00f3 a la suma de los tres tiempos como resultado final. Adem\u00e1s, <strong>cabe destacar que se llev\u00f3 a cabo una opci\u00f3n masculina, otra femenina y una \u00faltima mixta.<\/strong> <\/p>\n\n\n\n<p>La iniciativa tuvo una <strong>gran acogida y las inscripciones se cerraron con cerca de 200 participantes<\/strong> por equipos del total de participantes en el <strong>Subaru Triatl\u00f3n Cross<\/strong>.\u00a0<\/p>\n\n\n\n<figure class=\"wp-block-image\"><img decoding=\"async\" width=\"1024\" height=\"684\" data-src=\"https:\/\/www.subaru.es\/blog\/wp-content\/uploads\/2019\/09\/PHOTO-2019-09-09-13-12-58-4.jpg\" alt=\"\" class=\"wp-image-21277 lazyload\" data-srcset=\"https:\/\/www.subaru.es\/blog\/wp-content\/uploads\/2019\/09\/PHOTO-2019-09-09-13-12-58-4.jpg 1024w, https:\/\/www.subaru.es\/blog\/wp-content\/uploads\/2019\/09\/PHOTO-2019-09-09-13-12-58-4-560x374.jpg 560w, https:\/\/www.subaru.es\/blog\/wp-content\/uploads\/2019\/09\/PHOTO-2019-09-09-13-12-58-4-768x513.jpg 768w\" data-sizes=\"(max-width: 1024px) 100vw, 1024px\" src=\"data:image\/svg+xml;base64,PHN2ZyB3aWR0aD0iMSIgaGVpZ2h0PSIxIiB4bWxucz0iaHR0cDovL3d3dy53My5vcmcvMjAwMC9zdmciPjwvc3ZnPg==\" style=\"--smush-placeholder-width: 1024px; --smush-placeholder-aspect-ratio: 1024\/684;\" \/><\/figure>\n\n\n\n<h3 class=\"wp-block-heading\">Resultados<\/h3>\n\n\n\n<p><strong>Categor\u00eda Pro Masculina<\/strong><\/p>\n\n\n\n<p>1. Jos\u00e9 Almagro<\/p>\n\n\n\n<p>2. Jos\u00e9 \u00c1ngel Hern\u00e1ndez<\/p>\n\n\n\n<p>3. Alejandro Alda<\/p>\n\n\n\n<p><strong>Categor\u00eda Pro Femenina<\/strong><\/p>\n\n\n\n<p>1. Eva Garc\u00eda<\/p>\n\n\n\n<p>2. Mar\u00eda Calleja<\/p>\n\n\n\n<p>3. M\u00f3nica Falgueras<\/p>\n\n\n\n<p><strong>Categor\u00eda Open Masculina<\/strong><\/p>\n\n\n\n<p>1. Iv\u00e1n Agudo<\/p>\n\n\n\n<p>Categor\u00eda Open Femenina<\/p>\n\n\n\n<p>1. Ester Morales<\/p>\n\n\n\n<p><strong>Relevo Masculino<\/strong><\/p>\n\n\n\n<p>1. Ignacio Gonz\u00e1lez \/ Manuel Sorinao \/ N.G.L.J.M.<\/p>\n\n\n\n<p><strong>Relevo Femenino<\/strong><\/p>\n\n\n\n<p>1. Ana Peinado \/ Leticia Gil \/ Marta Mena<\/p>\n\n\n\n<p><strong>Relevo Mixto<\/strong><\/p>\n\n\n\n<p>1. Chema Mart\u00ednez \/ Paula Mart\u00ednez \/ David Amor<\/p>\n\n\n\n<p>2. Luis Pasamontes \/ Mario Rom\u00e1n \/ Irene Santos<\/p>\n","protected":false},"excerpt":{"rendered":"<p>La s\u00e9ptima edici\u00f3n del Subaru Triatl\u00f3n Cross, celebrada el pasado d\u00eda 7 de septiembre, fue un \u00e9xito rotundo de convocatoria con m\u00e1s de 1000 participantes. La prueba, que ya se ha convertido en un claro referente local, bati\u00f3 en esta edici\u00f3n del 2019 el r\u00e9cord de inscripciones para llegar a ser la m\u00e1s importante de [&hellip;]<\/p>\n","protected":false},"author":21,"featured_media":21289,"comment_status":"open","ping_status":"closed","sticky":false,"template":"","format":"standard","meta":{"_acf_changed":false,"_eb_attr":"","inline_featured_image":false,"footnotes":""},"categories":[4401],"tags":[4349,4390,64,4543,4346,1063,4367,4466],"class_list":["post-21273","post","type-post","status-publish","format-standard","has-post-thumbnail","hentry","category-nuestra-marca","tag-subarista","tag-subaru","tag-subaru-espana","tag-subaru-offroaders","tag-subaru-triatlon-cross","tag-triatlon","tag-triatlon-cross","tag-triatlon-cross-de-madrid"],"acf":[],"yoast_head":"<!-- This site is optimized with the Yoast SEO plugin v27.3 - https:\/\/yoast.com\/product\/yoast-seo-wordpress\/ -->\n<title>M\u00e1s de 1000 participantes sit\u00faan el Subaru Triatl\u00f3n Cross como el m\u00e1s importante de Espa\u00f1a - Universo Subaru<\/title>\n<meta name=\"robots\" content=\"index, follow, max-snippet:-1, max-image-preview:large, max-video-preview:-1\" \/>\n<link rel=\"canonical\" href=\"https:\/\/www.subaru.es\/blog\/nuestra-marca\/1000-participantes-subaru-triatlon-cross\/\" \/>\n<meta property=\"og:locale\" content=\"es_ES\" \/>\n<meta property=\"og:type\" content=\"article\" \/>\n<meta property=\"og:title\" content=\"M\u00e1s de 1000 participantes sit\u00faan el Subaru Triatl\u00f3n Cross como el m\u00e1s importante de Espa\u00f1a - Universo Subaru\" \/>\n<meta property=\"og:description\" content=\"La s\u00e9ptima edici\u00f3n del Subaru Triatl\u00f3n Cross, celebrada el pasado d\u00eda 7 de septiembre, fue un \u00e9xito rotundo de convocatoria con m\u00e1s de 1000 participantes. La prueba, que ya se ha convertido en un claro referente local, bati\u00f3 en esta edici\u00f3n del 2019 el r\u00e9cord de inscripciones para llegar a ser la m\u00e1s importante de [&hellip;]\" \/>\n<meta property=\"og:url\" content=\"https:\/\/www.subaru.es\/blog\/nuestra-marca\/1000-participantes-subaru-triatlon-cross\/\" \/>\n<meta property=\"og:site_name\" content=\"Universo Subaru\" \/>\n<meta property=\"article:publisher\" content=\"https:\/\/www.facebook.com\/subaruespana\" \/>\n<meta property=\"article:published_time\" content=\"2019-09-09T17:36:29+00:00\" \/>\n<meta property=\"article:modified_time\" content=\"2019-09-09T17:36:35+00:00\" \/>\n<meta property=\"og:image\" content=\"https:\/\/www.subaru.es\/blog\/wp-content\/uploads\/2019\/09\/01.-LUN-BLOG-TRIATLON-CROSS-1.jpg\" \/>\n\t<meta property=\"og:image:width\" content=\"1550\" \/>\n\t<meta property=\"og:image:height\" content=\"520\" \/>\n\t<meta property=\"og:image:type\" content=\"image\/jpeg\" \/>\n<meta name=\"author\" content=\"Subaru\" \/>\n<meta name=\"twitter:card\" content=\"summary_large_image\" \/>\n<meta name=\"twitter:label1\" content=\"Escrito por\" \/>\n\t<meta name=\"twitter:data1\" content=\"Subaru\" \/>\n\t<meta name=\"twitter:label2\" content=\"Tiempo de lectura\" \/>\n\t<meta name=\"twitter:data2\" content=\"3 minutos\" \/>\n<script type=\"application\/ld+json\" class=\"yoast-schema-graph\">{\"@context\":\"https:\\\/\\\/schema.org\",\"@graph\":[{\"@type\":\"Article\",\"@id\":\"https:\\\/\\\/www.subaru.es\\\/blog\\\/nuestra-marca\\\/1000-participantes-subaru-triatlon-cross\\\/#article\",\"isPartOf\":{\"@id\":\"https:\\\/\\\/www.subaru.es\\\/blog\\\/nuestra-marca\\\/1000-participantes-subaru-triatlon-cross\\\/\"},\"author\":{\"name\":\"Subaru\",\"@id\":\"https:\\\/\\\/www.subaru.es\\\/blog\\\/#\\\/schema\\\/person\\\/19a90b892230b8e0ec752704ddf4aa10\"},\"headline\":\"M\u00e1s de 1000 participantes sit\u00faan el Subaru Triatl\u00f3n Cross como el m\u00e1s importante de Espa\u00f1a\",\"datePublished\":\"2019-09-09T17:36:29+00:00\",\"dateModified\":\"2019-09-09T17:36:35+00:00\",\"mainEntityOfPage\":{\"@id\":\"https:\\\/\\\/www.subaru.es\\\/blog\\\/nuestra-marca\\\/1000-participantes-subaru-triatlon-cross\\\/\"},\"wordCount\":563,\"commentCount\":0,\"publisher\":{\"@id\":\"https:\\\/\\\/www.subaru.es\\\/blog\\\/#organization\"},\"image\":{\"@id\":\"https:\\\/\\\/www.subaru.es\\\/blog\\\/nuestra-marca\\\/1000-participantes-subaru-triatlon-cross\\\/#primaryimage\"},\"thumbnailUrl\":\"https:\\\/\\\/www.subaru.es\\\/blog\\\/wp-content\\\/uploads\\\/2019\\\/09\\\/01.-LUN-BLOG-TRIATLON-CROSS-1.jpg\",\"keywords\":[\"subarista\",\"Subaru\",\"subaru espa\u00f1a\",\"Subaru OffRoaders\",\"Subaru Triatlon Cross\",\"triatlon\",\"triatl\u00f3n cross\",\"triatl\u00f3n cross de Madrid\"],\"articleSection\":[\"Nuestra marca\"],\"inLanguage\":\"es\",\"potentialAction\":[{\"@type\":\"CommentAction\",\"name\":\"Comment\",\"target\":[\"https:\\\/\\\/www.subaru.es\\\/blog\\\/nuestra-marca\\\/1000-participantes-subaru-triatlon-cross\\\/#respond\"]}]},{\"@type\":\"WebPage\",\"@id\":\"https:\\\/\\\/www.subaru.es\\\/blog\\\/nuestra-marca\\\/1000-participantes-subaru-triatlon-cross\\\/\",\"url\":\"https:\\\/\\\/www.subaru.es\\\/blog\\\/nuestra-marca\\\/1000-participantes-subaru-triatlon-cross\\\/\",\"name\":\"M\u00e1s de 1000 participantes sit\u00faan el Subaru Triatl\u00f3n Cross como el m\u00e1s importante de Espa\u00f1a - Universo Subaru\",\"isPartOf\":{\"@id\":\"https:\\\/\\\/www.subaru.es\\\/blog\\\/#website\"},\"primaryImageOfPage\":{\"@id\":\"https:\\\/\\\/www.subaru.es\\\/blog\\\/nuestra-marca\\\/1000-participantes-subaru-triatlon-cross\\\/#primaryimage\"},\"image\":{\"@id\":\"https:\\\/\\\/www.subaru.es\\\/blog\\\/nuestra-marca\\\/1000-participantes-subaru-triatlon-cross\\\/#primaryimage\"},\"thumbnailUrl\":\"https:\\\/\\\/www.subaru.es\\\/blog\\\/wp-content\\\/uploads\\\/2019\\\/09\\\/01.-LUN-BLOG-TRIATLON-CROSS-1.jpg\",\"datePublished\":\"2019-09-09T17:36:29+00:00\",\"dateModified\":\"2019-09-09T17:36:35+00:00\",\"breadcrumb\":{\"@id\":\"https:\\\/\\\/www.subaru.es\\\/blog\\\/nuestra-marca\\\/1000-participantes-subaru-triatlon-cross\\\/#breadcrumb\"},\"inLanguage\":\"es\",\"potentialAction\":[{\"@type\":\"ReadAction\",\"target\":[\"https:\\\/\\\/www.subaru.es\\\/blog\\\/nuestra-marca\\\/1000-participantes-subaru-triatlon-cross\\\/\"]}]},{\"@type\":\"ImageObject\",\"inLanguage\":\"es\",\"@id\":\"https:\\\/\\\/www.subaru.es\\\/blog\\\/nuestra-marca\\\/1000-participantes-subaru-triatlon-cross\\\/#primaryimage\",\"url\":\"https:\\\/\\\/www.subaru.es\\\/blog\\\/wp-content\\\/uploads\\\/2019\\\/09\\\/01.-LUN-BLOG-TRIATLON-CROSS-1.jpg\",\"contentUrl\":\"https:\\\/\\\/www.subaru.es\\\/blog\\\/wp-content\\\/uploads\\\/2019\\\/09\\\/01.-LUN-BLOG-TRIATLON-CROSS-1.jpg\",\"width\":1550,\"height\":520},{\"@type\":\"BreadcrumbList\",\"@id\":\"https:\\\/\\\/www.subaru.es\\\/blog\\\/nuestra-marca\\\/1000-participantes-subaru-triatlon-cross\\\/#breadcrumb\",\"itemListElement\":[{\"@type\":\"ListItem\",\"position\":1,\"name\":\"Portada\",\"item\":\"https:\\\/\\\/www.subaru.es\\\/blog\\\/\"},{\"@type\":\"ListItem\",\"position\":2,\"name\":\"M\u00e1s de 1000 participantes sit\u00faan el Subaru Triatl\u00f3n Cross como el m\u00e1s importante de Espa\u00f1a\"}]},{\"@type\":\"WebSite\",\"@id\":\"https:\\\/\\\/www.subaru.es\\\/blog\\\/#website\",\"url\":\"https:\\\/\\\/www.subaru.es\\\/blog\\\/\",\"name\":\"Universo Subaru\",\"description\":\"Descubre este apasionante espacio de Subaru donde vas a conocer todo sobre nuestros coches y las experiencias que vivimos con ellos. Si est\u00e1s preparado para dejarte seducir por la filosof\u00eda Subaru, qu\u00e9date con nosotros.\",\"publisher\":{\"@id\":\"https:\\\/\\\/www.subaru.es\\\/blog\\\/#organization\"},\"potentialAction\":[{\"@type\":\"SearchAction\",\"target\":{\"@type\":\"EntryPoint\",\"urlTemplate\":\"https:\\\/\\\/www.subaru.es\\\/blog\\\/?s={search_term_string}\"},\"query-input\":{\"@type\":\"PropertyValueSpecification\",\"valueRequired\":true,\"valueName\":\"search_term_string\"}}],\"inLanguage\":\"es\"},{\"@type\":\"Organization\",\"@id\":\"https:\\\/\\\/www.subaru.es\\\/blog\\\/#organization\",\"name\":\"Subaru Espa\u00f1a S.A.\",\"url\":\"https:\\\/\\\/www.subaru.es\\\/blog\\\/\",\"logo\":{\"@type\":\"ImageObject\",\"inLanguage\":\"es\",\"@id\":\"https:\\\/\\\/www.subaru.es\\\/blog\\\/#\\\/schema\\\/logo\\\/image\\\/\",\"url\":\"https:\\\/\\\/www.subaru.es\\\/blog\\\/wp-content\\\/uploads\\\/2016\\\/12\\\/Logo-Subaru-TypeV_C300-scaled.jpg\",\"contentUrl\":\"https:\\\/\\\/www.subaru.es\\\/blog\\\/wp-content\\\/uploads\\\/2016\\\/12\\\/Logo-Subaru-TypeV_C300-scaled.jpg\",\"width\":2560,\"height\":1864,\"caption\":\"Subaru Espa\u00f1a S.A.\"},\"image\":{\"@id\":\"https:\\\/\\\/www.subaru.es\\\/blog\\\/#\\\/schema\\\/logo\\\/image\\\/\"},\"sameAs\":[\"https:\\\/\\\/www.facebook.com\\\/subaruespana\",\"https:\\\/\\\/www.instagram.com\\\/subarues\\\/\",\"https:\\\/\\\/www.youtube.com\\\/user\\\/subaruespana\"]},{\"@type\":\"Person\",\"@id\":\"https:\\\/\\\/www.subaru.es\\\/blog\\\/#\\\/schema\\\/person\\\/19a90b892230b8e0ec752704ddf4aa10\",\"name\":\"Subaru\",\"url\":\"https:\\\/\\\/www.subaru.es\\\/blog\\\/author\\\/subaria\\\/\"}]}<\/script>\n<!-- \/ Yoast SEO plugin. -->","yoast_head_json":{"title":"M\u00e1s de 1000 participantes sit\u00faan el Subaru Triatl\u00f3n Cross como el m\u00e1s importante de Espa\u00f1a - Universo Subaru","robots":{"index":"index","follow":"follow","max-snippet":"max-snippet:-1","max-image-preview":"max-image-preview:large","max-video-preview":"max-video-preview:-1"},"canonical":"https:\/\/www.subaru.es\/blog\/nuestra-marca\/1000-participantes-subaru-triatlon-cross\/","og_locale":"es_ES","og_type":"article","og_title":"M\u00e1s de 1000 participantes sit\u00faan el Subaru Triatl\u00f3n Cross como el m\u00e1s importante de Espa\u00f1a - Universo Subaru","og_description":"La s\u00e9ptima edici\u00f3n del Subaru Triatl\u00f3n Cross, celebrada el pasado d\u00eda 7 de septiembre, fue un \u00e9xito rotundo de convocatoria con m\u00e1s de 1000 participantes. La prueba, que ya se ha convertido en un claro referente local, bati\u00f3 en esta edici\u00f3n del 2019 el r\u00e9cord de inscripciones para llegar a ser la m\u00e1s importante de [&hellip;]","og_url":"https:\/\/www.subaru.es\/blog\/nuestra-marca\/1000-participantes-subaru-triatlon-cross\/","og_site_name":"Universo Subaru","article_publisher":"https:\/\/www.facebook.com\/subaruespana","article_published_time":"2019-09-09T17:36:29+00:00","article_modified_time":"2019-09-09T17:36:35+00:00","og_image":[{"width":1550,"height":520,"url":"https:\/\/www.subaru.es\/blog\/wp-content\/uploads\/2019\/09\/01.-LUN-BLOG-TRIATLON-CROSS-1.jpg","type":"image\/jpeg"}],"author":"Subaru","twitter_card":"summary_large_image","twitter_misc":{"Escrito por":"Subaru","Tiempo de lectura":"3 minutos"},"schema":{"@context":"https:\/\/schema.org","@graph":[{"@type":"Article","@id":"https:\/\/www.subaru.es\/blog\/nuestra-marca\/1000-participantes-subaru-triatlon-cross\/#article","isPartOf":{"@id":"https:\/\/www.subaru.es\/blog\/nuestra-marca\/1000-participantes-subaru-triatlon-cross\/"},"author":{"name":"Subaru","@id":"https:\/\/www.subaru.es\/blog\/#\/schema\/person\/19a90b892230b8e0ec752704ddf4aa10"},"headline":"M\u00e1s de 1000 participantes sit\u00faan el Subaru Triatl\u00f3n Cross como el m\u00e1s importante de Espa\u00f1a","datePublished":"2019-09-09T17:36:29+00:00","dateModified":"2019-09-09T17:36:35+00:00","mainEntityOfPage":{"@id":"https:\/\/www.subaru.es\/blog\/nuestra-marca\/1000-participantes-subaru-triatlon-cross\/"},"wordCount":563,"commentCount":0,"publisher":{"@id":"https:\/\/www.subaru.es\/blog\/#organization"},"image":{"@id":"https:\/\/www.subaru.es\/blog\/nuestra-marca\/1000-participantes-subaru-triatlon-cross\/#primaryimage"},"thumbnailUrl":"https:\/\/www.subaru.es\/blog\/wp-content\/uploads\/2019\/09\/01.-LUN-BLOG-TRIATLON-CROSS-1.jpg","keywords":["subarista","Subaru","subaru espa\u00f1a","Subaru OffRoaders","Subaru Triatlon Cross","triatlon","triatl\u00f3n cross","triatl\u00f3n cross de Madrid"],"articleSection":["Nuestra marca"],"inLanguage":"es","potentialAction":[{"@type":"CommentAction","name":"Comment","target":["https:\/\/www.subaru.es\/blog\/nuestra-marca\/1000-participantes-subaru-triatlon-cross\/#respond"]}]},{"@type":"WebPage","@id":"https:\/\/www.subaru.es\/blog\/nuestra-marca\/1000-participantes-subaru-triatlon-cross\/","url":"https:\/\/www.subaru.es\/blog\/nuestra-marca\/1000-participantes-subaru-triatlon-cross\/","name":"M\u00e1s de 1000 participantes sit\u00faan el Subaru Triatl\u00f3n Cross como el m\u00e1s importante de Espa\u00f1a - Universo Subaru","isPartOf":{"@id":"https:\/\/www.subaru.es\/blog\/#website"},"primaryImageOfPage":{"@id":"https:\/\/www.subaru.es\/blog\/nuestra-marca\/1000-participantes-subaru-triatlon-cross\/#primaryimage"},"image":{"@id":"https:\/\/www.subaru.es\/blog\/nuestra-marca\/1000-participantes-subaru-triatlon-cross\/#primaryimage"},"thumbnailUrl":"https:\/\/www.subaru.es\/blog\/wp-content\/uploads\/2019\/09\/01.-LUN-BLOG-TRIATLON-CROSS-1.jpg","datePublished":"2019-09-09T17:36:29+00:00","dateModified":"2019-09-09T17:36:35+00:00","breadcrumb":{"@id":"https:\/\/www.subaru.es\/blog\/nuestra-marca\/1000-participantes-subaru-triatlon-cross\/#breadcrumb"},"inLanguage":"es","potentialAction":[{"@type":"ReadAction","target":["https:\/\/www.subaru.es\/blog\/nuestra-marca\/1000-participantes-subaru-triatlon-cross\/"]}]},{"@type":"ImageObject","inLanguage":"es","@id":"https:\/\/www.subaru.es\/blog\/nuestra-marca\/1000-participantes-subaru-triatlon-cross\/#primaryimage","url":"https:\/\/www.subaru.es\/blog\/wp-content\/uploads\/2019\/09\/01.-LUN-BLOG-TRIATLON-CROSS-1.jpg","contentUrl":"https:\/\/www.subaru.es\/blog\/wp-content\/uploads\/2019\/09\/01.-LUN-BLOG-TRIATLON-CROSS-1.jpg","width":1550,"height":520},{"@type":"BreadcrumbList","@id":"https:\/\/www.subaru.es\/blog\/nuestra-marca\/1000-participantes-subaru-triatlon-cross\/#breadcrumb","itemListElement":[{"@type":"ListItem","position":1,"name":"Portada","item":"https:\/\/www.subaru.es\/blog\/"},{"@type":"ListItem","position":2,"name":"M\u00e1s de 1000 participantes sit\u00faan el Subaru Triatl\u00f3n Cross como el m\u00e1s importante de Espa\u00f1a"}]},{"@type":"WebSite","@id":"https:\/\/www.subaru.es\/blog\/#website","url":"https:\/\/www.subaru.es\/blog\/","name":"Universo Subaru","description":"Descubre este apasionante espacio de Subaru donde vas a conocer todo sobre nuestros coches y las experiencias que vivimos con ellos. Si est\u00e1s preparado para dejarte seducir por la filosof\u00eda Subaru, qu\u00e9date con nosotros.","publisher":{"@id":"https:\/\/www.subaru.es\/blog\/#organization"},"potentialAction":[{"@type":"SearchAction","target":{"@type":"EntryPoint","urlTemplate":"https:\/\/www.subaru.es\/blog\/?s={search_term_string}"},"query-input":{"@type":"PropertyValueSpecification","valueRequired":true,"valueName":"search_term_string"}}],"inLanguage":"es"},{"@type":"Organization","@id":"https:\/\/www.subaru.es\/blog\/#organization","name":"Subaru Espa\u00f1a S.A.","url":"https:\/\/www.subaru.es\/blog\/","logo":{"@type":"ImageObject","inLanguage":"es","@id":"https:\/\/www.subaru.es\/blog\/#\/schema\/logo\/image\/","url":"https:\/\/www.subaru.es\/blog\/wp-content\/uploads\/2016\/12\/Logo-Subaru-TypeV_C300-scaled.jpg","contentUrl":"https:\/\/www.subaru.es\/blog\/wp-content\/uploads\/2016\/12\/Logo-Subaru-TypeV_C300-scaled.jpg","width":2560,"height":1864,"caption":"Subaru Espa\u00f1a S.A."},"image":{"@id":"https:\/\/www.subaru.es\/blog\/#\/schema\/logo\/image\/"},"sameAs":["https:\/\/www.facebook.com\/subaruespana","https:\/\/www.instagram.com\/subarues\/","https:\/\/www.youtube.com\/user\/subaruespana"]},{"@type":"Person","@id":"https:\/\/www.subaru.es\/blog\/#\/schema\/person\/19a90b892230b8e0ec752704ddf4aa10","name":"Subaru","url":"https:\/\/www.subaru.es\/blog\/author\/subaria\/"}]}},"_links":{"self":[{"href":"https:\/\/www.subaru.es\/blog\/wp-json\/wp\/v2\/posts\/21273","targetHints":{"allow":["GET"]}}],"collection":[{"href":"https:\/\/www.subaru.es\/blog\/wp-json\/wp\/v2\/posts"}],"about":[{"href":"https:\/\/www.subaru.es\/blog\/wp-json\/wp\/v2\/types\/post"}],"author":[{"embeddable":true,"href":"https:\/\/www.subaru.es\/blog\/wp-json\/wp\/v2\/users\/21"}],"replies":[{"embeddable":true,"href":"https:\/\/www.subaru.es\/blog\/wp-json\/wp\/v2\/comments?post=21273"}],"version-history":[{"count":8,"href":"https:\/\/www.subaru.es\/blog\/wp-json\/wp\/v2\/posts\/21273\/revisions"}],"predecessor-version":[{"id":21290,"href":"https:\/\/www.subaru.es\/blog\/wp-json\/wp\/v2\/posts\/21273\/revisions\/21290"}],"wp:featuredmedia":[{"embeddable":true,"href":"https:\/\/www.subaru.es\/blog\/wp-json\/wp\/v2\/media\/21289"}],"wp:attachment":[{"href":"https:\/\/www.subaru.es\/blog\/wp-json\/wp\/v2\/media?parent=21273"}],"wp:term":[{"taxonomy":"category","embeddable":true,"href":"https:\/\/www.subaru.es\/blog\/wp-json\/wp\/v2\/categories?post=21273"},{"taxonomy":"post_tag","embeddable":true,"href":"https:\/\/www.subaru.es\/blog\/wp-json\/wp\/v2\/tags?post=21273"}],"curies":[{"name":"wp","href":"https:\/\/api.w.org\/{rel}","templated":true}]}}