{"id":2124,"date":"2009-06-25T14:02:31","date_gmt":"2009-06-25T12:02:31","guid":{"rendered":"http:\/\/subaru.preproduccion.com\/blog\/wp-content\/2009\/06\/25\/previo-rallye-de-tierra-de-lanzarote\/"},"modified":"2020-08-06T11:41:22","modified_gmt":"2020-08-06T09:41:22","slug":"previo-rallye-de-tierra-de-lanzarote","status":"publish","type":"post","link":"https:\/\/www.subaru.es\/blog\/nuestra-marca\/previo-rallye-de-tierra-de-lanzarote\/","title":{"rendered":"PREVIO RALLYE DE TIERRA DE LANZAROTE"},"content":{"rendered":"<p>El <strong>Subaru Rally Team Spain ya est\u00e1 camino de Lanzarote<\/strong>, donde este fin de semana se reanuda el <strong>Campeonato de Espa\u00f1a de Rallyes de Tierra<\/strong> con una cita doble. Se trata nada menos que dos rallyes en dos d\u00edas consecutivos, que pondr\u00e1n a prueba a pilotos y m\u00e1quinas sobre los siempre duros y pedregosos tramos de la isla canaria, en los que el Subaru Impreza Prodrive preparado por KRS, pilotado por <strong>Brice Tirabassi <\/strong>y copilotado por <strong>Fabrice Gordon<\/strong>, se presenta como uno de los m\u00e1ximos favoritos a la victoria en las dos jornadas.<\/p>\n<p><img decoding=\"async\" width=475 data-src=\"http:\/\/www.gjd-solutions.co.uk\/press\/srts\/srts-prelanzarote1.jpg\" alt=\"\" src=\"data:image\/svg+xml;base64,PHN2ZyB3aWR0aD0iMSIgaGVpZ2h0PSIxIiB4bWxucz0iaHR0cDovL3d3dy53My5vcmcvMjAwMC9zdmciPjwvc3ZnPg==\" class=\"lazyload\" \/><\/p>\n<p>Tras su espectacular debut en el nacional de tierra, con victoria en el primer rallye de la temporada, en <a href=\"https:\/\/www.subaru.es\/blog\/2009\/04\/03\/tirabassi-rompe-todos-los-pronosticos-en-palma-del-rio\/\">Palma del R\u00edo<\/a>, el piloto del equipo oficial de <strong>Subaru Espa\u00f1a<\/strong> tuvo menos fortuna en la siguiente prueba del campeonato, disputada en Guijuelo, por lo que llega a Lanzarote como cuarto clasificado de la general provisional del certamen y con much\u00edsimas ganas de volver a lo m\u00e1s alto del podio. Para ello, ni piloto ni equipo dejan de trabajar en todos los aspectos relativos a la puesta a punto del Impreza Prodrive, que se acabar\u00e1n de afinar para la doble cita de Lanzarote este mismo jueves, con una nueva sesi\u00f3n de tests organizada por <strong>KRS Motor Events<\/strong>.<\/p>\n<p><img decoding=\"async\" width=475 data-src=\"http:\/\/www.gjd-solutions.co.uk\/press\/srts\/srts-prelanzarote2.jpg\" alt=\"\" src=\"data:image\/svg+xml;base64,PHN2ZyB3aWR0aD0iMSIgaGVpZ2h0PSIxIiB4bWxucz0iaHR0cDovL3d3dy53My5vcmcvMjAwMC9zdmciPjwvc3ZnPg==\" class=\"lazyload\" \/><\/p>\n<p>Los dos rallyes que se disputar\u00e1n en Lanzarote este fin se semana tendr\u00e1n igual estructura, con base en la localidad de Yaiza y un recorrido de 265.73 kil\u00f3metros, de los cuales 75.46 corresponder\u00e1n a tramos cronometrados. El primer rallye se llevar\u00e1 a cabo a lo largo de la jornada del s\u00e1bado, con salida del primer participante a las 8:00 y entrega de premios a partir de las 16:00, repiti\u00e9ndose el mismo horario el domingo para la segunda prueba del fin de semana. Un programa doble cuyo resultado puede ser clave en el devenir del campeonato, y que implica una presi\u00f3n extra para pilotos y equipos, especialmente el primer d\u00eda, ya que cualquier error o problema en el rallye del s\u00e1bado puede dar al traste con las posibilidades de conseguir un buen resultado en el del domingo. Un reto especial que el equipo t\u00e9cnico de KRS afronta con optimismo, en base al extraordinario potencial mostrado por el Impreza Prodrive y Tirabassi en sus dos anteriores participaciones con el Subaru Rally Team Spain.<\/p>\n","protected":false},"excerpt":{"rendered":"<p>El Subaru Rally Team Spain ya est\u00e1 camino de Lanzarote, donde este fin de semana se reanuda el Campeonato de Espa\u00f1a de Rallyes de Tierra con una cita doble. Se trata nada menos que dos rallyes en dos d\u00edas consecutivos, que pondr\u00e1n a prueba a pilotos y m\u00e1quinas sobre los siempre duros y pedregosos tramos [&hellip;]<\/p>\n","protected":false},"author":21,"featured_media":0,"comment_status":"open","ping_status":"open","sticky":false,"template":"","format":"standard","meta":{"_acf_changed":false,"_eb_attr":"","inline_featured_image":false,"footnotes":""},"categories":[4401],"tags":[2373,107,1986,517],"class_list":["post-2124","post","type-post","status-publish","format-standard","hentry","category-nuestra-marca","tag-lanzarote","tag-rallye","tag-subaru-rally-team-spain","tag-tierra"],"acf":[],"yoast_head":"<!-- This site is optimized with the Yoast SEO plugin v27.3 - https:\/\/yoast.com\/product\/yoast-seo-wordpress\/ -->\n<title>PREVIO RALLYE DE TIERRA DE LANZAROTE - Universo Subaru<\/title>\n<meta name=\"robots\" content=\"index, follow, max-snippet:-1, max-image-preview:large, max-video-preview:-1\" \/>\n<link rel=\"canonical\" href=\"https:\/\/www.subaru.es\/blog\/nuestra-marca\/previo-rallye-de-tierra-de-lanzarote\/\" \/>\n<meta property=\"og:locale\" content=\"es_ES\" \/>\n<meta property=\"og:type\" content=\"article\" \/>\n<meta property=\"og:title\" content=\"PREVIO RALLYE DE TIERRA DE LANZAROTE - Universo Subaru\" \/>\n<meta property=\"og:description\" content=\"El Subaru Rally Team Spain ya est\u00e1 camino de Lanzarote, donde este fin de semana se reanuda el Campeonato de Espa\u00f1a de Rallyes de Tierra con una cita doble. Se trata nada menos que dos rallyes en dos d\u00edas consecutivos, que pondr\u00e1n a prueba a pilotos y m\u00e1quinas sobre los siempre duros y pedregosos tramos [&hellip;]\" \/>\n<meta property=\"og:url\" content=\"https:\/\/www.subaru.es\/blog\/nuestra-marca\/previo-rallye-de-tierra-de-lanzarote\/\" \/>\n<meta property=\"og:site_name\" content=\"Universo Subaru\" \/>\n<meta property=\"article:publisher\" content=\"https:\/\/www.facebook.com\/subaruespana\" \/>\n<meta property=\"article:published_time\" content=\"2009-06-25T12:02:31+00:00\" \/>\n<meta property=\"article:modified_time\" content=\"2020-08-06T09:41:22+00:00\" \/>\n<meta property=\"og:image\" content=\"http:\/\/www.gjd-solutions.co.uk\/press\/srts\/srts-prelanzarote1.jpg\" \/>\n<meta name=\"author\" content=\"Subaru\" \/>\n<meta name=\"twitter:card\" content=\"summary_large_image\" \/>\n<meta name=\"twitter:label1\" content=\"Escrito por\" \/>\n\t<meta name=\"twitter:data1\" content=\"Subaru\" \/>\n\t<meta name=\"twitter:label2\" content=\"Tiempo de lectura\" \/>\n\t<meta name=\"twitter:data2\" content=\"2 minutos\" \/>\n<script type=\"application\/ld+json\" class=\"yoast-schema-graph\">{\"@context\":\"https:\\\/\\\/schema.org\",\"@graph\":[{\"@type\":\"Article\",\"@id\":\"https:\\\/\\\/www.subaru.es\\\/blog\\\/nuestra-marca\\\/previo-rallye-de-tierra-de-lanzarote\\\/#article\",\"isPartOf\":{\"@id\":\"https:\\\/\\\/www.subaru.es\\\/blog\\\/nuestra-marca\\\/previo-rallye-de-tierra-de-lanzarote\\\/\"},\"author\":{\"name\":\"Subaru\",\"@id\":\"https:\\\/\\\/www.subaru.es\\\/blog\\\/#\\\/schema\\\/person\\\/19a90b892230b8e0ec752704ddf4aa10\"},\"headline\":\"PREVIO RALLYE DE TIERRA DE LANZAROTE\",\"datePublished\":\"2009-06-25T12:02:31+00:00\",\"dateModified\":\"2020-08-06T09:41:22+00:00\",\"mainEntityOfPage\":{\"@id\":\"https:\\\/\\\/www.subaru.es\\\/blog\\\/nuestra-marca\\\/previo-rallye-de-tierra-de-lanzarote\\\/\"},\"wordCount\":403,\"commentCount\":0,\"publisher\":{\"@id\":\"https:\\\/\\\/www.subaru.es\\\/blog\\\/#organization\"},\"image\":{\"@id\":\"https:\\\/\\\/www.subaru.es\\\/blog\\\/nuestra-marca\\\/previo-rallye-de-tierra-de-lanzarote\\\/#primaryimage\"},\"thumbnailUrl\":\"http:\\\/\\\/www.gjd-solutions.co.uk\\\/press\\\/srts\\\/srts-prelanzarote1.jpg\",\"keywords\":[\"Lanzarote\",\"rallye\",\"Subaru Rally Team Spain\",\"tierra\"],\"articleSection\":[\"Nuestra marca\"],\"inLanguage\":\"es\",\"potentialAction\":[{\"@type\":\"CommentAction\",\"name\":\"Comment\",\"target\":[\"https:\\\/\\\/www.subaru.es\\\/blog\\\/nuestra-marca\\\/previo-rallye-de-tierra-de-lanzarote\\\/#respond\"]}]},{\"@type\":\"WebPage\",\"@id\":\"https:\\\/\\\/www.subaru.es\\\/blog\\\/nuestra-marca\\\/previo-rallye-de-tierra-de-lanzarote\\\/\",\"url\":\"https:\\\/\\\/www.subaru.es\\\/blog\\\/nuestra-marca\\\/previo-rallye-de-tierra-de-lanzarote\\\/\",\"name\":\"PREVIO RALLYE DE TIERRA DE LANZAROTE - Universo Subaru\",\"isPartOf\":{\"@id\":\"https:\\\/\\\/www.subaru.es\\\/blog\\\/#website\"},\"primaryImageOfPage\":{\"@id\":\"https:\\\/\\\/www.subaru.es\\\/blog\\\/nuestra-marca\\\/previo-rallye-de-tierra-de-lanzarote\\\/#primaryimage\"},\"image\":{\"@id\":\"https:\\\/\\\/www.subaru.es\\\/blog\\\/nuestra-marca\\\/previo-rallye-de-tierra-de-lanzarote\\\/#primaryimage\"},\"thumbnailUrl\":\"http:\\\/\\\/www.gjd-solutions.co.uk\\\/press\\\/srts\\\/srts-prelanzarote1.jpg\",\"datePublished\":\"2009-06-25T12:02:31+00:00\",\"dateModified\":\"2020-08-06T09:41:22+00:00\",\"breadcrumb\":{\"@id\":\"https:\\\/\\\/www.subaru.es\\\/blog\\\/nuestra-marca\\\/previo-rallye-de-tierra-de-lanzarote\\\/#breadcrumb\"},\"inLanguage\":\"es\",\"potentialAction\":[{\"@type\":\"ReadAction\",\"target\":[\"https:\\\/\\\/www.subaru.es\\\/blog\\\/nuestra-marca\\\/previo-rallye-de-tierra-de-lanzarote\\\/\"]}]},{\"@type\":\"ImageObject\",\"inLanguage\":\"es\",\"@id\":\"https:\\\/\\\/www.subaru.es\\\/blog\\\/nuestra-marca\\\/previo-rallye-de-tierra-de-lanzarote\\\/#primaryimage\",\"url\":\"http:\\\/\\\/www.gjd-solutions.co.uk\\\/press\\\/srts\\\/srts-prelanzarote1.jpg\",\"contentUrl\":\"http:\\\/\\\/www.gjd-solutions.co.uk\\\/press\\\/srts\\\/srts-prelanzarote1.jpg\"},{\"@type\":\"BreadcrumbList\",\"@id\":\"https:\\\/\\\/www.subaru.es\\\/blog\\\/nuestra-marca\\\/previo-rallye-de-tierra-de-lanzarote\\\/#breadcrumb\",\"itemListElement\":[{\"@type\":\"ListItem\",\"position\":1,\"name\":\"Portada\",\"item\":\"https:\\\/\\\/www.subaru.es\\\/blog\\\/\"},{\"@type\":\"ListItem\",\"position\":2,\"name\":\"PREVIO RALLYE DE TIERRA DE LANZAROTE\"}]},{\"@type\":\"WebSite\",\"@id\":\"https:\\\/\\\/www.subaru.es\\\/blog\\\/#website\",\"url\":\"https:\\\/\\\/www.subaru.es\\\/blog\\\/\",\"name\":\"Universo Subaru\",\"description\":\"Descubre este apasionante espacio de Subaru donde vas a conocer todo sobre nuestros coches y las experiencias que vivimos con ellos. Si est\u00e1s preparado para dejarte seducir por la filosof\u00eda Subaru, qu\u00e9date con nosotros.\",\"publisher\":{\"@id\":\"https:\\\/\\\/www.subaru.es\\\/blog\\\/#organization\"},\"potentialAction\":[{\"@type\":\"SearchAction\",\"target\":{\"@type\":\"EntryPoint\",\"urlTemplate\":\"https:\\\/\\\/www.subaru.es\\\/blog\\\/?s={search_term_string}\"},\"query-input\":{\"@type\":\"PropertyValueSpecification\",\"valueRequired\":true,\"valueName\":\"search_term_string\"}}],\"inLanguage\":\"es\"},{\"@type\":\"Organization\",\"@id\":\"https:\\\/\\\/www.subaru.es\\\/blog\\\/#organization\",\"name\":\"Subaru Espa\u00f1a S.A.\",\"url\":\"https:\\\/\\\/www.subaru.es\\\/blog\\\/\",\"logo\":{\"@type\":\"ImageObject\",\"inLanguage\":\"es\",\"@id\":\"https:\\\/\\\/www.subaru.es\\\/blog\\\/#\\\/schema\\\/logo\\\/image\\\/\",\"url\":\"https:\\\/\\\/www.subaru.es\\\/blog\\\/wp-content\\\/uploads\\\/2016\\\/12\\\/Logo-Subaru-TypeV_C300-scaled.jpg\",\"contentUrl\":\"https:\\\/\\\/www.subaru.es\\\/blog\\\/wp-content\\\/uploads\\\/2016\\\/12\\\/Logo-Subaru-TypeV_C300-scaled.jpg\",\"width\":2560,\"height\":1864,\"caption\":\"Subaru Espa\u00f1a S.A.\"},\"image\":{\"@id\":\"https:\\\/\\\/www.subaru.es\\\/blog\\\/#\\\/schema\\\/logo\\\/image\\\/\"},\"sameAs\":[\"https:\\\/\\\/www.facebook.com\\\/subaruespana\",\"https:\\\/\\\/www.instagram.com\\\/subarues\\\/\",\"https:\\\/\\\/www.youtube.com\\\/user\\\/subaruespana\"]},{\"@type\":\"Person\",\"@id\":\"https:\\\/\\\/www.subaru.es\\\/blog\\\/#\\\/schema\\\/person\\\/19a90b892230b8e0ec752704ddf4aa10\",\"name\":\"Subaru\",\"url\":\"https:\\\/\\\/www.subaru.es\\\/blog\\\/author\\\/subaria\\\/\"}]}<\/script>\n<!-- \/ Yoast SEO plugin. -->","yoast_head_json":{"title":"PREVIO RALLYE DE TIERRA DE LANZAROTE - Universo Subaru","robots":{"index":"index","follow":"follow","max-snippet":"max-snippet:-1","max-image-preview":"max-image-preview:large","max-video-preview":"max-video-preview:-1"},"canonical":"https:\/\/www.subaru.es\/blog\/nuestra-marca\/previo-rallye-de-tierra-de-lanzarote\/","og_locale":"es_ES","og_type":"article","og_title":"PREVIO RALLYE DE TIERRA DE LANZAROTE - Universo Subaru","og_description":"El Subaru Rally Team Spain ya est\u00e1 camino de Lanzarote, donde este fin de semana se reanuda el Campeonato de Espa\u00f1a de Rallyes de Tierra con una cita doble. Se trata nada menos que dos rallyes en dos d\u00edas consecutivos, que pondr\u00e1n a prueba a pilotos y m\u00e1quinas sobre los siempre duros y pedregosos tramos [&hellip;]","og_url":"https:\/\/www.subaru.es\/blog\/nuestra-marca\/previo-rallye-de-tierra-de-lanzarote\/","og_site_name":"Universo Subaru","article_publisher":"https:\/\/www.facebook.com\/subaruespana","article_published_time":"2009-06-25T12:02:31+00:00","article_modified_time":"2020-08-06T09:41:22+00:00","og_image":[{"url":"http:\/\/www.gjd-solutions.co.uk\/press\/srts\/srts-prelanzarote1.jpg","type":"","width":"","height":""}],"author":"Subaru","twitter_card":"summary_large_image","twitter_misc":{"Escrito por":"Subaru","Tiempo de lectura":"2 minutos"},"schema":{"@context":"https:\/\/schema.org","@graph":[{"@type":"Article","@id":"https:\/\/www.subaru.es\/blog\/nuestra-marca\/previo-rallye-de-tierra-de-lanzarote\/#article","isPartOf":{"@id":"https:\/\/www.subaru.es\/blog\/nuestra-marca\/previo-rallye-de-tierra-de-lanzarote\/"},"author":{"name":"Subaru","@id":"https:\/\/www.subaru.es\/blog\/#\/schema\/person\/19a90b892230b8e0ec752704ddf4aa10"},"headline":"PREVIO RALLYE DE TIERRA DE LANZAROTE","datePublished":"2009-06-25T12:02:31+00:00","dateModified":"2020-08-06T09:41:22+00:00","mainEntityOfPage":{"@id":"https:\/\/www.subaru.es\/blog\/nuestra-marca\/previo-rallye-de-tierra-de-lanzarote\/"},"wordCount":403,"commentCount":0,"publisher":{"@id":"https:\/\/www.subaru.es\/blog\/#organization"},"image":{"@id":"https:\/\/www.subaru.es\/blog\/nuestra-marca\/previo-rallye-de-tierra-de-lanzarote\/#primaryimage"},"thumbnailUrl":"http:\/\/www.gjd-solutions.co.uk\/press\/srts\/srts-prelanzarote1.jpg","keywords":["Lanzarote","rallye","Subaru Rally Team Spain","tierra"],"articleSection":["Nuestra marca"],"inLanguage":"es","potentialAction":[{"@type":"CommentAction","name":"Comment","target":["https:\/\/www.subaru.es\/blog\/nuestra-marca\/previo-rallye-de-tierra-de-lanzarote\/#respond"]}]},{"@type":"WebPage","@id":"https:\/\/www.subaru.es\/blog\/nuestra-marca\/previo-rallye-de-tierra-de-lanzarote\/","url":"https:\/\/www.subaru.es\/blog\/nuestra-marca\/previo-rallye-de-tierra-de-lanzarote\/","name":"PREVIO RALLYE DE TIERRA DE LANZAROTE - Universo Subaru","isPartOf":{"@id":"https:\/\/www.subaru.es\/blog\/#website"},"primaryImageOfPage":{"@id":"https:\/\/www.subaru.es\/blog\/nuestra-marca\/previo-rallye-de-tierra-de-lanzarote\/#primaryimage"},"image":{"@id":"https:\/\/www.subaru.es\/blog\/nuestra-marca\/previo-rallye-de-tierra-de-lanzarote\/#primaryimage"},"thumbnailUrl":"http:\/\/www.gjd-solutions.co.uk\/press\/srts\/srts-prelanzarote1.jpg","datePublished":"2009-06-25T12:02:31+00:00","dateModified":"2020-08-06T09:41:22+00:00","breadcrumb":{"@id":"https:\/\/www.subaru.es\/blog\/nuestra-marca\/previo-rallye-de-tierra-de-lanzarote\/#breadcrumb"},"inLanguage":"es","potentialAction":[{"@type":"ReadAction","target":["https:\/\/www.subaru.es\/blog\/nuestra-marca\/previo-rallye-de-tierra-de-lanzarote\/"]}]},{"@type":"ImageObject","inLanguage":"es","@id":"https:\/\/www.subaru.es\/blog\/nuestra-marca\/previo-rallye-de-tierra-de-lanzarote\/#primaryimage","url":"http:\/\/www.gjd-solutions.co.uk\/press\/srts\/srts-prelanzarote1.jpg","contentUrl":"http:\/\/www.gjd-solutions.co.uk\/press\/srts\/srts-prelanzarote1.jpg"},{"@type":"BreadcrumbList","@id":"https:\/\/www.subaru.es\/blog\/nuestra-marca\/previo-rallye-de-tierra-de-lanzarote\/#breadcrumb","itemListElement":[{"@type":"ListItem","position":1,"name":"Portada","item":"https:\/\/www.subaru.es\/blog\/"},{"@type":"ListItem","position":2,"name":"PREVIO RALLYE DE TIERRA DE LANZAROTE"}]},{"@type":"WebSite","@id":"https:\/\/www.subaru.es\/blog\/#website","url":"https:\/\/www.subaru.es\/blog\/","name":"Universo Subaru","description":"Descubre este apasionante espacio de Subaru donde vas a conocer todo sobre nuestros coches y las experiencias que vivimos con ellos. Si est\u00e1s preparado para dejarte seducir por la filosof\u00eda Subaru, qu\u00e9date con nosotros.","publisher":{"@id":"https:\/\/www.subaru.es\/blog\/#organization"},"potentialAction":[{"@type":"SearchAction","target":{"@type":"EntryPoint","urlTemplate":"https:\/\/www.subaru.es\/blog\/?s={search_term_string}"},"query-input":{"@type":"PropertyValueSpecification","valueRequired":true,"valueName":"search_term_string"}}],"inLanguage":"es"},{"@type":"Organization","@id":"https:\/\/www.subaru.es\/blog\/#organization","name":"Subaru Espa\u00f1a S.A.","url":"https:\/\/www.subaru.es\/blog\/","logo":{"@type":"ImageObject","inLanguage":"es","@id":"https:\/\/www.subaru.es\/blog\/#\/schema\/logo\/image\/","url":"https:\/\/www.subaru.es\/blog\/wp-content\/uploads\/2016\/12\/Logo-Subaru-TypeV_C300-scaled.jpg","contentUrl":"https:\/\/www.subaru.es\/blog\/wp-content\/uploads\/2016\/12\/Logo-Subaru-TypeV_C300-scaled.jpg","width":2560,"height":1864,"caption":"Subaru Espa\u00f1a S.A."},"image":{"@id":"https:\/\/www.subaru.es\/blog\/#\/schema\/logo\/image\/"},"sameAs":["https:\/\/www.facebook.com\/subaruespana","https:\/\/www.instagram.com\/subarues\/","https:\/\/www.youtube.com\/user\/subaruespana"]},{"@type":"Person","@id":"https:\/\/www.subaru.es\/blog\/#\/schema\/person\/19a90b892230b8e0ec752704ddf4aa10","name":"Subaru","url":"https:\/\/www.subaru.es\/blog\/author\/subaria\/"}]}},"_links":{"self":[{"href":"https:\/\/www.subaru.es\/blog\/wp-json\/wp\/v2\/posts\/2124","targetHints":{"allow":["GET"]}}],"collection":[{"href":"https:\/\/www.subaru.es\/blog\/wp-json\/wp\/v2\/posts"}],"about":[{"href":"https:\/\/www.subaru.es\/blog\/wp-json\/wp\/v2\/types\/post"}],"author":[{"embeddable":true,"href":"https:\/\/www.subaru.es\/blog\/wp-json\/wp\/v2\/users\/21"}],"replies":[{"embeddable":true,"href":"https:\/\/www.subaru.es\/blog\/wp-json\/wp\/v2\/comments?post=2124"}],"version-history":[{"count":1,"href":"https:\/\/www.subaru.es\/blog\/wp-json\/wp\/v2\/posts\/2124\/revisions"}],"predecessor-version":[{"id":16211,"href":"https:\/\/www.subaru.es\/blog\/wp-json\/wp\/v2\/posts\/2124\/revisions\/16211"}],"wp:attachment":[{"href":"https:\/\/www.subaru.es\/blog\/wp-json\/wp\/v2\/media?parent=2124"}],"wp:term":[{"taxonomy":"category","embeddable":true,"href":"https:\/\/www.subaru.es\/blog\/wp-json\/wp\/v2\/categories?post=2124"},{"taxonomy":"post_tag","embeddable":true,"href":"https:\/\/www.subaru.es\/blog\/wp-json\/wp\/v2\/tags?post=2124"}],"curies":[{"name":"wp","href":"https:\/\/api.w.org\/{rel}","templated":true}]}}