{"id":21133,"date":"2019-07-23T14:55:29","date_gmt":"2019-07-23T12:55:29","guid":{"rendered":"https:\/\/www.subaru.es\/blog\/?p=21133"},"modified":"2023-05-29T16:50:53","modified_gmt":"2023-05-29T14:50:53","slug":"subaru-triatlon-cross-2019","status":"publish","type":"post","link":"https:\/\/www.subaru.es\/blog\/nuestra-marca\/subaru-triatlon-cross-2019\/","title":{"rendered":"El atleta Chema Mart\u00ednez y el ciclista Luis Pasamontes participar\u00e1n en el Subaru Triatl\u00f3n Cross"},"content":{"rendered":"\r\n<p>El <strong><a href=\"http:\/\/www.subarutriatloncross.com\">Subaru Triatl\u00f3n Cross<\/a><\/strong>, que vuelve a la madrile\u00f1a Casa de Campo el <strong>pr\u00f3ximo s\u00e1bado 7 de septiembre<\/strong>, contar\u00e1 con una gran novedad en su s\u00e9ptima edici\u00f3n: junto a las categor\u00edas ya existentes, Open, para los m\u00e1s populares y Pro, para los m\u00e1s avanzados, se crear\u00e1 una nueva categor\u00eda por relevos.<\/p>\r\n\r\n\r\n\r\n<p>Y para inaugurarla por todo lo alto, <strong>el atleta Chema Mart\u00ednez y el ciclista Luis Pasamontes<\/strong> <strong>no han querido perderse la oportunidad de capitanear sendos equipos de tres personas <\/strong>cada uno en el que cada triatleta realizar\u00e1 un sector de la competici\u00f3n y el tiempo del equipo ser\u00e1 la suma de los tiempos de los tres participantes. Dentro de la competici\u00f3n por relevos existir\u00e1 una opci\u00f3n masculina, otra femenina y una \u00faltima mixta.<\/p>\r\n\r\n\r\n\r\n<p>La prueba por relevos ser\u00e1 similar a la competici\u00f3n Pro y contar\u00e1 con 700 metros de nataci\u00f3n, 20 kil\u00f3metros de Mountain bike y un \u00faltimo segmento de 4,2 kil\u00f3metros de carrera a pie.<\/p>\r\n\r\n\r\n\r\n<figure class=\"wp-block-image\"><img decoding=\"async\" width=\"1440\" height=\"876\" class=\"wp-image-21138 lazyload\" data-src=\"https:\/\/www.subaru.es\/blog\/wp-content\/uploads\/2019\/07\/Subaru_Triatlon_Cross_2017_Agero_David_052-BAJA-1440x876.jpg\" alt=\"Subaru Triatlon Cross David\" data-srcset=\"https:\/\/www.subaru.es\/blog\/wp-content\/uploads\/2019\/07\/Subaru_Triatlon_Cross_2017_Agero_David_052-BAJA-1440x876.jpg 1440w, https:\/\/www.subaru.es\/blog\/wp-content\/uploads\/2019\/07\/Subaru_Triatlon_Cross_2017_Agero_David_052-BAJA-560x341.jpg 560w, https:\/\/www.subaru.es\/blog\/wp-content\/uploads\/2019\/07\/Subaru_Triatlon_Cross_2017_Agero_David_052-BAJA-768x467.jpg 768w, https:\/\/www.subaru.es\/blog\/wp-content\/uploads\/2019\/07\/Subaru_Triatlon_Cross_2017_Agero_David_052-BAJA-1536x935.jpg 1536w, https:\/\/www.subaru.es\/blog\/wp-content\/uploads\/2019\/07\/Subaru_Triatlon_Cross_2017_Agero_David_052-BAJA-2048x1246.jpg 2048w\" data-sizes=\"(max-width: 1440px) 100vw, 1440px\" src=\"data:image\/svg+xml;base64,PHN2ZyB3aWR0aD0iMSIgaGVpZ2h0PSIxIiB4bWxucz0iaHR0cDovL3d3dy53My5vcmcvMjAwMC9zdmciPjwvc3ZnPg==\" style=\"--smush-placeholder-width: 1440px; --smush-placeholder-aspect-ratio: 1440\/876;\" \/><\/figure>\r\n\r\n\r\n\r\n<p>Se trata de una prueba en la que los triatletas se enfrentar\u00e1n a un r\u00e1pido circuito de mountain bike y de carrera a pie utilizando las v\u00edas permitidas y compatibles con los objetivos generales de conservaci\u00f3n del Parque de la Casa de Campo. Unos recorridos perfectos para los triatletas m\u00e1s populares y menos experimentados con la MTB. La localizaci\u00f3n ofrece una ubicaci\u00f3n excelente para la pr\u00e1ctica del Triatl\u00f3n Cross, en pleno centro de Madrid y bien comunicado tanto para participantes como para p\u00fablico.<\/p>\r\n\r\n\r\n\r\n<p>La salida Open tendr\u00e1 lugar a las 16.30 horas y la Pro a las 17.30. Todos los inscritos contar\u00e1n de regalo con una camiseta oficial t\u00e9cnica y, si realizan su inscripci\u00f3n antes del 31 de julio, tambi\u00e9n recibir\u00e1n un bid\u00f3n ciclista.<\/p>\r\n\r\n\r\n\r\n<p>Las <strong>inscripciones<\/strong> podr\u00e1n realizarse<strong> hasta el 5 de septiembre a las 20 horas <\/strong>y pueden hacerse a trav\u00e9s de la web <a href=\"http:\/\/www.subarutriatloncross.com\" target=\"_blank\" rel=\"noreferrer noopener\" aria-label=\"Las inscripciones podr\u00e1n realizarse hasta el 5 de septiembre a las 20 horas y pueden hacerse a trav\u00e9s de la web www.subarutriatloncross.com\u00a0O directamente aqu\u00ed: inscripciones o inscripciones por relevos.\u00a0 (opens in a new tab)\">www.subarutriatloncross.com<\/a>\u00a0O directamente aqu\u00ed: <a href=\"https:\/\/www.lastlap.com\/inscripciones\/SubarutcCasadecampo.aspx\" target=\"_blank\" rel=\"noreferrer noopener\" aria-label=\"Las inscripciones podr\u00e1n realizarse hasta el 5 de septiembre a las 20 horas y pueden hacerse a trav\u00e9s de la web www.subarutriatloncross.com\u00a0O directamente aqu\u00ed: inscripciones o inscripciones por relevos.\u00a0 (opens in a new tab)\">inscripciones<\/a> o <a href=\"https:\/\/lastlap.com\/inscripciones\/SubarutcCasadecampoRelevos.aspx\" target=\"_blank\" rel=\"noreferrer noopener\" aria-label=\"Las inscripciones podr\u00e1n realizarse hasta el 5 de septiembre a las 20 horas y pueden hacerse a trav\u00e9s de la web www.subarutriatloncross.com\u00a0O directamente aqu\u00ed: inscripciones o inscripciones por relevos.\u00a0 (opens in a new tab)\">inscripciones por relevos<\/a>.\u00a0<\/p>\r\n\r\n\r\n\r\n<p>En <a href=\"https:\/\/www.subaru.es\" target=\"_blank\" rel=\"noreferrer noopener\" aria-label=\"En Subaru apostamos por el deporte y estamos siempre deseosos de ver a los Subaristas m\u00e1s OffRoader d\u00e1ndolo todo en cada competici\u00f3n. \u00a1En sus marcas, listos, ya! (opens in a new tab)\">Subaru<\/a> apostamos por el deporte y estamos siempre <strong>deseosos de ver a los Subaristas m\u00e1s OffRoader<\/strong> d\u00e1ndolo todo en cada competici\u00f3n. \u00a1En sus marcas, listos, ya!<\/p>\r\n","protected":false},"excerpt":{"rendered":"<p>El Subaru Triatl\u00f3n Cross, que vuelve a la madrile\u00f1a Casa de Campo el pr\u00f3ximo s\u00e1bado 7 de septiembre, contar\u00e1 con una gran novedad en su s\u00e9ptima edici\u00f3n: junto a las categor\u00edas ya existentes, Open, para los m\u00e1s populares y Pro, para los m\u00e1s avanzados, se crear\u00e1 una nueva categor\u00eda por relevos. Y para inaugurarla por [&hellip;]<\/p>\n","protected":false},"author":21,"featured_media":21139,"comment_status":"open","ping_status":"closed","sticky":false,"template":"","format":"standard","meta":{"_acf_changed":false,"_eb_attr":"","inline_featured_image":false,"footnotes":""},"categories":[4401],"tags":[4349,4390,64,4543,4346,1063,4367,4466],"class_list":["post-21133","post","type-post","status-publish","format-standard","has-post-thumbnail","hentry","category-nuestra-marca","tag-subarista","tag-subaru","tag-subaru-espana","tag-subaru-offroaders","tag-subaru-triatlon-cross","tag-triatlon","tag-triatlon-cross","tag-triatlon-cross-de-madrid"],"acf":[],"yoast_head":"<!-- This site is optimized with the Yoast SEO plugin v27.3 - https:\/\/yoast.com\/product\/yoast-seo-wordpress\/ -->\n<title>El atleta Chema Mart\u00ednez y el ciclista Luis Pasamontes participar\u00e1n en el Subaru Triatl\u00f3n Cross - Universo Subaru<\/title>\n<meta name=\"robots\" content=\"index, follow, max-snippet:-1, max-image-preview:large, max-video-preview:-1\" \/>\n<link rel=\"canonical\" href=\"https:\/\/www.subaru.es\/blog\/nuestra-marca\/subaru-triatlon-cross-2019\/\" \/>\n<meta property=\"og:locale\" content=\"es_ES\" \/>\n<meta property=\"og:type\" content=\"article\" \/>\n<meta property=\"og:title\" content=\"El atleta Chema Mart\u00ednez y el ciclista Luis Pasamontes participar\u00e1n en el Subaru Triatl\u00f3n Cross - Universo Subaru\" \/>\n<meta property=\"og:description\" content=\"El Subaru Triatl\u00f3n Cross, que vuelve a la madrile\u00f1a Casa de Campo el pr\u00f3ximo s\u00e1bado 7 de septiembre, contar\u00e1 con una gran novedad en su s\u00e9ptima edici\u00f3n: junto a las categor\u00edas ya existentes, Open, para los m\u00e1s populares y Pro, para los m\u00e1s avanzados, se crear\u00e1 una nueva categor\u00eda por relevos. Y para inaugurarla por [&hellip;]\" \/>\n<meta property=\"og:url\" content=\"https:\/\/www.subaru.es\/blog\/nuestra-marca\/subaru-triatlon-cross-2019\/\" \/>\n<meta property=\"og:site_name\" content=\"Universo Subaru\" \/>\n<meta property=\"article:publisher\" content=\"https:\/\/www.facebook.com\/subaruespana\" \/>\n<meta property=\"article:published_time\" content=\"2019-07-23T12:55:29+00:00\" \/>\n<meta property=\"article:modified_time\" content=\"2023-05-29T14:50:53+00:00\" \/>\n<meta property=\"og:image\" content=\"https:\/\/www.subaru.es\/blog\/wp-content\/uploads\/2019\/07\/Portada_Blog.jpg\" \/>\n\t<meta property=\"og:image:width\" content=\"1550\" \/>\n\t<meta property=\"og:image:height\" content=\"520\" \/>\n\t<meta property=\"og:image:type\" content=\"image\/jpeg\" \/>\n<meta name=\"author\" content=\"Subaru\" \/>\n<meta name=\"twitter:card\" content=\"summary_large_image\" \/>\n<meta name=\"twitter:label1\" content=\"Escrito por\" \/>\n\t<meta name=\"twitter:data1\" content=\"Subaru\" \/>\n\t<meta name=\"twitter:label2\" content=\"Tiempo de lectura\" \/>\n\t<meta name=\"twitter:data2\" content=\"2 minutos\" \/>\n<script type=\"application\/ld+json\" class=\"yoast-schema-graph\">{\"@context\":\"https:\\\/\\\/schema.org\",\"@graph\":[{\"@type\":\"Article\",\"@id\":\"https:\\\/\\\/www.subaru.es\\\/blog\\\/nuestra-marca\\\/subaru-triatlon-cross-2019\\\/#article\",\"isPartOf\":{\"@id\":\"https:\\\/\\\/www.subaru.es\\\/blog\\\/nuestra-marca\\\/subaru-triatlon-cross-2019\\\/\"},\"author\":{\"name\":\"Subaru\",\"@id\":\"https:\\\/\\\/www.subaru.es\\\/blog\\\/#\\\/schema\\\/person\\\/19a90b892230b8e0ec752704ddf4aa10\"},\"headline\":\"El atleta Chema Mart\u00ednez y el ciclista Luis Pasamontes participar\u00e1n en el Subaru Triatl\u00f3n Cross\",\"datePublished\":\"2019-07-23T12:55:29+00:00\",\"dateModified\":\"2023-05-29T14:50:53+00:00\",\"mainEntityOfPage\":{\"@id\":\"https:\\\/\\\/www.subaru.es\\\/blog\\\/nuestra-marca\\\/subaru-triatlon-cross-2019\\\/\"},\"wordCount\":388,\"commentCount\":0,\"publisher\":{\"@id\":\"https:\\\/\\\/www.subaru.es\\\/blog\\\/#organization\"},\"image\":{\"@id\":\"https:\\\/\\\/www.subaru.es\\\/blog\\\/nuestra-marca\\\/subaru-triatlon-cross-2019\\\/#primaryimage\"},\"thumbnailUrl\":\"https:\\\/\\\/www.subaru.es\\\/blog\\\/wp-content\\\/uploads\\\/2019\\\/07\\\/Portada_Blog.jpg\",\"keywords\":[\"subarista\",\"Subaru\",\"subaru espa\u00f1a\",\"Subaru OffRoaders\",\"Subaru Triatlon Cross\",\"triatlon\",\"triatl\u00f3n cross\",\"triatl\u00f3n cross de Madrid\"],\"articleSection\":[\"Nuestra marca\"],\"inLanguage\":\"es\",\"potentialAction\":[{\"@type\":\"CommentAction\",\"name\":\"Comment\",\"target\":[\"https:\\\/\\\/www.subaru.es\\\/blog\\\/nuestra-marca\\\/subaru-triatlon-cross-2019\\\/#respond\"]}]},{\"@type\":\"WebPage\",\"@id\":\"https:\\\/\\\/www.subaru.es\\\/blog\\\/nuestra-marca\\\/subaru-triatlon-cross-2019\\\/\",\"url\":\"https:\\\/\\\/www.subaru.es\\\/blog\\\/nuestra-marca\\\/subaru-triatlon-cross-2019\\\/\",\"name\":\"El atleta Chema Mart\u00ednez y el ciclista Luis Pasamontes participar\u00e1n en el Subaru Triatl\u00f3n Cross - Universo Subaru\",\"isPartOf\":{\"@id\":\"https:\\\/\\\/www.subaru.es\\\/blog\\\/#website\"},\"primaryImageOfPage\":{\"@id\":\"https:\\\/\\\/www.subaru.es\\\/blog\\\/nuestra-marca\\\/subaru-triatlon-cross-2019\\\/#primaryimage\"},\"image\":{\"@id\":\"https:\\\/\\\/www.subaru.es\\\/blog\\\/nuestra-marca\\\/subaru-triatlon-cross-2019\\\/#primaryimage\"},\"thumbnailUrl\":\"https:\\\/\\\/www.subaru.es\\\/blog\\\/wp-content\\\/uploads\\\/2019\\\/07\\\/Portada_Blog.jpg\",\"datePublished\":\"2019-07-23T12:55:29+00:00\",\"dateModified\":\"2023-05-29T14:50:53+00:00\",\"breadcrumb\":{\"@id\":\"https:\\\/\\\/www.subaru.es\\\/blog\\\/nuestra-marca\\\/subaru-triatlon-cross-2019\\\/#breadcrumb\"},\"inLanguage\":\"es\",\"potentialAction\":[{\"@type\":\"ReadAction\",\"target\":[\"https:\\\/\\\/www.subaru.es\\\/blog\\\/nuestra-marca\\\/subaru-triatlon-cross-2019\\\/\"]}]},{\"@type\":\"ImageObject\",\"inLanguage\":\"es\",\"@id\":\"https:\\\/\\\/www.subaru.es\\\/blog\\\/nuestra-marca\\\/subaru-triatlon-cross-2019\\\/#primaryimage\",\"url\":\"https:\\\/\\\/www.subaru.es\\\/blog\\\/wp-content\\\/uploads\\\/2019\\\/07\\\/Portada_Blog.jpg\",\"contentUrl\":\"https:\\\/\\\/www.subaru.es\\\/blog\\\/wp-content\\\/uploads\\\/2019\\\/07\\\/Portada_Blog.jpg\",\"width\":1550,\"height\":520,\"caption\":\"Subaru Triatlon Cross\"},{\"@type\":\"BreadcrumbList\",\"@id\":\"https:\\\/\\\/www.subaru.es\\\/blog\\\/nuestra-marca\\\/subaru-triatlon-cross-2019\\\/#breadcrumb\",\"itemListElement\":[{\"@type\":\"ListItem\",\"position\":1,\"name\":\"Portada\",\"item\":\"https:\\\/\\\/www.subaru.es\\\/blog\\\/\"},{\"@type\":\"ListItem\",\"position\":2,\"name\":\"El atleta Chema Mart\u00ednez y el ciclista Luis Pasamontes participar\u00e1n en el Subaru Triatl\u00f3n Cross\"}]},{\"@type\":\"WebSite\",\"@id\":\"https:\\\/\\\/www.subaru.es\\\/blog\\\/#website\",\"url\":\"https:\\\/\\\/www.subaru.es\\\/blog\\\/\",\"name\":\"Universo Subaru\",\"description\":\"Descubre este apasionante espacio de Subaru donde vas a conocer todo sobre nuestros coches y las experiencias que vivimos con ellos. Si est\u00e1s preparado para dejarte seducir por la filosof\u00eda Subaru, qu\u00e9date con nosotros.\",\"publisher\":{\"@id\":\"https:\\\/\\\/www.subaru.es\\\/blog\\\/#organization\"},\"potentialAction\":[{\"@type\":\"SearchAction\",\"target\":{\"@type\":\"EntryPoint\",\"urlTemplate\":\"https:\\\/\\\/www.subaru.es\\\/blog\\\/?s={search_term_string}\"},\"query-input\":{\"@type\":\"PropertyValueSpecification\",\"valueRequired\":true,\"valueName\":\"search_term_string\"}}],\"inLanguage\":\"es\"},{\"@type\":\"Organization\",\"@id\":\"https:\\\/\\\/www.subaru.es\\\/blog\\\/#organization\",\"name\":\"Subaru Espa\u00f1a S.A.\",\"url\":\"https:\\\/\\\/www.subaru.es\\\/blog\\\/\",\"logo\":{\"@type\":\"ImageObject\",\"inLanguage\":\"es\",\"@id\":\"https:\\\/\\\/www.subaru.es\\\/blog\\\/#\\\/schema\\\/logo\\\/image\\\/\",\"url\":\"https:\\\/\\\/www.subaru.es\\\/blog\\\/wp-content\\\/uploads\\\/2016\\\/12\\\/Logo-Subaru-TypeV_C300-scaled.jpg\",\"contentUrl\":\"https:\\\/\\\/www.subaru.es\\\/blog\\\/wp-content\\\/uploads\\\/2016\\\/12\\\/Logo-Subaru-TypeV_C300-scaled.jpg\",\"width\":2560,\"height\":1864,\"caption\":\"Subaru Espa\u00f1a S.A.\"},\"image\":{\"@id\":\"https:\\\/\\\/www.subaru.es\\\/blog\\\/#\\\/schema\\\/logo\\\/image\\\/\"},\"sameAs\":[\"https:\\\/\\\/www.facebook.com\\\/subaruespana\",\"https:\\\/\\\/www.instagram.com\\\/subarues\\\/\",\"https:\\\/\\\/www.youtube.com\\\/user\\\/subaruespana\"]},{\"@type\":\"Person\",\"@id\":\"https:\\\/\\\/www.subaru.es\\\/blog\\\/#\\\/schema\\\/person\\\/19a90b892230b8e0ec752704ddf4aa10\",\"name\":\"Subaru\",\"url\":\"https:\\\/\\\/www.subaru.es\\\/blog\\\/author\\\/subaria\\\/\"}]}<\/script>\n<!-- \/ Yoast SEO plugin. -->","yoast_head_json":{"title":"El atleta Chema Mart\u00ednez y el ciclista Luis Pasamontes participar\u00e1n en el Subaru Triatl\u00f3n Cross - Universo Subaru","robots":{"index":"index","follow":"follow","max-snippet":"max-snippet:-1","max-image-preview":"max-image-preview:large","max-video-preview":"max-video-preview:-1"},"canonical":"https:\/\/www.subaru.es\/blog\/nuestra-marca\/subaru-triatlon-cross-2019\/","og_locale":"es_ES","og_type":"article","og_title":"El atleta Chema Mart\u00ednez y el ciclista Luis Pasamontes participar\u00e1n en el Subaru Triatl\u00f3n Cross - Universo Subaru","og_description":"El Subaru Triatl\u00f3n Cross, que vuelve a la madrile\u00f1a Casa de Campo el pr\u00f3ximo s\u00e1bado 7 de septiembre, contar\u00e1 con una gran novedad en su s\u00e9ptima edici\u00f3n: junto a las categor\u00edas ya existentes, Open, para los m\u00e1s populares y Pro, para los m\u00e1s avanzados, se crear\u00e1 una nueva categor\u00eda por relevos. Y para inaugurarla por [&hellip;]","og_url":"https:\/\/www.subaru.es\/blog\/nuestra-marca\/subaru-triatlon-cross-2019\/","og_site_name":"Universo Subaru","article_publisher":"https:\/\/www.facebook.com\/subaruespana","article_published_time":"2019-07-23T12:55:29+00:00","article_modified_time":"2023-05-29T14:50:53+00:00","og_image":[{"width":1550,"height":520,"url":"https:\/\/www.subaru.es\/blog\/wp-content\/uploads\/2019\/07\/Portada_Blog.jpg","type":"image\/jpeg"}],"author":"Subaru","twitter_card":"summary_large_image","twitter_misc":{"Escrito por":"Subaru","Tiempo de lectura":"2 minutos"},"schema":{"@context":"https:\/\/schema.org","@graph":[{"@type":"Article","@id":"https:\/\/www.subaru.es\/blog\/nuestra-marca\/subaru-triatlon-cross-2019\/#article","isPartOf":{"@id":"https:\/\/www.subaru.es\/blog\/nuestra-marca\/subaru-triatlon-cross-2019\/"},"author":{"name":"Subaru","@id":"https:\/\/www.subaru.es\/blog\/#\/schema\/person\/19a90b892230b8e0ec752704ddf4aa10"},"headline":"El atleta Chema Mart\u00ednez y el ciclista Luis Pasamontes participar\u00e1n en el Subaru Triatl\u00f3n Cross","datePublished":"2019-07-23T12:55:29+00:00","dateModified":"2023-05-29T14:50:53+00:00","mainEntityOfPage":{"@id":"https:\/\/www.subaru.es\/blog\/nuestra-marca\/subaru-triatlon-cross-2019\/"},"wordCount":388,"commentCount":0,"publisher":{"@id":"https:\/\/www.subaru.es\/blog\/#organization"},"image":{"@id":"https:\/\/www.subaru.es\/blog\/nuestra-marca\/subaru-triatlon-cross-2019\/#primaryimage"},"thumbnailUrl":"https:\/\/www.subaru.es\/blog\/wp-content\/uploads\/2019\/07\/Portada_Blog.jpg","keywords":["subarista","Subaru","subaru espa\u00f1a","Subaru OffRoaders","Subaru Triatlon Cross","triatlon","triatl\u00f3n cross","triatl\u00f3n cross de Madrid"],"articleSection":["Nuestra marca"],"inLanguage":"es","potentialAction":[{"@type":"CommentAction","name":"Comment","target":["https:\/\/www.subaru.es\/blog\/nuestra-marca\/subaru-triatlon-cross-2019\/#respond"]}]},{"@type":"WebPage","@id":"https:\/\/www.subaru.es\/blog\/nuestra-marca\/subaru-triatlon-cross-2019\/","url":"https:\/\/www.subaru.es\/blog\/nuestra-marca\/subaru-triatlon-cross-2019\/","name":"El atleta Chema Mart\u00ednez y el ciclista Luis Pasamontes participar\u00e1n en el Subaru Triatl\u00f3n Cross - Universo Subaru","isPartOf":{"@id":"https:\/\/www.subaru.es\/blog\/#website"},"primaryImageOfPage":{"@id":"https:\/\/www.subaru.es\/blog\/nuestra-marca\/subaru-triatlon-cross-2019\/#primaryimage"},"image":{"@id":"https:\/\/www.subaru.es\/blog\/nuestra-marca\/subaru-triatlon-cross-2019\/#primaryimage"},"thumbnailUrl":"https:\/\/www.subaru.es\/blog\/wp-content\/uploads\/2019\/07\/Portada_Blog.jpg","datePublished":"2019-07-23T12:55:29+00:00","dateModified":"2023-05-29T14:50:53+00:00","breadcrumb":{"@id":"https:\/\/www.subaru.es\/blog\/nuestra-marca\/subaru-triatlon-cross-2019\/#breadcrumb"},"inLanguage":"es","potentialAction":[{"@type":"ReadAction","target":["https:\/\/www.subaru.es\/blog\/nuestra-marca\/subaru-triatlon-cross-2019\/"]}]},{"@type":"ImageObject","inLanguage":"es","@id":"https:\/\/www.subaru.es\/blog\/nuestra-marca\/subaru-triatlon-cross-2019\/#primaryimage","url":"https:\/\/www.subaru.es\/blog\/wp-content\/uploads\/2019\/07\/Portada_Blog.jpg","contentUrl":"https:\/\/www.subaru.es\/blog\/wp-content\/uploads\/2019\/07\/Portada_Blog.jpg","width":1550,"height":520,"caption":"Subaru Triatlon Cross"},{"@type":"BreadcrumbList","@id":"https:\/\/www.subaru.es\/blog\/nuestra-marca\/subaru-triatlon-cross-2019\/#breadcrumb","itemListElement":[{"@type":"ListItem","position":1,"name":"Portada","item":"https:\/\/www.subaru.es\/blog\/"},{"@type":"ListItem","position":2,"name":"El atleta Chema Mart\u00ednez y el ciclista Luis Pasamontes participar\u00e1n en el Subaru Triatl\u00f3n Cross"}]},{"@type":"WebSite","@id":"https:\/\/www.subaru.es\/blog\/#website","url":"https:\/\/www.subaru.es\/blog\/","name":"Universo Subaru","description":"Descubre este apasionante espacio de Subaru donde vas a conocer todo sobre nuestros coches y las experiencias que vivimos con ellos. Si est\u00e1s preparado para dejarte seducir por la filosof\u00eda Subaru, qu\u00e9date con nosotros.","publisher":{"@id":"https:\/\/www.subaru.es\/blog\/#organization"},"potentialAction":[{"@type":"SearchAction","target":{"@type":"EntryPoint","urlTemplate":"https:\/\/www.subaru.es\/blog\/?s={search_term_string}"},"query-input":{"@type":"PropertyValueSpecification","valueRequired":true,"valueName":"search_term_string"}}],"inLanguage":"es"},{"@type":"Organization","@id":"https:\/\/www.subaru.es\/blog\/#organization","name":"Subaru Espa\u00f1a S.A.","url":"https:\/\/www.subaru.es\/blog\/","logo":{"@type":"ImageObject","inLanguage":"es","@id":"https:\/\/www.subaru.es\/blog\/#\/schema\/logo\/image\/","url":"https:\/\/www.subaru.es\/blog\/wp-content\/uploads\/2016\/12\/Logo-Subaru-TypeV_C300-scaled.jpg","contentUrl":"https:\/\/www.subaru.es\/blog\/wp-content\/uploads\/2016\/12\/Logo-Subaru-TypeV_C300-scaled.jpg","width":2560,"height":1864,"caption":"Subaru Espa\u00f1a S.A."},"image":{"@id":"https:\/\/www.subaru.es\/blog\/#\/schema\/logo\/image\/"},"sameAs":["https:\/\/www.facebook.com\/subaruespana","https:\/\/www.instagram.com\/subarues\/","https:\/\/www.youtube.com\/user\/subaruespana"]},{"@type":"Person","@id":"https:\/\/www.subaru.es\/blog\/#\/schema\/person\/19a90b892230b8e0ec752704ddf4aa10","name":"Subaru","url":"https:\/\/www.subaru.es\/blog\/author\/subaria\/"}]}},"_links":{"self":[{"href":"https:\/\/www.subaru.es\/blog\/wp-json\/wp\/v2\/posts\/21133","targetHints":{"allow":["GET"]}}],"collection":[{"href":"https:\/\/www.subaru.es\/blog\/wp-json\/wp\/v2\/posts"}],"about":[{"href":"https:\/\/www.subaru.es\/blog\/wp-json\/wp\/v2\/types\/post"}],"author":[{"embeddable":true,"href":"https:\/\/www.subaru.es\/blog\/wp-json\/wp\/v2\/users\/21"}],"replies":[{"embeddable":true,"href":"https:\/\/www.subaru.es\/blog\/wp-json\/wp\/v2\/comments?post=21133"}],"version-history":[{"count":6,"href":"https:\/\/www.subaru.es\/blog\/wp-json\/wp\/v2\/posts\/21133\/revisions"}],"predecessor-version":[{"id":24575,"href":"https:\/\/www.subaru.es\/blog\/wp-json\/wp\/v2\/posts\/21133\/revisions\/24575"}],"wp:featuredmedia":[{"embeddable":true,"href":"https:\/\/www.subaru.es\/blog\/wp-json\/wp\/v2\/media\/21139"}],"wp:attachment":[{"href":"https:\/\/www.subaru.es\/blog\/wp-json\/wp\/v2\/media?parent=21133"}],"wp:term":[{"taxonomy":"category","embeddable":true,"href":"https:\/\/www.subaru.es\/blog\/wp-json\/wp\/v2\/categories?post=21133"},{"taxonomy":"post_tag","embeddable":true,"href":"https:\/\/www.subaru.es\/blog\/wp-json\/wp\/v2\/tags?post=21133"}],"curies":[{"name":"wp","href":"https:\/\/api.w.org\/{rel}","templated":true}]}}