{"id":21076,"date":"2019-06-25T16:47:53","date_gmt":"2019-06-25T14:47:53","guid":{"rendered":"https:\/\/www.subaru.es\/blog\/?p=21076"},"modified":"2019-06-25T16:47:59","modified_gmt":"2019-06-25T14:47:59","slug":"sexta-victoria-wrx-sti-24-horas-nurburgring","status":"publish","type":"post","link":"https:\/\/www.subaru.es\/blog\/nuestra-marca\/sexta-victoria-wrx-sti-24-horas-nurburgring\/","title":{"rendered":"SEXTA VICTORIA DEL WRX STI EN LAS 24 HORAS DE N\u00dcRBURGRING"},"content":{"rendered":"\n<p>El WRX STI NBR Challenge 2019 con el que Subaru Tecnica International (STI) ha participado en la 47\u00aa edici\u00f3n de las 24horas de N\u00fcrburgring ha conseguido este fin de semana su sexta victoria en lacategor\u00eda SPT3, destinada a veh\u00edculos turbo de menos de 2 litros de cilindrada.<\/p>\n\n\n\n<figure class=\"wp-block-image\"><img decoding=\"async\" width=\"1080\" height=\"1079\" data-src=\"https:\/\/www.subaru.es\/blog\/wp-content\/uploads\/2019\/06\/WRX-STI-Victoria-24h-Nurburgring-2019-2.jpg\" alt=\"WRX STI Victoria 24h Nurburgring 2019\" class=\"wp-image-21078 lazyload\" data-srcset=\"https:\/\/www.subaru.es\/blog\/wp-content\/uploads\/2019\/06\/WRX-STI-Victoria-24h-Nurburgring-2019-2.jpg 1080w, https:\/\/www.subaru.es\/blog\/wp-content\/uploads\/2019\/06\/WRX-STI-Victoria-24h-Nurburgring-2019-2-560x559.jpg 560w, https:\/\/www.subaru.es\/blog\/wp-content\/uploads\/2019\/06\/WRX-STI-Victoria-24h-Nurburgring-2019-2-200x200.jpg 200w, https:\/\/www.subaru.es\/blog\/wp-content\/uploads\/2019\/06\/WRX-STI-Victoria-24h-Nurburgring-2019-2-768x767.jpg 768w\" data-sizes=\"(max-width: 1080px) 100vw, 1080px\" src=\"data:image\/svg+xml;base64,PHN2ZyB3aWR0aD0iMSIgaGVpZ2h0PSIxIiB4bWxucz0iaHR0cDovL3d3dy53My5vcmcvMjAwMC9zdmciPjwvc3ZnPg==\" style=\"--smush-placeholder-width: 1080px; --smush-placeholder-aspect-ratio: 1080\/1079;\" \/><\/figure>\n\n\n\n<p>Tras este triunfo, el equipo puede presumir\nde haber ganado en el 50% de sus doce participaciones (2011, 2012, 2015, 2016,\n2018 y 2019), completando este espectacular palmar\u00e9s en el Infierno Verde con un\nsegundo puesto en 2013.<\/p>\n\n\n\n<p>El dominio de Carlo van Dam (Holanda), Tim Schrick (Alemania),\nHideki Yamauchi (Jap\u00f3n) y Takuto Iguchi (Jap\u00f3n) en la categor\u00eda SPT3 ha sido\ntotal, partiendo de la pole position de su categor\u00eda, liderando la carrera de\nprincipio a fin y marcando la vuelta r\u00e1pida con un tiempo de 9 minutos y 3.998\nsegundos.<\/p>\n\n\n\n<figure class=\"wp-block-image\"><img decoding=\"async\" width=\"940\" height=\"627\" data-src=\"https:\/\/www.subaru.es\/blog\/wp-content\/uploads\/2019\/06\/WRX-STI-Victoria-24h-Nurburgring-2019-3-1.jpg\" alt=\"\" class=\"wp-image-21084 lazyload\" data-srcset=\"https:\/\/www.subaru.es\/blog\/wp-content\/uploads\/2019\/06\/WRX-STI-Victoria-24h-Nurburgring-2019-3-1.jpg 940w, https:\/\/www.subaru.es\/blog\/wp-content\/uploads\/2019\/06\/WRX-STI-Victoria-24h-Nurburgring-2019-3-1-560x374.jpg 560w, https:\/\/www.subaru.es\/blog\/wp-content\/uploads\/2019\/06\/WRX-STI-Victoria-24h-Nurburgring-2019-3-1-768x512.jpg 768w\" data-sizes=\"(max-width: 940px) 100vw, 940px\" src=\"data:image\/svg+xml;base64,PHN2ZyB3aWR0aD0iMSIgaGVpZ2h0PSIxIiB4bWxucz0iaHR0cDovL3d3dy53My5vcmcvMjAwMC9zdmciPjwvc3ZnPg==\" style=\"--smush-placeholder-width: 940px; --smush-placeholder-aspect-ratio: 940\/627;\" \/><\/figure>\n\n\n\n<p>Tras las 24 horas de competici\u00f3n, el WRX STI\ntermin\u00f3 en una meritoria 19\u00aa posici\u00f3n general, cubriendo 145 vueltas al trazado\nde N\u00fcrburgring, cinco m\u00e1s que su inmediato perseguidor en la categor\u00eda SPT3. El WRX STI NBR Challenge 2019 recorri\u00f3 los m\u00e1s de 3.600 km\ncubiertos en estas 24 horas a una velocidad media de 152,9 km\/h.<\/p>\n\n\n\n<p>Esta victoria supone una demostraci\u00f3n de lo\nque puede aportar la legendaria tracci\u00f3n integral sim\u00e9trica de\nSubaru y los motores boxer aplicados a un coche de carreras construido sobre la\nbase de un coche&nbsp; de calle en uno de los\ncircuitos m\u00e1s desafiantes del mundo como es N\u00fcrburgring. Subaru\ny STI han anunciado que seguir\u00e1n buscando la excelencia en ingenier\u00eda a trav\u00e9s\nde la participaci\u00f3n en diferentes competiciones de motorsport, a la vez que mejoran sus tecnolog\u00edas diferenciales para ofrecer\nlos coches de calle m\u00e1s seguros, divertidos de conducir y fiables.<\/p>\n","protected":false},"excerpt":{"rendered":"<p>El WRX STI NBR Challenge 2019 con el que Subaru Tecnica International (STI) ha participado en la 47\u00aa edici\u00f3n de las 24horas de N\u00fcrburgring ha conseguido este fin de semana su sexta victoria en lacategor\u00eda SPT3, destinada a veh\u00edculos turbo de menos de 2 litros de cilindrada. Tras este triunfo, el equipo puede presumir de [&hellip;]<\/p>\n","protected":false},"author":21,"featured_media":21085,"comment_status":"open","ping_status":"closed","sticky":false,"template":"","format":"standard","meta":{"_acf_changed":false,"_eb_attr":"","inline_featured_image":false,"footnotes":""},"categories":[4401],"tags":[],"class_list":["post-21076","post","type-post","status-publish","format-standard","has-post-thumbnail","hentry","category-nuestra-marca"],"acf":[],"yoast_head":"<!-- This site is optimized with the Yoast SEO plugin v27.3 - https:\/\/yoast.com\/product\/yoast-seo-wordpress\/ -->\n<title>SEXTA VICTORIA DEL WRX STI EN LAS 24 HORAS DE N\u00dcRBURGRING - Universo Subaru<\/title>\n<meta name=\"robots\" content=\"index, follow, max-snippet:-1, max-image-preview:large, max-video-preview:-1\" \/>\n<link rel=\"canonical\" href=\"https:\/\/www.subaru.es\/blog\/nuestra-marca\/sexta-victoria-wrx-sti-24-horas-nurburgring\/\" \/>\n<meta property=\"og:locale\" content=\"es_ES\" \/>\n<meta property=\"og:type\" content=\"article\" \/>\n<meta property=\"og:title\" content=\"SEXTA VICTORIA DEL WRX STI EN LAS 24 HORAS DE N\u00dcRBURGRING - Universo Subaru\" \/>\n<meta property=\"og:description\" content=\"El WRX STI NBR Challenge 2019 con el que Subaru Tecnica International (STI) ha participado en la 47\u00aa edici\u00f3n de las 24horas de N\u00fcrburgring ha conseguido este fin de semana su sexta victoria en lacategor\u00eda SPT3, destinada a veh\u00edculos turbo de menos de 2 litros de cilindrada. Tras este triunfo, el equipo puede presumir de [&hellip;]\" \/>\n<meta property=\"og:url\" content=\"https:\/\/www.subaru.es\/blog\/nuestra-marca\/sexta-victoria-wrx-sti-24-horas-nurburgring\/\" \/>\n<meta property=\"og:site_name\" content=\"Universo Subaru\" \/>\n<meta property=\"article:publisher\" content=\"https:\/\/www.facebook.com\/subaruespana\" \/>\n<meta property=\"article:published_time\" content=\"2019-06-25T14:47:53+00:00\" \/>\n<meta property=\"article:modified_time\" content=\"2019-06-25T14:47:59+00:00\" \/>\n<meta property=\"og:image\" content=\"https:\/\/www.subaru.es\/blog\/wp-content\/uploads\/2019\/06\/cabecera.png\" \/>\n\t<meta property=\"og:image:width\" content=\"1163\" \/>\n\t<meta property=\"og:image:height\" content=\"389\" \/>\n\t<meta property=\"og:image:type\" content=\"image\/png\" \/>\n<meta name=\"author\" content=\"Subaru\" \/>\n<meta name=\"twitter:card\" content=\"summary_large_image\" \/>\n<meta name=\"twitter:label1\" content=\"Escrito por\" \/>\n\t<meta name=\"twitter:data1\" content=\"Subaru\" \/>\n\t<meta name=\"twitter:label2\" content=\"Tiempo de lectura\" \/>\n\t<meta name=\"twitter:data2\" content=\"1 minuto\" \/>\n<script type=\"application\/ld+json\" class=\"yoast-schema-graph\">{\"@context\":\"https:\\\/\\\/schema.org\",\"@graph\":[{\"@type\":\"Article\",\"@id\":\"https:\\\/\\\/www.subaru.es\\\/blog\\\/nuestra-marca\\\/sexta-victoria-wrx-sti-24-horas-nurburgring\\\/#article\",\"isPartOf\":{\"@id\":\"https:\\\/\\\/www.subaru.es\\\/blog\\\/nuestra-marca\\\/sexta-victoria-wrx-sti-24-horas-nurburgring\\\/\"},\"author\":{\"name\":\"Subaru\",\"@id\":\"https:\\\/\\\/www.subaru.es\\\/blog\\\/#\\\/schema\\\/person\\\/19a90b892230b8e0ec752704ddf4aa10\"},\"headline\":\"SEXTA VICTORIA DEL WRX STI EN LAS 24 HORAS DE N\u00dcRBURGRING\",\"datePublished\":\"2019-06-25T14:47:53+00:00\",\"dateModified\":\"2019-06-25T14:47:59+00:00\",\"mainEntityOfPage\":{\"@id\":\"https:\\\/\\\/www.subaru.es\\\/blog\\\/nuestra-marca\\\/sexta-victoria-wrx-sti-24-horas-nurburgring\\\/\"},\"wordCount\":306,\"commentCount\":0,\"publisher\":{\"@id\":\"https:\\\/\\\/www.subaru.es\\\/blog\\\/#organization\"},\"image\":{\"@id\":\"https:\\\/\\\/www.subaru.es\\\/blog\\\/nuestra-marca\\\/sexta-victoria-wrx-sti-24-horas-nurburgring\\\/#primaryimage\"},\"thumbnailUrl\":\"https:\\\/\\\/www.subaru.es\\\/blog\\\/wp-content\\\/uploads\\\/2019\\\/06\\\/cabecera.png\",\"articleSection\":[\"Nuestra marca\"],\"inLanguage\":\"es\",\"potentialAction\":[{\"@type\":\"CommentAction\",\"name\":\"Comment\",\"target\":[\"https:\\\/\\\/www.subaru.es\\\/blog\\\/nuestra-marca\\\/sexta-victoria-wrx-sti-24-horas-nurburgring\\\/#respond\"]}]},{\"@type\":\"WebPage\",\"@id\":\"https:\\\/\\\/www.subaru.es\\\/blog\\\/nuestra-marca\\\/sexta-victoria-wrx-sti-24-horas-nurburgring\\\/\",\"url\":\"https:\\\/\\\/www.subaru.es\\\/blog\\\/nuestra-marca\\\/sexta-victoria-wrx-sti-24-horas-nurburgring\\\/\",\"name\":\"SEXTA VICTORIA DEL WRX STI EN LAS 24 HORAS DE N\u00dcRBURGRING - Universo Subaru\",\"isPartOf\":{\"@id\":\"https:\\\/\\\/www.subaru.es\\\/blog\\\/#website\"},\"primaryImageOfPage\":{\"@id\":\"https:\\\/\\\/www.subaru.es\\\/blog\\\/nuestra-marca\\\/sexta-victoria-wrx-sti-24-horas-nurburgring\\\/#primaryimage\"},\"image\":{\"@id\":\"https:\\\/\\\/www.subaru.es\\\/blog\\\/nuestra-marca\\\/sexta-victoria-wrx-sti-24-horas-nurburgring\\\/#primaryimage\"},\"thumbnailUrl\":\"https:\\\/\\\/www.subaru.es\\\/blog\\\/wp-content\\\/uploads\\\/2019\\\/06\\\/cabecera.png\",\"datePublished\":\"2019-06-25T14:47:53+00:00\",\"dateModified\":\"2019-06-25T14:47:59+00:00\",\"breadcrumb\":{\"@id\":\"https:\\\/\\\/www.subaru.es\\\/blog\\\/nuestra-marca\\\/sexta-victoria-wrx-sti-24-horas-nurburgring\\\/#breadcrumb\"},\"inLanguage\":\"es\",\"potentialAction\":[{\"@type\":\"ReadAction\",\"target\":[\"https:\\\/\\\/www.subaru.es\\\/blog\\\/nuestra-marca\\\/sexta-victoria-wrx-sti-24-horas-nurburgring\\\/\"]}]},{\"@type\":\"ImageObject\",\"inLanguage\":\"es\",\"@id\":\"https:\\\/\\\/www.subaru.es\\\/blog\\\/nuestra-marca\\\/sexta-victoria-wrx-sti-24-horas-nurburgring\\\/#primaryimage\",\"url\":\"https:\\\/\\\/www.subaru.es\\\/blog\\\/wp-content\\\/uploads\\\/2019\\\/06\\\/cabecera.png\",\"contentUrl\":\"https:\\\/\\\/www.subaru.es\\\/blog\\\/wp-content\\\/uploads\\\/2019\\\/06\\\/cabecera.png\",\"width\":1163,\"height\":389},{\"@type\":\"BreadcrumbList\",\"@id\":\"https:\\\/\\\/www.subaru.es\\\/blog\\\/nuestra-marca\\\/sexta-victoria-wrx-sti-24-horas-nurburgring\\\/#breadcrumb\",\"itemListElement\":[{\"@type\":\"ListItem\",\"position\":1,\"name\":\"Portada\",\"item\":\"https:\\\/\\\/www.subaru.es\\\/blog\\\/\"},{\"@type\":\"ListItem\",\"position\":2,\"name\":\"SEXTA VICTORIA DEL WRX STI EN LAS 24 HORAS DE N\u00dcRBURGRING\"}]},{\"@type\":\"WebSite\",\"@id\":\"https:\\\/\\\/www.subaru.es\\\/blog\\\/#website\",\"url\":\"https:\\\/\\\/www.subaru.es\\\/blog\\\/\",\"name\":\"Universo Subaru\",\"description\":\"Descubre este apasionante espacio de Subaru donde vas a conocer todo sobre nuestros coches y las experiencias que vivimos con ellos. Si est\u00e1s preparado para dejarte seducir por la filosof\u00eda Subaru, qu\u00e9date con nosotros.\",\"publisher\":{\"@id\":\"https:\\\/\\\/www.subaru.es\\\/blog\\\/#organization\"},\"potentialAction\":[{\"@type\":\"SearchAction\",\"target\":{\"@type\":\"EntryPoint\",\"urlTemplate\":\"https:\\\/\\\/www.subaru.es\\\/blog\\\/?s={search_term_string}\"},\"query-input\":{\"@type\":\"PropertyValueSpecification\",\"valueRequired\":true,\"valueName\":\"search_term_string\"}}],\"inLanguage\":\"es\"},{\"@type\":\"Organization\",\"@id\":\"https:\\\/\\\/www.subaru.es\\\/blog\\\/#organization\",\"name\":\"Subaru Espa\u00f1a S.A.\",\"url\":\"https:\\\/\\\/www.subaru.es\\\/blog\\\/\",\"logo\":{\"@type\":\"ImageObject\",\"inLanguage\":\"es\",\"@id\":\"https:\\\/\\\/www.subaru.es\\\/blog\\\/#\\\/schema\\\/logo\\\/image\\\/\",\"url\":\"https:\\\/\\\/www.subaru.es\\\/blog\\\/wp-content\\\/uploads\\\/2016\\\/12\\\/Logo-Subaru-TypeV_C300-scaled.jpg\",\"contentUrl\":\"https:\\\/\\\/www.subaru.es\\\/blog\\\/wp-content\\\/uploads\\\/2016\\\/12\\\/Logo-Subaru-TypeV_C300-scaled.jpg\",\"width\":2560,\"height\":1864,\"caption\":\"Subaru Espa\u00f1a S.A.\"},\"image\":{\"@id\":\"https:\\\/\\\/www.subaru.es\\\/blog\\\/#\\\/schema\\\/logo\\\/image\\\/\"},\"sameAs\":[\"https:\\\/\\\/www.facebook.com\\\/subaruespana\",\"https:\\\/\\\/www.instagram.com\\\/subarues\\\/\",\"https:\\\/\\\/www.youtube.com\\\/user\\\/subaruespana\"]},{\"@type\":\"Person\",\"@id\":\"https:\\\/\\\/www.subaru.es\\\/blog\\\/#\\\/schema\\\/person\\\/19a90b892230b8e0ec752704ddf4aa10\",\"name\":\"Subaru\",\"url\":\"https:\\\/\\\/www.subaru.es\\\/blog\\\/author\\\/subaria\\\/\"}]}<\/script>\n<!-- \/ Yoast SEO plugin. -->","yoast_head_json":{"title":"SEXTA VICTORIA DEL WRX STI EN LAS 24 HORAS DE N\u00dcRBURGRING - Universo Subaru","robots":{"index":"index","follow":"follow","max-snippet":"max-snippet:-1","max-image-preview":"max-image-preview:large","max-video-preview":"max-video-preview:-1"},"canonical":"https:\/\/www.subaru.es\/blog\/nuestra-marca\/sexta-victoria-wrx-sti-24-horas-nurburgring\/","og_locale":"es_ES","og_type":"article","og_title":"SEXTA VICTORIA DEL WRX STI EN LAS 24 HORAS DE N\u00dcRBURGRING - Universo Subaru","og_description":"El WRX STI NBR Challenge 2019 con el que Subaru Tecnica International (STI) ha participado en la 47\u00aa edici\u00f3n de las 24horas de N\u00fcrburgring ha conseguido este fin de semana su sexta victoria en lacategor\u00eda SPT3, destinada a veh\u00edculos turbo de menos de 2 litros de cilindrada. Tras este triunfo, el equipo puede presumir de [&hellip;]","og_url":"https:\/\/www.subaru.es\/blog\/nuestra-marca\/sexta-victoria-wrx-sti-24-horas-nurburgring\/","og_site_name":"Universo Subaru","article_publisher":"https:\/\/www.facebook.com\/subaruespana","article_published_time":"2019-06-25T14:47:53+00:00","article_modified_time":"2019-06-25T14:47:59+00:00","og_image":[{"width":1163,"height":389,"url":"https:\/\/www.subaru.es\/blog\/wp-content\/uploads\/2019\/06\/cabecera.png","type":"image\/png"}],"author":"Subaru","twitter_card":"summary_large_image","twitter_misc":{"Escrito por":"Subaru","Tiempo de lectura":"1 minuto"},"schema":{"@context":"https:\/\/schema.org","@graph":[{"@type":"Article","@id":"https:\/\/www.subaru.es\/blog\/nuestra-marca\/sexta-victoria-wrx-sti-24-horas-nurburgring\/#article","isPartOf":{"@id":"https:\/\/www.subaru.es\/blog\/nuestra-marca\/sexta-victoria-wrx-sti-24-horas-nurburgring\/"},"author":{"name":"Subaru","@id":"https:\/\/www.subaru.es\/blog\/#\/schema\/person\/19a90b892230b8e0ec752704ddf4aa10"},"headline":"SEXTA VICTORIA DEL WRX STI EN LAS 24 HORAS DE N\u00dcRBURGRING","datePublished":"2019-06-25T14:47:53+00:00","dateModified":"2019-06-25T14:47:59+00:00","mainEntityOfPage":{"@id":"https:\/\/www.subaru.es\/blog\/nuestra-marca\/sexta-victoria-wrx-sti-24-horas-nurburgring\/"},"wordCount":306,"commentCount":0,"publisher":{"@id":"https:\/\/www.subaru.es\/blog\/#organization"},"image":{"@id":"https:\/\/www.subaru.es\/blog\/nuestra-marca\/sexta-victoria-wrx-sti-24-horas-nurburgring\/#primaryimage"},"thumbnailUrl":"https:\/\/www.subaru.es\/blog\/wp-content\/uploads\/2019\/06\/cabecera.png","articleSection":["Nuestra marca"],"inLanguage":"es","potentialAction":[{"@type":"CommentAction","name":"Comment","target":["https:\/\/www.subaru.es\/blog\/nuestra-marca\/sexta-victoria-wrx-sti-24-horas-nurburgring\/#respond"]}]},{"@type":"WebPage","@id":"https:\/\/www.subaru.es\/blog\/nuestra-marca\/sexta-victoria-wrx-sti-24-horas-nurburgring\/","url":"https:\/\/www.subaru.es\/blog\/nuestra-marca\/sexta-victoria-wrx-sti-24-horas-nurburgring\/","name":"SEXTA VICTORIA DEL WRX STI EN LAS 24 HORAS DE N\u00dcRBURGRING - Universo Subaru","isPartOf":{"@id":"https:\/\/www.subaru.es\/blog\/#website"},"primaryImageOfPage":{"@id":"https:\/\/www.subaru.es\/blog\/nuestra-marca\/sexta-victoria-wrx-sti-24-horas-nurburgring\/#primaryimage"},"image":{"@id":"https:\/\/www.subaru.es\/blog\/nuestra-marca\/sexta-victoria-wrx-sti-24-horas-nurburgring\/#primaryimage"},"thumbnailUrl":"https:\/\/www.subaru.es\/blog\/wp-content\/uploads\/2019\/06\/cabecera.png","datePublished":"2019-06-25T14:47:53+00:00","dateModified":"2019-06-25T14:47:59+00:00","breadcrumb":{"@id":"https:\/\/www.subaru.es\/blog\/nuestra-marca\/sexta-victoria-wrx-sti-24-horas-nurburgring\/#breadcrumb"},"inLanguage":"es","potentialAction":[{"@type":"ReadAction","target":["https:\/\/www.subaru.es\/blog\/nuestra-marca\/sexta-victoria-wrx-sti-24-horas-nurburgring\/"]}]},{"@type":"ImageObject","inLanguage":"es","@id":"https:\/\/www.subaru.es\/blog\/nuestra-marca\/sexta-victoria-wrx-sti-24-horas-nurburgring\/#primaryimage","url":"https:\/\/www.subaru.es\/blog\/wp-content\/uploads\/2019\/06\/cabecera.png","contentUrl":"https:\/\/www.subaru.es\/blog\/wp-content\/uploads\/2019\/06\/cabecera.png","width":1163,"height":389},{"@type":"BreadcrumbList","@id":"https:\/\/www.subaru.es\/blog\/nuestra-marca\/sexta-victoria-wrx-sti-24-horas-nurburgring\/#breadcrumb","itemListElement":[{"@type":"ListItem","position":1,"name":"Portada","item":"https:\/\/www.subaru.es\/blog\/"},{"@type":"ListItem","position":2,"name":"SEXTA VICTORIA DEL WRX STI EN LAS 24 HORAS DE N\u00dcRBURGRING"}]},{"@type":"WebSite","@id":"https:\/\/www.subaru.es\/blog\/#website","url":"https:\/\/www.subaru.es\/blog\/","name":"Universo Subaru","description":"Descubre este apasionante espacio de Subaru donde vas a conocer todo sobre nuestros coches y las experiencias que vivimos con ellos. Si est\u00e1s preparado para dejarte seducir por la filosof\u00eda Subaru, qu\u00e9date con nosotros.","publisher":{"@id":"https:\/\/www.subaru.es\/blog\/#organization"},"potentialAction":[{"@type":"SearchAction","target":{"@type":"EntryPoint","urlTemplate":"https:\/\/www.subaru.es\/blog\/?s={search_term_string}"},"query-input":{"@type":"PropertyValueSpecification","valueRequired":true,"valueName":"search_term_string"}}],"inLanguage":"es"},{"@type":"Organization","@id":"https:\/\/www.subaru.es\/blog\/#organization","name":"Subaru Espa\u00f1a S.A.","url":"https:\/\/www.subaru.es\/blog\/","logo":{"@type":"ImageObject","inLanguage":"es","@id":"https:\/\/www.subaru.es\/blog\/#\/schema\/logo\/image\/","url":"https:\/\/www.subaru.es\/blog\/wp-content\/uploads\/2016\/12\/Logo-Subaru-TypeV_C300-scaled.jpg","contentUrl":"https:\/\/www.subaru.es\/blog\/wp-content\/uploads\/2016\/12\/Logo-Subaru-TypeV_C300-scaled.jpg","width":2560,"height":1864,"caption":"Subaru Espa\u00f1a S.A."},"image":{"@id":"https:\/\/www.subaru.es\/blog\/#\/schema\/logo\/image\/"},"sameAs":["https:\/\/www.facebook.com\/subaruespana","https:\/\/www.instagram.com\/subarues\/","https:\/\/www.youtube.com\/user\/subaruespana"]},{"@type":"Person","@id":"https:\/\/www.subaru.es\/blog\/#\/schema\/person\/19a90b892230b8e0ec752704ddf4aa10","name":"Subaru","url":"https:\/\/www.subaru.es\/blog\/author\/subaria\/"}]}},"_links":{"self":[{"href":"https:\/\/www.subaru.es\/blog\/wp-json\/wp\/v2\/posts\/21076","targetHints":{"allow":["GET"]}}],"collection":[{"href":"https:\/\/www.subaru.es\/blog\/wp-json\/wp\/v2\/posts"}],"about":[{"href":"https:\/\/www.subaru.es\/blog\/wp-json\/wp\/v2\/types\/post"}],"author":[{"embeddable":true,"href":"https:\/\/www.subaru.es\/blog\/wp-json\/wp\/v2\/users\/21"}],"replies":[{"embeddable":true,"href":"https:\/\/www.subaru.es\/blog\/wp-json\/wp\/v2\/comments?post=21076"}],"version-history":[{"count":4,"href":"https:\/\/www.subaru.es\/blog\/wp-json\/wp\/v2\/posts\/21076\/revisions"}],"predecessor-version":[{"id":21087,"href":"https:\/\/www.subaru.es\/blog\/wp-json\/wp\/v2\/posts\/21076\/revisions\/21087"}],"wp:featuredmedia":[{"embeddable":true,"href":"https:\/\/www.subaru.es\/blog\/wp-json\/wp\/v2\/media\/21085"}],"wp:attachment":[{"href":"https:\/\/www.subaru.es\/blog\/wp-json\/wp\/v2\/media?parent=21076"}],"wp:term":[{"taxonomy":"category","embeddable":true,"href":"https:\/\/www.subaru.es\/blog\/wp-json\/wp\/v2\/categories?post=21076"},{"taxonomy":"post_tag","embeddable":true,"href":"https:\/\/www.subaru.es\/blog\/wp-json\/wp\/v2\/tags?post=21076"}],"curies":[{"name":"wp","href":"https:\/\/api.w.org\/{rel}","templated":true}]}}