{"id":20946,"date":"2019-05-17T13:50:09","date_gmt":"2019-05-17T11:50:09","guid":{"rendered":"https:\/\/www.subaru.es\/blog\/?p=20946"},"modified":"2019-05-22T12:04:02","modified_gmt":"2019-05-22T10:04:02","slug":"laura-madrueno-forester-granja-san-ildefonso","status":"publish","type":"post","link":"https:\/\/www.subaru.es\/blog\/subaru-lifestyle\/laura-madrueno-forester-granja-san-ildefonso\/","title":{"rendered":"Escapada con el Forester a La Granja de San Ildefonso"},"content":{"rendered":"\n<p>Desde bien peque\u00f1a conservo el recuerdo de aquellos majestuosos jardines y las monumentales fuentes, de los fr\u00edos pasillos del Palacio y de aquel laberinto de pel\u00edcula de miedo. <\/p>\n\n\n\n<p>La ni\u00f1ez y el paso del tiempo suelen deformar los recuerdos, pero es curioso que veinte a\u00f1os despu\u00e9s haya visitado de nuevo <a href=\"https:\/\/www.patrimonionacional.es\/real-sitio\/palacio-real-de-la-granja-de-san-ildefonso\" target=\"_blank\" rel=\"noreferrer noopener\" aria-label=\"La ni\u00f1ez y el paso del tiempo suelen deformar los recuerdos, pero es curioso que veinte a\u00f1os despu\u00e9s haya visitado de nuevo La Granja de San Ildefonso, y aquel recuerdo sea tan fiel a la realidad.  (opens in a new tab)\">La Granja de San Ildefonso<\/a>, y aquel recuerdo sea tan fiel a la realidad. <\/p>\n\n\n\n<p>Este a\u00f1o he aprovechado para hacer una<strong> escapada con nuestro <\/strong><a rel=\"noreferrer noopener\" aria-label=\"Este a\u00f1o he aprovechado para hacer una escapada con nuestro Subaru Forester a esta maravilla que tenemos a apenas 80 kil\u00f3metros de Madrid, en las faldas del Pico Pe\u00f1alara y con unas espectaculares vistas de la Sierra de Guadarrama. Si os gusta conducir es una buena excusa para subir el Puerto de los Leones contemplando las vistas de la sierra nevada.  (opens in a new tab)\" href=\"https:\/\/www.subaru.es\/vehiculos\/forester\" target=\"_blank\"><strong>Subaru Forester<\/strong><\/a><strong> <\/strong>a esta maravilla que tenemos a apenas 80 kil\u00f3metros de Madrid, en las faldas del Pico Pe\u00f1alara y con unas espectaculares vistas de la Sierra de Guadarrama. <strong>Si os gusta conducir es una buena excusa para subir el Puerto de los Leones<\/strong> contemplando las vistas de la sierra nevada. <\/p>\n\n\n\n<figure class=\"wp-block-image\"><img decoding=\"async\" width=\"1440\" height=\"960\" data-src=\"https:\/\/www.subaru.es\/blog\/wp-content\/uploads\/2019\/05\/P1100213-copia-1440x960.jpg\" alt=\"\" class=\"wp-image-20951 lazyload\" data-srcset=\"https:\/\/www.subaru.es\/blog\/wp-content\/uploads\/2019\/05\/P1100213-copia-1440x960.jpg 1440w, https:\/\/www.subaru.es\/blog\/wp-content\/uploads\/2019\/05\/P1100213-copia-560x373.jpg 560w, https:\/\/www.subaru.es\/blog\/wp-content\/uploads\/2019\/05\/P1100213-copia-768x512.jpg 768w, https:\/\/www.subaru.es\/blog\/wp-content\/uploads\/2019\/05\/P1100213-copia-1536x1024.jpg 1536w, https:\/\/www.subaru.es\/blog\/wp-content\/uploads\/2019\/05\/P1100213-copia-2048x1365.jpg 2048w\" data-sizes=\"(max-width: 1440px) 100vw, 1440px\" src=\"data:image\/svg+xml;base64,PHN2ZyB3aWR0aD0iMSIgaGVpZ2h0PSIxIiB4bWxucz0iaHR0cDovL3d3dy53My5vcmcvMjAwMC9zdmciPjwvc3ZnPg==\" style=\"--smush-placeholder-width: 1440px; --smush-placeholder-aspect-ratio: 1440\/960;\" \/><\/figure>\n\n\n\n<p>Nosotros <strong>pudimos disfrutar al m\u00e1ximo de la ruta gracias a la <\/strong><a href=\"https:\/\/www.subaru.es\/blog\/motor\/traccion-a-las-cuatro-ruedas-automatica\/\"><strong>tracci\u00f3n 4&#215;4<\/strong><\/a><strong>\u2026 \u00a1y a los asientos calefactables de nuestro Subaru! <\/strong>Es una zona que recordaba fr\u00eda y as\u00ed contin\u00faa, con term\u00f3metros que durante nuestra estancia apenas superaron los cero grados y dejaron las fuentes congeladas.<\/p>\n\n\n\n<p>Paseando por estos grandiosos jardines es f\u00e1cil trasladarte a Versalles. Este Palacio Real y sus exuberantes fuentes, t\u00edpicas de la realeza europea de la \u00e9poca, fueron construidas a principios del s. XVIII bajo el mandato de Felipe V. <\/p>\n\n\n\n<p>Tras visitar el interior del Palacio y su gran colecci\u00f3n de tapices holandeses y de arte oriental de Isabel de Farnesio, salimos a recorrer las numerosas fuentes, realizadas en plomo y pintadas imitando bronce y m\u00e1rmol.<\/p>\n\n\n\n<figure class=\"wp-block-image\"><img decoding=\"async\" width=\"1440\" height=\"960\" data-src=\"https:\/\/www.subaru.es\/blog\/wp-content\/uploads\/2019\/05\/P1100201-copia-1440x960.jpg\" alt=\"\" class=\"wp-image-20950 lazyload\" data-srcset=\"https:\/\/www.subaru.es\/blog\/wp-content\/uploads\/2019\/05\/P1100201-copia-1440x960.jpg 1440w, https:\/\/www.subaru.es\/blog\/wp-content\/uploads\/2019\/05\/P1100201-copia-560x373.jpg 560w, https:\/\/www.subaru.es\/blog\/wp-content\/uploads\/2019\/05\/P1100201-copia-768x512.jpg 768w, https:\/\/www.subaru.es\/blog\/wp-content\/uploads\/2019\/05\/P1100201-copia-1536x1024.jpg 1536w, https:\/\/www.subaru.es\/blog\/wp-content\/uploads\/2019\/05\/P1100201-copia-2048x1365.jpg 2048w\" data-sizes=\"(max-width: 1440px) 100vw, 1440px\" src=\"data:image\/svg+xml;base64,PHN2ZyB3aWR0aD0iMSIgaGVpZ2h0PSIxIiB4bWxucz0iaHR0cDovL3d3dy53My5vcmcvMjAwMC9zdmciPjwvc3ZnPg==\" style=\"--smush-placeholder-width: 1440px; --smush-placeholder-aspect-ratio: 1440\/960;\" \/><\/figure>\n\n\n\n<p>Estas esculturas conforman el conjunto escult\u00f3rico de mayor riqueza y mejor conservado de la \u00e9poca. Las fuentes s\u00f3lo podremos verlas encendidas en contadas ocasiones al a\u00f1o: el 30 de mayo, el 25 de julio y el 25 de agosto.<\/p>\n\n\n\n<p>Lo mejor de visitar La Granja en invierno es que como veis, estuvimos solos durante este gratificante paseo en plena naturaleza. Los jardines en invierno tambi\u00e9n tienen un encanto especial, sobre todo en un d\u00eda soleado y fr\u00edo como este. Os recomiendo que termin\u00e9is la ruta comiendo los deliciosos judiones de la zona y deis un paseo por el agradable pueblo.<\/p>\n\n\n\n<ul class=\"wp-block-gallery columns-3 is-cropped wp-block-gallery-1 is-layout-flex wp-block-gallery-is-layout-flex\"><li class=\"blocks-gallery-item\"><figure><img decoding=\"async\" width=\"1440\" height=\"1080\" data-src=\"https:\/\/www.subaru.es\/blog\/wp-content\/uploads\/2019\/05\/IMG_8220-1440x1080.jpg\" alt=\"\" data-id=\"20952\" data-link=\"https:\/\/www.subaru.es\/blog\/?attachment_id=20952\" class=\"wp-image-20952 lazyload\" data-srcset=\"https:\/\/www.subaru.es\/blog\/wp-content\/uploads\/2019\/05\/IMG_8220-1440x1080.jpg 1440w, https:\/\/www.subaru.es\/blog\/wp-content\/uploads\/2019\/05\/IMG_8220-560x420.jpg 560w, https:\/\/www.subaru.es\/blog\/wp-content\/uploads\/2019\/05\/IMG_8220-768x576.jpg 768w, https:\/\/www.subaru.es\/blog\/wp-content\/uploads\/2019\/05\/IMG_8220-1536x1152.jpg 1536w, https:\/\/www.subaru.es\/blog\/wp-content\/uploads\/2019\/05\/IMG_8220-2048x1536.jpg 2048w\" data-sizes=\"(max-width: 1440px) 100vw, 1440px\" src=\"data:image\/svg+xml;base64,PHN2ZyB3aWR0aD0iMSIgaGVpZ2h0PSIxIiB4bWxucz0iaHR0cDovL3d3dy53My5vcmcvMjAwMC9zdmciPjwvc3ZnPg==\" style=\"--smush-placeholder-width: 1440px; --smush-placeholder-aspect-ratio: 1440\/1080;\" \/><\/figure><\/li><li class=\"blocks-gallery-item\"><figure><img decoding=\"async\" width=\"1440\" height=\"960\" data-src=\"https:\/\/www.subaru.es\/blog\/wp-content\/uploads\/2019\/05\/P1100180-copia-1440x960.jpg\" alt=\"\" data-id=\"20953\" data-link=\"https:\/\/www.subaru.es\/blog\/?attachment_id=20953\" class=\"wp-image-20953 lazyload\" data-srcset=\"https:\/\/www.subaru.es\/blog\/wp-content\/uploads\/2019\/05\/P1100180-copia-1440x960.jpg 1440w, https:\/\/www.subaru.es\/blog\/wp-content\/uploads\/2019\/05\/P1100180-copia-560x373.jpg 560w, https:\/\/www.subaru.es\/blog\/wp-content\/uploads\/2019\/05\/P1100180-copia-768x512.jpg 768w, https:\/\/www.subaru.es\/blog\/wp-content\/uploads\/2019\/05\/P1100180-copia-1536x1024.jpg 1536w, https:\/\/www.subaru.es\/blog\/wp-content\/uploads\/2019\/05\/P1100180-copia-2048x1365.jpg 2048w\" data-sizes=\"(max-width: 1440px) 100vw, 1440px\" src=\"data:image\/svg+xml;base64,PHN2ZyB3aWR0aD0iMSIgaGVpZ2h0PSIxIiB4bWxucz0iaHR0cDovL3d3dy53My5vcmcvMjAwMC9zdmciPjwvc3ZnPg==\" style=\"--smush-placeholder-width: 1440px; --smush-placeholder-aspect-ratio: 1440\/960;\" \/><\/figure><\/li><li class=\"blocks-gallery-item\"><figure><img decoding=\"async\" width=\"1440\" height=\"960\" data-src=\"https:\/\/www.subaru.es\/blog\/wp-content\/uploads\/2019\/05\/P1100189-copia-1440x960.jpg\" alt=\"\" data-id=\"20954\" data-link=\"https:\/\/www.subaru.es\/blog\/?attachment_id=20954\" class=\"wp-image-20954 lazyload\" data-srcset=\"https:\/\/www.subaru.es\/blog\/wp-content\/uploads\/2019\/05\/P1100189-copia-1440x960.jpg 1440w, https:\/\/www.subaru.es\/blog\/wp-content\/uploads\/2019\/05\/P1100189-copia-560x373.jpg 560w, https:\/\/www.subaru.es\/blog\/wp-content\/uploads\/2019\/05\/P1100189-copia-768x512.jpg 768w, https:\/\/www.subaru.es\/blog\/wp-content\/uploads\/2019\/05\/P1100189-copia-1536x1024.jpg 1536w, https:\/\/www.subaru.es\/blog\/wp-content\/uploads\/2019\/05\/P1100189-copia-2048x1365.jpg 2048w\" data-sizes=\"(max-width: 1440px) 100vw, 1440px\" src=\"data:image\/svg+xml;base64,PHN2ZyB3aWR0aD0iMSIgaGVpZ2h0PSIxIiB4bWxucz0iaHR0cDovL3d3dy53My5vcmcvMjAwMC9zdmciPjwvc3ZnPg==\" style=\"--smush-placeholder-width: 1440px; --smush-placeholder-aspect-ratio: 1440\/960;\" \/><\/figure><\/li><li class=\"blocks-gallery-item\"><figure><img decoding=\"async\" width=\"1440\" height=\"960\" data-src=\"https:\/\/www.subaru.es\/blog\/wp-content\/uploads\/2019\/05\/P1100193-copia-1440x960.jpg\" alt=\"\" data-id=\"20955\" data-link=\"https:\/\/www.subaru.es\/blog\/?attachment_id=20955\" class=\"wp-image-20955 lazyload\" data-srcset=\"https:\/\/www.subaru.es\/blog\/wp-content\/uploads\/2019\/05\/P1100193-copia-1440x960.jpg 1440w, https:\/\/www.subaru.es\/blog\/wp-content\/uploads\/2019\/05\/P1100193-copia-560x373.jpg 560w, https:\/\/www.subaru.es\/blog\/wp-content\/uploads\/2019\/05\/P1100193-copia-768x512.jpg 768w, https:\/\/www.subaru.es\/blog\/wp-content\/uploads\/2019\/05\/P1100193-copia-1536x1024.jpg 1536w, https:\/\/www.subaru.es\/blog\/wp-content\/uploads\/2019\/05\/P1100193-copia-2048x1365.jpg 2048w\" data-sizes=\"(max-width: 1440px) 100vw, 1440px\" src=\"data:image\/svg+xml;base64,PHN2ZyB3aWR0aD0iMSIgaGVpZ2h0PSIxIiB4bWxucz0iaHR0cDovL3d3dy53My5vcmcvMjAwMC9zdmciPjwvc3ZnPg==\" style=\"--smush-placeholder-width: 1440px; --smush-placeholder-aspect-ratio: 1440\/960;\" \/><\/figure><\/li><li class=\"blocks-gallery-item\"><figure><img decoding=\"async\" width=\"1440\" height=\"960\" data-src=\"https:\/\/www.subaru.es\/blog\/wp-content\/uploads\/2019\/05\/P1100225-copia-1440x960.jpg\" alt=\"\" data-id=\"20957\" data-link=\"https:\/\/www.subaru.es\/blog\/?attachment_id=20957\" class=\"wp-image-20957 lazyload\" data-srcset=\"https:\/\/www.subaru.es\/blog\/wp-content\/uploads\/2019\/05\/P1100225-copia-1440x960.jpg 1440w, https:\/\/www.subaru.es\/blog\/wp-content\/uploads\/2019\/05\/P1100225-copia-560x373.jpg 560w, https:\/\/www.subaru.es\/blog\/wp-content\/uploads\/2019\/05\/P1100225-copia-768x512.jpg 768w, https:\/\/www.subaru.es\/blog\/wp-content\/uploads\/2019\/05\/P1100225-copia-1536x1024.jpg 1536w, https:\/\/www.subaru.es\/blog\/wp-content\/uploads\/2019\/05\/P1100225-copia-2048x1365.jpg 2048w\" data-sizes=\"(max-width: 1440px) 100vw, 1440px\" src=\"data:image\/svg+xml;base64,PHN2ZyB3aWR0aD0iMSIgaGVpZ2h0PSIxIiB4bWxucz0iaHR0cDovL3d3dy53My5vcmcvMjAwMC9zdmciPjwvc3ZnPg==\" style=\"--smush-placeholder-width: 1440px; --smush-placeholder-aspect-ratio: 1440\/960;\" \/><\/figure><\/li><li class=\"blocks-gallery-item\"><figure><img decoding=\"async\" width=\"1440\" height=\"960\" data-src=\"https:\/\/www.subaru.es\/blog\/wp-content\/uploads\/2019\/05\/P1100230-copia-1440x960.jpg\" alt=\"\" data-id=\"20958\" data-link=\"https:\/\/www.subaru.es\/blog\/?attachment_id=20958\" class=\"wp-image-20958 lazyload\" data-srcset=\"https:\/\/www.subaru.es\/blog\/wp-content\/uploads\/2019\/05\/P1100230-copia-1440x960.jpg 1440w, https:\/\/www.subaru.es\/blog\/wp-content\/uploads\/2019\/05\/P1100230-copia-560x373.jpg 560w, https:\/\/www.subaru.es\/blog\/wp-content\/uploads\/2019\/05\/P1100230-copia-768x512.jpg 768w, https:\/\/www.subaru.es\/blog\/wp-content\/uploads\/2019\/05\/P1100230-copia-1536x1024.jpg 1536w, https:\/\/www.subaru.es\/blog\/wp-content\/uploads\/2019\/05\/P1100230-copia-2048x1365.jpg 2048w\" data-sizes=\"(max-width: 1440px) 100vw, 1440px\" src=\"data:image\/svg+xml;base64,PHN2ZyB3aWR0aD0iMSIgaGVpZ2h0PSIxIiB4bWxucz0iaHR0cDovL3d3dy53My5vcmcvMjAwMC9zdmciPjwvc3ZnPg==\" style=\"--smush-placeholder-width: 1440px; --smush-placeholder-aspect-ratio: 1440\/960;\" \/><\/figure><\/li><\/ul>\n\n\n\n<p> <\/p>\n","protected":false},"excerpt":{"rendered":"<p>Desde bien peque\u00f1a conservo el recuerdo de aquellos majestuosos jardines y las monumentales fuentes, de los fr\u00edos pasillos del Palacio y de aquel laberinto de pel\u00edcula de miedo. La ni\u00f1ez y el paso del tiempo suelen deformar los recuerdos, pero es curioso que veinte a\u00f1os despu\u00e9s haya visitado de nuevo La Granja de San Ildefonso, [&hellip;]<\/p>\n","protected":false},"author":23,"featured_media":20948,"comment_status":"open","ping_status":"closed","sticky":false,"template":"","format":"standard","meta":{"_acf_changed":false,"_eb_attr":"","inline_featured_image":false,"footnotes":""},"categories":[4520],"tags":[4742,5016,4397,4651,13,1312,2664,2967,4707,5015,1694,2174,4544,164,4575,491,4543,2659],"class_list":["post-20946","post","type-post","status-publish","format-standard","has-post-thumbnail","hentry","category-subaru-lifestyle","tag-4wd","tag-asientos-calefactables","tag-aventura","tag-filosofia-subaruoffroaders","tag-forester","tag-forester-20-d","tag-forester-bi-fuel","tag-forester-sport","tag-historias-subaruoffroaders","tag-la-granja-de-san-ildefonso","tag-off-road","tag-offroad","tag-offroaders","tag-seguridad","tag-seguridad-subaru","tag-subaru-forester","tag-subaru-offroaders","tag-traccion-4x4"],"acf":[],"yoast_head":"<!-- This site is optimized with the Yoast SEO plugin v27.3 - https:\/\/yoast.com\/product\/yoast-seo-wordpress\/ -->\n<title>Escapada con el Forester a La Granja de San Ildefonso - Universo Subaru<\/title>\n<meta name=\"robots\" content=\"index, follow, max-snippet:-1, max-image-preview:large, max-video-preview:-1\" \/>\n<link rel=\"canonical\" href=\"https:\/\/www.subaru.es\/blog\/subaru-lifestyle\/laura-madrueno-forester-granja-san-ildefonso\/\" \/>\n<meta property=\"og:locale\" content=\"es_ES\" \/>\n<meta property=\"og:type\" content=\"article\" \/>\n<meta property=\"og:title\" content=\"Escapada con el Forester a La Granja de San Ildefonso - Universo Subaru\" \/>\n<meta property=\"og:description\" content=\"Desde bien peque\u00f1a conservo el recuerdo de aquellos majestuosos jardines y las monumentales fuentes, de los fr\u00edos pasillos del Palacio y de aquel laberinto de pel\u00edcula de miedo. La ni\u00f1ez y el paso del tiempo suelen deformar los recuerdos, pero es curioso que veinte a\u00f1os despu\u00e9s haya visitado de nuevo La Granja de San Ildefonso, [&hellip;]\" \/>\n<meta property=\"og:url\" content=\"https:\/\/www.subaru.es\/blog\/subaru-lifestyle\/laura-madrueno-forester-granja-san-ildefonso\/\" \/>\n<meta property=\"og:site_name\" content=\"Universo Subaru\" \/>\n<meta property=\"article:publisher\" content=\"https:\/\/www.facebook.com\/subaruespana\" \/>\n<meta property=\"article:published_time\" content=\"2019-05-17T11:50:09+00:00\" \/>\n<meta property=\"article:modified_time\" content=\"2019-05-22T10:04:02+00:00\" \/>\n<meta property=\"og:image\" content=\"https:\/\/www.subaru.es\/blog\/wp-content\/uploads\/2019\/05\/P1100217-copia-e1557820036928-1440x737.jpg\" \/>\n\t<meta property=\"og:image:width\" content=\"1440\" \/>\n\t<meta property=\"og:image:height\" content=\"737\" \/>\n\t<meta property=\"og:image:type\" content=\"image\/jpeg\" \/>\n<meta name=\"author\" content=\"Laura Madrue\u00f1o\" \/>\n<meta name=\"twitter:card\" content=\"summary_large_image\" \/>\n<meta name=\"twitter:label1\" content=\"Escrito por\" \/>\n\t<meta name=\"twitter:data1\" content=\"Laura Madrue\u00f1o\" \/>\n\t<meta name=\"twitter:label2\" content=\"Tiempo de lectura\" \/>\n\t<meta name=\"twitter:data2\" content=\"2 minutos\" \/>\n<script type=\"application\/ld+json\" class=\"yoast-schema-graph\">{\"@context\":\"https:\\\/\\\/schema.org\",\"@graph\":[{\"@type\":\"Article\",\"@id\":\"https:\\\/\\\/www.subaru.es\\\/blog\\\/subaru-lifestyle\\\/laura-madrueno-forester-granja-san-ildefonso\\\/#article\",\"isPartOf\":{\"@id\":\"https:\\\/\\\/www.subaru.es\\\/blog\\\/subaru-lifestyle\\\/laura-madrueno-forester-granja-san-ildefonso\\\/\"},\"author\":{\"name\":\"Laura Madrue\u00f1o\",\"@id\":\"https:\\\/\\\/www.subaru.es\\\/blog\\\/#\\\/schema\\\/person\\\/8e9996ca340f1787ded9025fa4cc1e80\"},\"headline\":\"Escapada con el Forester a La Granja de San Ildefonso\",\"datePublished\":\"2019-05-17T11:50:09+00:00\",\"dateModified\":\"2019-05-22T10:04:02+00:00\",\"mainEntityOfPage\":{\"@id\":\"https:\\\/\\\/www.subaru.es\\\/blog\\\/subaru-lifestyle\\\/laura-madrueno-forester-granja-san-ildefonso\\\/\"},\"wordCount\":376,\"commentCount\":0,\"publisher\":{\"@id\":\"https:\\\/\\\/www.subaru.es\\\/blog\\\/#organization\"},\"image\":{\"@id\":\"https:\\\/\\\/www.subaru.es\\\/blog\\\/subaru-lifestyle\\\/laura-madrueno-forester-granja-san-ildefonso\\\/#primaryimage\"},\"thumbnailUrl\":\"https:\\\/\\\/www.subaru.es\\\/blog\\\/wp-content\\\/uploads\\\/2019\\\/05\\\/P1100217-copia-e1557820036928-scaled.jpg\",\"keywords\":[\"4WD\",\"asientos calefactables\",\"Aventura\",\"Filosof\u00eda SubaruOffRoaders\",\"forester\",\"Forester 2.0 D\",\"Forester bi-fuel\",\"Forester Sport\",\"historias SubaruOffRoaders\",\"La Granja de San Ildefonso\",\"Off-Road\",\"offroad\",\"OffRoaders\",\"seguridad\",\"Seguridad Subaru\",\"subaru forester\",\"Subaru OffRoaders\",\"tracci\u00f3n 4x4\"],\"articleSection\":[\"Subaru LifeStyle\"],\"inLanguage\":\"es\",\"potentialAction\":[{\"@type\":\"CommentAction\",\"name\":\"Comment\",\"target\":[\"https:\\\/\\\/www.subaru.es\\\/blog\\\/subaru-lifestyle\\\/laura-madrueno-forester-granja-san-ildefonso\\\/#respond\"]}]},{\"@type\":\"WebPage\",\"@id\":\"https:\\\/\\\/www.subaru.es\\\/blog\\\/subaru-lifestyle\\\/laura-madrueno-forester-granja-san-ildefonso\\\/\",\"url\":\"https:\\\/\\\/www.subaru.es\\\/blog\\\/subaru-lifestyle\\\/laura-madrueno-forester-granja-san-ildefonso\\\/\",\"name\":\"Escapada con el Forester a La Granja de San Ildefonso - Universo Subaru\",\"isPartOf\":{\"@id\":\"https:\\\/\\\/www.subaru.es\\\/blog\\\/#website\"},\"primaryImageOfPage\":{\"@id\":\"https:\\\/\\\/www.subaru.es\\\/blog\\\/subaru-lifestyle\\\/laura-madrueno-forester-granja-san-ildefonso\\\/#primaryimage\"},\"image\":{\"@id\":\"https:\\\/\\\/www.subaru.es\\\/blog\\\/subaru-lifestyle\\\/laura-madrueno-forester-granja-san-ildefonso\\\/#primaryimage\"},\"thumbnailUrl\":\"https:\\\/\\\/www.subaru.es\\\/blog\\\/wp-content\\\/uploads\\\/2019\\\/05\\\/P1100217-copia-e1557820036928-scaled.jpg\",\"datePublished\":\"2019-05-17T11:50:09+00:00\",\"dateModified\":\"2019-05-22T10:04:02+00:00\",\"breadcrumb\":{\"@id\":\"https:\\\/\\\/www.subaru.es\\\/blog\\\/subaru-lifestyle\\\/laura-madrueno-forester-granja-san-ildefonso\\\/#breadcrumb\"},\"inLanguage\":\"es\",\"potentialAction\":[{\"@type\":\"ReadAction\",\"target\":[\"https:\\\/\\\/www.subaru.es\\\/blog\\\/subaru-lifestyle\\\/laura-madrueno-forester-granja-san-ildefonso\\\/\"]}]},{\"@type\":\"ImageObject\",\"inLanguage\":\"es\",\"@id\":\"https:\\\/\\\/www.subaru.es\\\/blog\\\/subaru-lifestyle\\\/laura-madrueno-forester-granja-san-ildefonso\\\/#primaryimage\",\"url\":\"https:\\\/\\\/www.subaru.es\\\/blog\\\/wp-content\\\/uploads\\\/2019\\\/05\\\/P1100217-copia-e1557820036928-scaled.jpg\",\"contentUrl\":\"https:\\\/\\\/www.subaru.es\\\/blog\\\/wp-content\\\/uploads\\\/2019\\\/05\\\/P1100217-copia-e1557820036928-scaled.jpg\",\"width\":2560,\"height\":1310},{\"@type\":\"BreadcrumbList\",\"@id\":\"https:\\\/\\\/www.subaru.es\\\/blog\\\/subaru-lifestyle\\\/laura-madrueno-forester-granja-san-ildefonso\\\/#breadcrumb\",\"itemListElement\":[{\"@type\":\"ListItem\",\"position\":1,\"name\":\"Portada\",\"item\":\"https:\\\/\\\/www.subaru.es\\\/blog\\\/\"},{\"@type\":\"ListItem\",\"position\":2,\"name\":\"Escapada con el Forester a La Granja de San Ildefonso\"}]},{\"@type\":\"WebSite\",\"@id\":\"https:\\\/\\\/www.subaru.es\\\/blog\\\/#website\",\"url\":\"https:\\\/\\\/www.subaru.es\\\/blog\\\/\",\"name\":\"Universo Subaru\",\"description\":\"Descubre este apasionante espacio de Subaru donde vas a conocer todo sobre nuestros coches y las experiencias que vivimos con ellos. Si est\u00e1s preparado para dejarte seducir por la filosof\u00eda Subaru, qu\u00e9date con nosotros.\",\"publisher\":{\"@id\":\"https:\\\/\\\/www.subaru.es\\\/blog\\\/#organization\"},\"potentialAction\":[{\"@type\":\"SearchAction\",\"target\":{\"@type\":\"EntryPoint\",\"urlTemplate\":\"https:\\\/\\\/www.subaru.es\\\/blog\\\/?s={search_term_string}\"},\"query-input\":{\"@type\":\"PropertyValueSpecification\",\"valueRequired\":true,\"valueName\":\"search_term_string\"}}],\"inLanguage\":\"es\"},{\"@type\":\"Organization\",\"@id\":\"https:\\\/\\\/www.subaru.es\\\/blog\\\/#organization\",\"name\":\"Subaru Espa\u00f1a S.A.\",\"url\":\"https:\\\/\\\/www.subaru.es\\\/blog\\\/\",\"logo\":{\"@type\":\"ImageObject\",\"inLanguage\":\"es\",\"@id\":\"https:\\\/\\\/www.subaru.es\\\/blog\\\/#\\\/schema\\\/logo\\\/image\\\/\",\"url\":\"https:\\\/\\\/www.subaru.es\\\/blog\\\/wp-content\\\/uploads\\\/2016\\\/12\\\/Logo-Subaru-TypeV_C300-scaled.jpg\",\"contentUrl\":\"https:\\\/\\\/www.subaru.es\\\/blog\\\/wp-content\\\/uploads\\\/2016\\\/12\\\/Logo-Subaru-TypeV_C300-scaled.jpg\",\"width\":2560,\"height\":1864,\"caption\":\"Subaru Espa\u00f1a S.A.\"},\"image\":{\"@id\":\"https:\\\/\\\/www.subaru.es\\\/blog\\\/#\\\/schema\\\/logo\\\/image\\\/\"},\"sameAs\":[\"https:\\\/\\\/www.facebook.com\\\/subaruespana\",\"https:\\\/\\\/www.instagram.com\\\/subarues\\\/\",\"https:\\\/\\\/www.youtube.com\\\/user\\\/subaruespana\"]},{\"@type\":\"Person\",\"@id\":\"https:\\\/\\\/www.subaru.es\\\/blog\\\/#\\\/schema\\\/person\\\/8e9996ca340f1787ded9025fa4cc1e80\",\"name\":\"Laura Madrue\u00f1o\",\"url\":\"https:\\\/\\\/www.subaru.es\\\/blog\\\/author\\\/laura-madrueno\\\/\"}]}<\/script>\n<!-- \/ Yoast SEO plugin. -->","yoast_head_json":{"title":"Escapada con el Forester a La Granja de San Ildefonso - Universo Subaru","robots":{"index":"index","follow":"follow","max-snippet":"max-snippet:-1","max-image-preview":"max-image-preview:large","max-video-preview":"max-video-preview:-1"},"canonical":"https:\/\/www.subaru.es\/blog\/subaru-lifestyle\/laura-madrueno-forester-granja-san-ildefonso\/","og_locale":"es_ES","og_type":"article","og_title":"Escapada con el Forester a La Granja de San Ildefonso - Universo Subaru","og_description":"Desde bien peque\u00f1a conservo el recuerdo de aquellos majestuosos jardines y las monumentales fuentes, de los fr\u00edos pasillos del Palacio y de aquel laberinto de pel\u00edcula de miedo. La ni\u00f1ez y el paso del tiempo suelen deformar los recuerdos, pero es curioso que veinte a\u00f1os despu\u00e9s haya visitado de nuevo La Granja de San Ildefonso, [&hellip;]","og_url":"https:\/\/www.subaru.es\/blog\/subaru-lifestyle\/laura-madrueno-forester-granja-san-ildefonso\/","og_site_name":"Universo Subaru","article_publisher":"https:\/\/www.facebook.com\/subaruespana","article_published_time":"2019-05-17T11:50:09+00:00","article_modified_time":"2019-05-22T10:04:02+00:00","og_image":[{"width":1440,"height":737,"url":"https:\/\/www.subaru.es\/blog\/wp-content\/uploads\/2019\/05\/P1100217-copia-e1557820036928-1440x737.jpg","type":"image\/jpeg"}],"author":"Laura Madrue\u00f1o","twitter_card":"summary_large_image","twitter_misc":{"Escrito por":"Laura Madrue\u00f1o","Tiempo de lectura":"2 minutos"},"schema":{"@context":"https:\/\/schema.org","@graph":[{"@type":"Article","@id":"https:\/\/www.subaru.es\/blog\/subaru-lifestyle\/laura-madrueno-forester-granja-san-ildefonso\/#article","isPartOf":{"@id":"https:\/\/www.subaru.es\/blog\/subaru-lifestyle\/laura-madrueno-forester-granja-san-ildefonso\/"},"author":{"name":"Laura Madrue\u00f1o","@id":"https:\/\/www.subaru.es\/blog\/#\/schema\/person\/8e9996ca340f1787ded9025fa4cc1e80"},"headline":"Escapada con el Forester a La Granja de San Ildefonso","datePublished":"2019-05-17T11:50:09+00:00","dateModified":"2019-05-22T10:04:02+00:00","mainEntityOfPage":{"@id":"https:\/\/www.subaru.es\/blog\/subaru-lifestyle\/laura-madrueno-forester-granja-san-ildefonso\/"},"wordCount":376,"commentCount":0,"publisher":{"@id":"https:\/\/www.subaru.es\/blog\/#organization"},"image":{"@id":"https:\/\/www.subaru.es\/blog\/subaru-lifestyle\/laura-madrueno-forester-granja-san-ildefonso\/#primaryimage"},"thumbnailUrl":"https:\/\/www.subaru.es\/blog\/wp-content\/uploads\/2019\/05\/P1100217-copia-e1557820036928-scaled.jpg","keywords":["4WD","asientos calefactables","Aventura","Filosof\u00eda SubaruOffRoaders","forester","Forester 2.0 D","Forester bi-fuel","Forester Sport","historias SubaruOffRoaders","La Granja de San Ildefonso","Off-Road","offroad","OffRoaders","seguridad","Seguridad Subaru","subaru forester","Subaru OffRoaders","tracci\u00f3n 4x4"],"articleSection":["Subaru LifeStyle"],"inLanguage":"es","potentialAction":[{"@type":"CommentAction","name":"Comment","target":["https:\/\/www.subaru.es\/blog\/subaru-lifestyle\/laura-madrueno-forester-granja-san-ildefonso\/#respond"]}]},{"@type":"WebPage","@id":"https:\/\/www.subaru.es\/blog\/subaru-lifestyle\/laura-madrueno-forester-granja-san-ildefonso\/","url":"https:\/\/www.subaru.es\/blog\/subaru-lifestyle\/laura-madrueno-forester-granja-san-ildefonso\/","name":"Escapada con el Forester a La Granja de San Ildefonso - Universo Subaru","isPartOf":{"@id":"https:\/\/www.subaru.es\/blog\/#website"},"primaryImageOfPage":{"@id":"https:\/\/www.subaru.es\/blog\/subaru-lifestyle\/laura-madrueno-forester-granja-san-ildefonso\/#primaryimage"},"image":{"@id":"https:\/\/www.subaru.es\/blog\/subaru-lifestyle\/laura-madrueno-forester-granja-san-ildefonso\/#primaryimage"},"thumbnailUrl":"https:\/\/www.subaru.es\/blog\/wp-content\/uploads\/2019\/05\/P1100217-copia-e1557820036928-scaled.jpg","datePublished":"2019-05-17T11:50:09+00:00","dateModified":"2019-05-22T10:04:02+00:00","breadcrumb":{"@id":"https:\/\/www.subaru.es\/blog\/subaru-lifestyle\/laura-madrueno-forester-granja-san-ildefonso\/#breadcrumb"},"inLanguage":"es","potentialAction":[{"@type":"ReadAction","target":["https:\/\/www.subaru.es\/blog\/subaru-lifestyle\/laura-madrueno-forester-granja-san-ildefonso\/"]}]},{"@type":"ImageObject","inLanguage":"es","@id":"https:\/\/www.subaru.es\/blog\/subaru-lifestyle\/laura-madrueno-forester-granja-san-ildefonso\/#primaryimage","url":"https:\/\/www.subaru.es\/blog\/wp-content\/uploads\/2019\/05\/P1100217-copia-e1557820036928-scaled.jpg","contentUrl":"https:\/\/www.subaru.es\/blog\/wp-content\/uploads\/2019\/05\/P1100217-copia-e1557820036928-scaled.jpg","width":2560,"height":1310},{"@type":"BreadcrumbList","@id":"https:\/\/www.subaru.es\/blog\/subaru-lifestyle\/laura-madrueno-forester-granja-san-ildefonso\/#breadcrumb","itemListElement":[{"@type":"ListItem","position":1,"name":"Portada","item":"https:\/\/www.subaru.es\/blog\/"},{"@type":"ListItem","position":2,"name":"Escapada con el Forester a La Granja de San Ildefonso"}]},{"@type":"WebSite","@id":"https:\/\/www.subaru.es\/blog\/#website","url":"https:\/\/www.subaru.es\/blog\/","name":"Universo Subaru","description":"Descubre este apasionante espacio de Subaru donde vas a conocer todo sobre nuestros coches y las experiencias que vivimos con ellos. Si est\u00e1s preparado para dejarte seducir por la filosof\u00eda Subaru, qu\u00e9date con nosotros.","publisher":{"@id":"https:\/\/www.subaru.es\/blog\/#organization"},"potentialAction":[{"@type":"SearchAction","target":{"@type":"EntryPoint","urlTemplate":"https:\/\/www.subaru.es\/blog\/?s={search_term_string}"},"query-input":{"@type":"PropertyValueSpecification","valueRequired":true,"valueName":"search_term_string"}}],"inLanguage":"es"},{"@type":"Organization","@id":"https:\/\/www.subaru.es\/blog\/#organization","name":"Subaru Espa\u00f1a S.A.","url":"https:\/\/www.subaru.es\/blog\/","logo":{"@type":"ImageObject","inLanguage":"es","@id":"https:\/\/www.subaru.es\/blog\/#\/schema\/logo\/image\/","url":"https:\/\/www.subaru.es\/blog\/wp-content\/uploads\/2016\/12\/Logo-Subaru-TypeV_C300-scaled.jpg","contentUrl":"https:\/\/www.subaru.es\/blog\/wp-content\/uploads\/2016\/12\/Logo-Subaru-TypeV_C300-scaled.jpg","width":2560,"height":1864,"caption":"Subaru Espa\u00f1a S.A."},"image":{"@id":"https:\/\/www.subaru.es\/blog\/#\/schema\/logo\/image\/"},"sameAs":["https:\/\/www.facebook.com\/subaruespana","https:\/\/www.instagram.com\/subarues\/","https:\/\/www.youtube.com\/user\/subaruespana"]},{"@type":"Person","@id":"https:\/\/www.subaru.es\/blog\/#\/schema\/person\/8e9996ca340f1787ded9025fa4cc1e80","name":"Laura Madrue\u00f1o","url":"https:\/\/www.subaru.es\/blog\/author\/laura-madrueno\/"}]}},"_links":{"self":[{"href":"https:\/\/www.subaru.es\/blog\/wp-json\/wp\/v2\/posts\/20946","targetHints":{"allow":["GET"]}}],"collection":[{"href":"https:\/\/www.subaru.es\/blog\/wp-json\/wp\/v2\/posts"}],"about":[{"href":"https:\/\/www.subaru.es\/blog\/wp-json\/wp\/v2\/types\/post"}],"author":[{"embeddable":true,"href":"https:\/\/www.subaru.es\/blog\/wp-json\/wp\/v2\/users\/23"}],"replies":[{"embeddable":true,"href":"https:\/\/www.subaru.es\/blog\/wp-json\/wp\/v2\/comments?post=20946"}],"version-history":[{"count":3,"href":"https:\/\/www.subaru.es\/blog\/wp-json\/wp\/v2\/posts\/20946\/revisions"}],"predecessor-version":[{"id":20960,"href":"https:\/\/www.subaru.es\/blog\/wp-json\/wp\/v2\/posts\/20946\/revisions\/20960"}],"wp:featuredmedia":[{"embeddable":true,"href":"https:\/\/www.subaru.es\/blog\/wp-json\/wp\/v2\/media\/20948"}],"wp:attachment":[{"href":"https:\/\/www.subaru.es\/blog\/wp-json\/wp\/v2\/media?parent=20946"}],"wp:term":[{"taxonomy":"category","embeddable":true,"href":"https:\/\/www.subaru.es\/blog\/wp-json\/wp\/v2\/categories?post=20946"},{"taxonomy":"post_tag","embeddable":true,"href":"https:\/\/www.subaru.es\/blog\/wp-json\/wp\/v2\/tags?post=20946"}],"curies":[{"name":"wp","href":"https:\/\/api.w.org\/{rel}","templated":true}]}}