{"id":2093,"date":"2009-05-25T13:04:49","date_gmt":"2009-05-25T11:04:49","guid":{"rendered":"http:\/\/subaru.preproduccion.com\/blog\/wp-content\/2009\/05\/25\/previo-rallye-de-tierra-de-guijuelo\/"},"modified":"2020-08-06T11:41:44","modified_gmt":"2020-08-06T09:41:44","slug":"previo-rallye-de-tierra-de-guijuelo","status":"publish","type":"post","link":"https:\/\/www.subaru.es\/blog\/nuestra-marca\/previo-rallye-de-tierra-de-guijuelo\/","title":{"rendered":"PREVIO RALLYE DE TIERRA DE GUIJUELO"},"content":{"rendered":"<p><a href='https:\/\/www.subaru.es\/blog\/wp-content\/uploads\/2009\/05\/logo.JPG' title='Logo rally'><img data-src='https:\/\/www.subaru.es\/blog\/wp-content\/uploads\/2009\/05\/logo.JPG' alt='Logo rally' src='data:image\/svg+xml;base64,PHN2ZyB3aWR0aD0iMSIgaGVpZ2h0PSIxIiB4bWxucz0iaHR0cDovL3d3dy53My5vcmcvMjAwMC9zdmciPjwvc3ZnPg==' class='lazyload' \/><\/a><\/p>\n<p>El <strong>programa doble <\/strong>en los <a href=\"www.rallyesdetierra.com \"><strong>Campeonatos de Espa\u00f1a de Rallyes<\/strong><\/a>, tanto de <strong>asfalto como de tierra<\/strong>, del <strong><a href=\"https:\/\/www.subaru.es\/blog\/2009\/03\/08\/subaru-rally-team-spain\/\">Subaru Rally Team Spain <\/a><\/strong>no permite un respiro. Cuando a\u00fan no se han apagado los ecos de la <strong>fant\u00e1stica victoria <\/strong>de <strong>Enrique Garc\u00eda-Ojeda <\/strong>y <strong>Jordi Barrab\u00e9s <\/strong>con el <strong>Subaru impreza Prodrive <\/strong>preparado por <strong>KRS <\/strong>en el <strong><a href=\"http:\/\/www.rallyesantander.com\/\">Rallye Cantabria Infinita<\/a><\/strong>, el pasado s\u00e1bado, llega ya este fin de semana la siguiente cita para el <strong>equipo oficial de Subaru Espa\u00f1a<\/strong>.<\/p>\n<p><a href='https:\/\/www.subaru.es\/blog\/wp-content\/uploads\/2009\/05\/preguijuelo.jpg' title='Previa Guijuelo'><img data-src='https:\/\/www.subaru.es\/blog\/wp-content\/uploads\/2009\/05\/preguijuelo.jpg' alt='Previa Guijuelo' src='data:image\/svg+xml;base64,PHN2ZyB3aWR0aD0iMSIgaGVpZ2h0PSIxIiB4bWxucz0iaHR0cDovL3d3dy53My5vcmcvMjAwMC9zdmciPjwvc3ZnPg==' class='lazyload' style='--smush-placeholder-width: 461px; --smush-placeholder-aspect-ratio: 461\/307;' \/><\/a><\/p>\n<p>El escenario de la pr\u00f3xima participaci\u00f3n del <strong>Subaru Rally Team Spain <\/strong>ser\u00e1n los tramos trazados en torno a la localidad salmantina de <strong>Guijuelo<\/strong>, sede de la <strong>segunda prueba del Campeonato de Espa\u00f1a de Rallyes de Tierra<\/strong>. El certamen lo lidera precisamente el <strong>piloto del equipo oficial <\/strong><strong>Subaru Espa\u00f1a <\/strong>en esta superficie, <strong>Brice Tirabassi<\/strong>, que se impuso junto con su copiloto <strong>Fabrice Gordon <\/strong>en la cita inaugural del campeonato, disputada a mediados de marzo en <strong><a href=\"https:\/\/www.subaru.es\/blog\/2009\/04\/03\/tirabassi-rompe-todos-los-pronosticos-en-palma-del-rio\/\">Palma del R\u00edo <\/a>(C\u00f3rdoba).<\/strong><\/p>\n<p>Entonces, en el que era su debut con el <strong>Impreza Prodrive, Tirabassi y Gordon <\/strong>consiguieron hacerse con la <strong>victoria <\/strong>demostrando ya desde el primer momento las enormes <strong>posibilidades del equipo KRS<\/strong>, que ya ha sumado un triunfo en tierra y otro en asfalto en apenas dos meses compitiendo con los <strong>Subaru <\/strong>en los <strong>rallyes espa\u00f1oles<\/strong>.<\/p>\n<p><a href='https:\/\/www.subaru.es\/blog\/wp-content\/uploads\/2009\/05\/srts-preguijuelo2.jpg' title='Previa Guijuelo 2'><img data-src='https:\/\/www.subaru.es\/blog\/wp-content\/uploads\/2009\/05\/srts-preguijuelo2.jpg' alt='Previa Guijuelo 2' src='data:image\/svg+xml;base64,PHN2ZyB3aWR0aD0iMSIgaGVpZ2h0PSIxIiB4bWxucz0iaHR0cDovL3d3dy53My5vcmcvMjAwMC9zdmciPjwvc3ZnPg==' class='lazyload' style='--smush-placeholder-width: 486px; --smush-placeholder-aspect-ratio: 486\/331;' \/><\/a><\/p>\n<p>Este s\u00e1bado, en <strong>Guijuelo<\/strong>, el <strong>objetivo del Subaru Rally Team Spain <\/strong>vuelve a ser luchar <strong>por la victoria<\/strong>, lo que no ser\u00e1 f\u00e1cil teniendo en cuenta la importante oposici\u00f3n a la que tendr\u00e1 que hacer frente el antiguo <strong>campe\u00f3n mundial Junior <\/strong>y actual piloto de <strong>Subaru Espa\u00f1a, Brice Tirabassi<\/strong>. Para ello, el <strong>equipo t\u00e9cnico de KRS <\/strong>ha seguido trabajando de firme, realizando esta misma semana unos <strong>tests en tierra <\/strong>con el <strong>Subaru Impreza Prodrive<\/strong>, con el fin de llegar con la mejor preparaci\u00f3n posible a la <strong>segunda cita del campeonato<\/strong>, cuyo desarrollo ser\u00e1 el habitual en las pruebas del nacional de tierra, con los reconocimientos y la ceremonia de salida durante la jornada del viernes y los ocho tramos cronometrados en los que se decidir\u00e1 el nombre del ganador celebr\u00e1ndose a lo largo del s\u00e1bado.<\/p>\n","protected":false},"excerpt":{"rendered":"<p>El programa doble en los Campeonatos de Espa\u00f1a de Rallyes, tanto de asfalto como de tierra, del Subaru Rally Team Spain no permite un respiro. Cuando a\u00fan no se han apagado los ecos de la fant\u00e1stica victoria de Enrique Garc\u00eda-Ojeda y Jordi Barrab\u00e9s con el Subaru impreza Prodrive preparado por KRS en el Rallye Cantabria [&hellip;]<\/p>\n","protected":false},"author":21,"featured_media":2094,"comment_status":"open","ping_status":"open","sticky":false,"template":"","format":"standard","meta":{"_acf_changed":false,"_eb_attr":"","inline_featured_image":false,"footnotes":""},"categories":[4401],"tags":[828,1104,562,1994,51,1105,597,2086,2093,1237,2367,460,43,2368,349,4390,2153,1986,391,517,2240],"class_list":["post-2093","post","type-post","status-publish","format-standard","has-post-thumbnail","hentry","category-nuestra-marca","tag-asfalto","tag-brice-tirabassi","tag-campeonato","tag-enrique-garcia-ojeda","tag-espana","tag-fabrice-gordon","tag-guijuelo","tag-jordi-barrabes","tag-krs","tag-programa","tag-ralie","tag-rallies","tag-rally","tag-rallye-cantabria-infinita","tag-rallyes","tag-subaru","tag-subaru-impreza-prodrive","tag-subaru-rally-team-spain","tag-test","tag-tierra","tag-victoria"],"acf":[],"yoast_head":"<!-- This site is optimized with the Yoast SEO plugin v27.3 - https:\/\/yoast.com\/product\/yoast-seo-wordpress\/ -->\n<title>PREVIO RALLYE DE TIERRA DE GUIJUELO - Universo Subaru<\/title>\n<meta name=\"robots\" content=\"index, follow, max-snippet:-1, max-image-preview:large, max-video-preview:-1\" \/>\n<link rel=\"canonical\" href=\"https:\/\/www.subaru.es\/blog\/nuestra-marca\/previo-rallye-de-tierra-de-guijuelo\/\" \/>\n<meta property=\"og:locale\" content=\"es_ES\" \/>\n<meta property=\"og:type\" content=\"article\" \/>\n<meta property=\"og:title\" content=\"PREVIO RALLYE DE TIERRA DE GUIJUELO - Universo Subaru\" \/>\n<meta property=\"og:description\" content=\"El programa doble en los Campeonatos de Espa\u00f1a de Rallyes, tanto de asfalto como de tierra, del Subaru Rally Team Spain no permite un respiro. Cuando a\u00fan no se han apagado los ecos de la fant\u00e1stica victoria de Enrique Garc\u00eda-Ojeda y Jordi Barrab\u00e9s con el Subaru impreza Prodrive preparado por KRS en el Rallye Cantabria [&hellip;]\" \/>\n<meta property=\"og:url\" content=\"https:\/\/www.subaru.es\/blog\/nuestra-marca\/previo-rallye-de-tierra-de-guijuelo\/\" \/>\n<meta property=\"og:site_name\" content=\"Universo Subaru\" \/>\n<meta property=\"article:publisher\" content=\"https:\/\/www.facebook.com\/subaruespana\" \/>\n<meta property=\"article:published_time\" content=\"2009-05-25T11:04:49+00:00\" \/>\n<meta property=\"article:modified_time\" content=\"2020-08-06T09:41:44+00:00\" \/>\n<meta property=\"og:image\" content=\"https:\/\/www.subaru.es\/blog\/wp-content\/uploads\/2009\/05\/logo.JPG\" \/>\n\t<meta property=\"og:image:width\" content=\"474\" \/>\n\t<meta property=\"og:image:height\" content=\"54\" \/>\n\t<meta property=\"og:image:type\" content=\"image\/jpeg\" \/>\n<meta name=\"author\" content=\"Subaru\" \/>\n<meta name=\"twitter:card\" content=\"summary_large_image\" \/>\n<meta name=\"twitter:label1\" content=\"Escrito por\" \/>\n\t<meta name=\"twitter:data1\" content=\"Subaru\" \/>\n\t<meta name=\"twitter:label2\" content=\"Tiempo de lectura\" \/>\n\t<meta name=\"twitter:data2\" content=\"2 minutos\" \/>\n<script type=\"application\/ld+json\" class=\"yoast-schema-graph\">{\"@context\":\"https:\\\/\\\/schema.org\",\"@graph\":[{\"@type\":\"Article\",\"@id\":\"https:\\\/\\\/www.subaru.es\\\/blog\\\/nuestra-marca\\\/previo-rallye-de-tierra-de-guijuelo\\\/#article\",\"isPartOf\":{\"@id\":\"https:\\\/\\\/www.subaru.es\\\/blog\\\/nuestra-marca\\\/previo-rallye-de-tierra-de-guijuelo\\\/\"},\"author\":{\"name\":\"Subaru\",\"@id\":\"https:\\\/\\\/www.subaru.es\\\/blog\\\/#\\\/schema\\\/person\\\/19a90b892230b8e0ec752704ddf4aa10\"},\"headline\":\"PREVIO RALLYE DE TIERRA DE GUIJUELO\",\"datePublished\":\"2009-05-25T11:04:49+00:00\",\"dateModified\":\"2020-08-06T09:41:44+00:00\",\"mainEntityOfPage\":{\"@id\":\"https:\\\/\\\/www.subaru.es\\\/blog\\\/nuestra-marca\\\/previo-rallye-de-tierra-de-guijuelo\\\/\"},\"wordCount\":373,\"commentCount\":0,\"publisher\":{\"@id\":\"https:\\\/\\\/www.subaru.es\\\/blog\\\/#organization\"},\"image\":{\"@id\":\"https:\\\/\\\/www.subaru.es\\\/blog\\\/nuestra-marca\\\/previo-rallye-de-tierra-de-guijuelo\\\/#primaryimage\"},\"thumbnailUrl\":\"https:\\\/\\\/www.subaru.es\\\/blog\\\/wp-content\\\/uploads\\\/2009\\\/05\\\/logo.JPG\",\"keywords\":[\"asfalto\",\"Brice Tirabassi\",\"campeonato\",\"Enrique Garc\u00eda Ojeda\",\"espa\u00f1a\",\"Fabrice Gordon\",\"guijuelo\",\"Jordi Barrab\u00e9s\",\"KRS\",\"programa\",\"ralie\",\"rallies\",\"rally\",\"Rallye Cantabria Infinita\",\"rallyes\",\"Subaru\",\"Subaru Impreza Prodrive\",\"Subaru Rally Team Spain\",\"test\",\"tierra\",\"victoria\"],\"articleSection\":[\"Nuestra marca\"],\"inLanguage\":\"es\",\"potentialAction\":[{\"@type\":\"CommentAction\",\"name\":\"Comment\",\"target\":[\"https:\\\/\\\/www.subaru.es\\\/blog\\\/nuestra-marca\\\/previo-rallye-de-tierra-de-guijuelo\\\/#respond\"]}]},{\"@type\":\"WebPage\",\"@id\":\"https:\\\/\\\/www.subaru.es\\\/blog\\\/nuestra-marca\\\/previo-rallye-de-tierra-de-guijuelo\\\/\",\"url\":\"https:\\\/\\\/www.subaru.es\\\/blog\\\/nuestra-marca\\\/previo-rallye-de-tierra-de-guijuelo\\\/\",\"name\":\"PREVIO RALLYE DE TIERRA DE GUIJUELO - Universo Subaru\",\"isPartOf\":{\"@id\":\"https:\\\/\\\/www.subaru.es\\\/blog\\\/#website\"},\"primaryImageOfPage\":{\"@id\":\"https:\\\/\\\/www.subaru.es\\\/blog\\\/nuestra-marca\\\/previo-rallye-de-tierra-de-guijuelo\\\/#primaryimage\"},\"image\":{\"@id\":\"https:\\\/\\\/www.subaru.es\\\/blog\\\/nuestra-marca\\\/previo-rallye-de-tierra-de-guijuelo\\\/#primaryimage\"},\"thumbnailUrl\":\"https:\\\/\\\/www.subaru.es\\\/blog\\\/wp-content\\\/uploads\\\/2009\\\/05\\\/logo.JPG\",\"datePublished\":\"2009-05-25T11:04:49+00:00\",\"dateModified\":\"2020-08-06T09:41:44+00:00\",\"breadcrumb\":{\"@id\":\"https:\\\/\\\/www.subaru.es\\\/blog\\\/nuestra-marca\\\/previo-rallye-de-tierra-de-guijuelo\\\/#breadcrumb\"},\"inLanguage\":\"es\",\"potentialAction\":[{\"@type\":\"ReadAction\",\"target\":[\"https:\\\/\\\/www.subaru.es\\\/blog\\\/nuestra-marca\\\/previo-rallye-de-tierra-de-guijuelo\\\/\"]}]},{\"@type\":\"ImageObject\",\"inLanguage\":\"es\",\"@id\":\"https:\\\/\\\/www.subaru.es\\\/blog\\\/nuestra-marca\\\/previo-rallye-de-tierra-de-guijuelo\\\/#primaryimage\",\"url\":\"https:\\\/\\\/www.subaru.es\\\/blog\\\/wp-content\\\/uploads\\\/2009\\\/05\\\/logo.JPG\",\"contentUrl\":\"https:\\\/\\\/www.subaru.es\\\/blog\\\/wp-content\\\/uploads\\\/2009\\\/05\\\/logo.JPG\",\"width\":474,\"height\":54},{\"@type\":\"BreadcrumbList\",\"@id\":\"https:\\\/\\\/www.subaru.es\\\/blog\\\/nuestra-marca\\\/previo-rallye-de-tierra-de-guijuelo\\\/#breadcrumb\",\"itemListElement\":[{\"@type\":\"ListItem\",\"position\":1,\"name\":\"Portada\",\"item\":\"https:\\\/\\\/www.subaru.es\\\/blog\\\/\"},{\"@type\":\"ListItem\",\"position\":2,\"name\":\"PREVIO RALLYE DE TIERRA DE GUIJUELO\"}]},{\"@type\":\"WebSite\",\"@id\":\"https:\\\/\\\/www.subaru.es\\\/blog\\\/#website\",\"url\":\"https:\\\/\\\/www.subaru.es\\\/blog\\\/\",\"name\":\"Universo Subaru\",\"description\":\"Descubre este apasionante espacio de Subaru donde vas a conocer todo sobre nuestros coches y las experiencias que vivimos con ellos. Si est\u00e1s preparado para dejarte seducir por la filosof\u00eda Subaru, qu\u00e9date con nosotros.\",\"publisher\":{\"@id\":\"https:\\\/\\\/www.subaru.es\\\/blog\\\/#organization\"},\"potentialAction\":[{\"@type\":\"SearchAction\",\"target\":{\"@type\":\"EntryPoint\",\"urlTemplate\":\"https:\\\/\\\/www.subaru.es\\\/blog\\\/?s={search_term_string}\"},\"query-input\":{\"@type\":\"PropertyValueSpecification\",\"valueRequired\":true,\"valueName\":\"search_term_string\"}}],\"inLanguage\":\"es\"},{\"@type\":\"Organization\",\"@id\":\"https:\\\/\\\/www.subaru.es\\\/blog\\\/#organization\",\"name\":\"Subaru Espa\u00f1a S.A.\",\"url\":\"https:\\\/\\\/www.subaru.es\\\/blog\\\/\",\"logo\":{\"@type\":\"ImageObject\",\"inLanguage\":\"es\",\"@id\":\"https:\\\/\\\/www.subaru.es\\\/blog\\\/#\\\/schema\\\/logo\\\/image\\\/\",\"url\":\"https:\\\/\\\/www.subaru.es\\\/blog\\\/wp-content\\\/uploads\\\/2016\\\/12\\\/Logo-Subaru-TypeV_C300-scaled.jpg\",\"contentUrl\":\"https:\\\/\\\/www.subaru.es\\\/blog\\\/wp-content\\\/uploads\\\/2016\\\/12\\\/Logo-Subaru-TypeV_C300-scaled.jpg\",\"width\":2560,\"height\":1864,\"caption\":\"Subaru Espa\u00f1a S.A.\"},\"image\":{\"@id\":\"https:\\\/\\\/www.subaru.es\\\/blog\\\/#\\\/schema\\\/logo\\\/image\\\/\"},\"sameAs\":[\"https:\\\/\\\/www.facebook.com\\\/subaruespana\",\"https:\\\/\\\/www.instagram.com\\\/subarues\\\/\",\"https:\\\/\\\/www.youtube.com\\\/user\\\/subaruespana\"]},{\"@type\":\"Person\",\"@id\":\"https:\\\/\\\/www.subaru.es\\\/blog\\\/#\\\/schema\\\/person\\\/19a90b892230b8e0ec752704ddf4aa10\",\"name\":\"Subaru\",\"url\":\"https:\\\/\\\/www.subaru.es\\\/blog\\\/author\\\/subaria\\\/\"}]}<\/script>\n<!-- \/ Yoast SEO plugin. -->","yoast_head_json":{"title":"PREVIO RALLYE DE TIERRA DE GUIJUELO - Universo Subaru","robots":{"index":"index","follow":"follow","max-snippet":"max-snippet:-1","max-image-preview":"max-image-preview:large","max-video-preview":"max-video-preview:-1"},"canonical":"https:\/\/www.subaru.es\/blog\/nuestra-marca\/previo-rallye-de-tierra-de-guijuelo\/","og_locale":"es_ES","og_type":"article","og_title":"PREVIO RALLYE DE TIERRA DE GUIJUELO - Universo Subaru","og_description":"El programa doble en los Campeonatos de Espa\u00f1a de Rallyes, tanto de asfalto como de tierra, del Subaru Rally Team Spain no permite un respiro. Cuando a\u00fan no se han apagado los ecos de la fant\u00e1stica victoria de Enrique Garc\u00eda-Ojeda y Jordi Barrab\u00e9s con el Subaru impreza Prodrive preparado por KRS en el Rallye Cantabria [&hellip;]","og_url":"https:\/\/www.subaru.es\/blog\/nuestra-marca\/previo-rallye-de-tierra-de-guijuelo\/","og_site_name":"Universo Subaru","article_publisher":"https:\/\/www.facebook.com\/subaruespana","article_published_time":"2009-05-25T11:04:49+00:00","article_modified_time":"2020-08-06T09:41:44+00:00","og_image":[{"width":474,"height":54,"url":"https:\/\/www.subaru.es\/blog\/wp-content\/uploads\/2009\/05\/logo.JPG","type":"image\/jpeg"}],"author":"Subaru","twitter_card":"summary_large_image","twitter_misc":{"Escrito por":"Subaru","Tiempo de lectura":"2 minutos"},"schema":{"@context":"https:\/\/schema.org","@graph":[{"@type":"Article","@id":"https:\/\/www.subaru.es\/blog\/nuestra-marca\/previo-rallye-de-tierra-de-guijuelo\/#article","isPartOf":{"@id":"https:\/\/www.subaru.es\/blog\/nuestra-marca\/previo-rallye-de-tierra-de-guijuelo\/"},"author":{"name":"Subaru","@id":"https:\/\/www.subaru.es\/blog\/#\/schema\/person\/19a90b892230b8e0ec752704ddf4aa10"},"headline":"PREVIO RALLYE DE TIERRA DE GUIJUELO","datePublished":"2009-05-25T11:04:49+00:00","dateModified":"2020-08-06T09:41:44+00:00","mainEntityOfPage":{"@id":"https:\/\/www.subaru.es\/blog\/nuestra-marca\/previo-rallye-de-tierra-de-guijuelo\/"},"wordCount":373,"commentCount":0,"publisher":{"@id":"https:\/\/www.subaru.es\/blog\/#organization"},"image":{"@id":"https:\/\/www.subaru.es\/blog\/nuestra-marca\/previo-rallye-de-tierra-de-guijuelo\/#primaryimage"},"thumbnailUrl":"https:\/\/www.subaru.es\/blog\/wp-content\/uploads\/2009\/05\/logo.JPG","keywords":["asfalto","Brice Tirabassi","campeonato","Enrique Garc\u00eda Ojeda","espa\u00f1a","Fabrice Gordon","guijuelo","Jordi Barrab\u00e9s","KRS","programa","ralie","rallies","rally","Rallye Cantabria Infinita","rallyes","Subaru","Subaru Impreza Prodrive","Subaru Rally Team Spain","test","tierra","victoria"],"articleSection":["Nuestra marca"],"inLanguage":"es","potentialAction":[{"@type":"CommentAction","name":"Comment","target":["https:\/\/www.subaru.es\/blog\/nuestra-marca\/previo-rallye-de-tierra-de-guijuelo\/#respond"]}]},{"@type":"WebPage","@id":"https:\/\/www.subaru.es\/blog\/nuestra-marca\/previo-rallye-de-tierra-de-guijuelo\/","url":"https:\/\/www.subaru.es\/blog\/nuestra-marca\/previo-rallye-de-tierra-de-guijuelo\/","name":"PREVIO RALLYE DE TIERRA DE GUIJUELO - Universo Subaru","isPartOf":{"@id":"https:\/\/www.subaru.es\/blog\/#website"},"primaryImageOfPage":{"@id":"https:\/\/www.subaru.es\/blog\/nuestra-marca\/previo-rallye-de-tierra-de-guijuelo\/#primaryimage"},"image":{"@id":"https:\/\/www.subaru.es\/blog\/nuestra-marca\/previo-rallye-de-tierra-de-guijuelo\/#primaryimage"},"thumbnailUrl":"https:\/\/www.subaru.es\/blog\/wp-content\/uploads\/2009\/05\/logo.JPG","datePublished":"2009-05-25T11:04:49+00:00","dateModified":"2020-08-06T09:41:44+00:00","breadcrumb":{"@id":"https:\/\/www.subaru.es\/blog\/nuestra-marca\/previo-rallye-de-tierra-de-guijuelo\/#breadcrumb"},"inLanguage":"es","potentialAction":[{"@type":"ReadAction","target":["https:\/\/www.subaru.es\/blog\/nuestra-marca\/previo-rallye-de-tierra-de-guijuelo\/"]}]},{"@type":"ImageObject","inLanguage":"es","@id":"https:\/\/www.subaru.es\/blog\/nuestra-marca\/previo-rallye-de-tierra-de-guijuelo\/#primaryimage","url":"https:\/\/www.subaru.es\/blog\/wp-content\/uploads\/2009\/05\/logo.JPG","contentUrl":"https:\/\/www.subaru.es\/blog\/wp-content\/uploads\/2009\/05\/logo.JPG","width":474,"height":54},{"@type":"BreadcrumbList","@id":"https:\/\/www.subaru.es\/blog\/nuestra-marca\/previo-rallye-de-tierra-de-guijuelo\/#breadcrumb","itemListElement":[{"@type":"ListItem","position":1,"name":"Portada","item":"https:\/\/www.subaru.es\/blog\/"},{"@type":"ListItem","position":2,"name":"PREVIO RALLYE DE TIERRA DE GUIJUELO"}]},{"@type":"WebSite","@id":"https:\/\/www.subaru.es\/blog\/#website","url":"https:\/\/www.subaru.es\/blog\/","name":"Universo Subaru","description":"Descubre este apasionante espacio de Subaru donde vas a conocer todo sobre nuestros coches y las experiencias que vivimos con ellos. Si est\u00e1s preparado para dejarte seducir por la filosof\u00eda Subaru, qu\u00e9date con nosotros.","publisher":{"@id":"https:\/\/www.subaru.es\/blog\/#organization"},"potentialAction":[{"@type":"SearchAction","target":{"@type":"EntryPoint","urlTemplate":"https:\/\/www.subaru.es\/blog\/?s={search_term_string}"},"query-input":{"@type":"PropertyValueSpecification","valueRequired":true,"valueName":"search_term_string"}}],"inLanguage":"es"},{"@type":"Organization","@id":"https:\/\/www.subaru.es\/blog\/#organization","name":"Subaru Espa\u00f1a S.A.","url":"https:\/\/www.subaru.es\/blog\/","logo":{"@type":"ImageObject","inLanguage":"es","@id":"https:\/\/www.subaru.es\/blog\/#\/schema\/logo\/image\/","url":"https:\/\/www.subaru.es\/blog\/wp-content\/uploads\/2016\/12\/Logo-Subaru-TypeV_C300-scaled.jpg","contentUrl":"https:\/\/www.subaru.es\/blog\/wp-content\/uploads\/2016\/12\/Logo-Subaru-TypeV_C300-scaled.jpg","width":2560,"height":1864,"caption":"Subaru Espa\u00f1a S.A."},"image":{"@id":"https:\/\/www.subaru.es\/blog\/#\/schema\/logo\/image\/"},"sameAs":["https:\/\/www.facebook.com\/subaruespana","https:\/\/www.instagram.com\/subarues\/","https:\/\/www.youtube.com\/user\/subaruespana"]},{"@type":"Person","@id":"https:\/\/www.subaru.es\/blog\/#\/schema\/person\/19a90b892230b8e0ec752704ddf4aa10","name":"Subaru","url":"https:\/\/www.subaru.es\/blog\/author\/subaria\/"}]}},"_links":{"self":[{"href":"https:\/\/www.subaru.es\/blog\/wp-json\/wp\/v2\/posts\/2093","targetHints":{"allow":["GET"]}}],"collection":[{"href":"https:\/\/www.subaru.es\/blog\/wp-json\/wp\/v2\/posts"}],"about":[{"href":"https:\/\/www.subaru.es\/blog\/wp-json\/wp\/v2\/types\/post"}],"author":[{"embeddable":true,"href":"https:\/\/www.subaru.es\/blog\/wp-json\/wp\/v2\/users\/21"}],"replies":[{"embeddable":true,"href":"https:\/\/www.subaru.es\/blog\/wp-json\/wp\/v2\/comments?post=2093"}],"version-history":[{"count":1,"href":"https:\/\/www.subaru.es\/blog\/wp-json\/wp\/v2\/posts\/2093\/revisions"}],"predecessor-version":[{"id":15218,"href":"https:\/\/www.subaru.es\/blog\/wp-json\/wp\/v2\/posts\/2093\/revisions\/15218"}],"wp:featuredmedia":[{"embeddable":true,"href":"https:\/\/www.subaru.es\/blog\/wp-json\/wp\/v2\/media\/2094"}],"wp:attachment":[{"href":"https:\/\/www.subaru.es\/blog\/wp-json\/wp\/v2\/media?parent=2093"}],"wp:term":[{"taxonomy":"category","embeddable":true,"href":"https:\/\/www.subaru.es\/blog\/wp-json\/wp\/v2\/categories?post=2093"},{"taxonomy":"post_tag","embeddable":true,"href":"https:\/\/www.subaru.es\/blog\/wp-json\/wp\/v2\/tags?post=2093"}],"curies":[{"name":"wp","href":"https:\/\/api.w.org\/{rel}","templated":true}]}}