{"id":2087,"date":"2009-05-13T22:31:54","date_gmt":"2009-05-13T20:31:54","guid":{"rendered":"http:\/\/subaru.preproduccion.com\/blog\/wp-content\/2009\/05\/13\/previo-rallye-cantabria-infinita\/"},"modified":"2020-08-06T11:41:44","modified_gmt":"2020-08-06T09:41:44","slug":"previo-rallye-cantabria-infinita","status":"publish","type":"post","link":"https:\/\/www.subaru.es\/blog\/nuestra-marca\/previo-rallye-cantabria-infinita\/","title":{"rendered":"PREVIO RALLYE CANTABRIA INFINITA"},"content":{"rendered":"<p><center><img decoding=\"async\" data-src=\"http:\/\/www.gjd-solutions.co.uk\/press\/srts\/srts-precantabria-ojeda.jpg\" width=\"475\" alt=\"\" src=\"data:image\/svg+xml;base64,PHN2ZyB3aWR0aD0iMSIgaGVpZ2h0PSIxIiB4bWxucz0iaHR0cDovL3d3dy53My5vcmcvMjAwMC9zdmciPjwvc3ZnPg==\" class=\"lazyload\" \/><\/center><\/p>\n<p>El <strong>Subaru Rally Team Spain<\/strong> afronta este fin de semana uno de los rallyes m\u00e1s esperados del a\u00f1o por todos los miembros del equipo oficial de Subaru Espa\u00f1a. Se trata del <strong>Cantabria Infinita<\/strong>, la prueba &#8216;de casa&#8217; para los dos pilotos y buena parte del equipo t\u00e9cnico de <strong>KRS Motor Events<\/strong>, cuya sede se encuentra en la localidad c\u00e1ntabra de los <strong>Corrales de Buelna<\/strong>.<\/p>\n<p>El <strong>Cantabria Infinita celebra su 31\u00aa edici\u00f3n y es la tercera prueba puntuable del Campeonato de Espa\u00f1a de Rallyes de Asfalto<\/strong>, en cuya clasificaci\u00f3n figura tercero de la general el primer piloto del <strong>Subaru Rally Team Spain, Enrique Garc\u00eda Ojeda<\/strong>. El actual campe\u00f3n de Espa\u00f1a partir\u00e1 en la cita c\u00e1ntabra del nacional con las m\u00e1ximas aspiraciones al volante del Subaru Impreza Prodrive y con su habitual copiloto Jordi Barrab\u00e9s en el asiento de la derecha. Aunque es consciente de la dif\u00edcil competencia que encontrar\u00e1 en los tramos del Cantabria Infinita 2009, Ojeda saldr\u00e1 dispuesto a reeditar su triunfo de la pasada campa\u00f1a, para lo que contar\u00e1 tanto con la cada vez mayor competitivdad del Impreza como con la motivaci\u00f3n extra que siempre supone correr en su tierra.<\/p>\n<p>Una motivaci\u00f3n que ser\u00e1 tambi\u00e9n m\u00e1xima para <strong>Mario Ceballos<\/strong>, en su segundo rallye como piloto del <strong>Subaru Rally Team Spain<\/strong> tras su positivo debut en el <a href=\"https:\/\/www.subaru.es\/blog\/2009\/03\/31\/rallye-de-villajoyosa\/\">Villajoyosa<\/a> a finales de marzo. Mario y su copiloto <strong>Borja Rozada<\/strong> esperan hacer un buen papel en unos tramos que el piloto c\u00e1ntabro conoce bien y en los que a buen seguro contar\u00e1 con el apoyo de los numerosos aficionados locales que acudiran como cada a\u00f1o a las cunetas del rallye c\u00e1ntabro.<\/p>\n<p><center><img decoding=\"async\" data-src=\"http:\/\/www.gjd-solutions.co.uk\/press\/srts\/srts-precantabria-ceballos.jpg\" width=\"475\" alt=\"\" src=\"data:image\/svg+xml;base64,PHN2ZyB3aWR0aD0iMSIgaGVpZ2h0PSIxIiB4bWxucz0iaHR0cDovL3d3dy53My5vcmcvMjAwMC9zdmciPjwvc3ZnPg==\" class=\"lazyload\" \/><\/center><\/p>\n<p>El primer contacto de los dos coches del Subaru Rally Team Spain con los tramos del Cantabria Infinita 2009 se producir\u00e1 el viernes con motivo del shakedown, que se llevar\u00e1 a cabo en Villacarriedo, mientras que el rallye propiamente dicho se desarrollar\u00e1 de forma integra a lo largo de la jornada del s\u00e1bado, sobre un recorrido muy concentrado, con cuatro tramos diferentes a dos pasadas para totalizar ocho especiales y m\u00e1s de 150 kil\u00f3metros cronometrados. <\/p>\n<p><strong>M\u00e1s informaci\u00f3n sobre la prueba en su web oficial <a href=\"http:\/\/www.rallyessantander.com\">www.rallyesantander.com<\/a><\/strong><\/p>\n","protected":false},"excerpt":{"rendered":"<p>El Subaru Rally Team Spain afronta este fin de semana uno de los rallyes m\u00e1s esperados del a\u00f1o por todos los miembros del equipo oficial de Subaru Espa\u00f1a. Se trata del Cantabria Infinita, la prueba &#8216;de casa&#8217; para los dos pilotos y buena parte del equipo t\u00e9cnico de KRS Motor Events, cuya sede se encuentra [&hellip;]<\/p>\n","protected":false},"author":21,"featured_media":0,"comment_status":"open","ping_status":"open","sticky":false,"template":"","format":"standard","meta":{"_acf_changed":false,"_eb_attr":"","inline_featured_image":false,"footnotes":""},"categories":[4401],"tags":[],"class_list":["post-2087","post","type-post","status-publish","format-standard","hentry","category-nuestra-marca"],"acf":[],"yoast_head":"<!-- This site is optimized with the Yoast SEO plugin v27.3 - https:\/\/yoast.com\/product\/yoast-seo-wordpress\/ -->\n<title>PREVIO RALLYE CANTABRIA INFINITA - Universo Subaru<\/title>\n<meta name=\"robots\" content=\"index, follow, max-snippet:-1, max-image-preview:large, max-video-preview:-1\" \/>\n<link rel=\"canonical\" href=\"https:\/\/www.subaru.es\/blog\/nuestra-marca\/previo-rallye-cantabria-infinita\/\" \/>\n<meta property=\"og:locale\" content=\"es_ES\" \/>\n<meta property=\"og:type\" content=\"article\" \/>\n<meta property=\"og:title\" content=\"PREVIO RALLYE CANTABRIA INFINITA - Universo Subaru\" \/>\n<meta property=\"og:description\" content=\"El Subaru Rally Team Spain afronta este fin de semana uno de los rallyes m\u00e1s esperados del a\u00f1o por todos los miembros del equipo oficial de Subaru Espa\u00f1a. Se trata del Cantabria Infinita, la prueba &#8216;de casa&#8217; para los dos pilotos y buena parte del equipo t\u00e9cnico de KRS Motor Events, cuya sede se encuentra [&hellip;]\" \/>\n<meta property=\"og:url\" content=\"https:\/\/www.subaru.es\/blog\/nuestra-marca\/previo-rallye-cantabria-infinita\/\" \/>\n<meta property=\"og:site_name\" content=\"Universo Subaru\" \/>\n<meta property=\"article:publisher\" content=\"https:\/\/www.facebook.com\/subaruespana\" \/>\n<meta property=\"article:published_time\" content=\"2009-05-13T20:31:54+00:00\" \/>\n<meta property=\"article:modified_time\" content=\"2020-08-06T09:41:44+00:00\" \/>\n<meta property=\"og:image\" content=\"http:\/\/www.gjd-solutions.co.uk\/press\/srts\/srts-precantabria-ojeda.jpg\" \/>\n<meta name=\"author\" content=\"Subaru\" \/>\n<meta name=\"twitter:card\" content=\"summary_large_image\" \/>\n<meta name=\"twitter:label1\" content=\"Escrito por\" \/>\n\t<meta name=\"twitter:data1\" content=\"Subaru\" \/>\n\t<meta name=\"twitter:label2\" content=\"Tiempo de lectura\" \/>\n\t<meta name=\"twitter:data2\" content=\"2 minutos\" \/>\n<script type=\"application\/ld+json\" class=\"yoast-schema-graph\">{\"@context\":\"https:\\\/\\\/schema.org\",\"@graph\":[{\"@type\":\"Article\",\"@id\":\"https:\\\/\\\/www.subaru.es\\\/blog\\\/nuestra-marca\\\/previo-rallye-cantabria-infinita\\\/#article\",\"isPartOf\":{\"@id\":\"https:\\\/\\\/www.subaru.es\\\/blog\\\/nuestra-marca\\\/previo-rallye-cantabria-infinita\\\/\"},\"author\":{\"name\":\"Subaru\",\"@id\":\"https:\\\/\\\/www.subaru.es\\\/blog\\\/#\\\/schema\\\/person\\\/19a90b892230b8e0ec752704ddf4aa10\"},\"headline\":\"PREVIO RALLYE CANTABRIA INFINITA\",\"datePublished\":\"2009-05-13T20:31:54+00:00\",\"dateModified\":\"2020-08-06T09:41:44+00:00\",\"mainEntityOfPage\":{\"@id\":\"https:\\\/\\\/www.subaru.es\\\/blog\\\/nuestra-marca\\\/previo-rallye-cantabria-infinita\\\/\"},\"wordCount\":384,\"commentCount\":0,\"publisher\":{\"@id\":\"https:\\\/\\\/www.subaru.es\\\/blog\\\/#organization\"},\"image\":{\"@id\":\"https:\\\/\\\/www.subaru.es\\\/blog\\\/nuestra-marca\\\/previo-rallye-cantabria-infinita\\\/#primaryimage\"},\"thumbnailUrl\":\"http:\\\/\\\/www.gjd-solutions.co.uk\\\/press\\\/srts\\\/srts-precantabria-ojeda.jpg\",\"articleSection\":[\"Nuestra marca\"],\"inLanguage\":\"es\",\"potentialAction\":[{\"@type\":\"CommentAction\",\"name\":\"Comment\",\"target\":[\"https:\\\/\\\/www.subaru.es\\\/blog\\\/nuestra-marca\\\/previo-rallye-cantabria-infinita\\\/#respond\"]}]},{\"@type\":\"WebPage\",\"@id\":\"https:\\\/\\\/www.subaru.es\\\/blog\\\/nuestra-marca\\\/previo-rallye-cantabria-infinita\\\/\",\"url\":\"https:\\\/\\\/www.subaru.es\\\/blog\\\/nuestra-marca\\\/previo-rallye-cantabria-infinita\\\/\",\"name\":\"PREVIO RALLYE CANTABRIA INFINITA - Universo Subaru\",\"isPartOf\":{\"@id\":\"https:\\\/\\\/www.subaru.es\\\/blog\\\/#website\"},\"primaryImageOfPage\":{\"@id\":\"https:\\\/\\\/www.subaru.es\\\/blog\\\/nuestra-marca\\\/previo-rallye-cantabria-infinita\\\/#primaryimage\"},\"image\":{\"@id\":\"https:\\\/\\\/www.subaru.es\\\/blog\\\/nuestra-marca\\\/previo-rallye-cantabria-infinita\\\/#primaryimage\"},\"thumbnailUrl\":\"http:\\\/\\\/www.gjd-solutions.co.uk\\\/press\\\/srts\\\/srts-precantabria-ojeda.jpg\",\"datePublished\":\"2009-05-13T20:31:54+00:00\",\"dateModified\":\"2020-08-06T09:41:44+00:00\",\"breadcrumb\":{\"@id\":\"https:\\\/\\\/www.subaru.es\\\/blog\\\/nuestra-marca\\\/previo-rallye-cantabria-infinita\\\/#breadcrumb\"},\"inLanguage\":\"es\",\"potentialAction\":[{\"@type\":\"ReadAction\",\"target\":[\"https:\\\/\\\/www.subaru.es\\\/blog\\\/nuestra-marca\\\/previo-rallye-cantabria-infinita\\\/\"]}]},{\"@type\":\"ImageObject\",\"inLanguage\":\"es\",\"@id\":\"https:\\\/\\\/www.subaru.es\\\/blog\\\/nuestra-marca\\\/previo-rallye-cantabria-infinita\\\/#primaryimage\",\"url\":\"http:\\\/\\\/www.gjd-solutions.co.uk\\\/press\\\/srts\\\/srts-precantabria-ojeda.jpg\",\"contentUrl\":\"http:\\\/\\\/www.gjd-solutions.co.uk\\\/press\\\/srts\\\/srts-precantabria-ojeda.jpg\"},{\"@type\":\"BreadcrumbList\",\"@id\":\"https:\\\/\\\/www.subaru.es\\\/blog\\\/nuestra-marca\\\/previo-rallye-cantabria-infinita\\\/#breadcrumb\",\"itemListElement\":[{\"@type\":\"ListItem\",\"position\":1,\"name\":\"Portada\",\"item\":\"https:\\\/\\\/www.subaru.es\\\/blog\\\/\"},{\"@type\":\"ListItem\",\"position\":2,\"name\":\"PREVIO RALLYE CANTABRIA INFINITA\"}]},{\"@type\":\"WebSite\",\"@id\":\"https:\\\/\\\/www.subaru.es\\\/blog\\\/#website\",\"url\":\"https:\\\/\\\/www.subaru.es\\\/blog\\\/\",\"name\":\"Universo Subaru\",\"description\":\"Descubre este apasionante espacio de Subaru donde vas a conocer todo sobre nuestros coches y las experiencias que vivimos con ellos. Si est\u00e1s preparado para dejarte seducir por la filosof\u00eda Subaru, qu\u00e9date con nosotros.\",\"publisher\":{\"@id\":\"https:\\\/\\\/www.subaru.es\\\/blog\\\/#organization\"},\"potentialAction\":[{\"@type\":\"SearchAction\",\"target\":{\"@type\":\"EntryPoint\",\"urlTemplate\":\"https:\\\/\\\/www.subaru.es\\\/blog\\\/?s={search_term_string}\"},\"query-input\":{\"@type\":\"PropertyValueSpecification\",\"valueRequired\":true,\"valueName\":\"search_term_string\"}}],\"inLanguage\":\"es\"},{\"@type\":\"Organization\",\"@id\":\"https:\\\/\\\/www.subaru.es\\\/blog\\\/#organization\",\"name\":\"Subaru Espa\u00f1a S.A.\",\"url\":\"https:\\\/\\\/www.subaru.es\\\/blog\\\/\",\"logo\":{\"@type\":\"ImageObject\",\"inLanguage\":\"es\",\"@id\":\"https:\\\/\\\/www.subaru.es\\\/blog\\\/#\\\/schema\\\/logo\\\/image\\\/\",\"url\":\"https:\\\/\\\/www.subaru.es\\\/blog\\\/wp-content\\\/uploads\\\/2016\\\/12\\\/Logo-Subaru-TypeV_C300-scaled.jpg\",\"contentUrl\":\"https:\\\/\\\/www.subaru.es\\\/blog\\\/wp-content\\\/uploads\\\/2016\\\/12\\\/Logo-Subaru-TypeV_C300-scaled.jpg\",\"width\":2560,\"height\":1864,\"caption\":\"Subaru Espa\u00f1a S.A.\"},\"image\":{\"@id\":\"https:\\\/\\\/www.subaru.es\\\/blog\\\/#\\\/schema\\\/logo\\\/image\\\/\"},\"sameAs\":[\"https:\\\/\\\/www.facebook.com\\\/subaruespana\",\"https:\\\/\\\/www.instagram.com\\\/subarues\\\/\",\"https:\\\/\\\/www.youtube.com\\\/user\\\/subaruespana\"]},{\"@type\":\"Person\",\"@id\":\"https:\\\/\\\/www.subaru.es\\\/blog\\\/#\\\/schema\\\/person\\\/19a90b892230b8e0ec752704ddf4aa10\",\"name\":\"Subaru\",\"url\":\"https:\\\/\\\/www.subaru.es\\\/blog\\\/author\\\/subaria\\\/\"}]}<\/script>\n<!-- \/ Yoast SEO plugin. -->","yoast_head_json":{"title":"PREVIO RALLYE CANTABRIA INFINITA - Universo Subaru","robots":{"index":"index","follow":"follow","max-snippet":"max-snippet:-1","max-image-preview":"max-image-preview:large","max-video-preview":"max-video-preview:-1"},"canonical":"https:\/\/www.subaru.es\/blog\/nuestra-marca\/previo-rallye-cantabria-infinita\/","og_locale":"es_ES","og_type":"article","og_title":"PREVIO RALLYE CANTABRIA INFINITA - Universo Subaru","og_description":"El Subaru Rally Team Spain afronta este fin de semana uno de los rallyes m\u00e1s esperados del a\u00f1o por todos los miembros del equipo oficial de Subaru Espa\u00f1a. Se trata del Cantabria Infinita, la prueba &#8216;de casa&#8217; para los dos pilotos y buena parte del equipo t\u00e9cnico de KRS Motor Events, cuya sede se encuentra [&hellip;]","og_url":"https:\/\/www.subaru.es\/blog\/nuestra-marca\/previo-rallye-cantabria-infinita\/","og_site_name":"Universo Subaru","article_publisher":"https:\/\/www.facebook.com\/subaruespana","article_published_time":"2009-05-13T20:31:54+00:00","article_modified_time":"2020-08-06T09:41:44+00:00","og_image":[{"url":"http:\/\/www.gjd-solutions.co.uk\/press\/srts\/srts-precantabria-ojeda.jpg","type":"","width":"","height":""}],"author":"Subaru","twitter_card":"summary_large_image","twitter_misc":{"Escrito por":"Subaru","Tiempo de lectura":"2 minutos"},"schema":{"@context":"https:\/\/schema.org","@graph":[{"@type":"Article","@id":"https:\/\/www.subaru.es\/blog\/nuestra-marca\/previo-rallye-cantabria-infinita\/#article","isPartOf":{"@id":"https:\/\/www.subaru.es\/blog\/nuestra-marca\/previo-rallye-cantabria-infinita\/"},"author":{"name":"Subaru","@id":"https:\/\/www.subaru.es\/blog\/#\/schema\/person\/19a90b892230b8e0ec752704ddf4aa10"},"headline":"PREVIO RALLYE CANTABRIA INFINITA","datePublished":"2009-05-13T20:31:54+00:00","dateModified":"2020-08-06T09:41:44+00:00","mainEntityOfPage":{"@id":"https:\/\/www.subaru.es\/blog\/nuestra-marca\/previo-rallye-cantabria-infinita\/"},"wordCount":384,"commentCount":0,"publisher":{"@id":"https:\/\/www.subaru.es\/blog\/#organization"},"image":{"@id":"https:\/\/www.subaru.es\/blog\/nuestra-marca\/previo-rallye-cantabria-infinita\/#primaryimage"},"thumbnailUrl":"http:\/\/www.gjd-solutions.co.uk\/press\/srts\/srts-precantabria-ojeda.jpg","articleSection":["Nuestra marca"],"inLanguage":"es","potentialAction":[{"@type":"CommentAction","name":"Comment","target":["https:\/\/www.subaru.es\/blog\/nuestra-marca\/previo-rallye-cantabria-infinita\/#respond"]}]},{"@type":"WebPage","@id":"https:\/\/www.subaru.es\/blog\/nuestra-marca\/previo-rallye-cantabria-infinita\/","url":"https:\/\/www.subaru.es\/blog\/nuestra-marca\/previo-rallye-cantabria-infinita\/","name":"PREVIO RALLYE CANTABRIA INFINITA - Universo Subaru","isPartOf":{"@id":"https:\/\/www.subaru.es\/blog\/#website"},"primaryImageOfPage":{"@id":"https:\/\/www.subaru.es\/blog\/nuestra-marca\/previo-rallye-cantabria-infinita\/#primaryimage"},"image":{"@id":"https:\/\/www.subaru.es\/blog\/nuestra-marca\/previo-rallye-cantabria-infinita\/#primaryimage"},"thumbnailUrl":"http:\/\/www.gjd-solutions.co.uk\/press\/srts\/srts-precantabria-ojeda.jpg","datePublished":"2009-05-13T20:31:54+00:00","dateModified":"2020-08-06T09:41:44+00:00","breadcrumb":{"@id":"https:\/\/www.subaru.es\/blog\/nuestra-marca\/previo-rallye-cantabria-infinita\/#breadcrumb"},"inLanguage":"es","potentialAction":[{"@type":"ReadAction","target":["https:\/\/www.subaru.es\/blog\/nuestra-marca\/previo-rallye-cantabria-infinita\/"]}]},{"@type":"ImageObject","inLanguage":"es","@id":"https:\/\/www.subaru.es\/blog\/nuestra-marca\/previo-rallye-cantabria-infinita\/#primaryimage","url":"http:\/\/www.gjd-solutions.co.uk\/press\/srts\/srts-precantabria-ojeda.jpg","contentUrl":"http:\/\/www.gjd-solutions.co.uk\/press\/srts\/srts-precantabria-ojeda.jpg"},{"@type":"BreadcrumbList","@id":"https:\/\/www.subaru.es\/blog\/nuestra-marca\/previo-rallye-cantabria-infinita\/#breadcrumb","itemListElement":[{"@type":"ListItem","position":1,"name":"Portada","item":"https:\/\/www.subaru.es\/blog\/"},{"@type":"ListItem","position":2,"name":"PREVIO RALLYE CANTABRIA INFINITA"}]},{"@type":"WebSite","@id":"https:\/\/www.subaru.es\/blog\/#website","url":"https:\/\/www.subaru.es\/blog\/","name":"Universo Subaru","description":"Descubre este apasionante espacio de Subaru donde vas a conocer todo sobre nuestros coches y las experiencias que vivimos con ellos. Si est\u00e1s preparado para dejarte seducir por la filosof\u00eda Subaru, qu\u00e9date con nosotros.","publisher":{"@id":"https:\/\/www.subaru.es\/blog\/#organization"},"potentialAction":[{"@type":"SearchAction","target":{"@type":"EntryPoint","urlTemplate":"https:\/\/www.subaru.es\/blog\/?s={search_term_string}"},"query-input":{"@type":"PropertyValueSpecification","valueRequired":true,"valueName":"search_term_string"}}],"inLanguage":"es"},{"@type":"Organization","@id":"https:\/\/www.subaru.es\/blog\/#organization","name":"Subaru Espa\u00f1a S.A.","url":"https:\/\/www.subaru.es\/blog\/","logo":{"@type":"ImageObject","inLanguage":"es","@id":"https:\/\/www.subaru.es\/blog\/#\/schema\/logo\/image\/","url":"https:\/\/www.subaru.es\/blog\/wp-content\/uploads\/2016\/12\/Logo-Subaru-TypeV_C300-scaled.jpg","contentUrl":"https:\/\/www.subaru.es\/blog\/wp-content\/uploads\/2016\/12\/Logo-Subaru-TypeV_C300-scaled.jpg","width":2560,"height":1864,"caption":"Subaru Espa\u00f1a S.A."},"image":{"@id":"https:\/\/www.subaru.es\/blog\/#\/schema\/logo\/image\/"},"sameAs":["https:\/\/www.facebook.com\/subaruespana","https:\/\/www.instagram.com\/subarues\/","https:\/\/www.youtube.com\/user\/subaruespana"]},{"@type":"Person","@id":"https:\/\/www.subaru.es\/blog\/#\/schema\/person\/19a90b892230b8e0ec752704ddf4aa10","name":"Subaru","url":"https:\/\/www.subaru.es\/blog\/author\/subaria\/"}]}},"_links":{"self":[{"href":"https:\/\/www.subaru.es\/blog\/wp-json\/wp\/v2\/posts\/2087","targetHints":{"allow":["GET"]}}],"collection":[{"href":"https:\/\/www.subaru.es\/blog\/wp-json\/wp\/v2\/posts"}],"about":[{"href":"https:\/\/www.subaru.es\/blog\/wp-json\/wp\/v2\/types\/post"}],"author":[{"embeddable":true,"href":"https:\/\/www.subaru.es\/blog\/wp-json\/wp\/v2\/users\/21"}],"replies":[{"embeddable":true,"href":"https:\/\/www.subaru.es\/blog\/wp-json\/wp\/v2\/comments?post=2087"}],"version-history":[{"count":1,"href":"https:\/\/www.subaru.es\/blog\/wp-json\/wp\/v2\/posts\/2087\/revisions"}],"predecessor-version":[{"id":16212,"href":"https:\/\/www.subaru.es\/blog\/wp-json\/wp\/v2\/posts\/2087\/revisions\/16212"}],"wp:attachment":[{"href":"https:\/\/www.subaru.es\/blog\/wp-json\/wp\/v2\/media?parent=2087"}],"wp:term":[{"taxonomy":"category","embeddable":true,"href":"https:\/\/www.subaru.es\/blog\/wp-json\/wp\/v2\/categories?post=2087"},{"taxonomy":"post_tag","embeddable":true,"href":"https:\/\/www.subaru.es\/blog\/wp-json\/wp\/v2\/tags?post=2087"}],"curies":[{"name":"wp","href":"https:\/\/api.w.org\/{rel}","templated":true}]}}