{"id":2085,"date":"2009-04-21T18:00:03","date_gmt":"2009-04-21T16:00:03","guid":{"rendered":"http:\/\/subaru.preproduccion.com\/blog\/wp-content\/2009\/04\/21\/previo-rallye-de-canarias\/"},"modified":"2020-08-06T11:44:14","modified_gmt":"2020-08-06T09:44:14","slug":"previo-rallye-de-canarias","status":"publish","type":"post","link":"https:\/\/www.subaru.es\/blog\/nuestra-marca\/previo-rallye-de-canarias\/","title":{"rendered":"Previo Rallye de Canarias"},"content":{"rendered":"<p><img decoding=\"async\" width=\"475\" data-src=\"http:\/\/www.gjd-solutions.co.uk\/press\/srts\/srts-pre-canarias1.jpg\" alt=\"\" src=\"data:image\/svg+xml;base64,PHN2ZyB3aWR0aD0iMSIgaGVpZ2h0PSIxIiB4bWxucz0iaHR0cDovL3d3dy53My5vcmcvMjAwMC9zdmciPjwvc3ZnPg==\" class=\"lazyload\" \/><\/p>\n<p>El <strong>Subaru Rally Team Spain<\/strong> estar\u00e1 presente en la segunda prueba del <strong>Campeonato de Espa\u00f1a de Rallyes de Asfalto<\/strong>, el rallye Islas Canarias, al decidirse finalmente la inscripci\u00f3n del c\u00e1ntabro <strong>Enrique Garc\u00eda Ojeda<\/strong> al volante de uno de los Impreza Prodrive del equipo oficial de Subaru Espa\u00f1a.<\/p>\n<p>La participaci\u00f3n de Ojeda en el rallye canario, se llevar\u00e1 a cabo gracias tanto al inter\u00e9s mostrado por la organizaci\u00f3n del rallye como, sobre todo, al extraordinario esfuerzo realizado por <strong>KRS Motor Events<\/strong> para poder tomar parte en la prueba. Tras el prometedor debut de los <strong>Subaru Impreza Prodrive<\/strong> en el asfalto con motivo del rallye de La Vila Joiosa, donde s\u00f3lo la mala fortuna sufrida por Ojeda en los tramos de la ma\u00f1ana impidi\u00f3 al actual Campe\u00f3n de Espa\u00f1a estar al final del rallye en la lucha por la victoria, el equipo ha trabajado a fondo para dejar en perfectas condiciones el veh\u00edculo que competir\u00e1 en Canarias. Un esfuerzo que se ha visto multiplicado por la siempre complicada log\u00edstica de una prueba en las islas, que implica el env\u00edo del material de competici\u00f3n con mayor antelaci\u00f3n, lo que ha supuesto un aut\u00e9ntico trabajo contra reloj para todos los componentes de KRS.<\/p>\n<p>La segunda prueba del nacional, con un recorrido que no favorece en teor\u00eda a los grupo N, se presenta como un interesant\u00edsimo desaf\u00edo para <strong>Enrique Garc\u00eda Ojeda<\/strong>, su copiloto <strong>Jordi Barrab\u00e9s<\/strong> y el <strong>Subaru Rally Team Spain<\/strong>. Sobre unos tramos muy r\u00e1pidos y con buen piso, el primer objetivo de piloto c\u00e1ntabro y del equipo es confirmar las muy buenas sensaciones que les dej\u00f3 el Subaru Impreza Prodrive, que debut\u00f3 en Villajoyosa. Los cronos marcados en el rallye levantino fueron de muy buen nivel pese a los l\u00f3gicos problemas de juventud en un veh\u00edculo tan nuevo, por lo que en Canarias el equipo t\u00e9cnico de KRS tendr\u00e1 una inmejorable ocasi\u00f3n para seguir trabajando en la puesta a punto del coche, al disputarse la prueba sobre un terreno muy distinto al del rallye inaugural del campeonato. Todo ello sin renunciar a la lucha por las primeras plazas, con la intenci\u00f3n para Ojeda de sumar el m\u00e1ximo n\u00famero de puntos posibles para llegar bien situado en la general del certamen a la siguiente cita del equipo en el nacional de asfalto, el Cantabria Infinita, prueba &#8216;de casa&#8217; para los pilotos y para el equipo t\u00e9cnico del Subaru Rally Team Spain.<\/p>\n<p>El rallye canario punt\u00faa tanto para el Campeonato de Espa\u00f1a como para la copa de Europa FIA, y ello implica una serie de cambios en su desarrollo. De entrada, la prueba se llevar\u00e1 a cabo a lo largo de tres jornadas en vez de las dos habituales en la mayor\u00eda de las citas del nacional. El jueves empezar\u00e1 ya la actividad para los veh\u00edculos de competici\u00f3n con la disputa del shakedown, mientras que los doce tramos cronometrados de que consta el recorrido se repartiran entre las jornadas del viernes y el s\u00e1bado. M\u00e1s informaci\u00f3n sobre todos los detalles relativos a la 33\u00aa edici\u00f3n del rallye canario en su p\u00e1gina web oficial <a href=\"http:\/\/www.rallyislascanarias.com\">www.rallyislascanarias.com<\/a><\/p>\n","protected":false},"excerpt":{"rendered":"<p>El Subaru Rally Team Spain estar\u00e1 presente en la segunda prueba del Campeonato de Espa\u00f1a de Rallyes de Asfalto, el rallye Islas Canarias, al decidirse finalmente la inscripci\u00f3n del c\u00e1ntabro Enrique Garc\u00eda Ojeda al volante de uno de los Impreza Prodrive del equipo oficial de Subaru Espa\u00f1a. La participaci\u00f3n de Ojeda en el rallye canario, [&hellip;]<\/p>\n","protected":false},"author":21,"featured_media":0,"comment_status":"open","ping_status":"open","sticky":false,"template":"","format":"standard","meta":{"_acf_changed":false,"_eb_attr":"","inline_featured_image":false,"footnotes":""},"categories":[4401],"tags":[],"class_list":["post-2085","post","type-post","status-publish","format-standard","hentry","category-nuestra-marca"],"acf":[],"yoast_head":"<!-- This site is optimized with the Yoast SEO plugin v27.3 - https:\/\/yoast.com\/product\/yoast-seo-wordpress\/ -->\n<title>Previo Rallye de Canarias - Universo Subaru<\/title>\n<meta name=\"robots\" content=\"index, follow, max-snippet:-1, max-image-preview:large, max-video-preview:-1\" \/>\n<link rel=\"canonical\" href=\"https:\/\/www.subaru.es\/blog\/nuestra-marca\/previo-rallye-de-canarias\/\" \/>\n<meta property=\"og:locale\" content=\"es_ES\" \/>\n<meta property=\"og:type\" content=\"article\" \/>\n<meta property=\"og:title\" content=\"Previo Rallye de Canarias - Universo Subaru\" \/>\n<meta property=\"og:description\" content=\"El Subaru Rally Team Spain estar\u00e1 presente en la segunda prueba del Campeonato de Espa\u00f1a de Rallyes de Asfalto, el rallye Islas Canarias, al decidirse finalmente la inscripci\u00f3n del c\u00e1ntabro Enrique Garc\u00eda Ojeda al volante de uno de los Impreza Prodrive del equipo oficial de Subaru Espa\u00f1a. La participaci\u00f3n de Ojeda en el rallye canario, [&hellip;]\" \/>\n<meta property=\"og:url\" content=\"https:\/\/www.subaru.es\/blog\/nuestra-marca\/previo-rallye-de-canarias\/\" \/>\n<meta property=\"og:site_name\" content=\"Universo Subaru\" \/>\n<meta property=\"article:publisher\" content=\"https:\/\/www.facebook.com\/subaruespana\" \/>\n<meta property=\"article:published_time\" content=\"2009-04-21T16:00:03+00:00\" \/>\n<meta property=\"article:modified_time\" content=\"2020-08-06T09:44:14+00:00\" \/>\n<meta property=\"og:image\" content=\"http:\/\/www.gjd-solutions.co.uk\/press\/srts\/srts-pre-canarias1.jpg\" \/>\n<meta name=\"author\" content=\"Subaru\" \/>\n<meta name=\"twitter:card\" content=\"summary_large_image\" \/>\n<meta name=\"twitter:label1\" content=\"Escrito por\" \/>\n\t<meta name=\"twitter:data1\" content=\"Subaru\" \/>\n\t<meta name=\"twitter:label2\" content=\"Tiempo de lectura\" \/>\n\t<meta name=\"twitter:data2\" content=\"3 minutos\" \/>\n<script type=\"application\/ld+json\" class=\"yoast-schema-graph\">{\"@context\":\"https:\\\/\\\/schema.org\",\"@graph\":[{\"@type\":\"Article\",\"@id\":\"https:\\\/\\\/www.subaru.es\\\/blog\\\/nuestra-marca\\\/previo-rallye-de-canarias\\\/#article\",\"isPartOf\":{\"@id\":\"https:\\\/\\\/www.subaru.es\\\/blog\\\/nuestra-marca\\\/previo-rallye-de-canarias\\\/\"},\"author\":{\"name\":\"Subaru\",\"@id\":\"https:\\\/\\\/www.subaru.es\\\/blog\\\/#\\\/schema\\\/person\\\/19a90b892230b8e0ec752704ddf4aa10\"},\"headline\":\"Previo Rallye de Canarias\",\"datePublished\":\"2009-04-21T16:00:03+00:00\",\"dateModified\":\"2020-08-06T09:44:14+00:00\",\"mainEntityOfPage\":{\"@id\":\"https:\\\/\\\/www.subaru.es\\\/blog\\\/nuestra-marca\\\/previo-rallye-de-canarias\\\/\"},\"wordCount\":557,\"commentCount\":0,\"publisher\":{\"@id\":\"https:\\\/\\\/www.subaru.es\\\/blog\\\/#organization\"},\"image\":{\"@id\":\"https:\\\/\\\/www.subaru.es\\\/blog\\\/nuestra-marca\\\/previo-rallye-de-canarias\\\/#primaryimage\"},\"thumbnailUrl\":\"http:\\\/\\\/www.gjd-solutions.co.uk\\\/press\\\/srts\\\/srts-pre-canarias1.jpg\",\"articleSection\":[\"Nuestra marca\"],\"inLanguage\":\"es\",\"potentialAction\":[{\"@type\":\"CommentAction\",\"name\":\"Comment\",\"target\":[\"https:\\\/\\\/www.subaru.es\\\/blog\\\/nuestra-marca\\\/previo-rallye-de-canarias\\\/#respond\"]}]},{\"@type\":\"WebPage\",\"@id\":\"https:\\\/\\\/www.subaru.es\\\/blog\\\/nuestra-marca\\\/previo-rallye-de-canarias\\\/\",\"url\":\"https:\\\/\\\/www.subaru.es\\\/blog\\\/nuestra-marca\\\/previo-rallye-de-canarias\\\/\",\"name\":\"Previo Rallye de Canarias - Universo Subaru\",\"isPartOf\":{\"@id\":\"https:\\\/\\\/www.subaru.es\\\/blog\\\/#website\"},\"primaryImageOfPage\":{\"@id\":\"https:\\\/\\\/www.subaru.es\\\/blog\\\/nuestra-marca\\\/previo-rallye-de-canarias\\\/#primaryimage\"},\"image\":{\"@id\":\"https:\\\/\\\/www.subaru.es\\\/blog\\\/nuestra-marca\\\/previo-rallye-de-canarias\\\/#primaryimage\"},\"thumbnailUrl\":\"http:\\\/\\\/www.gjd-solutions.co.uk\\\/press\\\/srts\\\/srts-pre-canarias1.jpg\",\"datePublished\":\"2009-04-21T16:00:03+00:00\",\"dateModified\":\"2020-08-06T09:44:14+00:00\",\"breadcrumb\":{\"@id\":\"https:\\\/\\\/www.subaru.es\\\/blog\\\/nuestra-marca\\\/previo-rallye-de-canarias\\\/#breadcrumb\"},\"inLanguage\":\"es\",\"potentialAction\":[{\"@type\":\"ReadAction\",\"target\":[\"https:\\\/\\\/www.subaru.es\\\/blog\\\/nuestra-marca\\\/previo-rallye-de-canarias\\\/\"]}]},{\"@type\":\"ImageObject\",\"inLanguage\":\"es\",\"@id\":\"https:\\\/\\\/www.subaru.es\\\/blog\\\/nuestra-marca\\\/previo-rallye-de-canarias\\\/#primaryimage\",\"url\":\"http:\\\/\\\/www.gjd-solutions.co.uk\\\/press\\\/srts\\\/srts-pre-canarias1.jpg\",\"contentUrl\":\"http:\\\/\\\/www.gjd-solutions.co.uk\\\/press\\\/srts\\\/srts-pre-canarias1.jpg\"},{\"@type\":\"BreadcrumbList\",\"@id\":\"https:\\\/\\\/www.subaru.es\\\/blog\\\/nuestra-marca\\\/previo-rallye-de-canarias\\\/#breadcrumb\",\"itemListElement\":[{\"@type\":\"ListItem\",\"position\":1,\"name\":\"Portada\",\"item\":\"https:\\\/\\\/www.subaru.es\\\/blog\\\/\"},{\"@type\":\"ListItem\",\"position\":2,\"name\":\"Previo Rallye de Canarias\"}]},{\"@type\":\"WebSite\",\"@id\":\"https:\\\/\\\/www.subaru.es\\\/blog\\\/#website\",\"url\":\"https:\\\/\\\/www.subaru.es\\\/blog\\\/\",\"name\":\"Universo Subaru\",\"description\":\"Descubre este apasionante espacio de Subaru donde vas a conocer todo sobre nuestros coches y las experiencias que vivimos con ellos. Si est\u00e1s preparado para dejarte seducir por la filosof\u00eda Subaru, qu\u00e9date con nosotros.\",\"publisher\":{\"@id\":\"https:\\\/\\\/www.subaru.es\\\/blog\\\/#organization\"},\"potentialAction\":[{\"@type\":\"SearchAction\",\"target\":{\"@type\":\"EntryPoint\",\"urlTemplate\":\"https:\\\/\\\/www.subaru.es\\\/blog\\\/?s={search_term_string}\"},\"query-input\":{\"@type\":\"PropertyValueSpecification\",\"valueRequired\":true,\"valueName\":\"search_term_string\"}}],\"inLanguage\":\"es\"},{\"@type\":\"Organization\",\"@id\":\"https:\\\/\\\/www.subaru.es\\\/blog\\\/#organization\",\"name\":\"Subaru Espa\u00f1a S.A.\",\"url\":\"https:\\\/\\\/www.subaru.es\\\/blog\\\/\",\"logo\":{\"@type\":\"ImageObject\",\"inLanguage\":\"es\",\"@id\":\"https:\\\/\\\/www.subaru.es\\\/blog\\\/#\\\/schema\\\/logo\\\/image\\\/\",\"url\":\"https:\\\/\\\/www.subaru.es\\\/blog\\\/wp-content\\\/uploads\\\/2016\\\/12\\\/Logo-Subaru-TypeV_C300-scaled.jpg\",\"contentUrl\":\"https:\\\/\\\/www.subaru.es\\\/blog\\\/wp-content\\\/uploads\\\/2016\\\/12\\\/Logo-Subaru-TypeV_C300-scaled.jpg\",\"width\":2560,\"height\":1864,\"caption\":\"Subaru Espa\u00f1a S.A.\"},\"image\":{\"@id\":\"https:\\\/\\\/www.subaru.es\\\/blog\\\/#\\\/schema\\\/logo\\\/image\\\/\"},\"sameAs\":[\"https:\\\/\\\/www.facebook.com\\\/subaruespana\",\"https:\\\/\\\/www.instagram.com\\\/subarues\\\/\",\"https:\\\/\\\/www.youtube.com\\\/user\\\/subaruespana\"]},{\"@type\":\"Person\",\"@id\":\"https:\\\/\\\/www.subaru.es\\\/blog\\\/#\\\/schema\\\/person\\\/19a90b892230b8e0ec752704ddf4aa10\",\"name\":\"Subaru\",\"url\":\"https:\\\/\\\/www.subaru.es\\\/blog\\\/author\\\/subaria\\\/\"}]}<\/script>\n<!-- \/ Yoast SEO plugin. -->","yoast_head_json":{"title":"Previo Rallye de Canarias - Universo Subaru","robots":{"index":"index","follow":"follow","max-snippet":"max-snippet:-1","max-image-preview":"max-image-preview:large","max-video-preview":"max-video-preview:-1"},"canonical":"https:\/\/www.subaru.es\/blog\/nuestra-marca\/previo-rallye-de-canarias\/","og_locale":"es_ES","og_type":"article","og_title":"Previo Rallye de Canarias - Universo Subaru","og_description":"El Subaru Rally Team Spain estar\u00e1 presente en la segunda prueba del Campeonato de Espa\u00f1a de Rallyes de Asfalto, el rallye Islas Canarias, al decidirse finalmente la inscripci\u00f3n del c\u00e1ntabro Enrique Garc\u00eda Ojeda al volante de uno de los Impreza Prodrive del equipo oficial de Subaru Espa\u00f1a. La participaci\u00f3n de Ojeda en el rallye canario, [&hellip;]","og_url":"https:\/\/www.subaru.es\/blog\/nuestra-marca\/previo-rallye-de-canarias\/","og_site_name":"Universo Subaru","article_publisher":"https:\/\/www.facebook.com\/subaruespana","article_published_time":"2009-04-21T16:00:03+00:00","article_modified_time":"2020-08-06T09:44:14+00:00","og_image":[{"url":"http:\/\/www.gjd-solutions.co.uk\/press\/srts\/srts-pre-canarias1.jpg","type":"","width":"","height":""}],"author":"Subaru","twitter_card":"summary_large_image","twitter_misc":{"Escrito por":"Subaru","Tiempo de lectura":"3 minutos"},"schema":{"@context":"https:\/\/schema.org","@graph":[{"@type":"Article","@id":"https:\/\/www.subaru.es\/blog\/nuestra-marca\/previo-rallye-de-canarias\/#article","isPartOf":{"@id":"https:\/\/www.subaru.es\/blog\/nuestra-marca\/previo-rallye-de-canarias\/"},"author":{"name":"Subaru","@id":"https:\/\/www.subaru.es\/blog\/#\/schema\/person\/19a90b892230b8e0ec752704ddf4aa10"},"headline":"Previo Rallye de Canarias","datePublished":"2009-04-21T16:00:03+00:00","dateModified":"2020-08-06T09:44:14+00:00","mainEntityOfPage":{"@id":"https:\/\/www.subaru.es\/blog\/nuestra-marca\/previo-rallye-de-canarias\/"},"wordCount":557,"commentCount":0,"publisher":{"@id":"https:\/\/www.subaru.es\/blog\/#organization"},"image":{"@id":"https:\/\/www.subaru.es\/blog\/nuestra-marca\/previo-rallye-de-canarias\/#primaryimage"},"thumbnailUrl":"http:\/\/www.gjd-solutions.co.uk\/press\/srts\/srts-pre-canarias1.jpg","articleSection":["Nuestra marca"],"inLanguage":"es","potentialAction":[{"@type":"CommentAction","name":"Comment","target":["https:\/\/www.subaru.es\/blog\/nuestra-marca\/previo-rallye-de-canarias\/#respond"]}]},{"@type":"WebPage","@id":"https:\/\/www.subaru.es\/blog\/nuestra-marca\/previo-rallye-de-canarias\/","url":"https:\/\/www.subaru.es\/blog\/nuestra-marca\/previo-rallye-de-canarias\/","name":"Previo Rallye de Canarias - Universo Subaru","isPartOf":{"@id":"https:\/\/www.subaru.es\/blog\/#website"},"primaryImageOfPage":{"@id":"https:\/\/www.subaru.es\/blog\/nuestra-marca\/previo-rallye-de-canarias\/#primaryimage"},"image":{"@id":"https:\/\/www.subaru.es\/blog\/nuestra-marca\/previo-rallye-de-canarias\/#primaryimage"},"thumbnailUrl":"http:\/\/www.gjd-solutions.co.uk\/press\/srts\/srts-pre-canarias1.jpg","datePublished":"2009-04-21T16:00:03+00:00","dateModified":"2020-08-06T09:44:14+00:00","breadcrumb":{"@id":"https:\/\/www.subaru.es\/blog\/nuestra-marca\/previo-rallye-de-canarias\/#breadcrumb"},"inLanguage":"es","potentialAction":[{"@type":"ReadAction","target":["https:\/\/www.subaru.es\/blog\/nuestra-marca\/previo-rallye-de-canarias\/"]}]},{"@type":"ImageObject","inLanguage":"es","@id":"https:\/\/www.subaru.es\/blog\/nuestra-marca\/previo-rallye-de-canarias\/#primaryimage","url":"http:\/\/www.gjd-solutions.co.uk\/press\/srts\/srts-pre-canarias1.jpg","contentUrl":"http:\/\/www.gjd-solutions.co.uk\/press\/srts\/srts-pre-canarias1.jpg"},{"@type":"BreadcrumbList","@id":"https:\/\/www.subaru.es\/blog\/nuestra-marca\/previo-rallye-de-canarias\/#breadcrumb","itemListElement":[{"@type":"ListItem","position":1,"name":"Portada","item":"https:\/\/www.subaru.es\/blog\/"},{"@type":"ListItem","position":2,"name":"Previo Rallye de Canarias"}]},{"@type":"WebSite","@id":"https:\/\/www.subaru.es\/blog\/#website","url":"https:\/\/www.subaru.es\/blog\/","name":"Universo Subaru","description":"Descubre este apasionante espacio de Subaru donde vas a conocer todo sobre nuestros coches y las experiencias que vivimos con ellos. Si est\u00e1s preparado para dejarte seducir por la filosof\u00eda Subaru, qu\u00e9date con nosotros.","publisher":{"@id":"https:\/\/www.subaru.es\/blog\/#organization"},"potentialAction":[{"@type":"SearchAction","target":{"@type":"EntryPoint","urlTemplate":"https:\/\/www.subaru.es\/blog\/?s={search_term_string}"},"query-input":{"@type":"PropertyValueSpecification","valueRequired":true,"valueName":"search_term_string"}}],"inLanguage":"es"},{"@type":"Organization","@id":"https:\/\/www.subaru.es\/blog\/#organization","name":"Subaru Espa\u00f1a S.A.","url":"https:\/\/www.subaru.es\/blog\/","logo":{"@type":"ImageObject","inLanguage":"es","@id":"https:\/\/www.subaru.es\/blog\/#\/schema\/logo\/image\/","url":"https:\/\/www.subaru.es\/blog\/wp-content\/uploads\/2016\/12\/Logo-Subaru-TypeV_C300-scaled.jpg","contentUrl":"https:\/\/www.subaru.es\/blog\/wp-content\/uploads\/2016\/12\/Logo-Subaru-TypeV_C300-scaled.jpg","width":2560,"height":1864,"caption":"Subaru Espa\u00f1a S.A."},"image":{"@id":"https:\/\/www.subaru.es\/blog\/#\/schema\/logo\/image\/"},"sameAs":["https:\/\/www.facebook.com\/subaruespana","https:\/\/www.instagram.com\/subarues\/","https:\/\/www.youtube.com\/user\/subaruespana"]},{"@type":"Person","@id":"https:\/\/www.subaru.es\/blog\/#\/schema\/person\/19a90b892230b8e0ec752704ddf4aa10","name":"Subaru","url":"https:\/\/www.subaru.es\/blog\/author\/subaria\/"}]}},"_links":{"self":[{"href":"https:\/\/www.subaru.es\/blog\/wp-json\/wp\/v2\/posts\/2085","targetHints":{"allow":["GET"]}}],"collection":[{"href":"https:\/\/www.subaru.es\/blog\/wp-json\/wp\/v2\/posts"}],"about":[{"href":"https:\/\/www.subaru.es\/blog\/wp-json\/wp\/v2\/types\/post"}],"author":[{"embeddable":true,"href":"https:\/\/www.subaru.es\/blog\/wp-json\/wp\/v2\/users\/21"}],"replies":[{"embeddable":true,"href":"https:\/\/www.subaru.es\/blog\/wp-json\/wp\/v2\/comments?post=2085"}],"version-history":[{"count":1,"href":"https:\/\/www.subaru.es\/blog\/wp-json\/wp\/v2\/posts\/2085\/revisions"}],"predecessor-version":[{"id":16214,"href":"https:\/\/www.subaru.es\/blog\/wp-json\/wp\/v2\/posts\/2085\/revisions\/16214"}],"wp:attachment":[{"href":"https:\/\/www.subaru.es\/blog\/wp-json\/wp\/v2\/media?parent=2085"}],"wp:term":[{"taxonomy":"category","embeddable":true,"href":"https:\/\/www.subaru.es\/blog\/wp-json\/wp\/v2\/categories?post=2085"},{"taxonomy":"post_tag","embeddable":true,"href":"https:\/\/www.subaru.es\/blog\/wp-json\/wp\/v2\/tags?post=2085"}],"curies":[{"name":"wp","href":"https:\/\/api.w.org\/{rel}","templated":true}]}}