{"id":20847,"date":"2019-04-16T12:37:27","date_gmt":"2019-04-16T10:37:27","guid":{"rendered":"https:\/\/www.subaru.es\/blog\/?p=20847"},"modified":"2019-04-23T16:17:32","modified_gmt":"2019-04-23T14:17:32","slug":"disfruta-con-subaru-del-fin-de-la-temporada-de-nieve","status":"publish","type":"post","link":"https:\/\/www.subaru.es\/blog\/subaru-lifestyle\/disfruta-con-subaru-del-fin-de-la-temporada-de-nieve\/","title":{"rendered":"El plan ideal  para disfrutar con Subaru del fin de la temporada de nieve en el Pirineo Oscense"},"content":{"rendered":"\n<p>Despu\u00e9s de las \u00faltimas nevadas <strong>llegamos a Semana Santa casi con m\u00e1s nieve en las cumbres<\/strong> que durante este at\u00edpico invierno, pero ya estamos terminando el mes de abril y es hora de guardar los esqu\u00eds. <br><\/p>\n\n\n\n<p>He subido al Pirineo para despedir la temporada por todo lo alto y para aprovechar tambi\u00e9n a hacer las primeras rutas de monta\u00f1a de la primavera. <br><\/p>\n\n\n\n<p>Una de mis zonas favoritas para practicar deporte y descansar es el Pirineo Oscense, donde adem\u00e1s de una gran estaci\u00f3n de esqu\u00ed, <strong>tambi\u00e9n encontrar\u00e9is algunos de los pueblos m\u00e1s bonitos de Espa\u00f1a,<\/strong> como Sallent de G\u00e1llego y Lanuza. <br><\/p>\n\n\n\n<p>Me encanta descubrir estos lugares y recorrer las estrechas carreteras de monta\u00f1a con mi <a rel=\"noreferrer noopener\" aria-label=\"Me encanta descubrir estos lugares y recorrer las estrechas carreteras de monta\u00f1a con mi Subaru Forester\u2026 \u00a1con el que no necesito cadenas si vuelve la nieve a sorprendernos! Comodidad y seguridad integral para recorrer los kil\u00f3metros que quieras.\n (opens in a new tab)\" href=\"https:\/\/www.subaru.es\/vehiculos\/forester\" target=\"_blank\">Subaru Forester<\/a>\u2026 <strong>\u00a1con el que no necesito cadenas si vuelve la nieve a sorprendernos!<\/strong> Comodidad y <a href=\"https:\/\/www.subaru.es\/blog\/nuestra-marca\/all-around-safety-seguridad-activa\/\" target=\"_blank\" rel=\"noreferrer noopener\" aria-label=\"Me encanta descubrir estos lugares y recorrer las estrechas carreteras de monta\u00f1a con mi Subaru Forester\u2026 \u00a1con el que no necesito cadenas si vuelve la nieve a sorprendernos! Comodidad y seguridad integral para recorrer los kil\u00f3metros que quieras.\n (opens in a new tab)\">seguridad<\/a> integral para recorrer los kil\u00f3metros que quieras.<br><\/p>\n\n\n\n<p>De Lanuza guardo un recuerdo muy especial desde que era peque\u00f1a: <strong>fue un pueblo abandonado bajo el embalse al final de los a\u00f1os setenta. <\/strong>Actualmente una parte est\u00e1 reconstruida y luce preciosa a orillas del embalse de Lanuza.  <br><\/p>\n\n\n\n<p>Desde Sallent hay <strong>una ruta alrededor del embalse muy recomendable y apta para toda la familia<\/strong>. Se trata de un paseo de 6,5km (ida y vuelta) que nos ofrece unas panor\u00e1micas espectaculares del embalse, de Sallent y de la majestuosa Pe\u00f1a Foratata, una de las estampas m\u00e1s conocidas de la zona. <br><\/p>\n\n\n\n<p>Despu\u00e9s de <strong>aprovechar la ma\u00f1ana en pistas y comer en mi restaurante favorito, La Tosquera, <\/strong>hicimos esta ruta para contemplar el incre\u00edble atardecer que ofrece. <br><\/p>\n\n\n\n<p>Un plan ideal para disfrutar de la monta\u00f1a\u2026 \u00a1y de tu <a href=\"https:\/\/www.subaru.es\">Subaru<\/a> al m\u00e1ximo!<br><br><\/p>\n\n\n\n<p><\/p>\n\n\n\n<p><\/p>\n\n\n\n<ul class=\"wp-block-gallery columns-3 is-cropped wp-block-gallery-1 is-layout-flex wp-block-gallery-is-layout-flex\"><li class=\"blocks-gallery-item\"><figure><img decoding=\"async\" width=\"1440\" height=\"1080\" data-src=\"https:\/\/www.subaru.es\/blog\/wp-content\/uploads\/2019\/04\/IMG_5146-1440x1080.jpeg\" alt=\"\" data-id=\"20855\" data-link=\"https:\/\/www.subaru.es\/blog\/?attachment_id=20855\" class=\"wp-image-20855 lazyload\" data-srcset=\"https:\/\/www.subaru.es\/blog\/wp-content\/uploads\/2019\/04\/IMG_5146-1440x1080.jpeg 1440w, https:\/\/www.subaru.es\/blog\/wp-content\/uploads\/2019\/04\/IMG_5146-560x420.jpeg 560w, https:\/\/www.subaru.es\/blog\/wp-content\/uploads\/2019\/04\/IMG_5146-768x576.jpeg 768w, https:\/\/www.subaru.es\/blog\/wp-content\/uploads\/2019\/04\/IMG_5146-1536x1152.jpeg 1536w, https:\/\/www.subaru.es\/blog\/wp-content\/uploads\/2019\/04\/IMG_5146-2048x1536.jpeg 2048w\" data-sizes=\"(max-width: 1440px) 100vw, 1440px\" src=\"data:image\/svg+xml;base64,PHN2ZyB3aWR0aD0iMSIgaGVpZ2h0PSIxIiB4bWxucz0iaHR0cDovL3d3dy53My5vcmcvMjAwMC9zdmciPjwvc3ZnPg==\" style=\"--smush-placeholder-width: 1440px; --smush-placeholder-aspect-ratio: 1440\/1080;\" \/><\/figure><\/li><li class=\"blocks-gallery-item\"><figure><img decoding=\"async\" width=\"1440\" height=\"1080\" data-src=\"https:\/\/www.subaru.es\/blog\/wp-content\/uploads\/2019\/04\/IMG_5162-1440x1080.jpeg\" alt=\"\" data-id=\"20856\" data-link=\"https:\/\/www.subaru.es\/blog\/?attachment_id=20856\" class=\"wp-image-20856 lazyload\" data-srcset=\"https:\/\/www.subaru.es\/blog\/wp-content\/uploads\/2019\/04\/IMG_5162-1440x1080.jpeg 1440w, https:\/\/www.subaru.es\/blog\/wp-content\/uploads\/2019\/04\/IMG_5162-560x420.jpeg 560w, https:\/\/www.subaru.es\/blog\/wp-content\/uploads\/2019\/04\/IMG_5162-768x576.jpeg 768w, https:\/\/www.subaru.es\/blog\/wp-content\/uploads\/2019\/04\/IMG_5162-1536x1152.jpeg 1536w, https:\/\/www.subaru.es\/blog\/wp-content\/uploads\/2019\/04\/IMG_5162-2048x1536.jpeg 2048w\" data-sizes=\"(max-width: 1440px) 100vw, 1440px\" src=\"data:image\/svg+xml;base64,PHN2ZyB3aWR0aD0iMSIgaGVpZ2h0PSIxIiB4bWxucz0iaHR0cDovL3d3dy53My5vcmcvMjAwMC9zdmciPjwvc3ZnPg==\" style=\"--smush-placeholder-width: 1440px; --smush-placeholder-aspect-ratio: 1440\/1080;\" \/><\/figure><\/li><li class=\"blocks-gallery-item\"><figure><img decoding=\"async\" width=\"1440\" height=\"1080\" data-src=\"https:\/\/www.subaru.es\/blog\/wp-content\/uploads\/2019\/04\/IMG_5183-1440x1080.jpeg\" alt=\"\" data-id=\"20857\" data-link=\"https:\/\/www.subaru.es\/blog\/?attachment_id=20857\" class=\"wp-image-20857 lazyload\" data-srcset=\"https:\/\/www.subaru.es\/blog\/wp-content\/uploads\/2019\/04\/IMG_5183-1440x1080.jpeg 1440w, https:\/\/www.subaru.es\/blog\/wp-content\/uploads\/2019\/04\/IMG_5183-560x420.jpeg 560w, https:\/\/www.subaru.es\/blog\/wp-content\/uploads\/2019\/04\/IMG_5183-768x576.jpeg 768w, https:\/\/www.subaru.es\/blog\/wp-content\/uploads\/2019\/04\/IMG_5183-1536x1152.jpeg 1536w, https:\/\/www.subaru.es\/blog\/wp-content\/uploads\/2019\/04\/IMG_5183-2048x1536.jpeg 2048w\" data-sizes=\"(max-width: 1440px) 100vw, 1440px\" src=\"data:image\/svg+xml;base64,PHN2ZyB3aWR0aD0iMSIgaGVpZ2h0PSIxIiB4bWxucz0iaHR0cDovL3d3dy53My5vcmcvMjAwMC9zdmciPjwvc3ZnPg==\" style=\"--smush-placeholder-width: 1440px; --smush-placeholder-aspect-ratio: 1440\/1080;\" \/><\/figure><\/li><li class=\"blocks-gallery-item\"><figure><img decoding=\"async\" width=\"1440\" height=\"1080\" data-src=\"https:\/\/www.subaru.es\/blog\/wp-content\/uploads\/2019\/04\/IMG_4803-1440x1080.jpeg\" alt=\"\" data-id=\"20854\" data-link=\"https:\/\/www.subaru.es\/blog\/?attachment_id=20854\" class=\"wp-image-20854 lazyload\" data-srcset=\"https:\/\/www.subaru.es\/blog\/wp-content\/uploads\/2019\/04\/IMG_4803-1440x1080.jpeg 1440w, https:\/\/www.subaru.es\/blog\/wp-content\/uploads\/2019\/04\/IMG_4803-560x420.jpeg 560w, https:\/\/www.subaru.es\/blog\/wp-content\/uploads\/2019\/04\/IMG_4803-768x576.jpeg 768w, https:\/\/www.subaru.es\/blog\/wp-content\/uploads\/2019\/04\/IMG_4803-1536x1152.jpeg 1536w, https:\/\/www.subaru.es\/blog\/wp-content\/uploads\/2019\/04\/IMG_4803-2048x1536.jpeg 2048w\" data-sizes=\"(max-width: 1440px) 100vw, 1440px\" src=\"data:image\/svg+xml;base64,PHN2ZyB3aWR0aD0iMSIgaGVpZ2h0PSIxIiB4bWxucz0iaHR0cDovL3d3dy53My5vcmcvMjAwMC9zdmciPjwvc3ZnPg==\" style=\"--smush-placeholder-width: 1440px; --smush-placeholder-aspect-ratio: 1440\/1080;\" \/><\/figure><\/li><li class=\"blocks-gallery-item\"><figure><img decoding=\"async\" width=\"1440\" height=\"1080\" data-src=\"https:\/\/www.subaru.es\/blog\/wp-content\/uploads\/2019\/04\/IMG_5656-1440x1080.jpeg\" alt=\"\" data-id=\"20861\" data-link=\"https:\/\/www.subaru.es\/blog\/?attachment_id=20861\" class=\"wp-image-20861 lazyload\" data-srcset=\"https:\/\/www.subaru.es\/blog\/wp-content\/uploads\/2019\/04\/IMG_5656-1440x1080.jpeg 1440w, https:\/\/www.subaru.es\/blog\/wp-content\/uploads\/2019\/04\/IMG_5656-560x420.jpeg 560w, https:\/\/www.subaru.es\/blog\/wp-content\/uploads\/2019\/04\/IMG_5656-768x576.jpeg 768w, https:\/\/www.subaru.es\/blog\/wp-content\/uploads\/2019\/04\/IMG_5656-1536x1152.jpeg 1536w, https:\/\/www.subaru.es\/blog\/wp-content\/uploads\/2019\/04\/IMG_5656-2048x1536.jpeg 2048w\" data-sizes=\"(max-width: 1440px) 100vw, 1440px\" src=\"data:image\/svg+xml;base64,PHN2ZyB3aWR0aD0iMSIgaGVpZ2h0PSIxIiB4bWxucz0iaHR0cDovL3d3dy53My5vcmcvMjAwMC9zdmciPjwvc3ZnPg==\" style=\"--smush-placeholder-width: 1440px; --smush-placeholder-aspect-ratio: 1440\/1080;\" \/><\/figure><\/li><li class=\"blocks-gallery-item\"><figure><img decoding=\"async\" width=\"1440\" height=\"1080\" data-src=\"https:\/\/www.subaru.es\/blog\/wp-content\/uploads\/2019\/04\/IMG_5667-1440x1080.jpeg\" alt=\"\" data-id=\"20862\" data-link=\"https:\/\/www.subaru.es\/blog\/?attachment_id=20862\" class=\"wp-image-20862 lazyload\" data-srcset=\"https:\/\/www.subaru.es\/blog\/wp-content\/uploads\/2019\/04\/IMG_5667-1440x1080.jpeg 1440w, https:\/\/www.subaru.es\/blog\/wp-content\/uploads\/2019\/04\/IMG_5667-560x420.jpeg 560w, https:\/\/www.subaru.es\/blog\/wp-content\/uploads\/2019\/04\/IMG_5667-768x576.jpeg 768w, https:\/\/www.subaru.es\/blog\/wp-content\/uploads\/2019\/04\/IMG_5667-1536x1152.jpeg 1536w, https:\/\/www.subaru.es\/blog\/wp-content\/uploads\/2019\/04\/IMG_5667-2048x1536.jpeg 2048w\" data-sizes=\"(max-width: 1440px) 100vw, 1440px\" src=\"data:image\/svg+xml;base64,PHN2ZyB3aWR0aD0iMSIgaGVpZ2h0PSIxIiB4bWxucz0iaHR0cDovL3d3dy53My5vcmcvMjAwMC9zdmciPjwvc3ZnPg==\" style=\"--smush-placeholder-width: 1440px; --smush-placeholder-aspect-ratio: 1440\/1080;\" \/><\/figure><\/li><li class=\"blocks-gallery-item\"><figure><img decoding=\"async\" width=\"1440\" height=\"1080\" data-src=\"https:\/\/www.subaru.es\/blog\/wp-content\/uploads\/2019\/04\/IMG_5842-1440x1080.jpg\" alt=\"\" data-id=\"20863\" data-link=\"https:\/\/www.subaru.es\/blog\/?attachment_id=20863\" class=\"wp-image-20863 lazyload\" data-srcset=\"https:\/\/www.subaru.es\/blog\/wp-content\/uploads\/2019\/04\/IMG_5842-1440x1080.jpg 1440w, https:\/\/www.subaru.es\/blog\/wp-content\/uploads\/2019\/04\/IMG_5842-560x420.jpg 560w, https:\/\/www.subaru.es\/blog\/wp-content\/uploads\/2019\/04\/IMG_5842-768x576.jpg 768w, https:\/\/www.subaru.es\/blog\/wp-content\/uploads\/2019\/04\/IMG_5842-1536x1152.jpg 1536w, https:\/\/www.subaru.es\/blog\/wp-content\/uploads\/2019\/04\/IMG_5842-2048x1536.jpg 2048w\" data-sizes=\"(max-width: 1440px) 100vw, 1440px\" src=\"data:image\/svg+xml;base64,PHN2ZyB3aWR0aD0iMSIgaGVpZ2h0PSIxIiB4bWxucz0iaHR0cDovL3d3dy53My5vcmcvMjAwMC9zdmciPjwvc3ZnPg==\" style=\"--smush-placeholder-width: 1440px; --smush-placeholder-aspect-ratio: 1440\/1080;\" \/><\/figure><\/li><li class=\"blocks-gallery-item\"><figure><img decoding=\"async\" width=\"1440\" height=\"1080\" data-src=\"https:\/\/www.subaru.es\/blog\/wp-content\/uploads\/2019\/04\/IMG_5484-2-1440x1080.jpeg\" alt=\"\" data-id=\"20860\" data-link=\"https:\/\/www.subaru.es\/blog\/?attachment_id=20860\" class=\"wp-image-20860 lazyload\" data-srcset=\"https:\/\/www.subaru.es\/blog\/wp-content\/uploads\/2019\/04\/IMG_5484-2-1440x1080.jpeg 1440w, https:\/\/www.subaru.es\/blog\/wp-content\/uploads\/2019\/04\/IMG_5484-2-560x420.jpeg 560w, https:\/\/www.subaru.es\/blog\/wp-content\/uploads\/2019\/04\/IMG_5484-2-768x576.jpeg 768w, https:\/\/www.subaru.es\/blog\/wp-content\/uploads\/2019\/04\/IMG_5484-2-1536x1152.jpeg 1536w, https:\/\/www.subaru.es\/blog\/wp-content\/uploads\/2019\/04\/IMG_5484-2-2048x1536.jpeg 2048w\" data-sizes=\"(max-width: 1440px) 100vw, 1440px\" src=\"data:image\/svg+xml;base64,PHN2ZyB3aWR0aD0iMSIgaGVpZ2h0PSIxIiB4bWxucz0iaHR0cDovL3d3dy53My5vcmcvMjAwMC9zdmciPjwvc3ZnPg==\" style=\"--smush-placeholder-width: 1440px; --smush-placeholder-aspect-ratio: 1440\/1080;\" \/><\/figure><\/li><li class=\"blocks-gallery-item\"><figure><img decoding=\"async\" width=\"1440\" height=\"1080\" data-src=\"https:\/\/www.subaru.es\/blog\/wp-content\/uploads\/2019\/04\/IMG_5278-1440x1080.jpeg\" alt=\"\" data-id=\"20859\" data-link=\"https:\/\/www.subaru.es\/blog\/?attachment_id=20859\" class=\"wp-image-20859 lazyload\" data-srcset=\"https:\/\/www.subaru.es\/blog\/wp-content\/uploads\/2019\/04\/IMG_5278-1440x1080.jpeg 1440w, https:\/\/www.subaru.es\/blog\/wp-content\/uploads\/2019\/04\/IMG_5278-560x420.jpeg 560w, https:\/\/www.subaru.es\/blog\/wp-content\/uploads\/2019\/04\/IMG_5278-768x576.jpeg 768w, https:\/\/www.subaru.es\/blog\/wp-content\/uploads\/2019\/04\/IMG_5278-1536x1152.jpeg 1536w, https:\/\/www.subaru.es\/blog\/wp-content\/uploads\/2019\/04\/IMG_5278-2048x1536.jpeg 2048w\" data-sizes=\"(max-width: 1440px) 100vw, 1440px\" src=\"data:image\/svg+xml;base64,PHN2ZyB3aWR0aD0iMSIgaGVpZ2h0PSIxIiB4bWxucz0iaHR0cDovL3d3dy53My5vcmcvMjAwMC9zdmciPjwvc3ZnPg==\" style=\"--smush-placeholder-width: 1440px; --smush-placeholder-aspect-ratio: 1440\/1080;\" \/><\/figure><\/li><li class=\"blocks-gallery-item\"><figure><img decoding=\"async\" width=\"1440\" height=\"1080\" data-src=\"https:\/\/www.subaru.es\/blog\/wp-content\/uploads\/2019\/04\/IMG_0143-2-1440x1080.jpeg\" alt=\"\" data-id=\"20849\" data-link=\"https:\/\/www.subaru.es\/blog\/?attachment_id=20849\" class=\"wp-image-20849 lazyload\" data-srcset=\"https:\/\/www.subaru.es\/blog\/wp-content\/uploads\/2019\/04\/IMG_0143-2-1440x1080.jpeg 1440w, https:\/\/www.subaru.es\/blog\/wp-content\/uploads\/2019\/04\/IMG_0143-2-560x420.jpeg 560w, https:\/\/www.subaru.es\/blog\/wp-content\/uploads\/2019\/04\/IMG_0143-2-768x576.jpeg 768w, https:\/\/www.subaru.es\/blog\/wp-content\/uploads\/2019\/04\/IMG_0143-2-1536x1152.jpeg 1536w, https:\/\/www.subaru.es\/blog\/wp-content\/uploads\/2019\/04\/IMG_0143-2-2048x1536.jpeg 2048w\" data-sizes=\"(max-width: 1440px) 100vw, 1440px\" src=\"data:image\/svg+xml;base64,PHN2ZyB3aWR0aD0iMSIgaGVpZ2h0PSIxIiB4bWxucz0iaHR0cDovL3d3dy53My5vcmcvMjAwMC9zdmciPjwvc3ZnPg==\" style=\"--smush-placeholder-width: 1440px; --smush-placeholder-aspect-ratio: 1440\/1080;\" \/><\/figure><\/li><li class=\"blocks-gallery-item\"><figure><img decoding=\"async\" width=\"1440\" height=\"1080\" data-src=\"https:\/\/www.subaru.es\/blog\/wp-content\/uploads\/2019\/04\/IMG_0132-1440x1080.jpeg\" alt=\"\" data-id=\"20848\" data-link=\"https:\/\/www.subaru.es\/blog\/?attachment_id=20848\" class=\"wp-image-20848 lazyload\" data-srcset=\"https:\/\/www.subaru.es\/blog\/wp-content\/uploads\/2019\/04\/IMG_0132-1440x1080.jpeg 1440w, https:\/\/www.subaru.es\/blog\/wp-content\/uploads\/2019\/04\/IMG_0132-560x420.jpeg 560w, https:\/\/www.subaru.es\/blog\/wp-content\/uploads\/2019\/04\/IMG_0132-768x576.jpeg 768w, https:\/\/www.subaru.es\/blog\/wp-content\/uploads\/2019\/04\/IMG_0132-1536x1152.jpeg 1536w, https:\/\/www.subaru.es\/blog\/wp-content\/uploads\/2019\/04\/IMG_0132-2048x1536.jpeg 2048w\" data-sizes=\"(max-width: 1440px) 100vw, 1440px\" src=\"data:image\/svg+xml;base64,PHN2ZyB3aWR0aD0iMSIgaGVpZ2h0PSIxIiB4bWxucz0iaHR0cDovL3d3dy53My5vcmcvMjAwMC9zdmciPjwvc3ZnPg==\" style=\"--smush-placeholder-width: 1440px; --smush-placeholder-aspect-ratio: 1440\/1080;\" \/><\/figure><\/li><\/ul>\n","protected":false},"excerpt":{"rendered":"<p>Despu\u00e9s de las \u00faltimas nevadas llegamos a Semana Santa casi con m\u00e1s nieve en las cumbres que durante este at\u00edpico invierno, pero ya estamos terminando el mes de abril y es hora de guardar los esqu\u00eds. He subido al Pirineo para despedir la temporada por todo lo alto y para aprovechar tambi\u00e9n a hacer las [&hellip;]<\/p>\n","protected":false},"author":23,"featured_media":20858,"comment_status":"open","ping_status":"closed","sticky":false,"template":"","format":"standard","meta":{"_acf_changed":false,"_eb_attr":"","inline_featured_image":false,"footnotes":""},"categories":[4520],"tags":[4891,13,4571,4575,4390,64,4308,491,4553,4519,4543,4935,4437],"class_list":["post-20847","post","type-post","status-publish","format-standard","has-post-thumbnail","hentry","category-subaru-lifestyle","tag-teresbalaconsubaru","tag-forester","tag-laura-madrueno","tag-seguridad-subaru","tag-subaru","tag-subaru-espana","tag-subaru-esqui","tag-subaru-forester","tag-subaru-invierno","tag-subaru-nieve","tag-subaru-offroaders","tag-subaruoffroader","tag-subaruoffroaders"],"acf":[],"yoast_head":"<!-- This site is optimized with the Yoast SEO plugin v27.3 - https:\/\/yoast.com\/product\/yoast-seo-wordpress\/ -->\n<title>El plan ideal para disfrutar con Subaru del fin de la temporada de nieve en el Pirineo Oscense - Universo Subaru<\/title>\n<meta name=\"robots\" content=\"index, follow, max-snippet:-1, max-image-preview:large, max-video-preview:-1\" \/>\n<link rel=\"canonical\" href=\"https:\/\/www.subaru.es\/blog\/subaru-lifestyle\/disfruta-con-subaru-del-fin-de-la-temporada-de-nieve\/\" \/>\n<meta property=\"og:locale\" content=\"es_ES\" \/>\n<meta property=\"og:type\" content=\"article\" \/>\n<meta property=\"og:title\" content=\"El plan ideal para disfrutar con Subaru del fin de la temporada de nieve en el Pirineo Oscense - Universo Subaru\" \/>\n<meta property=\"og:description\" content=\"Despu\u00e9s de las \u00faltimas nevadas llegamos a Semana Santa casi con m\u00e1s nieve en las cumbres que durante este at\u00edpico invierno, pero ya estamos terminando el mes de abril y es hora de guardar los esqu\u00eds. He subido al Pirineo para despedir la temporada por todo lo alto y para aprovechar tambi\u00e9n a hacer las [&hellip;]\" \/>\n<meta property=\"og:url\" content=\"https:\/\/www.subaru.es\/blog\/subaru-lifestyle\/disfruta-con-subaru-del-fin-de-la-temporada-de-nieve\/\" \/>\n<meta property=\"og:site_name\" content=\"Universo Subaru\" \/>\n<meta property=\"article:publisher\" content=\"https:\/\/www.facebook.com\/subaruespana\" \/>\n<meta property=\"article:published_time\" content=\"2019-04-16T10:37:27+00:00\" \/>\n<meta property=\"article:modified_time\" content=\"2019-04-23T14:17:32+00:00\" \/>\n<meta property=\"og:image\" content=\"https:\/\/www.subaru.es\/blog\/wp-content\/uploads\/2019\/04\/IMG_5271-e1555071574934.jpeg\" \/>\n\t<meta property=\"og:image:width\" content=\"4032\" \/>\n\t<meta property=\"og:image:height\" content=\"1794\" \/>\n\t<meta property=\"og:image:type\" content=\"image\/jpeg\" \/>\n<meta name=\"author\" content=\"Laura Madrue\u00f1o\" \/>\n<meta name=\"twitter:card\" content=\"summary_large_image\" \/>\n<meta name=\"twitter:label1\" content=\"Escrito por\" \/>\n\t<meta name=\"twitter:data1\" content=\"Laura Madrue\u00f1o\" \/>\n\t<meta name=\"twitter:label2\" content=\"Tiempo de lectura\" \/>\n\t<meta name=\"twitter:data2\" content=\"1 minuto\" \/>\n<script type=\"application\/ld+json\" class=\"yoast-schema-graph\">{\"@context\":\"https:\\\/\\\/schema.org\",\"@graph\":[{\"@type\":\"Article\",\"@id\":\"https:\\\/\\\/www.subaru.es\\\/blog\\\/subaru-lifestyle\\\/disfruta-con-subaru-del-fin-de-la-temporada-de-nieve\\\/#article\",\"isPartOf\":{\"@id\":\"https:\\\/\\\/www.subaru.es\\\/blog\\\/subaru-lifestyle\\\/disfruta-con-subaru-del-fin-de-la-temporada-de-nieve\\\/\"},\"author\":{\"name\":\"Laura Madrue\u00f1o\",\"@id\":\"https:\\\/\\\/www.subaru.es\\\/blog\\\/#\\\/schema\\\/person\\\/8e9996ca340f1787ded9025fa4cc1e80\"},\"headline\":\"El plan ideal para disfrutar con Subaru del fin de la temporada de nieve en el Pirineo Oscense\",\"datePublished\":\"2019-04-16T10:37:27+00:00\",\"dateModified\":\"2019-04-23T14:17:32+00:00\",\"mainEntityOfPage\":{\"@id\":\"https:\\\/\\\/www.subaru.es\\\/blog\\\/subaru-lifestyle\\\/disfruta-con-subaru-del-fin-de-la-temporada-de-nieve\\\/\"},\"wordCount\":309,\"commentCount\":0,\"publisher\":{\"@id\":\"https:\\\/\\\/www.subaru.es\\\/blog\\\/#organization\"},\"image\":{\"@id\":\"https:\\\/\\\/www.subaru.es\\\/blog\\\/subaru-lifestyle\\\/disfruta-con-subaru-del-fin-de-la-temporada-de-nieve\\\/#primaryimage\"},\"thumbnailUrl\":\"https:\\\/\\\/www.subaru.es\\\/blog\\\/wp-content\\\/uploads\\\/2019\\\/04\\\/IMG_5271-e1555071574934-scaled.jpeg\",\"keywords\":[\"#teresbalaconsubaru\",\"forester\",\"Laura Madrue\u00f1o\",\"Seguridad Subaru\",\"Subaru\",\"subaru espa\u00f1a\",\"Subaru Esqu\u00ed\",\"subaru forester\",\"Subaru invierno\",\"Subaru nieve\",\"Subaru OffRoaders\",\"Subaruoffroader\",\"SubaruOffroaders\"],\"articleSection\":[\"Subaru LifeStyle\"],\"inLanguage\":\"es\",\"potentialAction\":[{\"@type\":\"CommentAction\",\"name\":\"Comment\",\"target\":[\"https:\\\/\\\/www.subaru.es\\\/blog\\\/subaru-lifestyle\\\/disfruta-con-subaru-del-fin-de-la-temporada-de-nieve\\\/#respond\"]}]},{\"@type\":\"WebPage\",\"@id\":\"https:\\\/\\\/www.subaru.es\\\/blog\\\/subaru-lifestyle\\\/disfruta-con-subaru-del-fin-de-la-temporada-de-nieve\\\/\",\"url\":\"https:\\\/\\\/www.subaru.es\\\/blog\\\/subaru-lifestyle\\\/disfruta-con-subaru-del-fin-de-la-temporada-de-nieve\\\/\",\"name\":\"El plan ideal para disfrutar con Subaru del fin de la temporada de nieve en el Pirineo Oscense - Universo Subaru\",\"isPartOf\":{\"@id\":\"https:\\\/\\\/www.subaru.es\\\/blog\\\/#website\"},\"primaryImageOfPage\":{\"@id\":\"https:\\\/\\\/www.subaru.es\\\/blog\\\/subaru-lifestyle\\\/disfruta-con-subaru-del-fin-de-la-temporada-de-nieve\\\/#primaryimage\"},\"image\":{\"@id\":\"https:\\\/\\\/www.subaru.es\\\/blog\\\/subaru-lifestyle\\\/disfruta-con-subaru-del-fin-de-la-temporada-de-nieve\\\/#primaryimage\"},\"thumbnailUrl\":\"https:\\\/\\\/www.subaru.es\\\/blog\\\/wp-content\\\/uploads\\\/2019\\\/04\\\/IMG_5271-e1555071574934-scaled.jpeg\",\"datePublished\":\"2019-04-16T10:37:27+00:00\",\"dateModified\":\"2019-04-23T14:17:32+00:00\",\"breadcrumb\":{\"@id\":\"https:\\\/\\\/www.subaru.es\\\/blog\\\/subaru-lifestyle\\\/disfruta-con-subaru-del-fin-de-la-temporada-de-nieve\\\/#breadcrumb\"},\"inLanguage\":\"es\",\"potentialAction\":[{\"@type\":\"ReadAction\",\"target\":[\"https:\\\/\\\/www.subaru.es\\\/blog\\\/subaru-lifestyle\\\/disfruta-con-subaru-del-fin-de-la-temporada-de-nieve\\\/\"]}]},{\"@type\":\"ImageObject\",\"inLanguage\":\"es\",\"@id\":\"https:\\\/\\\/www.subaru.es\\\/blog\\\/subaru-lifestyle\\\/disfruta-con-subaru-del-fin-de-la-temporada-de-nieve\\\/#primaryimage\",\"url\":\"https:\\\/\\\/www.subaru.es\\\/blog\\\/wp-content\\\/uploads\\\/2019\\\/04\\\/IMG_5271-e1555071574934-scaled.jpeg\",\"contentUrl\":\"https:\\\/\\\/www.subaru.es\\\/blog\\\/wp-content\\\/uploads\\\/2019\\\/04\\\/IMG_5271-e1555071574934-scaled.jpeg\",\"width\":2560,\"height\":1139},{\"@type\":\"BreadcrumbList\",\"@id\":\"https:\\\/\\\/www.subaru.es\\\/blog\\\/subaru-lifestyle\\\/disfruta-con-subaru-del-fin-de-la-temporada-de-nieve\\\/#breadcrumb\",\"itemListElement\":[{\"@type\":\"ListItem\",\"position\":1,\"name\":\"Portada\",\"item\":\"https:\\\/\\\/www.subaru.es\\\/blog\\\/\"},{\"@type\":\"ListItem\",\"position\":2,\"name\":\"El plan ideal para disfrutar con Subaru del fin de la temporada de nieve en el Pirineo Oscense\"}]},{\"@type\":\"WebSite\",\"@id\":\"https:\\\/\\\/www.subaru.es\\\/blog\\\/#website\",\"url\":\"https:\\\/\\\/www.subaru.es\\\/blog\\\/\",\"name\":\"Universo Subaru\",\"description\":\"Descubre este apasionante espacio de Subaru donde vas a conocer todo sobre nuestros coches y las experiencias que vivimos con ellos. Si est\u00e1s preparado para dejarte seducir por la filosof\u00eda Subaru, qu\u00e9date con nosotros.\",\"publisher\":{\"@id\":\"https:\\\/\\\/www.subaru.es\\\/blog\\\/#organization\"},\"potentialAction\":[{\"@type\":\"SearchAction\",\"target\":{\"@type\":\"EntryPoint\",\"urlTemplate\":\"https:\\\/\\\/www.subaru.es\\\/blog\\\/?s={search_term_string}\"},\"query-input\":{\"@type\":\"PropertyValueSpecification\",\"valueRequired\":true,\"valueName\":\"search_term_string\"}}],\"inLanguage\":\"es\"},{\"@type\":\"Organization\",\"@id\":\"https:\\\/\\\/www.subaru.es\\\/blog\\\/#organization\",\"name\":\"Subaru Espa\u00f1a S.A.\",\"url\":\"https:\\\/\\\/www.subaru.es\\\/blog\\\/\",\"logo\":{\"@type\":\"ImageObject\",\"inLanguage\":\"es\",\"@id\":\"https:\\\/\\\/www.subaru.es\\\/blog\\\/#\\\/schema\\\/logo\\\/image\\\/\",\"url\":\"https:\\\/\\\/www.subaru.es\\\/blog\\\/wp-content\\\/uploads\\\/2016\\\/12\\\/Logo-Subaru-TypeV_C300-scaled.jpg\",\"contentUrl\":\"https:\\\/\\\/www.subaru.es\\\/blog\\\/wp-content\\\/uploads\\\/2016\\\/12\\\/Logo-Subaru-TypeV_C300-scaled.jpg\",\"width\":2560,\"height\":1864,\"caption\":\"Subaru Espa\u00f1a S.A.\"},\"image\":{\"@id\":\"https:\\\/\\\/www.subaru.es\\\/blog\\\/#\\\/schema\\\/logo\\\/image\\\/\"},\"sameAs\":[\"https:\\\/\\\/www.facebook.com\\\/subaruespana\",\"https:\\\/\\\/www.instagram.com\\\/subarues\\\/\",\"https:\\\/\\\/www.youtube.com\\\/user\\\/subaruespana\"]},{\"@type\":\"Person\",\"@id\":\"https:\\\/\\\/www.subaru.es\\\/blog\\\/#\\\/schema\\\/person\\\/8e9996ca340f1787ded9025fa4cc1e80\",\"name\":\"Laura Madrue\u00f1o\",\"url\":\"https:\\\/\\\/www.subaru.es\\\/blog\\\/author\\\/laura-madrueno\\\/\"}]}<\/script>\n<!-- \/ Yoast SEO plugin. -->","yoast_head_json":{"title":"El plan ideal para disfrutar con Subaru del fin de la temporada de nieve en el Pirineo Oscense - Universo Subaru","robots":{"index":"index","follow":"follow","max-snippet":"max-snippet:-1","max-image-preview":"max-image-preview:large","max-video-preview":"max-video-preview:-1"},"canonical":"https:\/\/www.subaru.es\/blog\/subaru-lifestyle\/disfruta-con-subaru-del-fin-de-la-temporada-de-nieve\/","og_locale":"es_ES","og_type":"article","og_title":"El plan ideal para disfrutar con Subaru del fin de la temporada de nieve en el Pirineo Oscense - Universo Subaru","og_description":"Despu\u00e9s de las \u00faltimas nevadas llegamos a Semana Santa casi con m\u00e1s nieve en las cumbres que durante este at\u00edpico invierno, pero ya estamos terminando el mes de abril y es hora de guardar los esqu\u00eds. He subido al Pirineo para despedir la temporada por todo lo alto y para aprovechar tambi\u00e9n a hacer las [&hellip;]","og_url":"https:\/\/www.subaru.es\/blog\/subaru-lifestyle\/disfruta-con-subaru-del-fin-de-la-temporada-de-nieve\/","og_site_name":"Universo Subaru","article_publisher":"https:\/\/www.facebook.com\/subaruespana","article_published_time":"2019-04-16T10:37:27+00:00","article_modified_time":"2019-04-23T14:17:32+00:00","og_image":[{"width":4032,"height":1794,"url":"https:\/\/www.subaru.es\/blog\/wp-content\/uploads\/2019\/04\/IMG_5271-e1555071574934.jpeg","type":"image\/jpeg"}],"author":"Laura Madrue\u00f1o","twitter_card":"summary_large_image","twitter_misc":{"Escrito por":"Laura Madrue\u00f1o","Tiempo de lectura":"1 minuto"},"schema":{"@context":"https:\/\/schema.org","@graph":[{"@type":"Article","@id":"https:\/\/www.subaru.es\/blog\/subaru-lifestyle\/disfruta-con-subaru-del-fin-de-la-temporada-de-nieve\/#article","isPartOf":{"@id":"https:\/\/www.subaru.es\/blog\/subaru-lifestyle\/disfruta-con-subaru-del-fin-de-la-temporada-de-nieve\/"},"author":{"name":"Laura Madrue\u00f1o","@id":"https:\/\/www.subaru.es\/blog\/#\/schema\/person\/8e9996ca340f1787ded9025fa4cc1e80"},"headline":"El plan ideal para disfrutar con Subaru del fin de la temporada de nieve en el Pirineo Oscense","datePublished":"2019-04-16T10:37:27+00:00","dateModified":"2019-04-23T14:17:32+00:00","mainEntityOfPage":{"@id":"https:\/\/www.subaru.es\/blog\/subaru-lifestyle\/disfruta-con-subaru-del-fin-de-la-temporada-de-nieve\/"},"wordCount":309,"commentCount":0,"publisher":{"@id":"https:\/\/www.subaru.es\/blog\/#organization"},"image":{"@id":"https:\/\/www.subaru.es\/blog\/subaru-lifestyle\/disfruta-con-subaru-del-fin-de-la-temporada-de-nieve\/#primaryimage"},"thumbnailUrl":"https:\/\/www.subaru.es\/blog\/wp-content\/uploads\/2019\/04\/IMG_5271-e1555071574934-scaled.jpeg","keywords":["#teresbalaconsubaru","forester","Laura Madrue\u00f1o","Seguridad Subaru","Subaru","subaru espa\u00f1a","Subaru Esqu\u00ed","subaru forester","Subaru invierno","Subaru nieve","Subaru OffRoaders","Subaruoffroader","SubaruOffroaders"],"articleSection":["Subaru LifeStyle"],"inLanguage":"es","potentialAction":[{"@type":"CommentAction","name":"Comment","target":["https:\/\/www.subaru.es\/blog\/subaru-lifestyle\/disfruta-con-subaru-del-fin-de-la-temporada-de-nieve\/#respond"]}]},{"@type":"WebPage","@id":"https:\/\/www.subaru.es\/blog\/subaru-lifestyle\/disfruta-con-subaru-del-fin-de-la-temporada-de-nieve\/","url":"https:\/\/www.subaru.es\/blog\/subaru-lifestyle\/disfruta-con-subaru-del-fin-de-la-temporada-de-nieve\/","name":"El plan ideal para disfrutar con Subaru del fin de la temporada de nieve en el Pirineo Oscense - Universo Subaru","isPartOf":{"@id":"https:\/\/www.subaru.es\/blog\/#website"},"primaryImageOfPage":{"@id":"https:\/\/www.subaru.es\/blog\/subaru-lifestyle\/disfruta-con-subaru-del-fin-de-la-temporada-de-nieve\/#primaryimage"},"image":{"@id":"https:\/\/www.subaru.es\/blog\/subaru-lifestyle\/disfruta-con-subaru-del-fin-de-la-temporada-de-nieve\/#primaryimage"},"thumbnailUrl":"https:\/\/www.subaru.es\/blog\/wp-content\/uploads\/2019\/04\/IMG_5271-e1555071574934-scaled.jpeg","datePublished":"2019-04-16T10:37:27+00:00","dateModified":"2019-04-23T14:17:32+00:00","breadcrumb":{"@id":"https:\/\/www.subaru.es\/blog\/subaru-lifestyle\/disfruta-con-subaru-del-fin-de-la-temporada-de-nieve\/#breadcrumb"},"inLanguage":"es","potentialAction":[{"@type":"ReadAction","target":["https:\/\/www.subaru.es\/blog\/subaru-lifestyle\/disfruta-con-subaru-del-fin-de-la-temporada-de-nieve\/"]}]},{"@type":"ImageObject","inLanguage":"es","@id":"https:\/\/www.subaru.es\/blog\/subaru-lifestyle\/disfruta-con-subaru-del-fin-de-la-temporada-de-nieve\/#primaryimage","url":"https:\/\/www.subaru.es\/blog\/wp-content\/uploads\/2019\/04\/IMG_5271-e1555071574934-scaled.jpeg","contentUrl":"https:\/\/www.subaru.es\/blog\/wp-content\/uploads\/2019\/04\/IMG_5271-e1555071574934-scaled.jpeg","width":2560,"height":1139},{"@type":"BreadcrumbList","@id":"https:\/\/www.subaru.es\/blog\/subaru-lifestyle\/disfruta-con-subaru-del-fin-de-la-temporada-de-nieve\/#breadcrumb","itemListElement":[{"@type":"ListItem","position":1,"name":"Portada","item":"https:\/\/www.subaru.es\/blog\/"},{"@type":"ListItem","position":2,"name":"El plan ideal para disfrutar con Subaru del fin de la temporada de nieve en el Pirineo Oscense"}]},{"@type":"WebSite","@id":"https:\/\/www.subaru.es\/blog\/#website","url":"https:\/\/www.subaru.es\/blog\/","name":"Universo Subaru","description":"Descubre este apasionante espacio de Subaru donde vas a conocer todo sobre nuestros coches y las experiencias que vivimos con ellos. Si est\u00e1s preparado para dejarte seducir por la filosof\u00eda Subaru, qu\u00e9date con nosotros.","publisher":{"@id":"https:\/\/www.subaru.es\/blog\/#organization"},"potentialAction":[{"@type":"SearchAction","target":{"@type":"EntryPoint","urlTemplate":"https:\/\/www.subaru.es\/blog\/?s={search_term_string}"},"query-input":{"@type":"PropertyValueSpecification","valueRequired":true,"valueName":"search_term_string"}}],"inLanguage":"es"},{"@type":"Organization","@id":"https:\/\/www.subaru.es\/blog\/#organization","name":"Subaru Espa\u00f1a S.A.","url":"https:\/\/www.subaru.es\/blog\/","logo":{"@type":"ImageObject","inLanguage":"es","@id":"https:\/\/www.subaru.es\/blog\/#\/schema\/logo\/image\/","url":"https:\/\/www.subaru.es\/blog\/wp-content\/uploads\/2016\/12\/Logo-Subaru-TypeV_C300-scaled.jpg","contentUrl":"https:\/\/www.subaru.es\/blog\/wp-content\/uploads\/2016\/12\/Logo-Subaru-TypeV_C300-scaled.jpg","width":2560,"height":1864,"caption":"Subaru Espa\u00f1a S.A."},"image":{"@id":"https:\/\/www.subaru.es\/blog\/#\/schema\/logo\/image\/"},"sameAs":["https:\/\/www.facebook.com\/subaruespana","https:\/\/www.instagram.com\/subarues\/","https:\/\/www.youtube.com\/user\/subaruespana"]},{"@type":"Person","@id":"https:\/\/www.subaru.es\/blog\/#\/schema\/person\/8e9996ca340f1787ded9025fa4cc1e80","name":"Laura Madrue\u00f1o","url":"https:\/\/www.subaru.es\/blog\/author\/laura-madrueno\/"}]}},"_links":{"self":[{"href":"https:\/\/www.subaru.es\/blog\/wp-json\/wp\/v2\/posts\/20847","targetHints":{"allow":["GET"]}}],"collection":[{"href":"https:\/\/www.subaru.es\/blog\/wp-json\/wp\/v2\/posts"}],"about":[{"href":"https:\/\/www.subaru.es\/blog\/wp-json\/wp\/v2\/types\/post"}],"author":[{"embeddable":true,"href":"https:\/\/www.subaru.es\/blog\/wp-json\/wp\/v2\/users\/23"}],"replies":[{"embeddable":true,"href":"https:\/\/www.subaru.es\/blog\/wp-json\/wp\/v2\/comments?post=20847"}],"version-history":[{"count":6,"href":"https:\/\/www.subaru.es\/blog\/wp-json\/wp\/v2\/posts\/20847\/revisions"}],"predecessor-version":[{"id":20869,"href":"https:\/\/www.subaru.es\/blog\/wp-json\/wp\/v2\/posts\/20847\/revisions\/20869"}],"wp:featuredmedia":[{"embeddable":true,"href":"https:\/\/www.subaru.es\/blog\/wp-json\/wp\/v2\/media\/20858"}],"wp:attachment":[{"href":"https:\/\/www.subaru.es\/blog\/wp-json\/wp\/v2\/media?parent=20847"}],"wp:term":[{"taxonomy":"category","embeddable":true,"href":"https:\/\/www.subaru.es\/blog\/wp-json\/wp\/v2\/categories?post=20847"},{"taxonomy":"post_tag","embeddable":true,"href":"https:\/\/www.subaru.es\/blog\/wp-json\/wp\/v2\/tags?post=20847"}],"curies":[{"name":"wp","href":"https:\/\/api.w.org\/{rel}","templated":true}]}}