{"id":20727,"date":"2019-03-13T18:37:58","date_gmt":"2019-03-13T16:37:58","guid":{"rendered":"https:\/\/www.subaru.es\/blog\/?p=20727"},"modified":"2019-03-13T18:38:04","modified_gmt":"2019-03-13T16:38:04","slug":"dime-cual-es-tu-destino-y-te-dire-como-equipar-tu-subaru-en-invierno","status":"publish","type":"post","link":"https:\/\/www.subaru.es\/blog\/nuestra-marca\/dime-cual-es-tu-destino-y-te-dire-como-equipar-tu-subaru-en-invierno\/","title":{"rendered":"Dime cu\u00e1l es tu destino y te dir\u00e9 c\u00f3mo equipar tu Subaru en invierno"},"content":{"rendered":"\n<p>\u00bfA d\u00f3nde quieres llegar este invierno? Te contamos un secreto: con la <strong><a rel=\"noreferrer noopener\" aria-label=\"\u00bfA d\u00f3nde quieres llegar este invierno? Te contamos un secreto: con la Seguridad Subaru puedes conseguir la meta que te propongas. Y es que somos garant\u00eda de seguridad para el invierno. No olvides que, si el mal tiempo #TeResbalaConSubaru, es gracias a toda la tecnolog\u00eda que siempre a\u00f1adimos a nuestros modelos y que nos sit\u00faa a la vanguardia en lo que a protecci\u00f3n de las personas se refiere.&nbsp; (opens in a new tab)\" href=\"https:\/\/www.subaru.es\/seguridad\" target=\"_blank\">Seguridad Subaru<\/a><\/strong> puedes conseguir la meta que te propongas. Y es que somos garant\u00eda de seguridad para el invierno. No olvides que, si el mal tiempo <a rel=\"noreferrer noopener\" aria-label=\"\u00bfA d\u00f3nde quieres llegar este invierno? Te contamos un secreto: con la Seguridad Subaru puedes conseguir la meta que te propongas. Y es que somos garant\u00eda de seguridad para el invierno. No olvides que, si el mal tiempo #TeResbalaConSubaru, es gracias a toda la tecnolog\u00eda que siempre a\u00f1adimos a nuestros modelos y que nos sit\u00faa a la vanguardia en lo que a protecci\u00f3n de las personas se refiere.&nbsp; (opens in a new tab)\" href=\"https:\/\/twitter.com\/search?q=%23TeResbalaConSubaru&amp;src=typd\" target=\"_blank\">#<\/a><strong><a rel=\"noreferrer noopener\" aria-label=\"\u00bfA d\u00f3nde quieres llegar este invierno? Te contamos un secreto: con la Seguridad Subaru puedes conseguir la meta que te propongas. Y es que somos garant\u00eda de seguridad para el invierno. No olvides que, si el mal tiempo #TeResbalaConSubaru, es gracias a toda la tecnolog\u00eda que siempre a\u00f1adimos a nuestros modelos y que nos sit\u00faa a la vanguardia en lo que a protecci\u00f3n de las personas se refiere.&nbsp; (opens in a new tab)\" href=\"https:\/\/twitter.com\/search?q=%23TeResbalaConSubaru&amp;src=typd\" target=\"_blank\">TeResbalaConSubaru<\/a><\/strong>, es gracias a toda la <a href=\"https:\/\/www.subaru.es\/tecnologia\" target=\"_blank\" rel=\"noreferrer noopener\" aria-label=\"\u00bfA d\u00f3nde quieres llegar este invierno? Te contamos un secreto: con la Seguridad Subaru puedes conseguir la meta que te propongas. Y es que somos garant\u00eda de seguridad para el invierno. No olvides que, si el mal tiempo #TeResbalaConSubaru, es gracias a toda la tecnolog\u00eda que siempre a\u00f1adimos a nuestros modelos y que nos sit\u00faa a la vanguardia en lo que a protecci\u00f3n de las personas se refiere.&nbsp; (opens in a new tab)\">tecnolog\u00eda<\/a> que siempre a\u00f1adimos a nuestros modelos y que nos sit\u00faa a la vanguardia en lo que a protecci\u00f3n de las personas se refiere.&nbsp;<\/p>\n\n\n\n<p>Cada <strong><a rel=\"noreferrer noopener\" aria-label=\"Cada Subaru est\u00e1 equipado con las mejores prestaciones para superar cualquier obst\u00e1culo climatol\u00f3gico en carretera. As\u00ed que el equipamiento extra que necesitar\u00e1s es muy distinto al que imaginas. Descubre c\u00f3mo llegar con seguridad a tu destino este invierno y disfruta al m\u00e1ximo del fr\u00edo.&nbsp; (opens in a new tab)\" href=\"https:\/\/www.subaru.es\/\" target=\"_blank\">Subaru<\/a><\/strong> est\u00e1 equipado con las mejores prestaciones para superar cualquier obst\u00e1culo climatol\u00f3gico en carretera. As\u00ed que el equipamiento extra que necesitar\u00e1s es muy distinto al que imaginas. Descubre c\u00f3mo <a href=\"https:\/\/www.subaru.es\/blog\/motor\/subaru-winter-experience-2019\/\" target=\"_blank\" rel=\"noreferrer noopener\" aria-label=\"Cada Subaru est\u00e1 equipado con las mejores prestaciones para superar cualquier obst\u00e1culo climatol\u00f3gico en carretera. As\u00ed que el equipamiento extra que necesitar\u00e1s es muy distinto al que imaginas. Descubre c\u00f3mo llegar con seguridad a tu destino este invierno y disfruta al m\u00e1ximo del fr\u00edo.&nbsp; (opens in a new tab)\">llegar con seguridad<\/a> a tu destino este invierno y disfruta al m\u00e1ximo del fr\u00edo.&nbsp;<\/p>\n\n\n\n<h3 class=\"wp-block-heading\">\u00bfQUIERES PRACTICAR DEPORTES DE INVIERNO?&nbsp;<br><\/h3>\n\n\n\n<figure class=\"wp-block-image\"><img decoding=\"async\" width=\"1050\" height=\"700\" data-src=\"https:\/\/www.subaru.es\/blog\/wp-content\/uploads\/2019\/03\/SUBARU_OUTBACK-53-lr.jpg\" alt=\"\" class=\"wp-image-20733 lazyload\" data-srcset=\"https:\/\/www.subaru.es\/blog\/wp-content\/uploads\/2019\/03\/SUBARU_OUTBACK-53-lr.jpg 1050w, https:\/\/www.subaru.es\/blog\/wp-content\/uploads\/2019\/03\/SUBARU_OUTBACK-53-lr-560x373.jpg 560w, https:\/\/www.subaru.es\/blog\/wp-content\/uploads\/2019\/03\/SUBARU_OUTBACK-53-lr-768x512.jpg 768w\" data-sizes=\"(max-width: 1050px) 100vw, 1050px\" src=\"data:image\/svg+xml;base64,PHN2ZyB3aWR0aD0iMSIgaGVpZ2h0PSIxIiB4bWxucz0iaHR0cDovL3d3dy53My5vcmcvMjAwMC9zdmciPjwvc3ZnPg==\" style=\"--smush-placeholder-width: 1050px; --smush-placeholder-aspect-ratio: 1050\/700;\" \/><\/figure>\n\n\n\n<p>Puedes ponerte a ti mismo y a tu Subaru en modo x. Cuando actives el <strong><a href=\"https:\/\/www.subaru.es\/blog\/nuestra-marca\/subaru-lab-x-mode-para-ir-comodamente-por-cualquier-terreno\/\" target=\"_blank\" rel=\"noreferrer noopener\" aria-label=\"Puedes ponerte a ti mismo y a tu Subaru en modo x. Cuando actives el X-Mode, el agarre y adherencia de tu coche ser\u00e1n m\u00e1ximos, as\u00ed que el mal tiempo y la nieve no podr\u00e1n impedir que llegues a donde quieras. Disfruta de un trayecto seguro hasta tu destino nevado y de los deportes de invierno al aire libre. Solo tendr\u00e1s que llenar su amplio maletero con todo el material deportivo y dem\u00e1s cosas que necesites. Tu Subaru se mantendr\u00e1 siempre bien pegado al suelo, as\u00ed que recuerda meter unos esqu\u00eds para ti y otros para tu coche si es que quieres que resbale\u2026 (opens in a new tab)\">X-Mode<\/a><\/strong>, el agarre y adherencia de tu coche ser\u00e1n m\u00e1ximos, as\u00ed que el mal tiempo y la nieve no podr\u00e1n impedir que llegues a donde quieras. Disfruta de un trayecto seguro hasta tu destino nevado y de los deportes de invierno al aire libre. Solo tendr\u00e1s que llenar su amplio maletero con todo el material deportivo y dem\u00e1s cosas que necesites. Tu Subaru se mantendr\u00e1 siempre bien pegado al suelo, as\u00ed que recuerda meter unos esqu\u00eds para ti y otros para tu coche si es que quieres que resbale\u2026<\/p>\n\n\n\n<h3 class=\"wp-block-heading\">\u00bfQUIERES DISFRUTAR CON SEGURIDAD EN UN PAISAJE NEVADO?<\/h3>\n\n\n\n<p><strong>\u2018<a rel=\"noreferrer noopener\" aria-label=\"\u2018All-Around Safety\u2019, eso siempre. Nuestra m\u00e1xima es mantener la seguridad en todos los niveles, por eso trabajamos la Seguridad Activa y la Seguridad Pasiva, que garantiza la protecci\u00f3n dentro y fuera del veh\u00edculo. Pasear sobre la nieve no siempre resulta sencillo, a no ser que vayas bien protegido y refugiado en el interior de un Subaru. Para salir al exterior son imprescindibles los guantes y la bufanda. Y quiz\u00e1 quieras llevar un par de palas o rastrillos, por si hay una avalancha de nieve tener las herramientas para hacer un bonito mu\u00f1eco. No te har\u00e1n falta para nada m\u00e1s.&nbsp; (opens in a new tab)\" href=\"https:\/\/www.subaru.es\/blog\/nuestra-marca\/subaru-seguridad-invierno\/\" target=\"_blank\">All-Around Safety\u2019<\/a><\/strong>, eso siempre. Nuestra m\u00e1xima es mantener la seguridad en todos los niveles, por eso<strong> trabajamos la <a rel=\"noreferrer noopener\" aria-label=\"\u2018All-Around Safety\u2019, eso siempre. Nuestra m\u00e1xima es mantener la seguridad en todos los niveles, por eso trabajamos la Seguridad Activa y la Seguridad Pasiva, que garantiza la protecci\u00f3n dentro y fuera del veh\u00edculo. Pasear sobre la nieve no siempre resulta sencillo, a no ser que vayas bien protegido y refugiado en el interior de un Subaru. Para salir al exterior son imprescindibles los guantes y la bufanda. Y quiz\u00e1 quieras llevar un par de palas o rastrillos, por si hay una avalancha de nieve tener las herramientas para hacer un bonito mu\u00f1eco. No te har\u00e1n falta para nada m\u00e1s.&nbsp; (opens in a new tab)\" href=\"https:\/\/www.subaru.es\/blog\/nuestra-marca\/all-around-safety-seguridad-activa\/\" target=\"_blank\">Seguridad Activa<\/a> y la <a href=\"https:\/\/www.subaru.es\/blog\/motor\/all-around-safety-seguridad-pasiva-subaru\/\" target=\"_blank\" rel=\"noreferrer noopener\" aria-label=\"\u2018All-Around Safety\u2019, eso siempre. Nuestra m\u00e1xima es mantener la seguridad en todos los niveles, por eso trabajamos la Seguridad Activa y la Seguridad Pasiva, que garantiza la protecci\u00f3n dentro y fuera del veh\u00edculo. Pasear sobre la nieve no siempre resulta sencillo, a no ser que vayas bien protegido y refugiado en el interior de un Subaru. Para salir al exterior son imprescindibles los guantes y la bufanda. Y quiz\u00e1 quieras llevar un par de palas o rastrillos, por si hay una avalancha de nieve tener las herramientas para hacer un bonito mu\u00f1eco. No te har\u00e1n falta para nada m\u00e1s.&nbsp; (opens in a new tab)\">Seguridad Pasiva<\/a>, que garantiza la protecci\u00f3n dentro y fuera del veh\u00edculo. <\/strong>Pasear sobre la nieve no siempre resulta sencillo, a no ser que vayas bien protegido y refugiado en el interior de un Subaru. Para salir al exterior son imprescindibles los guantes y la bufanda. Y quiz\u00e1 quieras llevar un par de palas o rastrillos, por si hay una avalancha de nieve tener las herramientas para hacer un bonito mu\u00f1eco. No te har\u00e1n falta para nada m\u00e1s.&nbsp;<\/p>\n\n\n\n<figure class=\"wp-block-image\"><img decoding=\"async\" width=\"1440\" height=\"960\" data-src=\"https:\/\/www.subaru.es\/blog\/wp-content\/uploads\/2019\/03\/SUBARU-FORESTER-15-1440x960.jpg\" alt=\"\" class=\"wp-image-20736 lazyload\" data-srcset=\"https:\/\/www.subaru.es\/blog\/wp-content\/uploads\/2019\/03\/SUBARU-FORESTER-15-1440x960.jpg 1440w, https:\/\/www.subaru.es\/blog\/wp-content\/uploads\/2019\/03\/SUBARU-FORESTER-15-560x373.jpg 560w, https:\/\/www.subaru.es\/blog\/wp-content\/uploads\/2019\/03\/SUBARU-FORESTER-15-768x512.jpg 768w, https:\/\/www.subaru.es\/blog\/wp-content\/uploads\/2019\/03\/SUBARU-FORESTER-15-1536x1024.jpg 1536w, https:\/\/www.subaru.es\/blog\/wp-content\/uploads\/2019\/03\/SUBARU-FORESTER-15-2048x1365.jpg 2048w\" data-sizes=\"(max-width: 1440px) 100vw, 1440px\" src=\"data:image\/svg+xml;base64,PHN2ZyB3aWR0aD0iMSIgaGVpZ2h0PSIxIiB4bWxucz0iaHR0cDovL3d3dy53My5vcmcvMjAwMC9zdmciPjwvc3ZnPg==\" style=\"--smush-placeholder-width: 1440px; --smush-placeholder-aspect-ratio: 1440\/960;\" \/><\/figure>\n\n\n\n<h3 class=\"wp-block-heading\">\u00bfQuieres visitar a tu familia del pueblo?<\/h3>\n\n\n\n<p>Eso suena a viaje por carreteras secundarias, y no puedes dejar de prever cualquier circunstancia. No todos los coches est\u00e1n preparados para llegar hasta los lugares m\u00e1s rec\u00f3nditos del pa\u00eds. Por eso tendr\u00e1s que confiar en tu Subaru para llegar hasta ellos. Alucinar\u00e1s con la cara de ilusi\u00f3n de tus parientes ante una visita sorpresa que seguro que no esperan. <\/p>\n\n\n\n<h3 class=\"wp-block-heading\">\u00bfQuieres descubrir la gastronom\u00eda al completo de Espa\u00f1a?&nbsp;<\/h3>\n\n\n\n<p>Puedes aprovechar el viaje para descubrir la gastronom\u00eda de las diferentes zonas que visites. Y es que haga el tiempo que haga, nunca es un mal momento para disfrutar de una buena comida. Eso s\u00ed, si te pasas comiendo, \u00e9chate la siesta antes de continuar la ruta. Las <strong><a href=\"https:\/\/www.subaru.es\/blog\/nuestra-marca\/tecnologia-eyesight-sensacion-de-seguridad\/\" target=\"_blank\" rel=\"noreferrer noopener\" aria-label=\"Puedes aprovechar el viaje para descubrir la gastronom\u00eda de las diferentes zonas que visites. Y es que haga el tiempo que haga, nunca es un mal momento para disfrutar de una buena comida. Eso s\u00ed, si te pasas comiendo, \u00e9chate la siesta antes de continuar la ruta. Las c\u00e1maras del sistema de seguridad EyeSight te avisar\u00e1n en caso de desv\u00edo o salida del carril, pero es mejor que no tengas que utilizarlas. Lo m\u00e1s importante es siempre conducir con seguridad y sin fatiga.&nbsp; (opens in a new tab)\">c\u00e1maras del sistema de seguridad EyeSight<\/a><\/strong> te avisar\u00e1n en caso de desv\u00edo o salida del carril, pero es mejor que no tengas que utilizarlas. Lo m\u00e1s importante es siempre conducir con seguridad y sin fatiga.&nbsp;<\/p>\n\n\n\n<figure class=\"wp-block-image\"><img decoding=\"async\" width=\"1050\" height=\"700\" data-src=\"https:\/\/www.subaru.es\/blog\/wp-content\/uploads\/2019\/03\/SUBARU_OUTBACK-22-lr.jpg\" alt=\"\" class=\"wp-image-20734 lazyload\" data-srcset=\"https:\/\/www.subaru.es\/blog\/wp-content\/uploads\/2019\/03\/SUBARU_OUTBACK-22-lr.jpg 1050w, https:\/\/www.subaru.es\/blog\/wp-content\/uploads\/2019\/03\/SUBARU_OUTBACK-22-lr-560x373.jpg 560w, https:\/\/www.subaru.es\/blog\/wp-content\/uploads\/2019\/03\/SUBARU_OUTBACK-22-lr-768x512.jpg 768w\" data-sizes=\"(max-width: 1050px) 100vw, 1050px\" src=\"data:image\/svg+xml;base64,PHN2ZyB3aWR0aD0iMSIgaGVpZ2h0PSIxIiB4bWxucz0iaHR0cDovL3d3dy53My5vcmcvMjAwMC9zdmciPjwvc3ZnPg==\" style=\"--smush-placeholder-width: 1050px; --smush-placeholder-aspect-ratio: 1050\/700;\" \/><\/figure>\n\n\n\n<p>Equ\u00edpate con todo aquello que necesites para pasarlo bien en tu destino de invierno. Del equipamiento tecnol\u00f3gico ya nos encargamos nosotros. ;)<\/p>\n","protected":false},"excerpt":{"rendered":"<p>\u00bfA d\u00f3nde quieres llegar este invierno? Te contamos un secreto: con la Seguridad Subaru puedes conseguir la meta que te propongas. Y es que somos garant\u00eda de seguridad para el invierno. No olvides que, si el mal tiempo #TeResbalaConSubaru, es gracias a toda la tecnolog\u00eda que siempre a\u00f1adimos a nuestros modelos y que nos sit\u00faa [&hellip;]<\/p>\n","protected":false},"author":21,"featured_media":20731,"comment_status":"open","ping_status":"closed","sticky":false,"template":"","format":"standard","meta":{"_acf_changed":false,"_eb_attr":"","inline_featured_image":false,"footnotes":""},"categories":[4401],"tags":[4891,1843,293,4629,164,3681,3453,4575,4952,820,4213],"class_list":["post-20727","post","type-post","status-publish","format-standard","has-post-thumbnail","hentry","category-nuestra-marca","tag-teresbalaconsubaru","tag-bateria","tag-motor-boxer","tag-motor-boxer-subaru","tag-seguridad","tag-seguridad-activa","tag-seguridad-pasiva","tag-seguridad-subaru","tag-sistema-ey","tag-tecnologia","tag-x-mode"],"acf":[],"yoast_head":"<!-- This site is optimized with the Yoast SEO plugin v27.3 - https:\/\/yoast.com\/product\/yoast-seo-wordpress\/ -->\n<title>Dime cu\u00e1l es tu destino y te dir\u00e9 c\u00f3mo equipar tu Subaru en invierno - Universo Subaru<\/title>\n<meta name=\"robots\" content=\"index, follow, max-snippet:-1, max-image-preview:large, max-video-preview:-1\" \/>\n<link rel=\"canonical\" href=\"https:\/\/www.subaru.es\/blog\/nuestra-marca\/dime-cual-es-tu-destino-y-te-dire-como-equipar-tu-subaru-en-invierno\/\" \/>\n<meta property=\"og:locale\" content=\"es_ES\" \/>\n<meta property=\"og:type\" content=\"article\" \/>\n<meta property=\"og:title\" content=\"Dime cu\u00e1l es tu destino y te dir\u00e9 c\u00f3mo equipar tu Subaru en invierno - Universo Subaru\" \/>\n<meta property=\"og:description\" content=\"\u00bfA d\u00f3nde quieres llegar este invierno? Te contamos un secreto: con la Seguridad Subaru puedes conseguir la meta que te propongas. Y es que somos garant\u00eda de seguridad para el invierno. No olvides que, si el mal tiempo #TeResbalaConSubaru, es gracias a toda la tecnolog\u00eda que siempre a\u00f1adimos a nuestros modelos y que nos sit\u00faa [&hellip;]\" \/>\n<meta property=\"og:url\" content=\"https:\/\/www.subaru.es\/blog\/nuestra-marca\/dime-cual-es-tu-destino-y-te-dire-como-equipar-tu-subaru-en-invierno\/\" \/>\n<meta property=\"og:site_name\" content=\"Universo Subaru\" \/>\n<meta property=\"article:publisher\" content=\"https:\/\/www.facebook.com\/subaruespana\" \/>\n<meta property=\"article:published_time\" content=\"2019-03-13T16:37:58+00:00\" \/>\n<meta property=\"article:modified_time\" content=\"2019-03-13T16:38:04+00:00\" \/>\n<meta property=\"og:image\" content=\"https:\/\/www.subaru.es\/blog\/wp-content\/uploads\/2019\/03\/Portada-Blog-FORESTER-NIEVE-1.gif\" \/>\n\t<meta property=\"og:image:width\" content=\"1550\" \/>\n\t<meta property=\"og:image:height\" content=\"520\" \/>\n\t<meta property=\"og:image:type\" content=\"image\/gif\" \/>\n<meta name=\"author\" content=\"Subaru\" \/>\n<meta name=\"twitter:card\" content=\"summary_large_image\" \/>\n<meta name=\"twitter:label1\" content=\"Escrito por\" \/>\n\t<meta name=\"twitter:data1\" content=\"Subaru\" \/>\n\t<meta name=\"twitter:label2\" content=\"Tiempo de lectura\" \/>\n\t<meta name=\"twitter:data2\" content=\"3 minutos\" \/>\n<script type=\"application\/ld+json\" class=\"yoast-schema-graph\">{\"@context\":\"https:\\\/\\\/schema.org\",\"@graph\":[{\"@type\":\"Article\",\"@id\":\"https:\\\/\\\/www.subaru.es\\\/blog\\\/nuestra-marca\\\/dime-cual-es-tu-destino-y-te-dire-como-equipar-tu-subaru-en-invierno\\\/#article\",\"isPartOf\":{\"@id\":\"https:\\\/\\\/www.subaru.es\\\/blog\\\/nuestra-marca\\\/dime-cual-es-tu-destino-y-te-dire-como-equipar-tu-subaru-en-invierno\\\/\"},\"author\":{\"name\":\"Subaru\",\"@id\":\"https:\\\/\\\/www.subaru.es\\\/blog\\\/#\\\/schema\\\/person\\\/19a90b892230b8e0ec752704ddf4aa10\"},\"headline\":\"Dime cu\u00e1l es tu destino y te dir\u00e9 c\u00f3mo equipar tu Subaru en invierno\",\"datePublished\":\"2019-03-13T16:37:58+00:00\",\"dateModified\":\"2019-03-13T16:38:04+00:00\",\"mainEntityOfPage\":{\"@id\":\"https:\\\/\\\/www.subaru.es\\\/blog\\\/nuestra-marca\\\/dime-cual-es-tu-destino-y-te-dire-como-equipar-tu-subaru-en-invierno\\\/\"},\"wordCount\":569,\"commentCount\":4,\"publisher\":{\"@id\":\"https:\\\/\\\/www.subaru.es\\\/blog\\\/#organization\"},\"image\":{\"@id\":\"https:\\\/\\\/www.subaru.es\\\/blog\\\/nuestra-marca\\\/dime-cual-es-tu-destino-y-te-dire-como-equipar-tu-subaru-en-invierno\\\/#primaryimage\"},\"thumbnailUrl\":\"https:\\\/\\\/www.subaru.es\\\/blog\\\/wp-content\\\/uploads\\\/2019\\\/03\\\/Portada-Blog-FORESTER-NIEVE-1.gif\",\"keywords\":[\"#teresbalaconsubaru\",\"bater\u00eda\",\"motor boxer\",\"motor boxer subaru\",\"seguridad\",\"Seguridad Activa\",\"Seguridad pasiva\",\"Seguridad Subaru\",\"Sistema Ey\",\"tecnolog\u00eda\",\"X-MODE\"],\"articleSection\":[\"Nuestra marca\"],\"inLanguage\":\"es\",\"potentialAction\":[{\"@type\":\"CommentAction\",\"name\":\"Comment\",\"target\":[\"https:\\\/\\\/www.subaru.es\\\/blog\\\/nuestra-marca\\\/dime-cual-es-tu-destino-y-te-dire-como-equipar-tu-subaru-en-invierno\\\/#respond\"]}]},{\"@type\":\"WebPage\",\"@id\":\"https:\\\/\\\/www.subaru.es\\\/blog\\\/nuestra-marca\\\/dime-cual-es-tu-destino-y-te-dire-como-equipar-tu-subaru-en-invierno\\\/\",\"url\":\"https:\\\/\\\/www.subaru.es\\\/blog\\\/nuestra-marca\\\/dime-cual-es-tu-destino-y-te-dire-como-equipar-tu-subaru-en-invierno\\\/\",\"name\":\"Dime cu\u00e1l es tu destino y te dir\u00e9 c\u00f3mo equipar tu Subaru en invierno - Universo Subaru\",\"isPartOf\":{\"@id\":\"https:\\\/\\\/www.subaru.es\\\/blog\\\/#website\"},\"primaryImageOfPage\":{\"@id\":\"https:\\\/\\\/www.subaru.es\\\/blog\\\/nuestra-marca\\\/dime-cual-es-tu-destino-y-te-dire-como-equipar-tu-subaru-en-invierno\\\/#primaryimage\"},\"image\":{\"@id\":\"https:\\\/\\\/www.subaru.es\\\/blog\\\/nuestra-marca\\\/dime-cual-es-tu-destino-y-te-dire-como-equipar-tu-subaru-en-invierno\\\/#primaryimage\"},\"thumbnailUrl\":\"https:\\\/\\\/www.subaru.es\\\/blog\\\/wp-content\\\/uploads\\\/2019\\\/03\\\/Portada-Blog-FORESTER-NIEVE-1.gif\",\"datePublished\":\"2019-03-13T16:37:58+00:00\",\"dateModified\":\"2019-03-13T16:38:04+00:00\",\"breadcrumb\":{\"@id\":\"https:\\\/\\\/www.subaru.es\\\/blog\\\/nuestra-marca\\\/dime-cual-es-tu-destino-y-te-dire-como-equipar-tu-subaru-en-invierno\\\/#breadcrumb\"},\"inLanguage\":\"es\",\"potentialAction\":[{\"@type\":\"ReadAction\",\"target\":[\"https:\\\/\\\/www.subaru.es\\\/blog\\\/nuestra-marca\\\/dime-cual-es-tu-destino-y-te-dire-como-equipar-tu-subaru-en-invierno\\\/\"]}]},{\"@type\":\"ImageObject\",\"inLanguage\":\"es\",\"@id\":\"https:\\\/\\\/www.subaru.es\\\/blog\\\/nuestra-marca\\\/dime-cual-es-tu-destino-y-te-dire-como-equipar-tu-subaru-en-invierno\\\/#primaryimage\",\"url\":\"https:\\\/\\\/www.subaru.es\\\/blog\\\/wp-content\\\/uploads\\\/2019\\\/03\\\/Portada-Blog-FORESTER-NIEVE-1.gif\",\"contentUrl\":\"https:\\\/\\\/www.subaru.es\\\/blog\\\/wp-content\\\/uploads\\\/2019\\\/03\\\/Portada-Blog-FORESTER-NIEVE-1.gif\",\"width\":1550,\"height\":520,\"caption\":\"seguridad subaru\"},{\"@type\":\"BreadcrumbList\",\"@id\":\"https:\\\/\\\/www.subaru.es\\\/blog\\\/nuestra-marca\\\/dime-cual-es-tu-destino-y-te-dire-como-equipar-tu-subaru-en-invierno\\\/#breadcrumb\",\"itemListElement\":[{\"@type\":\"ListItem\",\"position\":1,\"name\":\"Portada\",\"item\":\"https:\\\/\\\/www.subaru.es\\\/blog\\\/\"},{\"@type\":\"ListItem\",\"position\":2,\"name\":\"Dime cu\u00e1l es tu destino y te dir\u00e9 c\u00f3mo equipar tu Subaru en invierno\"}]},{\"@type\":\"WebSite\",\"@id\":\"https:\\\/\\\/www.subaru.es\\\/blog\\\/#website\",\"url\":\"https:\\\/\\\/www.subaru.es\\\/blog\\\/\",\"name\":\"Universo Subaru\",\"description\":\"Descubre este apasionante espacio de Subaru donde vas a conocer todo sobre nuestros coches y las experiencias que vivimos con ellos. Si est\u00e1s preparado para dejarte seducir por la filosof\u00eda Subaru, qu\u00e9date con nosotros.\",\"publisher\":{\"@id\":\"https:\\\/\\\/www.subaru.es\\\/blog\\\/#organization\"},\"potentialAction\":[{\"@type\":\"SearchAction\",\"target\":{\"@type\":\"EntryPoint\",\"urlTemplate\":\"https:\\\/\\\/www.subaru.es\\\/blog\\\/?s={search_term_string}\"},\"query-input\":{\"@type\":\"PropertyValueSpecification\",\"valueRequired\":true,\"valueName\":\"search_term_string\"}}],\"inLanguage\":\"es\"},{\"@type\":\"Organization\",\"@id\":\"https:\\\/\\\/www.subaru.es\\\/blog\\\/#organization\",\"name\":\"Subaru Espa\u00f1a S.A.\",\"url\":\"https:\\\/\\\/www.subaru.es\\\/blog\\\/\",\"logo\":{\"@type\":\"ImageObject\",\"inLanguage\":\"es\",\"@id\":\"https:\\\/\\\/www.subaru.es\\\/blog\\\/#\\\/schema\\\/logo\\\/image\\\/\",\"url\":\"https:\\\/\\\/www.subaru.es\\\/blog\\\/wp-content\\\/uploads\\\/2016\\\/12\\\/Logo-Subaru-TypeV_C300-scaled.jpg\",\"contentUrl\":\"https:\\\/\\\/www.subaru.es\\\/blog\\\/wp-content\\\/uploads\\\/2016\\\/12\\\/Logo-Subaru-TypeV_C300-scaled.jpg\",\"width\":2560,\"height\":1864,\"caption\":\"Subaru Espa\u00f1a S.A.\"},\"image\":{\"@id\":\"https:\\\/\\\/www.subaru.es\\\/blog\\\/#\\\/schema\\\/logo\\\/image\\\/\"},\"sameAs\":[\"https:\\\/\\\/www.facebook.com\\\/subaruespana\",\"https:\\\/\\\/www.instagram.com\\\/subarues\\\/\",\"https:\\\/\\\/www.youtube.com\\\/user\\\/subaruespana\"]},{\"@type\":\"Person\",\"@id\":\"https:\\\/\\\/www.subaru.es\\\/blog\\\/#\\\/schema\\\/person\\\/19a90b892230b8e0ec752704ddf4aa10\",\"name\":\"Subaru\",\"url\":\"https:\\\/\\\/www.subaru.es\\\/blog\\\/author\\\/subaria\\\/\"}]}<\/script>\n<!-- \/ Yoast SEO plugin. -->","yoast_head_json":{"title":"Dime cu\u00e1l es tu destino y te dir\u00e9 c\u00f3mo equipar tu Subaru en invierno - Universo Subaru","robots":{"index":"index","follow":"follow","max-snippet":"max-snippet:-1","max-image-preview":"max-image-preview:large","max-video-preview":"max-video-preview:-1"},"canonical":"https:\/\/www.subaru.es\/blog\/nuestra-marca\/dime-cual-es-tu-destino-y-te-dire-como-equipar-tu-subaru-en-invierno\/","og_locale":"es_ES","og_type":"article","og_title":"Dime cu\u00e1l es tu destino y te dir\u00e9 c\u00f3mo equipar tu Subaru en invierno - Universo Subaru","og_description":"\u00bfA d\u00f3nde quieres llegar este invierno? Te contamos un secreto: con la Seguridad Subaru puedes conseguir la meta que te propongas. Y es que somos garant\u00eda de seguridad para el invierno. No olvides que, si el mal tiempo #TeResbalaConSubaru, es gracias a toda la tecnolog\u00eda que siempre a\u00f1adimos a nuestros modelos y que nos sit\u00faa [&hellip;]","og_url":"https:\/\/www.subaru.es\/blog\/nuestra-marca\/dime-cual-es-tu-destino-y-te-dire-como-equipar-tu-subaru-en-invierno\/","og_site_name":"Universo Subaru","article_publisher":"https:\/\/www.facebook.com\/subaruespana","article_published_time":"2019-03-13T16:37:58+00:00","article_modified_time":"2019-03-13T16:38:04+00:00","og_image":[{"width":1550,"height":520,"url":"https:\/\/www.subaru.es\/blog\/wp-content\/uploads\/2019\/03\/Portada-Blog-FORESTER-NIEVE-1.gif","type":"image\/gif"}],"author":"Subaru","twitter_card":"summary_large_image","twitter_misc":{"Escrito por":"Subaru","Tiempo de lectura":"3 minutos"},"schema":{"@context":"https:\/\/schema.org","@graph":[{"@type":"Article","@id":"https:\/\/www.subaru.es\/blog\/nuestra-marca\/dime-cual-es-tu-destino-y-te-dire-como-equipar-tu-subaru-en-invierno\/#article","isPartOf":{"@id":"https:\/\/www.subaru.es\/blog\/nuestra-marca\/dime-cual-es-tu-destino-y-te-dire-como-equipar-tu-subaru-en-invierno\/"},"author":{"name":"Subaru","@id":"https:\/\/www.subaru.es\/blog\/#\/schema\/person\/19a90b892230b8e0ec752704ddf4aa10"},"headline":"Dime cu\u00e1l es tu destino y te dir\u00e9 c\u00f3mo equipar tu Subaru en invierno","datePublished":"2019-03-13T16:37:58+00:00","dateModified":"2019-03-13T16:38:04+00:00","mainEntityOfPage":{"@id":"https:\/\/www.subaru.es\/blog\/nuestra-marca\/dime-cual-es-tu-destino-y-te-dire-como-equipar-tu-subaru-en-invierno\/"},"wordCount":569,"commentCount":4,"publisher":{"@id":"https:\/\/www.subaru.es\/blog\/#organization"},"image":{"@id":"https:\/\/www.subaru.es\/blog\/nuestra-marca\/dime-cual-es-tu-destino-y-te-dire-como-equipar-tu-subaru-en-invierno\/#primaryimage"},"thumbnailUrl":"https:\/\/www.subaru.es\/blog\/wp-content\/uploads\/2019\/03\/Portada-Blog-FORESTER-NIEVE-1.gif","keywords":["#teresbalaconsubaru","bater\u00eda","motor boxer","motor boxer subaru","seguridad","Seguridad Activa","Seguridad pasiva","Seguridad Subaru","Sistema Ey","tecnolog\u00eda","X-MODE"],"articleSection":["Nuestra marca"],"inLanguage":"es","potentialAction":[{"@type":"CommentAction","name":"Comment","target":["https:\/\/www.subaru.es\/blog\/nuestra-marca\/dime-cual-es-tu-destino-y-te-dire-como-equipar-tu-subaru-en-invierno\/#respond"]}]},{"@type":"WebPage","@id":"https:\/\/www.subaru.es\/blog\/nuestra-marca\/dime-cual-es-tu-destino-y-te-dire-como-equipar-tu-subaru-en-invierno\/","url":"https:\/\/www.subaru.es\/blog\/nuestra-marca\/dime-cual-es-tu-destino-y-te-dire-como-equipar-tu-subaru-en-invierno\/","name":"Dime cu\u00e1l es tu destino y te dir\u00e9 c\u00f3mo equipar tu Subaru en invierno - Universo Subaru","isPartOf":{"@id":"https:\/\/www.subaru.es\/blog\/#website"},"primaryImageOfPage":{"@id":"https:\/\/www.subaru.es\/blog\/nuestra-marca\/dime-cual-es-tu-destino-y-te-dire-como-equipar-tu-subaru-en-invierno\/#primaryimage"},"image":{"@id":"https:\/\/www.subaru.es\/blog\/nuestra-marca\/dime-cual-es-tu-destino-y-te-dire-como-equipar-tu-subaru-en-invierno\/#primaryimage"},"thumbnailUrl":"https:\/\/www.subaru.es\/blog\/wp-content\/uploads\/2019\/03\/Portada-Blog-FORESTER-NIEVE-1.gif","datePublished":"2019-03-13T16:37:58+00:00","dateModified":"2019-03-13T16:38:04+00:00","breadcrumb":{"@id":"https:\/\/www.subaru.es\/blog\/nuestra-marca\/dime-cual-es-tu-destino-y-te-dire-como-equipar-tu-subaru-en-invierno\/#breadcrumb"},"inLanguage":"es","potentialAction":[{"@type":"ReadAction","target":["https:\/\/www.subaru.es\/blog\/nuestra-marca\/dime-cual-es-tu-destino-y-te-dire-como-equipar-tu-subaru-en-invierno\/"]}]},{"@type":"ImageObject","inLanguage":"es","@id":"https:\/\/www.subaru.es\/blog\/nuestra-marca\/dime-cual-es-tu-destino-y-te-dire-como-equipar-tu-subaru-en-invierno\/#primaryimage","url":"https:\/\/www.subaru.es\/blog\/wp-content\/uploads\/2019\/03\/Portada-Blog-FORESTER-NIEVE-1.gif","contentUrl":"https:\/\/www.subaru.es\/blog\/wp-content\/uploads\/2019\/03\/Portada-Blog-FORESTER-NIEVE-1.gif","width":1550,"height":520,"caption":"seguridad subaru"},{"@type":"BreadcrumbList","@id":"https:\/\/www.subaru.es\/blog\/nuestra-marca\/dime-cual-es-tu-destino-y-te-dire-como-equipar-tu-subaru-en-invierno\/#breadcrumb","itemListElement":[{"@type":"ListItem","position":1,"name":"Portada","item":"https:\/\/www.subaru.es\/blog\/"},{"@type":"ListItem","position":2,"name":"Dime cu\u00e1l es tu destino y te dir\u00e9 c\u00f3mo equipar tu Subaru en invierno"}]},{"@type":"WebSite","@id":"https:\/\/www.subaru.es\/blog\/#website","url":"https:\/\/www.subaru.es\/blog\/","name":"Universo Subaru","description":"Descubre este apasionante espacio de Subaru donde vas a conocer todo sobre nuestros coches y las experiencias que vivimos con ellos. Si est\u00e1s preparado para dejarte seducir por la filosof\u00eda Subaru, qu\u00e9date con nosotros.","publisher":{"@id":"https:\/\/www.subaru.es\/blog\/#organization"},"potentialAction":[{"@type":"SearchAction","target":{"@type":"EntryPoint","urlTemplate":"https:\/\/www.subaru.es\/blog\/?s={search_term_string}"},"query-input":{"@type":"PropertyValueSpecification","valueRequired":true,"valueName":"search_term_string"}}],"inLanguage":"es"},{"@type":"Organization","@id":"https:\/\/www.subaru.es\/blog\/#organization","name":"Subaru Espa\u00f1a S.A.","url":"https:\/\/www.subaru.es\/blog\/","logo":{"@type":"ImageObject","inLanguage":"es","@id":"https:\/\/www.subaru.es\/blog\/#\/schema\/logo\/image\/","url":"https:\/\/www.subaru.es\/blog\/wp-content\/uploads\/2016\/12\/Logo-Subaru-TypeV_C300-scaled.jpg","contentUrl":"https:\/\/www.subaru.es\/blog\/wp-content\/uploads\/2016\/12\/Logo-Subaru-TypeV_C300-scaled.jpg","width":2560,"height":1864,"caption":"Subaru Espa\u00f1a S.A."},"image":{"@id":"https:\/\/www.subaru.es\/blog\/#\/schema\/logo\/image\/"},"sameAs":["https:\/\/www.facebook.com\/subaruespana","https:\/\/www.instagram.com\/subarues\/","https:\/\/www.youtube.com\/user\/subaruespana"]},{"@type":"Person","@id":"https:\/\/www.subaru.es\/blog\/#\/schema\/person\/19a90b892230b8e0ec752704ddf4aa10","name":"Subaru","url":"https:\/\/www.subaru.es\/blog\/author\/subaria\/"}]}},"_links":{"self":[{"href":"https:\/\/www.subaru.es\/blog\/wp-json\/wp\/v2\/posts\/20727","targetHints":{"allow":["GET"]}}],"collection":[{"href":"https:\/\/www.subaru.es\/blog\/wp-json\/wp\/v2\/posts"}],"about":[{"href":"https:\/\/www.subaru.es\/blog\/wp-json\/wp\/v2\/types\/post"}],"author":[{"embeddable":true,"href":"https:\/\/www.subaru.es\/blog\/wp-json\/wp\/v2\/users\/21"}],"replies":[{"embeddable":true,"href":"https:\/\/www.subaru.es\/blog\/wp-json\/wp\/v2\/comments?post=20727"}],"version-history":[{"count":8,"href":"https:\/\/www.subaru.es\/blog\/wp-json\/wp\/v2\/posts\/20727\/revisions"}],"predecessor-version":[{"id":20741,"href":"https:\/\/www.subaru.es\/blog\/wp-json\/wp\/v2\/posts\/20727\/revisions\/20741"}],"wp:featuredmedia":[{"embeddable":true,"href":"https:\/\/www.subaru.es\/blog\/wp-json\/wp\/v2\/media\/20731"}],"wp:attachment":[{"href":"https:\/\/www.subaru.es\/blog\/wp-json\/wp\/v2\/media?parent=20727"}],"wp:term":[{"taxonomy":"category","embeddable":true,"href":"https:\/\/www.subaru.es\/blog\/wp-json\/wp\/v2\/categories?post=20727"},{"taxonomy":"post_tag","embeddable":true,"href":"https:\/\/www.subaru.es\/blog\/wp-json\/wp\/v2\/tags?post=20727"}],"curies":[{"name":"wp","href":"https:\/\/api.w.org\/{rel}","templated":true}]}}