{"id":20667,"date":"2019-02-28T14:59:30","date_gmt":"2019-02-28T12:59:30","guid":{"rendered":"https:\/\/www.subaru.es\/blog\/?p=20667"},"modified":"2023-05-29T16:54:11","modified_gmt":"2023-05-29T14:54:11","slug":"subaruoffroaders-de-la-bruma-a-la-nieve","status":"publish","type":"post","link":"https:\/\/www.subaru.es\/blog\/subaru-lifestyle\/subaruoffroaders-de-la-bruma-a-la-nieve\/","title":{"rendered":"De la \u2018Bruma\u2019 a la nieve: un viaje #SubaruOffRoaders para todos"},"content":{"rendered":"\r\n<p>Una de las cosas que m\u00e1s me gusta hacer en invierno es ir a la nieve a practicar algunos de mis deportes favoritos. Y si lo puedo hacer <a href=\"https:\/\/www.instagram.com\/danidlm\/\" target=\"_blank\" rel=\"noreferrer noopener\" aria-label=\"Una de las cosas que m\u00e1s me gusta hacer en invierno es ir a la nieve a practicar algunos de mis deportes favoritos. Y si lo puedo hacer acompa\u00f1ado de Bruma, pues \u00a1mucho mejor! No est\u00e1 claro qui\u00e9n contagi\u00f3 el esp\u00edritu Off Roader a qui\u00e9n, pero sin duda formamos un equipo perfecto. (opens in a new tab)\">acompa\u00f1ado de Bruma<\/a>, pues \u00a1mucho mejor! No est\u00e1 claro qui\u00e9n contagi\u00f3 el esp\u00edritu OffRoader a qui\u00e9n, pero sin duda formamos un equipo perfecto.<\/p>\r\n\r\n\r\n\r\n<figure class=\"wp-block-image\"><img decoding=\"async\" width=\"1440\" height=\"1080\" class=\"wp-image-20674 lazyload\" data-src=\"https:\/\/www.subaru.es\/blog\/wp-content\/uploads\/2019\/02\/P1035056-2-1440x1080.jpg\" alt=\"\" data-srcset=\"https:\/\/www.subaru.es\/blog\/wp-content\/uploads\/2019\/02\/P1035056-2-1440x1080.jpg 1440w, https:\/\/www.subaru.es\/blog\/wp-content\/uploads\/2019\/02\/P1035056-2-560x420.jpg 560w, https:\/\/www.subaru.es\/blog\/wp-content\/uploads\/2019\/02\/P1035056-2-768x576.jpg 768w, https:\/\/www.subaru.es\/blog\/wp-content\/uploads\/2019\/02\/P1035056-2-1536x1152.jpg 1536w, https:\/\/www.subaru.es\/blog\/wp-content\/uploads\/2019\/02\/P1035056-2-2048x1536.jpg 2048w\" data-sizes=\"(max-width: 1440px) 100vw, 1440px\" src=\"data:image\/svg+xml;base64,PHN2ZyB3aWR0aD0iMSIgaGVpZ2h0PSIxIiB4bWxucz0iaHR0cDovL3d3dy53My5vcmcvMjAwMC9zdmciPjwvc3ZnPg==\" style=\"--smush-placeholder-width: 1440px; --smush-placeholder-aspect-ratio: 1440\/1080;\" \/><\/figure>\r\n\r\n\r\n\r\n<p>Resulta complicado viajar con equipos de nieve, ropa de abrigo, y con una perra tan grande como Bruma, por eso necesitamos un coche con mucho espacio y con las caracter\u00edsticas adecuadas. Y ese es el <a href=\"https:\/\/www.subaru.es\/vehiculos\/forester\" target=\"_blank\" rel=\"noreferrer noopener\" aria-label=\"Resulta complicado viajar con equipos de nieve, ropa de abrigo, y con una perra tan grande como Bruma, por eso necesitamos un coche con mucho espacio y con las caracter\u00edsticas adecuadas. Y ese es el Subaru Forester, donde cabe todo lo importante y necesario. Por no hablar de la seguridad que te da la tracci\u00f3n total, no solo en la monta\u00f1a, sino durante todo el viaje, lo que hizo que pudiera centrarme en disfrutar de la carretera y de la compa\u00f1\u00eda de mi mejor amiga.  (opens in a new tab)\">Subaru Forester<\/a>, donde cabe todo lo importante y necesario. Por no hablar de la <a href=\"https:\/\/www.subaru.es\/seguridad\" target=\"_blank\" rel=\"noreferrer noopener\" aria-label=\"Resulta complicado viajar con equipos de nieve, ropa de abrigo, y con una perra tan grande como Bruma, por eso necesitamos un coche con mucho espacio y con las caracter\u00edsticas adecuadas. Y ese es el Subaru Forester, donde cabe todo lo importante y necesario. Por no hablar de la seguridad que te da la tracci\u00f3n total, no solo en la monta\u00f1a, sino durante todo el viaje, lo que hizo que pudiera centrarme en disfrutar de la carretera y de la compa\u00f1\u00eda de mi mejor amiga.  (opens in a new tab)\">seguridad<\/a> que te da la tracci\u00f3n total, no solo en la monta\u00f1a, sino durante todo el viaje, lo que hizo que pudiera centrarme en disfrutar de la carretera y de la compa\u00f1\u00eda de mi mejor amiga.<\/p>\r\n\r\n\r\n\r\n<p>Con todo listo para iniciar el viaje, solo faltaba decidir el destino. Este a\u00f1o ha sido el turno de <a href=\"https:\/\/www.subaru.es\/blog\/outdoor\/boi-taull-mucho-mas-esqui\/\" target=\"_blank\" rel=\"noreferrer noopener\" aria-label=\"Con todo listo para iniciar el viaje, solo faltaba decidir el destino. Este a\u00f1o ha sido el turno de Bo\u00ed Ta\u00fcll, una estaci\u00f3n de esqu\u00ed maravillosa a m\u00e1s de 2700 metros de altura. Un lugar perfecto para disfrutar de la nieve y de toda la belleza del Pirineo de Lleida. Donde tienes la posibilidad tanto de practicar deporte a m\u00e1ximo nivel como de pasar una jornada tranquila al aire libre.  (opens in a new tab)\">Bo\u00ed Ta\u00fcll<\/a>, una estaci\u00f3n de esqu\u00ed maravillosa a m\u00e1s de 2700 metros de altura. Un lugar perfecto para disfrutar de la nieve y de toda la belleza del Pirineo de Lleida. Donde tienes la posibilidad tanto de practicar deporte a m\u00e1ximo nivel como de pasar una jornada tranquila al aire libre.<\/p>\r\n\r\n\r\n\r\n<figure class=\"wp-block-image\"><img decoding=\"async\" width=\"1440\" height=\"811\" class=\"wp-image-20669 lazyload\" data-src=\"https:\/\/www.subaru.es\/blog\/wp-content\/uploads\/2019\/02\/1034930-2-1440x811.jpg\" alt=\"\" data-srcset=\"https:\/\/www.subaru.es\/blog\/wp-content\/uploads\/2019\/02\/1034930-2-1440x811.jpg 1440w, https:\/\/www.subaru.es\/blog\/wp-content\/uploads\/2019\/02\/1034930-2-560x315.jpg 560w, https:\/\/www.subaru.es\/blog\/wp-content\/uploads\/2019\/02\/1034930-2-768x433.jpg 768w, https:\/\/www.subaru.es\/blog\/wp-content\/uploads\/2019\/02\/1034930-2-1536x865.jpg 1536w, https:\/\/www.subaru.es\/blog\/wp-content\/uploads\/2019\/02\/1034930-2-2048x1154.jpg 2048w\" data-sizes=\"(max-width: 1440px) 100vw, 1440px\" src=\"data:image\/svg+xml;base64,PHN2ZyB3aWR0aD0iMSIgaGVpZ2h0PSIxIiB4bWxucz0iaHR0cDovL3d3dy53My5vcmcvMjAwMC9zdmciPjwvc3ZnPg==\" style=\"--smush-placeholder-width: 1440px; --smush-placeholder-aspect-ratio: 1440\/811;\" \/><\/figure>\r\n\r\n\r\n\r\n<p>Cuando viajas con tu perro, hay que tener en cuenta la importancia de encontrar un alojamiento que admita mascotas. En este caso me result\u00f3 muy sencillo, nos quedamos en uno de los apartamentos del <a href=\"https:\/\/www.boitaullresort.com\/ca-ES\/resort\/hoteles\/hotel-augusta.aspx\" target=\"_blank\" rel=\"noreferrer noopener\" aria-label=\"Cuando viajas con tu perro, hay que tener en cuenta la importancia de encontrar un alojamiento que admita mascotas. En este caso me result\u00f3 muy sencillo, nos quedamos en uno de los apartamentos del Hotel Augusta. Una construcci\u00f3n levantada con materiales t\u00edpicos de alta monta\u00f1a, como madera, pizarra y piedra con mucho encanto. Quedamos encantados con la comodidad de las habitaciones, el impresionante desayuno con el que coger fuerza para un buen d\u00eda en la monta\u00f1a y el SPA donde relajarte a la vuelta. (opens in a new tab)\">Hotel Augusta<\/a>. Una construcci\u00f3n levantada con materiales t\u00edpicos de alta monta\u00f1a, como madera, pizarra y piedra con mucho encanto. Quedamos encantados con la comodidad de las habitaciones, el impresionante desayuno con el que coger fuerza para un buen d\u00eda en la monta\u00f1a y el SPA donde relajarte a la vuelta.<\/p>\r\n\r\n\r\n\r\n<p>Lo ideal para un viaje as\u00ed es ir varias personas, para poder alternar planes con o sin perro. En muchos de estos destinos existen guarder\u00edas caninas donde un perrete puede pasar un d\u00eda de descanso. A no ser que siempre haya alguien haci\u00e9ndose cargo de \u00e9l. Todo depender\u00e1 del tipo de planes y de las preferencias del grupo.<\/p>\r\n\r\n\r\n\r\n<p>Nosotros dedicamos uno de los d\u00edas a disfrutar de la estaci\u00f3n, tanto del gran espesor de nieve polvo de sus pistas como de su snowpark. <strong>\u00a1No pudimos pasarlo mejor!<\/strong> Incluso Bruma estuvo a punto de atreverse a subir a la tabla\u2026<\/p>\r\n\r\n\r\n\r\n<figure class=\"wp-block-image\"><img decoding=\"async\" width=\"1440\" height=\"1440\" class=\"wp-image-20672 lazyload\" data-src=\"https:\/\/www.subaru.es\/blog\/wp-content\/uploads\/2019\/02\/1035021-1440x1440.jpg\" alt=\"\" data-srcset=\"https:\/\/www.subaru.es\/blog\/wp-content\/uploads\/2019\/02\/1035021-1440x1440.jpg 1440w, https:\/\/www.subaru.es\/blog\/wp-content\/uploads\/2019\/02\/1035021-560x560.jpg 560w, https:\/\/www.subaru.es\/blog\/wp-content\/uploads\/2019\/02\/1035021-200x200.jpg 200w, https:\/\/www.subaru.es\/blog\/wp-content\/uploads\/2019\/02\/1035021-768x768.jpg 768w, https:\/\/www.subaru.es\/blog\/wp-content\/uploads\/2019\/02\/1035021-1536x1536.jpg 1536w, https:\/\/www.subaru.es\/blog\/wp-content\/uploads\/2019\/02\/1035021-2048x2048.jpg 2048w\" data-sizes=\"(max-width: 1440px) 100vw, 1440px\" src=\"data:image\/svg+xml;base64,PHN2ZyB3aWR0aD0iMSIgaGVpZ2h0PSIxIiB4bWxucz0iaHR0cDovL3d3dy53My5vcmcvMjAwMC9zdmciPjwvc3ZnPg==\" style=\"--smush-placeholder-width: 1440px; --smush-placeholder-aspect-ratio: 1440\/1440;\" \/><\/figure>\r\n\r\n\r\n\r\n<p>Y tambi\u00e9n dedicamos tiempo a otro tipo de planes m\u00e1s tranquilos, pero igual de apetecibles. Como la impresionante ruta por la monta\u00f1a con raquetas junto a Bruma que ambos disfrutamos al m\u00e1ximo. Deporte, naturaleza, aire puro y unas vistas impresionantes; y todo ello junto a tu mascota, genial \u00bfverdad?<\/p>\r\n\r\n\r\n\r\n<p>Pero esta zona es mucho m\u00e1s que nieve. Cualquiera que venga por aqu\u00ed no puede dejar de hacer una ruta por algunos de sus pueblos cercanos, lugares de ensue\u00f1o con construcciones del rom\u00e1nico, como sus Iglesias. Adem\u00e1s de dar un paseo por el <strong>Salencar de Barruera<\/strong>, que cuenta con unos caminos entre el agua con puentes de madera y bancos donde sentarte a disfrutar de las preciosas vistas o ver la fauna de la zona.<\/p>\r\n\r\n\r\n\r\n<figure class=\"wp-block-embed-youtube wp-block-embed is-type-video is-provider-youtube wp-embed-aspect-16-9 wp-has-aspect-ratio\">\r\n<div class=\"wp-block-embed__wrapper\">https:\/\/www.youtube.com\/watch?v=8TwKpqLFZ64&amp;feature=youtu.be<\/div>\r\n<\/figure>\r\n\r\n\r\n\r\n<pre class=\"wp-block-code\"><code><\/code><\/pre>\r\n\r\n\r\n\r\n\r\n\r\n<p>En resumen, un lugar genial al que viajar para desconectar. Y una oportunidad perfecta para vivir una peque\u00f1a aventura junto a tu perro, familia y amigos. Porque en el <a href=\"https:\/\/www.subaru.es\/blog\/nuestra-marca\/forester-2019-la-clave-en-seguridad\/\" target=\"_blank\" rel=\"noreferrer noopener\" aria-label=\"En resumen, un lugar genial al que viajar para desconectar. Y una oportunidad perfecta para vivir una peque\u00f1a aventura junto a tu perro, familia y amigos. Porque en el Forester cabe todo lo que quieras y mucho m\u00e1s.    (opens in a new tab)\">Forester <\/a>cabe todo lo que quieras y mucho m\u00e1s.<\/p>\r\n","protected":false},"excerpt":{"rendered":"<p>Una de las cosas que m\u00e1s me gusta hacer en invierno es ir a la nieve a practicar algunos de mis deportes favoritos. Y si lo puedo hacer acompa\u00f1ado de Bruma, pues \u00a1mucho mejor! No est\u00e1 claro qui\u00e9n contagi\u00f3 el esp\u00edritu OffRoader a qui\u00e9n, pero sin duda formamos un equipo perfecto. Resulta complicado viajar con [&hellip;]<\/p>\n","protected":false},"author":21,"featured_media":20676,"comment_status":"open","ping_status":"closed","sticky":false,"template":"","format":"standard","meta":{"_acf_changed":false,"_eb_attr":"","inline_featured_image":false,"footnotes":""},"categories":[4520],"tags":[4527,4532,4651,13,4707,4544,4363,4525,4575,491,4553,4519,4714,4935,4437,4808],"class_list":["post-20667","post","type-post","status-publish","format-standard","has-post-thumbnail","hentry","category-subaru-lifestyle","tag-boi-taull","tag-filosofia-subaru","tag-filosofia-subaruoffroaders","tag-forester","tag-historias-subaruoffroaders","tag-offroaders","tag-petlovers","tag-petoffroaders","tag-seguridad-subaru","tag-subaru-forester","tag-subaru-invierno","tag-subaru-nieve","tag-subaru-petlover","tag-subaruoffroader","tag-subaruoffroaders","tag-subarupetlovers"],"acf":[],"yoast_head":"<!-- This site is optimized with the Yoast SEO plugin v27.3 - https:\/\/yoast.com\/product\/yoast-seo-wordpress\/ -->\n<title>De la \u2018Bruma\u2019 a la nieve: un viaje #SubaruOffRoaders para todos - Universo Subaru<\/title>\n<meta name=\"robots\" content=\"index, follow, max-snippet:-1, max-image-preview:large, max-video-preview:-1\" \/>\n<link rel=\"canonical\" href=\"https:\/\/www.subaru.es\/blog\/subaru-lifestyle\/subaruoffroaders-de-la-bruma-a-la-nieve\/\" \/>\n<meta property=\"og:locale\" content=\"es_ES\" \/>\n<meta property=\"og:type\" content=\"article\" \/>\n<meta property=\"og:title\" content=\"De la \u2018Bruma\u2019 a la nieve: un viaje #SubaruOffRoaders para todos - Universo Subaru\" \/>\n<meta property=\"og:description\" content=\"Una de las cosas que m\u00e1s me gusta hacer en invierno es ir a la nieve a practicar algunos de mis deportes favoritos. Y si lo puedo hacer acompa\u00f1ado de Bruma, pues \u00a1mucho mejor! No est\u00e1 claro qui\u00e9n contagi\u00f3 el esp\u00edritu OffRoader a qui\u00e9n, pero sin duda formamos un equipo perfecto. Resulta complicado viajar con [&hellip;]\" \/>\n<meta property=\"og:url\" content=\"https:\/\/www.subaru.es\/blog\/subaru-lifestyle\/subaruoffroaders-de-la-bruma-a-la-nieve\/\" \/>\n<meta property=\"og:site_name\" content=\"Universo Subaru\" \/>\n<meta property=\"article:publisher\" content=\"https:\/\/www.facebook.com\/subaruespana\" \/>\n<meta property=\"article:published_time\" content=\"2019-02-28T12:59:30+00:00\" \/>\n<meta property=\"article:modified_time\" content=\"2023-05-29T14:54:11+00:00\" \/>\n<meta property=\"og:image\" content=\"https:\/\/www.subaru.es\/blog\/wp-content\/uploads\/2019\/02\/Portada-1440x660.jpg\" \/>\n\t<meta property=\"og:image:width\" content=\"1440\" \/>\n\t<meta property=\"og:image:height\" content=\"660\" \/>\n\t<meta property=\"og:image:type\" content=\"image\/jpeg\" \/>\n<meta name=\"author\" content=\"Subaru\" \/>\n<meta name=\"twitter:card\" content=\"summary_large_image\" \/>\n<meta name=\"twitter:label1\" content=\"Escrito por\" \/>\n\t<meta name=\"twitter:data1\" content=\"Subaru\" \/>\n\t<meta name=\"twitter:label2\" content=\"Tiempo de lectura\" \/>\n\t<meta name=\"twitter:data2\" content=\"4 minutos\" \/>\n<script type=\"application\/ld+json\" class=\"yoast-schema-graph\">{\"@context\":\"https:\\\/\\\/schema.org\",\"@graph\":[{\"@type\":\"Article\",\"@id\":\"https:\\\/\\\/www.subaru.es\\\/blog\\\/subaru-lifestyle\\\/subaruoffroaders-de-la-bruma-a-la-nieve\\\/#article\",\"isPartOf\":{\"@id\":\"https:\\\/\\\/www.subaru.es\\\/blog\\\/subaru-lifestyle\\\/subaruoffroaders-de-la-bruma-a-la-nieve\\\/\"},\"author\":{\"name\":\"Subaru\",\"@id\":\"https:\\\/\\\/www.subaru.es\\\/blog\\\/#\\\/schema\\\/person\\\/19a90b892230b8e0ec752704ddf4aa10\"},\"headline\":\"De la \u2018Bruma\u2019 a la nieve: un viaje #SubaruOffRoaders para todos\",\"datePublished\":\"2019-02-28T12:59:30+00:00\",\"dateModified\":\"2023-05-29T14:54:11+00:00\",\"mainEntityOfPage\":{\"@id\":\"https:\\\/\\\/www.subaru.es\\\/blog\\\/subaru-lifestyle\\\/subaruoffroaders-de-la-bruma-a-la-nieve\\\/\"},\"wordCount\":606,\"commentCount\":0,\"publisher\":{\"@id\":\"https:\\\/\\\/www.subaru.es\\\/blog\\\/#organization\"},\"image\":{\"@id\":\"https:\\\/\\\/www.subaru.es\\\/blog\\\/subaru-lifestyle\\\/subaruoffroaders-de-la-bruma-a-la-nieve\\\/#primaryimage\"},\"thumbnailUrl\":\"https:\\\/\\\/www.subaru.es\\\/blog\\\/wp-content\\\/uploads\\\/2019\\\/02\\\/Portada-scaled.jpg\",\"keywords\":[\"Bo\u00ed Ta\u00fcll\",\"Filosof\u00eda Subaru\",\"Filosof\u00eda SubaruOffRoaders\",\"forester\",\"historias SubaruOffRoaders\",\"OffRoaders\",\"petlovers\",\"PetOffRoaders\",\"Seguridad Subaru\",\"subaru forester\",\"Subaru invierno\",\"Subaru nieve\",\"Subaru PetLover\",\"Subaruoffroader\",\"SubaruOffroaders\",\"SubaruPetLovers\"],\"articleSection\":[\"Subaru LifeStyle\"],\"inLanguage\":\"es\",\"potentialAction\":[{\"@type\":\"CommentAction\",\"name\":\"Comment\",\"target\":[\"https:\\\/\\\/www.subaru.es\\\/blog\\\/subaru-lifestyle\\\/subaruoffroaders-de-la-bruma-a-la-nieve\\\/#respond\"]}]},{\"@type\":\"WebPage\",\"@id\":\"https:\\\/\\\/www.subaru.es\\\/blog\\\/subaru-lifestyle\\\/subaruoffroaders-de-la-bruma-a-la-nieve\\\/\",\"url\":\"https:\\\/\\\/www.subaru.es\\\/blog\\\/subaru-lifestyle\\\/subaruoffroaders-de-la-bruma-a-la-nieve\\\/\",\"name\":\"De la \u2018Bruma\u2019 a la nieve: un viaje #SubaruOffRoaders para todos - Universo Subaru\",\"isPartOf\":{\"@id\":\"https:\\\/\\\/www.subaru.es\\\/blog\\\/#website\"},\"primaryImageOfPage\":{\"@id\":\"https:\\\/\\\/www.subaru.es\\\/blog\\\/subaru-lifestyle\\\/subaruoffroaders-de-la-bruma-a-la-nieve\\\/#primaryimage\"},\"image\":{\"@id\":\"https:\\\/\\\/www.subaru.es\\\/blog\\\/subaru-lifestyle\\\/subaruoffroaders-de-la-bruma-a-la-nieve\\\/#primaryimage\"},\"thumbnailUrl\":\"https:\\\/\\\/www.subaru.es\\\/blog\\\/wp-content\\\/uploads\\\/2019\\\/02\\\/Portada-scaled.jpg\",\"datePublished\":\"2019-02-28T12:59:30+00:00\",\"dateModified\":\"2023-05-29T14:54:11+00:00\",\"breadcrumb\":{\"@id\":\"https:\\\/\\\/www.subaru.es\\\/blog\\\/subaru-lifestyle\\\/subaruoffroaders-de-la-bruma-a-la-nieve\\\/#breadcrumb\"},\"inLanguage\":\"es\",\"potentialAction\":[{\"@type\":\"ReadAction\",\"target\":[\"https:\\\/\\\/www.subaru.es\\\/blog\\\/subaru-lifestyle\\\/subaruoffroaders-de-la-bruma-a-la-nieve\\\/\"]}]},{\"@type\":\"ImageObject\",\"inLanguage\":\"es\",\"@id\":\"https:\\\/\\\/www.subaru.es\\\/blog\\\/subaru-lifestyle\\\/subaruoffroaders-de-la-bruma-a-la-nieve\\\/#primaryimage\",\"url\":\"https:\\\/\\\/www.subaru.es\\\/blog\\\/wp-content\\\/uploads\\\/2019\\\/02\\\/Portada-scaled.jpg\",\"contentUrl\":\"https:\\\/\\\/www.subaru.es\\\/blog\\\/wp-content\\\/uploads\\\/2019\\\/02\\\/Portada-scaled.jpg\",\"width\":2560,\"height\":1174},{\"@type\":\"BreadcrumbList\",\"@id\":\"https:\\\/\\\/www.subaru.es\\\/blog\\\/subaru-lifestyle\\\/subaruoffroaders-de-la-bruma-a-la-nieve\\\/#breadcrumb\",\"itemListElement\":[{\"@type\":\"ListItem\",\"position\":1,\"name\":\"Portada\",\"item\":\"https:\\\/\\\/www.subaru.es\\\/blog\\\/\"},{\"@type\":\"ListItem\",\"position\":2,\"name\":\"De la \u2018Bruma\u2019 a la nieve: un viaje #SubaruOffRoaders para todos\"}]},{\"@type\":\"WebSite\",\"@id\":\"https:\\\/\\\/www.subaru.es\\\/blog\\\/#website\",\"url\":\"https:\\\/\\\/www.subaru.es\\\/blog\\\/\",\"name\":\"Universo Subaru\",\"description\":\"Descubre este apasionante espacio de Subaru donde vas a conocer todo sobre nuestros coches y las experiencias que vivimos con ellos. Si est\u00e1s preparado para dejarte seducir por la filosof\u00eda Subaru, qu\u00e9date con nosotros.\",\"publisher\":{\"@id\":\"https:\\\/\\\/www.subaru.es\\\/blog\\\/#organization\"},\"potentialAction\":[{\"@type\":\"SearchAction\",\"target\":{\"@type\":\"EntryPoint\",\"urlTemplate\":\"https:\\\/\\\/www.subaru.es\\\/blog\\\/?s={search_term_string}\"},\"query-input\":{\"@type\":\"PropertyValueSpecification\",\"valueRequired\":true,\"valueName\":\"search_term_string\"}}],\"inLanguage\":\"es\"},{\"@type\":\"Organization\",\"@id\":\"https:\\\/\\\/www.subaru.es\\\/blog\\\/#organization\",\"name\":\"Subaru Espa\u00f1a S.A.\",\"url\":\"https:\\\/\\\/www.subaru.es\\\/blog\\\/\",\"logo\":{\"@type\":\"ImageObject\",\"inLanguage\":\"es\",\"@id\":\"https:\\\/\\\/www.subaru.es\\\/blog\\\/#\\\/schema\\\/logo\\\/image\\\/\",\"url\":\"https:\\\/\\\/www.subaru.es\\\/blog\\\/wp-content\\\/uploads\\\/2016\\\/12\\\/Logo-Subaru-TypeV_C300-scaled.jpg\",\"contentUrl\":\"https:\\\/\\\/www.subaru.es\\\/blog\\\/wp-content\\\/uploads\\\/2016\\\/12\\\/Logo-Subaru-TypeV_C300-scaled.jpg\",\"width\":2560,\"height\":1864,\"caption\":\"Subaru Espa\u00f1a S.A.\"},\"image\":{\"@id\":\"https:\\\/\\\/www.subaru.es\\\/blog\\\/#\\\/schema\\\/logo\\\/image\\\/\"},\"sameAs\":[\"https:\\\/\\\/www.facebook.com\\\/subaruespana\",\"https:\\\/\\\/www.instagram.com\\\/subarues\\\/\",\"https:\\\/\\\/www.youtube.com\\\/user\\\/subaruespana\"]},{\"@type\":\"Person\",\"@id\":\"https:\\\/\\\/www.subaru.es\\\/blog\\\/#\\\/schema\\\/person\\\/19a90b892230b8e0ec752704ddf4aa10\",\"name\":\"Subaru\",\"url\":\"https:\\\/\\\/www.subaru.es\\\/blog\\\/author\\\/subaria\\\/\"}]}<\/script>\n<!-- \/ Yoast SEO plugin. -->","yoast_head_json":{"title":"De la \u2018Bruma\u2019 a la nieve: un viaje #SubaruOffRoaders para todos - Universo Subaru","robots":{"index":"index","follow":"follow","max-snippet":"max-snippet:-1","max-image-preview":"max-image-preview:large","max-video-preview":"max-video-preview:-1"},"canonical":"https:\/\/www.subaru.es\/blog\/subaru-lifestyle\/subaruoffroaders-de-la-bruma-a-la-nieve\/","og_locale":"es_ES","og_type":"article","og_title":"De la \u2018Bruma\u2019 a la nieve: un viaje #SubaruOffRoaders para todos - Universo Subaru","og_description":"Una de las cosas que m\u00e1s me gusta hacer en invierno es ir a la nieve a practicar algunos de mis deportes favoritos. Y si lo puedo hacer acompa\u00f1ado de Bruma, pues \u00a1mucho mejor! No est\u00e1 claro qui\u00e9n contagi\u00f3 el esp\u00edritu OffRoader a qui\u00e9n, pero sin duda formamos un equipo perfecto. Resulta complicado viajar con [&hellip;]","og_url":"https:\/\/www.subaru.es\/blog\/subaru-lifestyle\/subaruoffroaders-de-la-bruma-a-la-nieve\/","og_site_name":"Universo Subaru","article_publisher":"https:\/\/www.facebook.com\/subaruespana","article_published_time":"2019-02-28T12:59:30+00:00","article_modified_time":"2023-05-29T14:54:11+00:00","og_image":[{"width":1440,"height":660,"url":"https:\/\/www.subaru.es\/blog\/wp-content\/uploads\/2019\/02\/Portada-1440x660.jpg","type":"image\/jpeg"}],"author":"Subaru","twitter_card":"summary_large_image","twitter_misc":{"Escrito por":"Subaru","Tiempo de lectura":"4 minutos"},"schema":{"@context":"https:\/\/schema.org","@graph":[{"@type":"Article","@id":"https:\/\/www.subaru.es\/blog\/subaru-lifestyle\/subaruoffroaders-de-la-bruma-a-la-nieve\/#article","isPartOf":{"@id":"https:\/\/www.subaru.es\/blog\/subaru-lifestyle\/subaruoffroaders-de-la-bruma-a-la-nieve\/"},"author":{"name":"Subaru","@id":"https:\/\/www.subaru.es\/blog\/#\/schema\/person\/19a90b892230b8e0ec752704ddf4aa10"},"headline":"De la \u2018Bruma\u2019 a la nieve: un viaje #SubaruOffRoaders para todos","datePublished":"2019-02-28T12:59:30+00:00","dateModified":"2023-05-29T14:54:11+00:00","mainEntityOfPage":{"@id":"https:\/\/www.subaru.es\/blog\/subaru-lifestyle\/subaruoffroaders-de-la-bruma-a-la-nieve\/"},"wordCount":606,"commentCount":0,"publisher":{"@id":"https:\/\/www.subaru.es\/blog\/#organization"},"image":{"@id":"https:\/\/www.subaru.es\/blog\/subaru-lifestyle\/subaruoffroaders-de-la-bruma-a-la-nieve\/#primaryimage"},"thumbnailUrl":"https:\/\/www.subaru.es\/blog\/wp-content\/uploads\/2019\/02\/Portada-scaled.jpg","keywords":["Bo\u00ed Ta\u00fcll","Filosof\u00eda Subaru","Filosof\u00eda SubaruOffRoaders","forester","historias SubaruOffRoaders","OffRoaders","petlovers","PetOffRoaders","Seguridad Subaru","subaru forester","Subaru invierno","Subaru nieve","Subaru PetLover","Subaruoffroader","SubaruOffroaders","SubaruPetLovers"],"articleSection":["Subaru LifeStyle"],"inLanguage":"es","potentialAction":[{"@type":"CommentAction","name":"Comment","target":["https:\/\/www.subaru.es\/blog\/subaru-lifestyle\/subaruoffroaders-de-la-bruma-a-la-nieve\/#respond"]}]},{"@type":"WebPage","@id":"https:\/\/www.subaru.es\/blog\/subaru-lifestyle\/subaruoffroaders-de-la-bruma-a-la-nieve\/","url":"https:\/\/www.subaru.es\/blog\/subaru-lifestyle\/subaruoffroaders-de-la-bruma-a-la-nieve\/","name":"De la \u2018Bruma\u2019 a la nieve: un viaje #SubaruOffRoaders para todos - Universo Subaru","isPartOf":{"@id":"https:\/\/www.subaru.es\/blog\/#website"},"primaryImageOfPage":{"@id":"https:\/\/www.subaru.es\/blog\/subaru-lifestyle\/subaruoffroaders-de-la-bruma-a-la-nieve\/#primaryimage"},"image":{"@id":"https:\/\/www.subaru.es\/blog\/subaru-lifestyle\/subaruoffroaders-de-la-bruma-a-la-nieve\/#primaryimage"},"thumbnailUrl":"https:\/\/www.subaru.es\/blog\/wp-content\/uploads\/2019\/02\/Portada-scaled.jpg","datePublished":"2019-02-28T12:59:30+00:00","dateModified":"2023-05-29T14:54:11+00:00","breadcrumb":{"@id":"https:\/\/www.subaru.es\/blog\/subaru-lifestyle\/subaruoffroaders-de-la-bruma-a-la-nieve\/#breadcrumb"},"inLanguage":"es","potentialAction":[{"@type":"ReadAction","target":["https:\/\/www.subaru.es\/blog\/subaru-lifestyle\/subaruoffroaders-de-la-bruma-a-la-nieve\/"]}]},{"@type":"ImageObject","inLanguage":"es","@id":"https:\/\/www.subaru.es\/blog\/subaru-lifestyle\/subaruoffroaders-de-la-bruma-a-la-nieve\/#primaryimage","url":"https:\/\/www.subaru.es\/blog\/wp-content\/uploads\/2019\/02\/Portada-scaled.jpg","contentUrl":"https:\/\/www.subaru.es\/blog\/wp-content\/uploads\/2019\/02\/Portada-scaled.jpg","width":2560,"height":1174},{"@type":"BreadcrumbList","@id":"https:\/\/www.subaru.es\/blog\/subaru-lifestyle\/subaruoffroaders-de-la-bruma-a-la-nieve\/#breadcrumb","itemListElement":[{"@type":"ListItem","position":1,"name":"Portada","item":"https:\/\/www.subaru.es\/blog\/"},{"@type":"ListItem","position":2,"name":"De la \u2018Bruma\u2019 a la nieve: un viaje #SubaruOffRoaders para todos"}]},{"@type":"WebSite","@id":"https:\/\/www.subaru.es\/blog\/#website","url":"https:\/\/www.subaru.es\/blog\/","name":"Universo Subaru","description":"Descubre este apasionante espacio de Subaru donde vas a conocer todo sobre nuestros coches y las experiencias que vivimos con ellos. Si est\u00e1s preparado para dejarte seducir por la filosof\u00eda Subaru, qu\u00e9date con nosotros.","publisher":{"@id":"https:\/\/www.subaru.es\/blog\/#organization"},"potentialAction":[{"@type":"SearchAction","target":{"@type":"EntryPoint","urlTemplate":"https:\/\/www.subaru.es\/blog\/?s={search_term_string}"},"query-input":{"@type":"PropertyValueSpecification","valueRequired":true,"valueName":"search_term_string"}}],"inLanguage":"es"},{"@type":"Organization","@id":"https:\/\/www.subaru.es\/blog\/#organization","name":"Subaru Espa\u00f1a S.A.","url":"https:\/\/www.subaru.es\/blog\/","logo":{"@type":"ImageObject","inLanguage":"es","@id":"https:\/\/www.subaru.es\/blog\/#\/schema\/logo\/image\/","url":"https:\/\/www.subaru.es\/blog\/wp-content\/uploads\/2016\/12\/Logo-Subaru-TypeV_C300-scaled.jpg","contentUrl":"https:\/\/www.subaru.es\/blog\/wp-content\/uploads\/2016\/12\/Logo-Subaru-TypeV_C300-scaled.jpg","width":2560,"height":1864,"caption":"Subaru Espa\u00f1a S.A."},"image":{"@id":"https:\/\/www.subaru.es\/blog\/#\/schema\/logo\/image\/"},"sameAs":["https:\/\/www.facebook.com\/subaruespana","https:\/\/www.instagram.com\/subarues\/","https:\/\/www.youtube.com\/user\/subaruespana"]},{"@type":"Person","@id":"https:\/\/www.subaru.es\/blog\/#\/schema\/person\/19a90b892230b8e0ec752704ddf4aa10","name":"Subaru","url":"https:\/\/www.subaru.es\/blog\/author\/subaria\/"}]}},"_links":{"self":[{"href":"https:\/\/www.subaru.es\/blog\/wp-json\/wp\/v2\/posts\/20667","targetHints":{"allow":["GET"]}}],"collection":[{"href":"https:\/\/www.subaru.es\/blog\/wp-json\/wp\/v2\/posts"}],"about":[{"href":"https:\/\/www.subaru.es\/blog\/wp-json\/wp\/v2\/types\/post"}],"author":[{"embeddable":true,"href":"https:\/\/www.subaru.es\/blog\/wp-json\/wp\/v2\/users\/21"}],"replies":[{"embeddable":true,"href":"https:\/\/www.subaru.es\/blog\/wp-json\/wp\/v2\/comments?post=20667"}],"version-history":[{"count":8,"href":"https:\/\/www.subaru.es\/blog\/wp-json\/wp\/v2\/posts\/20667\/revisions"}],"predecessor-version":[{"id":24580,"href":"https:\/\/www.subaru.es\/blog\/wp-json\/wp\/v2\/posts\/20667\/revisions\/24580"}],"wp:featuredmedia":[{"embeddable":true,"href":"https:\/\/www.subaru.es\/blog\/wp-json\/wp\/v2\/media\/20676"}],"wp:attachment":[{"href":"https:\/\/www.subaru.es\/blog\/wp-json\/wp\/v2\/media?parent=20667"}],"wp:term":[{"taxonomy":"category","embeddable":true,"href":"https:\/\/www.subaru.es\/blog\/wp-json\/wp\/v2\/categories?post=20667"},{"taxonomy":"post_tag","embeddable":true,"href":"https:\/\/www.subaru.es\/blog\/wp-json\/wp\/v2\/tags?post=20667"}],"curies":[{"name":"wp","href":"https:\/\/api.w.org\/{rel}","templated":true}]}}