{"id":2055,"date":"2009-04-03T15:49:04","date_gmt":"2009-04-03T13:49:04","guid":{"rendered":"http:\/\/subaru.preproduccion.com\/blog\/wp-content\/2009\/04\/03\/subaru-electrico\/"},"modified":"2016-10-17T15:11:11","modified_gmt":"2016-10-17T13:11:11","slug":"subaru-electrico","status":"publish","type":"post","link":"https:\/\/www.subaru.es\/blog\/nuestra-marca\/subaru-electrico\/","title":{"rendered":"Subaru el\u00e9ctrico"},"content":{"rendered":"<p>Ya os hemos hablado con anterioridad de la fuerte apuesta de <strong><a href=\"https:\/\/www.subaru.es\/blog\/2008\/05\/18\/subaru-ya-anuncia-su-coche-electrico\/\">Subaru por los coches el\u00e9ctricos<\/a><\/strong>.<\/p>\n<p><center><object width=\"425\" height=\"344\"><param name=\"movie\" value=\"http:\/\/www.youtube.com\/v\/uzrBlwZtdZY&#038;hl=es&#038;fs=1\"><\/param><param name=\"allowFullScreen\" value=\"true\"><\/param><param name=\"allowscriptaccess\" value=\"always\"><\/param><embed src=\"http:\/\/www.youtube.com\/v\/uzrBlwZtdZY&#038;hl=es&#038;fs=1\" type=\"application\/x-shockwave-flash\" allowscriptaccess=\"always\" allowfullscreen=\"true\" width=\"425\" height=\"344\"><\/embed><\/object><\/center><\/p>\n<p>Cabe mencionar el desarrollo que FHI est\u00e1 llevando a cabo en la tecnolog\u00eda de coches el\u00e9ctricos, que le est\u00e1 posicionando como uno de los fabricantes l\u00edderes en este aspecto.<\/p>\n<p>FHI se ha concentrado en su misi\u00f3n de conseguir la integraci\u00f3n perfecta entre conducci\u00f3n placentera y fiabilidad con consideraciones medioambientales. <\/p>\n<p>Mientras que contin\u00faa con el desarrollo y mejora de motores como el Boxer Diesel, la compa\u00f1\u00eda ha puesto a los coches el\u00e9ctricos como una soluci\u00f3n viable para el cuidado medioambiental, y planea acelerar este desarrollo en el corto plazo.<\/p>\n<p>Ya son m\u00e1s de dos a\u00f1os probando la tecnolog\u00eda vanguardista de bater\u00eda de litio de carga r\u00e1pida, que permite que las cargas parciales y r\u00e1pidas no afecten negativamente a la vida de la bater\u00eda. El R1e es capaz de alcanzar velocidades de 100 km\/h con rangos de autonom\u00eda de 80 km, lo que le convierte en un coche urbano perfecto.<\/p>\n<p>La vida estimada de la pila de iones de litio es de 10 a\u00f1os o 160.000 km, otro beneficio medioambiental de esta tecnolog\u00eda de Subaru<\/p>\n<p>En carga r\u00e1pida, el tiempo es de solamente una hora.<\/p>\n<p>Desde 2006, la compa\u00f1\u00eda Tokyo Electric Power Company (TEPCO) ha tenido una flota de 50 unidades del prototipo de coche el\u00e9ctrico fabricado por FHI, el Subaru R1e, en un proyecto conjunto entre el fabricante de coches y la energ\u00e9tica.<\/p>\n<p>En 2009, se pretende potenciar este proyecto con 100 unidades de este modelo para que sean probadas por clientes japoneses, adem\u00e1s de otras unidades que ya est\u00e1n siendo utilizadas por el Gobierno de la provincia de Kanagawa.<\/p>\n<p>Adem\u00e1s de esta iniciativa, estos son coches tambi\u00e9n utlizados en las labores educativas llevadas a cabo en Jap\u00f3n, de concienciaci\u00f3n de la juventud, sobre las mejoras y ventajas que esta tecnolog\u00eda puede suponer para su futuro.<\/p>\n<p>Adem\u00e1s de este proyecto en Jap\u00f3n, Subaru ha llevado a cabo otros tests en otras ciudades del mundo, para experimentar las cualidades de este prototipo aplicadas a gustos de clientes y tipos de tr\u00e1fico tan distintos como Londres o Nueva Cork.<\/p>\n<p>En esta \u00faltima ciudad, se ha llegado a un acuerto similar al de Tokio, en este caso con el New York Power Authority, con dos unidades en su flota.<\/p>\n<p>A\u00fan m\u00e1s reciente ha sido el anuncio, en julio de 2008, del desarrollo final del prototipo de coche el\u00e9ctrico, el STELLA.<\/p>\n<p>Aprovechando la \u00faltima cumbre del G8, celebrada en Hokkaido Toyako, seis unidades de este modelo el\u00e9ctrico se utilizaron para el traslado de los dirigentes asistentes y para el servicio postal durante su duraci\u00f3n.<\/p>\n<p>El prototipo del Subaru STELLA el\u00e9ctrico combina el sistema empleado en el R1e con el modelo Subaru STELLA, modelo \u00fanicamente comercializado en Jap\u00f3n.<\/p>\n<p>El resultado es un modelo optimizado que combina las caracter\u00edsticas de un coche compacto y la versatilidad que el STELLA ofrece, para unas necesidades m\u00e1s amplias de mercado, con medidas de 3,395 de largo, 1,475 de ancho y 1,660 de alto, para cuatro pasajeros.<\/p>\n","protected":false},"excerpt":{"rendered":"<p>Ya os hemos hablado con anterioridad de la fuerte apuesta de Subaru por los coches el\u00e9ctricos. Cabe mencionar el desarrollo que FHI est\u00e1 llevando a cabo en la tecnolog\u00eda de coches el\u00e9ctricos, que le est\u00e1 posicionando como uno de los fabricantes l\u00edderes en este aspecto. FHI se ha concentrado en su misi\u00f3n de conseguir la [&hellip;]<\/p>\n","protected":false},"author":21,"featured_media":0,"comment_status":"open","ping_status":"open","sticky":false,"template":"","format":"standard","meta":{"_acf_changed":false,"_eb_attr":"","inline_featured_image":false,"footnotes":""},"categories":[4401],"tags":[609,4390],"class_list":["post-2055","post","type-post","status-publish","format-standard","hentry","category-nuestra-marca","tag-electrico","tag-subaru"],"acf":[],"yoast_head":"<!-- This site is optimized with the Yoast SEO plugin v27.3 - https:\/\/yoast.com\/product\/yoast-seo-wordpress\/ -->\n<title>Subaru el\u00e9ctrico - Universo Subaru<\/title>\n<meta name=\"robots\" content=\"index, follow, max-snippet:-1, max-image-preview:large, max-video-preview:-1\" \/>\n<link rel=\"canonical\" href=\"https:\/\/www.subaru.es\/blog\/nuestra-marca\/subaru-electrico\/\" \/>\n<meta property=\"og:locale\" content=\"es_ES\" \/>\n<meta property=\"og:type\" content=\"article\" \/>\n<meta property=\"og:title\" content=\"Subaru el\u00e9ctrico - Universo Subaru\" \/>\n<meta property=\"og:description\" content=\"Ya os hemos hablado con anterioridad de la fuerte apuesta de Subaru por los coches el\u00e9ctricos. Cabe mencionar el desarrollo que FHI est\u00e1 llevando a cabo en la tecnolog\u00eda de coches el\u00e9ctricos, que le est\u00e1 posicionando como uno de los fabricantes l\u00edderes en este aspecto. FHI se ha concentrado en su misi\u00f3n de conseguir la [&hellip;]\" \/>\n<meta property=\"og:url\" content=\"https:\/\/www.subaru.es\/blog\/nuestra-marca\/subaru-electrico\/\" \/>\n<meta property=\"og:site_name\" content=\"Universo Subaru\" \/>\n<meta property=\"article:publisher\" content=\"https:\/\/www.facebook.com\/subaruespana\" \/>\n<meta property=\"article:published_time\" content=\"2009-04-03T13:49:04+00:00\" \/>\n<meta property=\"article:modified_time\" content=\"2016-10-17T13:11:11+00:00\" \/>\n<meta name=\"author\" content=\"Subaru\" \/>\n<meta name=\"twitter:card\" content=\"summary_large_image\" \/>\n<meta name=\"twitter:label1\" content=\"Escrito por\" \/>\n\t<meta name=\"twitter:data1\" content=\"Subaru\" \/>\n\t<meta name=\"twitter:label2\" content=\"Tiempo de lectura\" \/>\n\t<meta name=\"twitter:data2\" content=\"3 minutos\" \/>\n<script type=\"application\/ld+json\" class=\"yoast-schema-graph\">{\"@context\":\"https:\\\/\\\/schema.org\",\"@graph\":[{\"@type\":\"Article\",\"@id\":\"https:\\\/\\\/www.subaru.es\\\/blog\\\/nuestra-marca\\\/subaru-electrico\\\/#article\",\"isPartOf\":{\"@id\":\"https:\\\/\\\/www.subaru.es\\\/blog\\\/nuestra-marca\\\/subaru-electrico\\\/\"},\"author\":{\"name\":\"Subaru\",\"@id\":\"https:\\\/\\\/www.subaru.es\\\/blog\\\/#\\\/schema\\\/person\\\/19a90b892230b8e0ec752704ddf4aa10\"},\"headline\":\"Subaru el\u00e9ctrico\",\"datePublished\":\"2009-04-03T13:49:04+00:00\",\"dateModified\":\"2016-10-17T13:11:11+00:00\",\"mainEntityOfPage\":{\"@id\":\"https:\\\/\\\/www.subaru.es\\\/blog\\\/nuestra-marca\\\/subaru-electrico\\\/\"},\"wordCount\":541,\"commentCount\":1,\"publisher\":{\"@id\":\"https:\\\/\\\/www.subaru.es\\\/blog\\\/#organization\"},\"keywords\":[\"el\u00e9ctrico\",\"Subaru\"],\"articleSection\":[\"Nuestra marca\"],\"inLanguage\":\"es\",\"potentialAction\":[{\"@type\":\"CommentAction\",\"name\":\"Comment\",\"target\":[\"https:\\\/\\\/www.subaru.es\\\/blog\\\/nuestra-marca\\\/subaru-electrico\\\/#respond\"]}]},{\"@type\":\"WebPage\",\"@id\":\"https:\\\/\\\/www.subaru.es\\\/blog\\\/nuestra-marca\\\/subaru-electrico\\\/\",\"url\":\"https:\\\/\\\/www.subaru.es\\\/blog\\\/nuestra-marca\\\/subaru-electrico\\\/\",\"name\":\"Subaru el\u00e9ctrico - Universo Subaru\",\"isPartOf\":{\"@id\":\"https:\\\/\\\/www.subaru.es\\\/blog\\\/#website\"},\"datePublished\":\"2009-04-03T13:49:04+00:00\",\"dateModified\":\"2016-10-17T13:11:11+00:00\",\"breadcrumb\":{\"@id\":\"https:\\\/\\\/www.subaru.es\\\/blog\\\/nuestra-marca\\\/subaru-electrico\\\/#breadcrumb\"},\"inLanguage\":\"es\",\"potentialAction\":[{\"@type\":\"ReadAction\",\"target\":[\"https:\\\/\\\/www.subaru.es\\\/blog\\\/nuestra-marca\\\/subaru-electrico\\\/\"]}]},{\"@type\":\"BreadcrumbList\",\"@id\":\"https:\\\/\\\/www.subaru.es\\\/blog\\\/nuestra-marca\\\/subaru-electrico\\\/#breadcrumb\",\"itemListElement\":[{\"@type\":\"ListItem\",\"position\":1,\"name\":\"Portada\",\"item\":\"https:\\\/\\\/www.subaru.es\\\/blog\\\/\"},{\"@type\":\"ListItem\",\"position\":2,\"name\":\"Subaru el\u00e9ctrico\"}]},{\"@type\":\"WebSite\",\"@id\":\"https:\\\/\\\/www.subaru.es\\\/blog\\\/#website\",\"url\":\"https:\\\/\\\/www.subaru.es\\\/blog\\\/\",\"name\":\"Universo Subaru\",\"description\":\"Descubre este apasionante espacio de Subaru donde vas a conocer todo sobre nuestros coches y las experiencias que vivimos con ellos. Si est\u00e1s preparado para dejarte seducir por la filosof\u00eda Subaru, qu\u00e9date con nosotros.\",\"publisher\":{\"@id\":\"https:\\\/\\\/www.subaru.es\\\/blog\\\/#organization\"},\"potentialAction\":[{\"@type\":\"SearchAction\",\"target\":{\"@type\":\"EntryPoint\",\"urlTemplate\":\"https:\\\/\\\/www.subaru.es\\\/blog\\\/?s={search_term_string}\"},\"query-input\":{\"@type\":\"PropertyValueSpecification\",\"valueRequired\":true,\"valueName\":\"search_term_string\"}}],\"inLanguage\":\"es\"},{\"@type\":\"Organization\",\"@id\":\"https:\\\/\\\/www.subaru.es\\\/blog\\\/#organization\",\"name\":\"Subaru Espa\u00f1a S.A.\",\"url\":\"https:\\\/\\\/www.subaru.es\\\/blog\\\/\",\"logo\":{\"@type\":\"ImageObject\",\"inLanguage\":\"es\",\"@id\":\"https:\\\/\\\/www.subaru.es\\\/blog\\\/#\\\/schema\\\/logo\\\/image\\\/\",\"url\":\"https:\\\/\\\/www.subaru.es\\\/blog\\\/wp-content\\\/uploads\\\/2016\\\/12\\\/Logo-Subaru-TypeV_C300-scaled.jpg\",\"contentUrl\":\"https:\\\/\\\/www.subaru.es\\\/blog\\\/wp-content\\\/uploads\\\/2016\\\/12\\\/Logo-Subaru-TypeV_C300-scaled.jpg\",\"width\":2560,\"height\":1864,\"caption\":\"Subaru Espa\u00f1a S.A.\"},\"image\":{\"@id\":\"https:\\\/\\\/www.subaru.es\\\/blog\\\/#\\\/schema\\\/logo\\\/image\\\/\"},\"sameAs\":[\"https:\\\/\\\/www.facebook.com\\\/subaruespana\",\"https:\\\/\\\/www.instagram.com\\\/subarues\\\/\",\"https:\\\/\\\/www.youtube.com\\\/user\\\/subaruespana\"]},{\"@type\":\"Person\",\"@id\":\"https:\\\/\\\/www.subaru.es\\\/blog\\\/#\\\/schema\\\/person\\\/19a90b892230b8e0ec752704ddf4aa10\",\"name\":\"Subaru\",\"url\":\"https:\\\/\\\/www.subaru.es\\\/blog\\\/author\\\/subaria\\\/\"}]}<\/script>\n<!-- \/ Yoast SEO plugin. -->","yoast_head_json":{"title":"Subaru el\u00e9ctrico - Universo Subaru","robots":{"index":"index","follow":"follow","max-snippet":"max-snippet:-1","max-image-preview":"max-image-preview:large","max-video-preview":"max-video-preview:-1"},"canonical":"https:\/\/www.subaru.es\/blog\/nuestra-marca\/subaru-electrico\/","og_locale":"es_ES","og_type":"article","og_title":"Subaru el\u00e9ctrico - Universo Subaru","og_description":"Ya os hemos hablado con anterioridad de la fuerte apuesta de Subaru por los coches el\u00e9ctricos. Cabe mencionar el desarrollo que FHI est\u00e1 llevando a cabo en la tecnolog\u00eda de coches el\u00e9ctricos, que le est\u00e1 posicionando como uno de los fabricantes l\u00edderes en este aspecto. FHI se ha concentrado en su misi\u00f3n de conseguir la [&hellip;]","og_url":"https:\/\/www.subaru.es\/blog\/nuestra-marca\/subaru-electrico\/","og_site_name":"Universo Subaru","article_publisher":"https:\/\/www.facebook.com\/subaruespana","article_published_time":"2009-04-03T13:49:04+00:00","article_modified_time":"2016-10-17T13:11:11+00:00","author":"Subaru","twitter_card":"summary_large_image","twitter_misc":{"Escrito por":"Subaru","Tiempo de lectura":"3 minutos"},"schema":{"@context":"https:\/\/schema.org","@graph":[{"@type":"Article","@id":"https:\/\/www.subaru.es\/blog\/nuestra-marca\/subaru-electrico\/#article","isPartOf":{"@id":"https:\/\/www.subaru.es\/blog\/nuestra-marca\/subaru-electrico\/"},"author":{"name":"Subaru","@id":"https:\/\/www.subaru.es\/blog\/#\/schema\/person\/19a90b892230b8e0ec752704ddf4aa10"},"headline":"Subaru el\u00e9ctrico","datePublished":"2009-04-03T13:49:04+00:00","dateModified":"2016-10-17T13:11:11+00:00","mainEntityOfPage":{"@id":"https:\/\/www.subaru.es\/blog\/nuestra-marca\/subaru-electrico\/"},"wordCount":541,"commentCount":1,"publisher":{"@id":"https:\/\/www.subaru.es\/blog\/#organization"},"keywords":["el\u00e9ctrico","Subaru"],"articleSection":["Nuestra marca"],"inLanguage":"es","potentialAction":[{"@type":"CommentAction","name":"Comment","target":["https:\/\/www.subaru.es\/blog\/nuestra-marca\/subaru-electrico\/#respond"]}]},{"@type":"WebPage","@id":"https:\/\/www.subaru.es\/blog\/nuestra-marca\/subaru-electrico\/","url":"https:\/\/www.subaru.es\/blog\/nuestra-marca\/subaru-electrico\/","name":"Subaru el\u00e9ctrico - Universo Subaru","isPartOf":{"@id":"https:\/\/www.subaru.es\/blog\/#website"},"datePublished":"2009-04-03T13:49:04+00:00","dateModified":"2016-10-17T13:11:11+00:00","breadcrumb":{"@id":"https:\/\/www.subaru.es\/blog\/nuestra-marca\/subaru-electrico\/#breadcrumb"},"inLanguage":"es","potentialAction":[{"@type":"ReadAction","target":["https:\/\/www.subaru.es\/blog\/nuestra-marca\/subaru-electrico\/"]}]},{"@type":"BreadcrumbList","@id":"https:\/\/www.subaru.es\/blog\/nuestra-marca\/subaru-electrico\/#breadcrumb","itemListElement":[{"@type":"ListItem","position":1,"name":"Portada","item":"https:\/\/www.subaru.es\/blog\/"},{"@type":"ListItem","position":2,"name":"Subaru el\u00e9ctrico"}]},{"@type":"WebSite","@id":"https:\/\/www.subaru.es\/blog\/#website","url":"https:\/\/www.subaru.es\/blog\/","name":"Universo Subaru","description":"Descubre este apasionante espacio de Subaru donde vas a conocer todo sobre nuestros coches y las experiencias que vivimos con ellos. Si est\u00e1s preparado para dejarte seducir por la filosof\u00eda Subaru, qu\u00e9date con nosotros.","publisher":{"@id":"https:\/\/www.subaru.es\/blog\/#organization"},"potentialAction":[{"@type":"SearchAction","target":{"@type":"EntryPoint","urlTemplate":"https:\/\/www.subaru.es\/blog\/?s={search_term_string}"},"query-input":{"@type":"PropertyValueSpecification","valueRequired":true,"valueName":"search_term_string"}}],"inLanguage":"es"},{"@type":"Organization","@id":"https:\/\/www.subaru.es\/blog\/#organization","name":"Subaru Espa\u00f1a S.A.","url":"https:\/\/www.subaru.es\/blog\/","logo":{"@type":"ImageObject","inLanguage":"es","@id":"https:\/\/www.subaru.es\/blog\/#\/schema\/logo\/image\/","url":"https:\/\/www.subaru.es\/blog\/wp-content\/uploads\/2016\/12\/Logo-Subaru-TypeV_C300-scaled.jpg","contentUrl":"https:\/\/www.subaru.es\/blog\/wp-content\/uploads\/2016\/12\/Logo-Subaru-TypeV_C300-scaled.jpg","width":2560,"height":1864,"caption":"Subaru Espa\u00f1a S.A."},"image":{"@id":"https:\/\/www.subaru.es\/blog\/#\/schema\/logo\/image\/"},"sameAs":["https:\/\/www.facebook.com\/subaruespana","https:\/\/www.instagram.com\/subarues\/","https:\/\/www.youtube.com\/user\/subaruespana"]},{"@type":"Person","@id":"https:\/\/www.subaru.es\/blog\/#\/schema\/person\/19a90b892230b8e0ec752704ddf4aa10","name":"Subaru","url":"https:\/\/www.subaru.es\/blog\/author\/subaria\/"}]}},"_links":{"self":[{"href":"https:\/\/www.subaru.es\/blog\/wp-json\/wp\/v2\/posts\/2055","targetHints":{"allow":["GET"]}}],"collection":[{"href":"https:\/\/www.subaru.es\/blog\/wp-json\/wp\/v2\/posts"}],"about":[{"href":"https:\/\/www.subaru.es\/blog\/wp-json\/wp\/v2\/types\/post"}],"author":[{"embeddable":true,"href":"https:\/\/www.subaru.es\/blog\/wp-json\/wp\/v2\/users\/21"}],"replies":[{"embeddable":true,"href":"https:\/\/www.subaru.es\/blog\/wp-json\/wp\/v2\/comments?post=2055"}],"version-history":[{"count":1,"href":"https:\/\/www.subaru.es\/blog\/wp-json\/wp\/v2\/posts\/2055\/revisions"}],"predecessor-version":[{"id":15243,"href":"https:\/\/www.subaru.es\/blog\/wp-json\/wp\/v2\/posts\/2055\/revisions\/15243"}],"wp:attachment":[{"href":"https:\/\/www.subaru.es\/blog\/wp-json\/wp\/v2\/media?parent=2055"}],"wp:term":[{"taxonomy":"category","embeddable":true,"href":"https:\/\/www.subaru.es\/blog\/wp-json\/wp\/v2\/categories?post=2055"},{"taxonomy":"post_tag","embeddable":true,"href":"https:\/\/www.subaru.es\/blog\/wp-json\/wp\/v2\/tags?post=2055"}],"curies":[{"name":"wp","href":"https:\/\/api.w.org\/{rel}","templated":true}]}}