{"id":20375,"date":"2019-01-08T20:32:50","date_gmt":"2019-01-08T18:32:50","guid":{"rendered":"https:\/\/www.subaru.es\/blog\/?p=20375"},"modified":"2019-01-09T13:48:45","modified_gmt":"2019-01-09T11:48:45","slug":"forester-2019-la-clave-en-seguridad","status":"publish","type":"post","link":"https:\/\/www.subaru.es\/blog\/nuestra-marca\/forester-2019-la-clave-en-seguridad\/","title":{"rendered":"Forester 2019: la clave para una aventura a diario con seguridad"},"content":{"rendered":"\n<p>T\u00fa eliges c\u00f3mo vivir. Pero solo si te atreves puedes vivir una aventura cada d\u00eda. Ser un aventurero o aventura no significa ponerse en riesgo. Por eso puedes contar con el <strong><a href=\"http:\/\/www.subaru.com.pe\/vehiculos\/forester\/seguridad\" target=\"_blank\" rel=\"noreferrer noopener\" aria-label=\"T\u00fa eliges c\u00f3mo vivir. Pero solo si te atreves puedes vivir una aventura cada d\u00eda. Ser un aventurero o aventura no significa ponerse en riesgo. Por eso puedes contar con el Forester 2019, una eminencia en cuanto a seguridad para que comiences cualquier aventura y regreses para contarla.  (opens in a new tab)\">Forester 2019, una eminencia en cuanto a seguridad <\/a><\/strong>para que comiences cualquier aventura y regreses para contarla. <\/p>\n\n\n\n<figure class=\"wp-block-image\"><img decoding=\"async\" width=\"1440\" height=\"960\" data-src=\"https:\/\/www.subaru.es\/blog\/wp-content\/uploads\/2019\/01\/Forester-19-exterior-6-1-1440x960.jpg\" alt=\"\" class=\"wp-image-20379 lazyload\" data-srcset=\"https:\/\/www.subaru.es\/blog\/wp-content\/uploads\/2019\/01\/Forester-19-exterior-6-1-1440x960.jpg 1440w, https:\/\/www.subaru.es\/blog\/wp-content\/uploads\/2019\/01\/Forester-19-exterior-6-1-560x373.jpg 560w, https:\/\/www.subaru.es\/blog\/wp-content\/uploads\/2019\/01\/Forester-19-exterior-6-1-768x512.jpg 768w, https:\/\/www.subaru.es\/blog\/wp-content\/uploads\/2019\/01\/Forester-19-exterior-6-1-1536x1024.jpg 1536w, https:\/\/www.subaru.es\/blog\/wp-content\/uploads\/2019\/01\/Forester-19-exterior-6-1-2048x1365.jpg 2048w\" data-sizes=\"(max-width: 1440px) 100vw, 1440px\" src=\"data:image\/svg+xml;base64,PHN2ZyB3aWR0aD0iMSIgaGVpZ2h0PSIxIiB4bWxucz0iaHR0cDovL3d3dy53My5vcmcvMjAwMC9zdmciPjwvc3ZnPg==\" style=\"--smush-placeholder-width: 1440px; --smush-placeholder-aspect-ratio: 1440\/960;\" \/><\/figure>\n\n\n\n<p>Desde el a\u00f1o 1997, el <strong>Subaru Forester<\/strong> ha demostrado ser una de las mejores opciones a la hora de combinar las fortalezas de un <strong>SUV 4WD<\/strong>. Ya son cuatro las generaciones que han disfrutado de su seguridad y prestaciones. <\/p>\n\n\n\n<p>Si el <strong>Forester<\/strong> sigue siendo desde su lanzamiento -hace 22 a\u00f1os- <strong>el modelo de m\u00e1s \u00e9xito comercial de Subaru a nivel mundial<\/strong> y el segundo modelo m\u00e1s vendido de la marca en 2018 tras el <a href=\"https:\/\/www.subaru.es\/blog\/nuestra-marca\/nuevo-subaru-xv-executive-plus\/\">Subaru XV<\/a>, es sin duda por su constante evoluci\u00f3n y adaptaci\u00f3n a las demandas de los consumidores.<\/p>\n\n\n\n<p><strong>M\u00c1S DEPORTIVO Y MODERNO EN TODOS LOS ACABADOS<\/strong><\/p>\n\n\n\n<p>Con la entrada del nuevo a\u00f1o el <strong>Forester<\/strong> recibe una serie de actualizaciones que le vuelven a colocar como <strong>uno de los referentes de su segmento.<\/strong> <\/p>\n\n\n\n<p>Sus principales virtudes siguen siendo un <strong>destacable nivel de seguridad<\/strong> activa pasiva y preventiva, combinado con su dif\u00edcilmente igualable versatilidad dentro y fuera del asfalto. Pero ahora va mucho m\u00e1s all\u00e1. <\/p>\n\n\n\n<p>El exterior del <a rel=\"noreferrer noopener\" aria-label=\"El exterior del Forester 2019 se distingue porque todos los acabados incorporar\u00e1n el frontal m\u00e1s deportivo y moderno que antes diferenciaba al acabado tope de gama Executive Plus. Adem\u00e1s, a\u00f1aden a su equipamiento de serie unas molduras en los pasos de rueda, que le dotan de un aspecto a\u00fan m\u00e1s todoterreno.\u00a0  (opens in a new tab)\" href=\"https:\/\/www.subaru.com\/es\/vehicles\/forester\/index.html\" target=\"_blank\">Forester 2019<\/a> se distingue porque <strong>todos los acabados incorporar\u00e1n el frontal m\u00e1s deportivo y moderno <\/strong>que antes diferenciaba al <strong>acabado tope de<\/strong> <strong>gama Executive Plus<\/strong>. Adem\u00e1s, a\u00f1aden a su equipamiento de serie unas molduras en los pasos de rueda, que le dotan de <strong>un aspecto a\u00fan m\u00e1s todoterreno.\u00a0<\/strong> <\/p>\n\n\n\n<figure class=\"wp-block-image\"><img decoding=\"async\" width=\"1440\" height=\"960\" data-src=\"https:\/\/www.subaru.es\/blog\/wp-content\/uploads\/2019\/01\/Forester-19-exterior-1-1-1440x960.jpg\" alt=\"\" class=\"wp-image-20382 lazyload\" data-srcset=\"https:\/\/www.subaru.es\/blog\/wp-content\/uploads\/2019\/01\/Forester-19-exterior-1-1-1440x960.jpg 1440w, https:\/\/www.subaru.es\/blog\/wp-content\/uploads\/2019\/01\/Forester-19-exterior-1-1-560x373.jpg 560w, https:\/\/www.subaru.es\/blog\/wp-content\/uploads\/2019\/01\/Forester-19-exterior-1-1-768x512.jpg 768w, https:\/\/www.subaru.es\/blog\/wp-content\/uploads\/2019\/01\/Forester-19-exterior-1-1-1536x1024.jpg 1536w, https:\/\/www.subaru.es\/blog\/wp-content\/uploads\/2019\/01\/Forester-19-exterior-1-1-2048x1365.jpg 2048w\" data-sizes=\"(max-width: 1440px) 100vw, 1440px\" src=\"data:image\/svg+xml;base64,PHN2ZyB3aWR0aD0iMSIgaGVpZ2h0PSIxIiB4bWxucz0iaHR0cDovL3d3dy53My5vcmcvMjAwMC9zdmciPjwvc3ZnPg==\" style=\"--smush-placeholder-width: 1440px; --smush-placeholder-aspect-ratio: 1440\/960;\" \/><\/figure>\n\n\n\n<p>En el <strong>interior<\/strong> se han actualizado las molduras del panel de instrumentos, ofreciendo un aspecto <strong>m\u00e1s deportivo<\/strong>. Asimismo, se ha modificado el suelo del maletero consiguiendo una mayor durabilidad gracias a la utilizaci\u00f3n de material PVC repelente al agua, y a la incorporaci\u00f3n de cuatro gu\u00edas en el suelo para que el equipaje deslice mejor a la hora de cargarlo.<\/p>\n\n\n\n<p> El <strong>nuevo acabado Sport<\/strong>, de acceso a la gama, pero <strong>con toda la seguridad de serie, est\u00e1 disponible desde un atractivo <a href=\"https:\/\/www.subaru.com\/es\/vehicles\/forester\/index.html\">precio de 27.900 euros.<\/a><\/strong> <\/p>\n\n\n\n<p>La gama 2019 consta de<strong> 3 versiones gasolina<\/strong>. El <strong>consumo<\/strong> combinado del Forester en el exigente ciclo WLTP es de <strong>8,8 l\/100 km<\/strong>, con unas emisiones de CO2 de 169 gramos por kil\u00f3metro en ciclo NEDC correlado. <\/p>\n\n\n\n<p>Cabe destacar la <strong>versi\u00f3n gasolina + GLP<\/strong>, que puede circular indistintamente con los dos combustibles, ofreciendo una <strong>excelente autonom\u00eda<\/strong>, pero sobre todo un sustancial <strong>ahorro en el coste por kil\u00f3metro<\/strong> y la codiciada <strong>etiqueta ECO<\/strong>, la cual da derecho a importantes descuentos en las zonas de aparcamiento regulado de las grandes ciudades, y garantiza el acceso a las mismas cuando entran en funcionamiento los protocolos anticontaminaci\u00f3n. <\/p>\n\n\n\n<p>Esto implica la reafirmaci\u00f3n del <strong>compromiso como marca con la protecci\u00f3n del medio ambiente<\/strong> y contribuyendo ala mejora de la calidad del aire por sus bajas emisiones de part\u00edculas, di\u00f3xidos de nitr\u00f3geno y CO2.<\/p>\n\n\n\n<p><strong>SEGURIDAD Y FIABILIDAD DE SERIE PARA QUE LLEGUES SIEMPRE A TU DESTINO<\/strong><\/p>\n\n\n\n<p>No solo la est\u00e9tica y caracter\u00edsticas hacen destacar al <strong>Subaru Forester.<\/strong> Y es que, dentro de su completo equipamiento de serie para todas las versiones del Forester destaca el aclamado <strong><a href=\"https:\/\/www.subaru.es\/blog\/nuestra-marca\/subaru-da-un-paso-mas-en-materia-de-seguridad-preventiva-con-la-tercera-version-del-sistema-eyesight\/\">Sistema de Seguridad preventiva Subaru EyeSight,<\/a><\/strong> que incluye 8 funciones de asistencia a la conducci\u00f3n: frenada precolisi\u00f3n, asistencia a la frenada pre-colisi\u00f3n, control de crucero adaptativo, aviso de salida del carril, asistente para la permanencia en el carril, control del acelerador, aviso de derrapado y aviso de salida del coche delantero. <\/p>\n\n\n\n<figure class=\"wp-block-image\"><img decoding=\"async\" width=\"1371\" height=\"937\" data-src=\"https:\/\/www.subaru.es\/blog\/wp-content\/uploads\/2019\/01\/Forester-19-interior-2.jpg\" alt=\"\" class=\"wp-image-20380 lazyload\" data-srcset=\"https:\/\/www.subaru.es\/blog\/wp-content\/uploads\/2019\/01\/Forester-19-interior-2.jpg 1371w, https:\/\/www.subaru.es\/blog\/wp-content\/uploads\/2019\/01\/Forester-19-interior-2-560x383.jpg 560w, https:\/\/www.subaru.es\/blog\/wp-content\/uploads\/2019\/01\/Forester-19-interior-2-768x525.jpg 768w\" data-sizes=\"(max-width: 1371px) 100vw, 1371px\" src=\"data:image\/svg+xml;base64,PHN2ZyB3aWR0aD0iMSIgaGVpZ2h0PSIxIiB4bWxucz0iaHR0cDovL3d3dy53My5vcmcvMjAwMC9zdmciPjwvc3ZnPg==\" style=\"--smush-placeholder-width: 1371px; --smush-placeholder-aspect-ratio: 1371\/937;\" \/><\/figure>\n\n\n\n<p>Como sucede en toda la<strong> <\/strong><a rel=\"noreferrer noopener\" aria-label=\"Como sucede en toda la gama SUV que Subaru comercializa en Espa\u00f1a, el Forester equipa de serie en todos los acabados la tracci\u00f3n a las 4 ruedas permanente Symmetrical-AWD, que unida a los 22 cent\u00edmetros de altura libre al suelo y al sistema X-mode con asistente de ascenso y descenso dependientes, lo convierten en una referencia en cuanto a seguridad y comportamiento lejos en cualquier superficie.\u00a0 (opens in a new tab)\" href=\"https:\/\/www.subaru.es\/gamasuvdiesel\/\" target=\"_blank\">gama SUV<\/a><strong> <\/strong>que Subaru comercializa en Espa\u00f1a, el Forester <strong>equipa de serie en todos los acabados la tracci\u00f3n a las 4 ruedas permanente <\/strong><a rel=\"noreferrer noopener\" aria-label=\"Como sucede en toda la gama SUV que Subaru comercializa en Espa\u00f1a, el Forester equipa de serie en todos los acabados la tracci\u00f3n a las 4 ruedas permanente Symmetrical-AWD, que unida a los 22 cent\u00edmetros de altura libre al suelo y al sistema X-mode con asistente de ascenso y descenso dependientes, lo convierten en una referencia en cuanto a seguridad y comportamiento lejos en cualquier superficie.\u00a0 (opens in a new tab)\" href=\"http:\/\/www.subaru.cl\/por-que-un-subaru\/tecnologia-subaru\/symmetrical-awd\" target=\"_blank\"><strong>Symmetrical-AWD<\/strong><\/a><strong>,<\/strong> que unida a los 22 cent\u00edmetros de altura libre al suelo y al <a href=\"http:\/\/www.subaru.cl\/vehiculos\/forester\/x-mode\" target=\"_blank\" rel=\"noreferrer noopener\" aria-label=\"Como sucede en toda la gama SUV que Subaru comercializa en Espa\u00f1a, el Forester equipa de serie en todos los acabados la tracci\u00f3n a las 4 ruedas permanente Symmetrical-AWD, que unida a los 22 cent\u00edmetros de altura libre al suelo y al Sistema X-mode con asistente de ascenso y descenso dependientes, lo convierten en una referencia en cuanto a seguridad y comportamiento lejos en cualquier superficie.\u00a0 (opens in a new tab)\">Sistema X-mode<\/a> con asistente de ascenso y descenso dependientes, lo convierten en una referencia en cuanto a seguridad y comportamiento lejos en cualquier superficie.\u00a0<\/p>\n\n\n\n<p>El <strong>Forester<\/strong> no s\u00f3lo acompa\u00f1a a sus exigentes conductores en su estilo de vida activo, sino que <strong>presenta una fiabilidad extraordinaria.<\/strong> <\/p>\n\n\n\n<p>Recientemente el m\u00fasico esloveno Jerner Jung fue noticia por recorrer un mill\u00f3n de kil\u00f3metros sin aver\u00eda alguna, al volante de su Forester de primera generaci\u00f3n. Otra muestra de esta fiabilidad es que <strong>m\u00e1s del 97% de los Subaru vendidos en Europa en los \u00faltimos 10 a\u00f1os todav\u00eda sigan rodando por nuestras carreteras.<\/strong> <\/p>\n\n\n\n<p>\u00danete a la familia Subaru y empieza a entender por qu\u00e9 el Forester ha liderado las ventas en Europa durante m\u00e1s de 20 a\u00f1os. Con m\u00e1s de 330.000 unidades vendidas desde su lanzamiento y superando por primera vez en su historia las 3.000 unidades vendidas en 2018 solo en territorio espa\u00f1ol. <\/p>\n\n\n\n<p><strong>\u00a1La gran apuesta de Subaru para un mejor 2019 empieza con Forester!<\/strong><\/p>\n\n\n\n<figure class=\"wp-block-image\"><img decoding=\"async\" width=\"1440\" height=\"960\" data-src=\"https:\/\/www.subaru.es\/blog\/wp-content\/uploads\/2019\/01\/Forester-19-detalles-1-1440x960.jpg\" alt=\"\" class=\"wp-image-20383 lazyload\" data-srcset=\"https:\/\/www.subaru.es\/blog\/wp-content\/uploads\/2019\/01\/Forester-19-detalles-1-1440x960.jpg 1440w, https:\/\/www.subaru.es\/blog\/wp-content\/uploads\/2019\/01\/Forester-19-detalles-1-560x373.jpg 560w, https:\/\/www.subaru.es\/blog\/wp-content\/uploads\/2019\/01\/Forester-19-detalles-1-768x512.jpg 768w, https:\/\/www.subaru.es\/blog\/wp-content\/uploads\/2019\/01\/Forester-19-detalles-1-1536x1024.jpg 1536w, https:\/\/www.subaru.es\/blog\/wp-content\/uploads\/2019\/01\/Forester-19-detalles-1-2048x1365.jpg 2048w\" data-sizes=\"(max-width: 1440px) 100vw, 1440px\" src=\"data:image\/svg+xml;base64,PHN2ZyB3aWR0aD0iMSIgaGVpZ2h0PSIxIiB4bWxucz0iaHR0cDovL3d3dy53My5vcmcvMjAwMC9zdmciPjwvc3ZnPg==\" style=\"--smush-placeholder-width: 1440px; --smush-placeholder-aspect-ratio: 1440\/960;\" \/><\/figure>\n","protected":false},"excerpt":{"rendered":"<p>T\u00fa eliges c\u00f3mo vivir. Pero solo si te atreves puedes vivir una aventura cada d\u00eda. Ser un aventurero o aventura no significa ponerse en riesgo. Por eso puedes contar con el Forester 2019, una eminencia en cuanto a seguridad para que comiences cualquier aventura y regreses para contarla. Desde el a\u00f1o 1997, el Subaru Forester [&hellip;]<\/p>\n","protected":false},"author":21,"featured_media":20377,"comment_status":"open","ping_status":"closed","sticky":false,"template":"","format":"standard","meta":{"_acf_changed":false,"_eb_attr":"","inline_featured_image":false,"footnotes":""},"categories":[4401],"tags":[4394,4745,13,4852,164,4575,4540,4390,4246,4885,1263,1539],"class_list":["post-20375","post","type-post","status-publish","format-standard","has-post-thumbnail","hentry","category-nuestra-marca","tag-eyesight","tag-eyesigth","tag-forester","tag-gama-suv","tag-seguridad","tag-seguridad-subaru","tag-sistema-xmode","tag-subaru","tag-subaru-eyesight","tag-subaru-forester-2019","tag-subaru-forester-diesel","tag-symmetrical-awd"],"acf":[],"yoast_head":"<!-- This site is optimized with the Yoast SEO plugin v27.3 - https:\/\/yoast.com\/product\/yoast-seo-wordpress\/ -->\n<title>Forester 2019: la clave para una aventura a diario con seguridad - Universo Subaru<\/title>\n<meta name=\"robots\" content=\"index, follow, max-snippet:-1, max-image-preview:large, max-video-preview:-1\" \/>\n<link rel=\"canonical\" href=\"https:\/\/www.subaru.es\/blog\/nuestra-marca\/forester-2019-la-clave-en-seguridad\/\" \/>\n<meta property=\"og:locale\" content=\"es_ES\" \/>\n<meta property=\"og:type\" content=\"article\" \/>\n<meta property=\"og:title\" content=\"Forester 2019: la clave para una aventura a diario con seguridad - Universo Subaru\" \/>\n<meta property=\"og:description\" content=\"T\u00fa eliges c\u00f3mo vivir. Pero solo si te atreves puedes vivir una aventura cada d\u00eda. Ser un aventurero o aventura no significa ponerse en riesgo. Por eso puedes contar con el Forester 2019, una eminencia en cuanto a seguridad para que comiences cualquier aventura y regreses para contarla. Desde el a\u00f1o 1997, el Subaru Forester [&hellip;]\" \/>\n<meta property=\"og:url\" content=\"https:\/\/www.subaru.es\/blog\/nuestra-marca\/forester-2019-la-clave-en-seguridad\/\" \/>\n<meta property=\"og:site_name\" content=\"Universo Subaru\" \/>\n<meta property=\"article:publisher\" content=\"https:\/\/www.facebook.com\/subaruespana\" \/>\n<meta property=\"article:published_time\" content=\"2019-01-08T18:32:50+00:00\" \/>\n<meta property=\"article:modified_time\" content=\"2019-01-09T11:48:45+00:00\" \/>\n<meta property=\"og:image\" content=\"https:\/\/www.subaru.es\/blog\/wp-content\/uploads\/2019\/01\/Forester-19-exterior-3_PORTADA.jpg\" \/>\n\t<meta property=\"og:image:width\" content=\"3360\" \/>\n\t<meta property=\"og:image:height\" content=\"2240\" \/>\n\t<meta property=\"og:image:type\" content=\"image\/jpeg\" \/>\n<meta name=\"author\" content=\"Subaru\" \/>\n<meta name=\"twitter:card\" content=\"summary_large_image\" \/>\n<meta name=\"twitter:label1\" content=\"Escrito por\" \/>\n\t<meta name=\"twitter:data1\" content=\"Subaru\" \/>\n\t<meta name=\"twitter:label2\" content=\"Tiempo de lectura\" \/>\n\t<meta name=\"twitter:data2\" content=\"4 minutos\" \/>\n<script type=\"application\/ld+json\" class=\"yoast-schema-graph\">{\"@context\":\"https:\\\/\\\/schema.org\",\"@graph\":[{\"@type\":\"Article\",\"@id\":\"https:\\\/\\\/www.subaru.es\\\/blog\\\/nuestra-marca\\\/forester-2019-la-clave-en-seguridad\\\/#article\",\"isPartOf\":{\"@id\":\"https:\\\/\\\/www.subaru.es\\\/blog\\\/nuestra-marca\\\/forester-2019-la-clave-en-seguridad\\\/\"},\"author\":{\"name\":\"Subaru\",\"@id\":\"https:\\\/\\\/www.subaru.es\\\/blog\\\/#\\\/schema\\\/person\\\/19a90b892230b8e0ec752704ddf4aa10\"},\"headline\":\"Forester 2019: la clave para una aventura a diario con seguridad\",\"datePublished\":\"2019-01-08T18:32:50+00:00\",\"dateModified\":\"2019-01-09T11:48:45+00:00\",\"mainEntityOfPage\":{\"@id\":\"https:\\\/\\\/www.subaru.es\\\/blog\\\/nuestra-marca\\\/forester-2019-la-clave-en-seguridad\\\/\"},\"wordCount\":815,\"commentCount\":8,\"publisher\":{\"@id\":\"https:\\\/\\\/www.subaru.es\\\/blog\\\/#organization\"},\"image\":{\"@id\":\"https:\\\/\\\/www.subaru.es\\\/blog\\\/nuestra-marca\\\/forester-2019-la-clave-en-seguridad\\\/#primaryimage\"},\"thumbnailUrl\":\"https:\\\/\\\/www.subaru.es\\\/blog\\\/wp-content\\\/uploads\\\/2019\\\/01\\\/Forester-19-exterior-3_PORTADA-scaled.jpg\",\"keywords\":[\"EyeSight\",\"eyesigth\",\"forester\",\"Gama SUV\",\"seguridad\",\"Seguridad Subaru\",\"sistema xmode\",\"Subaru\",\"Subaru EyeSight\",\"subaru forester 2019\",\"subaru forester diesel\",\"Symmetrical AWD\"],\"articleSection\":[\"Nuestra marca\"],\"inLanguage\":\"es\",\"potentialAction\":[{\"@type\":\"CommentAction\",\"name\":\"Comment\",\"target\":[\"https:\\\/\\\/www.subaru.es\\\/blog\\\/nuestra-marca\\\/forester-2019-la-clave-en-seguridad\\\/#respond\"]}]},{\"@type\":\"WebPage\",\"@id\":\"https:\\\/\\\/www.subaru.es\\\/blog\\\/nuestra-marca\\\/forester-2019-la-clave-en-seguridad\\\/\",\"url\":\"https:\\\/\\\/www.subaru.es\\\/blog\\\/nuestra-marca\\\/forester-2019-la-clave-en-seguridad\\\/\",\"name\":\"Forester 2019: la clave para una aventura a diario con seguridad - Universo Subaru\",\"isPartOf\":{\"@id\":\"https:\\\/\\\/www.subaru.es\\\/blog\\\/#website\"},\"primaryImageOfPage\":{\"@id\":\"https:\\\/\\\/www.subaru.es\\\/blog\\\/nuestra-marca\\\/forester-2019-la-clave-en-seguridad\\\/#primaryimage\"},\"image\":{\"@id\":\"https:\\\/\\\/www.subaru.es\\\/blog\\\/nuestra-marca\\\/forester-2019-la-clave-en-seguridad\\\/#primaryimage\"},\"thumbnailUrl\":\"https:\\\/\\\/www.subaru.es\\\/blog\\\/wp-content\\\/uploads\\\/2019\\\/01\\\/Forester-19-exterior-3_PORTADA-scaled.jpg\",\"datePublished\":\"2019-01-08T18:32:50+00:00\",\"dateModified\":\"2019-01-09T11:48:45+00:00\",\"breadcrumb\":{\"@id\":\"https:\\\/\\\/www.subaru.es\\\/blog\\\/nuestra-marca\\\/forester-2019-la-clave-en-seguridad\\\/#breadcrumb\"},\"inLanguage\":\"es\",\"potentialAction\":[{\"@type\":\"ReadAction\",\"target\":[\"https:\\\/\\\/www.subaru.es\\\/blog\\\/nuestra-marca\\\/forester-2019-la-clave-en-seguridad\\\/\"]}]},{\"@type\":\"ImageObject\",\"inLanguage\":\"es\",\"@id\":\"https:\\\/\\\/www.subaru.es\\\/blog\\\/nuestra-marca\\\/forester-2019-la-clave-en-seguridad\\\/#primaryimage\",\"url\":\"https:\\\/\\\/www.subaru.es\\\/blog\\\/wp-content\\\/uploads\\\/2019\\\/01\\\/Forester-19-exterior-3_PORTADA-scaled.jpg\",\"contentUrl\":\"https:\\\/\\\/www.subaru.es\\\/blog\\\/wp-content\\\/uploads\\\/2019\\\/01\\\/Forester-19-exterior-3_PORTADA-scaled.jpg\",\"width\":2560,\"height\":1707},{\"@type\":\"BreadcrumbList\",\"@id\":\"https:\\\/\\\/www.subaru.es\\\/blog\\\/nuestra-marca\\\/forester-2019-la-clave-en-seguridad\\\/#breadcrumb\",\"itemListElement\":[{\"@type\":\"ListItem\",\"position\":1,\"name\":\"Portada\",\"item\":\"https:\\\/\\\/www.subaru.es\\\/blog\\\/\"},{\"@type\":\"ListItem\",\"position\":2,\"name\":\"Forester 2019: la clave para una aventura a diario con seguridad\"}]},{\"@type\":\"WebSite\",\"@id\":\"https:\\\/\\\/www.subaru.es\\\/blog\\\/#website\",\"url\":\"https:\\\/\\\/www.subaru.es\\\/blog\\\/\",\"name\":\"Universo Subaru\",\"description\":\"Descubre este apasionante espacio de Subaru donde vas a conocer todo sobre nuestros coches y las experiencias que vivimos con ellos. Si est\u00e1s preparado para dejarte seducir por la filosof\u00eda Subaru, qu\u00e9date con nosotros.\",\"publisher\":{\"@id\":\"https:\\\/\\\/www.subaru.es\\\/blog\\\/#organization\"},\"potentialAction\":[{\"@type\":\"SearchAction\",\"target\":{\"@type\":\"EntryPoint\",\"urlTemplate\":\"https:\\\/\\\/www.subaru.es\\\/blog\\\/?s={search_term_string}\"},\"query-input\":{\"@type\":\"PropertyValueSpecification\",\"valueRequired\":true,\"valueName\":\"search_term_string\"}}],\"inLanguage\":\"es\"},{\"@type\":\"Organization\",\"@id\":\"https:\\\/\\\/www.subaru.es\\\/blog\\\/#organization\",\"name\":\"Subaru Espa\u00f1a S.A.\",\"url\":\"https:\\\/\\\/www.subaru.es\\\/blog\\\/\",\"logo\":{\"@type\":\"ImageObject\",\"inLanguage\":\"es\",\"@id\":\"https:\\\/\\\/www.subaru.es\\\/blog\\\/#\\\/schema\\\/logo\\\/image\\\/\",\"url\":\"https:\\\/\\\/www.subaru.es\\\/blog\\\/wp-content\\\/uploads\\\/2016\\\/12\\\/Logo-Subaru-TypeV_C300-scaled.jpg\",\"contentUrl\":\"https:\\\/\\\/www.subaru.es\\\/blog\\\/wp-content\\\/uploads\\\/2016\\\/12\\\/Logo-Subaru-TypeV_C300-scaled.jpg\",\"width\":2560,\"height\":1864,\"caption\":\"Subaru Espa\u00f1a S.A.\"},\"image\":{\"@id\":\"https:\\\/\\\/www.subaru.es\\\/blog\\\/#\\\/schema\\\/logo\\\/image\\\/\"},\"sameAs\":[\"https:\\\/\\\/www.facebook.com\\\/subaruespana\",\"https:\\\/\\\/www.instagram.com\\\/subarues\\\/\",\"https:\\\/\\\/www.youtube.com\\\/user\\\/subaruespana\"]},{\"@type\":\"Person\",\"@id\":\"https:\\\/\\\/www.subaru.es\\\/blog\\\/#\\\/schema\\\/person\\\/19a90b892230b8e0ec752704ddf4aa10\",\"name\":\"Subaru\",\"url\":\"https:\\\/\\\/www.subaru.es\\\/blog\\\/author\\\/subaria\\\/\"}]}<\/script>\n<!-- \/ Yoast SEO plugin. -->","yoast_head_json":{"title":"Forester 2019: la clave para una aventura a diario con seguridad - Universo Subaru","robots":{"index":"index","follow":"follow","max-snippet":"max-snippet:-1","max-image-preview":"max-image-preview:large","max-video-preview":"max-video-preview:-1"},"canonical":"https:\/\/www.subaru.es\/blog\/nuestra-marca\/forester-2019-la-clave-en-seguridad\/","og_locale":"es_ES","og_type":"article","og_title":"Forester 2019: la clave para una aventura a diario con seguridad - Universo Subaru","og_description":"T\u00fa eliges c\u00f3mo vivir. Pero solo si te atreves puedes vivir una aventura cada d\u00eda. Ser un aventurero o aventura no significa ponerse en riesgo. Por eso puedes contar con el Forester 2019, una eminencia en cuanto a seguridad para que comiences cualquier aventura y regreses para contarla. Desde el a\u00f1o 1997, el Subaru Forester [&hellip;]","og_url":"https:\/\/www.subaru.es\/blog\/nuestra-marca\/forester-2019-la-clave-en-seguridad\/","og_site_name":"Universo Subaru","article_publisher":"https:\/\/www.facebook.com\/subaruespana","article_published_time":"2019-01-08T18:32:50+00:00","article_modified_time":"2019-01-09T11:48:45+00:00","og_image":[{"width":3360,"height":2240,"url":"https:\/\/www.subaru.es\/blog\/wp-content\/uploads\/2019\/01\/Forester-19-exterior-3_PORTADA.jpg","type":"image\/jpeg"}],"author":"Subaru","twitter_card":"summary_large_image","twitter_misc":{"Escrito por":"Subaru","Tiempo de lectura":"4 minutos"},"schema":{"@context":"https:\/\/schema.org","@graph":[{"@type":"Article","@id":"https:\/\/www.subaru.es\/blog\/nuestra-marca\/forester-2019-la-clave-en-seguridad\/#article","isPartOf":{"@id":"https:\/\/www.subaru.es\/blog\/nuestra-marca\/forester-2019-la-clave-en-seguridad\/"},"author":{"name":"Subaru","@id":"https:\/\/www.subaru.es\/blog\/#\/schema\/person\/19a90b892230b8e0ec752704ddf4aa10"},"headline":"Forester 2019: la clave para una aventura a diario con seguridad","datePublished":"2019-01-08T18:32:50+00:00","dateModified":"2019-01-09T11:48:45+00:00","mainEntityOfPage":{"@id":"https:\/\/www.subaru.es\/blog\/nuestra-marca\/forester-2019-la-clave-en-seguridad\/"},"wordCount":815,"commentCount":8,"publisher":{"@id":"https:\/\/www.subaru.es\/blog\/#organization"},"image":{"@id":"https:\/\/www.subaru.es\/blog\/nuestra-marca\/forester-2019-la-clave-en-seguridad\/#primaryimage"},"thumbnailUrl":"https:\/\/www.subaru.es\/blog\/wp-content\/uploads\/2019\/01\/Forester-19-exterior-3_PORTADA-scaled.jpg","keywords":["EyeSight","eyesigth","forester","Gama SUV","seguridad","Seguridad Subaru","sistema xmode","Subaru","Subaru EyeSight","subaru forester 2019","subaru forester diesel","Symmetrical AWD"],"articleSection":["Nuestra marca"],"inLanguage":"es","potentialAction":[{"@type":"CommentAction","name":"Comment","target":["https:\/\/www.subaru.es\/blog\/nuestra-marca\/forester-2019-la-clave-en-seguridad\/#respond"]}]},{"@type":"WebPage","@id":"https:\/\/www.subaru.es\/blog\/nuestra-marca\/forester-2019-la-clave-en-seguridad\/","url":"https:\/\/www.subaru.es\/blog\/nuestra-marca\/forester-2019-la-clave-en-seguridad\/","name":"Forester 2019: la clave para una aventura a diario con seguridad - Universo Subaru","isPartOf":{"@id":"https:\/\/www.subaru.es\/blog\/#website"},"primaryImageOfPage":{"@id":"https:\/\/www.subaru.es\/blog\/nuestra-marca\/forester-2019-la-clave-en-seguridad\/#primaryimage"},"image":{"@id":"https:\/\/www.subaru.es\/blog\/nuestra-marca\/forester-2019-la-clave-en-seguridad\/#primaryimage"},"thumbnailUrl":"https:\/\/www.subaru.es\/blog\/wp-content\/uploads\/2019\/01\/Forester-19-exterior-3_PORTADA-scaled.jpg","datePublished":"2019-01-08T18:32:50+00:00","dateModified":"2019-01-09T11:48:45+00:00","breadcrumb":{"@id":"https:\/\/www.subaru.es\/blog\/nuestra-marca\/forester-2019-la-clave-en-seguridad\/#breadcrumb"},"inLanguage":"es","potentialAction":[{"@type":"ReadAction","target":["https:\/\/www.subaru.es\/blog\/nuestra-marca\/forester-2019-la-clave-en-seguridad\/"]}]},{"@type":"ImageObject","inLanguage":"es","@id":"https:\/\/www.subaru.es\/blog\/nuestra-marca\/forester-2019-la-clave-en-seguridad\/#primaryimage","url":"https:\/\/www.subaru.es\/blog\/wp-content\/uploads\/2019\/01\/Forester-19-exterior-3_PORTADA-scaled.jpg","contentUrl":"https:\/\/www.subaru.es\/blog\/wp-content\/uploads\/2019\/01\/Forester-19-exterior-3_PORTADA-scaled.jpg","width":2560,"height":1707},{"@type":"BreadcrumbList","@id":"https:\/\/www.subaru.es\/blog\/nuestra-marca\/forester-2019-la-clave-en-seguridad\/#breadcrumb","itemListElement":[{"@type":"ListItem","position":1,"name":"Portada","item":"https:\/\/www.subaru.es\/blog\/"},{"@type":"ListItem","position":2,"name":"Forester 2019: la clave para una aventura a diario con seguridad"}]},{"@type":"WebSite","@id":"https:\/\/www.subaru.es\/blog\/#website","url":"https:\/\/www.subaru.es\/blog\/","name":"Universo Subaru","description":"Descubre este apasionante espacio de Subaru donde vas a conocer todo sobre nuestros coches y las experiencias que vivimos con ellos. Si est\u00e1s preparado para dejarte seducir por la filosof\u00eda Subaru, qu\u00e9date con nosotros.","publisher":{"@id":"https:\/\/www.subaru.es\/blog\/#organization"},"potentialAction":[{"@type":"SearchAction","target":{"@type":"EntryPoint","urlTemplate":"https:\/\/www.subaru.es\/blog\/?s={search_term_string}"},"query-input":{"@type":"PropertyValueSpecification","valueRequired":true,"valueName":"search_term_string"}}],"inLanguage":"es"},{"@type":"Organization","@id":"https:\/\/www.subaru.es\/blog\/#organization","name":"Subaru Espa\u00f1a S.A.","url":"https:\/\/www.subaru.es\/blog\/","logo":{"@type":"ImageObject","inLanguage":"es","@id":"https:\/\/www.subaru.es\/blog\/#\/schema\/logo\/image\/","url":"https:\/\/www.subaru.es\/blog\/wp-content\/uploads\/2016\/12\/Logo-Subaru-TypeV_C300-scaled.jpg","contentUrl":"https:\/\/www.subaru.es\/blog\/wp-content\/uploads\/2016\/12\/Logo-Subaru-TypeV_C300-scaled.jpg","width":2560,"height":1864,"caption":"Subaru Espa\u00f1a S.A."},"image":{"@id":"https:\/\/www.subaru.es\/blog\/#\/schema\/logo\/image\/"},"sameAs":["https:\/\/www.facebook.com\/subaruespana","https:\/\/www.instagram.com\/subarues\/","https:\/\/www.youtube.com\/user\/subaruespana"]},{"@type":"Person","@id":"https:\/\/www.subaru.es\/blog\/#\/schema\/person\/19a90b892230b8e0ec752704ddf4aa10","name":"Subaru","url":"https:\/\/www.subaru.es\/blog\/author\/subaria\/"}]}},"_links":{"self":[{"href":"https:\/\/www.subaru.es\/blog\/wp-json\/wp\/v2\/posts\/20375","targetHints":{"allow":["GET"]}}],"collection":[{"href":"https:\/\/www.subaru.es\/blog\/wp-json\/wp\/v2\/posts"}],"about":[{"href":"https:\/\/www.subaru.es\/blog\/wp-json\/wp\/v2\/types\/post"}],"author":[{"embeddable":true,"href":"https:\/\/www.subaru.es\/blog\/wp-json\/wp\/v2\/users\/21"}],"replies":[{"embeddable":true,"href":"https:\/\/www.subaru.es\/blog\/wp-json\/wp\/v2\/comments?post=20375"}],"version-history":[{"count":18,"href":"https:\/\/www.subaru.es\/blog\/wp-json\/wp\/v2\/posts\/20375\/revisions"}],"predecessor-version":[{"id":20410,"href":"https:\/\/www.subaru.es\/blog\/wp-json\/wp\/v2\/posts\/20375\/revisions\/20410"}],"wp:featuredmedia":[{"embeddable":true,"href":"https:\/\/www.subaru.es\/blog\/wp-json\/wp\/v2\/media\/20377"}],"wp:attachment":[{"href":"https:\/\/www.subaru.es\/blog\/wp-json\/wp\/v2\/media?parent=20375"}],"wp:term":[{"taxonomy":"category","embeddable":true,"href":"https:\/\/www.subaru.es\/blog\/wp-json\/wp\/v2\/categories?post=20375"},{"taxonomy":"post_tag","embeddable":true,"href":"https:\/\/www.subaru.es\/blog\/wp-json\/wp\/v2\/tags?post=20375"}],"curies":[{"name":"wp","href":"https:\/\/api.w.org\/{rel}","templated":true}]}}