{"id":2031,"date":"2009-06-17T13:58:29","date_gmt":"2009-06-17T11:58:29","guid":{"rendered":"http:\/\/subaru.preproduccion.com\/blog\/wp-content\/2009\/06\/17\/forester-uno-de-los-suv-mas-accesibles\/"},"modified":"2020-08-06T11:41:23","modified_gmt":"2020-08-06T09:41:23","slug":"forester-uno-de-los-suv-mas-accesibles","status":"publish","type":"post","link":"https:\/\/www.subaru.es\/blog\/nuestra-marca\/forester-uno-de-los-suv-mas-accesibles\/","title":{"rendered":"Forester, uno de los SUV m\u00e1s accesibles"},"content":{"rendered":"<p><center><img data-src='https:\/\/www.subaru.es\/blog\/wp-content\/uploads\/2009\/03\/498a1805-001cd-02943-cdbc8767.jpg' src='data:image\/svg+xml;base64,PHN2ZyB3aWR0aD0iMSIgaGVpZ2h0PSIxIiB4bWxucz0iaHR0cDovL3d3dy53My5vcmcvMjAwMC9zdmciPjwvc3ZnPg==' class='lazyload' style='--smush-placeholder-width: 320px; --smush-placeholder-aspect-ratio: 320\/240;' \/><\/center><\/p>\n<p>El <strong>Subaru Forester<\/strong> forma parte de esa gama de veh\u00edculos vers\u00e1tiles, c\u00f3modos y familiares, que sin embargo est\u00e1n pensados para transitar por todo tipo de v\u00edas y terrenos. Es decir, la mezcla perfecta entre un utilitario de ciudad, un todoterreno y una furgoneta familiar. Es lo que, comosabemos, se conoce como SUV (Sport Utility Vehicle), o <em>crossover<\/em> (es decir, \u00abcruce\u00bb, mezcla de elementos).<\/p>\n<p>Pues entre esta gama de veh\u00edculos, los 2familiares\u00bb por excelencia, acaba de aparecer una lista en la que se analizan los m\u00e1s accesibles, los que tienen una mejor relaci\u00f3n entre la calidad (durabilidad, potencia, consumo&#8230;) y el precio, de todo el mercado estadounidense. Y nuestro Subaru Forester aparece nada menos que en el segundo puesto, es decir, <strong>el segundo SUV de mejor relaci\u00f3n calidad-precio de todo el mercado norteamericano<\/strong>. En <a href=\"http:\/\/autos.aol.com\/gallery\/cheap-cuvs\">AOL Autos<\/a> explican:<\/p>\n<blockquote><p><em>\u00abEl Forester es un veh\u00edculo que combina la mayor\u00eda de los mejores atributos de un SUV, con las din\u00e1micas de conducci\u00f3n de un utilitario\u00bb<\/em><\/p><\/blockquote>\n<p><a href=\"http:\/\/autos.aol.com\/gallery\/cheap-cuvs\">Fuente<\/a>.<\/p>\n","protected":false},"excerpt":{"rendered":"<p>El Subaru Forester forma parte de esa gama de veh\u00edculos vers\u00e1tiles, c\u00f3modos y familiares, que sin embargo est\u00e1n pensados para transitar por todo tipo de v\u00edas y terrenos. Es decir, la mezcla perfecta entre un utilitario de ciudad, un todoterreno y una furgoneta familiar. Es lo que, comosabemos, se conoce como SUV (Sport Utility Vehicle), [&hellip;]<\/p>\n","protected":false},"author":21,"featured_media":0,"comment_status":"open","ping_status":"open","sticky":false,"template":"","format":"standard","meta":{"_acf_changed":false,"_eb_attr":"","inline_featured_image":false,"footnotes":""},"categories":[4401],"tags":[2382,13,125],"class_list":["post-2031","post","type-post","status-publish","format-standard","hentry","category-nuestra-marca","tag-accesible","tag-forester","tag-suv"],"acf":[],"yoast_head":"<!-- This site is optimized with the Yoast SEO plugin v27.3 - https:\/\/yoast.com\/product\/yoast-seo-wordpress\/ -->\n<title>Forester, uno de los SUV m\u00e1s accesibles - Universo Subaru<\/title>\n<meta name=\"robots\" content=\"index, follow, max-snippet:-1, max-image-preview:large, max-video-preview:-1\" \/>\n<link rel=\"canonical\" href=\"https:\/\/www.subaru.es\/blog\/nuestra-marca\/forester-uno-de-los-suv-mas-accesibles\/\" \/>\n<meta property=\"og:locale\" content=\"es_ES\" \/>\n<meta property=\"og:type\" content=\"article\" \/>\n<meta property=\"og:title\" content=\"Forester, uno de los SUV m\u00e1s accesibles - Universo Subaru\" \/>\n<meta property=\"og:description\" content=\"El Subaru Forester forma parte de esa gama de veh\u00edculos vers\u00e1tiles, c\u00f3modos y familiares, que sin embargo est\u00e1n pensados para transitar por todo tipo de v\u00edas y terrenos. Es decir, la mezcla perfecta entre un utilitario de ciudad, un todoterreno y una furgoneta familiar. Es lo que, comosabemos, se conoce como SUV (Sport Utility Vehicle), [&hellip;]\" \/>\n<meta property=\"og:url\" content=\"https:\/\/www.subaru.es\/blog\/nuestra-marca\/forester-uno-de-los-suv-mas-accesibles\/\" \/>\n<meta property=\"og:site_name\" content=\"Universo Subaru\" \/>\n<meta property=\"article:publisher\" content=\"https:\/\/www.facebook.com\/subaruespana\" \/>\n<meta property=\"article:published_time\" content=\"2009-06-17T11:58:29+00:00\" \/>\n<meta property=\"article:modified_time\" content=\"2020-08-06T09:41:23+00:00\" \/>\n<meta property=\"og:image\" content=\"https:\/\/www.subaru.es\/blog\/wp-content\/uploads\/2009\/03\/498a1805-001cd-02943-cdbc8767.jpg\" \/>\n<meta name=\"author\" content=\"Subaru\" \/>\n<meta name=\"twitter:card\" content=\"summary_large_image\" \/>\n<meta name=\"twitter:label1\" content=\"Escrito por\" \/>\n\t<meta name=\"twitter:data1\" content=\"Subaru\" \/>\n\t<meta name=\"twitter:label2\" content=\"Tiempo de lectura\" \/>\n\t<meta name=\"twitter:data2\" content=\"1 minuto\" \/>\n<script type=\"application\/ld+json\" class=\"yoast-schema-graph\">{\"@context\":\"https:\\\/\\\/schema.org\",\"@graph\":[{\"@type\":\"Article\",\"@id\":\"https:\\\/\\\/www.subaru.es\\\/blog\\\/nuestra-marca\\\/forester-uno-de-los-suv-mas-accesibles\\\/#article\",\"isPartOf\":{\"@id\":\"https:\\\/\\\/www.subaru.es\\\/blog\\\/nuestra-marca\\\/forester-uno-de-los-suv-mas-accesibles\\\/\"},\"author\":{\"name\":\"Subaru\",\"@id\":\"https:\\\/\\\/www.subaru.es\\\/blog\\\/#\\\/schema\\\/person\\\/19a90b892230b8e0ec752704ddf4aa10\"},\"headline\":\"Forester, uno de los SUV m\u00e1s accesibles\",\"datePublished\":\"2009-06-17T11:58:29+00:00\",\"dateModified\":\"2020-08-06T09:41:23+00:00\",\"mainEntityOfPage\":{\"@id\":\"https:\\\/\\\/www.subaru.es\\\/blog\\\/nuestra-marca\\\/forester-uno-de-los-suv-mas-accesibles\\\/\"},\"wordCount\":182,\"commentCount\":1,\"publisher\":{\"@id\":\"https:\\\/\\\/www.subaru.es\\\/blog\\\/#organization\"},\"image\":{\"@id\":\"https:\\\/\\\/www.subaru.es\\\/blog\\\/nuestra-marca\\\/forester-uno-de-los-suv-mas-accesibles\\\/#primaryimage\"},\"thumbnailUrl\":\"https:\\\/\\\/www.subaru.es\\\/blog\\\/wp-content\\\/uploads\\\/2009\\\/03\\\/498a1805-001cd-02943-cdbc8767.jpg\",\"keywords\":[\"accesible\",\"forester\",\"suv\"],\"articleSection\":[\"Nuestra marca\"],\"inLanguage\":\"es\",\"potentialAction\":[{\"@type\":\"CommentAction\",\"name\":\"Comment\",\"target\":[\"https:\\\/\\\/www.subaru.es\\\/blog\\\/nuestra-marca\\\/forester-uno-de-los-suv-mas-accesibles\\\/#respond\"]}]},{\"@type\":\"WebPage\",\"@id\":\"https:\\\/\\\/www.subaru.es\\\/blog\\\/nuestra-marca\\\/forester-uno-de-los-suv-mas-accesibles\\\/\",\"url\":\"https:\\\/\\\/www.subaru.es\\\/blog\\\/nuestra-marca\\\/forester-uno-de-los-suv-mas-accesibles\\\/\",\"name\":\"Forester, uno de los SUV m\u00e1s accesibles - Universo Subaru\",\"isPartOf\":{\"@id\":\"https:\\\/\\\/www.subaru.es\\\/blog\\\/#website\"},\"primaryImageOfPage\":{\"@id\":\"https:\\\/\\\/www.subaru.es\\\/blog\\\/nuestra-marca\\\/forester-uno-de-los-suv-mas-accesibles\\\/#primaryimage\"},\"image\":{\"@id\":\"https:\\\/\\\/www.subaru.es\\\/blog\\\/nuestra-marca\\\/forester-uno-de-los-suv-mas-accesibles\\\/#primaryimage\"},\"thumbnailUrl\":\"https:\\\/\\\/www.subaru.es\\\/blog\\\/wp-content\\\/uploads\\\/2009\\\/03\\\/498a1805-001cd-02943-cdbc8767.jpg\",\"datePublished\":\"2009-06-17T11:58:29+00:00\",\"dateModified\":\"2020-08-06T09:41:23+00:00\",\"breadcrumb\":{\"@id\":\"https:\\\/\\\/www.subaru.es\\\/blog\\\/nuestra-marca\\\/forester-uno-de-los-suv-mas-accesibles\\\/#breadcrumb\"},\"inLanguage\":\"es\",\"potentialAction\":[{\"@type\":\"ReadAction\",\"target\":[\"https:\\\/\\\/www.subaru.es\\\/blog\\\/nuestra-marca\\\/forester-uno-de-los-suv-mas-accesibles\\\/\"]}]},{\"@type\":\"ImageObject\",\"inLanguage\":\"es\",\"@id\":\"https:\\\/\\\/www.subaru.es\\\/blog\\\/nuestra-marca\\\/forester-uno-de-los-suv-mas-accesibles\\\/#primaryimage\",\"url\":\"https:\\\/\\\/www.subaru.es\\\/blog\\\/wp-content\\\/uploads\\\/2009\\\/03\\\/498a1805-001cd-02943-cdbc8767.jpg\",\"contentUrl\":\"https:\\\/\\\/www.subaru.es\\\/blog\\\/wp-content\\\/uploads\\\/2009\\\/03\\\/498a1805-001cd-02943-cdbc8767.jpg\",\"width\":320,\"height\":240},{\"@type\":\"BreadcrumbList\",\"@id\":\"https:\\\/\\\/www.subaru.es\\\/blog\\\/nuestra-marca\\\/forester-uno-de-los-suv-mas-accesibles\\\/#breadcrumb\",\"itemListElement\":[{\"@type\":\"ListItem\",\"position\":1,\"name\":\"Portada\",\"item\":\"https:\\\/\\\/www.subaru.es\\\/blog\\\/\"},{\"@type\":\"ListItem\",\"position\":2,\"name\":\"Forester, uno de los SUV m\u00e1s accesibles\"}]},{\"@type\":\"WebSite\",\"@id\":\"https:\\\/\\\/www.subaru.es\\\/blog\\\/#website\",\"url\":\"https:\\\/\\\/www.subaru.es\\\/blog\\\/\",\"name\":\"Universo Subaru\",\"description\":\"Descubre este apasionante espacio de Subaru donde vas a conocer todo sobre nuestros coches y las experiencias que vivimos con ellos. Si est\u00e1s preparado para dejarte seducir por la filosof\u00eda Subaru, qu\u00e9date con nosotros.\",\"publisher\":{\"@id\":\"https:\\\/\\\/www.subaru.es\\\/blog\\\/#organization\"},\"potentialAction\":[{\"@type\":\"SearchAction\",\"target\":{\"@type\":\"EntryPoint\",\"urlTemplate\":\"https:\\\/\\\/www.subaru.es\\\/blog\\\/?s={search_term_string}\"},\"query-input\":{\"@type\":\"PropertyValueSpecification\",\"valueRequired\":true,\"valueName\":\"search_term_string\"}}],\"inLanguage\":\"es\"},{\"@type\":\"Organization\",\"@id\":\"https:\\\/\\\/www.subaru.es\\\/blog\\\/#organization\",\"name\":\"Subaru Espa\u00f1a S.A.\",\"url\":\"https:\\\/\\\/www.subaru.es\\\/blog\\\/\",\"logo\":{\"@type\":\"ImageObject\",\"inLanguage\":\"es\",\"@id\":\"https:\\\/\\\/www.subaru.es\\\/blog\\\/#\\\/schema\\\/logo\\\/image\\\/\",\"url\":\"https:\\\/\\\/www.subaru.es\\\/blog\\\/wp-content\\\/uploads\\\/2016\\\/12\\\/Logo-Subaru-TypeV_C300-scaled.jpg\",\"contentUrl\":\"https:\\\/\\\/www.subaru.es\\\/blog\\\/wp-content\\\/uploads\\\/2016\\\/12\\\/Logo-Subaru-TypeV_C300-scaled.jpg\",\"width\":2560,\"height\":1864,\"caption\":\"Subaru Espa\u00f1a S.A.\"},\"image\":{\"@id\":\"https:\\\/\\\/www.subaru.es\\\/blog\\\/#\\\/schema\\\/logo\\\/image\\\/\"},\"sameAs\":[\"https:\\\/\\\/www.facebook.com\\\/subaruespana\",\"https:\\\/\\\/www.instagram.com\\\/subarues\\\/\",\"https:\\\/\\\/www.youtube.com\\\/user\\\/subaruespana\"]},{\"@type\":\"Person\",\"@id\":\"https:\\\/\\\/www.subaru.es\\\/blog\\\/#\\\/schema\\\/person\\\/19a90b892230b8e0ec752704ddf4aa10\",\"name\":\"Subaru\",\"url\":\"https:\\\/\\\/www.subaru.es\\\/blog\\\/author\\\/subaria\\\/\"}]}<\/script>\n<!-- \/ Yoast SEO plugin. -->","yoast_head_json":{"title":"Forester, uno de los SUV m\u00e1s accesibles - Universo Subaru","robots":{"index":"index","follow":"follow","max-snippet":"max-snippet:-1","max-image-preview":"max-image-preview:large","max-video-preview":"max-video-preview:-1"},"canonical":"https:\/\/www.subaru.es\/blog\/nuestra-marca\/forester-uno-de-los-suv-mas-accesibles\/","og_locale":"es_ES","og_type":"article","og_title":"Forester, uno de los SUV m\u00e1s accesibles - Universo Subaru","og_description":"El Subaru Forester forma parte de esa gama de veh\u00edculos vers\u00e1tiles, c\u00f3modos y familiares, que sin embargo est\u00e1n pensados para transitar por todo tipo de v\u00edas y terrenos. Es decir, la mezcla perfecta entre un utilitario de ciudad, un todoterreno y una furgoneta familiar. Es lo que, comosabemos, se conoce como SUV (Sport Utility Vehicle), [&hellip;]","og_url":"https:\/\/www.subaru.es\/blog\/nuestra-marca\/forester-uno-de-los-suv-mas-accesibles\/","og_site_name":"Universo Subaru","article_publisher":"https:\/\/www.facebook.com\/subaruespana","article_published_time":"2009-06-17T11:58:29+00:00","article_modified_time":"2020-08-06T09:41:23+00:00","og_image":[{"url":"https:\/\/www.subaru.es\/blog\/wp-content\/uploads\/2009\/03\/498a1805-001cd-02943-cdbc8767.jpg","type":"","width":"","height":""}],"author":"Subaru","twitter_card":"summary_large_image","twitter_misc":{"Escrito por":"Subaru","Tiempo de lectura":"1 minuto"},"schema":{"@context":"https:\/\/schema.org","@graph":[{"@type":"Article","@id":"https:\/\/www.subaru.es\/blog\/nuestra-marca\/forester-uno-de-los-suv-mas-accesibles\/#article","isPartOf":{"@id":"https:\/\/www.subaru.es\/blog\/nuestra-marca\/forester-uno-de-los-suv-mas-accesibles\/"},"author":{"name":"Subaru","@id":"https:\/\/www.subaru.es\/blog\/#\/schema\/person\/19a90b892230b8e0ec752704ddf4aa10"},"headline":"Forester, uno de los SUV m\u00e1s accesibles","datePublished":"2009-06-17T11:58:29+00:00","dateModified":"2020-08-06T09:41:23+00:00","mainEntityOfPage":{"@id":"https:\/\/www.subaru.es\/blog\/nuestra-marca\/forester-uno-de-los-suv-mas-accesibles\/"},"wordCount":182,"commentCount":1,"publisher":{"@id":"https:\/\/www.subaru.es\/blog\/#organization"},"image":{"@id":"https:\/\/www.subaru.es\/blog\/nuestra-marca\/forester-uno-de-los-suv-mas-accesibles\/#primaryimage"},"thumbnailUrl":"https:\/\/www.subaru.es\/blog\/wp-content\/uploads\/2009\/03\/498a1805-001cd-02943-cdbc8767.jpg","keywords":["accesible","forester","suv"],"articleSection":["Nuestra marca"],"inLanguage":"es","potentialAction":[{"@type":"CommentAction","name":"Comment","target":["https:\/\/www.subaru.es\/blog\/nuestra-marca\/forester-uno-de-los-suv-mas-accesibles\/#respond"]}]},{"@type":"WebPage","@id":"https:\/\/www.subaru.es\/blog\/nuestra-marca\/forester-uno-de-los-suv-mas-accesibles\/","url":"https:\/\/www.subaru.es\/blog\/nuestra-marca\/forester-uno-de-los-suv-mas-accesibles\/","name":"Forester, uno de los SUV m\u00e1s accesibles - Universo Subaru","isPartOf":{"@id":"https:\/\/www.subaru.es\/blog\/#website"},"primaryImageOfPage":{"@id":"https:\/\/www.subaru.es\/blog\/nuestra-marca\/forester-uno-de-los-suv-mas-accesibles\/#primaryimage"},"image":{"@id":"https:\/\/www.subaru.es\/blog\/nuestra-marca\/forester-uno-de-los-suv-mas-accesibles\/#primaryimage"},"thumbnailUrl":"https:\/\/www.subaru.es\/blog\/wp-content\/uploads\/2009\/03\/498a1805-001cd-02943-cdbc8767.jpg","datePublished":"2009-06-17T11:58:29+00:00","dateModified":"2020-08-06T09:41:23+00:00","breadcrumb":{"@id":"https:\/\/www.subaru.es\/blog\/nuestra-marca\/forester-uno-de-los-suv-mas-accesibles\/#breadcrumb"},"inLanguage":"es","potentialAction":[{"@type":"ReadAction","target":["https:\/\/www.subaru.es\/blog\/nuestra-marca\/forester-uno-de-los-suv-mas-accesibles\/"]}]},{"@type":"ImageObject","inLanguage":"es","@id":"https:\/\/www.subaru.es\/blog\/nuestra-marca\/forester-uno-de-los-suv-mas-accesibles\/#primaryimage","url":"https:\/\/www.subaru.es\/blog\/wp-content\/uploads\/2009\/03\/498a1805-001cd-02943-cdbc8767.jpg","contentUrl":"https:\/\/www.subaru.es\/blog\/wp-content\/uploads\/2009\/03\/498a1805-001cd-02943-cdbc8767.jpg","width":320,"height":240},{"@type":"BreadcrumbList","@id":"https:\/\/www.subaru.es\/blog\/nuestra-marca\/forester-uno-de-los-suv-mas-accesibles\/#breadcrumb","itemListElement":[{"@type":"ListItem","position":1,"name":"Portada","item":"https:\/\/www.subaru.es\/blog\/"},{"@type":"ListItem","position":2,"name":"Forester, uno de los SUV m\u00e1s accesibles"}]},{"@type":"WebSite","@id":"https:\/\/www.subaru.es\/blog\/#website","url":"https:\/\/www.subaru.es\/blog\/","name":"Universo Subaru","description":"Descubre este apasionante espacio de Subaru donde vas a conocer todo sobre nuestros coches y las experiencias que vivimos con ellos. Si est\u00e1s preparado para dejarte seducir por la filosof\u00eda Subaru, qu\u00e9date con nosotros.","publisher":{"@id":"https:\/\/www.subaru.es\/blog\/#organization"},"potentialAction":[{"@type":"SearchAction","target":{"@type":"EntryPoint","urlTemplate":"https:\/\/www.subaru.es\/blog\/?s={search_term_string}"},"query-input":{"@type":"PropertyValueSpecification","valueRequired":true,"valueName":"search_term_string"}}],"inLanguage":"es"},{"@type":"Organization","@id":"https:\/\/www.subaru.es\/blog\/#organization","name":"Subaru Espa\u00f1a S.A.","url":"https:\/\/www.subaru.es\/blog\/","logo":{"@type":"ImageObject","inLanguage":"es","@id":"https:\/\/www.subaru.es\/blog\/#\/schema\/logo\/image\/","url":"https:\/\/www.subaru.es\/blog\/wp-content\/uploads\/2016\/12\/Logo-Subaru-TypeV_C300-scaled.jpg","contentUrl":"https:\/\/www.subaru.es\/blog\/wp-content\/uploads\/2016\/12\/Logo-Subaru-TypeV_C300-scaled.jpg","width":2560,"height":1864,"caption":"Subaru Espa\u00f1a S.A."},"image":{"@id":"https:\/\/www.subaru.es\/blog\/#\/schema\/logo\/image\/"},"sameAs":["https:\/\/www.facebook.com\/subaruespana","https:\/\/www.instagram.com\/subarues\/","https:\/\/www.youtube.com\/user\/subaruespana"]},{"@type":"Person","@id":"https:\/\/www.subaru.es\/blog\/#\/schema\/person\/19a90b892230b8e0ec752704ddf4aa10","name":"Subaru","url":"https:\/\/www.subaru.es\/blog\/author\/subaria\/"}]}},"_links":{"self":[{"href":"https:\/\/www.subaru.es\/blog\/wp-json\/wp\/v2\/posts\/2031","targetHints":{"allow":["GET"]}}],"collection":[{"href":"https:\/\/www.subaru.es\/blog\/wp-json\/wp\/v2\/posts"}],"about":[{"href":"https:\/\/www.subaru.es\/blog\/wp-json\/wp\/v2\/types\/post"}],"author":[{"embeddable":true,"href":"https:\/\/www.subaru.es\/blog\/wp-json\/wp\/v2\/users\/21"}],"replies":[{"embeddable":true,"href":"https:\/\/www.subaru.es\/blog\/wp-json\/wp\/v2\/comments?post=2031"}],"version-history":[{"count":1,"href":"https:\/\/www.subaru.es\/blog\/wp-json\/wp\/v2\/posts\/2031\/revisions"}],"predecessor-version":[{"id":15206,"href":"https:\/\/www.subaru.es\/blog\/wp-json\/wp\/v2\/posts\/2031\/revisions\/15206"}],"wp:attachment":[{"href":"https:\/\/www.subaru.es\/blog\/wp-json\/wp\/v2\/media?parent=2031"}],"wp:term":[{"taxonomy":"category","embeddable":true,"href":"https:\/\/www.subaru.es\/blog\/wp-json\/wp\/v2\/categories?post=2031"},{"taxonomy":"post_tag","embeddable":true,"href":"https:\/\/www.subaru.es\/blog\/wp-json\/wp\/v2\/tags?post=2031"}],"curies":[{"name":"wp","href":"https:\/\/api.w.org\/{rel}","templated":true}]}}