{"id":203,"date":"2007-10-01T13:31:57","date_gmt":"2007-10-01T11:31:57","guid":{"rendered":"http:\/\/subaru.preproduccion.com\/blog\/wp-content\/2007\/10\/01\/tres-subarus-consiguen-estar-en-el-podium-de-palma-del-rio\/"},"modified":"2016-10-17T15:11:39","modified_gmt":"2016-10-17T13:11:39","slug":"tres-subarus-consiguen-estar-en-el-podium-de-palma-del-rio","status":"publish","type":"post","link":"https:\/\/www.subaru.es\/blog\/nuestra-marca\/tres-subarus-consiguen-estar-en-el-podium-de-palma-del-rio\/","title":{"rendered":"Tres Subarus consiguen estar en el p\u00f3dium de Palma del R\u00edo"},"content":{"rendered":"<p><strong>Joan Vinyes gan\u00f3, Eduard Pons qued\u00f3 tercero de la clasificaci\u00f3n general, mientras que Joan Riberas consegu\u00eda esa misma posici\u00f3n en el Gr N. <\/strong><\/p>\n<p><center><img data-src='https:\/\/www.subaru.es\/blog\/wp-content\/uploads\/2007\/10\/vinyespalma.jpg' alt='podiumsubaru1' src='data:image\/svg+xml;base64,PHN2ZyB3aWR0aD0iMSIgaGVpZ2h0PSIxIiB4bWxucz0iaHR0cDovL3d3dy53My5vcmcvMjAwMC9zdmciPjwvc3ZnPg==' class='lazyload' style='--smush-placeholder-width: 499px; --smush-placeholder-aspect-ratio: 499\/338;' \/><\/center><\/p>\n<p>Este s\u00e1bado se ha disputado la quinta prueba del <strong>Campeonato de Espa\u00f1a de Rallyes de Tierra en Palma del R\u00edo <\/strong>(C\u00f3rdoba) donde <a href=\"http:\/\/www.rallyes.net\/noticias\/nacional\/joan_vinyes_gana_el_rallye_de_tierra_de_palma_del_rio.html\">Joan Vinyes<\/a> ha resultado vencedor y se posiciona primero en la clasificaci\u00f3n general provisional <strong>a falta de tres pruebas <\/strong>para terminar el campeonato. <\/p>\n<p><strong>Eduard Pons<\/strong> logr\u00f3 la tercera posici\u00f3n de la clasificaci\u00f3n absoluta y <strong>Joan Riberas <\/strong>consegu\u00eda tambi\u00e9n la tercera posici\u00f3n en el Gr N. El resto de pilotos, <strong>Juan Pablo Castro, Jos\u00e9 Lu\u00eds Casillas y Rafael Villanueva <\/strong>lograron terminar en distintas posiciones. <\/p>\n<p>Con las puntuaciones conseguidas en esta carrera, Joan Riberas se coloca<strong> l\u00edder del Gr N<\/strong> y Eduar Pons en tercera posici\u00f3n de la clasificaci\u00f3n general provisional. <\/p>\n<p>Ha sido un <strong>rallye duro <\/strong>para los Subaru y muy disputado por los pilotos. Vinyes  consegu\u00eda hacerse con el podium a pesar de que <strong>Nani Roma <\/strong>fue por delante en buena parte del rally, finalmente <strong>tuvo que abandonar por rotura de motor.<\/strong> Durante la jornada se han corrido 8 tramos, 6 de ellos muy r\u00e1pidos donde se llegaron a alcanzar <strong>medias de m\u00e1s de 100 km\/hora <\/strong>y que pusieron a prueba la pericia de pilotos y las mec\u00e1nicas de los equipos, ya que bien por aver\u00eda o salidas de pista muchos tuvieron que abandonar. <\/p>\n<p>La <strong>pr\u00f3xima cita <\/strong>del Campeonato de Tierra tendr\u00e1 lugar el <strong>28 y 29 de octubre<\/strong>, en una prueba doble cuya sede est\u00e1 a\u00fan por determinar.  <\/p>\n<p><center><img data-src='https:\/\/www.subaru.es\/blog\/wp-content\/uploads\/2007\/10\/ponspalma-del-rio.jpg' alt='pons' src='data:image\/svg+xml;base64,PHN2ZyB3aWR0aD0iMSIgaGVpZ2h0PSIxIiB4bWxucz0iaHR0cDovL3d3dy53My5vcmcvMjAwMC9zdmciPjwvc3ZnPg==' class='lazyload' style='--smush-placeholder-width: 499px; --smush-placeholder-aspect-ratio: 499\/338;' \/><\/center><\/p>\n<p><strong>Clasificaci\u00f3n final Rallye de Palma del R\u00edo <\/strong><\/p>\n<p>1\u00ba J.Vinyes\/J.Mercader (<strong>Subaru Impreza <\/strong>Spec C) 52 m 13 seg.6<br \/>\n2\u00ba. J.Garc\u00eda\/E.Velasco (Mitsubishi Lancer Evo IX) a 1 m 20 seg.4<br \/>\n3\u00ba E.Pons\/G.Pujol <strong>(Subaru Impreza <\/strong>WRX) a 1 m 29 seg.1<br \/>\n4\u00ba M.Garc\u00eda\/R.Ranero (Mitsubishi Lancer Evo IX) a 2 m 12 seg.1<br \/>\n5\u00ba F.Pardo\/P.Maguregui (Mitsubishi Lancer Evo IX) a 3 m 45 seg.8 <\/p>\n<p><strong>Clasificaciones provisionales (tras la 5\u00aa prueba)<\/strong> <\/p>\n<p><strong>Cto. Espa\u00f1a pilotos \t\t\t<\/strong><br \/>\n1\u00ba Joan Vinyes 116 p. (<strong>Subaru<\/strong>)<br \/>\n2\u00ba Dani Sol\u00e1 107 p<br \/>\n3\u00ba Eduard Pons 70 p.(<strong>Subaru<\/strong>)<br \/>\n4\u00ba Samuel Lemes 57 p.<br \/>\n5\u00ba Climent Domingo 46 p. \t\t            <\/p>\n<p><strong>Copa Espa\u00f1a Grupo N <\/strong><br \/>\n1\u00ba Joan Riberas 102 p. (<strong>Subaru<\/strong>)<br \/>\n2\u00ba Jos\u00e9 Villanueva 80 p.<br \/>\n3\u00ba Jorge Garc\u00eda 64 p.<br \/>\n4\u00ba Josep Segura 46 p.<br \/>\n5\u00ba Jos\u00e9 Casillas 36 p. (<strong>Subaru<\/strong>)<\/p>\n","protected":false},"excerpt":{"rendered":"<p>Joan Vinyes gan\u00f3, Eduard Pons qued\u00f3 tercero de la clasificaci\u00f3n general, mientras que Joan Riberas consegu\u00eda esa misma posici\u00f3n en el Gr N. Este s\u00e1bado se ha disputado la quinta prueba del Campeonato de Espa\u00f1a de Rallyes de Tierra en Palma del R\u00edo (C\u00f3rdoba) donde Joan Vinyes ha resultado vencedor y se posiciona primero en [&hellip;]<\/p>\n","protected":false},"author":21,"featured_media":204,"comment_status":"open","ping_status":"open","sticky":false,"template":"","format":"standard","meta":{"_acf_changed":false,"_eb_attr":"","inline_featured_image":false,"footnotes":""},"categories":[4401],"tags":[],"class_list":["post-203","post","type-post","status-publish","format-standard","has-post-thumbnail","hentry","category-nuestra-marca"],"acf":[],"yoast_head":"<!-- This site is optimized with the Yoast SEO plugin v27.3 - https:\/\/yoast.com\/product\/yoast-seo-wordpress\/ -->\n<title>Tres Subarus consiguen estar en el p\u00f3dium de Palma del R\u00edo - Universo Subaru<\/title>\n<meta name=\"robots\" content=\"index, follow, max-snippet:-1, max-image-preview:large, max-video-preview:-1\" \/>\n<link rel=\"canonical\" href=\"https:\/\/www.subaru.es\/blog\/nuestra-marca\/tres-subarus-consiguen-estar-en-el-podium-de-palma-del-rio\/\" \/>\n<meta property=\"og:locale\" content=\"es_ES\" \/>\n<meta property=\"og:type\" content=\"article\" \/>\n<meta property=\"og:title\" content=\"Tres Subarus consiguen estar en el p\u00f3dium de Palma del R\u00edo - Universo Subaru\" \/>\n<meta property=\"og:description\" content=\"Joan Vinyes gan\u00f3, Eduard Pons qued\u00f3 tercero de la clasificaci\u00f3n general, mientras que Joan Riberas consegu\u00eda esa misma posici\u00f3n en el Gr N. Este s\u00e1bado se ha disputado la quinta prueba del Campeonato de Espa\u00f1a de Rallyes de Tierra en Palma del R\u00edo (C\u00f3rdoba) donde Joan Vinyes ha resultado vencedor y se posiciona primero en [&hellip;]\" \/>\n<meta property=\"og:url\" content=\"https:\/\/www.subaru.es\/blog\/nuestra-marca\/tres-subarus-consiguen-estar-en-el-podium-de-palma-del-rio\/\" \/>\n<meta property=\"og:site_name\" content=\"Universo Subaru\" \/>\n<meta property=\"article:publisher\" content=\"https:\/\/www.facebook.com\/subaruespana\" \/>\n<meta property=\"article:published_time\" content=\"2007-10-01T11:31:57+00:00\" \/>\n<meta property=\"article:modified_time\" content=\"2016-10-17T13:11:39+00:00\" \/>\n<meta property=\"og:image\" content=\"https:\/\/www.subaru.es\/blog\/wp-content\/uploads\/2007\/10\/vinyespalma.jpg\" \/>\n\t<meta property=\"og:image:width\" content=\"499\" \/>\n\t<meta property=\"og:image:height\" content=\"338\" \/>\n\t<meta property=\"og:image:type\" content=\"image\/jpeg\" \/>\n<meta name=\"author\" content=\"Subaru\" \/>\n<meta name=\"twitter:card\" content=\"summary_large_image\" \/>\n<meta name=\"twitter:label1\" content=\"Escrito por\" \/>\n\t<meta name=\"twitter:data1\" content=\"Subaru\" \/>\n\t<meta name=\"twitter:label2\" content=\"Tiempo de lectura\" \/>\n\t<meta name=\"twitter:data2\" content=\"2 minutos\" \/>\n<script type=\"application\/ld+json\" class=\"yoast-schema-graph\">{\"@context\":\"https:\\\/\\\/schema.org\",\"@graph\":[{\"@type\":\"Article\",\"@id\":\"https:\\\/\\\/www.subaru.es\\\/blog\\\/nuestra-marca\\\/tres-subarus-consiguen-estar-en-el-podium-de-palma-del-rio\\\/#article\",\"isPartOf\":{\"@id\":\"https:\\\/\\\/www.subaru.es\\\/blog\\\/nuestra-marca\\\/tres-subarus-consiguen-estar-en-el-podium-de-palma-del-rio\\\/\"},\"author\":{\"name\":\"Subaru\",\"@id\":\"https:\\\/\\\/www.subaru.es\\\/blog\\\/#\\\/schema\\\/person\\\/19a90b892230b8e0ec752704ddf4aa10\"},\"headline\":\"Tres Subarus consiguen estar en el p\u00f3dium de Palma del R\u00edo\",\"datePublished\":\"2007-10-01T11:31:57+00:00\",\"dateModified\":\"2016-10-17T13:11:39+00:00\",\"mainEntityOfPage\":{\"@id\":\"https:\\\/\\\/www.subaru.es\\\/blog\\\/nuestra-marca\\\/tres-subarus-consiguen-estar-en-el-podium-de-palma-del-rio\\\/\"},\"wordCount\":399,\"commentCount\":0,\"publisher\":{\"@id\":\"https:\\\/\\\/www.subaru.es\\\/blog\\\/#organization\"},\"image\":{\"@id\":\"https:\\\/\\\/www.subaru.es\\\/blog\\\/nuestra-marca\\\/tres-subarus-consiguen-estar-en-el-podium-de-palma-del-rio\\\/#primaryimage\"},\"thumbnailUrl\":\"https:\\\/\\\/www.subaru.es\\\/blog\\\/wp-content\\\/uploads\\\/2007\\\/10\\\/vinyespalma.jpg\",\"articleSection\":[\"Nuestra marca\"],\"inLanguage\":\"es\",\"potentialAction\":[{\"@type\":\"CommentAction\",\"name\":\"Comment\",\"target\":[\"https:\\\/\\\/www.subaru.es\\\/blog\\\/nuestra-marca\\\/tres-subarus-consiguen-estar-en-el-podium-de-palma-del-rio\\\/#respond\"]}]},{\"@type\":\"WebPage\",\"@id\":\"https:\\\/\\\/www.subaru.es\\\/blog\\\/nuestra-marca\\\/tres-subarus-consiguen-estar-en-el-podium-de-palma-del-rio\\\/\",\"url\":\"https:\\\/\\\/www.subaru.es\\\/blog\\\/nuestra-marca\\\/tres-subarus-consiguen-estar-en-el-podium-de-palma-del-rio\\\/\",\"name\":\"Tres Subarus consiguen estar en el p\u00f3dium de Palma del R\u00edo - Universo Subaru\",\"isPartOf\":{\"@id\":\"https:\\\/\\\/www.subaru.es\\\/blog\\\/#website\"},\"primaryImageOfPage\":{\"@id\":\"https:\\\/\\\/www.subaru.es\\\/blog\\\/nuestra-marca\\\/tres-subarus-consiguen-estar-en-el-podium-de-palma-del-rio\\\/#primaryimage\"},\"image\":{\"@id\":\"https:\\\/\\\/www.subaru.es\\\/blog\\\/nuestra-marca\\\/tres-subarus-consiguen-estar-en-el-podium-de-palma-del-rio\\\/#primaryimage\"},\"thumbnailUrl\":\"https:\\\/\\\/www.subaru.es\\\/blog\\\/wp-content\\\/uploads\\\/2007\\\/10\\\/vinyespalma.jpg\",\"datePublished\":\"2007-10-01T11:31:57+00:00\",\"dateModified\":\"2016-10-17T13:11:39+00:00\",\"breadcrumb\":{\"@id\":\"https:\\\/\\\/www.subaru.es\\\/blog\\\/nuestra-marca\\\/tres-subarus-consiguen-estar-en-el-podium-de-palma-del-rio\\\/#breadcrumb\"},\"inLanguage\":\"es\",\"potentialAction\":[{\"@type\":\"ReadAction\",\"target\":[\"https:\\\/\\\/www.subaru.es\\\/blog\\\/nuestra-marca\\\/tres-subarus-consiguen-estar-en-el-podium-de-palma-del-rio\\\/\"]}]},{\"@type\":\"ImageObject\",\"inLanguage\":\"es\",\"@id\":\"https:\\\/\\\/www.subaru.es\\\/blog\\\/nuestra-marca\\\/tres-subarus-consiguen-estar-en-el-podium-de-palma-del-rio\\\/#primaryimage\",\"url\":\"https:\\\/\\\/www.subaru.es\\\/blog\\\/wp-content\\\/uploads\\\/2007\\\/10\\\/vinyespalma.jpg\",\"contentUrl\":\"https:\\\/\\\/www.subaru.es\\\/blog\\\/wp-content\\\/uploads\\\/2007\\\/10\\\/vinyespalma.jpg\",\"width\":499,\"height\":338},{\"@type\":\"BreadcrumbList\",\"@id\":\"https:\\\/\\\/www.subaru.es\\\/blog\\\/nuestra-marca\\\/tres-subarus-consiguen-estar-en-el-podium-de-palma-del-rio\\\/#breadcrumb\",\"itemListElement\":[{\"@type\":\"ListItem\",\"position\":1,\"name\":\"Portada\",\"item\":\"https:\\\/\\\/www.subaru.es\\\/blog\\\/\"},{\"@type\":\"ListItem\",\"position\":2,\"name\":\"Tres Subarus consiguen estar en el p\u00f3dium de Palma del R\u00edo\"}]},{\"@type\":\"WebSite\",\"@id\":\"https:\\\/\\\/www.subaru.es\\\/blog\\\/#website\",\"url\":\"https:\\\/\\\/www.subaru.es\\\/blog\\\/\",\"name\":\"Universo Subaru\",\"description\":\"Descubre este apasionante espacio de Subaru donde vas a conocer todo sobre nuestros coches y las experiencias que vivimos con ellos. Si est\u00e1s preparado para dejarte seducir por la filosof\u00eda Subaru, qu\u00e9date con nosotros.\",\"publisher\":{\"@id\":\"https:\\\/\\\/www.subaru.es\\\/blog\\\/#organization\"},\"potentialAction\":[{\"@type\":\"SearchAction\",\"target\":{\"@type\":\"EntryPoint\",\"urlTemplate\":\"https:\\\/\\\/www.subaru.es\\\/blog\\\/?s={search_term_string}\"},\"query-input\":{\"@type\":\"PropertyValueSpecification\",\"valueRequired\":true,\"valueName\":\"search_term_string\"}}],\"inLanguage\":\"es\"},{\"@type\":\"Organization\",\"@id\":\"https:\\\/\\\/www.subaru.es\\\/blog\\\/#organization\",\"name\":\"Subaru Espa\u00f1a S.A.\",\"url\":\"https:\\\/\\\/www.subaru.es\\\/blog\\\/\",\"logo\":{\"@type\":\"ImageObject\",\"inLanguage\":\"es\",\"@id\":\"https:\\\/\\\/www.subaru.es\\\/blog\\\/#\\\/schema\\\/logo\\\/image\\\/\",\"url\":\"https:\\\/\\\/www.subaru.es\\\/blog\\\/wp-content\\\/uploads\\\/2016\\\/12\\\/Logo-Subaru-TypeV_C300-scaled.jpg\",\"contentUrl\":\"https:\\\/\\\/www.subaru.es\\\/blog\\\/wp-content\\\/uploads\\\/2016\\\/12\\\/Logo-Subaru-TypeV_C300-scaled.jpg\",\"width\":2560,\"height\":1864,\"caption\":\"Subaru Espa\u00f1a S.A.\"},\"image\":{\"@id\":\"https:\\\/\\\/www.subaru.es\\\/blog\\\/#\\\/schema\\\/logo\\\/image\\\/\"},\"sameAs\":[\"https:\\\/\\\/www.facebook.com\\\/subaruespana\",\"https:\\\/\\\/www.instagram.com\\\/subarues\\\/\",\"https:\\\/\\\/www.youtube.com\\\/user\\\/subaruespana\"]},{\"@type\":\"Person\",\"@id\":\"https:\\\/\\\/www.subaru.es\\\/blog\\\/#\\\/schema\\\/person\\\/19a90b892230b8e0ec752704ddf4aa10\",\"name\":\"Subaru\",\"url\":\"https:\\\/\\\/www.subaru.es\\\/blog\\\/author\\\/subaria\\\/\"}]}<\/script>\n<!-- \/ Yoast SEO plugin. -->","yoast_head_json":{"title":"Tres Subarus consiguen estar en el p\u00f3dium de Palma del R\u00edo - Universo Subaru","robots":{"index":"index","follow":"follow","max-snippet":"max-snippet:-1","max-image-preview":"max-image-preview:large","max-video-preview":"max-video-preview:-1"},"canonical":"https:\/\/www.subaru.es\/blog\/nuestra-marca\/tres-subarus-consiguen-estar-en-el-podium-de-palma-del-rio\/","og_locale":"es_ES","og_type":"article","og_title":"Tres Subarus consiguen estar en el p\u00f3dium de Palma del R\u00edo - Universo Subaru","og_description":"Joan Vinyes gan\u00f3, Eduard Pons qued\u00f3 tercero de la clasificaci\u00f3n general, mientras que Joan Riberas consegu\u00eda esa misma posici\u00f3n en el Gr N. Este s\u00e1bado se ha disputado la quinta prueba del Campeonato de Espa\u00f1a de Rallyes de Tierra en Palma del R\u00edo (C\u00f3rdoba) donde Joan Vinyes ha resultado vencedor y se posiciona primero en [&hellip;]","og_url":"https:\/\/www.subaru.es\/blog\/nuestra-marca\/tres-subarus-consiguen-estar-en-el-podium-de-palma-del-rio\/","og_site_name":"Universo Subaru","article_publisher":"https:\/\/www.facebook.com\/subaruespana","article_published_time":"2007-10-01T11:31:57+00:00","article_modified_time":"2016-10-17T13:11:39+00:00","og_image":[{"width":499,"height":338,"url":"https:\/\/www.subaru.es\/blog\/wp-content\/uploads\/2007\/10\/vinyespalma.jpg","type":"image\/jpeg"}],"author":"Subaru","twitter_card":"summary_large_image","twitter_misc":{"Escrito por":"Subaru","Tiempo de lectura":"2 minutos"},"schema":{"@context":"https:\/\/schema.org","@graph":[{"@type":"Article","@id":"https:\/\/www.subaru.es\/blog\/nuestra-marca\/tres-subarus-consiguen-estar-en-el-podium-de-palma-del-rio\/#article","isPartOf":{"@id":"https:\/\/www.subaru.es\/blog\/nuestra-marca\/tres-subarus-consiguen-estar-en-el-podium-de-palma-del-rio\/"},"author":{"name":"Subaru","@id":"https:\/\/www.subaru.es\/blog\/#\/schema\/person\/19a90b892230b8e0ec752704ddf4aa10"},"headline":"Tres Subarus consiguen estar en el p\u00f3dium de Palma del R\u00edo","datePublished":"2007-10-01T11:31:57+00:00","dateModified":"2016-10-17T13:11:39+00:00","mainEntityOfPage":{"@id":"https:\/\/www.subaru.es\/blog\/nuestra-marca\/tres-subarus-consiguen-estar-en-el-podium-de-palma-del-rio\/"},"wordCount":399,"commentCount":0,"publisher":{"@id":"https:\/\/www.subaru.es\/blog\/#organization"},"image":{"@id":"https:\/\/www.subaru.es\/blog\/nuestra-marca\/tres-subarus-consiguen-estar-en-el-podium-de-palma-del-rio\/#primaryimage"},"thumbnailUrl":"https:\/\/www.subaru.es\/blog\/wp-content\/uploads\/2007\/10\/vinyespalma.jpg","articleSection":["Nuestra marca"],"inLanguage":"es","potentialAction":[{"@type":"CommentAction","name":"Comment","target":["https:\/\/www.subaru.es\/blog\/nuestra-marca\/tres-subarus-consiguen-estar-en-el-podium-de-palma-del-rio\/#respond"]}]},{"@type":"WebPage","@id":"https:\/\/www.subaru.es\/blog\/nuestra-marca\/tres-subarus-consiguen-estar-en-el-podium-de-palma-del-rio\/","url":"https:\/\/www.subaru.es\/blog\/nuestra-marca\/tres-subarus-consiguen-estar-en-el-podium-de-palma-del-rio\/","name":"Tres Subarus consiguen estar en el p\u00f3dium de Palma del R\u00edo - Universo Subaru","isPartOf":{"@id":"https:\/\/www.subaru.es\/blog\/#website"},"primaryImageOfPage":{"@id":"https:\/\/www.subaru.es\/blog\/nuestra-marca\/tres-subarus-consiguen-estar-en-el-podium-de-palma-del-rio\/#primaryimage"},"image":{"@id":"https:\/\/www.subaru.es\/blog\/nuestra-marca\/tres-subarus-consiguen-estar-en-el-podium-de-palma-del-rio\/#primaryimage"},"thumbnailUrl":"https:\/\/www.subaru.es\/blog\/wp-content\/uploads\/2007\/10\/vinyespalma.jpg","datePublished":"2007-10-01T11:31:57+00:00","dateModified":"2016-10-17T13:11:39+00:00","breadcrumb":{"@id":"https:\/\/www.subaru.es\/blog\/nuestra-marca\/tres-subarus-consiguen-estar-en-el-podium-de-palma-del-rio\/#breadcrumb"},"inLanguage":"es","potentialAction":[{"@type":"ReadAction","target":["https:\/\/www.subaru.es\/blog\/nuestra-marca\/tres-subarus-consiguen-estar-en-el-podium-de-palma-del-rio\/"]}]},{"@type":"ImageObject","inLanguage":"es","@id":"https:\/\/www.subaru.es\/blog\/nuestra-marca\/tres-subarus-consiguen-estar-en-el-podium-de-palma-del-rio\/#primaryimage","url":"https:\/\/www.subaru.es\/blog\/wp-content\/uploads\/2007\/10\/vinyespalma.jpg","contentUrl":"https:\/\/www.subaru.es\/blog\/wp-content\/uploads\/2007\/10\/vinyespalma.jpg","width":499,"height":338},{"@type":"BreadcrumbList","@id":"https:\/\/www.subaru.es\/blog\/nuestra-marca\/tres-subarus-consiguen-estar-en-el-podium-de-palma-del-rio\/#breadcrumb","itemListElement":[{"@type":"ListItem","position":1,"name":"Portada","item":"https:\/\/www.subaru.es\/blog\/"},{"@type":"ListItem","position":2,"name":"Tres Subarus consiguen estar en el p\u00f3dium de Palma del R\u00edo"}]},{"@type":"WebSite","@id":"https:\/\/www.subaru.es\/blog\/#website","url":"https:\/\/www.subaru.es\/blog\/","name":"Universo Subaru","description":"Descubre este apasionante espacio de Subaru donde vas a conocer todo sobre nuestros coches y las experiencias que vivimos con ellos. Si est\u00e1s preparado para dejarte seducir por la filosof\u00eda Subaru, qu\u00e9date con nosotros.","publisher":{"@id":"https:\/\/www.subaru.es\/blog\/#organization"},"potentialAction":[{"@type":"SearchAction","target":{"@type":"EntryPoint","urlTemplate":"https:\/\/www.subaru.es\/blog\/?s={search_term_string}"},"query-input":{"@type":"PropertyValueSpecification","valueRequired":true,"valueName":"search_term_string"}}],"inLanguage":"es"},{"@type":"Organization","@id":"https:\/\/www.subaru.es\/blog\/#organization","name":"Subaru Espa\u00f1a S.A.","url":"https:\/\/www.subaru.es\/blog\/","logo":{"@type":"ImageObject","inLanguage":"es","@id":"https:\/\/www.subaru.es\/blog\/#\/schema\/logo\/image\/","url":"https:\/\/www.subaru.es\/blog\/wp-content\/uploads\/2016\/12\/Logo-Subaru-TypeV_C300-scaled.jpg","contentUrl":"https:\/\/www.subaru.es\/blog\/wp-content\/uploads\/2016\/12\/Logo-Subaru-TypeV_C300-scaled.jpg","width":2560,"height":1864,"caption":"Subaru Espa\u00f1a S.A."},"image":{"@id":"https:\/\/www.subaru.es\/blog\/#\/schema\/logo\/image\/"},"sameAs":["https:\/\/www.facebook.com\/subaruespana","https:\/\/www.instagram.com\/subarues\/","https:\/\/www.youtube.com\/user\/subaruespana"]},{"@type":"Person","@id":"https:\/\/www.subaru.es\/blog\/#\/schema\/person\/19a90b892230b8e0ec752704ddf4aa10","name":"Subaru","url":"https:\/\/www.subaru.es\/blog\/author\/subaria\/"}]}},"_links":{"self":[{"href":"https:\/\/www.subaru.es\/blog\/wp-json\/wp\/v2\/posts\/203","targetHints":{"allow":["GET"]}}],"collection":[{"href":"https:\/\/www.subaru.es\/blog\/wp-json\/wp\/v2\/posts"}],"about":[{"href":"https:\/\/www.subaru.es\/blog\/wp-json\/wp\/v2\/types\/post"}],"author":[{"embeddable":true,"href":"https:\/\/www.subaru.es\/blog\/wp-json\/wp\/v2\/users\/21"}],"replies":[{"embeddable":true,"href":"https:\/\/www.subaru.es\/blog\/wp-json\/wp\/v2\/comments?post=203"}],"version-history":[{"count":1,"href":"https:\/\/www.subaru.es\/blog\/wp-json\/wp\/v2\/posts\/203\/revisions"}],"predecessor-version":[{"id":15792,"href":"https:\/\/www.subaru.es\/blog\/wp-json\/wp\/v2\/posts\/203\/revisions\/15792"}],"wp:featuredmedia":[{"embeddable":true,"href":"https:\/\/www.subaru.es\/blog\/wp-json\/wp\/v2\/media\/204"}],"wp:attachment":[{"href":"https:\/\/www.subaru.es\/blog\/wp-json\/wp\/v2\/media?parent=203"}],"wp:term":[{"taxonomy":"category","embeddable":true,"href":"https:\/\/www.subaru.es\/blog\/wp-json\/wp\/v2\/categories?post=203"},{"taxonomy":"post_tag","embeddable":true,"href":"https:\/\/www.subaru.es\/blog\/wp-json\/wp\/v2\/tags?post=203"}],"curies":[{"name":"wp","href":"https:\/\/api.w.org\/{rel}","templated":true}]}}