{"id":2026,"date":"2009-03-31T12:35:53","date_gmt":"2009-03-31T10:35:53","guid":{"rendered":"http:\/\/subaru.preproduccion.com\/blog\/wp-content\/2009\/03\/31\/rallye-de-villajoyosa\/"},"modified":"2020-08-06T11:44:15","modified_gmt":"2020-08-06T09:44:15","slug":"rallye-de-villajoyosa","status":"publish","type":"post","link":"https:\/\/www.subaru.es\/blog\/nuestra-marca\/rallye-de-villajoyosa\/","title":{"rendered":"RALLYE DE VILLAJOYOSA"},"content":{"rendered":"<p><a href=\"http:\/\/www.gjd-solutions.co.uk\/press\/srts\/srts-ceballos-villajoyosa.jpg\"><img decoding=\"async\" width=\"475\" data-src=\"http:\/\/www.gjd-solutions.co.uk\/press\/srts\/srts-ceballos-villajoyosa.jpg\" alt=\"\" src=\"data:image\/svg+xml;base64,PHN2ZyB3aWR0aD0iMSIgaGVpZ2h0PSIxIiB4bWxucz0iaHR0cDovL3d3dy53My5vcmcvMjAwMC9zdmciPjwvc3ZnPg==\" class=\"lazyload\" \/><\/a><\/p>\n<p>Pese a la mala fortuna que les persigui\u00f3 en los tramos de la ma\u00f1ana, Enrique Garc\u00eda Ojeda y Jordi Barrab\u00e9s consiguieron una muy meritoria cuarta plaza para el Subaru Rally Team Spain en el rallye de Villajoyosa, primera prueba del Campeonato de Espa\u00f1a de Rallyes de Asfalto. Sus compa\u00f1eros de equipo, Mario Ceballos-Borja Rozada, completaban un positivo debut con el segundo Impreza Prodrive del equipo oficial de Subaru Espa\u00f1a, clasific\u00e1ndose en el puesto d\u00e9cimo de la general.<\/p>\n<p>El rallye empezaba con problemas para Ojeda, que notaba como antes de llegar al primer tramo no funcionaba correctamente la transmisi\u00f3n. El actual campe\u00f3n de Espa\u00f1a consegu\u00eda aun as\u00ed registrar el tercer mejor crono en el tramo inicial, el roto y complicado Finestrat, liderando adem\u00e1s a los grupo N. Pero los problemas persist\u00edan y en los m\u00e1s r\u00e1pidos Sella-Relleu y Relleu-Orxeta, Ojeda no pod\u00eda defender el liderato de su categor\u00eda, llegando a la primera asistencia como cuarto de la general y segundo de grupo.<\/p>\n<p>En los 20 minutos de parque de trabajo, se trataba de solucionar la aver\u00eda pero no era posible hacerlo por completo, sufriendo el Impreza n\u00famero 1 una penalizaci\u00f3n de 2.10, que unida a un desafortunado pinchazo en la segunda pasada por Finestrat, enviaba a Ojeda a la d\u00e9cima posici\u00f3n. Pese a estos contratiempos, el piloto c\u00e1ntabro no se desanimaba y cerraba la segunda secci\u00f3n con un tercer mejor tiempo en el quinto tramo y un scratch en la sexta especial, que le situaba sexto a la entrada al parque de asistencia de mediod\u00eda. Ah\u00ed el excelente trabajo del equipo t\u00e9cnico de KRS consegu\u00eda solventar el problema que hab\u00eda retrasado al Subaru, que a partir de ah\u00ed funcionaba a la perfecci\u00f3n, permitiendo a Ojeda-Barrab\u00e9s seguir remontando en los tramos de la tarde. En los dos primeros, Relleu-Penaguila y Gorga-Confrides, Quique volv\u00eda a estar entre los m\u00e1s r\u00e1pidos, registrando un tercer y un segundo mejor tiempo que ya le permit\u00edan escalar hasta la cuarta plaza a falta de la \u00faltima secci\u00f3n.<\/p>\n<p>Los dos tramos finales del rallye se ve\u00edan complicados por la lluvia, con humedades en la parte final del primero y ya con m\u00e1s agua en la totalidad del segundo. Ojeda los superaba sin problemas y completaba la prueba en la cuarta posici\u00f3n, a apenas 2.40 de la victoria tras haber penalizado 2.10 y perdido tiempo debido al pinchazo, con lo que la sensaci\u00f3n final para piloto y equipo es realmente buena, ya que se ha demostrado que pueden luchar por la victoria ya desde la primera participaci\u00f3n en asfalto de los Subaru Impreza Prodrive preparados por KRS. <\/p>\n<p>El rallye de Mario Ceballos result\u00f3 m\u00e1s tranquilo. El joven piloto c\u00e1ntabro part\u00eda con la intenci\u00f3n de rodar y acumular kil\u00f3metros con el nuevo Subaru Impreza Prodrive y cumpl\u00eda a la perfecci\u00f3n su objetivo. Realizando una prueba muy regular, Mario marcaba de forma habitual cronos cercanos a los diez primeros, para acabar alcanzando la d\u00e9cima plaza de la general scratch, mostrando una positiva progresi\u00f3n a lo largo del d\u00eda, sin cometer errores y llevando a la meta el otro coche del Subaru Rally Team Spain, con lo que el equipo oficial de Subaru Espa\u00f1a completaba un muy positivo debut en el Campeonato de Espa\u00f1a de Rallyes de Asfalto.<\/p>\n<p><a href=\"http:\/\/www.gjd-solutions.co.uk\/press\/srts\/srts-ojeda-villajoyosa.jpg\"><img decoding=\"async\" width=\"475\" data-src=\"http:\/\/www.gjd-solutions.co.uk\/press\/srts\/srts-ojeda-villajoyosa.jpg\" alt=\"\" src=\"data:image\/svg+xml;base64,PHN2ZyB3aWR0aD0iMSIgaGVpZ2h0PSIxIiB4bWxucz0iaHR0cDovL3d3dy53My5vcmcvMjAwMC9zdmciPjwvc3ZnPg==\" class=\"lazyload\" \/><\/a><\/p>\n<p><strong>Declaraciones de los pilotos:<\/strong><\/p>\n<blockquote><p><strong>Enrique Garc\u00eda Ojeda:<\/strong> \u00abHa sido un debut en el asfalto en un d\u00eda muy duro, con much\u00edsimo trabajo. Tuvimos problemas con una pieza defectuosa en el cambio, que perd\u00eda valvulina y patinaba el embrague, y hemos hecho pr\u00e1cticamente todo el rallye con problemas exceptuando alg\u00fan tramo por la tarde. As\u00ed que ha sido muy duro pero estamos muy contentos con el rendimiento de los mec\u00e1nicos y de todo el equipo y estamos aqu\u00ed cuartos, que son unos valiosos puntos que nos vendr\u00e1n bien de cara a final de a\u00f1o.\u00bb<\/p>\n<p><strong>Mario Ceballos:<\/strong> \u00abUn rallye muy complicado, hemos terminado que era el objetivo, hemos hecho kil\u00f3metros, hemos visto diferentes tipos gomas, probando de cara a Cantabria para hacer all\u00ed un mejor papel. Estoy muy contento con el trabajo del Subaru Rally Team Spain, de todo su personal y muy satisfecho por acabar este rallye, que para mi vale mucho.\u00bb<\/p><\/blockquote>\n","protected":false},"excerpt":{"rendered":"<p>Pese a la mala fortuna que les persigui\u00f3 en los tramos de la ma\u00f1ana, Enrique Garc\u00eda Ojeda y Jordi Barrab\u00e9s consiguieron una muy meritoria cuarta plaza para el Subaru Rally Team Spain en el rallye de Villajoyosa, primera prueba del Campeonato de Espa\u00f1a de Rallyes de Asfalto. Sus compa\u00f1eros de equipo, Mario Ceballos-Borja Rozada, completaban [&hellip;]<\/p>\n","protected":false},"author":21,"featured_media":0,"comment_status":"open","ping_status":"open","sticky":false,"template":"","format":"standard","meta":{"_acf_changed":false,"_eb_attr":"","inline_featured_image":false,"footnotes":""},"categories":[4401],"tags":[],"class_list":["post-2026","post","type-post","status-publish","format-standard","hentry","category-nuestra-marca"],"acf":[],"yoast_head":"<!-- This site is optimized with the Yoast SEO plugin v27.3 - https:\/\/yoast.com\/product\/yoast-seo-wordpress\/ -->\n<title>RALLYE DE VILLAJOYOSA - Universo Subaru<\/title>\n<meta name=\"robots\" content=\"index, follow, max-snippet:-1, max-image-preview:large, max-video-preview:-1\" \/>\n<link rel=\"canonical\" href=\"https:\/\/www.subaru.es\/blog\/nuestra-marca\/rallye-de-villajoyosa\/\" \/>\n<meta property=\"og:locale\" content=\"es_ES\" \/>\n<meta property=\"og:type\" content=\"article\" \/>\n<meta property=\"og:title\" content=\"RALLYE DE VILLAJOYOSA - Universo Subaru\" \/>\n<meta property=\"og:description\" content=\"Pese a la mala fortuna que les persigui\u00f3 en los tramos de la ma\u00f1ana, Enrique Garc\u00eda Ojeda y Jordi Barrab\u00e9s consiguieron una muy meritoria cuarta plaza para el Subaru Rally Team Spain en el rallye de Villajoyosa, primera prueba del Campeonato de Espa\u00f1a de Rallyes de Asfalto. Sus compa\u00f1eros de equipo, Mario Ceballos-Borja Rozada, completaban [&hellip;]\" \/>\n<meta property=\"og:url\" content=\"https:\/\/www.subaru.es\/blog\/nuestra-marca\/rallye-de-villajoyosa\/\" \/>\n<meta property=\"og:site_name\" content=\"Universo Subaru\" \/>\n<meta property=\"article:publisher\" content=\"https:\/\/www.facebook.com\/subaruespana\" \/>\n<meta property=\"article:published_time\" content=\"2009-03-31T10:35:53+00:00\" \/>\n<meta property=\"article:modified_time\" content=\"2020-08-06T09:44:15+00:00\" \/>\n<meta property=\"og:image\" content=\"http:\/\/www.gjd-solutions.co.uk\/press\/srts\/srts-ceballos-villajoyosa.jpg\" \/>\n<meta name=\"author\" content=\"Subaru\" \/>\n<meta name=\"twitter:card\" content=\"summary_large_image\" \/>\n<meta name=\"twitter:label1\" content=\"Escrito por\" \/>\n\t<meta name=\"twitter:data1\" content=\"Subaru\" \/>\n\t<meta name=\"twitter:label2\" content=\"Tiempo de lectura\" \/>\n\t<meta name=\"twitter:data2\" content=\"4 minutos\" \/>\n<script type=\"application\/ld+json\" class=\"yoast-schema-graph\">{\"@context\":\"https:\\\/\\\/schema.org\",\"@graph\":[{\"@type\":\"Article\",\"@id\":\"https:\\\/\\\/www.subaru.es\\\/blog\\\/nuestra-marca\\\/rallye-de-villajoyosa\\\/#article\",\"isPartOf\":{\"@id\":\"https:\\\/\\\/www.subaru.es\\\/blog\\\/nuestra-marca\\\/rallye-de-villajoyosa\\\/\"},\"author\":{\"name\":\"Subaru\",\"@id\":\"https:\\\/\\\/www.subaru.es\\\/blog\\\/#\\\/schema\\\/person\\\/19a90b892230b8e0ec752704ddf4aa10\"},\"headline\":\"RALLYE DE VILLAJOYOSA\",\"datePublished\":\"2009-03-31T10:35:53+00:00\",\"dateModified\":\"2020-08-06T09:44:15+00:00\",\"mainEntityOfPage\":{\"@id\":\"https:\\\/\\\/www.subaru.es\\\/blog\\\/nuestra-marca\\\/rallye-de-villajoyosa\\\/\"},\"wordCount\":748,\"commentCount\":1,\"publisher\":{\"@id\":\"https:\\\/\\\/www.subaru.es\\\/blog\\\/#organization\"},\"image\":{\"@id\":\"https:\\\/\\\/www.subaru.es\\\/blog\\\/nuestra-marca\\\/rallye-de-villajoyosa\\\/#primaryimage\"},\"thumbnailUrl\":\"http:\\\/\\\/www.gjd-solutions.co.uk\\\/press\\\/srts\\\/srts-ceballos-villajoyosa.jpg\",\"articleSection\":[\"Nuestra marca\"],\"inLanguage\":\"es\",\"potentialAction\":[{\"@type\":\"CommentAction\",\"name\":\"Comment\",\"target\":[\"https:\\\/\\\/www.subaru.es\\\/blog\\\/nuestra-marca\\\/rallye-de-villajoyosa\\\/#respond\"]}]},{\"@type\":\"WebPage\",\"@id\":\"https:\\\/\\\/www.subaru.es\\\/blog\\\/nuestra-marca\\\/rallye-de-villajoyosa\\\/\",\"url\":\"https:\\\/\\\/www.subaru.es\\\/blog\\\/nuestra-marca\\\/rallye-de-villajoyosa\\\/\",\"name\":\"RALLYE DE VILLAJOYOSA - Universo Subaru\",\"isPartOf\":{\"@id\":\"https:\\\/\\\/www.subaru.es\\\/blog\\\/#website\"},\"primaryImageOfPage\":{\"@id\":\"https:\\\/\\\/www.subaru.es\\\/blog\\\/nuestra-marca\\\/rallye-de-villajoyosa\\\/#primaryimage\"},\"image\":{\"@id\":\"https:\\\/\\\/www.subaru.es\\\/blog\\\/nuestra-marca\\\/rallye-de-villajoyosa\\\/#primaryimage\"},\"thumbnailUrl\":\"http:\\\/\\\/www.gjd-solutions.co.uk\\\/press\\\/srts\\\/srts-ceballos-villajoyosa.jpg\",\"datePublished\":\"2009-03-31T10:35:53+00:00\",\"dateModified\":\"2020-08-06T09:44:15+00:00\",\"breadcrumb\":{\"@id\":\"https:\\\/\\\/www.subaru.es\\\/blog\\\/nuestra-marca\\\/rallye-de-villajoyosa\\\/#breadcrumb\"},\"inLanguage\":\"es\",\"potentialAction\":[{\"@type\":\"ReadAction\",\"target\":[\"https:\\\/\\\/www.subaru.es\\\/blog\\\/nuestra-marca\\\/rallye-de-villajoyosa\\\/\"]}]},{\"@type\":\"ImageObject\",\"inLanguage\":\"es\",\"@id\":\"https:\\\/\\\/www.subaru.es\\\/blog\\\/nuestra-marca\\\/rallye-de-villajoyosa\\\/#primaryimage\",\"url\":\"http:\\\/\\\/www.gjd-solutions.co.uk\\\/press\\\/srts\\\/srts-ceballos-villajoyosa.jpg\",\"contentUrl\":\"http:\\\/\\\/www.gjd-solutions.co.uk\\\/press\\\/srts\\\/srts-ceballos-villajoyosa.jpg\"},{\"@type\":\"BreadcrumbList\",\"@id\":\"https:\\\/\\\/www.subaru.es\\\/blog\\\/nuestra-marca\\\/rallye-de-villajoyosa\\\/#breadcrumb\",\"itemListElement\":[{\"@type\":\"ListItem\",\"position\":1,\"name\":\"Portada\",\"item\":\"https:\\\/\\\/www.subaru.es\\\/blog\\\/\"},{\"@type\":\"ListItem\",\"position\":2,\"name\":\"RALLYE DE VILLAJOYOSA\"}]},{\"@type\":\"WebSite\",\"@id\":\"https:\\\/\\\/www.subaru.es\\\/blog\\\/#website\",\"url\":\"https:\\\/\\\/www.subaru.es\\\/blog\\\/\",\"name\":\"Universo Subaru\",\"description\":\"Descubre este apasionante espacio de Subaru donde vas a conocer todo sobre nuestros coches y las experiencias que vivimos con ellos. Si est\u00e1s preparado para dejarte seducir por la filosof\u00eda Subaru, qu\u00e9date con nosotros.\",\"publisher\":{\"@id\":\"https:\\\/\\\/www.subaru.es\\\/blog\\\/#organization\"},\"potentialAction\":[{\"@type\":\"SearchAction\",\"target\":{\"@type\":\"EntryPoint\",\"urlTemplate\":\"https:\\\/\\\/www.subaru.es\\\/blog\\\/?s={search_term_string}\"},\"query-input\":{\"@type\":\"PropertyValueSpecification\",\"valueRequired\":true,\"valueName\":\"search_term_string\"}}],\"inLanguage\":\"es\"},{\"@type\":\"Organization\",\"@id\":\"https:\\\/\\\/www.subaru.es\\\/blog\\\/#organization\",\"name\":\"Subaru Espa\u00f1a S.A.\",\"url\":\"https:\\\/\\\/www.subaru.es\\\/blog\\\/\",\"logo\":{\"@type\":\"ImageObject\",\"inLanguage\":\"es\",\"@id\":\"https:\\\/\\\/www.subaru.es\\\/blog\\\/#\\\/schema\\\/logo\\\/image\\\/\",\"url\":\"https:\\\/\\\/www.subaru.es\\\/blog\\\/wp-content\\\/uploads\\\/2016\\\/12\\\/Logo-Subaru-TypeV_C300-scaled.jpg\",\"contentUrl\":\"https:\\\/\\\/www.subaru.es\\\/blog\\\/wp-content\\\/uploads\\\/2016\\\/12\\\/Logo-Subaru-TypeV_C300-scaled.jpg\",\"width\":2560,\"height\":1864,\"caption\":\"Subaru Espa\u00f1a S.A.\"},\"image\":{\"@id\":\"https:\\\/\\\/www.subaru.es\\\/blog\\\/#\\\/schema\\\/logo\\\/image\\\/\"},\"sameAs\":[\"https:\\\/\\\/www.facebook.com\\\/subaruespana\",\"https:\\\/\\\/www.instagram.com\\\/subarues\\\/\",\"https:\\\/\\\/www.youtube.com\\\/user\\\/subaruespana\"]},{\"@type\":\"Person\",\"@id\":\"https:\\\/\\\/www.subaru.es\\\/blog\\\/#\\\/schema\\\/person\\\/19a90b892230b8e0ec752704ddf4aa10\",\"name\":\"Subaru\",\"url\":\"https:\\\/\\\/www.subaru.es\\\/blog\\\/author\\\/subaria\\\/\"}]}<\/script>\n<!-- \/ Yoast SEO plugin. -->","yoast_head_json":{"title":"RALLYE DE VILLAJOYOSA - Universo Subaru","robots":{"index":"index","follow":"follow","max-snippet":"max-snippet:-1","max-image-preview":"max-image-preview:large","max-video-preview":"max-video-preview:-1"},"canonical":"https:\/\/www.subaru.es\/blog\/nuestra-marca\/rallye-de-villajoyosa\/","og_locale":"es_ES","og_type":"article","og_title":"RALLYE DE VILLAJOYOSA - Universo Subaru","og_description":"Pese a la mala fortuna que les persigui\u00f3 en los tramos de la ma\u00f1ana, Enrique Garc\u00eda Ojeda y Jordi Barrab\u00e9s consiguieron una muy meritoria cuarta plaza para el Subaru Rally Team Spain en el rallye de Villajoyosa, primera prueba del Campeonato de Espa\u00f1a de Rallyes de Asfalto. Sus compa\u00f1eros de equipo, Mario Ceballos-Borja Rozada, completaban [&hellip;]","og_url":"https:\/\/www.subaru.es\/blog\/nuestra-marca\/rallye-de-villajoyosa\/","og_site_name":"Universo Subaru","article_publisher":"https:\/\/www.facebook.com\/subaruespana","article_published_time":"2009-03-31T10:35:53+00:00","article_modified_time":"2020-08-06T09:44:15+00:00","og_image":[{"url":"http:\/\/www.gjd-solutions.co.uk\/press\/srts\/srts-ceballos-villajoyosa.jpg","type":"","width":"","height":""}],"author":"Subaru","twitter_card":"summary_large_image","twitter_misc":{"Escrito por":"Subaru","Tiempo de lectura":"4 minutos"},"schema":{"@context":"https:\/\/schema.org","@graph":[{"@type":"Article","@id":"https:\/\/www.subaru.es\/blog\/nuestra-marca\/rallye-de-villajoyosa\/#article","isPartOf":{"@id":"https:\/\/www.subaru.es\/blog\/nuestra-marca\/rallye-de-villajoyosa\/"},"author":{"name":"Subaru","@id":"https:\/\/www.subaru.es\/blog\/#\/schema\/person\/19a90b892230b8e0ec752704ddf4aa10"},"headline":"RALLYE DE VILLAJOYOSA","datePublished":"2009-03-31T10:35:53+00:00","dateModified":"2020-08-06T09:44:15+00:00","mainEntityOfPage":{"@id":"https:\/\/www.subaru.es\/blog\/nuestra-marca\/rallye-de-villajoyosa\/"},"wordCount":748,"commentCount":1,"publisher":{"@id":"https:\/\/www.subaru.es\/blog\/#organization"},"image":{"@id":"https:\/\/www.subaru.es\/blog\/nuestra-marca\/rallye-de-villajoyosa\/#primaryimage"},"thumbnailUrl":"http:\/\/www.gjd-solutions.co.uk\/press\/srts\/srts-ceballos-villajoyosa.jpg","articleSection":["Nuestra marca"],"inLanguage":"es","potentialAction":[{"@type":"CommentAction","name":"Comment","target":["https:\/\/www.subaru.es\/blog\/nuestra-marca\/rallye-de-villajoyosa\/#respond"]}]},{"@type":"WebPage","@id":"https:\/\/www.subaru.es\/blog\/nuestra-marca\/rallye-de-villajoyosa\/","url":"https:\/\/www.subaru.es\/blog\/nuestra-marca\/rallye-de-villajoyosa\/","name":"RALLYE DE VILLAJOYOSA - Universo Subaru","isPartOf":{"@id":"https:\/\/www.subaru.es\/blog\/#website"},"primaryImageOfPage":{"@id":"https:\/\/www.subaru.es\/blog\/nuestra-marca\/rallye-de-villajoyosa\/#primaryimage"},"image":{"@id":"https:\/\/www.subaru.es\/blog\/nuestra-marca\/rallye-de-villajoyosa\/#primaryimage"},"thumbnailUrl":"http:\/\/www.gjd-solutions.co.uk\/press\/srts\/srts-ceballos-villajoyosa.jpg","datePublished":"2009-03-31T10:35:53+00:00","dateModified":"2020-08-06T09:44:15+00:00","breadcrumb":{"@id":"https:\/\/www.subaru.es\/blog\/nuestra-marca\/rallye-de-villajoyosa\/#breadcrumb"},"inLanguage":"es","potentialAction":[{"@type":"ReadAction","target":["https:\/\/www.subaru.es\/blog\/nuestra-marca\/rallye-de-villajoyosa\/"]}]},{"@type":"ImageObject","inLanguage":"es","@id":"https:\/\/www.subaru.es\/blog\/nuestra-marca\/rallye-de-villajoyosa\/#primaryimage","url":"http:\/\/www.gjd-solutions.co.uk\/press\/srts\/srts-ceballos-villajoyosa.jpg","contentUrl":"http:\/\/www.gjd-solutions.co.uk\/press\/srts\/srts-ceballos-villajoyosa.jpg"},{"@type":"BreadcrumbList","@id":"https:\/\/www.subaru.es\/blog\/nuestra-marca\/rallye-de-villajoyosa\/#breadcrumb","itemListElement":[{"@type":"ListItem","position":1,"name":"Portada","item":"https:\/\/www.subaru.es\/blog\/"},{"@type":"ListItem","position":2,"name":"RALLYE DE VILLAJOYOSA"}]},{"@type":"WebSite","@id":"https:\/\/www.subaru.es\/blog\/#website","url":"https:\/\/www.subaru.es\/blog\/","name":"Universo Subaru","description":"Descubre este apasionante espacio de Subaru donde vas a conocer todo sobre nuestros coches y las experiencias que vivimos con ellos. Si est\u00e1s preparado para dejarte seducir por la filosof\u00eda Subaru, qu\u00e9date con nosotros.","publisher":{"@id":"https:\/\/www.subaru.es\/blog\/#organization"},"potentialAction":[{"@type":"SearchAction","target":{"@type":"EntryPoint","urlTemplate":"https:\/\/www.subaru.es\/blog\/?s={search_term_string}"},"query-input":{"@type":"PropertyValueSpecification","valueRequired":true,"valueName":"search_term_string"}}],"inLanguage":"es"},{"@type":"Organization","@id":"https:\/\/www.subaru.es\/blog\/#organization","name":"Subaru Espa\u00f1a S.A.","url":"https:\/\/www.subaru.es\/blog\/","logo":{"@type":"ImageObject","inLanguage":"es","@id":"https:\/\/www.subaru.es\/blog\/#\/schema\/logo\/image\/","url":"https:\/\/www.subaru.es\/blog\/wp-content\/uploads\/2016\/12\/Logo-Subaru-TypeV_C300-scaled.jpg","contentUrl":"https:\/\/www.subaru.es\/blog\/wp-content\/uploads\/2016\/12\/Logo-Subaru-TypeV_C300-scaled.jpg","width":2560,"height":1864,"caption":"Subaru Espa\u00f1a S.A."},"image":{"@id":"https:\/\/www.subaru.es\/blog\/#\/schema\/logo\/image\/"},"sameAs":["https:\/\/www.facebook.com\/subaruespana","https:\/\/www.instagram.com\/subarues\/","https:\/\/www.youtube.com\/user\/subaruespana"]},{"@type":"Person","@id":"https:\/\/www.subaru.es\/blog\/#\/schema\/person\/19a90b892230b8e0ec752704ddf4aa10","name":"Subaru","url":"https:\/\/www.subaru.es\/blog\/author\/subaria\/"}]}},"_links":{"self":[{"href":"https:\/\/www.subaru.es\/blog\/wp-json\/wp\/v2\/posts\/2026","targetHints":{"allow":["GET"]}}],"collection":[{"href":"https:\/\/www.subaru.es\/blog\/wp-json\/wp\/v2\/posts"}],"about":[{"href":"https:\/\/www.subaru.es\/blog\/wp-json\/wp\/v2\/types\/post"}],"author":[{"embeddable":true,"href":"https:\/\/www.subaru.es\/blog\/wp-json\/wp\/v2\/users\/21"}],"replies":[{"embeddable":true,"href":"https:\/\/www.subaru.es\/blog\/wp-json\/wp\/v2\/comments?post=2026"}],"version-history":[{"count":1,"href":"https:\/\/www.subaru.es\/blog\/wp-json\/wp\/v2\/posts\/2026\/revisions"}],"predecessor-version":[{"id":15246,"href":"https:\/\/www.subaru.es\/blog\/wp-json\/wp\/v2\/posts\/2026\/revisions\/15246"}],"wp:attachment":[{"href":"https:\/\/www.subaru.es\/blog\/wp-json\/wp\/v2\/media?parent=2026"}],"wp:term":[{"taxonomy":"category","embeddable":true,"href":"https:\/\/www.subaru.es\/blog\/wp-json\/wp\/v2\/categories?post=2026"},{"taxonomy":"post_tag","embeddable":true,"href":"https:\/\/www.subaru.es\/blog\/wp-json\/wp\/v2\/tags?post=2026"}],"curies":[{"name":"wp","href":"https:\/\/api.w.org\/{rel}","templated":true}]}}