{"id":2023,"date":"2009-07-28T12:00:20","date_gmt":"2009-07-28T10:00:20","guid":{"rendered":"http:\/\/subaru.preproduccion.com\/blog\/wp-content\/2009\/07\/28\/imagenes-del-rally-de-palma-del-rio\/"},"modified":"2020-08-06T11:41:22","modified_gmt":"2020-08-06T09:41:22","slug":"imagenes-del-rally-de-palma-del-rio","status":"publish","type":"post","link":"https:\/\/www.subaru.es\/blog\/nuestra-marca\/imagenes-del-rally-de-palma-del-rio\/","title":{"rendered":"Im\u00e1genes del rally de Palma del R\u00edo"},"content":{"rendered":"<p>La primera prueba del <strong>Campeonato de Espa\u00f1a de Rallyes de Tierra<\/strong>, en <strong><a href=\"https:\/\/www.subaru.es\/blog\/2009\/03\/16\/%c2%a1subaru-a-la-primera\/\">Palma del R\u00edo<\/a><\/strong>, fue espectacular para <strong>Subaru<\/strong>, ya que supuso el debut del <strong>SUBARU RALLY TEAM SPAIN<\/strong>, por el que compite el <strong>Impreza Prodrive de Brice Tirabassi-Fabrice Gordon<\/strong>. Pero, no contentos con ello, los componentes del equipo consiguieron una <strong>extraordinaria victoria <\/strong>tras <strong>liderar la clasificaci\u00f3n <\/strong>de la prueba de principio a fin.<\/p>\n<p>Tras la resaca de la <strong>victoria <\/strong>queremos mostrarte un video que resume perfectamente la carrera, no te pierdas la conducci\u00f3n de <strong>Tirabassi<\/strong>. Sencillamente <strong>espectacular<\/strong>.<\/p>\n<p><center><object width=\"425\" height=\"344\"><param name=\"movie\" value=\"http:\/\/www.youtube.com\/v\/MxKqqHJhCYI&#038;feature=related \n\"><\/param><param name=\"allowFullScreen\" value=\"true\"><\/param><param name=\"allowscriptaccess\" value=\"always\"><\/param><embed src=\"http:\/\/www.youtube.com\/v\/MxKqqHJhCYI&#038;feature=related \n\" type=\"application\/x-shockwave-flash\" allowscriptaccess=\"always\" allowfullscreen=\"true\" width=\"425\" height=\"344\"><\/embed><\/object><\/center><\/p>\n","protected":false},"excerpt":{"rendered":"<p>La primera prueba del Campeonato de Espa\u00f1a de Rallyes de Tierra, en Palma del R\u00edo, fue espectacular para Subaru, ya que supuso el debut del SUBARU RALLY TEAM SPAIN, por el que compite el Impreza Prodrive de Brice Tirabassi-Fabrice Gordon. Pero, no contentos con ello, los componentes del equipo consiguieron una extraordinaria victoria tras liderar [&hellip;]<\/p>\n","protected":false},"author":21,"featured_media":0,"comment_status":"open","ping_status":"open","sticky":false,"template":"","format":"standard","meta":{"_acf_changed":false,"_eb_attr":"","inline_featured_image":false,"footnotes":""},"categories":[4401],"tags":[1104,4396,1105,2239,1927,4390,1986,2240,38],"class_list":["post-2023","post","type-post","status-publish","format-standard","hentry","category-nuestra-marca","tag-brice-tirabassi","tag-campeonato-de-espana-de-rallyes-de-tierra","tag-fabrice-gordon","tag-impreza-prodrive","tag-palma-del-rio","tag-subaru","tag-subaru-rally-team-spain","tag-victoria","tag-video"],"acf":[],"yoast_head":"<!-- This site is optimized with the Yoast SEO plugin v27.3 - https:\/\/yoast.com\/product\/yoast-seo-wordpress\/ -->\n<title>Im\u00e1genes del rally de Palma del R\u00edo - Universo Subaru<\/title>\n<meta name=\"robots\" content=\"index, follow, max-snippet:-1, max-image-preview:large, max-video-preview:-1\" \/>\n<link rel=\"canonical\" href=\"https:\/\/www.subaru.es\/blog\/nuestra-marca\/imagenes-del-rally-de-palma-del-rio\/\" \/>\n<meta property=\"og:locale\" content=\"es_ES\" \/>\n<meta property=\"og:type\" content=\"article\" \/>\n<meta property=\"og:title\" content=\"Im\u00e1genes del rally de Palma del R\u00edo - Universo Subaru\" \/>\n<meta property=\"og:description\" content=\"La primera prueba del Campeonato de Espa\u00f1a de Rallyes de Tierra, en Palma del R\u00edo, fue espectacular para Subaru, ya que supuso el debut del SUBARU RALLY TEAM SPAIN, por el que compite el Impreza Prodrive de Brice Tirabassi-Fabrice Gordon. Pero, no contentos con ello, los componentes del equipo consiguieron una extraordinaria victoria tras liderar [&hellip;]\" \/>\n<meta property=\"og:url\" content=\"https:\/\/www.subaru.es\/blog\/nuestra-marca\/imagenes-del-rally-de-palma-del-rio\/\" \/>\n<meta property=\"og:site_name\" content=\"Universo Subaru\" \/>\n<meta property=\"article:publisher\" content=\"https:\/\/www.facebook.com\/subaruespana\" \/>\n<meta property=\"article:published_time\" content=\"2009-07-28T10:00:20+00:00\" \/>\n<meta property=\"article:modified_time\" content=\"2020-08-06T09:41:22+00:00\" \/>\n<meta name=\"author\" content=\"Subaru\" \/>\n<meta name=\"twitter:card\" content=\"summary_large_image\" \/>\n<meta name=\"twitter:label1\" content=\"Escrito por\" \/>\n\t<meta name=\"twitter:data1\" content=\"Subaru\" \/>\n<script type=\"application\/ld+json\" class=\"yoast-schema-graph\">{\"@context\":\"https:\\\/\\\/schema.org\",\"@graph\":[{\"@type\":\"Article\",\"@id\":\"https:\\\/\\\/www.subaru.es\\\/blog\\\/nuestra-marca\\\/imagenes-del-rally-de-palma-del-rio\\\/#article\",\"isPartOf\":{\"@id\":\"https:\\\/\\\/www.subaru.es\\\/blog\\\/nuestra-marca\\\/imagenes-del-rally-de-palma-del-rio\\\/\"},\"author\":{\"name\":\"Subaru\",\"@id\":\"https:\\\/\\\/www.subaru.es\\\/blog\\\/#\\\/schema\\\/person\\\/19a90b892230b8e0ec752704ddf4aa10\"},\"headline\":\"Im\u00e1genes del rally de Palma del R\u00edo\",\"datePublished\":\"2009-07-28T10:00:20+00:00\",\"dateModified\":\"2020-08-06T09:41:22+00:00\",\"mainEntityOfPage\":{\"@id\":\"https:\\\/\\\/www.subaru.es\\\/blog\\\/nuestra-marca\\\/imagenes-del-rally-de-palma-del-rio\\\/\"},\"wordCount\":101,\"commentCount\":0,\"publisher\":{\"@id\":\"https:\\\/\\\/www.subaru.es\\\/blog\\\/#organization\"},\"keywords\":[\"Brice Tirabassi\",\"Campeonato de Espa\u00f1a de Rallyes de Tierra\",\"Fabrice Gordon\",\"Impreza Prodrive\",\"Palma del R\u00edo\",\"Subaru\",\"Subaru Rally Team Spain\",\"victoria\",\"v\u00eddeo\"],\"articleSection\":[\"Nuestra marca\"],\"inLanguage\":\"es\",\"potentialAction\":[{\"@type\":\"CommentAction\",\"name\":\"Comment\",\"target\":[\"https:\\\/\\\/www.subaru.es\\\/blog\\\/nuestra-marca\\\/imagenes-del-rally-de-palma-del-rio\\\/#respond\"]}]},{\"@type\":\"WebPage\",\"@id\":\"https:\\\/\\\/www.subaru.es\\\/blog\\\/nuestra-marca\\\/imagenes-del-rally-de-palma-del-rio\\\/\",\"url\":\"https:\\\/\\\/www.subaru.es\\\/blog\\\/nuestra-marca\\\/imagenes-del-rally-de-palma-del-rio\\\/\",\"name\":\"Im\u00e1genes del rally de Palma del R\u00edo - Universo Subaru\",\"isPartOf\":{\"@id\":\"https:\\\/\\\/www.subaru.es\\\/blog\\\/#website\"},\"datePublished\":\"2009-07-28T10:00:20+00:00\",\"dateModified\":\"2020-08-06T09:41:22+00:00\",\"breadcrumb\":{\"@id\":\"https:\\\/\\\/www.subaru.es\\\/blog\\\/nuestra-marca\\\/imagenes-del-rally-de-palma-del-rio\\\/#breadcrumb\"},\"inLanguage\":\"es\",\"potentialAction\":[{\"@type\":\"ReadAction\",\"target\":[\"https:\\\/\\\/www.subaru.es\\\/blog\\\/nuestra-marca\\\/imagenes-del-rally-de-palma-del-rio\\\/\"]}]},{\"@type\":\"BreadcrumbList\",\"@id\":\"https:\\\/\\\/www.subaru.es\\\/blog\\\/nuestra-marca\\\/imagenes-del-rally-de-palma-del-rio\\\/#breadcrumb\",\"itemListElement\":[{\"@type\":\"ListItem\",\"position\":1,\"name\":\"Portada\",\"item\":\"https:\\\/\\\/www.subaru.es\\\/blog\\\/\"},{\"@type\":\"ListItem\",\"position\":2,\"name\":\"Im\u00e1genes del rally de Palma del R\u00edo\"}]},{\"@type\":\"WebSite\",\"@id\":\"https:\\\/\\\/www.subaru.es\\\/blog\\\/#website\",\"url\":\"https:\\\/\\\/www.subaru.es\\\/blog\\\/\",\"name\":\"Universo Subaru\",\"description\":\"Descubre este apasionante espacio de Subaru donde vas a conocer todo sobre nuestros coches y las experiencias que vivimos con ellos. Si est\u00e1s preparado para dejarte seducir por la filosof\u00eda Subaru, qu\u00e9date con nosotros.\",\"publisher\":{\"@id\":\"https:\\\/\\\/www.subaru.es\\\/blog\\\/#organization\"},\"potentialAction\":[{\"@type\":\"SearchAction\",\"target\":{\"@type\":\"EntryPoint\",\"urlTemplate\":\"https:\\\/\\\/www.subaru.es\\\/blog\\\/?s={search_term_string}\"},\"query-input\":{\"@type\":\"PropertyValueSpecification\",\"valueRequired\":true,\"valueName\":\"search_term_string\"}}],\"inLanguage\":\"es\"},{\"@type\":\"Organization\",\"@id\":\"https:\\\/\\\/www.subaru.es\\\/blog\\\/#organization\",\"name\":\"Subaru Espa\u00f1a S.A.\",\"url\":\"https:\\\/\\\/www.subaru.es\\\/blog\\\/\",\"logo\":{\"@type\":\"ImageObject\",\"inLanguage\":\"es\",\"@id\":\"https:\\\/\\\/www.subaru.es\\\/blog\\\/#\\\/schema\\\/logo\\\/image\\\/\",\"url\":\"https:\\\/\\\/www.subaru.es\\\/blog\\\/wp-content\\\/uploads\\\/2016\\\/12\\\/Logo-Subaru-TypeV_C300-scaled.jpg\",\"contentUrl\":\"https:\\\/\\\/www.subaru.es\\\/blog\\\/wp-content\\\/uploads\\\/2016\\\/12\\\/Logo-Subaru-TypeV_C300-scaled.jpg\",\"width\":2560,\"height\":1864,\"caption\":\"Subaru Espa\u00f1a S.A.\"},\"image\":{\"@id\":\"https:\\\/\\\/www.subaru.es\\\/blog\\\/#\\\/schema\\\/logo\\\/image\\\/\"},\"sameAs\":[\"https:\\\/\\\/www.facebook.com\\\/subaruespana\",\"https:\\\/\\\/www.instagram.com\\\/subarues\\\/\",\"https:\\\/\\\/www.youtube.com\\\/user\\\/subaruespana\"]},{\"@type\":\"Person\",\"@id\":\"https:\\\/\\\/www.subaru.es\\\/blog\\\/#\\\/schema\\\/person\\\/19a90b892230b8e0ec752704ddf4aa10\",\"name\":\"Subaru\",\"url\":\"https:\\\/\\\/www.subaru.es\\\/blog\\\/author\\\/subaria\\\/\"}]}<\/script>\n<!-- \/ Yoast SEO plugin. -->","yoast_head_json":{"title":"Im\u00e1genes del rally de Palma del R\u00edo - Universo Subaru","robots":{"index":"index","follow":"follow","max-snippet":"max-snippet:-1","max-image-preview":"max-image-preview:large","max-video-preview":"max-video-preview:-1"},"canonical":"https:\/\/www.subaru.es\/blog\/nuestra-marca\/imagenes-del-rally-de-palma-del-rio\/","og_locale":"es_ES","og_type":"article","og_title":"Im\u00e1genes del rally de Palma del R\u00edo - Universo Subaru","og_description":"La primera prueba del Campeonato de Espa\u00f1a de Rallyes de Tierra, en Palma del R\u00edo, fue espectacular para Subaru, ya que supuso el debut del SUBARU RALLY TEAM SPAIN, por el que compite el Impreza Prodrive de Brice Tirabassi-Fabrice Gordon. Pero, no contentos con ello, los componentes del equipo consiguieron una extraordinaria victoria tras liderar [&hellip;]","og_url":"https:\/\/www.subaru.es\/blog\/nuestra-marca\/imagenes-del-rally-de-palma-del-rio\/","og_site_name":"Universo Subaru","article_publisher":"https:\/\/www.facebook.com\/subaruespana","article_published_time":"2009-07-28T10:00:20+00:00","article_modified_time":"2020-08-06T09:41:22+00:00","author":"Subaru","twitter_card":"summary_large_image","twitter_misc":{"Escrito por":"Subaru"},"schema":{"@context":"https:\/\/schema.org","@graph":[{"@type":"Article","@id":"https:\/\/www.subaru.es\/blog\/nuestra-marca\/imagenes-del-rally-de-palma-del-rio\/#article","isPartOf":{"@id":"https:\/\/www.subaru.es\/blog\/nuestra-marca\/imagenes-del-rally-de-palma-del-rio\/"},"author":{"name":"Subaru","@id":"https:\/\/www.subaru.es\/blog\/#\/schema\/person\/19a90b892230b8e0ec752704ddf4aa10"},"headline":"Im\u00e1genes del rally de Palma del R\u00edo","datePublished":"2009-07-28T10:00:20+00:00","dateModified":"2020-08-06T09:41:22+00:00","mainEntityOfPage":{"@id":"https:\/\/www.subaru.es\/blog\/nuestra-marca\/imagenes-del-rally-de-palma-del-rio\/"},"wordCount":101,"commentCount":0,"publisher":{"@id":"https:\/\/www.subaru.es\/blog\/#organization"},"keywords":["Brice Tirabassi","Campeonato de Espa\u00f1a de Rallyes de Tierra","Fabrice Gordon","Impreza Prodrive","Palma del R\u00edo","Subaru","Subaru Rally Team Spain","victoria","v\u00eddeo"],"articleSection":["Nuestra marca"],"inLanguage":"es","potentialAction":[{"@type":"CommentAction","name":"Comment","target":["https:\/\/www.subaru.es\/blog\/nuestra-marca\/imagenes-del-rally-de-palma-del-rio\/#respond"]}]},{"@type":"WebPage","@id":"https:\/\/www.subaru.es\/blog\/nuestra-marca\/imagenes-del-rally-de-palma-del-rio\/","url":"https:\/\/www.subaru.es\/blog\/nuestra-marca\/imagenes-del-rally-de-palma-del-rio\/","name":"Im\u00e1genes del rally de Palma del R\u00edo - Universo Subaru","isPartOf":{"@id":"https:\/\/www.subaru.es\/blog\/#website"},"datePublished":"2009-07-28T10:00:20+00:00","dateModified":"2020-08-06T09:41:22+00:00","breadcrumb":{"@id":"https:\/\/www.subaru.es\/blog\/nuestra-marca\/imagenes-del-rally-de-palma-del-rio\/#breadcrumb"},"inLanguage":"es","potentialAction":[{"@type":"ReadAction","target":["https:\/\/www.subaru.es\/blog\/nuestra-marca\/imagenes-del-rally-de-palma-del-rio\/"]}]},{"@type":"BreadcrumbList","@id":"https:\/\/www.subaru.es\/blog\/nuestra-marca\/imagenes-del-rally-de-palma-del-rio\/#breadcrumb","itemListElement":[{"@type":"ListItem","position":1,"name":"Portada","item":"https:\/\/www.subaru.es\/blog\/"},{"@type":"ListItem","position":2,"name":"Im\u00e1genes del rally de Palma del R\u00edo"}]},{"@type":"WebSite","@id":"https:\/\/www.subaru.es\/blog\/#website","url":"https:\/\/www.subaru.es\/blog\/","name":"Universo Subaru","description":"Descubre este apasionante espacio de Subaru donde vas a conocer todo sobre nuestros coches y las experiencias que vivimos con ellos. Si est\u00e1s preparado para dejarte seducir por la filosof\u00eda Subaru, qu\u00e9date con nosotros.","publisher":{"@id":"https:\/\/www.subaru.es\/blog\/#organization"},"potentialAction":[{"@type":"SearchAction","target":{"@type":"EntryPoint","urlTemplate":"https:\/\/www.subaru.es\/blog\/?s={search_term_string}"},"query-input":{"@type":"PropertyValueSpecification","valueRequired":true,"valueName":"search_term_string"}}],"inLanguage":"es"},{"@type":"Organization","@id":"https:\/\/www.subaru.es\/blog\/#organization","name":"Subaru Espa\u00f1a S.A.","url":"https:\/\/www.subaru.es\/blog\/","logo":{"@type":"ImageObject","inLanguage":"es","@id":"https:\/\/www.subaru.es\/blog\/#\/schema\/logo\/image\/","url":"https:\/\/www.subaru.es\/blog\/wp-content\/uploads\/2016\/12\/Logo-Subaru-TypeV_C300-scaled.jpg","contentUrl":"https:\/\/www.subaru.es\/blog\/wp-content\/uploads\/2016\/12\/Logo-Subaru-TypeV_C300-scaled.jpg","width":2560,"height":1864,"caption":"Subaru Espa\u00f1a S.A."},"image":{"@id":"https:\/\/www.subaru.es\/blog\/#\/schema\/logo\/image\/"},"sameAs":["https:\/\/www.facebook.com\/subaruespana","https:\/\/www.instagram.com\/subarues\/","https:\/\/www.youtube.com\/user\/subaruespana"]},{"@type":"Person","@id":"https:\/\/www.subaru.es\/blog\/#\/schema\/person\/19a90b892230b8e0ec752704ddf4aa10","name":"Subaru","url":"https:\/\/www.subaru.es\/blog\/author\/subaria\/"}]}},"_links":{"self":[{"href":"https:\/\/www.subaru.es\/blog\/wp-json\/wp\/v2\/posts\/2023","targetHints":{"allow":["GET"]}}],"collection":[{"href":"https:\/\/www.subaru.es\/blog\/wp-json\/wp\/v2\/posts"}],"about":[{"href":"https:\/\/www.subaru.es\/blog\/wp-json\/wp\/v2\/types\/post"}],"author":[{"embeddable":true,"href":"https:\/\/www.subaru.es\/blog\/wp-json\/wp\/v2\/users\/21"}],"replies":[{"embeddable":true,"href":"https:\/\/www.subaru.es\/blog\/wp-json\/wp\/v2\/comments?post=2023"}],"version-history":[{"count":1,"href":"https:\/\/www.subaru.es\/blog\/wp-json\/wp\/v2\/posts\/2023\/revisions"}],"predecessor-version":[{"id":15196,"href":"https:\/\/www.subaru.es\/blog\/wp-json\/wp\/v2\/posts\/2023\/revisions\/15196"}],"wp:attachment":[{"href":"https:\/\/www.subaru.es\/blog\/wp-json\/wp\/v2\/media?parent=2023"}],"wp:term":[{"taxonomy":"category","embeddable":true,"href":"https:\/\/www.subaru.es\/blog\/wp-json\/wp\/v2\/categories?post=2023"},{"taxonomy":"post_tag","embeddable":true,"href":"https:\/\/www.subaru.es\/blog\/wp-json\/wp\/v2\/tags?post=2023"}],"curies":[{"name":"wp","href":"https:\/\/api.w.org\/{rel}","templated":true}]}}