{"id":20224,"date":"2018-12-18T18:56:23","date_gmt":"2018-12-18T16:56:23","guid":{"rendered":"https:\/\/www.subaru.es\/blog\/?p=20224"},"modified":"2018-12-18T18:56:34","modified_gmt":"2018-12-18T16:56:34","slug":"historia-de-subaru-anos-2010","status":"publish","type":"post","link":"https:\/\/www.subaru.es\/blog\/nuestra-marca\/historia-de-subaru-anos-2010\/","title":{"rendered":"Historia de Subaru: desde el 2010 hasta nuestros d\u00edas"},"content":{"rendered":"\n<p>Apenas quedan unos d\u00edas para iniciar el 2019 y esto significa que queda un a\u00f1o para cambiar de d\u00e9cada, por eso hemos querido hacer un repaso a los principales modelos de <a rel=\"noreferrer noopener\" aria-label=\"Apenas quedan unos d\u00edas para iniciar el 2019 y esto significa que queda un a\u00f1o para cambiar de d\u00e9cada, por eso hemos querido hacer un repaso a los principales modelos de Subaru lanzados desde 2010 hasta la actualidad. Siempre hemos mantenido la seguridad y latecnolog\u00eda como ejes fundamentales en torno a los que apoyarnos para crearnuevos conceptos que se adapten a la vida intr\u00e9pida de nuestros clientes.  (opens in a new tab)\" href=\"http:\/\/www.subaru.es\" target=\"_blank\">Subaru<\/a> lanzados desde 2010 hasta la actualidad. Siempre hemos mantenido <a rel=\"noreferrer noopener\" aria-label=\"Apenas quedan unos d\u00edas para iniciar el 2019 y esto significa que queda un a\u00f1o para cambiar de d\u00e9cada, por eso hemos querido hacer un repaso a los principales modelos de Subaru lanzados desde 2010 hasta la actualidad. Siempre hemos mantenido la seguridad y la tecnolog\u00eda como ejes fundamentales en torno a los que apoyarnos para crearnuevos conceptos que se adapten a la vida intr\u00e9pida de nuestros clientes.  (opens in a new tab)\" href=\"https:\/\/www.subaru.es\/seguridad\" target=\"_blank\">la seguridad<\/a> y <a rel=\"noreferrer noopener\" aria-label=\"Apenas quedan unos d\u00edas para iniciar el 2019 y esto significa que queda un a\u00f1o para cambiar de d\u00e9cada, por eso hemos querido hacer un repaso a los principales modelos de Subaru lanzados desde 2010 hasta la actualidad. Siempre hemos mantenido la seguridad y la tecnolog\u00eda como ejes fundamentales en torno a los que apoyarnos para crearnuevos conceptos que se adapten a la vida intr\u00e9pida de nuestros clientes.  (opens in a new tab)\" href=\"https:\/\/www.subaru.es\/tecnologia\" target=\"_blank\">la tecnolog\u00eda<\/a> como ejes fundamentales en torno a los que apoyarnos para crear nuevos conceptos que se adapten a la vida intr\u00e9pida de nuestros Subaristas. Inspiraci\u00f3n <a rel=\"noreferrer noopener\" aria-label=\"Apenas quedan unos d\u00edas para iniciar el 2019 y esto significa que queda un a\u00f1o para cambiar de d\u00e9cada, por eso hemos querido hacer un repaso a los principales modelos de Subaru lanzados desde 2010 hasta la actualidad. Siempre hemos mantenido la seguridad y la tecnolog\u00eda como ejes fundamentales en torno a los que apoyarnos para crearnuevos conceptos que se adapten a la vida intr\u00e9pida de nuestros clientes. Inspiraci\u00f3n All Around Safety. (opens in a new tab)\" href=\"https:\/\/www.youtube.com\/watch?v=Kb39BnaieE8\" target=\"_blank\">All Around Safety<\/a>.<\/p>\n\n\n\n<p><\/p>\n\n\n\n<p style=\"text-align:left\">Si\u00e9ntate c\u00f3modo,&nbsp;ponte el cintur\u00f3n&nbsp;de seguridad, pon las manos al volante&#8230; \u00a1qu\u00e9 nos vamos!&nbsp;<\/p>\n\n\n\n<div class=\"wp-block-image\"><figure class=\"aligncenter is-resized\"><img decoding=\"async\" data-src=\"https:\/\/www.subaru.es\/blog\/wp-content\/uploads\/2018\/12\/Interior-Forester2.png\" alt=\"\" class=\"wp-image-20238 lazyload\" width=\"596\" height=\"406\" src=\"data:image\/svg+xml;base64,PHN2ZyB3aWR0aD0iMSIgaGVpZ2h0PSIxIiB4bWxucz0iaHR0cDovL3d3dy53My5vcmcvMjAwMC9zdmciPjwvc3ZnPg==\" style=\"--smush-placeholder-width: 596px; --smush-placeholder-aspect-ratio: 596\/406;\" \/><\/figure><\/div>\n\n\n\n<p><strong>HITOS Y SEGURIDAD ALL AROUND SAFETY<\/strong><\/p>\n\n\n\n<p>Recordar\u00e1s <a rel=\"noreferrer noopener\" aria-label=\"Recordar\u00e1s los a\u00f1os 2010 de Subaru por muchos motivos, pero han sido los avances en tecnolog\u00eda y lasmejoras en seguridad, lo que mejor nos han definido en esta d\u00e9cada. Avances queprotegen a los ocupantes de nuestros veh\u00edculos, como la incorporaci\u00f3n del EyeSigth,nos han posicionado como una de las marcas de automoci\u00f3n m\u00e1s seguras. Se tratade un sistema avanzado que avisa al conductor cuando existe riesgo de colisi\u00f3nu obst\u00e1culos en la carretera. Durante estos a\u00f1os, hay momentos que se nos hanquedado grabados en la memoria como el tiempo r\u00e9cord que marc\u00f3 el WRXSTI, consiguiendo la victoria en la modalidad SP3Tde las 24 Horas de Nurburgring. Tambi\u00e9n hemos ganado premios, algo que nosconsolida como una de las marcas con mayor prestigio y confianza. Cada d\u00eda, apostamospor crear conceptos y dise\u00f1os que se adapten a las exigencias de la carretera,y necesidades de nuestros Subaristas. Como reconocimiento a estos logros, en2012, el Impreza y el XV, dos leyendas, consiguieron el &quot;Premio al BuenDise\u00f1o\u201d en la Promoci\u00f3n deDise\u00f1o Industrial de Jap\u00f3n (JDP). (opens in a new tab)\" href=\"https:\/\/www.subaru-global.com\/ourstory\/heritage.html\" target=\"_blank\">los a\u00f1os 2010 de Subaru<\/a> por muchos motivos, pero han sido <strong>los <\/strong><a rel=\"noreferrer noopener\" aria-label=\"Recordar\u00e1s los a\u00f1os 2010 de Subaru por muchos motivos, pero han sido los avances en tecnolog\u00eda y las mejoras en seguridad, lo que mejor nos han definido en esta d\u00e9cada. Avances queprotegen a los ocupantes de nuestros veh\u00edculos, como la incorporaci\u00f3n del EyeSigth,nos han posicionado como una de las marcas de automoci\u00f3n m\u00e1s seguras. Se tratade un sistema avanzado que avisa al conductor cuando existe riesgo de colisi\u00f3nu obst\u00e1culos en la carretera. Durante estos a\u00f1os, hay momentos que se nos hanquedado grabados en la memoria como el tiempo r\u00e9cord que marc\u00f3 el WRXSTI, consiguiendo la victoria en la modalidad SP3Tde las 24 Horas de Nurburgring. Tambi\u00e9n hemos ganado premios, algo que nosconsolida como una de las marcas con mayor prestigio y confianza. Cada d\u00eda, apostamospor crear conceptos y dise\u00f1os que se adapten a las exigencias de la carretera,y necesidades de nuestros Subaristas. Como reconocimiento a estos logros, en2012, el Impreza y el XV, dos leyendas, consiguieron el &quot;Premio al BuenDise\u00f1o\u201d en la Promoci\u00f3n deDise\u00f1o Industrial de Jap\u00f3n (JDP). (opens in a new tab)\" href=\"https:\/\/www.youtube.com\/watch?v=k2G3nCrDyxI\" target=\"_blank\"><strong>avances en tecnolog\u00eda<\/strong><\/a><strong> y las mejoras en seguridad<\/strong>, lo que nos han hecho merecedores de las <a rel=\"noreferrer noopener\" aria-label=\"Recordar\u00e1s los a\u00f1os 2010 de Subaru por muchos motivos, pero han sido los avances en tecnolog\u00eda y las mejoras en seguridad, lo que mejor nos han definido en esta d\u00e9cada y que nos han hecho merecedores de las 5 estrellas Euro NCAP. Avances que protegen a los ocupantes de nuestros veh\u00edculos, como la incorporaci\u00f3n del EyeSigth,nos han posicionado como una de las marcas de automoci\u00f3n m\u00e1s seguras. Se tratade un sistema avanzado que avisa al conductor cuando existe riesgo de colisi\u00f3nu obst\u00e1culos en la carretera. Durante estos a\u00f1os, hay momentos que se nos hanquedado grabados en la memoria como el tiempo r\u00e9cord que marc\u00f3 el WRXSTI, consiguiendo la victoria en la modalidad SP3Tde las 24 Horas de Nurburgring. Tambi\u00e9n hemos ganado premios, algo que nosconsolida como una de las marcas con mayor prestigio y confianza. Cada d\u00eda, apostamospor crear conceptos y dise\u00f1os que se adapten a las exigencias de la carretera,y necesidades de nuestros Subaristas. Como reconocimiento a estos logros, en2012, el Impreza y el XV, dos leyendas, consiguieron el &quot;Premio al BuenDise\u00f1o\u201d en la Promoci\u00f3n deDise\u00f1o Industrial de Jap\u00f3n (JDP). (opens in a new tab)\" href=\"https:\/\/www.subaru.es\/blog\/nuestra-marca\/subaru-5-estrellas-seguridad\/\" target=\"_blank\">5 estrellas Euro NCAP<\/a>. Avances que protegen a los ocupantes de nuestros veh\u00edculos, como la incorporaci\u00f3n de <strong>una<\/strong><a rel=\"noreferrer noopener\" aria-label=\"Recordar\u00e1s los a\u00f1os 2010 de Subaru por muchos motivos, pero han sido los avances en tecnolog\u00eda y las mejoras en seguridad, lo que mejor nos han definido en esta d\u00e9cada y que nos han hecho merecedores de las 5 estrellas Euro NCAP. Avances que protegen a los ocupantes de nuestros veh\u00edculos, como la incorporaci\u00f3n de una versi\u00f3n mejorada del EyeSigth,&nbsp; el 50 aniversario del m\u00edtico Motor B\u00f3xer o el 40 aniversario de la Tracci\u00f3n Total Sim\u00e9tricas. Son algunos de los pilares que nos han posicionado como una de las marcas de automoci\u00f3n punteras en seguridad. (opens in a new tab)\" href=\"https:\/\/www.subaru.es\/tecnologia\/eyesight\" target=\"_blank\"><strong> versi\u00f3n mejorada del EyeSigth<\/strong><\/a>,&nbsp; <strong><a rel=\"noreferrer noopener\" aria-label=\"Recordar\u00e1s los a\u00f1os 2010 de Subaru por muchos motivos, pero han sido los avances en tecnolog\u00eda y las mejoras en seguridad, lo que mejor nos han definido en esta d\u00e9cada y que nos han hecho merecedores de las 5 estrellas Euro NCAP. Avances que protegen a los ocupantes de nuestros veh\u00edculos, como la incorporaci\u00f3n de una versi\u00f3n mejorada del EyeSigth,&nbsp; el 50 aniversario del m\u00edtico Motor B\u00f3xer o el 40 aniversario de la Tracci\u00f3n Total Sim\u00e9tricas. Son algunos de los pilares que nos han posicionado como una de las marcas de automoci\u00f3n punteras en seguridad. (opens in a new tab)\" href=\"https:\/\/www.subaru.es\/blog\/nuestra-marca\/el-motor-boxer-de-subaru-cumple-50-anos\/\" target=\"_blank\">el 50 aniversario del m\u00edtico Motor B\u00f3xer<\/a><\/strong> o el <strong>40 aniversario de la <a rel=\"noreferrer noopener\" aria-label=\"Recordar\u00e1s los a\u00f1os 2010 de Subaru por muchos motivos, pero han sido los avances en tecnolog\u00eda y las mejoras en seguridad, lo que mejor nos han definido en esta d\u00e9cada y que nos han hecho merecedores de las 5 estrellas Euro NCAP. Avances que protegen a los ocupantes de nuestros veh\u00edculos, como la incorporaci\u00f3n de una versi\u00f3n mejorada del EyeSigth,&nbsp; el 50 aniversario del m\u00edtico Motor B\u00f3xer o el 40 aniversario de la Tracci\u00f3n Total Sim\u00e9trica. Son algunos de los pilares que nos han posicionado como una de las marcas de automoci\u00f3n punteras en seguridad. (opens in a new tab)\" href=\"https:\/\/www.subaru.es\/tecnologia\/symmetrical_all_wheel_drive\" target=\"_blank\">Tracci\u00f3n Total Sim\u00e9trica<\/a><\/strong>. Son algunos de los pilares que nos han posicionado como una de las marcas de automoci\u00f3n punteras en seguridad.<\/p>\n\n\n\n<p>Durante estos a\u00f1os,&nbsp; tambi\u00e9n ha habido <strong>momentos<\/strong> que se nos han quedado grabados en la retina como <strong>el tiempo r\u00e9cord que marc\u00f3 el WRXSTI, consiguiendo la victoria en la modalidad SP3T de <a rel=\"noreferrer noopener\" aria-label=\"Durante estos a\u00f1os,&nbsp; tambi\u00e9n ha habido momentos que se nos han quedado grabados en la retina como el tiempo r\u00e9cord que marc\u00f3 el WRXSTI, consiguiendo la victoria en la modalidad SP3T de las 24 Horas de Nurburgring. Tambi\u00e9n hemos ganado premios, algo que nosconsolida como una de las marcas con mayor prestigio y confianza. Cada d\u00eda, apostamospor crear conceptos y dise\u00f1os que se adapten a las exigencias de la carretera,y necesidades de nuestros Subaristas. Como reconocimiento a estos logros, en2012, el Impreza y el XV, dos leyendas, consiguieron el &quot;Premio al BuenDise\u00f1o\u201d en la Promoci\u00f3n deDise\u00f1o Industrial de Jap\u00f3n (JDP). (opens in a new tab)\" href=\"https:\/\/www.youtube.com\/watch?v=2aNkEshtRKA\" target=\"_blank\">las 24 Horas de Nurburgring<\/a>. <\/strong>O ver al legendario Tommi Makinen conducir ese mismo modelo de 4 puertas en el m\u00edtico circuito.<strong>&nbsp;&nbsp;<\/strong><\/p>\n\n\n\n<div class=\"wp-block-image\"><figure class=\"aligncenter is-resized\"><img decoding=\"async\" data-src=\"https:\/\/www.subaru.es\/blog\/wp-content\/uploads\/2018\/12\/Nurburgring.png\" alt=\"\" class=\"wp-image-20243 lazyload\" width=\"572\" height=\"389\" src=\"data:image\/svg+xml;base64,PHN2ZyB3aWR0aD0iMSIgaGVpZ2h0PSIxIiB4bWxucz0iaHR0cDovL3d3dy53My5vcmcvMjAwMC9zdmciPjwvc3ZnPg==\" style=\"--smush-placeholder-width: 572px; --smush-placeholder-aspect-ratio: 572\/389;\" \/><\/figure><\/div>\n\n\n\n<p>Tambi\u00e9n ha habido momentos de celebraci\u00f3n como lo fue el<strong> <a rel=\"noreferrer noopener\" aria-label=\"Tambi\u00e9n ha habido momentos de celebraci\u00f3n como lo fue el 60\u00aa aniversario de nuestra compa\u00f1\u00eda.  (opens in a new tab)\" href=\"https:\/\/www.subaru.es\/blog\/nuestra-marca\/60-aniversario-de-fuji-heavy-industries\/\" target=\"_blank\">60\u00aa aniversario de nuestra compa\u00f1\u00eda. <\/a><\/strong>As\u00ed como ocasiones para recoger los frutos de nuestro trabajo con <strong>premios<\/strong> como el Galard\u00f3n al <strong>Buen Dise\u00f1o<\/strong> 2012 del Subaru Impreza y el Subaru XV, el <strong>mejor veh\u00edculo del a\u00f1o<\/strong> 2012-2013 en Jap\u00f3n ganado por el BRZ o el <strong>premio de oro<\/strong> en los Premios \u00abOne Show Design\u00bb 2013 del&nbsp;EyeSight.&nbsp;<\/p>\n\n\n\n<p><strong>MODELOS QUE HAN HECHO HISTORIA<\/strong><\/p>\n\n\n\n<p><strong>El Impreza de 4\u00aa y&nbsp; 5\u00aa Generaci\u00f3n:&nbsp;<\/strong>La 4\u00aa generaci\u00f3n de <a rel=\"noreferrer noopener\" aria-label=\"Impreza de 4\u00aa Y 5\u00aa Generaci\u00f3n:&nbsp;La 4\u00aa generaci\u00f3n de Impreza lleg\u00f3 en 2011, ofreciendo un valor de excepci\u00f3n con un interior m\u00e1s espacioso,confortable y l\u00edneas m\u00e1s depuradas, un dise\u00f1o que redefini\u00f3 completamente elconcepto tradicional en esta gama de veh\u00edculos. La conducci\u00f3n confortable, \u00e1gily segura ofrecida por el sistema Symmetrical AWD, junto al motorHorizontalmente Opuesto, ofrecen mayor agarre y estabilidad, haciendo de estemodelo uno de los coches m\u00e1s seguros en carretera.  (opens in a new tab)\" href=\"https:\/\/www.subaru.es\/vehiculos\/impreza\" target=\"_blank\">Impreza<\/a> lleg\u00f3 en 2011, ofreciendo un valor de excepci\u00f3n con un interior m\u00e1s <strong>espacioso, confortable y l\u00edneas m\u00e1s depuradas<\/strong>. Un dise\u00f1o que redefini\u00f3 completamente el concepto tradicional en esta gama de veh\u00edculos.&nbsp;<\/p>\n\n\n\n<p><strong>La 5\u00aa generaci\u00f3n<\/strong> del Impreza hizo su debut mundial, unos a\u00f1os despu\u00e9s, en 2016. Fue presentado en el <a rel=\"noreferrer noopener\" aria-label=\"La 5\u00aa generaci\u00f3n del Impreza hizo su debut mundial, unos a\u00f1os despu\u00e9s, en 2016. Fue presentado en el Auto Show Internacional de Nueva York. Este concepto de modelo reforzabasignificativamente la rigidez y la resistencia del cuerpo y el chasis de estagama. Para los Subaristas m\u00e1s curiosos, \u00e9ste fue el primer modelo de producci\u00f3nque incorpor\u00f3 completamente la filosof\u00eda de dise\u00f1o DYNAMIC x SOLID. El espacioy la comodidad del Impreza lo convierten, y no es para menos, como el preferidopara las familias.  (opens in a new tab)\" href=\"https:\/\/www.autoshowny.com\/\" target=\"_blank\">Auto Show Internacional de Nueva York<\/a>. Este concepto de modelo reforzaba significativamente la rigidez y la resistencia del cuerpo y el chasis de esta gama. Para los Subaristas m\u00e1s curiosos, \u00e9ste fue el primer modelo de producci\u00f3n que incorpor\u00f3 completamente la filosof\u00eda de dise\u00f1o DYNAMIC x SOLID. El <strong>espacio y la comodidad<\/strong> del Impreza lo convierten, y no es para menos, como el preferido para las familias. <\/p>\n\n\n\n<div class=\"wp-block-image\"><figure class=\"aligncenter is-resized\"><img decoding=\"async\" data-src=\"https:\/\/www.subaru.es\/blog\/wp-content\/uploads\/2018\/12\/Impreza-5-generacion.jpg\" alt=\"\" class=\"wp-image-20244 lazyload\" width=\"581\" height=\"394\" src=\"data:image\/svg+xml;base64,PHN2ZyB3aWR0aD0iMSIgaGVpZ2h0PSIxIiB4bWxucz0iaHR0cDovL3d3dy53My5vcmcvMjAwMC9zdmciPjwvc3ZnPg==\" style=\"--smush-placeholder-width: 581px; --smush-placeholder-aspect-ratio: 581\/394;\" \/><\/figure><\/div>\n\n\n\n<p style=\"text-align:left\"><strong><a rel=\"noreferrer noopener\" aria-label=\"El Subaru BRZ&nbsp;alcanz\u00f3 el honor de contar con uno de los centros de gravedad m\u00e1s bajos posibles del mundo, gracias al Motor B\u00f3xer. Se trata de un veh\u00edculo deportivo con un dise\u00f1o moderno quecualquier conductor amante de la carretera puede disfrutar con toda seguridad.Como dato de inter\u00e9s, el BRZ gan\u00f3 el \u201cPremio Especial\u201d al Veh\u00edculo del A\u00f1o2012-2013 de Jap\u00f3n. (opens in a new tab)\" href=\"https:\/\/www.subaru.es\/vehiculos\/brz\" target=\"_blank\">El Subaru BRZ<\/a><\/strong>&nbsp;alcanz\u00f3 el honor de contar con uno de los <strong>centros de gravedad m\u00e1s bajo<\/strong>s posibles del mundo, gracias al Motor B\u00f3xer. Se trata de un veh\u00edculo deportivo con un dise\u00f1o moderno que cualquier conductor amante de la carretera puede <strong>disfrutar con toda seguridad<\/strong>.&nbsp;<\/p>\n\n\n\n<div class=\"wp-block-image\"><figure class=\"aligncenter is-resized\"><img decoding=\"async\" data-src=\"https:\/\/www.subaru.es\/blog\/wp-content\/uploads\/2018\/12\/BRZ.jpg\" alt=\"\" class=\"wp-image-20245 lazyload\" width=\"586\" height=\"274\" src=\"data:image\/svg+xml;base64,PHN2ZyB3aWR0aD0iMSIgaGVpZ2h0PSIxIiB4bWxucz0iaHR0cDovL3d3dy53My5vcmcvMjAwMC9zdmciPjwvc3ZnPg==\" style=\"--smush-placeholder-width: 586px; --smush-placeholder-aspect-ratio: 586\/274;\" \/><\/figure><\/div>\n\n\n\n<p>El <strong>lanzamiento del <\/strong><a rel=\"noreferrer noopener\" aria-label=\"El lanzamiento del nuevo concepto del Subaru XV fue un concepto deautom\u00f3vil defini\u00f3 una nueva generaci\u00f3n de veh\u00edculos crossover, combinando unaexcepcional funcionalidad con una forma moderna. Se trata de un coche pensadoespec\u00edficamente para clientes que buscan una apariencia y beneficios superioresa los modelos de esta gama ya existentes. Este lanzamiento continuaba en l\u00edneacon la nueva declaraci\u00f3n de nuestra marca, &quot;Confianza en movimiento\u201d. Setrata de una promesa donde volvemos a buscar el confort y la seguridad en laconducci\u00f3n. Con un estilo realmente innovador, este nuevo concepto de dise\u00f1ocombin\u00f3 la emoci\u00f3n de conducir de un Crossover con la sensaci\u00f3n revolucionariae inspiradora de nuestra marca. (opens in a new tab)\" href=\"https:\/\/www.subaru.es\/vehiculos\/xv\" target=\"_blank\"><strong>Subaru XV<\/strong><\/a> fue un concepto de autom\u00f3vil que defini\u00f3 una nueva generaci\u00f3n de <strong>veh\u00edculos crossover<\/strong>,&nbsp;El nuevo XV fue presentado a nivel mundial en el<strong> <\/strong><a rel=\"noreferrer noopener\" aria-label=\"El nuevo modelo XV fue presentado a nivel mundial en el 64\u00ba Sal\u00f3n del Autom\u00f3vil de Frankfurt. Con un dise\u00f1o exterior elegante y muy distintivo fueconcebido para el disfrute y tranquilidad de sus ocupantes. Se trata de unveh\u00edculo que se adapta perfectamente a la conducci\u00f3n emocionante y viva de laciudad. Este grande de nuestra marca equilibra los factores \u00f3ptimos derendimiento, como eficiencia en el combustible y una conducci\u00f3n agradable.\u00a1Vamos, el veh\u00edculo perfecto para cualquier Subarista! (opens in a new tab)\" href=\"https:\/\/www.subaru.es\/blog\/nuestra-marca\/las-novedades-de-subaru-en-el-salon-de-frankfurt\/\" target=\"_blank\"><strong>64\u00ba Sal\u00f3n del Autom\u00f3vil de Frankfurt<\/strong><\/a><strong>.<\/strong> Con un dise\u00f1o exterior elegante y muy distintivo fue concebido para el disfrute y tranquilidad de sus ocupantes. Se trata de un veh\u00edculo que se adapta perfectamente a la conducci\u00f3n emocionante y viva de la ciudad. Este grande de nuestra marca equilibra los factores \u00f3ptimos de <strong>rendimiento, como eficiencia en el combustible y una conducci\u00f3n agradable.<\/strong><\/p>\n\n\n\n<div class=\"wp-block-image\"><figure class=\"aligncenter is-resized\"><img decoding=\"async\" data-src=\"https:\/\/www.subaru.es\/blog\/wp-content\/uploads\/2018\/12\/New-SubaruXV.jpg\" alt=\"\" class=\"wp-image-20247 lazyload\" width=\"581\" height=\"393\" src=\"data:image\/svg+xml;base64,PHN2ZyB3aWR0aD0iMSIgaGVpZ2h0PSIxIiB4bWxucz0iaHR0cDovL3d3dy53My5vcmcvMjAwMC9zdmciPjwvc3ZnPg==\" style=\"--smush-placeholder-width: 581px; --smush-placeholder-aspect-ratio: 581\/393;\" \/><\/figure><\/div>\n\n\n\n<p><strong>El nuevo <a rel=\"noreferrer noopener\" aria-label=\"El nuevo Forester de 4\u00aa generaci\u00f3n fue creado para ofrecer el valor realde un SUV, es decir, autom\u00f3viles que combinan el dinamismo de un turismo con larobustez de un todoterreno. Dise\u00f1ado alrededor de la tecnolog\u00eda Symmetrical AWDpatentada en Subaru. Las \u00e1reas de rendimiento b\u00e1sico de cualquier autom\u00f3vil(manejo, seguridad y medio ambiente) se mejoraron a\u00fan m\u00e1s, para ofrecer unmayor disfrute en la carretera. Sin duda, una forma de conducir con la m\u00e1ximaseguridad bajo ning\u00fan estr\u00e9s, apostando por la innovaci\u00f3n. (opens in a new tab)\" href=\"https:\/\/www.subaru.es\/vehiculos\/forester\" target=\"_blank\">Forester<\/a> de 4\u00aa generaci\u00f3n<\/strong> fue creado para ofrecer el valor real de un SUV, es decir, autom\u00f3viles que combinan el <strong>dinamismo de un turismo con la robustez de un todoterreno.<\/strong> Las \u00e1reas de rendimiento b\u00e1sico de cualquier autom\u00f3vil &#8211; manejo, seguridad y medio ambiente &#8211; se mejoraron a\u00fan m\u00e1s, para ofrecer un mayor disfrute en la carretera.&nbsp; \u00bfSab\u00edas que la palabra Forester significa persona que vive en el bosque?<\/p>\n\n\n\n<div class=\"wp-block-image\"><figure class=\"aligncenter is-resized\"><img decoding=\"async\" data-src=\"https:\/\/www.subaru.es\/blog\/wp-content\/uploads\/2018\/12\/Forester-4generacion.jpg\" alt=\"\" class=\"wp-image-20248 lazyload\" width=\"580\" height=\"386\" src=\"data:image\/svg+xml;base64,PHN2ZyB3aWR0aD0iMSIgaGVpZ2h0PSIxIiB4bWxucz0iaHR0cDovL3d3dy53My5vcmcvMjAwMC9zdmciPjwvc3ZnPg==\" style=\"--smush-placeholder-width: 580px; --smush-placeholder-aspect-ratio: 580\/386;\" \/><\/figure><\/div>\n\n\n\n<p><strong>El lanzamiento del nuevo <\/strong><a rel=\"noreferrer noopener\" aria-label=\"El lanzamiento del nuevo Subaru Levorg ofrec\u00eda un elevado nivel de seguridad y tecnolog\u00eda. La experiencia alvolante de este grande de Subaru es totalmente confortable. Se trata de unveh\u00edculo concebido para el disfrute y la tranquilidad del conductor encualquier superficie por complicada que sea. Su practicidad es uno de losrasgos que mejor definen este autom\u00f3vil, ya que sus dimensiones se encuentranmuy bien aprovechadas, convirti\u00e9ndolo en el veh\u00edculo ideal para hacer largosviajes en familia. (opens in a new tab)\" href=\"https:\/\/www.subaru.es\/vehiculos\/levorg\" target=\"_blank\"><strong>Subaru Levorg<\/strong><\/a> ofrec\u00eda un elevado nivel de seguridad y tecnolog\u00eda. La experiencia al volante de este grande de Subaru es totalmente confortable. Se trata de un veh\u00edculo concebido para el disfrute y la tranquilidad del conductor en cualquier superficie por complicada que sea. Su practicidad es uno de los rasgos que mejor definen este autom\u00f3vil, ya que sus dimensiones se encuentran muy bien aprovechadas, convirti\u00e9ndolo en el <strong>veh\u00edculo ideal para hacer largos viajes en familia.<\/strong><\/p>\n\n\n\n<div class=\"wp-block-image\"><figure class=\"aligncenter is-resized\"><img decoding=\"async\" data-src=\"https:\/\/www.subaru.es\/blog\/wp-content\/uploads\/2018\/12\/NewLevorg.jpg\" alt=\"\" class=\"wp-image-20249 lazyload\" width=\"569\" height=\"386\" src=\"data:image\/svg+xml;base64,PHN2ZyB3aWR0aD0iMSIgaGVpZ2h0PSIxIiB4bWxucz0iaHR0cDovL3d3dy53My5vcmcvMjAwMC9zdmciPjwvc3ZnPg==\" style=\"--smush-placeholder-width: 569px; --smush-placeholder-aspect-ratio: 569\/386;\" \/><\/figure><\/div>\n\n\n\n<p><strong>El <\/strong><a rel=\"noreferrer noopener\" aria-label=\"El Subaru Outback de 5\u00aa generaci\u00f3n se present\u00f3 en elAuto Show Internacional de Nueva York. Se trata de la quinta generaci\u00f3n delOutback desde que apareci\u00f3 la versi\u00f3n original en 1995. El principal valor queune a todos estos modelos ha sido el concepto de cruce, que integra lasfortalezas de los veh\u00edculos pensados para los ocupantes y los SUV. Al desarrollarcada generaci\u00f3n, en Subaru siempre hemos tratado de ofrecer una presencia yvalores que aportan a quien conduce mayor fiabilidad y seguridad en carretera.Si eres de los que pasan horas en carreteras sin pensar en nada m\u00e1s queconducir, este coche es perfecto.  (opens in a new tab)\" href=\"https:\/\/www.subaru.es\/vehiculos\/outback\" target=\"_blank\"><strong>Subaru Outback<\/strong><\/a><strong> de 5\u00aa generaci\u00f3n<\/strong> se present\u00f3 en el Auto Show Internacional de Nueva York. Se trata de la quinta generaci\u00f3n de este modelo desde que apareci\u00f3 la versi\u00f3n original en 1995. El principal valor que une a todos estos modelos ha sido el concepto de cruce, que integra las fortalezas de los veh\u00edculos pensados para los ocupantes y los SUV. Al desarrollar cada generaci\u00f3n, en Subaru siempre hemos tratado de ofrecer una presencia y valores que aportan a quien conduce mayor fiabilidad y seguridad en carretera. <strong>Si eres de los que pasan horas en carreteras sin pensar en nada m\u00e1s que conducir, este coche es perfecto.<\/strong> <\/p>\n\n\n\n<div class=\"wp-block-image\"><figure class=\"aligncenter is-resized\"><img decoding=\"async\" data-src=\"https:\/\/www.subaru.es\/blog\/wp-content\/uploads\/2018\/12\/Outback-5-generacion.jpg\" alt=\"\" class=\"wp-image-20250 lazyload\" width=\"595\" height=\"404\" src=\"data:image\/svg+xml;base64,PHN2ZyB3aWR0aD0iMSIgaGVpZ2h0PSIxIiB4bWxucz0iaHR0cDovL3d3dy53My5vcmcvMjAwMC9zdmciPjwvc3ZnPg==\" style=\"--smush-placeholder-width: 595px; --smush-placeholder-aspect-ratio: 595\/404;\" \/><\/figure><\/div>\n\n\n\n<p><a rel=\"noreferrer noopener\" aria-label=\"El Subaru WRX es conocido por supotente motor turbo que aporta gran rendimiento y estabilidad en carreteragracias a su sistema Symmetrical All-Wheel Drive (AWD). Esta combinaci\u00f3npermite que todos los conductores se sientan seguros y con capacidad de controlen todo tipo de superficies.  (opens in a new tab)\" href=\"https:\/\/www.subaru.es\/vehiculos\/wrx\" target=\"_blank\"><strong>El Subaru WRX<\/strong><\/a> es conocido por su potente motor turbo que aporta gran rendimiento y estabilidad en carretera gracias a la Tracci\u00f3n Total Sim\u00e9trica. Esta combinaci\u00f3n permite que todos los conductores s<strong>e sientan seguros y con capacidad de controlen todo tipo de superficies.&nbsp;<\/strong>Por \u00faltimo, lleg\u00f3 un nuevo concepto m\u00e1s deportivo si cabe, del potente <strong><a rel=\"noreferrer noopener\" aria-label=\"El Subaru WRX es conocido por su potente motor turbo que aporta gran rendimiento y estabilidad en carretera gracias a la Tracci\u00f3n Total Sim\u00e9trica. Esta combinaci\u00f3n permite que todos los conductores se sientan seguros y con capacidad de controlen todo tipo de superficies.&nbsp;Por \u00faltimo, lleg\u00f3 un nuevo concepto m\u00e1s deportivo si cabe, del potente Subaru WRXSTI. Un coche con unasl\u00edneas muy depuradas que estilizan considerablemente su carrocer\u00eda. Sucombinaci\u00f3n entre la Tracci\u00f3n Total Sim\u00e9trica y el motor SUBARU B\u00d3XER ofrecenmayor equilibro y una estabilidad perfecta. Sin duda, este es el renacer de unaleyenda.  (opens in a new tab)\" href=\"https:\/\/www.youtube.com\/watch?v=HwSQ8hqN4es\" target=\"_blank\">Subaru WRXSTI<\/a><\/strong>. Un coche con unas l\u00edneas muy depuradas que estilizan considerablemente su carrocer\u00eda. <strong>Sin duda, este es el renacer de una leyenda.<\/strong> <\/p>\n\n\n\n<div class=\"wp-block-image\"><figure class=\"aligncenter is-resized\"><img decoding=\"async\" data-src=\"https:\/\/www.subaru.es\/blog\/wp-content\/uploads\/2018\/12\/All-New-WRXSTI.jpg\" alt=\"\" class=\"wp-image-20251 lazyload\" width=\"572\" height=\"389\" src=\"data:image\/svg+xml;base64,PHN2ZyB3aWR0aD0iMSIgaGVpZ2h0PSIxIiB4bWxucz0iaHR0cDovL3d3dy53My5vcmcvMjAwMC9zdmciPjwvc3ZnPg==\" style=\"--smush-placeholder-width: 572px; --smush-placeholder-aspect-ratio: 572\/389;\" \/><\/figure><\/div>\n\n\n\n<p>Y hasta aqu\u00ed la <a rel=\"noreferrer noopener\" aria-label=\"Y hasta aqu\u00ed la historia Subaru. \u00bfQu\u00e9 nos depara\u00e1 el futuro? \u00a1Se admiten apuestas #Subaristas!&nbsp; (opens in a new tab)\" href=\"https:\/\/www.subaru.es\/blog\/?s=historia\" target=\"_blank\">historia Subaru:&nbsp;<\/a>6 art\u00edculos del blog donde hemos hecho un repaso de la biograf\u00eda de nuestra marca a trav\u00e9s de sus coches, hitos y leyendas. \u00bfQu\u00e9 nos deparar\u00e1 el futuro? \u00a1<strong>Se admiten apuestas #Subaristas!&nbsp;<\/strong><\/p>\n","protected":false},"excerpt":{"rendered":"<p>Apenas quedan unos d\u00edas para iniciar el 2019 y esto significa que queda un a\u00f1o para cambiar de d\u00e9cada, por eso hemos querido hacer un repaso a los principales modelos de Subaru lanzados desde 2010 hasta la actualidad. Siempre hemos mantenido la seguridad y la tecnolog\u00eda como ejes fundamentales en torno a los que apoyarnos [&hellip;]<\/p>\n","protected":false},"author":21,"featured_media":20232,"comment_status":"open","ping_status":"closed","sticky":false,"template":"","format":"standard","meta":{"_acf_changed":false,"_eb_attr":"","inline_featured_image":false,"footnotes":""},"categories":[4401],"tags":[4405,4858,1581,3188,4394,4618,293,4629,4575,4533,4777,3597,64,491,117,4239,1076,4730,3544,4398,4219,4464,4760],"class_list":["post-20224","post","type-post","status-publish","format-standard","has-post-thumbnail","hentry","category-nuestra-marca","tag-all-around-safety","tag-anos-2010","tag-cinco-estrellas-en-seguridad","tag-euro-ncap","tag-eyesight","tag-historia-subaru","tag-motor-boxer","tag-motor-boxer-subaru","tag-seguridad-subaru","tag-subaru-60-aniversario","tag-subaru-all-around-safety","tag-subaru-brz","tag-subaru-espana","tag-subaru-forester","tag-subaru-impreza","tag-subaru-levorg","tag-subaru-outback","tag-subaru-spain","tag-subaru-wrx","tag-subaru-xv","tag-tecnologia-subaru","tag-traccion-total-simetrica","tag-wrxsti"],"acf":[],"yoast_head":"<!-- This site is optimized with the Yoast SEO plugin v27.3 - https:\/\/yoast.com\/product\/yoast-seo-wordpress\/ -->\n<title>Historia de Subaru: desde el 2010 hasta nuestros d\u00edas - Universo Subaru<\/title>\n<meta name=\"robots\" content=\"index, follow, max-snippet:-1, max-image-preview:large, max-video-preview:-1\" \/>\n<link rel=\"canonical\" href=\"https:\/\/www.subaru.es\/blog\/nuestra-marca\/historia-de-subaru-anos-2010\/\" \/>\n<meta property=\"og:locale\" content=\"es_ES\" \/>\n<meta property=\"og:type\" content=\"article\" \/>\n<meta property=\"og:title\" content=\"Historia de Subaru: desde el 2010 hasta nuestros d\u00edas - Universo Subaru\" \/>\n<meta property=\"og:description\" content=\"Apenas quedan unos d\u00edas para iniciar el 2019 y esto significa que queda un a\u00f1o para cambiar de d\u00e9cada, por eso hemos querido hacer un repaso a los principales modelos de Subaru lanzados desde 2010 hasta la actualidad. Siempre hemos mantenido la seguridad y la tecnolog\u00eda como ejes fundamentales en torno a los que apoyarnos [&hellip;]\" \/>\n<meta property=\"og:url\" content=\"https:\/\/www.subaru.es\/blog\/nuestra-marca\/historia-de-subaru-anos-2010\/\" \/>\n<meta property=\"og:site_name\" content=\"Universo Subaru\" \/>\n<meta property=\"article:publisher\" content=\"https:\/\/www.facebook.com\/subaruespana\" \/>\n<meta property=\"article:published_time\" content=\"2018-12-18T16:56:23+00:00\" \/>\n<meta property=\"article:modified_time\" content=\"2018-12-18T16:56:34+00:00\" \/>\n<meta property=\"og:image\" content=\"https:\/\/www.subaru.es\/blog\/wp-content\/uploads\/2018\/12\/Portada_Blog_HistoriaSubaru2010.png\" \/>\n\t<meta property=\"og:image:width\" content=\"1550\" \/>\n\t<meta property=\"og:image:height\" content=\"520\" \/>\n\t<meta property=\"og:image:type\" content=\"image\/png\" \/>\n<meta name=\"author\" content=\"Subaru\" \/>\n<meta name=\"twitter:card\" content=\"summary_large_image\" \/>\n<meta name=\"twitter:label1\" content=\"Escrito por\" \/>\n\t<meta name=\"twitter:data1\" content=\"Subaru\" \/>\n\t<meta name=\"twitter:label2\" content=\"Tiempo de lectura\" \/>\n\t<meta name=\"twitter:data2\" content=\"5 minutos\" \/>\n<script type=\"application\/ld+json\" class=\"yoast-schema-graph\">{\"@context\":\"https:\\\/\\\/schema.org\",\"@graph\":[{\"@type\":\"Article\",\"@id\":\"https:\\\/\\\/www.subaru.es\\\/blog\\\/nuestra-marca\\\/historia-de-subaru-anos-2010\\\/#article\",\"isPartOf\":{\"@id\":\"https:\\\/\\\/www.subaru.es\\\/blog\\\/nuestra-marca\\\/historia-de-subaru-anos-2010\\\/\"},\"author\":{\"name\":\"Subaru\",\"@id\":\"https:\\\/\\\/www.subaru.es\\\/blog\\\/#\\\/schema\\\/person\\\/19a90b892230b8e0ec752704ddf4aa10\"},\"headline\":\"Historia de Subaru: desde el 2010 hasta nuestros d\u00edas\",\"datePublished\":\"2018-12-18T16:56:23+00:00\",\"dateModified\":\"2018-12-18T16:56:34+00:00\",\"mainEntityOfPage\":{\"@id\":\"https:\\\/\\\/www.subaru.es\\\/blog\\\/nuestra-marca\\\/historia-de-subaru-anos-2010\\\/\"},\"wordCount\":1039,\"commentCount\":2,\"publisher\":{\"@id\":\"https:\\\/\\\/www.subaru.es\\\/blog\\\/#organization\"},\"image\":{\"@id\":\"https:\\\/\\\/www.subaru.es\\\/blog\\\/nuestra-marca\\\/historia-de-subaru-anos-2010\\\/#primaryimage\"},\"thumbnailUrl\":\"https:\\\/\\\/www.subaru.es\\\/blog\\\/wp-content\\\/uploads\\\/2018\\\/12\\\/Portada_Blog_HistoriaSubaru2010.png\",\"keywords\":[\"all around safety\",\"anos 2010\",\"cinco estrellas en seguridad\",\"Euro NCAP\",\"EyeSight\",\"historia subaru\",\"motor boxer\",\"motor boxer subaru\",\"Seguridad Subaru\",\"Subaru 60 aniversario\",\"Subaru All Around Safety\",\"Subaru BRZ\",\"subaru espa\u00f1a\",\"subaru forester\",\"subaru impreza\",\"Subaru Levorg\",\"subaru outback\",\"Subaru Spain\",\"subaru wrx\",\"Subaru XV\",\"Tecnolog\u00eda Subaru\",\"Traccion Total Simetrica\",\"WRXSTI\"],\"articleSection\":[\"Nuestra marca\"],\"inLanguage\":\"es\",\"potentialAction\":[{\"@type\":\"CommentAction\",\"name\":\"Comment\",\"target\":[\"https:\\\/\\\/www.subaru.es\\\/blog\\\/nuestra-marca\\\/historia-de-subaru-anos-2010\\\/#respond\"]}]},{\"@type\":\"WebPage\",\"@id\":\"https:\\\/\\\/www.subaru.es\\\/blog\\\/nuestra-marca\\\/historia-de-subaru-anos-2010\\\/\",\"url\":\"https:\\\/\\\/www.subaru.es\\\/blog\\\/nuestra-marca\\\/historia-de-subaru-anos-2010\\\/\",\"name\":\"Historia de Subaru: desde el 2010 hasta nuestros d\u00edas - Universo Subaru\",\"isPartOf\":{\"@id\":\"https:\\\/\\\/www.subaru.es\\\/blog\\\/#website\"},\"primaryImageOfPage\":{\"@id\":\"https:\\\/\\\/www.subaru.es\\\/blog\\\/nuestra-marca\\\/historia-de-subaru-anos-2010\\\/#primaryimage\"},\"image\":{\"@id\":\"https:\\\/\\\/www.subaru.es\\\/blog\\\/nuestra-marca\\\/historia-de-subaru-anos-2010\\\/#primaryimage\"},\"thumbnailUrl\":\"https:\\\/\\\/www.subaru.es\\\/blog\\\/wp-content\\\/uploads\\\/2018\\\/12\\\/Portada_Blog_HistoriaSubaru2010.png\",\"datePublished\":\"2018-12-18T16:56:23+00:00\",\"dateModified\":\"2018-12-18T16:56:34+00:00\",\"breadcrumb\":{\"@id\":\"https:\\\/\\\/www.subaru.es\\\/blog\\\/nuestra-marca\\\/historia-de-subaru-anos-2010\\\/#breadcrumb\"},\"inLanguage\":\"es\",\"potentialAction\":[{\"@type\":\"ReadAction\",\"target\":[\"https:\\\/\\\/www.subaru.es\\\/blog\\\/nuestra-marca\\\/historia-de-subaru-anos-2010\\\/\"]}]},{\"@type\":\"ImageObject\",\"inLanguage\":\"es\",\"@id\":\"https:\\\/\\\/www.subaru.es\\\/blog\\\/nuestra-marca\\\/historia-de-subaru-anos-2010\\\/#primaryimage\",\"url\":\"https:\\\/\\\/www.subaru.es\\\/blog\\\/wp-content\\\/uploads\\\/2018\\\/12\\\/Portada_Blog_HistoriaSubaru2010.png\",\"contentUrl\":\"https:\\\/\\\/www.subaru.es\\\/blog\\\/wp-content\\\/uploads\\\/2018\\\/12\\\/Portada_Blog_HistoriaSubaru2010.png\",\"width\":1550,\"height\":520},{\"@type\":\"BreadcrumbList\",\"@id\":\"https:\\\/\\\/www.subaru.es\\\/blog\\\/nuestra-marca\\\/historia-de-subaru-anos-2010\\\/#breadcrumb\",\"itemListElement\":[{\"@type\":\"ListItem\",\"position\":1,\"name\":\"Portada\",\"item\":\"https:\\\/\\\/www.subaru.es\\\/blog\\\/\"},{\"@type\":\"ListItem\",\"position\":2,\"name\":\"Historia de Subaru: desde el 2010 hasta nuestros d\u00edas\"}]},{\"@type\":\"WebSite\",\"@id\":\"https:\\\/\\\/www.subaru.es\\\/blog\\\/#website\",\"url\":\"https:\\\/\\\/www.subaru.es\\\/blog\\\/\",\"name\":\"Universo Subaru\",\"description\":\"Descubre este apasionante espacio de Subaru donde vas a conocer todo sobre nuestros coches y las experiencias que vivimos con ellos. Si est\u00e1s preparado para dejarte seducir por la filosof\u00eda Subaru, qu\u00e9date con nosotros.\",\"publisher\":{\"@id\":\"https:\\\/\\\/www.subaru.es\\\/blog\\\/#organization\"},\"potentialAction\":[{\"@type\":\"SearchAction\",\"target\":{\"@type\":\"EntryPoint\",\"urlTemplate\":\"https:\\\/\\\/www.subaru.es\\\/blog\\\/?s={search_term_string}\"},\"query-input\":{\"@type\":\"PropertyValueSpecification\",\"valueRequired\":true,\"valueName\":\"search_term_string\"}}],\"inLanguage\":\"es\"},{\"@type\":\"Organization\",\"@id\":\"https:\\\/\\\/www.subaru.es\\\/blog\\\/#organization\",\"name\":\"Subaru Espa\u00f1a S.A.\",\"url\":\"https:\\\/\\\/www.subaru.es\\\/blog\\\/\",\"logo\":{\"@type\":\"ImageObject\",\"inLanguage\":\"es\",\"@id\":\"https:\\\/\\\/www.subaru.es\\\/blog\\\/#\\\/schema\\\/logo\\\/image\\\/\",\"url\":\"https:\\\/\\\/www.subaru.es\\\/blog\\\/wp-content\\\/uploads\\\/2016\\\/12\\\/Logo-Subaru-TypeV_C300-scaled.jpg\",\"contentUrl\":\"https:\\\/\\\/www.subaru.es\\\/blog\\\/wp-content\\\/uploads\\\/2016\\\/12\\\/Logo-Subaru-TypeV_C300-scaled.jpg\",\"width\":2560,\"height\":1864,\"caption\":\"Subaru Espa\u00f1a S.A.\"},\"image\":{\"@id\":\"https:\\\/\\\/www.subaru.es\\\/blog\\\/#\\\/schema\\\/logo\\\/image\\\/\"},\"sameAs\":[\"https:\\\/\\\/www.facebook.com\\\/subaruespana\",\"https:\\\/\\\/www.instagram.com\\\/subarues\\\/\",\"https:\\\/\\\/www.youtube.com\\\/user\\\/subaruespana\"]},{\"@type\":\"Person\",\"@id\":\"https:\\\/\\\/www.subaru.es\\\/blog\\\/#\\\/schema\\\/person\\\/19a90b892230b8e0ec752704ddf4aa10\",\"name\":\"Subaru\",\"url\":\"https:\\\/\\\/www.subaru.es\\\/blog\\\/author\\\/subaria\\\/\"}]}<\/script>\n<!-- \/ Yoast SEO plugin. -->","yoast_head_json":{"title":"Historia de Subaru: desde el 2010 hasta nuestros d\u00edas - Universo Subaru","robots":{"index":"index","follow":"follow","max-snippet":"max-snippet:-1","max-image-preview":"max-image-preview:large","max-video-preview":"max-video-preview:-1"},"canonical":"https:\/\/www.subaru.es\/blog\/nuestra-marca\/historia-de-subaru-anos-2010\/","og_locale":"es_ES","og_type":"article","og_title":"Historia de Subaru: desde el 2010 hasta nuestros d\u00edas - Universo Subaru","og_description":"Apenas quedan unos d\u00edas para iniciar el 2019 y esto significa que queda un a\u00f1o para cambiar de d\u00e9cada, por eso hemos querido hacer un repaso a los principales modelos de Subaru lanzados desde 2010 hasta la actualidad. Siempre hemos mantenido la seguridad y la tecnolog\u00eda como ejes fundamentales en torno a los que apoyarnos [&hellip;]","og_url":"https:\/\/www.subaru.es\/blog\/nuestra-marca\/historia-de-subaru-anos-2010\/","og_site_name":"Universo Subaru","article_publisher":"https:\/\/www.facebook.com\/subaruespana","article_published_time":"2018-12-18T16:56:23+00:00","article_modified_time":"2018-12-18T16:56:34+00:00","og_image":[{"width":1550,"height":520,"url":"https:\/\/www.subaru.es\/blog\/wp-content\/uploads\/2018\/12\/Portada_Blog_HistoriaSubaru2010.png","type":"image\/png"}],"author":"Subaru","twitter_card":"summary_large_image","twitter_misc":{"Escrito por":"Subaru","Tiempo de lectura":"5 minutos"},"schema":{"@context":"https:\/\/schema.org","@graph":[{"@type":"Article","@id":"https:\/\/www.subaru.es\/blog\/nuestra-marca\/historia-de-subaru-anos-2010\/#article","isPartOf":{"@id":"https:\/\/www.subaru.es\/blog\/nuestra-marca\/historia-de-subaru-anos-2010\/"},"author":{"name":"Subaru","@id":"https:\/\/www.subaru.es\/blog\/#\/schema\/person\/19a90b892230b8e0ec752704ddf4aa10"},"headline":"Historia de Subaru: desde el 2010 hasta nuestros d\u00edas","datePublished":"2018-12-18T16:56:23+00:00","dateModified":"2018-12-18T16:56:34+00:00","mainEntityOfPage":{"@id":"https:\/\/www.subaru.es\/blog\/nuestra-marca\/historia-de-subaru-anos-2010\/"},"wordCount":1039,"commentCount":2,"publisher":{"@id":"https:\/\/www.subaru.es\/blog\/#organization"},"image":{"@id":"https:\/\/www.subaru.es\/blog\/nuestra-marca\/historia-de-subaru-anos-2010\/#primaryimage"},"thumbnailUrl":"https:\/\/www.subaru.es\/blog\/wp-content\/uploads\/2018\/12\/Portada_Blog_HistoriaSubaru2010.png","keywords":["all around safety","anos 2010","cinco estrellas en seguridad","Euro NCAP","EyeSight","historia subaru","motor boxer","motor boxer subaru","Seguridad Subaru","Subaru 60 aniversario","Subaru All Around Safety","Subaru BRZ","subaru espa\u00f1a","subaru forester","subaru impreza","Subaru Levorg","subaru outback","Subaru Spain","subaru wrx","Subaru XV","Tecnolog\u00eda Subaru","Traccion Total Simetrica","WRXSTI"],"articleSection":["Nuestra marca"],"inLanguage":"es","potentialAction":[{"@type":"CommentAction","name":"Comment","target":["https:\/\/www.subaru.es\/blog\/nuestra-marca\/historia-de-subaru-anos-2010\/#respond"]}]},{"@type":"WebPage","@id":"https:\/\/www.subaru.es\/blog\/nuestra-marca\/historia-de-subaru-anos-2010\/","url":"https:\/\/www.subaru.es\/blog\/nuestra-marca\/historia-de-subaru-anos-2010\/","name":"Historia de Subaru: desde el 2010 hasta nuestros d\u00edas - Universo Subaru","isPartOf":{"@id":"https:\/\/www.subaru.es\/blog\/#website"},"primaryImageOfPage":{"@id":"https:\/\/www.subaru.es\/blog\/nuestra-marca\/historia-de-subaru-anos-2010\/#primaryimage"},"image":{"@id":"https:\/\/www.subaru.es\/blog\/nuestra-marca\/historia-de-subaru-anos-2010\/#primaryimage"},"thumbnailUrl":"https:\/\/www.subaru.es\/blog\/wp-content\/uploads\/2018\/12\/Portada_Blog_HistoriaSubaru2010.png","datePublished":"2018-12-18T16:56:23+00:00","dateModified":"2018-12-18T16:56:34+00:00","breadcrumb":{"@id":"https:\/\/www.subaru.es\/blog\/nuestra-marca\/historia-de-subaru-anos-2010\/#breadcrumb"},"inLanguage":"es","potentialAction":[{"@type":"ReadAction","target":["https:\/\/www.subaru.es\/blog\/nuestra-marca\/historia-de-subaru-anos-2010\/"]}]},{"@type":"ImageObject","inLanguage":"es","@id":"https:\/\/www.subaru.es\/blog\/nuestra-marca\/historia-de-subaru-anos-2010\/#primaryimage","url":"https:\/\/www.subaru.es\/blog\/wp-content\/uploads\/2018\/12\/Portada_Blog_HistoriaSubaru2010.png","contentUrl":"https:\/\/www.subaru.es\/blog\/wp-content\/uploads\/2018\/12\/Portada_Blog_HistoriaSubaru2010.png","width":1550,"height":520},{"@type":"BreadcrumbList","@id":"https:\/\/www.subaru.es\/blog\/nuestra-marca\/historia-de-subaru-anos-2010\/#breadcrumb","itemListElement":[{"@type":"ListItem","position":1,"name":"Portada","item":"https:\/\/www.subaru.es\/blog\/"},{"@type":"ListItem","position":2,"name":"Historia de Subaru: desde el 2010 hasta nuestros d\u00edas"}]},{"@type":"WebSite","@id":"https:\/\/www.subaru.es\/blog\/#website","url":"https:\/\/www.subaru.es\/blog\/","name":"Universo Subaru","description":"Descubre este apasionante espacio de Subaru donde vas a conocer todo sobre nuestros coches y las experiencias que vivimos con ellos. Si est\u00e1s preparado para dejarte seducir por la filosof\u00eda Subaru, qu\u00e9date con nosotros.","publisher":{"@id":"https:\/\/www.subaru.es\/blog\/#organization"},"potentialAction":[{"@type":"SearchAction","target":{"@type":"EntryPoint","urlTemplate":"https:\/\/www.subaru.es\/blog\/?s={search_term_string}"},"query-input":{"@type":"PropertyValueSpecification","valueRequired":true,"valueName":"search_term_string"}}],"inLanguage":"es"},{"@type":"Organization","@id":"https:\/\/www.subaru.es\/blog\/#organization","name":"Subaru Espa\u00f1a S.A.","url":"https:\/\/www.subaru.es\/blog\/","logo":{"@type":"ImageObject","inLanguage":"es","@id":"https:\/\/www.subaru.es\/blog\/#\/schema\/logo\/image\/","url":"https:\/\/www.subaru.es\/blog\/wp-content\/uploads\/2016\/12\/Logo-Subaru-TypeV_C300-scaled.jpg","contentUrl":"https:\/\/www.subaru.es\/blog\/wp-content\/uploads\/2016\/12\/Logo-Subaru-TypeV_C300-scaled.jpg","width":2560,"height":1864,"caption":"Subaru Espa\u00f1a S.A."},"image":{"@id":"https:\/\/www.subaru.es\/blog\/#\/schema\/logo\/image\/"},"sameAs":["https:\/\/www.facebook.com\/subaruespana","https:\/\/www.instagram.com\/subarues\/","https:\/\/www.youtube.com\/user\/subaruespana"]},{"@type":"Person","@id":"https:\/\/www.subaru.es\/blog\/#\/schema\/person\/19a90b892230b8e0ec752704ddf4aa10","name":"Subaru","url":"https:\/\/www.subaru.es\/blog\/author\/subaria\/"}]}},"_links":{"self":[{"href":"https:\/\/www.subaru.es\/blog\/wp-json\/wp\/v2\/posts\/20224","targetHints":{"allow":["GET"]}}],"collection":[{"href":"https:\/\/www.subaru.es\/blog\/wp-json\/wp\/v2\/posts"}],"about":[{"href":"https:\/\/www.subaru.es\/blog\/wp-json\/wp\/v2\/types\/post"}],"author":[{"embeddable":true,"href":"https:\/\/www.subaru.es\/blog\/wp-json\/wp\/v2\/users\/21"}],"replies":[{"embeddable":true,"href":"https:\/\/www.subaru.es\/blog\/wp-json\/wp\/v2\/comments?post=20224"}],"version-history":[{"count":21,"href":"https:\/\/www.subaru.es\/blog\/wp-json\/wp\/v2\/posts\/20224\/revisions"}],"predecessor-version":[{"id":20266,"href":"https:\/\/www.subaru.es\/blog\/wp-json\/wp\/v2\/posts\/20224\/revisions\/20266"}],"wp:featuredmedia":[{"embeddable":true,"href":"https:\/\/www.subaru.es\/blog\/wp-json\/wp\/v2\/media\/20232"}],"wp:attachment":[{"href":"https:\/\/www.subaru.es\/blog\/wp-json\/wp\/v2\/media?parent=20224"}],"wp:term":[{"taxonomy":"category","embeddable":true,"href":"https:\/\/www.subaru.es\/blog\/wp-json\/wp\/v2\/categories?post=20224"},{"taxonomy":"post_tag","embeddable":true,"href":"https:\/\/www.subaru.es\/blog\/wp-json\/wp\/v2\/tags?post=20224"}],"curies":[{"name":"wp","href":"https:\/\/api.w.org\/{rel}","templated":true}]}}