{"id":20207,"date":"2018-12-11T17:15:30","date_gmt":"2018-12-11T15:15:30","guid":{"rendered":"https:\/\/www.subaru.es\/blog\/?p=20207"},"modified":"2018-12-11T17:41:05","modified_gmt":"2018-12-11T15:41:05","slug":"la-decision-valiente-de-javier-medina","status":"publish","type":"post","link":"https:\/\/www.subaru.es\/blog\/subaru-lifestyle\/la-decision-valiente-de-javier-medina\/","title":{"rendered":"La decisi\u00f3n m\u00e1s valiente de Javier Medina"},"content":{"rendered":"<p>Ya llevo un tiempo en Madrid. He conseguido crear un espacio de trabajo acorde con lo que yo soy, con lo que siento, con lo que <strong><a href=\"https:\/\/www.subaru.es\/blog\/subaru-offroaders\/la-historia-de-javier-medina\/\" target=\"_blank\" rel=\"noopener\">realmente quiero y me gusta hacer<\/a>.<\/strong><\/p>\n<p>No tengo una explicaci\u00f3n clara, pero tengo la sensaci\u00f3n de que cuando <a href=\"https:\/\/www.instagram.com\/javiersanchezmedina\/?hl=es\" target=\"_blank\" rel=\"noopener\"><strong>uno consigue sus sue\u00f1os<\/strong><\/a>, por muy satisfecho que se encuentre, siente que puede ir un paso m\u00e1s all\u00e1. No s\u00e9 si es ambici\u00f3n, o quiz\u00e1s inconformismo, pero creo que a\u00fan <strong>tengo una asignatura pendiente<\/strong>. Quiero llevar mi arte m\u00e1s lejos, all\u00ed donde s\u00e9 que puede tener cabida, aun sabiendo lo que me ha costado llegar donde estoy.<\/p>\n<p>Ahora estoy abriendo un <strong>nuevo taller<\/strong> bastante m\u00e1s grande que el que tengo, para convertirlo en un espacio de intercambio art\u00edstico y cultural siempre en lo referente a las profesiones artesanales y milenarias como la m\u00eda. Me gustar\u00eda que, adem\u00e1s de ser un espacio donde se vea el trabajo de nuevos artistas que como yo est\u00e1n intentando dar salida a esas profesiones de antes, fuera un lugar donde quien quisiera pudiera aprender dichos oficios, no solo de aqu\u00ed sino de muchos otros lugares del mundo como <strong>por ejemplo\u2026 Nueva York<\/strong>.<\/p>\n<p><strong>VIDEO<\/strong><\/p>\n<p>En mi vida he tenido que <strong>tomar muchas decisiones<\/strong>, pero esta va a ser <a href=\"https:\/\/www.youtube.com\/watch?v=EvF_cW6-YUk\" target=\"_blank\" rel=\"noopener\"><strong>la m\u00e1s valiente de todas<\/strong><\/a>. Sue\u00f1o con poder trasladarme all\u00ed alg\u00fan d\u00eda y mostrar mi arte. Es una ciudad de la que estoy absolutamente enamorado. Quiero disfrutar de ese ritmo tan loco de coches, carreras, prisas, luces, acero, cristal\u2026 y enfrentarlo a la vez, al tiempo, la lentitud y la dedicaci\u00f3n que requiere mi trabajo artesanal. Es una experiencia con la que estoy seguro de que disfrutar\u00e9 mucho y me har\u00e1 sentir parte de una urbe que est\u00e1 en constante cambio y evoluci\u00f3n&#8230;como yo.<\/p>\n<p>De momento, voy con calma; trabajando ese contraste entre ritmos acelerados y tiempos artesanos, recorriendo el camino acompa\u00f1ado de <strong>mi inseparable <a href=\"http:\/\/www.subaru.es\" target=\"_blank\" rel=\"noopener\">Subaru<\/a><\/strong>, buscando nuevas ideas, nuevas inspiraciones, <strong>todo con un objetivo\u2026llegar m\u00e1s lejos<\/strong>.<\/p>\n<p><img decoding=\"async\" width=\"560\" height=\"374\" class=\"aligncenter size-medium wp-image-20212 lazyload\" data-src=\"https:\/\/www.subaru.es\/blog\/wp-content\/uploads\/2018\/12\/Javier-S-Medina-retocada-2-560x374.jpg\" alt=\"\" data-srcset=\"https:\/\/www.subaru.es\/blog\/wp-content\/uploads\/2018\/12\/Javier-S-Medina-retocada-2-560x374.jpg 560w, https:\/\/www.subaru.es\/blog\/wp-content\/uploads\/2018\/12\/Javier-S-Medina-retocada-2-768x512.jpg 768w, https:\/\/www.subaru.es\/blog\/wp-content\/uploads\/2018\/12\/Javier-S-Medina-retocada-2.jpg 1000w\" data-sizes=\"(max-width: 560px) 100vw, 560px\" src=\"data:image\/svg+xml;base64,PHN2ZyB3aWR0aD0iMSIgaGVpZ2h0PSIxIiB4bWxucz0iaHR0cDovL3d3dy53My5vcmcvMjAwMC9zdmciPjwvc3ZnPg==\" style=\"--smush-placeholder-width: 560px; --smush-placeholder-aspect-ratio: 560\/374;\" \/><\/p>\n<p>Hay miles de t\u00e9cnicas art\u00edsticas importadas de todas las partes del globo que son enormemente interesantes y que, gracias en parte a esta globalizaci\u00f3n en la que vivimos ahora, lejos de desaparecer, evolucionan y se enriquecen, d\u00eda a d\u00eda, de la gente nueva que se dedica a ello.<\/p>\n<p>Esta es <strong>mi decisi\u00f3n valiente<\/strong>, todo un reto para un <a href=\"https:\/\/www.subaru.es\/blog\/subaru-offroaders\/filosofia-subaruoffroaders\/\" target=\"_blank\" rel=\"noopener\"><strong>aut\u00e9ntico SubaruOffRoaders<\/strong><\/a> como yo. Quiero replicar este mismo espacio de intercambio art\u00edstico que tantas alegr\u00edas me ha dado, pero en la ciudad que nunca duerme.<\/p>\n<p><img decoding=\"async\" width=\"560\" height=\"374\" class=\"aligncenter size-medium wp-image-20213 lazyload\" data-src=\"https:\/\/www.subaru.es\/blog\/wp-content\/uploads\/2018\/12\/Rodaje-J-S-Medina-20-560x374.jpg\" alt=\"\" data-srcset=\"https:\/\/www.subaru.es\/blog\/wp-content\/uploads\/2018\/12\/Rodaje-J-S-Medina-20-560x374.jpg 560w, https:\/\/www.subaru.es\/blog\/wp-content\/uploads\/2018\/12\/Rodaje-J-S-Medina-20-768x512.jpg 768w, https:\/\/www.subaru.es\/blog\/wp-content\/uploads\/2018\/12\/Rodaje-J-S-Medina-20.jpg 1000w\" data-sizes=\"(max-width: 560px) 100vw, 560px\" src=\"data:image\/svg+xml;base64,PHN2ZyB3aWR0aD0iMSIgaGVpZ2h0PSIxIiB4bWxucz0iaHR0cDovL3d3dy53My5vcmcvMjAwMC9zdmciPjwvc3ZnPg==\" style=\"--smush-placeholder-width: 560px; --smush-placeholder-aspect-ratio: 560\/374;\" \/><\/p>\n<p><strong>\u00a1Eso s\u00ed que es un RETO con may\u00fasculas!<\/strong><\/p>\n","protected":false},"excerpt":{"rendered":"<p>Ya llevo un tiempo en Madrid. He conseguido crear un espacio de trabajo acorde con lo que yo soy, con lo que siento, con lo que realmente quiero y me gusta hacer. No tengo una explicaci\u00f3n clara, pero tengo la sensaci\u00f3n de que cuando uno consigue sus sue\u00f1os, por muy satisfecho que se encuentre, siente [&hellip;]<\/p>\n","protected":false},"author":27,"featured_media":20217,"comment_status":"open","ping_status":"closed","sticky":false,"template":"","format":"standard","meta":{"_acf_changed":false,"_eb_attr":"","inline_featured_image":false,"footnotes":""},"categories":[4520],"tags":[4709,4710,4837,4712,1595,4609,735,4532,4651,4857,4713,4847,4708,4545,4737,4846,64,4730,4437,4711,4531,4530],"class_list":["post-20207","post","type-post","status-publish","format-standard","has-post-thumbnail","hentry","category-subaru-lifestyle","tag-artesania","tag-artesano","tag-decisiones-valientes","tag-decoracion","tag-diseno","tag-disruptivo","tag-estilo-de-vida","tag-filosofia-subaru","tag-filosofia-subaruoffroaders","tag-handmade","tag-hecho-a-mano","tag-historias-valientes","tag-javier-s-medina","tag-momentos-subaru","tag-storytellers","tag-storytellers-subaru","tag-subaru-espana","tag-subaru-spain","tag-subaruoffroaders","tag-taller-artesania","tag-valores-subaru","tag-vida-subaru"],"acf":[],"yoast_head":"<!-- This site is optimized with the Yoast SEO plugin v27.3 - https:\/\/yoast.com\/product\/yoast-seo-wordpress\/ -->\n<title>La decisi\u00f3n m\u00e1s valiente de Javier Medina - Universo Subaru<\/title>\n<meta name=\"robots\" content=\"index, follow, max-snippet:-1, max-image-preview:large, max-video-preview:-1\" \/>\n<link rel=\"canonical\" href=\"https:\/\/www.subaru.es\/blog\/subaru-lifestyle\/la-decision-valiente-de-javier-medina\/\" \/>\n<meta property=\"og:locale\" content=\"es_ES\" \/>\n<meta property=\"og:type\" content=\"article\" \/>\n<meta property=\"og:title\" content=\"La decisi\u00f3n m\u00e1s valiente de Javier Medina - Universo Subaru\" \/>\n<meta property=\"og:description\" content=\"Ya llevo un tiempo en Madrid. He conseguido crear un espacio de trabajo acorde con lo que yo soy, con lo que siento, con lo que realmente quiero y me gusta hacer. No tengo una explicaci\u00f3n clara, pero tengo la sensaci\u00f3n de que cuando uno consigue sus sue\u00f1os, por muy satisfecho que se encuentre, siente [&hellip;]\" \/>\n<meta property=\"og:url\" content=\"https:\/\/www.subaru.es\/blog\/subaru-lifestyle\/la-decision-valiente-de-javier-medina\/\" \/>\n<meta property=\"og:site_name\" content=\"Universo Subaru\" \/>\n<meta property=\"article:publisher\" content=\"https:\/\/www.facebook.com\/subaruespana\" \/>\n<meta property=\"article:published_time\" content=\"2018-12-11T15:15:30+00:00\" \/>\n<meta property=\"article:modified_time\" content=\"2018-12-11T15:41:05+00:00\" \/>\n<meta property=\"og:image\" content=\"https:\/\/www.subaru.es\/blog\/wp-content\/uploads\/2018\/12\/Portada_Blog_JavierMedina3.png\" \/>\n\t<meta property=\"og:image:width\" content=\"1550\" \/>\n\t<meta property=\"og:image:height\" content=\"520\" \/>\n\t<meta property=\"og:image:type\" content=\"image\/png\" \/>\n<meta name=\"author\" content=\"Javier S Medina\" \/>\n<meta name=\"twitter:card\" content=\"summary_large_image\" \/>\n<meta name=\"twitter:label1\" content=\"Escrito por\" \/>\n\t<meta name=\"twitter:data1\" content=\"Javier S Medina\" \/>\n\t<meta name=\"twitter:label2\" content=\"Tiempo de lectura\" \/>\n\t<meta name=\"twitter:data2\" content=\"2 minutos\" \/>\n<script type=\"application\/ld+json\" class=\"yoast-schema-graph\">{\"@context\":\"https:\\\/\\\/schema.org\",\"@graph\":[{\"@type\":\"Article\",\"@id\":\"https:\\\/\\\/www.subaru.es\\\/blog\\\/subaru-lifestyle\\\/la-decision-valiente-de-javier-medina\\\/#article\",\"isPartOf\":{\"@id\":\"https:\\\/\\\/www.subaru.es\\\/blog\\\/subaru-lifestyle\\\/la-decision-valiente-de-javier-medina\\\/\"},\"author\":{\"name\":\"Javier S Medina\",\"@id\":\"https:\\\/\\\/www.subaru.es\\\/blog\\\/#\\\/schema\\\/person\\\/3cfbe43a6fd4c042c9e3586f790a2a78\"},\"headline\":\"La decisi\u00f3n m\u00e1s valiente de Javier Medina\",\"datePublished\":\"2018-12-11T15:15:30+00:00\",\"dateModified\":\"2018-12-11T15:41:05+00:00\",\"mainEntityOfPage\":{\"@id\":\"https:\\\/\\\/www.subaru.es\\\/blog\\\/subaru-lifestyle\\\/la-decision-valiente-de-javier-medina\\\/\"},\"wordCount\":457,\"commentCount\":0,\"publisher\":{\"@id\":\"https:\\\/\\\/www.subaru.es\\\/blog\\\/#organization\"},\"image\":{\"@id\":\"https:\\\/\\\/www.subaru.es\\\/blog\\\/subaru-lifestyle\\\/la-decision-valiente-de-javier-medina\\\/#primaryimage\"},\"thumbnailUrl\":\"https:\\\/\\\/www.subaru.es\\\/blog\\\/wp-content\\\/uploads\\\/2018\\\/12\\\/Portada_Blog_JavierMedina3.png\",\"keywords\":[\"artesan\u00eda\",\"artesano\",\"Decisiones Valientes\",\"decoraci\u00f3n\",\"dise\u00f1o\",\"disruptivo\",\"estilo de vida\",\"Filosof\u00eda Subaru\",\"Filosof\u00eda SubaruOffRoaders\",\"handmade\",\"hecho a mano\",\"historias valientes\",\"Javier S Medina\",\"Momentos Subaru\",\"storytellers\",\"storytellers Subaru\",\"subaru espa\u00f1a\",\"Subaru Spain\",\"SubaruOffroaders\",\"taller artesania\",\"Valores Subaru\",\"Vida Subaru\"],\"articleSection\":[\"Subaru LifeStyle\"],\"inLanguage\":\"es\",\"potentialAction\":[{\"@type\":\"CommentAction\",\"name\":\"Comment\",\"target\":[\"https:\\\/\\\/www.subaru.es\\\/blog\\\/subaru-lifestyle\\\/la-decision-valiente-de-javier-medina\\\/#respond\"]}]},{\"@type\":\"WebPage\",\"@id\":\"https:\\\/\\\/www.subaru.es\\\/blog\\\/subaru-lifestyle\\\/la-decision-valiente-de-javier-medina\\\/\",\"url\":\"https:\\\/\\\/www.subaru.es\\\/blog\\\/subaru-lifestyle\\\/la-decision-valiente-de-javier-medina\\\/\",\"name\":\"La decisi\u00f3n m\u00e1s valiente de Javier Medina - Universo Subaru\",\"isPartOf\":{\"@id\":\"https:\\\/\\\/www.subaru.es\\\/blog\\\/#website\"},\"primaryImageOfPage\":{\"@id\":\"https:\\\/\\\/www.subaru.es\\\/blog\\\/subaru-lifestyle\\\/la-decision-valiente-de-javier-medina\\\/#primaryimage\"},\"image\":{\"@id\":\"https:\\\/\\\/www.subaru.es\\\/blog\\\/subaru-lifestyle\\\/la-decision-valiente-de-javier-medina\\\/#primaryimage\"},\"thumbnailUrl\":\"https:\\\/\\\/www.subaru.es\\\/blog\\\/wp-content\\\/uploads\\\/2018\\\/12\\\/Portada_Blog_JavierMedina3.png\",\"datePublished\":\"2018-12-11T15:15:30+00:00\",\"dateModified\":\"2018-12-11T15:41:05+00:00\",\"breadcrumb\":{\"@id\":\"https:\\\/\\\/www.subaru.es\\\/blog\\\/subaru-lifestyle\\\/la-decision-valiente-de-javier-medina\\\/#breadcrumb\"},\"inLanguage\":\"es\",\"potentialAction\":[{\"@type\":\"ReadAction\",\"target\":[\"https:\\\/\\\/www.subaru.es\\\/blog\\\/subaru-lifestyle\\\/la-decision-valiente-de-javier-medina\\\/\"]}]},{\"@type\":\"ImageObject\",\"inLanguage\":\"es\",\"@id\":\"https:\\\/\\\/www.subaru.es\\\/blog\\\/subaru-lifestyle\\\/la-decision-valiente-de-javier-medina\\\/#primaryimage\",\"url\":\"https:\\\/\\\/www.subaru.es\\\/blog\\\/wp-content\\\/uploads\\\/2018\\\/12\\\/Portada_Blog_JavierMedina3.png\",\"contentUrl\":\"https:\\\/\\\/www.subaru.es\\\/blog\\\/wp-content\\\/uploads\\\/2018\\\/12\\\/Portada_Blog_JavierMedina3.png\",\"width\":1550,\"height\":520},{\"@type\":\"BreadcrumbList\",\"@id\":\"https:\\\/\\\/www.subaru.es\\\/blog\\\/subaru-lifestyle\\\/la-decision-valiente-de-javier-medina\\\/#breadcrumb\",\"itemListElement\":[{\"@type\":\"ListItem\",\"position\":1,\"name\":\"Portada\",\"item\":\"https:\\\/\\\/www.subaru.es\\\/blog\\\/\"},{\"@type\":\"ListItem\",\"position\":2,\"name\":\"La decisi\u00f3n m\u00e1s valiente de Javier Medina\"}]},{\"@type\":\"WebSite\",\"@id\":\"https:\\\/\\\/www.subaru.es\\\/blog\\\/#website\",\"url\":\"https:\\\/\\\/www.subaru.es\\\/blog\\\/\",\"name\":\"Universo Subaru\",\"description\":\"Descubre este apasionante espacio de Subaru donde vas a conocer todo sobre nuestros coches y las experiencias que vivimos con ellos. Si est\u00e1s preparado para dejarte seducir por la filosof\u00eda Subaru, qu\u00e9date con nosotros.\",\"publisher\":{\"@id\":\"https:\\\/\\\/www.subaru.es\\\/blog\\\/#organization\"},\"potentialAction\":[{\"@type\":\"SearchAction\",\"target\":{\"@type\":\"EntryPoint\",\"urlTemplate\":\"https:\\\/\\\/www.subaru.es\\\/blog\\\/?s={search_term_string}\"},\"query-input\":{\"@type\":\"PropertyValueSpecification\",\"valueRequired\":true,\"valueName\":\"search_term_string\"}}],\"inLanguage\":\"es\"},{\"@type\":\"Organization\",\"@id\":\"https:\\\/\\\/www.subaru.es\\\/blog\\\/#organization\",\"name\":\"Subaru Espa\u00f1a S.A.\",\"url\":\"https:\\\/\\\/www.subaru.es\\\/blog\\\/\",\"logo\":{\"@type\":\"ImageObject\",\"inLanguage\":\"es\",\"@id\":\"https:\\\/\\\/www.subaru.es\\\/blog\\\/#\\\/schema\\\/logo\\\/image\\\/\",\"url\":\"https:\\\/\\\/www.subaru.es\\\/blog\\\/wp-content\\\/uploads\\\/2016\\\/12\\\/Logo-Subaru-TypeV_C300-scaled.jpg\",\"contentUrl\":\"https:\\\/\\\/www.subaru.es\\\/blog\\\/wp-content\\\/uploads\\\/2016\\\/12\\\/Logo-Subaru-TypeV_C300-scaled.jpg\",\"width\":2560,\"height\":1864,\"caption\":\"Subaru Espa\u00f1a S.A.\"},\"image\":{\"@id\":\"https:\\\/\\\/www.subaru.es\\\/blog\\\/#\\\/schema\\\/logo\\\/image\\\/\"},\"sameAs\":[\"https:\\\/\\\/www.facebook.com\\\/subaruespana\",\"https:\\\/\\\/www.instagram.com\\\/subarues\\\/\",\"https:\\\/\\\/www.youtube.com\\\/user\\\/subaruespana\"]},{\"@type\":\"Person\",\"@id\":\"https:\\\/\\\/www.subaru.es\\\/blog\\\/#\\\/schema\\\/person\\\/3cfbe43a6fd4c042c9e3586f790a2a78\",\"name\":\"Javier S Medina\",\"url\":\"https:\\\/\\\/www.subaru.es\\\/blog\\\/author\\\/javier-medina\\\/\"}]}<\/script>\n<!-- \/ Yoast SEO plugin. -->","yoast_head_json":{"title":"La decisi\u00f3n m\u00e1s valiente de Javier Medina - Universo Subaru","robots":{"index":"index","follow":"follow","max-snippet":"max-snippet:-1","max-image-preview":"max-image-preview:large","max-video-preview":"max-video-preview:-1"},"canonical":"https:\/\/www.subaru.es\/blog\/subaru-lifestyle\/la-decision-valiente-de-javier-medina\/","og_locale":"es_ES","og_type":"article","og_title":"La decisi\u00f3n m\u00e1s valiente de Javier Medina - Universo Subaru","og_description":"Ya llevo un tiempo en Madrid. He conseguido crear un espacio de trabajo acorde con lo que yo soy, con lo que siento, con lo que realmente quiero y me gusta hacer. No tengo una explicaci\u00f3n clara, pero tengo la sensaci\u00f3n de que cuando uno consigue sus sue\u00f1os, por muy satisfecho que se encuentre, siente [&hellip;]","og_url":"https:\/\/www.subaru.es\/blog\/subaru-lifestyle\/la-decision-valiente-de-javier-medina\/","og_site_name":"Universo Subaru","article_publisher":"https:\/\/www.facebook.com\/subaruespana","article_published_time":"2018-12-11T15:15:30+00:00","article_modified_time":"2018-12-11T15:41:05+00:00","og_image":[{"width":1550,"height":520,"url":"https:\/\/www.subaru.es\/blog\/wp-content\/uploads\/2018\/12\/Portada_Blog_JavierMedina3.png","type":"image\/png"}],"author":"Javier S Medina","twitter_card":"summary_large_image","twitter_misc":{"Escrito por":"Javier S Medina","Tiempo de lectura":"2 minutos"},"schema":{"@context":"https:\/\/schema.org","@graph":[{"@type":"Article","@id":"https:\/\/www.subaru.es\/blog\/subaru-lifestyle\/la-decision-valiente-de-javier-medina\/#article","isPartOf":{"@id":"https:\/\/www.subaru.es\/blog\/subaru-lifestyle\/la-decision-valiente-de-javier-medina\/"},"author":{"name":"Javier S Medina","@id":"https:\/\/www.subaru.es\/blog\/#\/schema\/person\/3cfbe43a6fd4c042c9e3586f790a2a78"},"headline":"La decisi\u00f3n m\u00e1s valiente de Javier Medina","datePublished":"2018-12-11T15:15:30+00:00","dateModified":"2018-12-11T15:41:05+00:00","mainEntityOfPage":{"@id":"https:\/\/www.subaru.es\/blog\/subaru-lifestyle\/la-decision-valiente-de-javier-medina\/"},"wordCount":457,"commentCount":0,"publisher":{"@id":"https:\/\/www.subaru.es\/blog\/#organization"},"image":{"@id":"https:\/\/www.subaru.es\/blog\/subaru-lifestyle\/la-decision-valiente-de-javier-medina\/#primaryimage"},"thumbnailUrl":"https:\/\/www.subaru.es\/blog\/wp-content\/uploads\/2018\/12\/Portada_Blog_JavierMedina3.png","keywords":["artesan\u00eda","artesano","Decisiones Valientes","decoraci\u00f3n","dise\u00f1o","disruptivo","estilo de vida","Filosof\u00eda Subaru","Filosof\u00eda SubaruOffRoaders","handmade","hecho a mano","historias valientes","Javier S Medina","Momentos Subaru","storytellers","storytellers Subaru","subaru espa\u00f1a","Subaru Spain","SubaruOffroaders","taller artesania","Valores Subaru","Vida Subaru"],"articleSection":["Subaru LifeStyle"],"inLanguage":"es","potentialAction":[{"@type":"CommentAction","name":"Comment","target":["https:\/\/www.subaru.es\/blog\/subaru-lifestyle\/la-decision-valiente-de-javier-medina\/#respond"]}]},{"@type":"WebPage","@id":"https:\/\/www.subaru.es\/blog\/subaru-lifestyle\/la-decision-valiente-de-javier-medina\/","url":"https:\/\/www.subaru.es\/blog\/subaru-lifestyle\/la-decision-valiente-de-javier-medina\/","name":"La decisi\u00f3n m\u00e1s valiente de Javier Medina - Universo Subaru","isPartOf":{"@id":"https:\/\/www.subaru.es\/blog\/#website"},"primaryImageOfPage":{"@id":"https:\/\/www.subaru.es\/blog\/subaru-lifestyle\/la-decision-valiente-de-javier-medina\/#primaryimage"},"image":{"@id":"https:\/\/www.subaru.es\/blog\/subaru-lifestyle\/la-decision-valiente-de-javier-medina\/#primaryimage"},"thumbnailUrl":"https:\/\/www.subaru.es\/blog\/wp-content\/uploads\/2018\/12\/Portada_Blog_JavierMedina3.png","datePublished":"2018-12-11T15:15:30+00:00","dateModified":"2018-12-11T15:41:05+00:00","breadcrumb":{"@id":"https:\/\/www.subaru.es\/blog\/subaru-lifestyle\/la-decision-valiente-de-javier-medina\/#breadcrumb"},"inLanguage":"es","potentialAction":[{"@type":"ReadAction","target":["https:\/\/www.subaru.es\/blog\/subaru-lifestyle\/la-decision-valiente-de-javier-medina\/"]}]},{"@type":"ImageObject","inLanguage":"es","@id":"https:\/\/www.subaru.es\/blog\/subaru-lifestyle\/la-decision-valiente-de-javier-medina\/#primaryimage","url":"https:\/\/www.subaru.es\/blog\/wp-content\/uploads\/2018\/12\/Portada_Blog_JavierMedina3.png","contentUrl":"https:\/\/www.subaru.es\/blog\/wp-content\/uploads\/2018\/12\/Portada_Blog_JavierMedina3.png","width":1550,"height":520},{"@type":"BreadcrumbList","@id":"https:\/\/www.subaru.es\/blog\/subaru-lifestyle\/la-decision-valiente-de-javier-medina\/#breadcrumb","itemListElement":[{"@type":"ListItem","position":1,"name":"Portada","item":"https:\/\/www.subaru.es\/blog\/"},{"@type":"ListItem","position":2,"name":"La decisi\u00f3n m\u00e1s valiente de Javier Medina"}]},{"@type":"WebSite","@id":"https:\/\/www.subaru.es\/blog\/#website","url":"https:\/\/www.subaru.es\/blog\/","name":"Universo Subaru","description":"Descubre este apasionante espacio de Subaru donde vas a conocer todo sobre nuestros coches y las experiencias que vivimos con ellos. Si est\u00e1s preparado para dejarte seducir por la filosof\u00eda Subaru, qu\u00e9date con nosotros.","publisher":{"@id":"https:\/\/www.subaru.es\/blog\/#organization"},"potentialAction":[{"@type":"SearchAction","target":{"@type":"EntryPoint","urlTemplate":"https:\/\/www.subaru.es\/blog\/?s={search_term_string}"},"query-input":{"@type":"PropertyValueSpecification","valueRequired":true,"valueName":"search_term_string"}}],"inLanguage":"es"},{"@type":"Organization","@id":"https:\/\/www.subaru.es\/blog\/#organization","name":"Subaru Espa\u00f1a S.A.","url":"https:\/\/www.subaru.es\/blog\/","logo":{"@type":"ImageObject","inLanguage":"es","@id":"https:\/\/www.subaru.es\/blog\/#\/schema\/logo\/image\/","url":"https:\/\/www.subaru.es\/blog\/wp-content\/uploads\/2016\/12\/Logo-Subaru-TypeV_C300-scaled.jpg","contentUrl":"https:\/\/www.subaru.es\/blog\/wp-content\/uploads\/2016\/12\/Logo-Subaru-TypeV_C300-scaled.jpg","width":2560,"height":1864,"caption":"Subaru Espa\u00f1a S.A."},"image":{"@id":"https:\/\/www.subaru.es\/blog\/#\/schema\/logo\/image\/"},"sameAs":["https:\/\/www.facebook.com\/subaruespana","https:\/\/www.instagram.com\/subarues\/","https:\/\/www.youtube.com\/user\/subaruespana"]},{"@type":"Person","@id":"https:\/\/www.subaru.es\/blog\/#\/schema\/person\/3cfbe43a6fd4c042c9e3586f790a2a78","name":"Javier S Medina","url":"https:\/\/www.subaru.es\/blog\/author\/javier-medina\/"}]}},"_links":{"self":[{"href":"https:\/\/www.subaru.es\/blog\/wp-json\/wp\/v2\/posts\/20207","targetHints":{"allow":["GET"]}}],"collection":[{"href":"https:\/\/www.subaru.es\/blog\/wp-json\/wp\/v2\/posts"}],"about":[{"href":"https:\/\/www.subaru.es\/blog\/wp-json\/wp\/v2\/types\/post"}],"author":[{"embeddable":true,"href":"https:\/\/www.subaru.es\/blog\/wp-json\/wp\/v2\/users\/27"}],"replies":[{"embeddable":true,"href":"https:\/\/www.subaru.es\/blog\/wp-json\/wp\/v2\/comments?post=20207"}],"version-history":[{"count":7,"href":"https:\/\/www.subaru.es\/blog\/wp-json\/wp\/v2\/posts\/20207\/revisions"}],"predecessor-version":[{"id":20222,"href":"https:\/\/www.subaru.es\/blog\/wp-json\/wp\/v2\/posts\/20207\/revisions\/20222"}],"wp:featuredmedia":[{"embeddable":true,"href":"https:\/\/www.subaru.es\/blog\/wp-json\/wp\/v2\/media\/20217"}],"wp:attachment":[{"href":"https:\/\/www.subaru.es\/blog\/wp-json\/wp\/v2\/media?parent=20207"}],"wp:term":[{"taxonomy":"category","embeddable":true,"href":"https:\/\/www.subaru.es\/blog\/wp-json\/wp\/v2\/categories?post=20207"},{"taxonomy":"post_tag","embeddable":true,"href":"https:\/\/www.subaru.es\/blog\/wp-json\/wp\/v2\/tags?post=20207"}],"curies":[{"name":"wp","href":"https:\/\/api.w.org\/{rel}","templated":true}]}}