{"id":2014,"date":"2009-07-14T12:40:46","date_gmt":"2009-07-14T10:40:46","guid":{"rendered":"http:\/\/subaru.preproduccion.com\/blog\/wp-content\/2009\/07\/14\/la-ruta-del-vino-llega-a-los-rallies\/"},"modified":"2020-08-12T13:06:12","modified_gmt":"2020-08-12T11:06:12","slug":"la-ruta-del-vino-llega-a-los-rallies","status":"publish","type":"post","link":"https:\/\/www.subaru.es\/blog\/nuestra-marca\/la-ruta-del-vino-llega-a-los-rallies\/","title":{"rendered":"La ruta del vino llega a los rallies"},"content":{"rendered":"<p><a href=\"https:\/\/www.subaru.es\/blog\/wp-content\/uploads\/2009\/03\/cartelmini.jpg\" title=\"Cartel\"><img decoding=\"async\" data-src=\"https:\/\/www.subaru.es\/blog\/wp-content\/uploads\/2009\/03\/cartelmini.jpg\" alt=\"Cartel\" src=\"data:image\/svg+xml;base64,PHN2ZyB3aWR0aD0iMSIgaGVpZ2h0PSIxIiB4bWxucz0iaHR0cDovL3d3dy53My5vcmcvMjAwMC9zdmciPjwvc3ZnPg==\" class=\"lazyload\" style=\"--smush-placeholder-width: 500px; --smush-placeholder-aspect-ratio: 500\/336;\"><\/a><\/p>\n<p>Este fin de semana va a tener lugar el <strong><a href=\"http:\/\/www.rssport.net\/montilla\/\">Rally Ruta del Vino Montilla-Moriles<\/a><\/strong>, segunda prueba puntuable para el <strong><a href=\"http:\/\/www.faa.net\/php\/faa.php\">campeonato andaluz de rallies<\/a><\/strong>.<\/p>\n<p>La prueba montillana, est\u00e1 <strong>organizada <\/strong>por el <strong>RS Sport<\/strong>. Se trata de una <strong>sexta edici\u00f3n <\/strong>que ha conseguido reunir una magn\u00edfica inscripci\u00f3n, con un total de <strong>68 participantes<\/strong>, entre los que est\u00e1n los mejores <strong>pilotos andaluces y extreme\u00f1os<\/strong>, pues la prueba es tambi\u00e9n <strong>puntuable <\/strong>para el <strong>certamen de la comunidad vecina <\/strong>y para el <strong>Volante RACC<\/strong>.<\/p>\n<p>El primer participante saldr\u00e1 a las 8.30 horas del 28 de marzo para afrontar un recorrido con dos tramos por la ma\u00f1ana, <strong>Rute e Izn\u00e1jar<\/strong>, y dos por la tarde, <strong>Montilla y Nueva Carteya<\/strong>, con dos pasadas en cada uno de los casos.<\/p>\n<p>Como uno de los principales candidatos a la victoria parte el piloto almeriense <strong>Juan \u00c1ngel Ruiz<\/strong>, con un <strong>Subaru Impreza<\/strong>. Tambi\u00e9n habr\u00e1 que tener en cuenta a pilotos como el rute\u00f1o <strong>Francisco Jim\u00e9nez<\/strong>, con otro <strong>Subaru Impreza<\/strong>.<\/p>\n<p>Hay que destacar que esta temporada hay una nueva categor\u00eda por la que competir en los rallies que van a tener lugar en <strong>Andaluc\u00eda<\/strong>: la de <strong>regularidad sport<\/strong>.<\/p>\n<p>Toda una oportunidad para ver de primera mano a lo mejor de los rallies andaluces y extreme\u00f1os.<\/p>\n","protected":false},"excerpt":{"rendered":"<p>Este fin de semana va a tener lugar el Rally Ruta del Vino Montilla-Moriles, segunda prueba puntuable para el campeonato andaluz de rallies. La prueba montillana, est\u00e1 organizada por el RS Sport. Se trata de una sexta edici\u00f3n que ha conseguido reunir una magn\u00edfica inscripci\u00f3n, con un total de 68 participantes, entre los que est\u00e1n [&hellip;]<\/p>\n","protected":false},"author":21,"featured_media":2015,"comment_status":"open","ping_status":"open","sticky":false,"template":"","format":"standard","meta":{"_acf_changed":false,"_eb_attr":"","inline_featured_image":false,"footnotes":""},"categories":[4401],"tags":[2217,2205,2209,2216,10,2212,2215,2213,2203,2214,2208,43,2218,2204,2206,2202,2211,2207,4390,2210],"class_list":["post-2014","post","type-post","status-publish","format-standard","has-post-thumbnail","hentry","category-nuestra-marca","tag-andalucia","tag-campeonato-andaluz-de-rallies","tag-extremenos","tag-francisco-jimenez","tag-impreza","tag-iznajar","tag-juan-angel-ruiz","tag-montilla","tag-montilla-moriles","tag-nueva-carteya","tag-pilotos-andaluces","tag-rally","tag-regularidad-sport","tag-rellies","tag-rs-sport","tag-ruta-del-vino","tag-rute","tag-sexta-edicion","tag-subaru","tag-volante-racc"],"acf":[],"yoast_head":"<!-- This site is optimized with the Yoast SEO plugin v27.3 - https:\/\/yoast.com\/product\/yoast-seo-wordpress\/ -->\n<title>La ruta del vino llega a los rallies - Universo Subaru<\/title>\n<meta name=\"robots\" content=\"index, follow, max-snippet:-1, max-image-preview:large, max-video-preview:-1\" \/>\n<link rel=\"canonical\" href=\"https:\/\/www.subaru.es\/blog\/nuestra-marca\/la-ruta-del-vino-llega-a-los-rallies\/\" \/>\n<meta property=\"og:locale\" content=\"es_ES\" \/>\n<meta property=\"og:type\" content=\"article\" \/>\n<meta property=\"og:title\" content=\"La ruta del vino llega a los rallies - Universo Subaru\" \/>\n<meta property=\"og:description\" content=\"Este fin de semana va a tener lugar el Rally Ruta del Vino Montilla-Moriles, segunda prueba puntuable para el campeonato andaluz de rallies. La prueba montillana, est\u00e1 organizada por el RS Sport. Se trata de una sexta edici\u00f3n que ha conseguido reunir una magn\u00edfica inscripci\u00f3n, con un total de 68 participantes, entre los que est\u00e1n [&hellip;]\" \/>\n<meta property=\"og:url\" content=\"https:\/\/www.subaru.es\/blog\/nuestra-marca\/la-ruta-del-vino-llega-a-los-rallies\/\" \/>\n<meta property=\"og:site_name\" content=\"Universo Subaru\" \/>\n<meta property=\"article:publisher\" content=\"https:\/\/www.facebook.com\/subaruespana\" \/>\n<meta property=\"article:published_time\" content=\"2009-07-14T10:40:46+00:00\" \/>\n<meta property=\"article:modified_time\" content=\"2020-08-12T11:06:12+00:00\" \/>\n<meta property=\"og:image\" content=\"https:\/\/www.subaru.es\/blog\/wp-content\/uploads\/2009\/03\/cartelmini.jpg\" \/>\n\t<meta property=\"og:image:width\" content=\"500\" \/>\n\t<meta property=\"og:image:height\" content=\"336\" \/>\n\t<meta property=\"og:image:type\" content=\"image\/jpeg\" \/>\n<meta name=\"author\" content=\"Subaru\" \/>\n<meta name=\"twitter:card\" content=\"summary_large_image\" \/>\n<meta name=\"twitter:label1\" content=\"Escrito por\" \/>\n\t<meta name=\"twitter:data1\" content=\"Subaru\" \/>\n\t<meta name=\"twitter:label2\" content=\"Tiempo de lectura\" \/>\n\t<meta name=\"twitter:data2\" content=\"1 minuto\" \/>\n<script type=\"application\/ld+json\" class=\"yoast-schema-graph\">{\"@context\":\"https:\\\/\\\/schema.org\",\"@graph\":[{\"@type\":\"Article\",\"@id\":\"https:\\\/\\\/www.subaru.es\\\/blog\\\/nuestra-marca\\\/la-ruta-del-vino-llega-a-los-rallies\\\/#article\",\"isPartOf\":{\"@id\":\"https:\\\/\\\/www.subaru.es\\\/blog\\\/nuestra-marca\\\/la-ruta-del-vino-llega-a-los-rallies\\\/\"},\"author\":{\"name\":\"Subaru\",\"@id\":\"https:\\\/\\\/www.subaru.es\\\/blog\\\/#\\\/schema\\\/person\\\/19a90b892230b8e0ec752704ddf4aa10\"},\"headline\":\"La ruta del vino llega a los rallies\",\"datePublished\":\"2009-07-14T10:40:46+00:00\",\"dateModified\":\"2020-08-12T11:06:12+00:00\",\"mainEntityOfPage\":{\"@id\":\"https:\\\/\\\/www.subaru.es\\\/blog\\\/nuestra-marca\\\/la-ruta-del-vino-llega-a-los-rallies\\\/\"},\"wordCount\":223,\"commentCount\":1,\"publisher\":{\"@id\":\"https:\\\/\\\/www.subaru.es\\\/blog\\\/#organization\"},\"image\":{\"@id\":\"https:\\\/\\\/www.subaru.es\\\/blog\\\/nuestra-marca\\\/la-ruta-del-vino-llega-a-los-rallies\\\/#primaryimage\"},\"thumbnailUrl\":\"https:\\\/\\\/www.subaru.es\\\/blog\\\/wp-content\\\/uploads\\\/2009\\\/03\\\/cartelmini.jpg\",\"keywords\":[\"Andaluc\u00eda\",\"campeonato andaluz de rallies\",\"extreme\u00f1os\",\"Francisco Jim\u00e9nez\",\"impreza\",\"Izn\u00e1jar\",\"Juan \u00c1ngel Ruiz\",\"Montilla\",\"Montilla-Moriles\",\"Nueva Carteya\",\"pilotos andaluces\",\"rally\",\"regularidad sport\",\"rellies\",\"RS Sport\",\"Ruta del vino\",\"Rute\",\"sexta edici\u00f3n\",\"Subaru\",\"Volante RACC\"],\"articleSection\":[\"Nuestra marca\"],\"inLanguage\":\"es\",\"potentialAction\":[{\"@type\":\"CommentAction\",\"name\":\"Comment\",\"target\":[\"https:\\\/\\\/www.subaru.es\\\/blog\\\/nuestra-marca\\\/la-ruta-del-vino-llega-a-los-rallies\\\/#respond\"]}]},{\"@type\":\"WebPage\",\"@id\":\"https:\\\/\\\/www.subaru.es\\\/blog\\\/nuestra-marca\\\/la-ruta-del-vino-llega-a-los-rallies\\\/\",\"url\":\"https:\\\/\\\/www.subaru.es\\\/blog\\\/nuestra-marca\\\/la-ruta-del-vino-llega-a-los-rallies\\\/\",\"name\":\"La ruta del vino llega a los rallies - Universo Subaru\",\"isPartOf\":{\"@id\":\"https:\\\/\\\/www.subaru.es\\\/blog\\\/#website\"},\"primaryImageOfPage\":{\"@id\":\"https:\\\/\\\/www.subaru.es\\\/blog\\\/nuestra-marca\\\/la-ruta-del-vino-llega-a-los-rallies\\\/#primaryimage\"},\"image\":{\"@id\":\"https:\\\/\\\/www.subaru.es\\\/blog\\\/nuestra-marca\\\/la-ruta-del-vino-llega-a-los-rallies\\\/#primaryimage\"},\"thumbnailUrl\":\"https:\\\/\\\/www.subaru.es\\\/blog\\\/wp-content\\\/uploads\\\/2009\\\/03\\\/cartelmini.jpg\",\"datePublished\":\"2009-07-14T10:40:46+00:00\",\"dateModified\":\"2020-08-12T11:06:12+00:00\",\"breadcrumb\":{\"@id\":\"https:\\\/\\\/www.subaru.es\\\/blog\\\/nuestra-marca\\\/la-ruta-del-vino-llega-a-los-rallies\\\/#breadcrumb\"},\"inLanguage\":\"es\",\"potentialAction\":[{\"@type\":\"ReadAction\",\"target\":[\"https:\\\/\\\/www.subaru.es\\\/blog\\\/nuestra-marca\\\/la-ruta-del-vino-llega-a-los-rallies\\\/\"]}]},{\"@type\":\"ImageObject\",\"inLanguage\":\"es\",\"@id\":\"https:\\\/\\\/www.subaru.es\\\/blog\\\/nuestra-marca\\\/la-ruta-del-vino-llega-a-los-rallies\\\/#primaryimage\",\"url\":\"https:\\\/\\\/www.subaru.es\\\/blog\\\/wp-content\\\/uploads\\\/2009\\\/03\\\/cartelmini.jpg\",\"contentUrl\":\"https:\\\/\\\/www.subaru.es\\\/blog\\\/wp-content\\\/uploads\\\/2009\\\/03\\\/cartelmini.jpg\",\"width\":500,\"height\":336},{\"@type\":\"BreadcrumbList\",\"@id\":\"https:\\\/\\\/www.subaru.es\\\/blog\\\/nuestra-marca\\\/la-ruta-del-vino-llega-a-los-rallies\\\/#breadcrumb\",\"itemListElement\":[{\"@type\":\"ListItem\",\"position\":1,\"name\":\"Portada\",\"item\":\"https:\\\/\\\/www.subaru.es\\\/blog\\\/\"},{\"@type\":\"ListItem\",\"position\":2,\"name\":\"La ruta del vino llega a los rallies\"}]},{\"@type\":\"WebSite\",\"@id\":\"https:\\\/\\\/www.subaru.es\\\/blog\\\/#website\",\"url\":\"https:\\\/\\\/www.subaru.es\\\/blog\\\/\",\"name\":\"Universo Subaru\",\"description\":\"Descubre este apasionante espacio de Subaru donde vas a conocer todo sobre nuestros coches y las experiencias que vivimos con ellos. Si est\u00e1s preparado para dejarte seducir por la filosof\u00eda Subaru, qu\u00e9date con nosotros.\",\"publisher\":{\"@id\":\"https:\\\/\\\/www.subaru.es\\\/blog\\\/#organization\"},\"potentialAction\":[{\"@type\":\"SearchAction\",\"target\":{\"@type\":\"EntryPoint\",\"urlTemplate\":\"https:\\\/\\\/www.subaru.es\\\/blog\\\/?s={search_term_string}\"},\"query-input\":{\"@type\":\"PropertyValueSpecification\",\"valueRequired\":true,\"valueName\":\"search_term_string\"}}],\"inLanguage\":\"es\"},{\"@type\":\"Organization\",\"@id\":\"https:\\\/\\\/www.subaru.es\\\/blog\\\/#organization\",\"name\":\"Subaru Espa\u00f1a S.A.\",\"url\":\"https:\\\/\\\/www.subaru.es\\\/blog\\\/\",\"logo\":{\"@type\":\"ImageObject\",\"inLanguage\":\"es\",\"@id\":\"https:\\\/\\\/www.subaru.es\\\/blog\\\/#\\\/schema\\\/logo\\\/image\\\/\",\"url\":\"https:\\\/\\\/www.subaru.es\\\/blog\\\/wp-content\\\/uploads\\\/2016\\\/12\\\/Logo-Subaru-TypeV_C300-scaled.jpg\",\"contentUrl\":\"https:\\\/\\\/www.subaru.es\\\/blog\\\/wp-content\\\/uploads\\\/2016\\\/12\\\/Logo-Subaru-TypeV_C300-scaled.jpg\",\"width\":2560,\"height\":1864,\"caption\":\"Subaru Espa\u00f1a S.A.\"},\"image\":{\"@id\":\"https:\\\/\\\/www.subaru.es\\\/blog\\\/#\\\/schema\\\/logo\\\/image\\\/\"},\"sameAs\":[\"https:\\\/\\\/www.facebook.com\\\/subaruespana\",\"https:\\\/\\\/www.instagram.com\\\/subarues\\\/\",\"https:\\\/\\\/www.youtube.com\\\/user\\\/subaruespana\"]},{\"@type\":\"Person\",\"@id\":\"https:\\\/\\\/www.subaru.es\\\/blog\\\/#\\\/schema\\\/person\\\/19a90b892230b8e0ec752704ddf4aa10\",\"name\":\"Subaru\",\"url\":\"https:\\\/\\\/www.subaru.es\\\/blog\\\/author\\\/subaria\\\/\"}]}<\/script>\n<!-- \/ Yoast SEO plugin. -->","yoast_head_json":{"title":"La ruta del vino llega a los rallies - Universo Subaru","robots":{"index":"index","follow":"follow","max-snippet":"max-snippet:-1","max-image-preview":"max-image-preview:large","max-video-preview":"max-video-preview:-1"},"canonical":"https:\/\/www.subaru.es\/blog\/nuestra-marca\/la-ruta-del-vino-llega-a-los-rallies\/","og_locale":"es_ES","og_type":"article","og_title":"La ruta del vino llega a los rallies - Universo Subaru","og_description":"Este fin de semana va a tener lugar el Rally Ruta del Vino Montilla-Moriles, segunda prueba puntuable para el campeonato andaluz de rallies. La prueba montillana, est\u00e1 organizada por el RS Sport. Se trata de una sexta edici\u00f3n que ha conseguido reunir una magn\u00edfica inscripci\u00f3n, con un total de 68 participantes, entre los que est\u00e1n [&hellip;]","og_url":"https:\/\/www.subaru.es\/blog\/nuestra-marca\/la-ruta-del-vino-llega-a-los-rallies\/","og_site_name":"Universo Subaru","article_publisher":"https:\/\/www.facebook.com\/subaruespana","article_published_time":"2009-07-14T10:40:46+00:00","article_modified_time":"2020-08-12T11:06:12+00:00","og_image":[{"width":500,"height":336,"url":"https:\/\/www.subaru.es\/blog\/wp-content\/uploads\/2009\/03\/cartelmini.jpg","type":"image\/jpeg"}],"author":"Subaru","twitter_card":"summary_large_image","twitter_misc":{"Escrito por":"Subaru","Tiempo de lectura":"1 minuto"},"schema":{"@context":"https:\/\/schema.org","@graph":[{"@type":"Article","@id":"https:\/\/www.subaru.es\/blog\/nuestra-marca\/la-ruta-del-vino-llega-a-los-rallies\/#article","isPartOf":{"@id":"https:\/\/www.subaru.es\/blog\/nuestra-marca\/la-ruta-del-vino-llega-a-los-rallies\/"},"author":{"name":"Subaru","@id":"https:\/\/www.subaru.es\/blog\/#\/schema\/person\/19a90b892230b8e0ec752704ddf4aa10"},"headline":"La ruta del vino llega a los rallies","datePublished":"2009-07-14T10:40:46+00:00","dateModified":"2020-08-12T11:06:12+00:00","mainEntityOfPage":{"@id":"https:\/\/www.subaru.es\/blog\/nuestra-marca\/la-ruta-del-vino-llega-a-los-rallies\/"},"wordCount":223,"commentCount":1,"publisher":{"@id":"https:\/\/www.subaru.es\/blog\/#organization"},"image":{"@id":"https:\/\/www.subaru.es\/blog\/nuestra-marca\/la-ruta-del-vino-llega-a-los-rallies\/#primaryimage"},"thumbnailUrl":"https:\/\/www.subaru.es\/blog\/wp-content\/uploads\/2009\/03\/cartelmini.jpg","keywords":["Andaluc\u00eda","campeonato andaluz de rallies","extreme\u00f1os","Francisco Jim\u00e9nez","impreza","Izn\u00e1jar","Juan \u00c1ngel Ruiz","Montilla","Montilla-Moriles","Nueva Carteya","pilotos andaluces","rally","regularidad sport","rellies","RS Sport","Ruta del vino","Rute","sexta edici\u00f3n","Subaru","Volante RACC"],"articleSection":["Nuestra marca"],"inLanguage":"es","potentialAction":[{"@type":"CommentAction","name":"Comment","target":["https:\/\/www.subaru.es\/blog\/nuestra-marca\/la-ruta-del-vino-llega-a-los-rallies\/#respond"]}]},{"@type":"WebPage","@id":"https:\/\/www.subaru.es\/blog\/nuestra-marca\/la-ruta-del-vino-llega-a-los-rallies\/","url":"https:\/\/www.subaru.es\/blog\/nuestra-marca\/la-ruta-del-vino-llega-a-los-rallies\/","name":"La ruta del vino llega a los rallies - Universo Subaru","isPartOf":{"@id":"https:\/\/www.subaru.es\/blog\/#website"},"primaryImageOfPage":{"@id":"https:\/\/www.subaru.es\/blog\/nuestra-marca\/la-ruta-del-vino-llega-a-los-rallies\/#primaryimage"},"image":{"@id":"https:\/\/www.subaru.es\/blog\/nuestra-marca\/la-ruta-del-vino-llega-a-los-rallies\/#primaryimage"},"thumbnailUrl":"https:\/\/www.subaru.es\/blog\/wp-content\/uploads\/2009\/03\/cartelmini.jpg","datePublished":"2009-07-14T10:40:46+00:00","dateModified":"2020-08-12T11:06:12+00:00","breadcrumb":{"@id":"https:\/\/www.subaru.es\/blog\/nuestra-marca\/la-ruta-del-vino-llega-a-los-rallies\/#breadcrumb"},"inLanguage":"es","potentialAction":[{"@type":"ReadAction","target":["https:\/\/www.subaru.es\/blog\/nuestra-marca\/la-ruta-del-vino-llega-a-los-rallies\/"]}]},{"@type":"ImageObject","inLanguage":"es","@id":"https:\/\/www.subaru.es\/blog\/nuestra-marca\/la-ruta-del-vino-llega-a-los-rallies\/#primaryimage","url":"https:\/\/www.subaru.es\/blog\/wp-content\/uploads\/2009\/03\/cartelmini.jpg","contentUrl":"https:\/\/www.subaru.es\/blog\/wp-content\/uploads\/2009\/03\/cartelmini.jpg","width":500,"height":336},{"@type":"BreadcrumbList","@id":"https:\/\/www.subaru.es\/blog\/nuestra-marca\/la-ruta-del-vino-llega-a-los-rallies\/#breadcrumb","itemListElement":[{"@type":"ListItem","position":1,"name":"Portada","item":"https:\/\/www.subaru.es\/blog\/"},{"@type":"ListItem","position":2,"name":"La ruta del vino llega a los rallies"}]},{"@type":"WebSite","@id":"https:\/\/www.subaru.es\/blog\/#website","url":"https:\/\/www.subaru.es\/blog\/","name":"Universo Subaru","description":"Descubre este apasionante espacio de Subaru donde vas a conocer todo sobre nuestros coches y las experiencias que vivimos con ellos. Si est\u00e1s preparado para dejarte seducir por la filosof\u00eda Subaru, qu\u00e9date con nosotros.","publisher":{"@id":"https:\/\/www.subaru.es\/blog\/#organization"},"potentialAction":[{"@type":"SearchAction","target":{"@type":"EntryPoint","urlTemplate":"https:\/\/www.subaru.es\/blog\/?s={search_term_string}"},"query-input":{"@type":"PropertyValueSpecification","valueRequired":true,"valueName":"search_term_string"}}],"inLanguage":"es"},{"@type":"Organization","@id":"https:\/\/www.subaru.es\/blog\/#organization","name":"Subaru Espa\u00f1a S.A.","url":"https:\/\/www.subaru.es\/blog\/","logo":{"@type":"ImageObject","inLanguage":"es","@id":"https:\/\/www.subaru.es\/blog\/#\/schema\/logo\/image\/","url":"https:\/\/www.subaru.es\/blog\/wp-content\/uploads\/2016\/12\/Logo-Subaru-TypeV_C300-scaled.jpg","contentUrl":"https:\/\/www.subaru.es\/blog\/wp-content\/uploads\/2016\/12\/Logo-Subaru-TypeV_C300-scaled.jpg","width":2560,"height":1864,"caption":"Subaru Espa\u00f1a S.A."},"image":{"@id":"https:\/\/www.subaru.es\/blog\/#\/schema\/logo\/image\/"},"sameAs":["https:\/\/www.facebook.com\/subaruespana","https:\/\/www.instagram.com\/subarues\/","https:\/\/www.youtube.com\/user\/subaruespana"]},{"@type":"Person","@id":"https:\/\/www.subaru.es\/blog\/#\/schema\/person\/19a90b892230b8e0ec752704ddf4aa10","name":"Subaru","url":"https:\/\/www.subaru.es\/blog\/author\/subaria\/"}]}},"_links":{"self":[{"href":"https:\/\/www.subaru.es\/blog\/wp-json\/wp\/v2\/posts\/2014","targetHints":{"allow":["GET"]}}],"collection":[{"href":"https:\/\/www.subaru.es\/blog\/wp-json\/wp\/v2\/posts"}],"about":[{"href":"https:\/\/www.subaru.es\/blog\/wp-json\/wp\/v2\/types\/post"}],"author":[{"embeddable":true,"href":"https:\/\/www.subaru.es\/blog\/wp-json\/wp\/v2\/users\/21"}],"replies":[{"embeddable":true,"href":"https:\/\/www.subaru.es\/blog\/wp-json\/wp\/v2\/comments?post=2014"}],"version-history":[{"count":2,"href":"https:\/\/www.subaru.es\/blog\/wp-json\/wp\/v2\/posts\/2014\/revisions"}],"predecessor-version":[{"id":22288,"href":"https:\/\/www.subaru.es\/blog\/wp-json\/wp\/v2\/posts\/2014\/revisions\/22288"}],"wp:featuredmedia":[{"embeddable":true,"href":"https:\/\/www.subaru.es\/blog\/wp-json\/wp\/v2\/media\/2015"}],"wp:attachment":[{"href":"https:\/\/www.subaru.es\/blog\/wp-json\/wp\/v2\/media?parent=2014"}],"wp:term":[{"taxonomy":"category","embeddable":true,"href":"https:\/\/www.subaru.es\/blog\/wp-json\/wp\/v2\/categories?post=2014"},{"taxonomy":"post_tag","embeddable":true,"href":"https:\/\/www.subaru.es\/blog\/wp-json\/wp\/v2\/tags?post=2014"}],"curies":[{"name":"wp","href":"https:\/\/api.w.org\/{rel}","templated":true}]}}