{"id":20132,"date":"2018-11-26T20:18:45","date_gmt":"2018-11-26T18:18:45","guid":{"rendered":"https:\/\/www.subaru.es\/blog\/?p=20132"},"modified":"2018-12-13T12:45:14","modified_gmt":"2018-12-13T10:45:14","slug":"el-subaru-forester-del-millon-de-kilometros-jerner-jung","status":"publish","type":"post","link":"https:\/\/www.subaru.es\/blog\/subaru-lifestyle\/el-subaru-forester-del-millon-de-kilometros-jerner-jung\/","title":{"rendered":"El Subaru Forester de mill\u00f3n del kil\u00f3metros"},"content":{"rendered":"<p>Este <a href=\"https:\/\/www.lavanguardia.com\/motor\/actualidad\/20181115\/452953702910\/subaru-forester-millon-kilometros-musico-jerner-jung.html\" target=\"_blank\" rel=\"noopener\"><strong>Subarista esloveno Jerner Jung<\/strong><\/a> ha recorrido nada m\u00e1s y nada menos que <strong>un mill\u00f3n de kil\u00f3metros<\/strong> al volante de <strong>su <a href=\"https:\/\/www.subaru.es\/blog\/nuestra-marca\/historia-impreza-outback-forester\/\" target=\"_blank\" rel=\"noopener\">Subaru Forester<\/a><\/strong> de primera generaci\u00f3n, que compr\u00f3 por recomendaci\u00f3n de un amigo en 1998. Es como si di\u00e9ramos <strong>25 vueltas alrededor del mundo.<\/strong> \u00a1Una locura!<\/p>\n<p>Jerner, m\u00fasico de profesi\u00f3n, recuerda el instante en el que <strong>el od\u00f3metro de <a href=\"https:\/\/www.youtube.com\/watch?v=5nUXHNgj5K0\" target=\"_blank\" rel=\"noopener\">su Forester<\/a><\/strong> hizo clic al alcanzar los <strong>999.999 kil\u00f3metros<\/strong> cuando conduc\u00eda por su ciudad de origen. Ljubljana: \u00abYo segu\u00eda mirando constantemente el od\u00f3metro porque pensaba que se reiniciar\u00eda autom\u00e1ticamente a 0 km, as\u00ed que me puse a hacer fotos para evitar que nadie me creyese, pero para mi sorpresa se detuvo en 999.999 km\u00bb.<\/p>\n<p><img decoding=\"async\" width=\"560\" height=\"374\" class=\"aligncenter size-medium wp-image-20136 lazyload\" data-src=\"https:\/\/www.subaru.es\/blog\/wp-content\/uploads\/2018\/11\/Subaru-Forester_1st_gen_Jerner_Jung-560x374.jpg\" alt=\"\" data-srcset=\"https:\/\/www.subaru.es\/blog\/wp-content\/uploads\/2018\/11\/Subaru-Forester_1st_gen_Jerner_Jung-560x374.jpg 560w, https:\/\/www.subaru.es\/blog\/wp-content\/uploads\/2018\/11\/Subaru-Forester_1st_gen_Jerner_Jung-768x512.jpg 768w, https:\/\/www.subaru.es\/blog\/wp-content\/uploads\/2018\/11\/Subaru-Forester_1st_gen_Jerner_Jung.jpg 1000w\" data-sizes=\"(max-width: 560px) 100vw, 560px\" src=\"data:image\/svg+xml;base64,PHN2ZyB3aWR0aD0iMSIgaGVpZ2h0PSIxIiB4bWxucz0iaHR0cDovL3d3dy53My5vcmcvMjAwMC9zdmciPjwvc3ZnPg==\" style=\"--smush-placeholder-width: 560px; --smush-placeholder-aspect-ratio: 560\/374;\" \/><\/p>\n<p>Este <a href=\"https:\/\/www.subaru.es\/blog\/subaru-offroaders\/filosofia-subaruoffroaders\/\" target=\"_blank\" rel=\"noopener\">Subarista<\/a> lleva <strong>dos d\u00e9cadas conduciendo<\/strong> su veh\u00edculo y tras haber conducido bajo <strong>todo tipo de condiciones clim\u00e1ticas<\/strong> y en<strong> toda clase de carreteras<\/strong> y caminos, <strong>el Forester de Jerry nunca se ha averiado<\/strong>. \u00abSiempre segu\u00ed a rajatabla las recomendaciones de mantenimiento y a\u00fan hoy a\u00fan conserva aproximadamente el 70% de sus piezas originales\u00bb.<\/p>\n<p><img decoding=\"async\" width=\"560\" height=\"368\" class=\"aligncenter size-medium wp-image-20138 lazyload\" data-src=\"https:\/\/www.subaru.es\/blog\/wp-content\/uploads\/2018\/11\/Jerner_Jung-560x368.jpg\" alt=\"\" data-srcset=\"https:\/\/www.subaru.es\/blog\/wp-content\/uploads\/2018\/11\/Jerner_Jung-560x368.jpg 560w, https:\/\/www.subaru.es\/blog\/wp-content\/uploads\/2018\/11\/Jerner_Jung-768x505.jpg 768w, https:\/\/www.subaru.es\/blog\/wp-content\/uploads\/2018\/11\/Jerner_Jung.jpg 1000w\" data-sizes=\"(max-width: 560px) 100vw, 560px\" src=\"data:image\/svg+xml;base64,PHN2ZyB3aWR0aD0iMSIgaGVpZ2h0PSIxIiB4bWxucz0iaHR0cDovL3d3dy53My5vcmcvMjAwMC9zdmciPjwvc3ZnPg==\" style=\"--smush-placeholder-width: 560px; --smush-placeholder-aspect-ratio: 560\/368;\" \/><\/p>\n<p>Este <strong>no es el \u00fanico Forester en el garaje de Jerry<\/strong>, ya que hace unos a\u00f1os compr\u00f3 un Forester de tercera generaci\u00f3n con el que ya ha recorrido m\u00e1s de 150.000 kil\u00f3metros. Para este m\u00fasico, la <a href=\"https:\/\/www.subaru.es\/seguridad\" target=\"_blank\" rel=\"noopener\"><strong>seguridad y fiabilidad<\/strong><\/a> que le aportaba su primer <a href=\"https:\/\/www.instagram.com\/subarues\/?hl=es\" target=\"_blank\" rel=\"noopener\">Subaru<\/a>, comprado por recomendaci\u00f3n de su amigo fue clave para decidirse en adquirir un segundo Forester.<\/p>\n<p><strong>DISE\u00d1ADOS PARA DURAR<\/strong><\/p>\n<p>El presidente y CEO de <a href=\"https:\/\/www.subaru.eu\/\" target=\"_blank\" rel=\"noopener\">Subaru Europa<\/a>, Masamichi Kudo, tras entersa de este logro ha manifestado: \u201cFelicitamos a Jerry por este gran logro y por cuidar tan bien de su Subaru. Este Forester con un mill\u00f3n de kil\u00f3metros es una prueba m\u00e1s de la fiabilidad de <strong>nuestros coches, que est\u00e1n dise\u00f1ados para durar<\/strong>\u00ab.<\/p>\n<p>En <a href=\"https:\/\/www.facebook.com\/subaruespana\/\" target=\"_blank\" rel=\"noopener\">Subaru<\/a> fabricamos coches capaces de resistir contra los elementos y el tiempo. <strong>M\u00e1s del 97% de los Subaru vendidos en Europa en los \u00faltimos 10 a\u00f1os todav\u00eda siguen rodando<\/strong> por nuestras carreteras. Cabe destacar que la actual <strong>cuarta generaci\u00f3n del <a href=\"https:\/\/www.subaru.es\/vehiculos\/forester\" target=\"_blank\" rel=\"noopener\">Subaru Forester<\/a><\/strong> recibi\u00f3 las mejores calificaciones en los distintos tests de seguridad alrededor de todo el mundo. \u00a1Incluidas las <strong><a href=\"https:\/\/www.subaru.es\/blog\/nuestra-marca\/subaru-5-estrellas-seguridad\/\" target=\"_blank\" rel=\"noopener\">cinco estrellas Euro NCAP<\/a><\/strong>!<\/p>\n<p><img decoding=\"async\" width=\"560\" height=\"374\" class=\"aligncenter size-medium wp-image-20137 lazyload\" data-src=\"https:\/\/www.subaru.es\/blog\/wp-content\/uploads\/2018\/11\/forester_1st_gen_-2-560x374.jpg\" alt=\"\" data-srcset=\"https:\/\/www.subaru.es\/blog\/wp-content\/uploads\/2018\/11\/forester_1st_gen_-2-560x374.jpg 560w, https:\/\/www.subaru.es\/blog\/wp-content\/uploads\/2018\/11\/forester_1st_gen_-2-768x512.jpg 768w, https:\/\/www.subaru.es\/blog\/wp-content\/uploads\/2018\/11\/forester_1st_gen_-2.jpg 1000w\" data-sizes=\"(max-width: 560px) 100vw, 560px\" src=\"data:image\/svg+xml;base64,PHN2ZyB3aWR0aD0iMSIgaGVpZ2h0PSIxIiB4bWxucz0iaHR0cDovL3d3dy53My5vcmcvMjAwMC9zdmciPjwvc3ZnPg==\" style=\"--smush-placeholder-width: 560px; --smush-placeholder-aspect-ratio: 560\/374;\" \/><\/p>\n<p>La combinaci\u00f3n de <a href=\"https:\/\/www.subaru.es\/tecnologia\/symmetrical_all_wheel_drive\" target=\"_blank\" rel=\"noopener\"><strong>la Tracci\u00f3n Total Sim\u00e9trica<\/strong><\/a> (Symmetrical All-Wheel Drive), <a href=\"https:\/\/www.subaru.es\/tecnologia\" target=\"_blank\" rel=\"noopener\"><strong>los motores B\u00f3xer<\/strong><\/a> y la funci\u00f3n <a href=\"https:\/\/www.subaru.es\/tecnologia\/xmode\" target=\"_blank\" rel=\"noopener\"><strong>X-Mode<\/strong><\/a>, junto con el control de descenso de pendientes, otorgan al actual Forester el empuje necesario para enfrentarse contra las condiciones clim\u00e1ticas y carreteras m\u00e1s desafiantes. Adem\u00e1s, en Subaru hemos evolucionado la seguridad del Forester con <strong><a href=\"https:\/\/www.subaru.es\/tecnologia\/EyeSigth\" target=\"_blank\" rel=\"noopener\">la tecnolog\u00eda EyeSight<\/a><\/strong> Driver Assist, Subaru Rear Vehicle Detection (SRVD) y Side View Monitor.<\/p>\n<p>Desde Subaru, deseamos a Jerner, <strong>\u00a1que su Subaru Forester dure al menos otros 20 a\u00f1os!<\/strong><\/p>\n","protected":false},"excerpt":{"rendered":"<p>Este Subarista esloveno Jerner Jung ha recorrido nada m\u00e1s y nada menos que un mill\u00f3n de kil\u00f3metros al volante de su Subaru Forester de primera generaci\u00f3n, que compr\u00f3 por recomendaci\u00f3n de un amigo en 1998. Es como si di\u00e9ramos 25 vueltas alrededor del mundo. \u00a1Una locura! Jerner, m\u00fasico de profesi\u00f3n, recuerda el instante en el [&hellip;]<\/p>\n","protected":false},"author":21,"featured_media":20135,"comment_status":"open","ping_status":"closed","sticky":false,"template":"","format":"standard","meta":{"_acf_changed":false,"_eb_attr":"","inline_featured_image":false,"footnotes":""},"categories":[4520],"tags":[4822,4405,4632,4532,13,4841,4839,4575,4349,2552,4840,64,491,4825,4823,4437],"class_list":["post-20132","post","type-post","status-publish","format-standard","has-post-thumbnail","hentry","category-subaru-lifestyle","tag-aficionados-subaru","tag-all-around-safety","tag-estilo-de-vida-subaru","tag-filosofia-subaru","tag-forester","tag-forester-millon-kilometros","tag-jerner-jung","tag-seguridad-subaru","tag-subarista","tag-subaristas","tag-subaru-de-jerner-jung","tag-subaru-espana","tag-subaru-forester","tag-subaru-love","tag-subaru-lover","tag-subaruoffroaders"],"acf":[],"yoast_head":"<!-- This site is optimized with the Yoast SEO plugin v27.3 - https:\/\/yoast.com\/product\/yoast-seo-wordpress\/ -->\n<title>El Subaru Forester de mill\u00f3n del kil\u00f3metros - Universo Subaru<\/title>\n<meta name=\"robots\" content=\"index, follow, max-snippet:-1, max-image-preview:large, max-video-preview:-1\" \/>\n<link rel=\"canonical\" href=\"https:\/\/www.subaru.es\/blog\/subaru-lifestyle\/el-subaru-forester-del-millon-de-kilometros-jerner-jung\/\" \/>\n<meta property=\"og:locale\" content=\"es_ES\" \/>\n<meta property=\"og:type\" content=\"article\" \/>\n<meta property=\"og:title\" content=\"El Subaru Forester de mill\u00f3n del kil\u00f3metros - Universo Subaru\" \/>\n<meta property=\"og:description\" content=\"Este Subarista esloveno Jerner Jung ha recorrido nada m\u00e1s y nada menos que un mill\u00f3n de kil\u00f3metros al volante de su Subaru Forester de primera generaci\u00f3n, que compr\u00f3 por recomendaci\u00f3n de un amigo en 1998. Es como si di\u00e9ramos 25 vueltas alrededor del mundo. \u00a1Una locura! Jerner, m\u00fasico de profesi\u00f3n, recuerda el instante en el [&hellip;]\" \/>\n<meta property=\"og:url\" content=\"https:\/\/www.subaru.es\/blog\/subaru-lifestyle\/el-subaru-forester-del-millon-de-kilometros-jerner-jung\/\" \/>\n<meta property=\"og:site_name\" content=\"Universo Subaru\" \/>\n<meta property=\"article:publisher\" content=\"https:\/\/www.facebook.com\/subaruespana\" \/>\n<meta property=\"article:published_time\" content=\"2018-11-26T18:18:45+00:00\" \/>\n<meta property=\"article:modified_time\" content=\"2018-12-13T10:45:14+00:00\" \/>\n<meta property=\"og:image\" content=\"https:\/\/www.subaru.es\/blog\/wp-content\/uploads\/2018\/11\/PortadaBlog_MillonKilometros.png\" \/>\n\t<meta property=\"og:image:width\" content=\"1550\" \/>\n\t<meta property=\"og:image:height\" content=\"520\" \/>\n\t<meta property=\"og:image:type\" content=\"image\/png\" \/>\n<meta name=\"author\" content=\"Subaru\" \/>\n<meta name=\"twitter:card\" content=\"summary_large_image\" \/>\n<meta name=\"twitter:label1\" content=\"Escrito por\" \/>\n\t<meta name=\"twitter:data1\" content=\"Subaru\" \/>\n\t<meta name=\"twitter:label2\" content=\"Tiempo de lectura\" \/>\n\t<meta name=\"twitter:data2\" content=\"2 minutos\" \/>\n<script type=\"application\/ld+json\" class=\"yoast-schema-graph\">{\"@context\":\"https:\\\/\\\/schema.org\",\"@graph\":[{\"@type\":\"Article\",\"@id\":\"https:\\\/\\\/www.subaru.es\\\/blog\\\/subaru-lifestyle\\\/el-subaru-forester-del-millon-de-kilometros-jerner-jung\\\/#article\",\"isPartOf\":{\"@id\":\"https:\\\/\\\/www.subaru.es\\\/blog\\\/subaru-lifestyle\\\/el-subaru-forester-del-millon-de-kilometros-jerner-jung\\\/\"},\"author\":{\"name\":\"Subaru\",\"@id\":\"https:\\\/\\\/www.subaru.es\\\/blog\\\/#\\\/schema\\\/person\\\/19a90b892230b8e0ec752704ddf4aa10\"},\"headline\":\"El Subaru Forester de mill\u00f3n del kil\u00f3metros\",\"datePublished\":\"2018-11-26T18:18:45+00:00\",\"dateModified\":\"2018-12-13T10:45:14+00:00\",\"mainEntityOfPage\":{\"@id\":\"https:\\\/\\\/www.subaru.es\\\/blog\\\/subaru-lifestyle\\\/el-subaru-forester-del-millon-de-kilometros-jerner-jung\\\/\"},\"wordCount\":473,\"commentCount\":0,\"publisher\":{\"@id\":\"https:\\\/\\\/www.subaru.es\\\/blog\\\/#organization\"},\"image\":{\"@id\":\"https:\\\/\\\/www.subaru.es\\\/blog\\\/subaru-lifestyle\\\/el-subaru-forester-del-millon-de-kilometros-jerner-jung\\\/#primaryimage\"},\"thumbnailUrl\":\"https:\\\/\\\/www.subaru.es\\\/blog\\\/wp-content\\\/uploads\\\/2018\\\/11\\\/PortadaBlog_MillonKilometros.png\",\"keywords\":[\"aficionados Subaru\",\"all around safety\",\"Estilo de vida Subaru\",\"Filosof\u00eda Subaru\",\"forester\",\"Forester mill\u00f3n kil\u00f3metros\",\"Jerner Jung\",\"Seguridad Subaru\",\"subarista\",\"subaristas\",\"Subaru de Jerner Jung\",\"subaru espa\u00f1a\",\"subaru forester\",\"Subaru Love\",\"Subaru Lover\",\"SubaruOffroaders\"],\"articleSection\":[\"Subaru LifeStyle\"],\"inLanguage\":\"es\",\"potentialAction\":[{\"@type\":\"CommentAction\",\"name\":\"Comment\",\"target\":[\"https:\\\/\\\/www.subaru.es\\\/blog\\\/subaru-lifestyle\\\/el-subaru-forester-del-millon-de-kilometros-jerner-jung\\\/#respond\"]}]},{\"@type\":\"WebPage\",\"@id\":\"https:\\\/\\\/www.subaru.es\\\/blog\\\/subaru-lifestyle\\\/el-subaru-forester-del-millon-de-kilometros-jerner-jung\\\/\",\"url\":\"https:\\\/\\\/www.subaru.es\\\/blog\\\/subaru-lifestyle\\\/el-subaru-forester-del-millon-de-kilometros-jerner-jung\\\/\",\"name\":\"El Subaru Forester de mill\u00f3n del kil\u00f3metros - Universo Subaru\",\"isPartOf\":{\"@id\":\"https:\\\/\\\/www.subaru.es\\\/blog\\\/#website\"},\"primaryImageOfPage\":{\"@id\":\"https:\\\/\\\/www.subaru.es\\\/blog\\\/subaru-lifestyle\\\/el-subaru-forester-del-millon-de-kilometros-jerner-jung\\\/#primaryimage\"},\"image\":{\"@id\":\"https:\\\/\\\/www.subaru.es\\\/blog\\\/subaru-lifestyle\\\/el-subaru-forester-del-millon-de-kilometros-jerner-jung\\\/#primaryimage\"},\"thumbnailUrl\":\"https:\\\/\\\/www.subaru.es\\\/blog\\\/wp-content\\\/uploads\\\/2018\\\/11\\\/PortadaBlog_MillonKilometros.png\",\"datePublished\":\"2018-11-26T18:18:45+00:00\",\"dateModified\":\"2018-12-13T10:45:14+00:00\",\"breadcrumb\":{\"@id\":\"https:\\\/\\\/www.subaru.es\\\/blog\\\/subaru-lifestyle\\\/el-subaru-forester-del-millon-de-kilometros-jerner-jung\\\/#breadcrumb\"},\"inLanguage\":\"es\",\"potentialAction\":[{\"@type\":\"ReadAction\",\"target\":[\"https:\\\/\\\/www.subaru.es\\\/blog\\\/subaru-lifestyle\\\/el-subaru-forester-del-millon-de-kilometros-jerner-jung\\\/\"]}]},{\"@type\":\"ImageObject\",\"inLanguage\":\"es\",\"@id\":\"https:\\\/\\\/www.subaru.es\\\/blog\\\/subaru-lifestyle\\\/el-subaru-forester-del-millon-de-kilometros-jerner-jung\\\/#primaryimage\",\"url\":\"https:\\\/\\\/www.subaru.es\\\/blog\\\/wp-content\\\/uploads\\\/2018\\\/11\\\/PortadaBlog_MillonKilometros.png\",\"contentUrl\":\"https:\\\/\\\/www.subaru.es\\\/blog\\\/wp-content\\\/uploads\\\/2018\\\/11\\\/PortadaBlog_MillonKilometros.png\",\"width\":1550,\"height\":520},{\"@type\":\"BreadcrumbList\",\"@id\":\"https:\\\/\\\/www.subaru.es\\\/blog\\\/subaru-lifestyle\\\/el-subaru-forester-del-millon-de-kilometros-jerner-jung\\\/#breadcrumb\",\"itemListElement\":[{\"@type\":\"ListItem\",\"position\":1,\"name\":\"Portada\",\"item\":\"https:\\\/\\\/www.subaru.es\\\/blog\\\/\"},{\"@type\":\"ListItem\",\"position\":2,\"name\":\"El Subaru Forester de mill\u00f3n del kil\u00f3metros\"}]},{\"@type\":\"WebSite\",\"@id\":\"https:\\\/\\\/www.subaru.es\\\/blog\\\/#website\",\"url\":\"https:\\\/\\\/www.subaru.es\\\/blog\\\/\",\"name\":\"Universo Subaru\",\"description\":\"Descubre este apasionante espacio de Subaru donde vas a conocer todo sobre nuestros coches y las experiencias que vivimos con ellos. Si est\u00e1s preparado para dejarte seducir por la filosof\u00eda Subaru, qu\u00e9date con nosotros.\",\"publisher\":{\"@id\":\"https:\\\/\\\/www.subaru.es\\\/blog\\\/#organization\"},\"potentialAction\":[{\"@type\":\"SearchAction\",\"target\":{\"@type\":\"EntryPoint\",\"urlTemplate\":\"https:\\\/\\\/www.subaru.es\\\/blog\\\/?s={search_term_string}\"},\"query-input\":{\"@type\":\"PropertyValueSpecification\",\"valueRequired\":true,\"valueName\":\"search_term_string\"}}],\"inLanguage\":\"es\"},{\"@type\":\"Organization\",\"@id\":\"https:\\\/\\\/www.subaru.es\\\/blog\\\/#organization\",\"name\":\"Subaru Espa\u00f1a S.A.\",\"url\":\"https:\\\/\\\/www.subaru.es\\\/blog\\\/\",\"logo\":{\"@type\":\"ImageObject\",\"inLanguage\":\"es\",\"@id\":\"https:\\\/\\\/www.subaru.es\\\/blog\\\/#\\\/schema\\\/logo\\\/image\\\/\",\"url\":\"https:\\\/\\\/www.subaru.es\\\/blog\\\/wp-content\\\/uploads\\\/2016\\\/12\\\/Logo-Subaru-TypeV_C300-scaled.jpg\",\"contentUrl\":\"https:\\\/\\\/www.subaru.es\\\/blog\\\/wp-content\\\/uploads\\\/2016\\\/12\\\/Logo-Subaru-TypeV_C300-scaled.jpg\",\"width\":2560,\"height\":1864,\"caption\":\"Subaru Espa\u00f1a S.A.\"},\"image\":{\"@id\":\"https:\\\/\\\/www.subaru.es\\\/blog\\\/#\\\/schema\\\/logo\\\/image\\\/\"},\"sameAs\":[\"https:\\\/\\\/www.facebook.com\\\/subaruespana\",\"https:\\\/\\\/www.instagram.com\\\/subarues\\\/\",\"https:\\\/\\\/www.youtube.com\\\/user\\\/subaruespana\"]},{\"@type\":\"Person\",\"@id\":\"https:\\\/\\\/www.subaru.es\\\/blog\\\/#\\\/schema\\\/person\\\/19a90b892230b8e0ec752704ddf4aa10\",\"name\":\"Subaru\",\"url\":\"https:\\\/\\\/www.subaru.es\\\/blog\\\/author\\\/subaria\\\/\"}]}<\/script>\n<!-- \/ Yoast SEO plugin. -->","yoast_head_json":{"title":"El Subaru Forester de mill\u00f3n del kil\u00f3metros - Universo Subaru","robots":{"index":"index","follow":"follow","max-snippet":"max-snippet:-1","max-image-preview":"max-image-preview:large","max-video-preview":"max-video-preview:-1"},"canonical":"https:\/\/www.subaru.es\/blog\/subaru-lifestyle\/el-subaru-forester-del-millon-de-kilometros-jerner-jung\/","og_locale":"es_ES","og_type":"article","og_title":"El Subaru Forester de mill\u00f3n del kil\u00f3metros - Universo Subaru","og_description":"Este Subarista esloveno Jerner Jung ha recorrido nada m\u00e1s y nada menos que un mill\u00f3n de kil\u00f3metros al volante de su Subaru Forester de primera generaci\u00f3n, que compr\u00f3 por recomendaci\u00f3n de un amigo en 1998. Es como si di\u00e9ramos 25 vueltas alrededor del mundo. \u00a1Una locura! Jerner, m\u00fasico de profesi\u00f3n, recuerda el instante en el [&hellip;]","og_url":"https:\/\/www.subaru.es\/blog\/subaru-lifestyle\/el-subaru-forester-del-millon-de-kilometros-jerner-jung\/","og_site_name":"Universo Subaru","article_publisher":"https:\/\/www.facebook.com\/subaruespana","article_published_time":"2018-11-26T18:18:45+00:00","article_modified_time":"2018-12-13T10:45:14+00:00","og_image":[{"width":1550,"height":520,"url":"https:\/\/www.subaru.es\/blog\/wp-content\/uploads\/2018\/11\/PortadaBlog_MillonKilometros.png","type":"image\/png"}],"author":"Subaru","twitter_card":"summary_large_image","twitter_misc":{"Escrito por":"Subaru","Tiempo de lectura":"2 minutos"},"schema":{"@context":"https:\/\/schema.org","@graph":[{"@type":"Article","@id":"https:\/\/www.subaru.es\/blog\/subaru-lifestyle\/el-subaru-forester-del-millon-de-kilometros-jerner-jung\/#article","isPartOf":{"@id":"https:\/\/www.subaru.es\/blog\/subaru-lifestyle\/el-subaru-forester-del-millon-de-kilometros-jerner-jung\/"},"author":{"name":"Subaru","@id":"https:\/\/www.subaru.es\/blog\/#\/schema\/person\/19a90b892230b8e0ec752704ddf4aa10"},"headline":"El Subaru Forester de mill\u00f3n del kil\u00f3metros","datePublished":"2018-11-26T18:18:45+00:00","dateModified":"2018-12-13T10:45:14+00:00","mainEntityOfPage":{"@id":"https:\/\/www.subaru.es\/blog\/subaru-lifestyle\/el-subaru-forester-del-millon-de-kilometros-jerner-jung\/"},"wordCount":473,"commentCount":0,"publisher":{"@id":"https:\/\/www.subaru.es\/blog\/#organization"},"image":{"@id":"https:\/\/www.subaru.es\/blog\/subaru-lifestyle\/el-subaru-forester-del-millon-de-kilometros-jerner-jung\/#primaryimage"},"thumbnailUrl":"https:\/\/www.subaru.es\/blog\/wp-content\/uploads\/2018\/11\/PortadaBlog_MillonKilometros.png","keywords":["aficionados Subaru","all around safety","Estilo de vida Subaru","Filosof\u00eda Subaru","forester","Forester mill\u00f3n kil\u00f3metros","Jerner Jung","Seguridad Subaru","subarista","subaristas","Subaru de Jerner Jung","subaru espa\u00f1a","subaru forester","Subaru Love","Subaru Lover","SubaruOffroaders"],"articleSection":["Subaru LifeStyle"],"inLanguage":"es","potentialAction":[{"@type":"CommentAction","name":"Comment","target":["https:\/\/www.subaru.es\/blog\/subaru-lifestyle\/el-subaru-forester-del-millon-de-kilometros-jerner-jung\/#respond"]}]},{"@type":"WebPage","@id":"https:\/\/www.subaru.es\/blog\/subaru-lifestyle\/el-subaru-forester-del-millon-de-kilometros-jerner-jung\/","url":"https:\/\/www.subaru.es\/blog\/subaru-lifestyle\/el-subaru-forester-del-millon-de-kilometros-jerner-jung\/","name":"El Subaru Forester de mill\u00f3n del kil\u00f3metros - Universo Subaru","isPartOf":{"@id":"https:\/\/www.subaru.es\/blog\/#website"},"primaryImageOfPage":{"@id":"https:\/\/www.subaru.es\/blog\/subaru-lifestyle\/el-subaru-forester-del-millon-de-kilometros-jerner-jung\/#primaryimage"},"image":{"@id":"https:\/\/www.subaru.es\/blog\/subaru-lifestyle\/el-subaru-forester-del-millon-de-kilometros-jerner-jung\/#primaryimage"},"thumbnailUrl":"https:\/\/www.subaru.es\/blog\/wp-content\/uploads\/2018\/11\/PortadaBlog_MillonKilometros.png","datePublished":"2018-11-26T18:18:45+00:00","dateModified":"2018-12-13T10:45:14+00:00","breadcrumb":{"@id":"https:\/\/www.subaru.es\/blog\/subaru-lifestyle\/el-subaru-forester-del-millon-de-kilometros-jerner-jung\/#breadcrumb"},"inLanguage":"es","potentialAction":[{"@type":"ReadAction","target":["https:\/\/www.subaru.es\/blog\/subaru-lifestyle\/el-subaru-forester-del-millon-de-kilometros-jerner-jung\/"]}]},{"@type":"ImageObject","inLanguage":"es","@id":"https:\/\/www.subaru.es\/blog\/subaru-lifestyle\/el-subaru-forester-del-millon-de-kilometros-jerner-jung\/#primaryimage","url":"https:\/\/www.subaru.es\/blog\/wp-content\/uploads\/2018\/11\/PortadaBlog_MillonKilometros.png","contentUrl":"https:\/\/www.subaru.es\/blog\/wp-content\/uploads\/2018\/11\/PortadaBlog_MillonKilometros.png","width":1550,"height":520},{"@type":"BreadcrumbList","@id":"https:\/\/www.subaru.es\/blog\/subaru-lifestyle\/el-subaru-forester-del-millon-de-kilometros-jerner-jung\/#breadcrumb","itemListElement":[{"@type":"ListItem","position":1,"name":"Portada","item":"https:\/\/www.subaru.es\/blog\/"},{"@type":"ListItem","position":2,"name":"El Subaru Forester de mill\u00f3n del kil\u00f3metros"}]},{"@type":"WebSite","@id":"https:\/\/www.subaru.es\/blog\/#website","url":"https:\/\/www.subaru.es\/blog\/","name":"Universo Subaru","description":"Descubre este apasionante espacio de Subaru donde vas a conocer todo sobre nuestros coches y las experiencias que vivimos con ellos. Si est\u00e1s preparado para dejarte seducir por la filosof\u00eda Subaru, qu\u00e9date con nosotros.","publisher":{"@id":"https:\/\/www.subaru.es\/blog\/#organization"},"potentialAction":[{"@type":"SearchAction","target":{"@type":"EntryPoint","urlTemplate":"https:\/\/www.subaru.es\/blog\/?s={search_term_string}"},"query-input":{"@type":"PropertyValueSpecification","valueRequired":true,"valueName":"search_term_string"}}],"inLanguage":"es"},{"@type":"Organization","@id":"https:\/\/www.subaru.es\/blog\/#organization","name":"Subaru Espa\u00f1a S.A.","url":"https:\/\/www.subaru.es\/blog\/","logo":{"@type":"ImageObject","inLanguage":"es","@id":"https:\/\/www.subaru.es\/blog\/#\/schema\/logo\/image\/","url":"https:\/\/www.subaru.es\/blog\/wp-content\/uploads\/2016\/12\/Logo-Subaru-TypeV_C300-scaled.jpg","contentUrl":"https:\/\/www.subaru.es\/blog\/wp-content\/uploads\/2016\/12\/Logo-Subaru-TypeV_C300-scaled.jpg","width":2560,"height":1864,"caption":"Subaru Espa\u00f1a S.A."},"image":{"@id":"https:\/\/www.subaru.es\/blog\/#\/schema\/logo\/image\/"},"sameAs":["https:\/\/www.facebook.com\/subaruespana","https:\/\/www.instagram.com\/subarues\/","https:\/\/www.youtube.com\/user\/subaruespana"]},{"@type":"Person","@id":"https:\/\/www.subaru.es\/blog\/#\/schema\/person\/19a90b892230b8e0ec752704ddf4aa10","name":"Subaru","url":"https:\/\/www.subaru.es\/blog\/author\/subaria\/"}]}},"_links":{"self":[{"href":"https:\/\/www.subaru.es\/blog\/wp-json\/wp\/v2\/posts\/20132","targetHints":{"allow":["GET"]}}],"collection":[{"href":"https:\/\/www.subaru.es\/blog\/wp-json\/wp\/v2\/posts"}],"about":[{"href":"https:\/\/www.subaru.es\/blog\/wp-json\/wp\/v2\/types\/post"}],"author":[{"embeddable":true,"href":"https:\/\/www.subaru.es\/blog\/wp-json\/wp\/v2\/users\/21"}],"replies":[{"embeddable":true,"href":"https:\/\/www.subaru.es\/blog\/wp-json\/wp\/v2\/comments?post=20132"}],"version-history":[{"count":4,"href":"https:\/\/www.subaru.es\/blog\/wp-json\/wp\/v2\/posts\/20132\/revisions"}],"predecessor-version":[{"id":20223,"href":"https:\/\/www.subaru.es\/blog\/wp-json\/wp\/v2\/posts\/20132\/revisions\/20223"}],"wp:featuredmedia":[{"embeddable":true,"href":"https:\/\/www.subaru.es\/blog\/wp-json\/wp\/v2\/media\/20135"}],"wp:attachment":[{"href":"https:\/\/www.subaru.es\/blog\/wp-json\/wp\/v2\/media?parent=20132"}],"wp:term":[{"taxonomy":"category","embeddable":true,"href":"https:\/\/www.subaru.es\/blog\/wp-json\/wp\/v2\/categories?post=20132"},{"taxonomy":"post_tag","embeddable":true,"href":"https:\/\/www.subaru.es\/blog\/wp-json\/wp\/v2\/tags?post=20132"}],"curies":[{"name":"wp","href":"https:\/\/api.w.org\/{rel}","templated":true}]}}